{"id":113005,"date":"2026-09-05T17:05:32","date_gmt":"2026-09-05T15:05:32","guid":{"rendered":"https:\/\/www.startlap.hu\/utazas\/?p=113005"},"modified":"2026-09-05T17:05:32","modified_gmt":"2026-09-05T15:05:32","slug":"vilagterkep-hiba-korrekcio","status":"publish","type":"post","link":"https:\/\/www.startlap.hu\/utazas\/vilagterkep-hiba-korrekcio\/","title":{"rendered":"Vil\u00e1gt\u00e9rk\u00e9p: kider\u00fclt egy \u00f3ri\u00e1si hiba, s\u00falyos gond van az ar\u00e1nyokkal"},"content":{"rendered":"<p>Az ENSZ K\u00f6zgy\u0171l\u00e9s\u00e9ben 164 tag\u00e1llam t\u00e1mogatta egy olyan vil\u00e1gt\u00e9rk\u00e9p sz\u00e9lesebb k\u00f6r\u0171 haszn\u00e1lat\u00e1t, amely pontosabban \u00e9rz\u00e9kelteti az orsz\u00e1gok \u00e9s a kontinensek egym\u00e1shoz viszony\u00edtott ter\u00fclet\u00e9t &#8211; \u00edrja az MTI.<\/p>\n<div class=\"o-widget m-readMoreWidget -readMore u-shortDecorLineAfter row widget-container _ce_measure_widget bigdata-widget read-more\" data-ce-measure-widget=\"olvass tov\u00e1bb\">\n\t<div class=\"m-readMoreWidget__imgWrapper image-wrapper col-12 col-md-4 no-p\">\n\t\t<a class=\"m-readMoreWidget__imgLink\" href=\"https:\/\/www.startlap.hu\/utazas\/gorogorszag-athen-koltozes-elet\/\" >\n\t\t\t<img decoding=\"async\" src=\"https:\/\/www.startlap.hu\/utazas\/uploads\/sites\/3\/2026\/09\/athen-turista-350x285.jpg\" class=\"m-readMoreWidget__img\">\n\t\t<\/a>\n\t<\/div>\n\t<div class=\"m-readMoreWidget__titleWrapper title-wrapper col-12 col-md-8\">\n\t\t<span class=\"m-readMoreWidget__titleLabel u-shortDecorLineBefore label hidden-sm-up\">Ez is \u00e9rdekelhet:<\/span>\n\t\t<h3 class=\"m-readMoreWidget__title title\">\n\t\t\t<a class=\"m-readMoreWidget__titleLink -secondFont u-bold u-upperCase\" href=\"https:\/\/www.startlap.hu\/utazas\/gorogorszag-athen-koltozes-elet\/\" >Felmondtam a munkahelyemen \u00e9s G\u00f6r\u00f6gorsz\u00e1gba k\u00f6lt\u00f6ztem \u2013 azt hittem, ez a t\u00f6k\u00e9letes \u00e9let, azt\u00e1n j\u00f6tt a val\u00f3s\u00e1g<\/a>\n\t\t<\/h3>\n\t\t<a class=\"m-readMoreWidget__btn -coloredBack u-tC link\" href=\"https:\/\/www.startlap.hu\/utazas\/gorogorszag-athen-koltozes-elet\/\" >Elolvasom<\/a>\n\t<\/div>\n<\/div>\n<p>Az afrikai kezdem\u00e9nyez\u00e9sre elfogadott hat\u00e1rozat arra \u00f6szt\u00f6nzi az orsz\u00e1gokat \u00e9s a k\u00fcl\u00f6nb\u00f6z\u0151 int\u00e9zm\u00e9nyeket, hogy az \u00e1ltal\u00e1nos vil\u00e1gt\u00e9rk\u00e9peken szor\u00edts\u00e1k h\u00e1tt\u00e9rbe a t\u00f6bb mint n\u00e9gy \u00e9vsz\u00e1zados Mercator-vet\u00fcletet, \u00e9s <strong>helyette az Equal Earth-vet\u00fcletet r\u00e9szes\u00edts\u00e9k el\u0151nyben.<\/strong><\/p>\n<p>A kezdem\u00e9nyez\u00e9s \u00e9l\u00e9re Togo \u00e1llt, hogy az ENSZ el\u00e9 vigye az Afrikai Uni\u00f3 kamp\u00e1ny\u00e1t, amely a Mercator-vet\u00fclet haszn\u00e1lat\u00e1nak visszaszor\u00edt\u00e1s\u00e1t szorgalmazza.<\/p>\n<p>A v\u00e1ltoztat\u00e1s t\u00e1mogat\u00f3i szerint nem csup\u00e1n t\u00e9rk\u00e9p\u00e9szeti k\u00e9rd\u00e9sr\u0151l van sz\u00f3: a vil\u00e1gt\u00e9rk\u00e9pek azt is befoly\u00e1solj\u00e1k, hogyan gondolkodunk az egyes orsz\u00e1gok \u00e9s f\u00f6ldr\u00e9szek hely\u00e9r\u0151l, m\u00e9ret\u00e9r\u0151l \u00e9s jelent\u0151s\u00e9g\u00e9r\u0151l.<\/p>\n<h2>Gr\u00f6nland ar\u00e1nytalanul hatalmas<\/h2>\n<p>A Mercator-vet\u00fcletet Gerardus Mercator flamand t\u00e9rk\u00e9p\u00e9sz dolgozta ki 1569-ben, els\u0151sorban a tengeri navig\u00e1ci\u00f3 megk\u00f6nny\u00edt\u00e9s\u00e9re &#8211; \u00edrja a <strong><a href=\"https:\/\/www.theguardian.com\/world\/2026\/sep\/04\/un-vote-world-map-mercator-equal-earth-africa\" target=\"_blank\" target=\"_blank\" rel=\"noopener\">TheGuardian<\/a><\/strong>. Saj\u00e1tos tulajdons\u00e1gai miatt a haj\u00f3z\u00e1sban ma is j\u00f3l haszn\u00e1lhat\u00f3, egy \u00e1ltal\u00e1nos vil\u00e1gt\u00e9rk\u00e9pen azonban er\u0151sen eltorz\u00edtja a ter\u00fcletek ar\u00e1ny\u00e1t.<\/p>\n<p>Az Egyenl\u00edt\u0151t\u0151l a sarkok fel\u00e9 haladva a sz\u00e1razf\u00f6ldek egyre nagyobbnak l\u00e1tszanak.<\/p>\n<blockquote class=\"article__extraTxt\"><p>A jelens\u00e9g egyik legszembet\u0171n\u0151bb p\u00e9ld\u00e1ja Gr\u00f6nland, amely a Mercator-t\u00e9rk\u00e9pen k\u00f6zel fele akkor\u00e1nak t\u0171nik, mint Afrika.<\/p><\/blockquote>\n<p>A k\u00e9t ter\u00fclet val\u00f3di m\u00e9rete k\u00f6z\u00f6tt azonban \u00f3ri\u00e1si a k\u00fcl\u00f6nbs\u00e9g: a kontinens <strong>mintegy tizenn\u00e9gyszer nagyobb Gr\u00f6nlandn\u00e1l.<\/strong><\/p>\n<p>Robert Dussey tog\u00f3i k\u00fcl\u00fcgyminiszter szerint a t\u00e9rk\u00e9pek nem puszt\u00e1n f\u00f6ldrajzi inform\u00e1ci\u00f3kat k\u00f6zvet\u00edtenek, hanem az emberek <strong><a href=\"https:\/\/www.startlap.hu\/utazas\/ashford-castle-vilag-legszebb-szallodaja\/\" target=\"_blank\" rel=\"noopener\">vil\u00e1gr\u00f3l<\/a><\/strong> alkotott k\u00e9p\u00e9re is hat\u00e1ssal vannak.<\/p>\n<figure id=\"attachment_113009\" aria-describedby=\"caption-attachment-113009\" style=\"width: 755px\" class=\"wp-caption alignnone\"><img loading=\"lazy\" decoding=\"async\" class=\"size-article-size-large-image wp-image-113009\" src=\"https:\/\/www.startlap.hu\/utazas\/uploads\/sites\/3\/2026\/09\/foldgomb_gyerek_-755x517.jpg\" alt=\"Egy fi\u00fa \u00e1t\u00f6leli a f\u00f6ldg\u00f6mb\u00f6t\" width=\"755\" height=\"517\" srcset=\"https:\/\/www.startlap.hu\/utazas\/uploads\/sites\/3\/2026\/09\/foldgomb_gyerek_-755x517.jpg 755w, https:\/\/www.startlap.hu\/utazas\/uploads\/sites\/3\/2026\/09\/foldgomb_gyerek_-511x350.jpg 511w, https:\/\/www.startlap.hu\/utazas\/uploads\/sites\/3\/2026\/09\/foldgomb_gyerek_.jpg 1200w\" sizes=\"auto, (max-width: 755px) 100vw, 755px\" \/><figcaption id=\"caption-attachment-113009\" class=\"wp-caption-text\">Fot\u00f3: Getty Images<\/figcaption><\/figure>\n<p>\u00dagy fogalmazott, hogy egy <strong>igazs\u00e1gos vil\u00e1ghoz igazs\u00e1gos t\u00e9rk\u00e9pre is sz\u00fcks\u00e9g van<\/strong>, a Mercator-vet\u00fclet m\u00e1ig tart\u00f3 n\u00e9pszer\u0171s\u00e9g\u00e9t pedig a gyarmatos\u00edt\u00e1s egyik \u00f6r\u00f6ks\u00e9g\u00e9nek nevezte.<\/p>\n<h2>Mit tud az Equal Earth-vet\u00fclet?<\/h2>\n<p>Az ENSZ \u00e1ltal el\u0151t\u00e9rbe helyezett <strong>Equal Earth-vet\u00fcletet Bojan \u0160avri\u010d, Tom Patterson \u00e9s Bernhard Jenny alkotta meg 2018-ban.<\/strong><\/p>\n<p>A szakemberek olyan megold\u00e1st kerestek, amely megtartja a f\u00f6ldr\u00e9szek egym\u00e1shoz viszony\u00edtott val\u00f3s ter\u00fcleti ar\u00e1nyait, ugyanakkor kiegyens\u00falyozott, k\u00f6nnyen \u00e1ttekinthet\u0151 k\u00e9pet ad a kontinensekr\u0151l.<\/p>\n<p>A Robinson-vet\u00fclet megjelen\u00e9s\u00e9b\u0151l kiindul\u00f3 Equal Earth ter\u00fclettart\u00f3 vet\u00fclet. A Mercator-t\u00e9rk\u00e9ppel ellent\u00e9tben <strong>nem n\u00f6veli meg l\u00e1tv\u00e1nyosan<\/strong> a sarkokhoz k\u00f6zelebbi <strong><a href=\"https:\/\/www.startlap.hu\/utazas\/vilag\/preview\/draft\/112992\/\" target=\"_blank\" rel=\"noopener\">orsz\u00e1gokat<\/a><\/strong> \u00e9s kontinenseket, mik\u00f6zben a f\u00f6ldr\u00e9szek k\u00f6rvonalait is igyekszik term\u00e9szetesebb, vizu\u00e1lisan kiegyens\u00falyozott form\u00e1ban megjelen\u00edteni.<\/p>\n<p>Az ENSZ d\u00f6nt\u00e9se ugyanakkor <strong>nem jelenti a Mercator-vet\u00fclet betilt\u00e1s\u00e1t<\/strong>. A tog\u00f3i k\u00fcl\u00fcgyminiszt\u00e9rium hangs\u00falyozta, hogy a hat\u00e1rozat jogilag nem k\u00f6telez\u0151, \u00e9s nem k\u00e9rd\u0151jelezi meg a r\u00e9gi vet\u00fclet alkalmaz\u00e1s\u00e1t a <strong><a href=\"https:\/\/www.startlap.hu\/utazas\/phu-quoc-vietnam-arak\/\" target=\"_blank\" rel=\"noopener\">tengeri<\/a><\/strong> vagy a l\u00e9gi navig\u00e1ci\u00f3ban.<\/p>\n<p>A v\u00e1ltoztat\u00e1s els\u0151sorban az oktat\u00e1sban, a m\u00e9di\u00e1ban, az int\u00e9zm\u00e9nyi kommunik\u00e1ci\u00f3ban \u00e9s a h\u00e9tk\u00f6znapi t\u00e1j\u00e9koz\u00f3d\u00e1sra haszn\u00e1lt vil\u00e1gt\u00e9rk\u00e9pekn\u00e9l lehet jelent\u0151s.<\/p>\n<h2>Egyed\u00fcl az Egyes\u00fclt \u00c1llamok szavazott ellene<\/h2>\n<p>A hat\u00e1rozatot 164 ENSZ-tag\u00e1llam t\u00e1mogatta. Egyed\u00fcl az Egyes\u00fclt \u00c1llamok szavazott ellene, m\u00edg Szerbia, \u00c9sztorsz\u00e1g, Georgia, Litv\u00e1nia, Moldova \u00e9s Ukrajna tart\u00f3zkodott.<\/p>\n<p>Washington azzal indokolta az elutas\u00edt\u00f3 szavazatot, <strong>hogy a hat\u00e1rozatot ideol\u00f3giai t\u00f6rekv\u00e9sek inspir\u00e1lt\u00e1k<\/strong>, \u00e9s a kezdem\u00e9nyez\u00e9s eltereli a figyelmet a nemzetk\u00f6zi b\u00e9k\u00e9t, a j\u00f3l\u00e9tet \u00e9s az \u00e1llamok k\u00f6z\u00f6tti kapcsolatokat \u00e9rint\u0151 val\u00f3di probl\u00e9m\u00e1kr\u00f3l.<\/p>\n<p>A t\u00e9rk\u00e9preformot az Africa No Filter \u00e9s a Speak Up Africa \u00e1ltal vezetett Correct the Map kamp\u00e1ny vitte el\u0151re. A kezdem\u00e9nyez\u00e9s m\u00f6g\u00e9 2025-ben az Afrikai Uni\u00f3 55 tag\u00e1llama is felsorakozott, majd Tog\u00f3t b\u00edzt\u00e1k meg azzal, hogy nemzetk\u00f6zi szinten k\u00e9pviselje az \u00fcgyet.<\/p>\n<h2>Togo az iskol\u00e1kban kezdi a t\u00e9rk\u00e9pcser\u00e9t<\/h2>\n<p>A Mercator-vet\u00fclet vil\u00e1gszerte sz\u00e1mos tanteremben \u00e9s f\u00f6ldrajztank\u00f6nyvben jelen van, ez\u00e9rt a kezdem\u00e9nyez\u00e9s egyik legfontosabb c\u00e9lter\u00fclete az oktat\u00e1s. Robert Dussey bejelent\u00e9se szerint Tog\u00f3ban az \u00e9v v\u00e9g\u00e9ig <strong>lecser\u00e9lik az iskol\u00e1kban \u00e9s a f\u00f6ldrajztank\u00f6nyvekben haszn\u00e1lt vil\u00e1gt\u00e9rk\u00e9peket.<\/strong> Az orsz\u00e1g ezzel p\u00e9ld\u00e1t szeretne mutatni m\u00e1s \u00e1llamoknak is.<\/p>\n<p>A k\u00f6vetkez\u0151 szakaszban a <strong>t\u00e9rk\u00e9pes, geoinformatikai, GPS- \u00e9s m\u00e1s helymeghat\u00e1roz\u00e1si<\/strong> technol\u00f3gi\u00e1kat m\u0171k\u00f6dtet\u0151 v\u00e1llalatokat is be szeretn\u00e9k vonni a v\u00e1ltoztat\u00e1sba. Ez az\u00e9rt lehet k\u00fcl\u00f6n\u00f6sen fontos, <strong>mert ma m\u00e1r rengetegen nem nyomtatott atlaszokb\u00f3l<\/strong>, hanem digit\u00e1lis t\u00e9rk\u00e9pekr\u0151l \u00e9s k\u00fcl\u00f6nb\u00f6z\u0151 online szolg\u00e1ltat\u00e1sokb\u00f3l szerzik f\u00f6ldrajzi ismereteiket.<\/p>\n<p>Az ENSZ-d\u00f6nt\u00e9ssel p\u00e1rhuzamosan <strong><a href=\"https:\/\/www.startlap.hu\/utazas\/franciaorszag-falu-legszebb-bormes-les-mimosas\/\" target=\"_blank\" rel=\"noopener\">Franciaorsz\u00e1g<\/a><\/strong> is bejelentette, hogy a Mercator-vet\u00fclet helyett a szint\u00e9n ter\u00fclettart\u00f3 Eckert IV-vet\u00fcletet helyezi el\u0151t\u00e9rbe. Ez a megold\u00e1s nem azonos az Equal Earth-vet\u00fclettel, de hozz\u00e1 hasonl\u00f3an pontosabban \u0151rzi meg a sz\u00e1razf\u00f6ldek egym\u00e1shoz viszony\u00edtott ter\u00fclet\u00e9t.<\/p>\n<p>Az ENSZ hat\u00e1rozata teh\u00e1t nem <strong>t\u00fcnteti el egyik napr\u00f3l a m\u00e1sikra a megszokott vil\u00e1gt\u00e9rk\u00e9pet<\/strong>. Arra azonban alkalmas lehet, hogy az iskol\u00e1k, \u00e1llami int\u00e9zm\u00e9nyek, nemzetk\u00f6zi szervezetek \u00e9s technol\u00f3giai v\u00e1llalatok \u00fajragondolj\u00e1k, milyen k\u00e9pet mutatnak a vil\u00e1gr\u00f3l \u2013 \u00e9s azon bel\u00fcl Afrik\u00e1r\u00f3l.<\/p>\n<div class=\"o-widget m-readMoreWidget -readMore u-shortDecorLineAfter row widget-container _ce_measure_widget bigdata-widget read-more\" data-ce-measure-widget=\"olvass tov\u00e1bb\">\n\t<div class=\"m-readMoreWidget__imgWrapper image-wrapper col-12 col-md-4 no-p\">\n\t\t<a class=\"m-readMoreWidget__imgLink\" href=\"https:\/\/www.startlap.hu\/utazas\/baba-repulo-szuletes-allampolgarsag\/\" >\n\t\t\t<img decoding=\"async\" src=\"https:\/\/www.startlap.hu\/utazas\/uploads\/sites\/3\/2026\/08\/baba-repulo-szuletes-350x285.jpg\" class=\"m-readMoreWidget__img\">\n\t\t<\/a>\n\t<\/div>\n\t<div class=\"m-readMoreWidget__titleWrapper title-wrapper col-12 col-md-8\">\n\t\t<span class=\"m-readMoreWidget__titleLabel u-shortDecorLineBefore label hidden-sm-up\">Ez is \u00e9rdekelhet:<\/span>\n\t\t<h3 class=\"m-readMoreWidget__title title\">\n\t\t\t<a class=\"m-readMoreWidget__titleLink -secondFont u-bold u-upperCase\" href=\"https:\/\/www.startlap.hu\/utazas\/baba-repulo-szuletes-allampolgarsag\/\" >Mi t\u00f6rt\u00e9nik, ha egy baba a rep\u00fcl\u0151n sz\u00fcletik? \u00cdgy d\u0151l el, melyik orsz\u00e1g \u00e1llampolg\u00e1ra lesz<\/a>\n\t\t<\/h3>\n\t\t<a class=\"m-readMoreWidget__btn -coloredBack u-tC link\" href=\"https:\/\/www.startlap.hu\/utazas\/baba-repulo-szuletes-allampolgarsag\/\" >Elolvasom<\/a>\n\t<\/div>\n<\/div>\n<div class=\"notranslate\">&nbsp;<\/div>\n","protected":false},"excerpt":{"rendered":"<p>A megszokott vil\u00e1gt\u00e9rk\u00e9p s\u00falyosan torz\u00edtja a kontinensek m\u00e9ret\u00e9t: Afrika val\u00f3j\u00e1ban tizenn\u00e9gyszer nagyobb Gr\u00f6nlandn\u00e1l. Az ENSZ 164 tag\u00e1llama v\u00e1ltoztatna ezen.<\/p>\n","protected":false},"author":8,"featured_media":113009,"comment_status":"closed","ping_status":"closed","sticky":false,"template":"","format":"standard","meta":{"footnotes":""},"categories":[70],"tags":[915,306,2011],"class_list":["post-113005","post","type-post","status-publish","format-standard","has-post-thumbnail","hentry","category-vilag","tag-afrika","tag-izland","tag-vilagterkep"],"aioseo_notices":[],"_links":{"self":[{"href":"https:\/\/www.startlap.hu\/utazas\/wp-json\/wp\/v2\/posts\/113005","targetHints":{"allow":["GET"]}}],"collection":[{"href":"https:\/\/www.startlap.hu\/utazas\/wp-json\/wp\/v2\/posts"}],"about":[{"href":"https:\/\/www.startlap.hu\/utazas\/wp-json\/wp\/v2\/types\/post"}],"author":[{"embeddable":true,"href":"https:\/\/www.startlap.hu\/utazas\/wp-json\/wp\/v2\/users\/8"}],"replies":[{"embeddable":true,"href":"https:\/\/www.startlap.hu\/utazas\/wp-json\/wp\/v2\/comments?post=113005"}],"version-history":[{"count":3,"href":"https:\/\/www.startlap.hu\/utazas\/wp-json\/wp\/v2\/posts\/113005\/revisions"}],"predecessor-version":[{"id":113010,"href":"https:\/\/www.startlap.hu\/utazas\/wp-json\/wp\/v2\/posts\/113005\/revisions\/113010"}],"wp:featuredmedia":[{"embeddable":true,"href":"https:\/\/www.startlap.hu\/utazas\/wp-json\/wp\/v2\/media\/113009"}],"wp:attachment":[{"href":"https:\/\/www.startlap.hu\/utazas\/wp-json\/wp\/v2\/media?parent=113005"}],"wp:term":[{"taxonomy":"category","embeddable":true,"href":"https:\/\/www.startlap.hu\/utazas\/wp-json\/wp\/v2\/categories?post=113005"},{"taxonomy":"post_tag","embeddable":true,"href":"https:\/\/www.startlap.hu\/utazas\/wp-json\/wp\/v2\/tags?post=113005"}],"curies":[{"name":"wp","href":"https:\/\/api.w.org\/{rel}","templated":true}]}}