{"id":112979,"date":"2026-09-04T21:47:38","date_gmt":"2026-09-04T19:47:38","guid":{"rendered":"https:\/\/www.startlap.hu\/utazas\/?p=112979"},"modified":"2026-09-04T21:47:38","modified_gmt":"2026-09-04T19:47:38","slug":"mount-everest-olvadas-hegymaszok","status":"publish","type":"post","link":"https:\/\/www.startlap.hu\/utazas\/mount-everest-olvadas-hegymaszok\/","title":{"rendered":"Napi 6000 liter vizelet: a hegym\u00e1sz\u00f3k elolvasztj\u00e1k az Everest gleccsereit"},"content":{"rendered":"<p>A <strong><a href=\"https:\/\/www.startlap.hu\/utazas\/serpa-mount-everest-tuleles\/\" target=\"_blank\" rel=\"noopener\">Mount Everest<\/a><\/strong> alapt\u00e1bora \u00e9vr\u0151l \u00e9vre megtelik emberekkel, \u00e9s az \u0151ket kiszolg\u00e1l\u00f3 egys\u00e9gekkel. Tavasszal k\u00e1v\u00e9z\u00f3k, konyh\u00e1k, gener\u00e1torok, internetkapcsolat, zuhanyz\u00f3k \u00e9s t\u00f6bb sz\u00e1z s\u00e1tor m\u0171k\u00f6dik a mintegy 5300 m\u00e9teres magass\u00e1gban fekv\u0151 t\u00e1borban, amely k\u00f6zvetlen\u00fcl a Khumbu-gleccserre \u00e9p\u00fcl.<\/p>\n<div class=\"o-widget m-readMoreWidget -readMore u-shortDecorLineAfter row widget-container _ce_measure_widget bigdata-widget read-more\" data-ce-measure-widget=\"olvass tov\u00e1bb\">\n\t<div class=\"m-readMoreWidget__imgWrapper image-wrapper col-12 col-md-4 no-p\">\n\t\t<a class=\"m-readMoreWidget__imgLink\" href=\"https:\/\/www.startlap.hu\/utazas\/nyugdijas-thailfold-olcsobb-elet\/\" >\n\t\t\t<img decoding=\"async\" src=\"https:\/\/www.startlap.hu\/utazas\/uploads\/sites\/3\/2026\/08\/thaifold-350x285.jpg\" class=\"m-readMoreWidget__img\">\n\t\t<\/a>\n\t<\/div>\n\t<div class=\"m-readMoreWidget__titleWrapper title-wrapper col-12 col-md-8\">\n\t\t<span class=\"m-readMoreWidget__titleLabel u-shortDecorLineBefore label hidden-sm-up\">Ez is \u00e9rdekelhet:<\/span>\n\t\t<h3 class=\"m-readMoreWidget__title title\">\n\t\t\t<a class=\"m-readMoreWidget__titleLink -secondFont u-bold u-upperCase\" href=\"https:\/\/www.startlap.hu\/utazas\/nyugdijas-thailfold-olcsobb-elet\/\" >\u201eItt \u00e9n vagyok a vil\u00e1g kir\u00e1lya\u201d \u2013 Thaif\u00f6ldre k\u00f6lt\u00f6z\u00f6tt a nyugd\u00edjas, aki havi 1250 eur\u00f3b\u00f3l alig \u00e9lt meg Mallorc\u00e1n<\/a>\n\t\t<\/h3>\n\t\t<a class=\"m-readMoreWidget__btn -coloredBack u-tC link\" href=\"https:\/\/www.startlap.hu\/utazas\/nyugdijas-thailfold-olcsobb-elet\/\" >Elolvasom<\/a>\n\t<\/div>\n<\/div>\n<p>A n\u00f6vekv\u0151 forgalom k\u00f6rnyezeti hat\u00e1sait kutat\u00f3k is megvizsg\u00e1lt\u00e1k: a 2023-as tavaszi m\u00e1sz\u00f3szezon adatait elemezt\u00e9k, k\u00fcl\u00f6n\u00f6s figyelmet ford\u00edtva az emberi tev\u00e9kenys\u00e9g \u00e1ltal termelt h\u0151re. Az eredm\u00e9nyeik alapj\u00e1n<strong> a hegym\u00e1sz\u00e1s ezen form\u00e1ja biztosan nem term\u00e9szetbar\u00e1t<\/strong> tev\u00e9kenys\u00e9g.<\/p>\n<h2>850 ezer megajoule energia egyetlen szezon alatt<\/h2>\n<p>A kutat\u00e1s szerint a 2023-as, nagyj\u00e1b\u00f3l 50 napos m\u00e1sz\u00f3szezon sor\u00e1n \u00f6sszesen 849 174 megajoule h\u0151energia szabadult fel az alapt\u00e1bor m\u0171k\u00f6d\u00e9s\u00e9b\u0151l. A sz\u00e1m\u00edt\u00e1sokba a f\u0151z\u00e9shez, f\u0171t\u00e9shez \u00e9s \u00e1ramtermel\u00e9shez haszn\u00e1lt cseppfoly\u00f3s g\u00e1z, kerozin \u00e9s benzin energiafelhaszn\u00e1l\u00e1sa ker\u00fclt be.<\/p>\n<blockquote class=\"article__extraTxt\"><p>A kutat\u00f3k becsl\u00e9se szerint ez az energiamennyis\u00e9g elm\u00e9letileg 2492 tonna j\u00e9g \u00e9s h\u00f3 megolvad\u00e1s\u00e1hoz lenne elegend\u0151.<\/p><\/blockquote>\n<p>A tanulm\u00e1ny hangs\u00falyozza, hogy ez nem t\u00e9nylegesen m\u00e9rt olvad\u00e1si mennyis\u00e9g, hanem a felszabadul\u00f3 h\u0151 elm\u00e9leti olvaszt\u00f3 hat\u00e1sa.<\/p>\n<h2>A vizelet is m\u00e9rhet\u0151 h\u0151forr\u00e1s<\/h2>\n<p>A vizsg\u00e1lat egyik legszokatlanabb meg\u00e1llap\u00edt\u00e1sa az emberi vizelet szerepe.<\/p>\n<blockquote class=\"article__extraTxt\"><p>A nagy magass\u00e1g \u00e9s az extr\u00e9m fizikai terhel\u00e9s miatt a <strong><a href=\"https:\/\/www.startlap.hu\/utazas\/everest-szelfipont-verekedes-himalaja-video\/\" target=\"_blank\" rel=\"noopener\">hegym\u00e1sz\u00f3k<\/a><\/strong> jelent\u0151s mennyis\u00e9g\u0171 folyad\u00e9kot fogyasztanak, ez\u00e9rt az alapt\u00e1borban naponta t\u00f6bb mint 6000 liter vizelet keletkezik.<\/p><\/blockquote>\n<p>A kutat\u00f3k szerint <strong>ennek jelent\u0151s r\u00e9sze k\u00f6zvetlen\u00fcl a gleccser felsz\u00edn\u00e9re ker\u00fcl<\/strong>.<\/p>\n<figure id=\"attachment_112980\" aria-describedby=\"caption-attachment-112980\" style=\"width: 755px\" class=\"wp-caption alignnone\"><img loading=\"lazy\" decoding=\"async\" class=\"size-article-size-large-image wp-image-112980\" src=\"https:\/\/www.startlap.hu\/utazas\/uploads\/sites\/3\/2026\/09\/mount-everest-755x539.jpg\" alt=\"Napi 6000 liter vizelet: a hegym\u00e1sz\u00f3k elolvasztj\u00e1k az Everest gleccsereit\" width=\"755\" height=\"539\" srcset=\"https:\/\/www.startlap.hu\/utazas\/uploads\/sites\/3\/2026\/09\/mount-everest-755x539.jpg 755w, https:\/\/www.startlap.hu\/utazas\/uploads\/sites\/3\/2026\/09\/mount-everest-490x350.jpg 490w, https:\/\/www.startlap.hu\/utazas\/uploads\/sites\/3\/2026\/09\/mount-everest.jpg 1280w\" sizes=\"auto, (max-width: 755px) 100vw, 755px\" \/><figcaption id=\"caption-attachment-112980\" class=\"wp-caption-text\">\u00c9vr\u0151l \u00e9vre t\u00f6megek j\u00e1rnak a Mount Everesten. (Fot\u00f3: Getty Images)<\/figcaption><\/figure>\n<blockquote class=\"article__extraTxt\"><p>A sz\u00e1m\u00edt\u00e1sok alapj\u00e1n a vizelet \u00e1ltal leadott h\u0151energia egy szezon alatt elm\u00e9letileg mintegy 154 tonna j\u00e9g megolvad\u00e1s\u00e1hoz elegend\u0151.<\/p><\/blockquote>\n<p>A teljes h\u0151terhel\u00e9shez k\u00e9pest ez kisebb t\u00e9tel, ugyanakkor a kutat\u00f3k szerint j\u00f3l mutatja, hogy a gleccseren m\u0171k\u00f6d\u0151 ideiglenes telep\u00fcl\u00e9s milyen intenz\u00edv emberi jelenl\u00e9tet jelent.<\/p>\n<h2>Az alapt\u00e1bor k\u00f6rnyezete gyorsabban melegszik a<\/h2>\n<p>A vizsg\u00e1lat nem kiz\u00e1r\u00f3lag az energiafelhaszn\u00e1l\u00e1st vette sz\u00e1m\u00edt\u00e1sba: a kutat\u00f3k azt is elemezt\u00e9k, hogyan v\u00e1ltozik a t\u00e1bor k\u00f6rnyezet\u00e9nek felsz\u00edni h\u0151m\u00e9rs\u00e9klete, \u00e9s milyen tov\u00e1bbi emberi tev\u00e9kenys\u00e9gek maradtak ki az \u00f6sszes\u00edt\u00e9sb\u0151l.<\/p>\n<p>A kutat\u00f3csoport m\u0171holdas adatok felhaszn\u00e1l\u00e1s\u00e1val vizsg\u00e1lta a felsz\u00edni h\u0151m\u00e9rs\u00e9klet alakul\u00e1s\u00e1t is. A Landsat-m\u0171holdak m\u00e9r\u00e9sei alapj\u00e1n <strong>az alapt\u00e1bor t\u00e9rs\u00e9g\u00e9ben 1991 \u00e9s 2023 k\u00f6z\u00f6tt \u00e1tlagosan \u00e9vi 0,28 Celsius-fokos meleged\u00e9s<\/strong> volt kimutathat\u00f3. Ez megk\u00f6zel\u00edt\u0151leg<strong> k\u00e9tszerese a k\u00f6zvetlen\u00fcl szomsz\u00e9dos gleccserfelsz\u00ednekre sz\u00e1molt \u00e9rt\u00e9knek<\/strong>.<\/p>\n<p>A kutat\u00f3k szerint a k\u00fcl\u00f6nbs\u00e9g arra utal, hogy a t\u00e1bor koncentr\u00e1lt emberi tev\u00e9kenys\u00e9ge helyi szinten is befoly\u00e1solja a k\u00f6rnyezet h\u0151h\u00e1ztart\u00e1s\u00e1t. A sz\u00e1m\u00edt\u00e1sok r\u00e1ad\u00e1sul nem tartalmazz\u00e1k a helikopterforgalom, az emberek testh\u0151je vagy a teherhord\u00f3 \u00e1llatok \u00e1ltal okozott t\u00f6bblethat\u00e1sokat.<\/p>\n<p>A tanulm\u00e1ny szerz\u0151i szerint hossz\u00fa t\u00e1von \u00e9rdemes megvizsg\u00e1lni, hogy fenntarthat\u00f3-e egy egyre nagyobb l\u00e9tsz\u00e1m\u00fa alapt\u00e1bor m\u0171k\u00f6dtet\u00e9se egy mozg\u00f3 \u00e9s folyamatosan v\u00e1ltoz\u00f3 gleccser felsz\u00edn\u00e9n. A kutat\u00e1s <strong>k\u00e9t olyan, stabilabb talajon fekv\u0151 helysz\u00ednt is azonos\u00edtott az alapt\u00e1bor k\u00f6zel\u00e9ben, amelyek a j\u00f6v\u0151ben alternat\u00edv\u00e1t jelenthetnek<\/strong> a jelenlegi elhelyezked\u00e9ssel szemben.<\/p>\n<h2>Kor\u00e1bban is tal\u00e1ltak szennyez\u0151 anyagokat az Everest t\u00e9rs\u00e9g\u00e9ben<\/h2>\n<p>Az <strong><a href=\"https:\/\/www.startlap.hu\/utazas\/mount-everest-biztositasi-csalas-mergezes\/\" target=\"_blank\" rel=\"noopener\">Everest<\/a><\/strong> k\u00f6rnyezet\u00e9nek terhel\u00e9s\u00e9t t\u00f6bb kor\u00e1bbi kutat\u00e1s is dokument\u00e1lta. Nemzetk\u00f6zi exped\u00edci\u00f3k <strong>PFAS-vegy\u00fcleteket, m\u0171anyagsz\u00e1lakat \u00e9s egy\u00e9b szennyez\u0151 anyagokat mutattak ki a h\u00f3ban \u00e9s az olvad\u00e9kv\u00edzben<\/strong>, m\u00edg m\u00e1s vizsg\u00e1latok <strong>emelkedett nitr\u00e1t- \u00e9s kloridszinteket m\u00e9rtek a t\u00e9rs\u00e9g v\u00edzrendszereiben<\/strong>. Ezek az eredm\u00e9nyek az\u00e9rt k\u00fcl\u00f6n\u00f6sen fontosak, mert<\/p>\n<blockquote class=\"article__extraTxt\"><p>a helyi k\u00f6z\u00f6ss\u00e9gek jelent\u0151s r\u00e9szben a gleccserek olvad\u00e9kviz\u00e9re t\u00e1maszkodnak.<\/p><\/blockquote>\n<p>Fontos hangs\u00falyozni, hogy a szerz\u0151k szerint a gleccser visszah\u00faz\u00f3d\u00e1s\u00e1nak f\u0151 oka tov\u00e1bbra is a kl\u00edmav\u00e1ltoz\u00e1s, az alapt\u00e1bor m\u0171k\u00f6d\u00e9se pedig helyi, kieg\u00e9sz\u00edt\u0151 t\u00e9nyez\u0151k\u00e9nt j\u00e1rul hozz\u00e1 a folyamatokhoz.<\/p>\n<p>A <strong><a href=\"https:\/\/www.researchgate.net\/publication\/410856813_Effects_of_human_activity_on_Khumbu_Glacier_towards_a_sustainable_Everest_Base_Camp\" target=\"_blank\" target=\"_blank\" rel=\"noopener\">tanulm\u00e1ny<\/a><\/strong> \u201eEffects of human activity on Khumbu Glacier: towards a sustainable Everest Base Camp\u201d c\u00edmmel jelent meg 2026 j\u00falius\u00e1ban a&nbsp;<em>Regional Environmental Change<\/em> c\u00edm\u0171 tudom\u00e1nyos foly\u00f3iratban.&nbsp;<\/p>\n<p><strong><a href=\"https:\/\/www.vol.at\/6000-liter-urin-taeglich-bergsteiger-bringen-everest-gletscher-zum-schmelzen\/10442219\" target=\"_blank\" target=\"_blank\" rel=\"noopener\">via<\/a><\/strong><\/p>\n<div class=\"o-widget m-readMoreWidget -readMore u-shortDecorLineAfter row widget-container _ce_measure_widget bigdata-widget read-more\" data-ce-measure-widget=\"olvass tov\u00e1bb\">\n\t<div class=\"m-readMoreWidget__imgWrapper image-wrapper col-12 col-md-4 no-p\">\n\t\t<a class=\"m-readMoreWidget__imgLink\" href=\"https:\/\/www.startlap.hu\/utazas\/mont-blanc-tura-regisztracio\/\" >\n\t\t\t<img decoding=\"async\" src=\"https:\/\/www.startlap.hu\/utazas\/uploads\/sites\/3\/2026\/08\/mont-blanc-everest_11zon-350x285.jpg\" class=\"m-readMoreWidget__img\">\n\t\t<\/a>\n\t<\/div>\n\t<div class=\"m-readMoreWidget__titleWrapper title-wrapper col-12 col-md-8\">\n\t\t<span class=\"m-readMoreWidget__titleLabel u-shortDecorLineBefore label hidden-sm-up\">Ez is \u00e9rdekelhet:<\/span>\n\t\t<h3 class=\"m-readMoreWidget__title title\">\n\t\t\t<a class=\"m-readMoreWidget__titleLink -secondFont u-bold u-upperCase\" href=\"https:\/\/www.startlap.hu\/utazas\/mont-blanc-tura-regisztracio\/\" >Az ikonikus eur\u00f3pai t\u00fara\u00fatvonal j\u00f6v\u0151 tavaszt\u00f3l m\u00e1r csak el\u0151zetes foglal\u00e1ssal lesz bej\u00e1rhat\u00f3<\/a>\n\t\t<\/h3>\n\t\t<a class=\"m-readMoreWidget__btn -coloredBack u-tC link\" href=\"https:\/\/www.startlap.hu\/utazas\/mont-blanc-tura-regisztracio\/\" >Elolvasom<\/a>\n\t<\/div>\n<\/div>\n","protected":false},"excerpt":{"rendered":"<p>A Mount Everest alapt\u00e1bora napjainkban m\u00e1r legink\u00e1bb egy id\u0151szakos magashegyi telep\u00fcl\u00e9sre hasonl\u00edt. A m\u00e1sz\u00f3szezonban t\u00f6bb ezer ember \u00e9l \u00e9s dolgozik a Khumbu-gleccseren, akiket komoly infrastrukt\u00fara szolg\u00e1l. Kutat\u00f3k meglep\u0151 eredm\u00e9nyre jutottak arr\u00f3l, mit is jelent ez a terhel\u00e9s a gleccser sz\u00e1m\u00e1ra.<\/p>\n","protected":false},"author":14,"featured_media":112980,"comment_status":"closed","ping_status":"closed","sticky":false,"template":"","format":"standard","meta":{"footnotes":""},"categories":[70],"tags":[1170,1641],"class_list":["post-112979","post","type-post","status-publish","format-standard","has-post-thumbnail","hentry","category-vilag","tag-hegymaszas","tag-mount-everest"],"aioseo_notices":[],"_links":{"self":[{"href":"https:\/\/www.startlap.hu\/utazas\/wp-json\/wp\/v2\/posts\/112979","targetHints":{"allow":["GET"]}}],"collection":[{"href":"https:\/\/www.startlap.hu\/utazas\/wp-json\/wp\/v2\/posts"}],"about":[{"href":"https:\/\/www.startlap.hu\/utazas\/wp-json\/wp\/v2\/types\/post"}],"author":[{"embeddable":true,"href":"https:\/\/www.startlap.hu\/utazas\/wp-json\/wp\/v2\/users\/14"}],"replies":[{"embeddable":true,"href":"https:\/\/www.startlap.hu\/utazas\/wp-json\/wp\/v2\/comments?post=112979"}],"version-history":[{"count":2,"href":"https:\/\/www.startlap.hu\/utazas\/wp-json\/wp\/v2\/posts\/112979\/revisions"}],"predecessor-version":[{"id":112982,"href":"https:\/\/www.startlap.hu\/utazas\/wp-json\/wp\/v2\/posts\/112979\/revisions\/112982"}],"wp:featuredmedia":[{"embeddable":true,"href":"https:\/\/www.startlap.hu\/utazas\/wp-json\/wp\/v2\/media\/112980"}],"wp:attachment":[{"href":"https:\/\/www.startlap.hu\/utazas\/wp-json\/wp\/v2\/media?parent=112979"}],"wp:term":[{"taxonomy":"category","embeddable":true,"href":"https:\/\/www.startlap.hu\/utazas\/wp-json\/wp\/v2\/categories?post=112979"},{"taxonomy":"post_tag","embeddable":true,"href":"https:\/\/www.startlap.hu\/utazas\/wp-json\/wp\/v2\/tags?post=112979"}],"curies":[{"name":"wp","href":"https:\/\/api.w.org\/{rel}","templated":true}]}}