{"id":112973,"date":"2026-09-04T16:03:00","date_gmt":"2026-09-04T14:03:00","guid":{"rendered":"https:\/\/www.startlap.hu\/utazas\/?p=112973"},"modified":"2026-09-04T13:54:39","modified_gmt":"2026-09-04T11:54:39","slug":"utoszezon-nyaralas-spanolorszag-gorogorszag","status":"publish","type":"post","link":"https:\/\/www.startlap.hu\/utazas\/utoszezon-nyaralas-spanolorszag-gorogorszag\/","title":{"rendered":"5 eur\u00f3pai orsz\u00e1g, ahol szeptemberben m\u00e9g igazi ny\u00e1r van &#8211; meleg a tenger, kevesebb a turista, cs\u00f6kkennek a kiad\u00e1sok"},"content":{"rendered":"<p>Egyre t\u00f6bben v\u00e1lasztj\u00e1k a szeptembert k\u00fclf\u00f6ldi utaz\u00e1sra. A tendencia az elm\u00falt \u00e9vekben folyamatosan er\u0151s\u00f6d\u00f6tt: 2023-ban m\u00e9g a megk\u00e9rdezettek 17 sz\u00e1zal\u00e9ka tervezett szeptemberi k\u00fclf\u00f6ldi nyaral\u00e1st, 2024-ben m\u00e1r 23 sz\u00e1zal\u00e9k, 2025-ben pedig 24 sz\u00e1zal\u00e9k volt ez az ar\u00e1ny &#8211; der\u00fclt ki az ABTA 2026-os <a href=\"https:\/\/www.abta.com\/industry-zone\/reports-and-publications\/abta-travel-trends-reports\/travel-trends-2026\" target=\"_blank\" target=\"_blank\" rel=\"noopener\">Travel Trends jelent\u00e9s\u00e9b\u0151l<\/a>, amit az <a href=\"https:\/\/www.euronews.com\/travel\/2026\/08\/26\/spain-set-for-a-super-september-as-travellers-chase-shoulder-season-sun\" target=\"_blank\" target=\"_blank\" rel=\"noopener\">Euronews<\/a> ismertetett.<\/p>\n<div class=\"o-widget m-readMoreWidget -readMore u-shortDecorLineAfter row widget-container _ce_measure_widget bigdata-widget read-more\" data-ce-measure-widget=\"olvass tov\u00e1bb\">\n\t<div class=\"m-readMoreWidget__imgWrapper image-wrapper col-12 col-md-4 no-p\">\n\t\t<a class=\"m-readMoreWidget__imgLink\" href=\"https:\/\/www.startlap.hu\/utazas\/nyugdijas-thailfold-olcsobb-elet\/\" >\n\t\t\t<img decoding=\"async\" src=\"https:\/\/www.startlap.hu\/utazas\/uploads\/sites\/3\/2026\/08\/thaifold-350x285.jpg\" class=\"m-readMoreWidget__img\">\n\t\t<\/a>\n\t<\/div>\n\t<div class=\"m-readMoreWidget__titleWrapper title-wrapper col-12 col-md-8\">\n\t\t<span class=\"m-readMoreWidget__titleLabel u-shortDecorLineBefore label hidden-sm-up\">Ez is \u00e9rdekelhet:<\/span>\n\t\t<h3 class=\"m-readMoreWidget__title title\">\n\t\t\t<a class=\"m-readMoreWidget__titleLink -secondFont u-bold u-upperCase\" href=\"https:\/\/www.startlap.hu\/utazas\/nyugdijas-thailfold-olcsobb-elet\/\" >\u201eItt \u00e9n vagyok a vil\u00e1g kir\u00e1lya\u201d \u2013 Thaif\u00f6ldre k\u00f6lt\u00f6z\u00f6tt a nyugd\u00edjas, aki havi 1250 eur\u00f3b\u00f3l alig \u00e9lt meg Mallorc\u00e1n<\/a>\n\t\t<\/h3>\n\t\t<a class=\"m-readMoreWidget__btn -coloredBack u-tC link\" href=\"https:\/\/www.startlap.hu\/utazas\/nyugdijas-thailfold-olcsobb-elet\/\" >Elolvasom<\/a>\n\t<\/div>\n<\/div>\n<p>A jelens\u00e9get &#8222;Super September&#8221;, vagyis <strong>&#8222;szuper szeptember&#8221;<\/strong> n\u00e9ven is eml\u00edtik.<\/p>\n<h2>Mi\u00e9rt lett hirtelen ennyire vonz\u00f3 a szeptember?<\/h2>\n<p>A v\u00e1lasz els\u0151sorban az ut\u00f3szezon jelleg\u00e9ben keresend\u0151. Mivel ez az id\u0151szak a turisztikai f\u0151szezon ut\u00e1n k\u00f6vetkezik, t\u00f6bb olyan el\u0151nyt is k\u00edn\u00e1lhat, amelyekett a ny\u00e1ri hnapokban nehezebb megtal\u00e1lni.<\/p>\n<p><strong>A szeptemberi utaz\u00e1s mellett sz\u00f3lhat p\u00e9ld\u00e1ul:<\/strong><\/p>\n<ul>\n<li>a kellemesebb, de sok helyen tov\u00e1bbra is ny\u00e1rias id\u0151j\u00e1r\u00e1s;<\/li>\n<li>a kevesebb turista;<\/li>\n<li>a kedvez\u0151bb <a href=\"https:\/\/www.startlap.hu\/utazas\/repulojegy-arak-dragulas-nyaralas\/\" target=\"_blank\" rel=\"noopener\">rep\u00fcl\u0151jegy\u00e1rak<\/a>;<\/li>\n<li>a sz\u00e1ll\u00e1sok esetenk\u00e9nt alacsonyabb \u00e1rai;<\/li>\n<li>a nyugodtabb v\u00e1rosn\u00e9z\u00e9s;<\/li>\n<li>valamint az, hogy sz\u00e1mos n\u00e9pszer\u0171 helyen m\u00e9g jav\u00e1ban zajlik a kultur\u00e1lis \u00e9let.<\/li>\n<\/ul>\n<p>Marcin Starkowski, az eSky PR-menedzsere szerint az utaz\u00f3k egyre ink\u00e1bb keresik azt a lehet\u0151s\u00e9get, hogy<\/p>\n<blockquote class=\"article__extraTxt\"><p>a ny\u00e1ri id\u0151szak el\u0151nyeit az \u0151szi szezon elej\u00e9vel kombin\u00e1lj\u00e1k.<\/p><\/blockquote>\n<h2>Spanyolorsz\u00e1g most k\u00fcl\u00f6n\u00f6sen nagy kedvenc<\/h2>\n<p>Ha valaki szeptemberben szeretne Eur\u00f3p\u00e1n bel\u00fcl nyaralni, <a href=\"https:\/\/www.startlap.hu\/utazas\/spanyolorszag-legnagyobb-mesterseges-tava\/\" target=\"_blank\" rel=\"noopener\">Spanyolorsz\u00e1g<\/a> az egyik legn\u00e9pszer\u0171bb v\u00e1laszt\u00e1s.<\/p>\n<p>Az eSky szeptemberi foglal\u00e1sai alapj\u00e1n a sorrend \u00edgy alakult:<\/p>\n<ol>\n<li><strong>Spanyolorsz\u00e1g<\/strong> &#8211; 27,9 sz\u00e1zal\u00e9k<\/li>\n<li><strong>G\u00f6r\u00f6gorsz\u00e1g<\/strong> &#8211; 17 sz\u00e1zal\u00e9k<\/li>\n<li><strong>Olaszorsz\u00e1g<\/strong> &#8211; 10 sz\u00e1zal\u00e9k<\/li>\n<li><strong>T\u00f6r\u00f6korsz\u00e1g<\/strong> &#8211; 6,5 sz\u00e1zal\u00e9k<\/li>\n<li><strong>Bulg\u00e1ria<\/strong> &#8211; 6 sz\u00e1zal\u00e9k<\/li>\n<\/ol>\n<p>Nem neh\u00e9z meg\u00e9rteni, mi\u00e9rt vonz\u00f3ak ezek az orsz\u00e1gok. A mediterr\u00e1n t\u00e9rs\u00e9gben szeptemberben m\u00e9g gyakran kellemesen meleg az id\u0151, mik\u00f6zben a ny\u00e1ri f\u0151szezon legzs\u00fafoltabb id\u0151szaka m\u00e1r v\u00e9get \u00e9rt.<\/p>\n<figure id=\"attachment_112977\" aria-describedby=\"caption-attachment-112977\" style=\"width: 755px\" class=\"wp-caption alignnone\"><a href=\"https:\/\/www.startlap.hu\/utazas\/uploads\/sites\/3\/2026\/09\/kozepkoru-no-tenger-strandol.jpg\"><img loading=\"lazy\" decoding=\"async\" class=\"size-article-size-large-image wp-image-112977\" src=\"https:\/\/www.startlap.hu\/utazas\/uploads\/sites\/3\/2026\/09\/kozepkoru-no-tenger-strandol-755x468.jpg\" alt=\"Egy k\u00f6z\u00e9pkor\u00fa n\u0151 f\u00fcrdik a tengerben.\" width=\"755\" height=\"468\" srcset=\"https:\/\/www.startlap.hu\/utazas\/uploads\/sites\/3\/2026\/09\/kozepkoru-no-tenger-strandol-755x468.jpg 755w, https:\/\/www.startlap.hu\/utazas\/uploads\/sites\/3\/2026\/09\/kozepkoru-no-tenger-strandol-565x350.jpg 565w, https:\/\/www.startlap.hu\/utazas\/uploads\/sites\/3\/2026\/09\/kozepkoru-no-tenger-strandol.jpg 1500w\" sizes=\"auto, (max-width: 755px) 100vw, 755px\" \/><\/a><figcaption id=\"caption-attachment-112977\" class=\"wp-caption-text\">Egyre t\u00f6bben v\u00e1lasztj\u00e1k a szeptembert k\u00fclf\u00f6ldi utaz\u00e1sra, amikor m\u00e9g igazi ny\u00e1r, de m\u00e1r kisebb t\u00f6meg fogadja a turist\u00e1kat. Fot\u00f3: Getty Images<\/figcaption><\/figure>\n<p>Ez k\u00fcl\u00f6n\u00f6sen azoknak lehet j\u00f3 h\u00edr, akik szeretn\u00e9nek tengerparton pihenni, de nem rajonganak a zs\u00fafolt <a href=\"https:\/\/www.startlap.hu\/utazas\/skyscanner-uj-eszkoz-utazastervezes\/\" target=\"_blank\" rel=\"noopener\">strandok\u00e9rt<\/a>.<\/p>\n<h2>Nem csak napozni lehet: szeptemberben is tele van programokkal Spanyolorsz\u00e1g<\/h2>\n<p>Aki szeptemberben utazik Spanyolorsz\u00e1gba, nem felt\u00e9tlen\u00fcl marad le a ny\u00e1ri hangulatr\u00f3l. S\u0151t, egyes v\u00e1rosokban \u00e9ppen ebben az id\u0151szakban rendeznek jelent\u0151s fesztiv\u00e1lokat.<\/p>\n<p><a href=\"https:\/\/www.startlap.hu\/utazas\/barcelona-tiktok-trend-szelfi-zona-tomegturizmus\/\" target=\"_blank\" rel=\"noopener\">Barcelona<\/a> egyik legfontosabb esem\u00e9nye p\u00e9ld\u00e1ul a La Merc\u00e8, amely n\u00e9gynapos v\u00e1rosi fesztiv\u00e1lk\u00e9nt sz\u00e1mos programot k\u00edn\u00e1l.<\/p>\n<p>A rendezv\u00e9ny l\u00e1tv\u00e1nyoss\u00e1gai k\u00f6z\u00f6tt szerepelnek:<\/p>\n<ul>\n<li>t\u0171zij\u00e1t\u00e9kok;<\/li>\n<li>felvonul\u00e1sok;<\/li>\n<li>hagyom\u00e1ny\u0151rz\u0151 programok;<\/li>\n<li>valamint a h\u00edres embertorony-\u00e9p\u00edt\u00e9sek.<\/li>\n<\/ul>\n<p>Aszt\u00fari\u00e1ban pedig az Amerika Napja jelent k\u00fcl\u00f6nleges programot. A fesztiv\u00e1l azokat az aszt\u00fariai emigr\u00e1nsokat \u00fcnnepli, akik Amerik\u00e1ba k\u00f6lt\u00f6ztek, majd id\u0151nk\u00e9nt hazat\u00e9rtek.<\/p>\n<h2>A kevesebb turista legal\u00e1bb akkora el\u0151ny, mint az alacsonyabb \u00e1r<\/h2>\n<p>A szeptemberi utaz\u00e1s egyik legnagyobb el\u0151nye nem is felt\u00e9tlen\u00fcl az, hogy olcs\u00f3bb lehet.<\/p>\n<blockquote class=\"article__extraTxt\"><p>A kisebb t\u00f6meg ugyanis teljesen m\u00e1s \u00e9lm\u00e9nny\u00e9 teheti a v\u00e1rosn\u00e9z\u00e9st.<\/p><\/blockquote>\n<p>Gondoljunk csak egy n\u00e9pszer\u0171 eur\u00f3pai nagyv\u00e1rosra: j\u00faliusban vagy augusztusban el\u0151fordulhat, hogy egy-egy l\u00e1tv\u00e1nyoss\u00e1gn\u00e1l hossz\u00fa sorokkal, zs\u00fafolt utc\u00e1kkal \u00e9s t\u00f6m\u00f6tt \u00e9ttermekkel kell sz\u00e1molni.<\/p>\n<p>Szeptemberben viszont j\u00f3val kellemesebb lehet:<\/p>\n<ul>\n<li>m\u00fazeumokat \u00e9s nevezetess\u00e9geket felkeresni;<\/li>\n<li><a href=\"https:\/\/www.startlap.hu\/utazas\/horvatorszag-magyar-turistak-panasz\/\" target=\"_blank\" rel=\"noopener\">\u00e9ttermekben<\/a> asztalt tal\u00e1lni;<\/li>\n<li>strandolni;<\/li>\n<li>kir\u00e1ndulni;<\/li>\n<li>t\u00f6megk\u00f6zleked\u00e9ssel k\u00f6zlekedni;<\/li>\n<li>vagy egyszer\u0171en csak c\u00e9ltalanul s\u00e9t\u00e1lni egy v\u00e1rosban.<\/li>\n<\/ul>\n<p>Ez k\u00fcl\u00f6n\u00f6sen azok sz\u00e1m\u00e1ra lehet fontos, akik nem a klasszikus, eg\u00e9sz napos tengerparti pihen\u00e9st keresik, hanem v\u00e1rosn\u00e9z\u00e9st \u00e9s kultur\u00e1lis programokat is beiktatn\u00e1nak.<\/p>\n<h2>Nem kell v\u00e1lasztani a ny\u00e1r \u00e9s az \u0151szi v\u00e1rosn\u00e9z\u00e9s k\u00f6z\u00f6tt<\/h2>\n<p>Az \u00faj utaz\u00e1si trend egyik leg\u00e9rdekesebb r\u00e9sze, hogy a szeptember m\u00e1r nem felt\u00e9tlen\u00fcl kompromisszumot jelent.<\/p>\n<p>Kor\u00e1bban sokan \u00fagy tekintettek erre a h\u00f3napra, mint amikor a ny\u00e1r m\u00e1r v\u00e9get \u00e9rt. A friss adatok alapj\u00e1n azonban egyre t\u00f6bb utaz\u00f3 \u00e9ppen az\u00e9rt v\u00e1lasztja, mert m\u00e9g meg\u0151rizheti a ny\u00e1ri utaz\u00e1s hangulat\u00e1t, mik\u00f6zben elker\u00fcli a f\u0151szezon kellemetlens\u00e9geit.<\/p>\n<blockquote class=\"article__extraTxt\"><p>A &#8222;szuper szeptember&#8221; teh\u00e1t els\u0151sorban arr\u00f3l sz\u00f3l, hogy ugyanazt az \u00e9lm\u00e9nyt m\u00e1s id\u0151z\u00edt\u00e9ssel pr\u00f3b\u00e1ljuk meg el\u00e9rni.<\/p><\/blockquote>\n<p>Aki pedig rugalmasan tudja megv\u00e1lasztani az utaz\u00e1s id\u0151pontj\u00e1t, annak \u00e9rdemes nemcsak a rep\u00fcl\u0151jegy \u00e1r\u00e1t, hanem a teljes nyaral\u00e1si k\u00f6lts\u00e9get is \u00f6sszehasonl\u00edtania. A kevesebb turista \u00e9s az esetleg kedvez\u0151bb sz\u00e1ll\u00e1s\u00e1rak ugyanis egy\u00fctt m\u00e1r komoly k\u00fcl\u00f6nbs\u00e9get jelenthetnek.<\/p>\n<p>\u00dagy t\u0171nik, a ny\u00e1ri vak\u00e1ci\u00f3 hat\u00e1rai lassan kitol\u00f3dnak: szeptember egyre kev\u00e9sb\u00e9 az \u0151sz kezdete, \u00e9s egyre ink\u00e1bb a ny\u00e1r meghosszabb\u00edt\u00e1s\u00e1nak egyik legjobb lehet\u0151s\u00e9ge az utaz\u00f3k szem\u00e9ben.<\/p>\n<div class=\"o-widget m-readMoreWidget -readMore u-shortDecorLineAfter row widget-container _ce_measure_widget bigdata-widget read-more\" data-ce-measure-widget=\"olvass tov\u00e1bb\">\n\t<div class=\"m-readMoreWidget__imgWrapper image-wrapper col-12 col-md-4 no-p\">\n\t\t<a class=\"m-readMoreWidget__imgLink\" href=\"https:\/\/www.startlap.hu\/utazas\/malta-valetta-fovarosa-legszebb\/\" >\n\t\t\t<img decoding=\"async\" src=\"https:\/\/www.startlap.hu\/utazas\/uploads\/sites\/3\/2026\/09\/valetta-malta-utcakep-350x285.jpg\" class=\"m-readMoreWidget__img\">\n\t\t<\/a>\n\t<\/div>\n\t<div class=\"m-readMoreWidget__titleWrapper title-wrapper col-12 col-md-8\">\n\t\t<span class=\"m-readMoreWidget__titleLabel u-shortDecorLineBefore label hidden-sm-up\">Ez is \u00e9rdekelhet:<\/span>\n\t\t<h3 class=\"m-readMoreWidget__title title\">\n\t\t\t<a class=\"m-readMoreWidget__titleLink -secondFont u-bold u-upperCase\" href=\"https:\/\/www.startlap.hu\/utazas\/malta-valetta-fovarosa-legszebb\/\" >Eur\u00f3pa legkisebb f\u0151v\u00e1rosa leny\u0171g\u00f6z\u0151 l\u00e1tv\u00e1nyt ny\u00fajt: &#8222;a vil\u00e1g egyik legszebb hely\u00e9nek&#8221; nevezik<\/a>\n\t\t<\/h3>\n\t\t<a class=\"m-readMoreWidget__btn -coloredBack u-tC link\" href=\"https:\/\/www.startlap.hu\/utazas\/malta-valetta-fovarosa-legszebb\/\" >Elolvasom<\/a>\n\t<\/div>\n<\/div>\n","protected":false},"excerpt":{"rendered":"<p>A szeptember hagyom\u00e1nyosan az a h\u00f3nap, amikor Eur\u00f3pa nagy r\u00e9sz\u00e9n lassan v\u00e9get \u00e9r a ny\u00e1ri szezon. A gyerekek visszamennek az iskol\u00e1ba, a szabads\u00e1gol\u00e1si id\u0151szak lez\u00e1rul, a n\u00e9pszer\u0171 tengerpartok pedig fokozatosan ki\u00fcr\u00fclnek.\u00a0Az ut\u00f3bbi \u00e9vekben azonban egyre t\u00f6bb utaz\u00f3 fedezi fel, hogy a nyaral\u00e1snak nem felt\u00e9tlen\u00fcl kell augusztus v\u00e9g\u00e9vel v\u00e9get \u00e9rnie. De hova \u00e9rdemes utazni \u0151sz elej\u00e9n? <\/p>\n","protected":false},"author":7,"featured_media":112977,"comment_status":"closed","ping_status":"closed","sticky":false,"template":"","format":"standard","meta":{"footnotes":""},"categories":[70],"tags":[455,188,15,47,677,222],"class_list":["post-112973","post","type-post","status-publish","format-standard","has-post-thumbnail","hentry","category-vilag","tag-bulgaria","tag-gorogorszag","tag-olaszorszag","tag-spanyolorszag","tag-torokorszag","tag-utoszezon"],"aioseo_notices":[],"_links":{"self":[{"href":"https:\/\/www.startlap.hu\/utazas\/wp-json\/wp\/v2\/posts\/112973","targetHints":{"allow":["GET"]}}],"collection":[{"href":"https:\/\/www.startlap.hu\/utazas\/wp-json\/wp\/v2\/posts"}],"about":[{"href":"https:\/\/www.startlap.hu\/utazas\/wp-json\/wp\/v2\/types\/post"}],"author":[{"embeddable":true,"href":"https:\/\/www.startlap.hu\/utazas\/wp-json\/wp\/v2\/users\/7"}],"replies":[{"embeddable":true,"href":"https:\/\/www.startlap.hu\/utazas\/wp-json\/wp\/v2\/comments?post=112973"}],"version-history":[{"count":4,"href":"https:\/\/www.startlap.hu\/utazas\/wp-json\/wp\/v2\/posts\/112973\/revisions"}],"predecessor-version":[{"id":112978,"href":"https:\/\/www.startlap.hu\/utazas\/wp-json\/wp\/v2\/posts\/112973\/revisions\/112978"}],"wp:featuredmedia":[{"embeddable":true,"href":"https:\/\/www.startlap.hu\/utazas\/wp-json\/wp\/v2\/media\/112977"}],"wp:attachment":[{"href":"https:\/\/www.startlap.hu\/utazas\/wp-json\/wp\/v2\/media?parent=112973"}],"wp:term":[{"taxonomy":"category","embeddable":true,"href":"https:\/\/www.startlap.hu\/utazas\/wp-json\/wp\/v2\/categories?post=112973"},{"taxonomy":"post_tag","embeddable":true,"href":"https:\/\/www.startlap.hu\/utazas\/wp-json\/wp\/v2\/tags?post=112973"}],"curies":[{"name":"wp","href":"https:\/\/api.w.org\/{rel}","templated":true}]}}