{"id":112967,"date":"2026-09-04T13:03:20","date_gmt":"2026-09-04T11:03:20","guid":{"rendered":"https:\/\/www.startlap.hu\/utazas\/?p=112967"},"modified":"2026-09-04T12:13:40","modified_gmt":"2026-09-04T10:13:40","slug":"malta-valetta-fovarosa-legszebb","status":"publish","type":"post","link":"https:\/\/www.startlap.hu\/utazas\/malta-valetta-fovarosa-legszebb\/","title":{"rendered":"Eur\u00f3pa legkisebb f\u0151v\u00e1rosa leny\u0171g\u00f6z\u0151 l\u00e1tv\u00e1nyt ny\u00fajt: &#8222;a vil\u00e1g egyik legszebb hely\u00e9nek&#8221; nevezik"},"content":{"rendered":"<p>L\u00e9tezik egy aor\u00f3 f\u0151v\u00e1ros, amely m\u00e9rete ellen\u00e9re komoly nemzetk\u00f6zi figyelmet kapott a k\u00f6zelm\u00faltban. A M\u00e1lt\u00e1n tal\u00e1lhat\u00f3&nbsp;<a href=\"https:\/\/www.startlap.hu\/utazas\/valetta-europa-legjobb-wellness-varos\/\" target=\"_blank\" rel=\"noopener\">Valletta<\/a>&nbsp;2025-ben a Cond\u00e9 Nast Traveller Readers&#8217; Choice Awards <a href=\"https:\/\/www.cntraveller.com\/gallery\/best-cities-in-europe\" target=\"_blank\" target=\"_blank\" rel=\"noopener\">eur\u00f3pai v\u00e1rosi rangsor\u00e1nak \u00e9l\u00e9re ker\u00fclt<\/a> &#8211; \u00edrtuk egy <a href=\"https:\/\/www.startlap.hu\/utazas\/malta-valletta-europa-legjobb-varosa-2025\/?utm_source=chatgpt.com\" target=\"_blank\" rel=\"noopener\">kor\u00e1bbi cikk\u00fcnkben<\/a>. A szavaz\u00e1s sor\u00e1n olyan ismert \u00fati c\u00e9lokat is maga m\u00f6g\u00e9 utas\u00edtott, mint P\u00e1rizs, Velence, <a href=\"https:\/\/www.startlap.hu\/utazas\/lisszabon-latnivalok-szallas-kozelekdes-etkezes-arak-muzeumok\/\" target=\"_blank\" rel=\"noopener\">Lisszabon<\/a> vagy Ath\u00e9n.&nbsp;<\/p>\n<div class=\"o-widget m-readMoreWidget -readMore u-shortDecorLineAfter row widget-container _ce_measure_widget bigdata-widget read-more\" data-ce-measure-widget=\"olvass tov\u00e1bb\">\n\t<div class=\"m-readMoreWidget__imgWrapper image-wrapper col-12 col-md-4 no-p\">\n\t\t<a class=\"m-readMoreWidget__imgLink\" href=\"https:\/\/www.startlap.hu\/utazas\/tengerpart-djerba-tunezia-sziget\/\" >\n\t\t\t<img decoding=\"async\" src=\"https:\/\/www.startlap.hu\/utazas\/uploads\/sites\/3\/2026\/08\/tunezia-djerba-3-350x285.jpg\" class=\"m-readMoreWidget__img\">\n\t\t<\/a>\n\t<\/div>\n\t<div class=\"m-readMoreWidget__titleWrapper title-wrapper col-12 col-md-8\">\n\t\t<span class=\"m-readMoreWidget__titleLabel u-shortDecorLineBefore label hidden-sm-up\">Ez is \u00e9rdekelhet:<\/span>\n\t\t<h3 class=\"m-readMoreWidget__title title\">\n\t\t\t<a class=\"m-readMoreWidget__titleLink -secondFont u-bold u-upperCase\" href=\"https:\/\/www.startlap.hu\/utazas\/tengerpart-djerba-tunezia-sziget\/\" >Eb\u00e9d 1000 forint alatt, cappuccino 2-300 forint, a tenger okt\u00f3berben is 25 fokos &#8211; magyark\u00e9nt is gazdagnak \u00e9rezheted magad ezen az \u00fcd\u00fcl\u0151szigeten<\/a>\n\t\t<\/h3>\n\t\t<a class=\"m-readMoreWidget__btn -coloredBack u-tC link\" href=\"https:\/\/www.startlap.hu\/utazas\/tengerpart-djerba-tunezia-sziget\/\" >Elolvasom<\/a>\n\t<\/div>\n<\/div>\n<p>De vajon mit tud ez a par\u00e1nyi mediterr\u00e1n f\u0151v\u00e1ros, amivel ennyire belopta mag\u00e1t az utaz\u00f3k sz\u00edv\u00e9be?<\/p>\n<h2>Egy apr\u00f3 pont a t\u00e9rk\u00e9pen, m\u00e9gis tele van l\u00e1tnival\u00f3val<\/h2>\n<p>Valletta egyik legfigyelemrem\u00e9lt\u00f3nn k\u00fcl\u00f6nlegess\u00e9ge \u00e9ppen az, hogy szinte hihetetlen\u00fcl kompakt. A t\u00f6rt\u00e9nelmi v\u00e1ros ter\u00fclete nagyj\u00e1b\u00f3l 0,55 n\u00e9gyzetkilom\u00e9ter, \u00e9s ezen a kis ter\u00fcleten 320 m\u0171eml\u00e9k tal\u00e1lhat\u00f3.<\/p>\n<blockquote class=\"article__extraTxt\"><p>Az <a href=\"https:\/\/whc.unesco.org\/en\/list\/131\/\" target=\"_blank\" target=\"_blank\" rel=\"noopener\">UNESCO<\/a> szerint emiatt a vil\u00e1g egyik legs\u0171r\u0171bben koncentr\u00e1l\u00f3d\u00f3 t\u00f6rt\u00e9nelmi ter\u00fclete.<\/p><\/blockquote>\n<p>Ez a gyakorlatban azt jelenti, hogy egy v\u00e1rosn\u00e9z\u0151 h\u00e9tv\u00e9g\u00e9n nem kell \u00f3r\u00e1kat t\u00f6lteni t\u00f6megk\u00f6zleked\u00e9ssel.&nbsp;A f\u0151v\u00e1ros felfedez\u00e9s\u00e9nek egyik legjobb m\u00f3dja egyszer\u0171en az, ha elindulunk gyalog.<\/p>\n<p>A t\u00f6rt\u00e9nelmi utc\u00e1k, l\u00e9pcs\u0151k, terek \u00e9s er\u0151d\u00edt\u00e9sek szinte egym\u00e1sba \u00e9rnek, \u00edgy k\u00f6nny\u0171 \u00fagy barangolni, hogy k\u00f6zben minden sarkon \u00fajabb fot\u00f3t\u00e9m\u00e1ba botlunk.<\/p>\n<h2>Olyan, mintha egy szabadt\u00e9ri m\u00fazeumba cs\u00f6ppenn\u00e9nk<\/h2>\n<p>A v\u00e1ros t\u00f6rt\u00e9nete szorosan \u00f6sszefon\u00f3dik a Szent J\u00e1nos Lovagrenddel. Valletta alap\u00edt\u00e1s\u00e1ra az 1565-\u00f6s m\u00e1ltai ostrom ut\u00e1n ker\u00fclt sor, \u00e9s a telep\u00fcl\u00e9st m\u00e1r kezdett\u0151l fogva er\u0151d\u00edtett v\u00e1rosk\u00e9nt tervezt\u00e9k.&nbsp;<\/p>\n<p>A m\u00falt ma is szinte minden\u00fctt k\u00e9zzelfoghat\u00f3.&nbsp;A helyi m\u00e9szk\u0151b\u0151l k\u00e9sz\u00fclt, aranyl\u00f3 sz\u00edn\u0171 \u00e9p\u00fcletek, a hatalmas b\u00e1sty\u00e1k \u00e9s a keskeny utc\u00e1k olyan l\u00e1tv\u00e1nyt teremtenek, amelyet neh\u00e9z \u00f6sszekeverni b\u00e1rmely m\u00e1s eur\u00f3pai v\u00e1rossal.<\/p>\n<p><strong>A leg\u00e9rdekesebb l\u00e1tnival\u00f3k k\u00f6z\u00e9 tartozik p\u00e9ld\u00e1ul:<\/strong><\/p>\n<ul>\n<li>a Szent J\u00e1nos-t\u00e1rskatedr\u00e1lis,<\/li>\n<li>a Nagymesterek Palot\u00e1ja,<\/li>\n<li>a Szent Elmo-er\u0151d,<\/li>\n<li>a Fels\u0151-Barakka-kert (Upper Barrakka Gardens),<\/li>\n<li>a t\u00f6rt\u00e9nelmi kik\u00f6t\u0151 \u00e9s az azt k\u00f6r\u00fcl\u00f6lel\u0151 er\u0151d\u00edt\u00e9sek,<\/li>\n<li>valamint a k\u00fcl\u00f6nb\u00f6z\u0151 m\u00fazeumok \u00e9s t\u00f6rt\u00e9nelmi \u00e9p\u00fcletek.<\/li>\n<\/ul>\n<p>A Szent J\u00e1nos-t\u00e1rskatedr\u00e1lis k\u00fcl\u00f6n\u00f6sen \u00e9rdekes a m\u0171v\u00e9szet kedvel\u0151inek, hiszen <a href=\"https:\/\/www.stjohnscocathedral.com\/the-co-cathedral\/caravaggio\/\" target=\"_blank\" target=\"_blank\" rel=\"noopener\">Caravaggio alkot\u00e1sai is megtal\u00e1lhat\u00f3k benne<\/a>.<\/p>\n<h2>A kil\u00e1t\u00e1s\u00e9rt sem kell messzire menni<\/h2>\n<p>Ha valaki elf\u00e1rad a sz\u0171k utc\u00e1k \u00e9s l\u00e9pcs\u0151k k\u00f6z\u00f6tt, \u00e9rdemes valamelyik panor\u00e1m\u00e1s kert fel\u00e9 venni az ir\u00e1nyt.<\/p>\n<p>Az <strong>Fels\u0151-Barakka-kert<\/strong>&nbsp;az egyik legjobb hely arra, hogy k\u00edv\u00fclr\u0151l is szem\u00fcgyre vegy\u00fck a v\u00e1rost \u00e9s a Nagy Kik\u00f6t\u0151t (Grand Harbour). A tenger, az er\u0151d\u00edtett v\u00e1rosr\u00e9szek \u00e9s az aranysz\u00edn\u0171 k\u0151\u00e9p\u00fcletek egy\u00fctt k\u00fcl\u00f6n\u00f6sen l\u00e1tv\u00e1nyos k\u00e9pet adnak.<\/p>\n<p>Ez az a fajta \u00fati c\u00e9l, ahol m\u00e9g egy egyszer\u0171 s\u00e9ta is programnak sz\u00e1m\u00edt.<\/p>\n<figure id=\"attachment_112970\" aria-describedby=\"caption-attachment-112970\" style=\"width: 755px\" class=\"wp-caption alignnone\"><a href=\"https:\/\/www.startlap.hu\/utazas\/uploads\/sites\/3\/2026\/09\/valetta-malta-utcakep.jpg\"><img loading=\"lazy\" decoding=\"async\" class=\"size-article-size-large-image wp-image-112970\" src=\"https:\/\/www.startlap.hu\/utazas\/uploads\/sites\/3\/2026\/09\/valetta-malta-utcakep-755x441.jpg\" alt=\"Utca Valett\u00e1ban.\" width=\"755\" height=\"441\" srcset=\"https:\/\/www.startlap.hu\/utazas\/uploads\/sites\/3\/2026\/09\/valetta-malta-utcakep-755x441.jpg 755w, https:\/\/www.startlap.hu\/utazas\/uploads\/sites\/3\/2026\/09\/valetta-malta-utcakep-1536x898.jpg 1536w, https:\/\/www.startlap.hu\/utazas\/uploads\/sites\/3\/2026\/09\/valetta-malta-utcakep-599x350.jpg 599w, https:\/\/www.startlap.hu\/utazas\/uploads\/sites\/3\/2026\/09\/valetta-malta-utcakep.jpg 1800w\" sizes=\"auto, (max-width: 755px) 100vw, 755px\" \/><\/a><figcaption id=\"caption-attachment-112970\" class=\"wp-caption-text\">M\u00e1lta apr\u00f3cska f\u0151v\u00e1rosa, Valletta&nbsp;2025-ben a Cond\u00e9 Nast Traveller Readers&#8217; Choice Awards eur\u00f3pai v\u00e1rosi rangsor\u00e1nak \u00e9l\u00e9re ker\u00fclt. Fot\u00f3: Getty Images<\/figcaption><\/figure>\n<h2>A filmrajong\u00f3knak is ismer\u0151s lehet<\/h2>\n<p>M\u00e1lta r\u00e9g\u00f3ta kedvelt forgat\u00e1si helysz\u00edn, \u00e9s Valletta, illetve a k\u00f6rnyez\u0151 t\u00f6rt\u00e9nelmi v\u00e1rosr\u00e9szek sz\u00e1mos filmes produkci\u00f3 h\u00e1tter\u00e9\u00fcl szolg\u00e1ltak.<\/p>\n<p>A l\u00e1tv\u00e1nyvil\u00e1g k\u00f6nnyen felismerhet\u0151 azok sz\u00e1m\u00e1ra is, akik l\u00e1tt\u00e1k a Gladi\u00e1tort vagy a Tr\u00f3nok harc\u00e1t. A t\u00f6rt\u00e9nelmi falak, a k\u0151b\u0151l \u00e9p\u00fclt utc\u00e1k \u00e9s az er\u0151d\u00edtm\u00e9nyek szinte k\u00e9szen k\u00edn\u00e1lj\u00e1k a filmes d\u00edszletet &#8211; \u00edrja a <a href=\"https:\/\/www.cntraveler.com\/story\/where-to-eat-stay-and-play-in-valletta-maltas-eccentric-capital?utm_source=chatgpt.com\" target=\"_blank\" target=\"_blank\" rel=\"noopener\">Cond\u00e9 Nast Traveller<\/a>.<\/p>\n<p>A v\u00e1ros azonban nem ragadt a m\u00faltban. A r\u00e9gi \u00e9p\u00fcletek mellett kort\u00e1rs m\u0171v\u00e9szeti helysz\u00ednek, modern \u00e9p\u00edt\u00e9szeti megold\u00e1sok, \u00e9ttermek \u00e9s pezsg\u0151 kultur\u00e1lis \u00e9let is megjelent.<\/p>\n<h2>Egyetlen v\u00e1rosn\u00e9z\u00e9sb\u0151l k\u00f6nnyen szigetfelfedez\u00e9s lesz<\/h2>\n<p>Valletta tov\u00e1bbi el\u0151nye, hogy j\u00f3 kiindul\u00f3pont M\u00e1lta t\u00f6bbi r\u00e9sz\u00e9hez.&nbsp;A Nagy Kik\u00f6t\u0151 t\u00faloldal\u00e1n tal\u00e1lhat\u00f3 a H\u00e1rom V\u00e1ros t\u00f6rt\u00e9nelmi egy\u00fcttese, vagyis Vittoriosa, Cospicua \u00e9s Senglea. Ezekhez haj\u00f3val is k\u00f6nnyen el lehet jutni, \u00edgy egy r\u00f6vid v\u00edzi utaz\u00e1ssal \u00fajabb t\u00f6rt\u00e9nelmi negyedeket fedezhet\u00fcnk fel.<\/p>\n<p>Ha pedig van t\u00f6bb id\u0151nk, Gozo szigete is k\u00f6nnyen beilleszthet\u0151 a programba.<\/p>\n<p>A m\u00e1ltai szigetvil\u00e1g egyik nagy el\u0151nye, hogy a t\u00e1vols\u00e1gok viszonylag kicsik, ez\u00e9rt ak\u00e1r egy hossz\u00fa h\u00e9tv\u00e9g\u00e9n is sokf\u00e9le \u00e9lm\u00e9nyt \u00f6ssze lehet gy\u0171jteni.<\/p>\n<h2>Mit \u00e9rdemes megk\u00f3stolni?<\/h2>\n<p>M\u00e1lta gasztron\u00f3mi\u00e1ja legal\u00e1bb annyira \u00e9rdekes, mint az \u00e9p\u00edt\u00e9szete. A mediterr\u00e1n hat\u00e1sok mellett <strong>arab, olasz \u00e9s brit \u00f6r\u00f6ks\u00e9g is felfedezhet\u0151 az \u00e9telekben<\/strong>.<\/p>\n<p>A helyi specialit\u00e1sok k\u00f6z\u00fcl a&nbsp;<strong>pastizzi<\/strong>&nbsp;szinte kihagyhatatlan. Ez egy ropog\u00f3s, leveles t\u00e9szt\u00e1b\u00f3l k\u00e9sz\u00fclt s\u00f3s p\u00e9ks\u00fctem\u00e9ny, amelyet t\u00f6bbf\u00e9le t\u00f6ltel\u00e9kkel, p\u00e9ld\u00e1ul ricott\u00e1val vagy z\u00f6ldbors\u00f3val k\u00edn\u00e1lnak.<\/p>\n<p>Egy v\u00e1rosn\u00e9z\u00e9ssel t\u00f6lt\u00f6tt nap k\u00f6zben \u00e9ppen ide\u00e1lis harapnival\u00f3 lehet, r\u00e1ad\u00e1sul a m\u00e1ltai utcai \u00e9tkez\u00e9si kult\u00far\u00e1ba is betekint\u00e9st enged.<\/p>\n<h2>Magyarorsz\u00e1gr\u00f3l meglep\u0151en egyszer\u0171 az \u00fat<\/h2>\n<p>Budapestr\u0151l k\u00f6zvetlen rep\u00fcl\u0151j\u00e1ratok k\u00f6zlekednek a M\u00e1ltai Nemzetk\u00f6zi Rep\u00fcl\u0151t\u00e9rre, t\u00f6bbek k\u00f6z\u00f6tt a <a href=\"https:\/\/www.startlap.hu\/utazas\/wizz-air-ryanair-extra-koltsegek\/\" target=\"_blank\" rel=\"noopener\">Ryanair \u00e9s a Wizz Air<\/a> \u00fczemeltet\u00e9s\u00e9ben. A rep\u00fcl\u00e9s nagyj\u00e1b\u00f3l 2 \u00f3ra 15-20 perc, \u00edgy a mediterr\u00e1n f\u0151v\u00e1ros ak\u00e1r egy hossz\u00fa h\u00e9tv\u00e9g\u00e9s kiruccan\u00e1s c\u00e9lpontja is lehet.&nbsp;<\/p>\n<p>A jelenlegi menetrendek alapj\u00e1n t\u00f6bb napon is tal\u00e1lhat\u00f3k k\u00f6zvetlen j\u00e1ratok Budapest \u00e9s M\u00e1lta k\u00f6z\u00f6tt, a pontos indul\u00e1si id\u0151k \u00e9s \u00e1rak azonban szezononk\u00e9nt v\u00e1ltoznak.&nbsp;<\/p>\n<p>A rep\u00fcl\u0151jegy \u00e1r\u00e1t \u00e9rdemes id\u0151ben figyelni: a l\u00e9git\u00e1rsas\u00e1gokn\u00e1l id\u0151szakosan m\u00e1r n\u00e9h\u00e1ny ezer forintos egyir\u00e1ny\u00fa alap\u00e1rak is megjelenhetnek, amelyekhez azonban a v\u00e1lasztott szolg\u00e1ltat\u00e1sok \u00e9s poggy\u00e1szok tov\u00e1bbi d\u00edjai t\u00e1rsulhatnak.&nbsp;<\/p>\n<h2>Aut\u00f3ra sincs felt\u00e9tlen\u00fcl sz\u00fcks\u00e9g<\/h2>\n<p>Ha valaki els\u0151sorban Vallett\u00e1t szeretn\u00e9 felfedezni, az aut\u00f3b\u00e9rl\u00e9s nem felt\u00e9tlen\u00fcl sz\u00fcks\u00e9ges.<\/p>\n<p>A kompakt t\u00f6rt\u00e9nelmi v\u00e1rosk\u00f6zpont gyalogosan is j\u00f3l bej\u00e1rhat\u00f3, a sziget t\u00f6bbi r\u00e9sz\u00e9nek el\u00e9r\u00e9s\u00e9hez pedig a buszok \u00e9s a haj\u00f3j\u00e1ratok is haszn\u00e1lhat\u00f3k.<\/p>\n<p>Egy r\u00f6vid m\u00e1ltai v\u00e1rosn\u00e9z\u00e9shez ez\u00e9rt praktikus lehet \u00fagy tervezni, hogy:<\/p>\n<ul>\n<li>a rep\u00fcl\u0151t\u00e9r \u00e9s Valletta k\u00f6z\u00f6tt t\u00f6megk\u00f6zleked\u00e9st vagy taxit v\u00e1lasztunk,<\/li>\n<li>a t\u00f6rt\u00e9nelmi k\u00f6zpontot gyalog fedezz\u00fck fel,<\/li>\n<li>a k\u00f6zeli kik\u00f6t\u0151v\u00e1rosokat haj\u00f3val keress\u00fck fel,<\/li>\n<li><a href=\"https:\/\/www.startlap.hu\/utazas\/malta-gozo-elektromos-busz\/\" target=\"_blank\" rel=\"noopener\">Gozo<\/a> fel\u00e9 komppal indulunk,<\/li>\n<li>aut\u00f3t pedig csak akkor b\u00e9rel\u00fcnk, ha a sziget t\u00e1volabbi r\u00e9szeit is saj\u00e1t temp\u00f3ban j\u00e1rn\u00e1nk be.<\/li>\n<\/ul>\n<h2>Mikor \u00e9rdemes \u00fatnak indulni?<\/h2>\n<p>Ha a c\u00e9l els\u0151sorban a v\u00e1rosn\u00e9z\u00e9s, a t\u00f6rt\u00e9nelmi \u00e9p\u00fcletek \u00e9s a kultur\u00e1lis programok felfedez\u00e9se, <strong>a kellemesebb, kev\u00e9sb\u00e9 forr\u00f3 id\u0151szakok k\u00fcl\u00f6n\u00f6sen vonz\u00f3k lehetnek<\/strong>.<\/p>\n<p>Ny\u00e1ron a tenger \u00e9s a strandok is el\u0151t\u00e9rbe ker\u00fclhetnek, tavasszal \u00e9s \u0151sszel viszont a v\u00e1rosn\u00e9z\u00e9s lehet komfortosabb.<\/p>\n<p>A l\u00e9nyeg, hogy ne kiz\u00e1r\u00f3lag tengerparti nyaral\u00e1sk\u00e9nt gondoljunk M\u00e1lt\u00e1ra. A f\u0151v\u00e1ros \u00f6nmag\u00e1ban is olyan s\u0171r\u0171 t\u00f6rt\u00e9nelmi \u00e9s kultur\u00e1lis \u00e9lm\u00e9nyt k\u00edn\u00e1l, amely miatt ak\u00e1r n\u00e9h\u00e1ny nap alatt is eml\u00e9kezetes utaz\u00e1s kerekedhet bel\u0151le.<\/p>\n<p>\u00c9s tal\u00e1n \u00e9ppen ez Valletta legnagyobb tr\u00fckkje: mik\u00f6zben Eur\u00f3pa egyik legkisebb f\u0151v\u00e1rosa, az \u00e9lm\u00e9nyek tekintet\u00e9ben a legnagyobbak k\u00f6z\u00e9 sorolhat\u00f3.<\/p>\n<p><a href=\"https:\/\/www.linternaute.com\/voyage\/id\/11248084-article\/\" target=\"_blank\" target=\"_blank\" rel=\"noopener\">via<\/a><\/p>\n<div class=\"o-widget m-readMoreWidget -readMore u-shortDecorLineAfter row widget-container _ce_measure_widget bigdata-widget read-more\" data-ce-measure-widget=\"olvass tov\u00e1bb\">\n\t<div class=\"m-readMoreWidget__imgWrapper image-wrapper col-12 col-md-4 no-p\">\n\t\t<a class=\"m-readMoreWidget__imgLink\" href=\"https:\/\/www.startlap.hu\/utazas\/ashford-castle-vilag-legszebb-szallodaja\/\" >\n\t\t\t<img decoding=\"async\" src=\"https:\/\/www.startlap.hu\/utazas\/uploads\/sites\/3\/2026\/09\/Ashford-Hotel2-350x285.jpg\" class=\"m-readMoreWidget__img\">\n\t\t<\/a>\n\t<\/div>\n\t<div class=\"m-readMoreWidget__titleWrapper title-wrapper col-12 col-md-8\">\n\t\t<span class=\"m-readMoreWidget__titleLabel u-shortDecorLineBefore label hidden-sm-up\">Ez is \u00e9rdekelhet:<\/span>\n\t\t<h3 class=\"m-readMoreWidget__title title\">\n\t\t\t<a class=\"m-readMoreWidget__titleLink -secondFont u-bold u-upperCase\" href=\"https:\/\/www.startlap.hu\/utazas\/ashford-castle-vilag-legszebb-szallodaja\/\" >Ez a 800 \u00e9ves kast\u00e9ly jelenleg a vil\u00e1g legszebb sz\u00e1llod\u00e1ja \u2013 megn\u00e9zt\u00fck, mennyibe ker\u00fcl egy \u00e9jszaka<\/a>\n\t\t<\/h3>\n\t\t<a class=\"m-readMoreWidget__btn -coloredBack u-tC link\" href=\"https:\/\/www.startlap.hu\/utazas\/ashford-castle-vilag-legszebb-szallodaja\/\" >Elolvasom<\/a>\n\t<\/div>\n<\/div>\n","protected":false},"excerpt":{"rendered":"<p>Van Eur\u00f3p\u00e1ban egy k\u00fcl\u00f6nleges \u00fati c\u00e9l, ahol n\u00e9h\u00e1ny perc s\u00e9ta alatt \u00e9vsz\u00e1zadokat utazhatunk vissza az id\u0151ben, de ak\u00e1r a tenger partj\u00e1n a mediterr\u00e1n hangulatot is \u00e9lvezhetj\u00fck. A v\u00e1ros meglep\u0151en kicsi, m\u00e9gis rengeteg l\u00e1tnival\u00f3t rejt mag\u00e1ban, \u00e9s azoknak is tartogat \u00e9lm\u00e9nyeket, akik nem egy hagyom\u00e1nyos tengerparti nyaral\u00e1sra v\u00e1gynak. R\u00e1ad\u00e1sul Budapestr\u0151l k\u00f6zvetlen\u00fcl is el\u00e9rhet\u0151.<\/p>\n","protected":false},"author":7,"featured_media":112970,"comment_status":"closed","ping_status":"closed","sticky":false,"template":"","format":"standard","meta":{"footnotes":""},"categories":[70],"tags":[5596,249,6130],"class_list":["post-112967","post","type-post","status-publish","format-standard","has-post-thumbnail","hentry","category-vilag","tag-fovaros","tag-malta","tag-valetta"],"aioseo_notices":[],"_links":{"self":[{"href":"https:\/\/www.startlap.hu\/utazas\/wp-json\/wp\/v2\/posts\/112967","targetHints":{"allow":["GET"]}}],"collection":[{"href":"https:\/\/www.startlap.hu\/utazas\/wp-json\/wp\/v2\/posts"}],"about":[{"href":"https:\/\/www.startlap.hu\/utazas\/wp-json\/wp\/v2\/types\/post"}],"author":[{"embeddable":true,"href":"https:\/\/www.startlap.hu\/utazas\/wp-json\/wp\/v2\/users\/7"}],"replies":[{"embeddable":true,"href":"https:\/\/www.startlap.hu\/utazas\/wp-json\/wp\/v2\/comments?post=112967"}],"version-history":[{"count":4,"href":"https:\/\/www.startlap.hu\/utazas\/wp-json\/wp\/v2\/posts\/112967\/revisions"}],"predecessor-version":[{"id":112972,"href":"https:\/\/www.startlap.hu\/utazas\/wp-json\/wp\/v2\/posts\/112967\/revisions\/112972"}],"wp:featuredmedia":[{"embeddable":true,"href":"https:\/\/www.startlap.hu\/utazas\/wp-json\/wp\/v2\/media\/112970"}],"wp:attachment":[{"href":"https:\/\/www.startlap.hu\/utazas\/wp-json\/wp\/v2\/media?parent=112967"}],"wp:term":[{"taxonomy":"category","embeddable":true,"href":"https:\/\/www.startlap.hu\/utazas\/wp-json\/wp\/v2\/categories?post=112967"},{"taxonomy":"post_tag","embeddable":true,"href":"https:\/\/www.startlap.hu\/utazas\/wp-json\/wp\/v2\/tags?post=112967"}],"curies":[{"name":"wp","href":"https:\/\/api.w.org\/{rel}","templated":true}]}}