{"id":112959,"date":"2026-09-03T22:15:30","date_gmt":"2026-09-03T20:15:30","guid":{"rendered":"https:\/\/www.startlap.hu\/utazas\/?p=112959"},"modified":"2026-09-03T22:15:30","modified_gmt":"2026-09-03T20:15:30","slug":"kanada-uszo-sziget-williston-to","status":"publish","type":"post","link":"https:\/\/www.startlap.hu\/utazas\/kanada-uszo-sziget-williston-to\/","title":{"rendered":"Kanada rejt\u00e9lyes \u00fasz\u00f3 szigete elt\u0171nt, azt\u00e1n 32 kilom\u00e9terrel arr\u00e9bb bukkant fel"},"content":{"rendered":"<p>Rejt\u00e9lyes k\u00f6r\u00fclm\u00e9nyek k\u00f6z\u00f6tt egy s\u0171r\u0171 erd\u0151vel bor\u00edtott sziget jelent meg a Nyugat-Kanad\u00e1ban tal\u00e1lhat\u00f3 Williston-tavon. A csaknem 150 m\u00e9ter hossz\u00fa \u00e9s 75 m\u00e9ter sz\u00e9les f\u00f6lddarab felbukkan\u00e1sa a helyieket \u00e9s a szak\u00e9rt\u0151ket egyar\u00e1nt meglepte, a k\u00e9pz\u0151dm\u00e9nyt ugyanis egyetlen <strong><a href=\"https:\/\/www.startlap.hu\/utazas\/google-terkep-ujdonsag-valtozas\/\" target=\"_blank\" rel=\"noopener\">t\u00e9rk\u00e9pen<\/a><\/strong> vagy navig\u00e1ci\u00f3s t\u00e1bl\u00e1zaton sem t\u00fcntett\u00e9k fel.<\/p>\n<div class=\"o-widget m-readMoreWidget -readMore u-shortDecorLineAfter row widget-container _ce_measure_widget bigdata-widget read-more\" data-ce-measure-widget=\"olvass tov\u00e1bb\">\n\t<div class=\"m-readMoreWidget__imgWrapper image-wrapper col-12 col-md-4 no-p\">\n\t\t<a class=\"m-readMoreWidget__imgLink\" href=\"https:\/\/www.startlap.hu\/utazas\/nyugdijas-thailfold-olcsobb-elet\/\" >\n\t\t\t<img decoding=\"async\" src=\"https:\/\/www.startlap.hu\/utazas\/uploads\/sites\/3\/2026\/08\/thaifold-350x285.jpg\" class=\"m-readMoreWidget__img\">\n\t\t<\/a>\n\t<\/div>\n\t<div class=\"m-readMoreWidget__titleWrapper title-wrapper col-12 col-md-8\">\n\t\t<span class=\"m-readMoreWidget__titleLabel u-shortDecorLineBefore label hidden-sm-up\">Ez is \u00e9rdekelhet:<\/span>\n\t\t<h3 class=\"m-readMoreWidget__title title\">\n\t\t\t<a class=\"m-readMoreWidget__titleLink -secondFont u-bold u-upperCase\" href=\"https:\/\/www.startlap.hu\/utazas\/nyugdijas-thailfold-olcsobb-elet\/\" >\u201eItt \u00e9n vagyok a vil\u00e1g kir\u00e1lya\u201d \u2013 Thaif\u00f6ldre k\u00f6lt\u00f6z\u00f6tt a nyugd\u00edjas, aki havi 1250 eur\u00f3b\u00f3l alig \u00e9lt meg Mallorc\u00e1n<\/a>\n\t\t<\/h3>\n\t\t<a class=\"m-readMoreWidget__btn -coloredBack u-tC link\" href=\"https:\/\/www.startlap.hu\/utazas\/nyugdijas-thailfold-olcsobb-elet\/\" >Elolvasom<\/a>\n\t<\/div>\n<\/div>\n<p>Egy cs\u00f3nak\u00e1z\u00f3 megk\u00f6zel\u00edtette a szigetet, majd <strong>vide\u00f3t k\u00e9sz\u00edtett a rajta \u00e1ll\u00f3<\/strong>, a v\u00edz mozg\u00e1s\u00e1val egy\u00fctt ringat\u00f3z\u00f3 csaknem 100 f\u00e1r\u00f3l. Nem sokkal k\u00e9s\u0151bb azonban \u00fajabb fordulatot vett a t\u00f6rt\u00e9net: a hatalmas \u00fasz\u00f3 <strong><a href=\"https:\/\/www.startlap.hu\/utazas\/hegyi-medence-makovica-szlovakia\/\" target=\"_blank\" rel=\"noopener\">erd\u0151<\/a><\/strong> n\u00e9h\u00e1ny napon bel\u00fcl elt\u0171nt.<\/p>\n<p><iframe loading=\"lazy\" width=\"1300\" height=\"731\" frameborder=\"0\" src=\"https:\/\/www.youtube.com\/embed\/40g5v2psM4k\"><\/iframe>&nbsp;<\/p>\n<p>H\u00e9tf\u0151n azt\u00e1n m\u00e1sodszor is felt\u0171nt, ez\u00fattal csaknem 32 kilom\u00e9terre att\u00f3l a helyt\u0151l, ahol augusztus elej\u00e9n l\u00e1tt\u00e1k. A v\u00edzen l\u00e1tv\u00e1nyosan sodr\u00f3d\u00f3 sziget \u00fajb\u00f3li megjelen\u00e9se ut\u00e1n a <strong>k\u00f6rny\u00e9k lak\u00f3i \u00e9rtetlen\u00fcl \u00e1lltak azel\u0151tt, mik\u00e9nt t\u0171nhet el,<\/strong> majd bukkanhat fel m\u00e1sutt egy eg\u00e9sz <strong><a href=\"https:\/\/www.startlap.hu\/utazas\/horvatorszag-erdotuz\/\" target=\"_blank\" rel=\"noopener\">erd\u0151vel<\/a><\/strong> bor\u00edtott f\u00f6lddarab.<\/p>\n<h2>M\u0171holdfelv\u00e9telekkel kellett igazolni, hogy val\u00f3ban l\u00e9tezik<\/h2>\n<p>A k\u00fcl\u00f6n\u00f6s jelens\u00e9get a <strong>Williston-t\u00f3 k\u00f6zep\u00e9n<\/strong> figyelt\u00e9k meg. A hossz\u00fa, keskeny v\u00edzt\u00e1roz\u00f3 azut\u00e1n j\u00f6tt l\u00e9tre, hogy az 1970-es \u00e9vek elej\u00e9n a WAC Bennett-g\u00e1t miatt el\u00e1rasztott\u00e1k a ter\u00fcletet. A csaknem <strong>1700 n\u00e9gyzetkilom\u00e9teres<\/strong>, vagyis 650 n\u00e9gyzetm\u00e9rf\u00f6ldes t\u00f3 Brit Kolumbia legnagyobb v\u00edzt\u00fckre.<\/p>\n<p>Bob Gammer, a v\u00edzt\u00e1roz\u00f3t \u00e9s a g\u00e1tat \u00fczemeltet\u0151 \u00e1llami k\u00f6zm\u0171szolg\u00e1ltat\u00f3, a BC Hydro sz\u00f3viv\u0151je meglehet\u0151sen hihetetlennek nevezte a szigetet, amikor el\u0151sz\u00f6r megl\u00e1tta a r\u00f3la k\u00e9sz\u00fclt felv\u00e9teleket.<\/p>\n<p>A sz\u00f3viv\u0151 szerint a mesters\u00e9ges intelligencia kor\u00e1ban a k\u00e9pek \u00f6nmagukban m\u00e1r nem felt\u00e9tlen\u00fcl jelentettek elegend\u0151 bizony\u00edt\u00e9kot, ez\u00e9rt sz\u00fcks\u00e9g volt valamilyen tov\u00e1bbi ellen\u0151rz\u00e9sre, p\u00e9ld\u00e1ul egy m\u00e1sik szemtan\u00fa besz\u00e1mol\u00f3j\u00e1ra. A meger\u0151s\u00edt\u00e9sre nem kellett sok\u00e1ig v\u00e1rniuk.<\/p>\n<p><strong>M\u0171holdfelv\u00e9telek igazolt\u00e1k<\/strong>, hogy az erd\u0151vel bor\u00edtott sziget val\u00f3ban l\u00e9tezik. A k\u00e9pek alapj\u00e1n a v\u00edzt\u00e1roz\u00f3 f\u0151 medenc\u00e9j\u00e9ben lebegett, k\u00f6r\u00fclbel\u00fcl 60 m\u00e9rf\u00f6ldre nyugatra a g\u00e1tt\u00f3l.<\/p>\n<h2>\u00c9vekig n\u00f6vekedhetett a f\u00e1s t\u00f6rmel\u00e9ken<\/h2>\n<p>A BC Hydro felt\u00e9telez\u00e9se szerint az \u00fasz\u00f3 szigetet olyan f\u00e1k \u00e9s m\u00e1s n\u00f6v\u00e9nyek alkotj\u00e1k, <strong>amelyek \u00e9veken kereszt\u00fcl, j\u00f3r\u00e9szt h\u00e1bor\u00edtatlanul fejl\u0151dtek a v\u00edzt\u00e1roz\u00f3 partvonal\u00e1nak v\u00e9dett r\u00e9szein felhalmoz\u00f3dott f\u00e1s t\u00f6rmel\u00e9ken.<\/strong><\/p>\n<p><img loading=\"lazy\" decoding=\"async\" class=\"size-article-size-large-image wp-image-112964\" src=\"https:\/\/www.startlap.hu\/utazas\/uploads\/sites\/3\/2026\/09\/sziget_to_-755x503.jpg\" alt=\"K\u00f6d egy sziget partj\u00e1n\u00e1l\" width=\"755\" height=\"503\" srcset=\"https:\/\/www.startlap.hu\/utazas\/uploads\/sites\/3\/2026\/09\/sziget_to_-755x503.jpg 755w, https:\/\/www.startlap.hu\/utazas\/uploads\/sites\/3\/2026\/09\/sziget_to_-525x350.jpg 525w, https:\/\/www.startlap.hu\/utazas\/uploads\/sites\/3\/2026\/09\/sziget_to_.jpg 1200w\" sizes=\"auto, (max-width: 755px) 100vw, 755px\" \/><\/p>\n<p>Kanad\u00e1ban elt\u0171nt egy sziget, ami 32 kilom\u00e9terrel arr\u00e9bb bukkant fel &#8211; Fot\u00f3: Getty ImagesA Brit Kolumbi\u00e1ban felbukkant, megk\u00f6zel\u00edt\u0151leg 12 000 n\u00e9gyzetm\u00e9teres sziget r\u00e1ad\u00e1sul gazdag \u00e9l\u0151vil\u00e1gnak ad otthont. <strong>Madarak \u00e9s kisebb \u00e1llatok \u00e9lnek rajta a t\u0171level\u0171 \u00e9s lombhullat\u00f3 f\u00e1k k\u00f6z\u00f6tt<\/strong>, a megfigyel\u0151k szerint pedig a v\u00edz al\u00e1 ny\u00fal\u00f3 gy\u00f6k\u00e9rzet a t\u00f3 legjobb halainak is b\u00fav\u00f3helyet k\u00edn\u00e1lhat.<\/p>\n<p>Gammer szerinte a b\u0151s\u00e9ges v\u00edzell\u00e1t\u00e1s mellett, korhad\u00f3 szerves anyagokon fejl\u0151d\u0151 \u00e9s megfelel\u0151 t\u00e1panyaghoz jut\u00f3 f\u00e1k meglehet\u0151sen gyorsan n\u00f6vekedhetnek.<\/p>\n<h2>A 14 \u00e9ve nem l\u00e1tott v\u00edzszint mozd\u00edthatta el<\/h2>\n<p>A k\u00fcl\u00f6nleges sziget elszabadul\u00e1s\u00e1ban az id\u0151j\u00e1r\u00e1s \u00e9s a v\u00edzt\u00e1roz\u00f3 megemelkedett v\u00edzszintje is szerepet j\u00e1tszhatott. A t\u00f3 v\u00edzszintje 14 \u00e9ve nem volt ilyen magas. A vastag t\u00e9li h\u00f3takar\u00f3 \u00e9s a sz\u00fcntelen ny\u00e1ri es\u0151z\u00e9sek <strong>egyar\u00e1nt megemelt\u00e9k a Peace foly\u00f3, valamint a Williston-t\u00f3 v\u00edzszintj\u00e9t.<\/strong><\/p>\n<p>A sz\u00f3viv\u0151 szerint egyszerre alakult ki minden olyan k\u00f6r\u00fclm\u00e9ny, amely k\u00e9pes volt kiszak\u00edtani a szigetet addigi, v\u00e9dett hely\u00e9r\u0151l, majd a ny\u00edlt v\u00edzre sodorni.<\/p>\n<p><strong>Ez magyar\u00e1zatot adhat arra is, hogyan t\u0171nhetett el<\/strong>, majd jelenhetett meg ism\u00e9t t\u00f6bb t\u00edz kilom\u00e9terrel t\u00e1volabb. A k\u00e9t \u00e9szlel\u00e9s k\u00f6z\u00f6tt val\u00f3sz\u00edn\u0171leg \u00fajra a parthoz sodr\u00f3dott, ez\u00e9rt egy ideig nem lehetett l\u00e1tni a ny\u00edlt v\u00edzen.<\/p>\n<p>Gammer kor\u00e1bban a CBC-nek hangs\u00falyozta, hogy a sziget l\u00e1tsz\u00f3lagos elt\u0171n\u00e9se nem jelenti azt, hogy a k\u00e9pz\u0151dm\u00e9ny a v\u00edzt\u00e1roz\u00f3 fenek\u00e9re <strong><a href=\"https:\/\/www.startlap.hu\/utazas\/mexiko-varos-sullyedes-epitkezes\/\" target=\"_blank\" rel=\"noopener\">s\u00fcllyedt<\/a><\/strong>.<\/p>\n<p>Elk\u00e9pzelhet\u0151nek tartotta, hogy egyszer\u0171en visszaker\u00fclt a partvonal valamelyik v\u00e9dettebb r\u00e9sz\u00e9re, majd a v\u00edz k\u00e9s\u0151bb ism\u00e9t kisodorta onnan.<\/p>\n<h2>Ak\u00e1r \u00e9vekig tov\u00e1bb n\u00f6vekedhet az \u00fasz\u00f3 erd\u0151<\/h2>\n<p>A BC Hydro nem ismeri a szigeten \u00e1ll\u00f3 f\u00e1k pontos \u00e9letkor\u00e1t de a helyiek felt\u00e9telez\u00e9se szerint egyes f\u00e1k ak\u00e1r t\u00f6bb \u00e9vtizedesek is lehetnek.<\/p>\n<p>Gammer kiemelte, hogy nem csup\u00e1n n\u00e9h\u00e1ny apr\u00f3 cserj\u00e9r\u0151l van sz\u00f3. A szigeten tekint\u00e9lyesebb m\u00e9ret\u0171 f\u00e1k is \u00e1llnak, ami m\u00e9g elgondolkodtat\u00f3bb\u00e1 teszi a jelens\u00e9get. A sz\u00f3viv\u0151 szerint egy\u00e1ltal\u00e1n nem h\u00e9tk\u00f6znapi, hanem val\u00f3ban rendk\u00edv\u00fcl szokatlan k\u00e9pz\u0151dm\u00e9ny bukkant fel a tavon.<\/p>\n<h2>\u00c9letvesz\u00e9lyes lehet r\u00e1l\u00e9pni<\/h2>\n<p>Rocky Avery, a vide\u00f3t k\u00e9sz\u00edt\u0151 cs\u00f3nak\u00e1z\u00f3 bar\u00e1tja \u00e9s a t\u00e9rs\u00e9g r\u00e9gi lak\u00f3ja els\u0151k\u00e9nt osztotta meg a felv\u00e9telt a k\u00f6z\u00f6ss\u00e9gi m\u00e9di\u00e1ban. <strong>Bejegyz\u00e9s\u00e9vel els\u0151sorban a lehets\u00e9ges vesz\u00e9lyre<\/strong> szerette volna figyelmeztetni a t\u00f6bbi haj\u00f3st, a sziget azonban \u0151t is k\u00edv\u00e1ncsiv\u00e1 tette: azt mondta, ha tehetn\u00e9, gondolkod\u00e1s n\u00e9lk\u00fcl \u00e1tugrana r\u00e1.<\/p>\n<p><strong>Avery szerint az \u00fasz\u00f3 f\u00f6lddarab sz\u00e9lei feltehet\u0151en kiss\u00e9 ingatagok lehetnek<\/strong>, a hatalmas f\u00e1kkal ben\u0151tt k\u00f6z\u00e9ps\u0151 r\u00e9sz azonban ak\u00e1r annyira szil\u00e1rd is lehet, hogy valaki r\u00e1 tudjon l\u00e9pni.<\/p>\n<p>Gammer ezzel szemben komoly \u00f3vatoss\u00e1gra intette a haj\u00f3sokat, \u00e9s arra k\u00e9rte \u0151ket, senki ne pr\u00f3b\u00e1ljon els\u0151k\u00e9nt a szigetre l\u00e9pni. A vide\u00f3n ugyanis j\u00f3l l\u00e1that\u00f3, hogy a f\u00e1k egy t\u00f6r\u00e9keny, v\u00e9kony r\u00f6nkr\u00e9tegen mozognak ide-oda. <strong>Az alattuk l\u00e9v\u0151 v\u00edz rendk\u00edv\u00fcl vesz\u00e9lyes<\/strong>, maga a k\u00e9pz\u0151dm\u00e9ny pedig nagyon instabil.<\/p>\n<div class=\"o-widget m-readMoreWidget -readMore u-shortDecorLineAfter row widget-container _ce_measure_widget bigdata-widget read-more\" data-ce-measure-widget=\"olvass tov\u00e1bb\">\n\t<div class=\"m-readMoreWidget__imgWrapper image-wrapper col-12 col-md-4 no-p\">\n\t\t<a class=\"m-readMoreWidget__imgLink\" href=\"https:\/\/www.startlap.hu\/utazas\/gorogorszag-athen-koltozes-elet\/\" >\n\t\t\t<img decoding=\"async\" src=\"https:\/\/www.startlap.hu\/utazas\/uploads\/sites\/3\/2026\/09\/athen-turista-350x285.jpg\" class=\"m-readMoreWidget__img\">\n\t\t<\/a>\n\t<\/div>\n\t<div class=\"m-readMoreWidget__titleWrapper title-wrapper col-12 col-md-8\">\n\t\t<span class=\"m-readMoreWidget__titleLabel u-shortDecorLineBefore label hidden-sm-up\">Ez is \u00e9rdekelhet:<\/span>\n\t\t<h3 class=\"m-readMoreWidget__title title\">\n\t\t\t<a class=\"m-readMoreWidget__titleLink -secondFont u-bold u-upperCase\" href=\"https:\/\/www.startlap.hu\/utazas\/gorogorszag-athen-koltozes-elet\/\" >Felmondtam a munkahelyemen \u00e9s G\u00f6r\u00f6gorsz\u00e1gba k\u00f6lt\u00f6ztem \u2013 azt hittem, ez a t\u00f6k\u00e9letes \u00e9let, azt\u00e1n j\u00f6tt a val\u00f3s\u00e1g<\/a>\n\t\t<\/h3>\n\t\t<a class=\"m-readMoreWidget__btn -coloredBack u-tC link\" href=\"https:\/\/www.startlap.hu\/utazas\/gorogorszag-athen-koltozes-elet\/\" >Elolvasom<\/a>\n\t<\/div>\n<\/div>\n","protected":false},"excerpt":{"rendered":"<p>Egy f\u00e1kkal bor\u00edtott, 12 ezer n\u00e9gyzetm\u00e9teres \u00fasz\u00f3 sziget jelent meg a kanadai Williston-tavon, majd elt\u0171nt, hogy kilom\u00e9terekkel arr\u00e1bb bukkanjon fel.<\/p>\n","protected":false},"author":8,"featured_media":112964,"comment_status":"closed","ping_status":"closed","sticky":false,"template":"","format":"standard","meta":{"footnotes":""},"categories":[70],"tags":[846,658,7761],"class_list":["post-112959","post","type-post","status-publish","format-standard","has-post-thumbnail","hentry","category-vilag","tag-erdo","tag-kanada","tag-lakatlan-sziget"],"aioseo_notices":[],"_links":{"self":[{"href":"https:\/\/www.startlap.hu\/utazas\/wp-json\/wp\/v2\/posts\/112959","targetHints":{"allow":["GET"]}}],"collection":[{"href":"https:\/\/www.startlap.hu\/utazas\/wp-json\/wp\/v2\/posts"}],"about":[{"href":"https:\/\/www.startlap.hu\/utazas\/wp-json\/wp\/v2\/types\/post"}],"author":[{"embeddable":true,"href":"https:\/\/www.startlap.hu\/utazas\/wp-json\/wp\/v2\/users\/8"}],"replies":[{"embeddable":true,"href":"https:\/\/www.startlap.hu\/utazas\/wp-json\/wp\/v2\/comments?post=112959"}],"version-history":[{"count":6,"href":"https:\/\/www.startlap.hu\/utazas\/wp-json\/wp\/v2\/posts\/112959\/revisions"}],"predecessor-version":[{"id":112966,"href":"https:\/\/www.startlap.hu\/utazas\/wp-json\/wp\/v2\/posts\/112959\/revisions\/112966"}],"wp:featuredmedia":[{"embeddable":true,"href":"https:\/\/www.startlap.hu\/utazas\/wp-json\/wp\/v2\/media\/112964"}],"wp:attachment":[{"href":"https:\/\/www.startlap.hu\/utazas\/wp-json\/wp\/v2\/media?parent=112959"}],"wp:term":[{"taxonomy":"category","embeddable":true,"href":"https:\/\/www.startlap.hu\/utazas\/wp-json\/wp\/v2\/categories?post=112959"},{"taxonomy":"post_tag","embeddable":true,"href":"https:\/\/www.startlap.hu\/utazas\/wp-json\/wp\/v2\/tags?post=112959"}],"curies":[{"name":"wp","href":"https:\/\/api.w.org\/{rel}","templated":true}]}}