{"id":112950,"date":"2026-09-03T20:08:59","date_gmt":"2026-09-03T18:08:59","guid":{"rendered":"https:\/\/www.startlap.hu\/utazas\/?p=112950"},"modified":"2026-09-03T20:35:43","modified_gmt":"2026-09-03T18:35:43","slug":"mikulas-telapo-finnorszag-lakhely","status":"publish","type":"post","link":"https:\/\/www.startlap.hu\/utazas\/mikulas-telapo-finnorszag-lakhely\/","title":{"rendered":"Egy f\u00e9rfi be akarta bizony\u00edtani, hogy a Mikul\u00e1s nem Finnorsz\u00e1gban \u00e9l &#8211; ellene d\u00f6nt\u00f6tt az Eur\u00f3pai Uni\u00f3"},"content":{"rendered":"<p>Egy holland szabad\u00fasz\u00f3 \u00fajs\u00e1g\u00edr\u00f3 megpr\u00f3b\u00e1lta meggy\u0151zni az Eur\u00f3pai Uni\u00f3 Szellemi Tulajdoni Hivatal\u00e1t (EUIPO) arr\u00f3l, hogy a <strong>Mikul\u00e1s kital\u00e1lt szerepl\u0151, ez\u00e9rt elm\u00e9letileg b\u00e1rhol lehetne az otthona<\/strong>. \u00c9rvel\u00e9se azonban nem j\u00e1rt sikerrel: a <strong><a href=\"https:\/\/www.startlap.hu\/utazas\/haboru-nemzetkozi-turizmus-novekedes\/\" target=\"_blank\" rel=\"noopener\">hivatal<\/a><\/strong> v\u00e1ltozatlanul \u00e9rv\u00e9nyben hagyta Rovaniemi v\u00e9djegy\u00e9t, \u00edgy a finn v\u00e1ros tov\u00e1bbra is \u201eA Mikul\u00e1s hivatalos sz\u00fcl\u0151v\u00e1rosak\u00e9nt\u201d hirdetheti mag\u00e1t.<\/p>\n<h2>A Mikul\u00e1snak nincs \u00e1lland\u00f3 lakc\u00edme?<\/h2>\n<p>Lex Boon holland szabad\u00fasz\u00f3 \u00fajs\u00e1g\u00edr\u00f3 tavaly \u00e9v v\u00e9g\u00e9n fordult az EUIPO-hoz. K\u00e9relm\u00e9ben azt szerette volna el\u00e9rni, hogy t\u00f6r\u00f6lj\u00e9k Rovaniemi \u201eA Mikul\u00e1s hivatalos sz\u00fcl\u0151v\u00e1rosa\u201d kifejez\u00e9sre bejegyzett v\u00e9djegy\u00e9t.<\/p>\n<figure id=\"attachment_112953\" aria-describedby=\"caption-attachment-112953\" style=\"width: 755px\" class=\"wp-caption alignnone\"><img loading=\"lazy\" decoding=\"async\" class=\"size-article-size-large-image wp-image-112953\" src=\"https:\/\/www.startlap.hu\/utazas\/uploads\/sites\/3\/2026\/09\/mikulas_telapo_szakall_-755x503.jpg\" alt=\"A val\u00f3di Mikul\u00e1s Finnorsz\u00e1gban \u00e9lt. \" width=\"755\" height=\"503\" srcset=\"https:\/\/www.startlap.hu\/utazas\/uploads\/sites\/3\/2026\/09\/mikulas_telapo_szakall_-755x503.jpg 755w, https:\/\/www.startlap.hu\/utazas\/uploads\/sites\/3\/2026\/09\/mikulas_telapo_szakall_-525x350.jpg 525w, https:\/\/www.startlap.hu\/utazas\/uploads\/sites\/3\/2026\/09\/mikulas_telapo_szakall_.jpg 1201w\" sizes=\"auto, (max-width: 755px) 100vw, 755px\" \/><figcaption id=\"caption-attachment-112953\" class=\"wp-caption-text\">Megk\u00e9rd\u0151jelezte egy holland \u00fajs\u00e1g\u00edr\u00f3, hogy Finnorsz\u00e1gban lakik a Mikul\u00e1s &#8211; Fot\u00f3: Laura Haapam\u00e4ki \/ AFP<\/figcaption><\/figure>\n<p><strong>Boon \u00e9rvel\u00e9se szerint a Mikul\u00e1s kital\u00e1lt figura<\/strong>, ez\u00e9rt semmi sem akad\u00e1lyozhatja meg az embereket abban, hogy b\u00e1rhol kijel\u00f6lj\u00e9k a sz\u00fcl\u0151v\u00e1ros\u00e1t. Mint mondta, kezdem\u00e9nyez\u00e9s\u00e9vel nem akart elvenni semmit Rovaniemit\u0151l, \u00e9s a <strong><a href=\"https:\/\/www.startlap.hu\/utazas\/olaszorszag-udulohely-kijarasi-tilalom-gyerekek\/\" target=\"_blank\" rel=\"noopener\">gyerekek<\/a><\/strong> sz\u00e1m\u00e1ra sem szerette volna elrontani a Mikul\u00e1s t\u00f6rt\u00e9net\u00e9t.<\/p>\n<p>A holland \u00fajs\u00e1g\u00edr\u00f3 a finn Yle m\u0171sorszolg\u00e1ltat\u00f3nak \u00fagy fogalmazott, hogy <strong>kifog\u00e1sa nem mag\u00e1r\u00f3l a kar\u00e1csonyr\u00f3l, hanem egy elvi k\u00e9rd\u00e9sr\u0151l sz\u00f3lt<\/strong>. \u00c1ll\u00e1spontja szerint egyetlen <strong><a href=\"https:\/\/www.startlap.hu\/utazas\/europa-ejszakai-elet-rangsor\/\" target=\"_blank\" rel=\"noopener\">v\u00e1ros<\/a><\/strong> sem tarthat fenn kiz\u00e1r\u00f3lagos kereskedelmi jogokat egy olyan szerepl\u0151vel kapcsolatban, aki mindenkihez tartozik.<\/p>\n<h2>Ez\u00e9rt maradhatott meg Rovaniemi v\u00e9djegye<\/h2>\n<p>Az EUIPO ezen a h\u00e9ten elutas\u00edtotta a t\u00f6rl\u00e9si k\u00e9relmet, miut\u00e1n nem tal\u00e1lt megfelel\u0151 jogalapot a v\u00e9djegy visszavon\u00e1s\u00e1ra. Ennek k\u00f6vetkezt\u00e9ben <strong>Rovaniemi \u201eA Mikul\u00e1s hivatalos sz\u00fcl\u0151v\u00e1rosa\u201d megjel\u00f6l\u00e9sre<\/strong> vonatkoz\u00f3 v\u00e9djegye az Eur\u00f3pai Uni\u00f3 teljes ter\u00fclet\u00e9n \u00e9rv\u00e9nyben marad.<\/p>\n<p>A d\u00f6nt\u00e9s h\u00e1tter\u00e9ben egy l\u00e9nyeges jogi k\u00fcl\u00f6nbs\u00e9g \u00e1ll. <strong>Mag\u00e1t a Mikul\u00e1st senki sem saj\u00e1t\u00edthatja ki<\/strong>, hiszen folkl\u00f3rfigurak\u00e9nt k\u00f6zkincsnek sz\u00e1m\u00edt. Rovaniemi azonban nem a Mikul\u00e1s alakja felett szerzett jogokat, hanem egy konkr\u00e9t, a v\u00e1roshoz k\u00f6t\u0151d\u0151 m\u00e1rkakifejez\u00e9st helyezett v\u00e9delem al\u00e1.<\/p>\n<p>Ez a k\u00fcl\u00f6nbs\u00e9g elegend\u0151 volt ahhoz, hogy az uni\u00f3s hivatal ne t\u00f6r\u00f6lje a bejegyz\u00e9st. Rovaniemi teh\u00e1t nem \u00e1ll\u00edthatja, hogy jogilag birtokolja a Mikul\u00e1st, azt viszont tov\u00e1bbra is kiz\u00e1r\u00f3lagosan haszn\u00e1lhatja, hogy <strong>a v\u00e1ros \u201eA Mikul\u00e1s hivatalos sz\u00fcl\u0151v\u00e1rosa\u201d.<\/strong><\/p>\n<h2>Egy eg\u00e9sz v\u00e1ros \u00e9p\u00fclt a Mikul\u00e1s t\u00f6rt\u00e9net\u00e9re<\/h2>\n<p>Rovaniemi a sarkk\u00f6rt\u0151l k\u00f6zvetlen\u00fcl d\u00e9lre, a finnorsz\u00e1gi Lappf\u00f6ld\u00f6n tal\u00e1lhat\u00f3. A v\u00e1roshoz tartoz\u00f3 Mikul\u00e1sfalva \u00e9ppen a sarkk\u00f6r hat\u00e1r\u00e1n fekszik, \u00e9s rengeteg l\u00e1togat\u00f3t vonz. A turist\u00e1k k\u00f6z\u00fcl sokan azon a pontos helyen szeretn\u00e9nek f\u00e9nyk\u00e9pet k\u00e9sz\u00edteni, amely a sarkvid\u00e9ket elv\u00e1lasztja a vil\u00e1g t\u00f6bbi r\u00e9sz\u00e9t\u0151l.<\/p>\n<p>A telep\u00fcl\u00e9s idegenforgalma szinte teljes eg\u00e9sz\u00e9ben a Mikul\u00e1s t\u00f6rt\u00e9net\u00e9re \u00e9p\u00fcl. A Visit Rovaniemi adatai szerint a Mikul\u00e1sfalv\u00e1ban m\u0171k\u00f6d\u0151 Mikul\u00e1s F\u0151post\u00e1ja minden \u00e9vben t\u00f6bb mint f\u00e9lmilli\u00f3 levelet, k\u00e9peslapot \u00e9s csomagot kap.<\/p>\n<p>A rendk\u00edv\u00fcli n\u00e9pszer\u0171s\u00e9g ugyanakkor komoly terhet is r\u00f3 a v\u00e1rosra. Az elm\u00falt teleken t\u00f6bbsz\u00f6r \u00e9rkeztek h\u00edrek arr\u00f3l, hogy Mikul\u00e1sfalva m\u00e1r nehezen birk\u00f3zik meg a l\u00e1togat\u00f3k t\u00f6meg\u00e9vel. Rovaniemi olyan <strong><a href=\"https:\/\/www.startlap.hu\/utazas\/vlkolinec-szlovakia-falu-tomegturizmus\/\" target=\"_blank\" rel=\"noopener\">t\u00falturizmussal<\/a><\/strong> szembes\u00fcl, amelyet \u00e1ltal\u00e1ban n\u00e1la j\u00f3val nagyobb \u00e9s ismertebb \u00fati c\u00e9lokkal kapcsolatban szoktak emlegetni.<\/p>\n<h2>T\u00f6bb v\u00e9djegy is \u00f3vja a kar\u00e1csonyi m\u00e1rk\u00e1t<\/h2>\n<p>Nem \u201eA Mikul\u00e1s hivatalos sz\u00fcl\u0151v\u00e1rosa\u201d az egyetlen v\u00e9djegy, amely Rovaniemi k\u00fcl\u00f6nleges st\u00e1tusz\u00e1t \u00e9s kar\u00e1csonyi m\u00e1rk\u00e1j\u00e1t v\u00e9di. A v\u00e1ros a \u201eSanta Claus Office \u2013 Arctic Circle Finland\u201d elnevez\u00e9st is uni\u00f3s v\u00e9djegyk\u00e9nt jegyeztette be.<\/p>\n<p>Emellett a finn rep\u00fcl\u0151tereket \u00fczemeltet\u0151 Finavia k\u00fcl\u00f6n birtokolja <strong>\u201eA Mikul\u00e1s hivatalos rep\u00fcl\u0151tere\u201d<\/strong> v\u00e9djegyet, amely Rovaniemi saj\u00e1t rep\u00fcl\u0151ter\u00e9re vonatkozik.<\/p>\n<p>A bejegyz\u00e9sek nemcsak az Eur\u00f3pai Uni\u00f3 ter\u00fclet\u00e9n \u00e1llnak v\u00e9delem alatt. Az Egyes\u00fclt \u00c1llamokban, Nagy-Britanni\u00e1ban, Jap\u00e1nban \u00e9s Norv\u00e9gi\u00e1ban is oltalmat \u00e9lveznek, ami j\u00f3l mutatja, mennyire komolyan veszi Rovaniemi a k\u00fcl\u00f6nb\u00f6z\u0151, kapcsol\u00f3d\u00f3 v\u00e9djegyeket. A turist\u00e1k \u00e9s az utaz\u00e1si c\u00e9gek sz\u00e1m\u00e1ra is fontos a d\u00f6nt\u00e9s<\/p>\n<p>A hat\u00e1rozat a lappf\u00f6ldi kar\u00e1csonyi utaz\u00e1st tervez\u0151k, valamint a Rovaniemibe t\u00e9li utakat \u00e9rt\u00e9kes\u00edt\u0151 l\u00e9git\u00e1rsas\u00e1gok \u00e9s utaz\u00e1si v\u00e1llalkoz\u00e1sok sz\u00e1m\u00e1ra is jelent\u0151s\u00e9ggel b\u00edr. A c\u00e9gek \u2013 amelyek k\u00f6z\u00fcl n\u00e9h\u00e1ny kor\u00e1bban k\u00f6zvetlen <strong><a href=\"https:\/\/www.startlap.hu\/utazas\/spanyolorszag-legnagyobb-mesterseges-tava\/\" target=\"_blank\" rel=\"noopener\">spanyolorsz\u00e1gi<\/a><\/strong> j\u00e1ratokat is k\u00edn\u00e1lt \u2013 tov\u00e1bbra is teljes joggal haszn\u00e1lhatj\u00e1k aj\u00e1nlataikban a \u201ehivatalos sz\u00fcl\u0151v\u00e1ros\u201d megjel\u00f6l\u00e9st.<\/p>\n<p><strong>Az elnevez\u00e9s teh\u00e1t nem puszt\u00e1n hangzatos marketingfog\u00e1s<\/strong>, hanem jogilag is \u00e9rv\u00e9nyes \u00e1ll\u00edt\u00e1s. Boon egyel\u0151re nem k\u00f6z\u00f6lte, hogy fellebbezni k\u00edv\u00e1n-e az EUIPO d\u00f6nt\u00e9se ellen.<\/p>\n<p><strong>Am\u00edg nem t\u00f6rt\u00e9nik \u00fajabb jogi fordulat<\/strong>, addig a sz\u00e1n, a r\u00e9nszarvasok \u00e9s az \u00e9vente gyermeklevelek sz\u00e1zezrein felt\u00fcntetett c\u00edm is ugyanabba, a sarkk\u00f6r sz\u00e9l\u00e9n fekv\u0151 finn kisv\u00e1rosba vezet.<\/p>\n<div class=\"o-widget m-readMoreWidget -readMore u-shortDecorLineAfter row widget-container _ce_measure_widget bigdata-widget read-more\" data-ce-measure-widget=\"olvass tov\u00e1bb\">\n\t<div class=\"m-readMoreWidget__imgWrapper image-wrapper col-12 col-md-4 no-p\">\n\t\t<a class=\"m-readMoreWidget__imgLink\" href=\"https:\/\/www.startlap.hu\/utazas\/gorogorszag-athen-koltozes-elet\/\" >\n\t\t\t<img decoding=\"async\" src=\"https:\/\/www.startlap.hu\/utazas\/uploads\/sites\/3\/2026\/09\/athen-turista-350x285.jpg\" class=\"m-readMoreWidget__img\">\n\t\t<\/a>\n\t<\/div>\n\t<div class=\"m-readMoreWidget__titleWrapper title-wrapper col-12 col-md-8\">\n\t\t<span class=\"m-readMoreWidget__titleLabel u-shortDecorLineBefore label hidden-sm-up\">Ez is \u00e9rdekelhet:<\/span>\n\t\t<h3 class=\"m-readMoreWidget__title title\">\n\t\t\t<a class=\"m-readMoreWidget__titleLink -secondFont u-bold u-upperCase\" href=\"https:\/\/www.startlap.hu\/utazas\/gorogorszag-athen-koltozes-elet\/\" >Felmondtam a munkahelyemen \u00e9s G\u00f6r\u00f6gorsz\u00e1gba k\u00f6lt\u00f6ztem \u2013 azt hittem, ez a t\u00f6k\u00e9letes \u00e9let, azt\u00e1n j\u00f6tt a val\u00f3s\u00e1g<\/a>\n\t\t<\/h3>\n\t\t<a class=\"m-readMoreWidget__btn -coloredBack u-tC link\" href=\"https:\/\/www.startlap.hu\/utazas\/gorogorszag-athen-koltozes-elet\/\" >Elolvasom<\/a>\n\t<\/div>\n<\/div>\n","protected":false},"excerpt":{"rendered":"<p>Egy holland \u00fajs\u00e1g\u00edr\u00f3 szerint a Mikul\u00e1s kital\u00e1lt szerepl\u0151k\u00e9nt b\u00e1rhol otthonra tal\u00e1lhat, a k\u00fcl\u00f6n\u00f6s k\u00e9rd\u00e9sben v\u00e9g\u00fcl egy uni\u00f3s hivatal hozott d\u00f6nt\u00e9st.<\/p>\n","protected":false},"author":8,"featured_media":112953,"comment_status":"closed","ping_status":"closed","sticky":false,"template":"","format":"standard","meta":{"footnotes":""},"categories":[70],"tags":[520,1034,1035],"class_list":["post-112950","post","type-post","status-publish","format-standard","has-post-thumbnail","hentry","category-vilag","tag-finnorszag","tag-mikulas","tag-telapo"],"aioseo_notices":[],"_links":{"self":[{"href":"https:\/\/www.startlap.hu\/utazas\/wp-json\/wp\/v2\/posts\/112950","targetHints":{"allow":["GET"]}}],"collection":[{"href":"https:\/\/www.startlap.hu\/utazas\/wp-json\/wp\/v2\/posts"}],"about":[{"href":"https:\/\/www.startlap.hu\/utazas\/wp-json\/wp\/v2\/types\/post"}],"author":[{"embeddable":true,"href":"https:\/\/www.startlap.hu\/utazas\/wp-json\/wp\/v2\/users\/8"}],"replies":[{"embeddable":true,"href":"https:\/\/www.startlap.hu\/utazas\/wp-json\/wp\/v2\/comments?post=112950"}],"version-history":[{"count":7,"href":"https:\/\/www.startlap.hu\/utazas\/wp-json\/wp\/v2\/posts\/112950\/revisions"}],"predecessor-version":[{"id":112958,"href":"https:\/\/www.startlap.hu\/utazas\/wp-json\/wp\/v2\/posts\/112950\/revisions\/112958"}],"wp:featuredmedia":[{"embeddable":true,"href":"https:\/\/www.startlap.hu\/utazas\/wp-json\/wp\/v2\/media\/112953"}],"wp:attachment":[{"href":"https:\/\/www.startlap.hu\/utazas\/wp-json\/wp\/v2\/media?parent=112950"}],"wp:term":[{"taxonomy":"category","embeddable":true,"href":"https:\/\/www.startlap.hu\/utazas\/wp-json\/wp\/v2\/categories?post=112950"},{"taxonomy":"post_tag","embeddable":true,"href":"https:\/\/www.startlap.hu\/utazas\/wp-json\/wp\/v2\/tags?post=112950"}],"curies":[{"name":"wp","href":"https:\/\/api.w.org\/{rel}","templated":true}]}}