{"id":112930,"date":"2026-09-03T18:03:40","date_gmt":"2026-09-03T16:03:40","guid":{"rendered":"https:\/\/www.startlap.hu\/utazas\/?p=112930"},"modified":"2026-09-03T15:55:34","modified_gmt":"2026-09-03T13:55:34","slug":"gorogorszag-athen-koltozes-elet","status":"publish","type":"post","link":"https:\/\/www.startlap.hu\/utazas\/gorogorszag-athen-koltozes-elet\/","title":{"rendered":"Felmondtam a munkahelyemen \u00e9s G\u00f6r\u00f6gorsz\u00e1gba k\u00f6lt\u00f6ztem \u2013 azt hittem, ez a t\u00f6k\u00e9letes \u00e9let, azt\u00e1n j\u00f6tt a val\u00f3s\u00e1g"},"content":{"rendered":"<p><strong>Kathleen O&#8217;Donnell<\/strong> eredetileg az\u00e9rt mondott fel a munkahely\u00e9n, hogy t\u00f6bb id\u0151t t\u00f6lthessen utaz\u00e1ssal. Ekkor jutott el <a href=\"https:\/\/www.startlap.hu\/utazas\/panthenon-gorogorszag-templom\/\" target=\"_blank\" rel=\"noopener\">Ath\u00e9nba<\/a> is, ami annyira megtetszett neki, hogy vil\u00e1g k\u00f6r\u00fcli \u00fatja v\u00e9g\u00e9n \u00fagy d\u00f6nt\u00f6tt: nemcsak visszat\u00e9r, hanem le is telepszik a g\u00f6r\u00f6g f\u0151v\u00e1rosban.<\/p>\n<div class=\"o-widget m-readMoreWidget -readMore u-shortDecorLineAfter row widget-container _ce_measure_widget bigdata-widget read-more\" data-ce-measure-widget=\"olvass tov\u00e1bb\">\n\t<div class=\"m-readMoreWidget__imgWrapper image-wrapper col-12 col-md-4 no-p\">\n\t\t<a class=\"m-readMoreWidget__imgLink\" href=\"https:\/\/www.startlap.hu\/utazas\/nyugdijas-thailfold-olcsobb-elet\/\" >\n\t\t\t<img decoding=\"async\" src=\"https:\/\/www.startlap.hu\/utazas\/uploads\/sites\/3\/2026\/08\/thaifold-350x285.jpg\" class=\"m-readMoreWidget__img\">\n\t\t<\/a>\n\t<\/div>\n\t<div class=\"m-readMoreWidget__titleWrapper title-wrapper col-12 col-md-8\">\n\t\t<span class=\"m-readMoreWidget__titleLabel u-shortDecorLineBefore label hidden-sm-up\">Ez is \u00e9rdekelhet:<\/span>\n\t\t<h3 class=\"m-readMoreWidget__title title\">\n\t\t\t<a class=\"m-readMoreWidget__titleLink -secondFont u-bold u-upperCase\" href=\"https:\/\/www.startlap.hu\/utazas\/nyugdijas-thailfold-olcsobb-elet\/\" >\u201eItt \u00e9n vagyok a vil\u00e1g kir\u00e1lya\u201d \u2013 Thaif\u00f6ldre k\u00f6lt\u00f6z\u00f6tt a nyugd\u00edjas, aki havi 1250 eur\u00f3b\u00f3l alig \u00e9lt meg Mallorc\u00e1n<\/a>\n\t\t<\/h3>\n\t\t<a class=\"m-readMoreWidget__btn -coloredBack u-tC link\" href=\"https:\/\/www.startlap.hu\/utazas\/nyugdijas-thailfold-olcsobb-elet\/\" >Elolvasom<\/a>\n\t<\/div>\n<\/div>\n<p>2022-ben megszerezte a g\u00f6r\u00f6gorsz\u00e1gi tart\u00f3zkod\u00e1si jogot, k\u00e9s\u0151bb pedig lak\u00e1st is v\u00e1s\u00e1rolt Ath\u00e9n belv\u00e1ros\u00e1ban.<\/p>\n<blockquote><p>Szeretem az \u00e9letemet Ath\u00e9nban, de megtanultam, hogy a lass\u00fa \u00e9let val\u00f3s\u00e1ga nagyon elt\u00e9r az elk\u00e9pzel\u00e9sekt\u0151l<\/p><\/blockquote>\n<p>&#8211; fogalmazott.<\/p>\n<h2>Augusztusban t\u00f6bb \u00fczlet \u00e9s k\u00e1v\u00e9z\u00f3 is hetekre bez\u00e1r<\/h2>\n<p>Az egyik legnagyobb meglepet\u00e9st Kathleen sz\u00e1m\u00e1ra az augusztusi id\u0151szak jelentette.<\/p>\n<p>Ath\u00e9nb\u00f3l ilyenkor rengeteg helyi indul el a szigetekre vagy vid\u00e9ki telep\u00fcl\u00e9sekre nyaralni, ennek k\u00f6vetkezt\u00e9ben egyes v\u00e1rosr\u00e9szekben \u00fczletek, k\u00e1v\u00e9z\u00f3k \u00e9s \u00e9ttermek sora z\u00e1r be ak\u00e1r k\u00e9t h\u00e9tre vagy m\u00e9g hosszabb id\u0151re.<\/p>\n<p>Egy amerikai sz\u00e1m\u00e1ra els\u0151re kifejezetten vonz\u00f3nak t\u0171nhet, hogy ennyire term\u00e9szetes a t\u00f6bbhetes ny\u00e1ri szabads\u00e1g. O&#8217;Donnell kor\u00e1bban az Egyes\u00fclt \u00c1llamokban maga sem tudott egyszerre ilyen hossz\u00fa id\u0151re kiszakadni a munk\u00e1b\u00f3l.<\/p>\n<p>A h\u00e9tk\u00f6znapi \u00e9let szempontj\u00e1b\u00f3l azonban ennek \u00e1ra is van.<\/p>\n<blockquote class=\"article__extraTxt\"><p>Augusztus el\u0151tt c\u00e9lszer\u0171 id\u0151ben elint\u00e9zni a hivatalos \u00fcgyeket, megtervezni a bev\u00e1s\u00e1rl\u00e1st, \u00e9s a k\u00f6zleked\u00e9sben is hosszabb v\u00e1rakoz\u00e1sra lehet sz\u00e1m\u00edtani a ritk\u00e1bb ny\u00e1ri menetrend miatt.<\/p><\/blockquote>\n<p>A \u201elass\u00fa \u00e9let\u201d r\u00e1ad\u00e1sul kor\u00e1ntsem mindenkinek jelent t\u00f6bb pihen\u00e9st. A turizmusban dolgoz\u00f3k k\u00f6z\u00fcl sokan \u00e9ppen a ny\u00e1ri szezonban vannak a legink\u00e1bb leterhelve. O&#8217;Donnell olyan emberekkel is tal\u00e1lkozott, akik a legforgalmasabb h\u00f3napokban napi 14 \u00f3r\u00e1t dolgoznak.<\/p>\n<figure id=\"attachment_112934\" aria-describedby=\"caption-attachment-112934\" style=\"width: 755px\" class=\"wp-caption alignnone\"><a href=\"https:\/\/www.startlap.hu\/utazas\/uploads\/sites\/3\/2026\/09\/athen-turista.jpg\"><img loading=\"lazy\" decoding=\"async\" class=\"size-article-size-large-image wp-image-112934\" src=\"https:\/\/www.startlap.hu\/utazas\/uploads\/sites\/3\/2026\/09\/athen-turista-755x425.jpg\" alt=\"Boldog n\u0151i turista \u00e9lvezi az Akropolisz panor\u00e1m\u00e1j\u00e1t Ath\u00e9nban, G\u00f6r\u00f6gorsz\u00e1gban\" width=\"755\" height=\"425\" srcset=\"https:\/\/www.startlap.hu\/utazas\/uploads\/sites\/3\/2026\/09\/athen-turista-755x425.jpg 755w, https:\/\/www.startlap.hu\/utazas\/uploads\/sites\/3\/2026\/09\/athen-turista-1536x864.jpg 1536w, https:\/\/www.startlap.hu\/utazas\/uploads\/sites\/3\/2026\/09\/athen-turista-2048x1152.jpg 2048w, https:\/\/www.startlap.hu\/utazas\/uploads\/sites\/3\/2026\/09\/athen-turista-215x120.jpg 215w, https:\/\/www.startlap.hu\/utazas\/uploads\/sites\/3\/2026\/09\/athen-turista-622x350.jpg 622w\" sizes=\"auto, (max-width: 755px) 100vw, 755px\" \/><\/a><figcaption id=\"caption-attachment-112934\" class=\"wp-caption-text\">Turista \u00e9lvezi az Akropolisz panor\u00e1m\u00e1j\u00e1t Ath\u00e9nban, G\u00f6r\u00f6gorsz\u00e1gban. Fot\u00f3: Getty Images<\/figcaption><\/figure>\n<h2>Vas\u00e1rnap nem felt\u00e9tlen\u00fcl indulhatsz el bev\u00e1s\u00e1rolni<\/h2>\n<p>A h\u00e9tv\u00e9gi ritmushoz is hozz\u00e1 kellett szoknia.<\/p>\n<p>M\u00edg az Egyes\u00fclt \u00c1llamok nagy r\u00e9sz\u00e9n is term\u00e9szetes, hogy vas\u00e1rnap is nyitva vannak a boltok, addig Ath\u00e9nban sok szupermarket, \u00fczlet \u00e9s nagyobb nemzetk\u00f6zi l\u00e1nc z\u00e1rva tart a h\u00e9t utols\u00f3 napj\u00e1n. Egyes kisebb boltok pedig m\u00e1r szombaton is hamarabb bez\u00e1rnak.<\/p>\n<p>O&#8217;Donnell ugyanakkor \u00e9ppen ebben l\u00e1tja a g\u00f6r\u00f6g \u00e9let egyik szerethet\u0151 oldal\u00e1t is. <strong>A vas\u00e1rnap val\u00f3ban pihen\u0151nap: sokan ezt az id\u0151t csal\u00e1ddal, bar\u00e1tokkal vagy a <a href=\"https:\/\/www.startlap.hu\/utazas\/gorogorszag-tengerpart-homokos-top10\/\" target=\"_blank\" rel=\"noopener\">tengerparton<\/a> t\u00f6ltik, nem pedig bev\u00e1s\u00e1rl\u00f3k\u00f6zpontokban \u00e9s \u00fcgyint\u00e9z\u00e9ssel.<\/strong><\/p>\n<p>A k\u00e9nyelmes vas\u00e1rnapi bev\u00e1s\u00e1rl\u00e1s lehet\u0151s\u00e9ge ett\u0151l m\u00e9g n\u00e9ha hi\u00e1nyzik neki.<\/p>\n<h2>A g\u00f6r\u00f6g \u201eholnap\u201d nem felt\u00e9tlen\u00fcl holnapot jelent<\/h2>\n<p>Kathleen szerint a mediterr\u00e1n \u00e9letritmushoz val\u00f3 alkalmazkod\u00e1s egyik leg\u00e9rdekesebb r\u00e9sze az id\u0151h\u00f6z val\u00f3 viszonyul\u00e1s.<\/p>\n<p>Amikor egy g\u00f6r\u00f6g szerel\u0151, fut\u00e1r vagy szolg\u00e1ltat\u00f3 azt mondja, hogy \u201e\u00e1vrio\u201d, vagyis holnap \u00e9rkezik, az O&#8217;Donnell tapasztalata szerint nem felt\u00e9tlen\u00fcl jelent konkr\u00e9t \u00edg\u00e9retet a k\u00f6vetkez\u0151 napra.<\/p>\n<blockquote class=\"article__extraTxt\"><p>A \u201eholnap\u201d jelentheti azt is, hogy n\u00e9h\u00e1ny nap m\u00falva, egy h\u00e9t m\u00falva, vagy egyszer\u0171en akkor, amikor siker\u00fcl sort ker\u00edteni r\u00e1.<\/p><\/blockquote>\n<p>Ezt a lazas\u00e1got k\u00f6nny\u0171 szeretni, amikor az ember saj\u00e1t programj\u00e1r\u00f3l van sz\u00f3. Kev\u00e9sb\u00e9 sz\u00f3rakoztat\u00f3 azonban akkor, amikor p\u00e9ld\u00e1ul egy \u00faj lak\u00e1sban napokig v\u00e1rni kell a villanyszerel\u0151re.<\/p>\n<h2>M\u00e9gis ezt az \u00e9letet v\u00e1lasztan\u00e1<\/h2>\n<p>Az amerikai n\u0151 mindezek ellen\u00e9re nem b\u00e1nta meg a k\u00f6lt\u00f6z\u00e9st. S\u0151t, \u00e9ppen azok a dolgok tartj\u00e1k <a href=\"https:\/\/www.startlap.hu\/utazas\/gorog-sziget-macskagondozas-ingyen-szallas\/\" target=\"_blank\" rel=\"noopener\">G\u00f6r\u00f6gorsz\u00e1gban<\/a>, amelyek miatt eredetileg beleszeretett az orsz\u00e1gba.<\/p>\n<p>Bar\u00e1tai gyakran az utols\u00f3 pillanatban \u00edrnak r\u00e1 egy k\u00f6z\u00f6s k\u00e1v\u00e9 miatt, nem kell hetekkel kor\u00e1bban id\u0151pontot egyeztetni egy egyszer\u0171 tal\u00e1lkoz\u00f3hoz, \u00e9s egy vacsora ak\u00e1r n\u00e9gy \u00f3r\u00e1n \u00e1t is tarthat an\u00e9lk\u00fcl, hogy a pinc\u00e9r s\u00fcrgetn\u00e9 a t\u00e1rsas\u00e1got az asztal \u00e1tad\u00e1s\u00e1ra.<\/p>\n<p>A vas\u00e1rnap pedig ak\u00e1r teljes eg\u00e9sz\u00e9ben eltelhet a tengerparton egy k\u00f6nyvvel.<\/p>\n<p>O&#8217;Donnell tapasztalata v\u00e9g\u00fcl nem arr\u00f3l sz\u00f3l, hogy a g\u00f6r\u00f6gorsz\u00e1gi \u00e9let rosszabb lenne ann\u00e1l, amit turistak\u00e9nt elk\u00e9pzel\u00fcnk. Ink\u00e1bb arr\u00f3l, hogy a nyaral\u00e1son megtapasztalt mediterr\u00e1n idill csak a t\u00f6rt\u00e9net egyik fele.<\/p>\n<p><strong><a href=\"https:\/\/www.ilmessaggero.it\/persone\/ho_lasciato_lavoro_vivo_in_grecia_vita_lenta_non_bella-9726946.html?refresh_ce\" target=\"_blank\" target=\"_blank\" rel=\"noopener\">Forr\u00e1sunk volt<\/a><\/strong>.<\/p>\n<div class=\"o-widget m-readMoreWidget -readMore u-shortDecorLineAfter row widget-container _ce_measure_widget bigdata-widget read-more\" data-ce-measure-widget=\"olvass tov\u00e1bb\">\n\t<div class=\"m-readMoreWidget__imgWrapper image-wrapper col-12 col-md-4 no-p\">\n\t\t<a class=\"m-readMoreWidget__imgLink\" href=\"https:\/\/www.startlap.hu\/utazas\/hegyi-medence-makovica-szlovakia\/\" >\n\t\t\t<img decoding=\"async\" src=\"https:\/\/www.startlap.hu\/utazas\/uploads\/sites\/3\/2026\/08\/moja-makovica-350x285.jpg\" class=\"m-readMoreWidget__img\">\n\t\t<\/a>\n\t<\/div>\n\t<div class=\"m-readMoreWidget__titleWrapper title-wrapper col-12 col-md-8\">\n\t\t<span class=\"m-readMoreWidget__titleLabel u-shortDecorLineBefore label hidden-sm-up\">Ez is \u00e9rdekelhet:<\/span>\n\t\t<h3 class=\"m-readMoreWidget__title title\">\n\t\t\t<a class=\"m-readMoreWidget__titleLink -secondFont u-bold u-upperCase\" href=\"https:\/\/www.startlap.hu\/utazas\/hegyi-medence-makovica-szlovakia\/\" >Az erd\u0151 sz\u00edv\u00e9ben b\u00fajik meg ez a 100 m\u00e9teres, t\u00fcrkiz medence, alig 3 \u00f3r\u00e1ra Budapestt\u0151l<\/a>\n\t\t<\/h3>\n\t\t<a class=\"m-readMoreWidget__btn -coloredBack u-tC link\" href=\"https:\/\/www.startlap.hu\/utazas\/hegyi-medence-makovica-szlovakia\/\" >Elolvasom<\/a>\n\t<\/div>\n<\/div>\n","protected":false},"excerpt":{"rendered":"<p>Sokan \u00e1lmodoznak arr\u00f3l egy g\u00f6r\u00f6gorsz\u00e1gi nyaral\u00e1s k\u00f6zben, hogy milyen lenne v\u00e9gleg ott maradni: tengerpart, hossz\u00fa vacsor\u00e1k, j\u00f3val nyugodtabb \u00e9letritmus. Egy Ath\u00e9nba k\u00f6lt\u00f6z\u0151 amerikai n\u0151 azonban azzal is szembes\u00fclt, hogy ami turistak\u00e9nt idillinek t\u0171nik, annak a h\u00e9tk\u00f6znapokban kev\u00e9sb\u00e9 k\u00e9nyelmes oldala is van.<\/p>\n","protected":false},"author":45,"featured_media":112934,"comment_status":"closed","ping_status":"closed","sticky":false,"template":"","format":"standard","meta":{"footnotes":""},"categories":[70],"tags":[278,188],"class_list":["post-112930","post","type-post","status-publish","format-standard","has-post-thumbnail","hentry","category-vilag","tag-athen","tag-gorogorszag"],"aioseo_notices":[],"_links":{"self":[{"href":"https:\/\/www.startlap.hu\/utazas\/wp-json\/wp\/v2\/posts\/112930","targetHints":{"allow":["GET"]}}],"collection":[{"href":"https:\/\/www.startlap.hu\/utazas\/wp-json\/wp\/v2\/posts"}],"about":[{"href":"https:\/\/www.startlap.hu\/utazas\/wp-json\/wp\/v2\/types\/post"}],"author":[{"embeddable":true,"href":"https:\/\/www.startlap.hu\/utazas\/wp-json\/wp\/v2\/users\/45"}],"replies":[{"embeddable":true,"href":"https:\/\/www.startlap.hu\/utazas\/wp-json\/wp\/v2\/comments?post=112930"}],"version-history":[{"count":4,"href":"https:\/\/www.startlap.hu\/utazas\/wp-json\/wp\/v2\/posts\/112930\/revisions"}],"predecessor-version":[{"id":112935,"href":"https:\/\/www.startlap.hu\/utazas\/wp-json\/wp\/v2\/posts\/112930\/revisions\/112935"}],"wp:featuredmedia":[{"embeddable":true,"href":"https:\/\/www.startlap.hu\/utazas\/wp-json\/wp\/v2\/media\/112934"}],"wp:attachment":[{"href":"https:\/\/www.startlap.hu\/utazas\/wp-json\/wp\/v2\/media?parent=112930"}],"wp:term":[{"taxonomy":"category","embeddable":true,"href":"https:\/\/www.startlap.hu\/utazas\/wp-json\/wp\/v2\/categories?post=112930"},{"taxonomy":"post_tag","embeddable":true,"href":"https:\/\/www.startlap.hu\/utazas\/wp-json\/wp\/v2\/tags?post=112930"}],"curies":[{"name":"wp","href":"https:\/\/api.w.org\/{rel}","templated":true}]}}