{"id":112920,"date":"2026-09-03T14:33:23","date_gmt":"2026-09-03T12:33:23","guid":{"rendered":"https:\/\/www.startlap.hu\/utazas\/?p=112920"},"modified":"2026-09-03T14:34:14","modified_gmt":"2026-09-03T12:34:14","slug":"ees-eu-repuloter-sorok","status":"publish","type":"post","link":"https:\/\/www.startlap.hu\/utazas\/ees-eu-repuloter-sorok\/","title":{"rendered":"Szeptember 7-\u00e9t\u0151l nagyot v\u00e1ltozik az utaz\u00e1s az Eur\u00f3pai Uni\u00f3ban: hosszabb sorokra k\u00e9sz\u00fclhet\u00fcnk a rep\u00fcl\u0151tereken"},"content":{"rendered":"<p>Az eur\u00f3pai utaz\u00e1s az elm\u00falt id\u0151szakban jelent\u0151sen megv\u00e1ltozott az EU <a href=\"https:\/\/www.startlap.hu\/utazas\/hataratlepes-regisztracio-eu-ees-utlevel\/\" target=\"_blank\" rel=\"noopener\">digit\u00e1lis regisztr\u00e1ci\u00f3s hat\u00e1rigazgat\u00e1si rendszere<\/a>&nbsp; miatt. Az EES c\u00e9lja, hogy digit\u00e1lisan r\u00f6gz\u00edtse az EU-n k\u00edv\u00fcli \u00e1llampolg\u00e1rok bel\u00e9p\u00e9s\u00e9t \u00e9s kil\u00e9p\u00e9s\u00e9t a <a href=\"https:\/\/www.startlap.hu\/utazas\/romania-bulgaria-schengen-bovules-januar-hatarellenorzes\/\" target=\"_blank\" rel=\"noopener\">schengeni t\u00e9rs\u00e9gb\u0151l<\/a>.<\/p>\n<div class=\"o-widget m-readMoreWidget -readMore u-shortDecorLineAfter row widget-container _ce_measure_widget bigdata-widget read-more\" data-ce-measure-widget=\"olvass tov\u00e1bb\">\n\t<div class=\"m-readMoreWidget__imgWrapper image-wrapper col-12 col-md-4 no-p\">\n\t\t<a class=\"m-readMoreWidget__imgLink\" href=\"https:\/\/www.startlap.hu\/utazas\/hegyi-medence-makovica-szlovakia\/\" >\n\t\t\t<img decoding=\"async\" src=\"https:\/\/www.startlap.hu\/utazas\/uploads\/sites\/3\/2026\/08\/moja-makovica-350x285.jpg\" class=\"m-readMoreWidget__img\">\n\t\t<\/a>\n\t<\/div>\n\t<div class=\"m-readMoreWidget__titleWrapper title-wrapper col-12 col-md-8\">\n\t\t<span class=\"m-readMoreWidget__titleLabel u-shortDecorLineBefore label hidden-sm-up\">Ez is \u00e9rdekelhet:<\/span>\n\t\t<h3 class=\"m-readMoreWidget__title title\">\n\t\t\t<a class=\"m-readMoreWidget__titleLink -secondFont u-bold u-upperCase\" href=\"https:\/\/www.startlap.hu\/utazas\/hegyi-medence-makovica-szlovakia\/\" >Az erd\u0151 sz\u00edv\u00e9ben b\u00fajik meg ez a 100 m\u00e9teres, t\u00fcrkiz medence, alig 3 \u00f3r\u00e1ra Budapestt\u0151l<\/a>\n\t\t<\/h3>\n\t\t<a class=\"m-readMoreWidget__btn -coloredBack u-tC link\" href=\"https:\/\/www.startlap.hu\/utazas\/hegyi-medence-makovica-szlovakia\/\" >Elolvasom<\/a>\n\t<\/div>\n<\/div>\n<p>A rendszer bevezet\u00e9se m\u00e1r eddig is okozott <a href=\"https:\/\/www.startlap.hu\/utazas\/biometrikus-hatarellenorzes-repuloter-kaosz\/\" target=\"_blank\" rel=\"noopener\">hosszabb v\u00e1rakoz\u00e1si id\u0151ket<\/a> t\u00f6bb eur\u00f3pai rep\u00fcl\u0151t\u00e9ren. Most azonban \u00fajabb fontos d\u00e1tum k\u00f6zeleg: <strong>2026. szeptember 7-\u00e9n v\u00e9get \u00e9r az \u00e1tmeneti id\u0151szak<\/strong>, amely alatt a tag\u00e1llamok bizonyos esetekben ideiglenesen kikapcsolhatt\u00e1k az EES-ellen\u0151rz\u00e9st &#8211; \u00edrja a <a href=\"https:\/\/www.thetimes.com\/travel\/advice\/border-checks-eu-ees-entry-exit-system-news-8grrwsgk9\" target=\"_blank\" target=\"_blank\" rel=\"noopener\">The Times<\/a>.<\/p>\n<h2>Mi v\u00e1ltozik szeptember 7-t\u0151l?<\/h2>\n<p>Az EES-t fokozatosan vezett\u00e9k be, \u00edgy az elm\u00falt h\u00f3napokban nem minden hat\u00e1r\u00e1tkel\u0151helyen ugyan\u00fagy zajlott az ellen\u0151rz\u00e9s.<\/p>\n<p>Ha egy rep\u00fcl\u0151t\u00e9ren vagy hat\u00e1r\u00e1tkel\u0151n kezelhetetlenn\u00e9 v\u00e1ltak a sorok, a hat\u00f3s\u00e1gok \u00e1tmenetileg le\u00e1ll\u00edthatt\u00e1k az EES haszn\u00e1lat\u00e1t. Ilyenkor visszat\u00e9rtek a hagyom\u00e1nyos, k\u00e9zi \u00fatlev\u00e9l-ellen\u0151rz\u00e9shez.<\/p>\n<blockquote class=\"article__extraTxt\"><p>Ez a lehet\u0151s\u00e9g szeptember 7-\u00e9n megsz\u0171nik.<\/p><\/blockquote>\n<p>Az \u00faj rendszer teljes k\u00f6r\u0171 alkalmaz\u00e1sa azt jelenti, hogy az \u00e9rintett utasoknak sz\u00e1molniuk kell a biometrikus adatok r\u00f6gz\u00edt\u00e9s\u00e9vel is.<\/p>\n<p><strong>Els\u0151 alkalommal ezekre lehet sz\u00fcks\u00e9g:<\/strong><\/p>\n<ul>\n<li><a href=\"https:\/\/www.startlap.hu\/utazas\/utlevel-szinek-jelentese\/\" target=\"_blank\" rel=\"noopener\">\u00fatlev\u00e9ladatok<\/a> regisztr\u00e1ci\u00f3j\u00e1ra,<\/li>\n<li>arcfelv\u00e9tel k\u00e9sz\u00edt\u00e9s\u00e9re,<\/li>\n<li>ujjlenyomat r\u00f6gz\u00edt\u00e9s\u00e9re,<\/li>\n<li>az utaz\u00e1ssal kapcsolatos adatok ellen\u0151rz\u00e9s\u00e9re.<\/li>\n<\/ul>\n<p>A regisztr\u00e1ci\u00f3 jellemz\u0151en \u00f6nkiszolg\u00e1l\u00f3 kioszkokn\u00e1l t\u00f6rt\u00e9nik, de egyes rep\u00fcl\u0151tereken a hat\u00e1r\u0151rizeti pultn\u00e1l is elv\u00e9gezhetik az adatfelv\u00e9telt.<\/p>\n<figure id=\"attachment_112921\" aria-describedby=\"caption-attachment-112921\" style=\"width: 755px\" class=\"wp-caption alignnone\"><a href=\"https:\/\/www.startlap.hu\/utazas\/uploads\/sites\/3\/2026\/09\/fiatal-par-borond-rohan-repuloter.jpg\"><img loading=\"lazy\" decoding=\"async\" class=\"size-article-size-large-image wp-image-112921\" src=\"https:\/\/www.startlap.hu\/utazas\/uploads\/sites\/3\/2026\/09\/fiatal-par-borond-rohan-repuloter-755x481.jpg\" alt=\"Fiatal p\u00e1r \u0151r\u00f6nddel rohan egy rept\u00e9ren\" width=\"755\" height=\"481\" srcset=\"https:\/\/www.startlap.hu\/utazas\/uploads\/sites\/3\/2026\/09\/fiatal-par-borond-rohan-repuloter-755x481.jpg 755w, https:\/\/www.startlap.hu\/utazas\/uploads\/sites\/3\/2026\/09\/fiatal-par-borond-rohan-repuloter-1536x979.jpg 1536w, https:\/\/www.startlap.hu\/utazas\/uploads\/sites\/3\/2026\/09\/fiatal-par-borond-rohan-repuloter-549x350.jpg 549w, https:\/\/www.startlap.hu\/utazas\/uploads\/sites\/3\/2026\/09\/fiatal-par-borond-rohan-repuloter.jpg 1600w\" sizes=\"auto, (max-width: 755px) 100vw, 755px\" \/><\/a><figcaption id=\"caption-attachment-112921\" class=\"wp-caption-text\">2026. szeptember 7-\u00e9n v\u00e9get \u00e9r az \u00e1tmeneti id\u0151szak, amely alatt az EU tag\u00e1llamai bizonyos esetekben ideiglenesen kikapcsolhatt\u00e1k az EES-ellen\u0151rz\u00e9st. T\u00f6bb rep\u00fcl\u0151t\u00e9ren hosszabb sorok alakulhatnak ki. Fot\u00f3: Getty Images<\/figcaption><\/figure>\n<h2>Mi\u00e9rt lehetnek hosszabbak a sorok?<\/h2>\n<p>Az EES egyik legnagyobb gyakorlati probl\u00e9m\u00e1ja \u00e9ppen az, hogy az els\u0151 regisztr\u00e1ci\u00f3 j\u00f3val t\u00f6bb id\u0151t vehet ig\u00e9nybe, mint a kor\u00e1bbi \u00fatlev\u00e9l-ellen\u0151rz\u00e9s.<\/p>\n<p>A hagyom\u00e1nyos ellen\u0151rz\u00e9sn\u00e9l a hat\u00e1r\u0151r els\u0151sorban az \u00fatlevelet vizsg\u00e1lta meg. Az \u00faj rendszerben viszont az els\u0151 alkalommal biometrikus adatokat is r\u00f6gz\u00edteni kell.<\/p>\n<blockquote class=\"article__extraTxt\"><p>Ez k\u00fcl\u00f6n\u00f6sen akkor okozhat fennakad\u00e1st, ha egyszerre sok EU-n k\u00edv\u00fcli utas \u00e9rkezik.<\/p><\/blockquote>\n<p>A ny\u00e1ri tapasztalatok alapj\u00e1n t\u00f6bb rep\u00fcl\u0151t\u00e9ren is jelent\u0151s v\u00e1rakoz\u00e1si id\u0151k alakultak ki. A l\u00e9git\u00e1rsas\u00e1gok k\u00fcl\u00f6n\u00f6sen <a href=\"https:\/\/www.startlap.hu\/utazas\/spanyolorszag-legnagyobb-mesterseges-tava\/\" target=\"_blank\" rel=\"noopener\">spanyolorsz\u00e1gi<\/a>, portug\u00e1liai, olaszorsz\u00e1gi \u00e9s franciaorsz\u00e1gi rep\u00fcl\u0151tereken jeleztek probl\u00e9m\u00e1kat.<\/p>\n<p>A hosszabb sorok nem felt\u00e9tlen\u00fcl minden alkalommal jelentkeznek, de az utaz\u00f3knak \u00e9rdemes felk\u00e9sz\u00fclni\u00fck arra, hogy az ellen\u0151rz\u00e9s a kor\u00e1bbin\u00e1l t\u00f6bb id\u0151t vehet ig\u00e9nybe.<\/p>\n<h2>Ezeken a rep\u00fcl\u0151tereken m\u00e1r komoly v\u00e1rakoz\u00e1sokat tapasztaltak<\/h2>\n<p>A l\u00e9git\u00e1rsas\u00e1gok \u00e1ltal jelzett probl\u00e9m\u00e1s rep\u00fcl\u0151terek k\u00f6z\u00f6tt t\u00f6bb n\u00e9pszer\u0171 nyaral\u00f3hely is szerepel.<\/p>\n<p>Ilyen p\u00e9ld\u00e1ul:<\/p>\n<ul>\n<li>Tenerife,<\/li>\n<li>Palma de Mallorca,<\/li>\n<li>Alicante,<\/li>\n<li>M\u00e1laga,<\/li>\n<li>Mil\u00e1n\u00f3-Bergamo,<\/li>\n<li><a href=\"https:\/\/www.startlap.hu\/utazas\/lengyelorszag-krakko-karacsonyi-vasar-ovaros-latnivalok-fotok\/\" target=\"_blank\" rel=\"noopener\">Krakk\u00f3<\/a>,<\/li>\n<li>P\u00e1rizs-Beauvais,<\/li>\n<li>Lisszabon,<\/li>\n<li>Porto,<\/li>\n<li>R\u00f3ma,<\/li>\n<li>N\u00e1poly.<\/li>\n<\/ul>\n<p>A v\u00e1rakoz\u00e1si id\u0151 term\u00e9szetesen folyamatosan v\u00e1ltozhat, ez\u00e9rt egy-egy rep\u00fcl\u0151t\u00e9r helyzete egyik napr\u00f3l a m\u00e1sikra is elt\u00e9rhet.<\/p>\n<h2>A briteknek m\u00e1r indul\u00e1s el\u0151tt is fontos lehet az EES<\/h2>\n<p>Az Egyes\u00fclt Kir\u00e1lys\u00e1gb\u00f3l Eur\u00f3p\u00e1ba utaz\u00f3knak t\u00f6bb olyan helysz\u00edn is van, ahol m\u00e1r brit ter\u00fcleten megt\u00f6rt\u00e9nik a francia hat\u00e1rellen\u0151rz\u00e9s.<\/p>\n<p>Ez \u00e9rinti p\u00e9ld\u00e1ul:<\/p>\n<ul>\n<li>Dover kik\u00f6t\u0151j\u00e9t, ahol a kompok utasai kelnek \u00e1t,<\/li>\n<li>a londoni St Pancras p\u00e1lyaudvart, ahonnan az Eurostar indul,<\/li>\n<li>Folkestone-t, ahonnan a LeShuttle k\u00f6zlekedik.<\/li>\n<\/ul>\n<p>Ez az\u00e9rt fontos, mert ezeken a helyeken az utasok m\u00e9g az indul\u00e1s el\u0151tt \u00e1teshetnek az eur\u00f3pai hat\u00e1rellen\u0151rz\u00e9sen.<\/p>\n<p>Doverben \u00e9s Folkestone-ban azonban a technikai probl\u00e9m\u00e1k miatt az aut\u00f3val k\u00f6zleked\u0151k eset\u00e9ben az EES teljes k\u00f6r\u0171 alkalmaz\u00e1sa m\u00e9g nem val\u00f3sult meg, ez\u00e9rt egyel\u0151re tov\u00e1bbra is a hagyom\u00e1nyos ellen\u0151rz\u00e9s \u00e9s az \u00fatlev\u00e9l pecs\u00e9tel\u00e9se marad \u00e9rv\u00e9nyben.<\/p>\n<h2>Nem kell minden alkalommal \u00fajra ujjlenyomatot adni<\/h2>\n<p>Az els\u0151 regisztr\u00e1ci\u00f3 lehet a leghosszabb, k\u00e9s\u0151bb azonban a folyamat v\u00e1rhat\u00f3an egyszer\u0171bb lesz.&nbsp;Az EES nyilv\u00e1ntartja az utas adatait, \u00edgy <strong>a k\u00f6vetkez\u0151 eur\u00f3pai utaz\u00e1sok alkalm\u00e1val m\u00e1r nem felt\u00e9tlen\u00fcl kell minden adatot \u00fajra r\u00f6gz\u00edteni<\/strong>.<\/p>\n<p>Az utasoknak azonban tov\u00e1bbra is sz\u00fcks\u00e9g\u00fck lehet arra, hogy felkeress\u00e9k az EES-kioszkot, ahol ellen\u0151rzik az \u00fatlev\u00e9ladataikat \u00e9s az arcfelismer\u00e9s seg\u00edts\u00e9g\u00e9vel meger\u0151s\u00edtik szem\u00e9lyazonoss\u00e1gukat.<\/p>\n<blockquote class=\"article__extraTxt\"><p>A 12 \u00e9v alatti gyermekeknek nem kell ujjlenyomatot adniuk.<\/p><\/blockquote>\n<h2>Mire figyeljen, aki \u0151sszel az Eur\u00f3pai Uni\u00f3ba utazik?<\/h2>\n<p>Az EES miatt az egyik legfontosabb tan\u00e1cs, hogy ne az utols\u00f3 pillanatban \u00e9rkezz a <a href=\"https:\/\/www.startlap.hu\/utazas\/jarat-csatlakozas-repter-tippek\/\" target=\"_blank\" rel=\"noopener\">rep\u00fcl\u0151t\u00e9rre<\/a>.<\/p>\n<p>K\u00fcl\u00f6n\u00f6sen akkor \u00e9rdemes nagyobb id\u0151tartal\u00e9kkal sz\u00e1molni, ha:<\/p>\n<ul>\n<li>valaki EU-n k\u00edv\u00fcli \u00e1llampolg\u00e1rk\u00e9nt el\u0151sz\u00f6r utazik az \u00faj rendszerben,<\/li>\n<li>nagy forgalm\u00fa rep\u00fcl\u0151t\u00e9rr\u0151l indul,<\/li>\n<li>cs\u00facsid\u0151ben \u00e9rkezik,<\/li>\n<li>\u00e1tsz\u00e1ll\u00e1sos utaz\u00e1sa van,<\/li>\n<li>haj\u00f3utat vagy m\u00e1s id\u0151h\u00f6z k\u00f6t\u00f6tt programot szeretne el\u00e9rni.<\/li>\n<\/ul>\n<p>Ha p\u00e9ld\u00e1ul egy rep\u00fcl\u0151t\u00e9ri k\u00e9s\u00e9s miatt lek\u00e9sed a csatlakoz\u00e1st vagy egy haj\u00f3 indul\u00e1s\u00e1t, komoly pluszk\u00f6lts\u00e9ged is keletkezhet.<\/p>\n<p>Az utasbiztos\u00edt\u00e1s sem felt\u00e9tlen\u00fcl t\u00e9r\u00edti meg az EES miatti v\u00e1rakoz\u00e1sb\u00f3l sz\u00e1rmaz\u00f3 vesztes\u00e9geket.<\/p>\n<h2>\u00c9s mi lesz az Etias rendszerrel?<\/h2>\n<p>Az EES-t gyakran \u00f6sszekeverik az Etias rendszerrel, pedig k\u00e9t k\u00fcl\u00f6n rendszerr\u0151l van sz\u00f3.<\/p>\n<p><strong>Az Etias egy elektronikus utaz\u00e1si enged\u00e9ly lesz<\/strong>, amely az amerikai Esta rendszer\u00e9hez hasonl\u00f3 m\u00f3don m\u0171k\u00f6dik. Bevezet\u00e9s\u00e9t azonban <a href=\"https:\/\/www.startlap.hu\/utazas\/etias-bevezetes-elhalasztas-2025\/\" target=\"_blank\" rel=\"noopener\">elhalasztott\u00e1k<\/a>, \u00edgy a rendszer v\u00e1rhat\u00f3an csak 2027-ben v\u00e1lik aktu\u00e1liss\u00e1.<\/p>\n<p>Az EES ezzel szemben m\u00e1r m\u0171k\u00f6dik, \u00e9s szeptember 7-t\u0151l az \u00e1tmeneti id\u0151szak is v\u00e9get \u00e9r.<\/p>\n<h2>Mit \u00e9rdemes most megjegyezni?<\/h2>\n<p>Az eur\u00f3pai utaz\u00e1s teh\u00e1t nem v\u00e1lik lehetetlenn\u00e9 vagy felt\u00e9tlen\u00fcl sokkal bonyolultabb\u00e1, de az indul\u00e1s el\u0151tti id\u0151tervez\u00e9s fontosabb lehet, mint kor\u00e1bban.<\/p>\n<p>A legfontosabb, amit \u00e9rdemes \u00e9szben tartani:<\/p>\n<ul>\n<li>szeptember 7-t\u0151l megsz\u0171nik az EES ideiglenes kikapcsol\u00e1s\u00e1nak lehet\u0151s\u00e9ge,<\/li>\n<li>az els\u0151 regisztr\u00e1ci\u00f3 biometrikus adatfelv\u00e9tellel j\u00e1r,<\/li>\n<li>t\u00f6bb n\u00e9pszer\u0171 eur\u00f3pai rep\u00fcl\u0151t\u00e9ren m\u00e1r kialakultak hossz\u00fa sorok,<\/li>\n<li>k\u00e9s\u0151bbi utaz\u00e1sokn\u00e1l az ellen\u0151rz\u00e9s v\u00e1rhat\u00f3an gyorsabb lesz,<\/li>\n<li>12 \u00e9v alatti gyermekekn\u00e9l nincs ujjlenyomat-r\u00f6gz\u00edt\u00e9s,<\/li>\n<li>az Egyes\u00fclt Kir\u00e1lys\u00e1gb\u00f3l bizonyos \u00fatvonalakon m\u00e1r indul\u00e1s el\u0151tt megt\u00f6rt\u00e9nik az eur\u00f3pai hat\u00e1rellen\u0151rz\u00e9s,<\/li>\n<li>\u0151sszel is \u00e9rdemes a kor\u00e1bbin\u00e1l nagyobb id\u0151tartal\u00e9kkal \u00e9rkezni a rep\u00fcl\u0151t\u00e9rre.<\/li>\n<\/ul>\n<p>Ha teh\u00e1t valaki szeptemberben vagy azut\u00e1n az Eur\u00f3pai Uni\u00f3ba utazik, a legjobb, amit tehet, hogy nem hagyja az utols\u00f3 percekre a hat\u00e1r- \u00e9s biztons\u00e1gi ellen\u0151rz\u00e9seket. Az EES c\u00e9lja hossz\u00fa t\u00e1von \u00e9ppen a gyorsabb \u00e9s modernebb hat\u00e1r\u00e1tl\u00e9p\u00e9s, az \u00e1t\u00e1ll\u00e1si id\u0151szak azonban m\u00e9g komolyabb v\u00e1rakoz\u00e1sokat okozhat.<\/p>\n<div class=\"o-widget m-readMoreWidget -readMore u-shortDecorLineAfter row widget-container _ce_measure_widget bigdata-widget read-more\" data-ce-measure-widget=\"olvass tov\u00e1bb\">\n\t<div class=\"m-readMoreWidget__imgWrapper image-wrapper col-12 col-md-4 no-p\">\n\t\t<a class=\"m-readMoreWidget__imgLink\" href=\"https:\/\/www.startlap.hu\/utazas\/repter-utazas-poggyasz-tippek\/\" >\n\t\t\t<img decoding=\"async\" src=\"https:\/\/www.startlap.hu\/utazas\/uploads\/sites\/3\/2026\/09\/poggyasz-borond-repulo-350x285.jpg\" class=\"m-readMoreWidget__img\">\n\t\t<\/a>\n\t<\/div>\n\t<div class=\"m-readMoreWidget__titleWrapper title-wrapper col-12 col-md-8\">\n\t\t<span class=\"m-readMoreWidget__titleLabel u-shortDecorLineBefore label hidden-sm-up\">Ez is \u00e9rdekelhet:<\/span>\n\t\t<h3 class=\"m-readMoreWidget__title title\">\n\t\t\t<a class=\"m-readMoreWidget__titleLink -secondFont u-bold u-upperCase\" href=\"https:\/\/www.startlap.hu\/utazas\/repter-utazas-poggyasz-tippek\/\" >Volt poggy\u00e1szkezel\u0151: ezeket a b\u0151r\u00f6nd\u00f6ket dob\u00e1lj\u00e1k a leggyakrabban<\/a>\n\t\t<\/h3>\n\t\t<a class=\"m-readMoreWidget__btn -coloredBack u-tC link\" href=\"https:\/\/www.startlap.hu\/utazas\/repter-utazas-poggyasz-tippek\/\" >Elolvasom<\/a>\n\t<\/div>\n<\/div>\n","protected":false},"excerpt":{"rendered":"<p>Az Eur\u00f3pai Uni\u00f3 bel\u00e9ptet\u00e9si\/kil\u00e9ptet\u00e9si rendszer\u00e9nek (EES, vagyis Entry\/Exit System) teljes k\u00f6r\u0171 bevezet\u00e9se \u00fajabb v\u00e1ltoz\u00e1st hoz az Eur\u00f3pai Uni\u00f3ba utaz\u00f3k sz\u00e1m\u00e1ra. Szeptember 7-t\u0151l megsz\u0171nik annak lehet\u0151s\u00e9ge, hogy a hat\u00f3s\u00e1gok ideiglenesen le\u00e1ll\u00edts\u00e1k a rendszert. Mit jelenthet ez a gyakorlatban \u00e9s mire sz\u00e1m\u00edthat, aki \u0151sszel k\u00fclf\u00f6ldre indul? <\/p>\n","protected":false},"author":7,"featured_media":112921,"comment_status":"closed","ping_status":"closed","sticky":false,"template":"","format":"standard","meta":{"footnotes":""},"categories":[70],"tags":[638,1638,732],"class_list":["post-112920","post","type-post","status-publish","format-standard","has-post-thumbnail","hentry","category-vilag","tag-europai-unio","tag-hatarellenorzes","tag-repuloter"],"aioseo_notices":[],"_links":{"self":[{"href":"https:\/\/www.startlap.hu\/utazas\/wp-json\/wp\/v2\/posts\/112920","targetHints":{"allow":["GET"]}}],"collection":[{"href":"https:\/\/www.startlap.hu\/utazas\/wp-json\/wp\/v2\/posts"}],"about":[{"href":"https:\/\/www.startlap.hu\/utazas\/wp-json\/wp\/v2\/types\/post"}],"author":[{"embeddable":true,"href":"https:\/\/www.startlap.hu\/utazas\/wp-json\/wp\/v2\/users\/7"}],"replies":[{"embeddable":true,"href":"https:\/\/www.startlap.hu\/utazas\/wp-json\/wp\/v2\/comments?post=112920"}],"version-history":[{"count":3,"href":"https:\/\/www.startlap.hu\/utazas\/wp-json\/wp\/v2\/posts\/112920\/revisions"}],"predecessor-version":[{"id":112924,"href":"https:\/\/www.startlap.hu\/utazas\/wp-json\/wp\/v2\/posts\/112920\/revisions\/112924"}],"wp:featuredmedia":[{"embeddable":true,"href":"https:\/\/www.startlap.hu\/utazas\/wp-json\/wp\/v2\/media\/112921"}],"wp:attachment":[{"href":"https:\/\/www.startlap.hu\/utazas\/wp-json\/wp\/v2\/media?parent=112920"}],"wp:term":[{"taxonomy":"category","embeddable":true,"href":"https:\/\/www.startlap.hu\/utazas\/wp-json\/wp\/v2\/categories?post=112920"},{"taxonomy":"post_tag","embeddable":true,"href":"https:\/\/www.startlap.hu\/utazas\/wp-json\/wp\/v2\/tags?post=112920"}],"curies":[{"name":"wp","href":"https:\/\/api.w.org\/{rel}","templated":true}]}}