{"id":112865,"date":"2026-09-02T11:05:00","date_gmt":"2026-09-02T09:05:00","guid":{"rendered":"https:\/\/www.startlap.hu\/utazas\/?p=112865"},"modified":"2026-09-02T11:05:00","modified_gmt":"2026-09-02T09:05:00","slug":"horvatorszag-magyar-turistak-panasz","status":"publish","type":"post","link":"https:\/\/www.startlap.hu\/utazas\/horvatorszag-magyar-turistak-panasz\/","title":{"rendered":"Leadt\u00e1k a rendel\u00e9st a magyarok a horv\u00e1torsz\u00e1gi \u00e9tteremben, a pinc\u00e9r azonnal elk\u00fcldte a fiatalokat &#8211; igazi v\u00e9lem\u00e9nyh\u00e1bor\u00fa robbant ki az interneten az esettel kapcsolatban"},"content":{"rendered":"<p>Nem mindennapi t\u00f6rt\u00e9net robbantott ki vit\u00e1t a k\u00f6z\u00f6ss\u00e9gi m\u00e9di\u00e1ban a horv\u00e1torsz\u00e1gi nyaral\u00e1s \u00e9s az \u00e9ttermi etikett hat\u00e1rair\u00f3l. Egy magyar \u00e9desanya besz\u00e1mol\u00f3ja szerint fi\u00e1t \u00e9s annak h\u00e1rom bar\u00e1tj\u00e1t egy <a href=\"https:\/\/www.startlap.hu\/utazas\/horvatorszag-krk-magas-fizetes\/\" target=\"_blank\" rel=\"noopener\">Krk sziget\u00e9n<\/a> m\u0171k\u00f6d\u0151, zs\u00fafolt \u00e9tteremb\u0151l k\u00fcldt\u00e9k el, miut\u00e1n kider\u00fclt, hogy vacsoraid\u0151ben nem f\u0151\u00e9telt, hanem fejenk\u00e9nt csak egy-egy adag palacsint\u00e1t szeretn\u00e9nek rendelni &#8211; \u00edrja a<a href=\"https:\/\/www.hirstart.hu\/site\/relocate.php?rssid=71&amp;rsspid=3&amp;ctype=rss&amp;id=47950871&amp;chk=4febb8108b8c04c3ccd4f392298e0f48&amp;url=https%3A%2F%2Fwww.blikk.hu%2Fgazdasag%2Fvasarlas%2Fhorvatorszag-etterem-fogyasztas-palacsinta-magyarok%2Frqxgl0y%3Futm_source%3Dhirstart%26utm_medium%3Dcpc%26utm_campaign%3Dblikk-hirstart\" target=\"_blank\" target=\"_blank\" rel=\"noopener\"> Blikk<\/a>.<\/p>\n<div class=\"o-widget m-readMoreWidget -readMore u-shortDecorLineAfter row widget-container _ce_measure_widget bigdata-widget read-more\" data-ce-measure-widget=\"olvass tov\u00e1bb\">\n\t<div class=\"m-readMoreWidget__imgWrapper image-wrapper col-12 col-md-4 no-p\">\n\t\t<a class=\"m-readMoreWidget__imgLink\" href=\"https:\/\/www.startlap.hu\/utazas\/nyugdijas-thailfold-olcsobb-elet\/\" >\n\t\t\t<img decoding=\"async\" src=\"https:\/\/www.startlap.hu\/utazas\/uploads\/sites\/3\/2026\/08\/thaifold-350x285.jpg\" class=\"m-readMoreWidget__img\">\n\t\t<\/a>\n\t<\/div>\n\t<div class=\"m-readMoreWidget__titleWrapper title-wrapper col-12 col-md-8\">\n\t\t<span class=\"m-readMoreWidget__titleLabel u-shortDecorLineBefore label hidden-sm-up\">Ez is \u00e9rdekelhet:<\/span>\n\t\t<h3 class=\"m-readMoreWidget__title title\">\n\t\t\t<a class=\"m-readMoreWidget__titleLink -secondFont u-bold u-upperCase\" href=\"https:\/\/www.startlap.hu\/utazas\/nyugdijas-thailfold-olcsobb-elet\/\" >\u201eItt \u00e9n vagyok a vil\u00e1g kir\u00e1lya\u201d \u2013 Thaif\u00f6ldre k\u00f6lt\u00f6z\u00f6tt a nyugd\u00edjas, aki havi 1250 eur\u00f3b\u00f3l alig \u00e9lt meg Mallorc\u00e1n<\/a>\n\t\t<\/h3>\n\t\t<a class=\"m-readMoreWidget__btn -coloredBack u-tC link\" href=\"https:\/\/www.startlap.hu\/utazas\/nyugdijas-thailfold-olcsobb-elet\/\" >Elolvasom<\/a>\n\t<\/div>\n<\/div>\n<p>Az eset ut\u00e1n egym\u00e1snak fesz\u00fcltek a v\u00e9lem\u00e9nyek az interneten: sokan a pinc\u00e9r viselked\u00e9s\u00e9t tartott\u00e1k elfogadhatatlannak, m\u00e1sok szerint egy telt h\u00e1zas \u00e9tteremben \u00e9rthet\u0151, ha a vend\u00e9gl\u00e1t\u00f3 els\u0151sorban vacsor\u00e1z\u00f3 vend\u00e9gekkel szeretn\u00e9 megt\u00f6lteni az asztalokat. Az \u00fcgyben a Horv\u00e1t Idegenforgalmi K\u00f6z\u00f6ss\u00e9g magyarorsz\u00e1gi k\u00e9pviselete is megsz\u00f3lalt, \u00e9s azt is tiszt\u00e1zt\u00e1k, l\u00e9tezik-e <a href=\"https:\/\/www.startlap.hu\/utazas\/horvatorszag-utoszezon-dugi-otok\/\" target=\"_blank\" rel=\"noopener\">Horv\u00e1torsz\u00e1gban<\/a> k\u00f6telez\u0151 minim\u00e1lis fogyaszt\u00e1s.<\/p>\n<h2>Meghallotta a pinc\u00e9r a rendel\u00e9st, majd elk\u00fcldte a n\u00e9gy fiatalt<\/h2>\n<p>A n\u00e9gy magyar fiatal a sziget egyik n\u00e9pszer\u0171, nagy forgalm\u00fa \u00e9tterm\u00e9ben szeretett volna enni. <strong>K\u00f6r\u00fclbel\u00fcl 10-15 percet kellett v\u00e1rniuk, mire asztalt kaptak, majd meg\u00e9rkezett hozz\u00e1juk a felszolg\u00e1l\u00f3.<\/strong> Fejenk\u00e9nt egy-egy adag palacsint\u00e1t rendeltek, ez 7 eur\u00f3ba, vagyis nagyj\u00e1b\u00f3l 2800 forintba ker\u00fclt. N\u00e9gy\u00fck fogyaszt\u00e1sa \u00edgy \u00f6sszesen 28 eur\u00f3, mintegy 11 ezer forint lett volna.<\/p>\n<p>A besz\u00e1mol\u00f3 szerint a pinc\u00e9r a rendel\u00e9s hallat\u00e1n <strong>kikelt mag\u00e1b\u00f3l, \u00e9s sz\u00e1monk\u00e9rte a fiatalokat, ami\u00e9rt vacsoraid\u0151ben csak desszertet k\u00e9rnek.<\/strong> Arra hivatkozott, hogy az \u00e9tterem el\u0151tt olyan vend\u00e9gek v\u00e1rakoznak, akik vacsor\u00e1zni szeretn\u00e9nek, majd fel\u00e1ll\u00edtotta \u00e9s elk\u00fcldte \u0151ket az asztalt\u00f3l.<\/p>\n<p>A t\u00f6rt\u00e9netb\u0151l r\u00f6vid id\u0151 alatt heves vita lett. A hozz\u00e1sz\u00f3l\u00e1sok alapj\u00e1n h\u00e1rom k\u00e9rd\u00e9s k\u00f6r\u00fcl alakult ki a legnagyobb n\u00e9zetk\u00fcl\u00f6nbs\u00e9g:<\/p>\n<ul>\n<li>megszabhatja-e egy \u00e9tterem, hogy mennyit kell minimum fogyasztani,<\/li>\n<li>elfogadhat\u00f3-e cs\u00facsid\u0151ben csak desszerttel elfoglalni egy t\u00f6bbf\u0151s asztalt,<\/li>\n<li>\u00e9s megengedhet\u0151-e a vend\u00e9g elk\u00fcld\u00e9se, ha err\u0151l el\u0151zetesen nem t\u00e1j\u00e9koztatt\u00e1k.<\/li>\n<\/ul>\n<h2>Sokan kiakadtak a pinc\u00e9r viselked\u00e9s\u00e9n<\/h2>\n<p>Sokan \u00fagy v\u00e9lt\u00e9k, teljesen mindegy, hogy valaki f\u0151\u00e9telt vagy palacsint\u00e1t v\u00e1laszt, ha egyszer fizet\u0151 vend\u00e9gk\u00e9nt le\u00fcltett\u00e9k az \u00e9tteremben.<\/p>\n<blockquote><p>\u201eMi\u00f3ta szabja meg a pinc\u00e9r egy \u00e9tteremben, milyen \u00e9rt\u00e9k\u0171 fogyaszt\u00e1s az, ami\u00e9rt le lehet \u00fclni egy asztalhoz? Ez teljesen elfogadhatatlan \u00e9s s\u00e9rt\u0151 magatart\u00e1s, a fogyaszt\u00f3v\u00e9delemn\u00e9l kellene feljelenteni az ilyen helyet!\u201d<\/p><\/blockquote>\n<p>&#8211; m\u00e9ltatlankodott az egyik hozz\u00e1sz\u00f3l\u00f3.<\/p>\n<p>M\u00e1sok szerint a t\u00f6rt\u00e9net nem teljesen egyedi, \u00e9s az ut\u00f3bbi \u00e9vekben t\u00f6bb n\u00e9pszer\u0171 eur\u00f3pai \u00fcd\u00fcl\u0151helyen is \u00e9rezhet\u0151en megv\u00e1ltozott a vend\u00e9gl\u00e1t\u00f3k hozz\u00e1\u00e1ll\u00e1sa. \u201eA horv\u00e1tokn\u00e1l&nbsp; sajnos&nbsp; egyre gyakrabban l\u00e1tni, hogy csak a p\u00e9nzt\u00e1rc\u00e1t l\u00e1tj\u00e1k a vend\u00e9gben. Nem egyedi esetr\u0151l van sz\u00f3, Velenc\u00e9t\u0151l <a href=\"https:\/\/www.startlap.hu\/utazas\/zadar-latnivaloi-horvatorszag-tengerpart-nyaralas-2024\/\" target=\"_blank\" rel=\"noopener\">Zadarig<\/a> sok helyen elsz\u00e1lltak a vend\u00e9gl\u00e1t\u00f3sok\u201d \u2013 v\u00e9lekedett egy m\u00e1sik kommentel\u0151.<\/p>\n<figure id=\"attachment_112867\" aria-describedby=\"caption-attachment-112867\" style=\"width: 755px\" class=\"wp-caption alignnone\"><img loading=\"lazy\" decoding=\"async\" class=\"size-article-size-large-image wp-image-112867\" src=\"https:\/\/www.startlap.hu\/utazas\/uploads\/sites\/3\/2026\/09\/pincer-etterem-kikuldes-755x503.jpg\" alt=\"pinc\u00e9rn\u0151 kik\u00fcldi a vend\u00e9get\" width=\"755\" height=\"503\" srcset=\"https:\/\/www.startlap.hu\/utazas\/uploads\/sites\/3\/2026\/09\/pincer-etterem-kikuldes-755x503.jpg 755w, https:\/\/www.startlap.hu\/utazas\/uploads\/sites\/3\/2026\/09\/pincer-etterem-kikuldes-1536x1024.jpg 1536w, https:\/\/www.startlap.hu\/utazas\/uploads\/sites\/3\/2026\/09\/pincer-etterem-kikuldes-2048x1365.jpg 2048w, https:\/\/www.startlap.hu\/utazas\/uploads\/sites\/3\/2026\/09\/pincer-etterem-kikuldes-525x350.jpg 525w\" sizes=\"auto, (max-width: 755px) 100vw, 755px\" \/><figcaption id=\"caption-attachment-112867\" class=\"wp-caption-text\">Csak palacsint\u00e1t szerettek volna, ez\u00e9rt elk\u00fcldt\u00e9k a magyar fiatalokat a horv\u00e1t \u00e9tteremb\u0151l. Fot\u00f3: Getty Images<\/figcaption><\/figure>\n<h2>M\u00e1sok szerint ez egy \u00edratlan szab\u00e1ly<\/h2>\n<p>Nem mindenki \u00e1llt&nbsp; a magyar fiatalok mell\u00e9. T\u00f6bben arra h\u00edvt\u00e1k fel a figyelmet, hogy egy zs\u00fafolt \u00e9tteremben a vacsoraid\u0151szak sz\u00e1m\u00edt a nap egyik legfontosabb id\u0151szak\u00e1nak, amikor egy asztal bev\u00e9tele j\u00f3val magasabb lehet ann\u00e1l, mint amit n\u00e9gy desszert jelent.<\/p>\n<p>\u201e\u00cdratlan szab\u00e1ly: este, cs\u00facsid\u0151ben egy eleg\u00e1ns, teli \u00e9tteremben vacsor\u00e1zni szoktak az emberek. Egy n\u00e9gyf\u0151s asztal a vacsor\u00e1z\u00f3kkal 120\u2013150 eur\u00f3t hoz a konyh\u00e1ra, m\u00edg a 28 eur\u00f3s palacsint\u00e1z\u00e1s csak foglalja a helyet a kint v\u00e1rakoz\u00f3k el\u0151l. Nem a felh\u00e1borod\u00e1son kell gondolkodni, hanem meg kell tanulni a vend\u00e9gl\u00e1t\u00f3s illemet\u201d \u2013 \u00edrta egy tapasztalt utaz\u00f3.<\/p>\n<blockquote class=\"article__extraTxt\"><p>Akadt olyan hozz\u00e1sz\u00f3l\u00f3 is, aki szerint m\u00e1s mediterr\u00e1n orsz\u00e1gokban sem szokatlan, hogy a legforgalmasabb esti \u00f3r\u00e1kban korl\u00e1tozz\u00e1k, milyen fogyaszt\u00e1ssal lehet asztalt foglalni.<\/p><\/blockquote>\n<p>\u201eN\u00e1lunk,<a href=\"https:\/\/www.startlap.hu\/utazas\/garda-to-olaszorszag-etterem\/\" target=\"_blank\" rel=\"noopener\"> Olaszorsz\u00e1gban<\/a> vagy Spanyolorsz\u00e1gban is el\u0151fordult m\u00e1r, hogy k\u00e1v\u00e9ra vagy csak italfogyaszt\u00e1sra nem engedtek le\u00fclni vacsoraid\u0151ben. A st\u00edlus lehetett volna kultur\u00e1ltabb a pinc\u00e9r r\u00e9sz\u00e9r\u0151l, de maga az elv teljesen \u00e9rthet\u0151\u201d \u2013 tette hozz\u00e1 egy m\u00e1sik hozz\u00e1sz\u00f3l\u00f3. T\u00f6bben azt is megjegyezt\u00e9k, hogy ehhez hasonl\u00f3 helyzet Magyarorsz\u00e1gon sem elk\u00e9pzelhetetlen. A Balaton n\u00e9pszer\u0171 \u00e9ttermeiben vagy Budapest frekvent\u00e1ltabb vend\u00e9gl\u00e1t\u00f3helyein sem felt\u00e9tlen\u00fcl \u00f6r\u00fclnek annak, ha valaki cs\u00facsid\u0151ben egy t\u00f6bbszem\u00e9lyes asztaln\u00e1l mind\u00f6ssze egy \u00fcd\u00edt\u0151t vagy desszertet fogyasztana.<\/p>\n<h2>Nem csak a kiszolg\u00e1l\u00e1s miatt panaszkodnak a horv\u00e1t tengerparton<\/h2>\n<p>Sok turista szerint a f\u0151szezonban egyes n\u00e9pszer\u0171 tengerparti telep\u00fcl\u00e9seken jelent\u0151sen megemelkedtek az \u00e1rak. Splitben, Dubrovnikban vagy Hvaron egy gomb\u00f3c fagylalt\u00e9rt esetenk\u00e9nt 4-5 eur\u00f3t, vagyis k\u00f6r\u00fclbel\u00fcl 1600-2000 forintot is elk\u00e9rnek, \u00e9s t\u00f6bb utaz\u00f3 a f\u0151\u00e9telek \u00e1r-\u00e9rt\u00e9k ar\u00e1ny\u00e1t is kifog\u00e1solja.<\/p>\n<h2>Van egy\u00e1ltal\u00e1n minim\u00e1lis fogyaszt\u00e1s a horv\u00e1t \u00e9ttermekben?<\/h2>\n<p>Az \u00fcgyben a Horv\u00e1t Idegenforgalmi K\u00f6z\u00f6ss\u00e9g Magyarorsz\u00e1gi K\u00e9pviselete adott t\u00e1j\u00e9koztat\u00e1st a Blikknek. <strong>Horv\u00e1th Mira<\/strong> f\u0151munkat\u00e1rs arra is kit\u00e9rt, hov\u00e1 fordulhat az, aki hivatalosan panaszt szeretne tenni egy horv\u00e1torsz\u00e1gi vend\u00e9gl\u00e1t\u00f3hellyel kapcsolatban.<\/p>\n<p>\u201eA Horv\u00e1t Idegenforgalmi K\u00f6z\u00f6ss\u00e9g egy nemzeti szervezet, amely els\u0151sorban a horv\u00e1t turizmus n\u00e9pszer\u0171s\u00edt\u00e9s\u00e9\u00e9rt \u00e9s fejleszt\u00e9s\u00e9\u00e9rt felel\u0151s. Ennek megfelel\u0151en visszajelz\u00e9st kaphat ugyan a \u2019terepr\u0151l\u2019, de a hivatalos panaszt, amelynek vizsg\u00e1lati elj\u00e1r\u00e1st kell eredm\u00e9nyeznie, m\u00e1s, a vend\u00e9gl\u00e1t\u00f3- \u00e9s egy\u00e9b l\u00e9tes\u00edtm\u00e9nyek fel\u00fcgyelet\u00e9\u00e9rt felel\u0151s int\u00e9zm\u00e9nyekhez kell beny\u00fajtani, els\u0151sorban a horv\u00e1t \u00c1llami Fel\u00fcgyel\u0151bizotts\u00e1ghoz (State Inspectorate)\u201d \u2013 t\u00e1j\u00e9koztatott a k\u00e9pviselet.<\/p>\n<p>\u201eAmi a minim\u00e1lis fogyaszt\u00e1st illeti, nincs \u00e1ltal\u00e1nos szab\u00e1ly vagy k\u00f3dex, amely el\u0151\u00edrn\u00e1 a vend\u00e9gl\u0151nek, hogy minden vend\u00e9gnek egy bizonyos minim\u00e1lis \u00f6sszeget kell elk\u00f6ltenie, ellenben az \u00e9rt\u00e9kes\u00edt\u00e9si felt\u00e9teleket \u00e9s \u00e1rakat vil\u00e1gosan fel kell t\u00fcntetni, \u00e9s a vend\u00e9gl\u00e1t\u00f3knak be kell tartaniuk azokat\u201d &#8211; mutatott r\u00e1 a szakember.<\/p>\n<h2>Panaszt is tehettek volna a magyar vend\u00e9gek<\/h2>\n<p>A Horv\u00e1t Idegenforgalmi K\u00f6z\u00f6ss\u00e9g szerint az \u00e9rintetteknek t\u00f6bb lehet\u0151s\u00e9g\u00fck is lett volna arra, hogy hivatalosan jelezz\u00e9k a t\u00f6rt\u00e9nteket.<\/p>\n<p>\u201eSajn\u00e1ljuk, hogy a magyar vend\u00e9gek ilyen helyzetbe ker\u00fcltek, hissz\u00fck, hogy ez egy elszigetelt eset, de hangs\u00falyozzuk, hogy minden vend\u00e9gnek a t\u00f6rv\u00e9nynek megfelel\u0151en, a hat\u00f3s\u00e1gi ellen\u0151rz\u00e9sekre t\u00f6rt\u00e9n\u0151 bejelent\u00e9s mellett, jog\u00e1ban \u00e1llt panaszt tenni mag\u00e1n\u00e1l a szolg\u00e1ltat\u00f3n\u00e1l is, amelynek k\u00f6teless\u00e9ge a t\u00f6rv\u00e9nyben meghat\u00e1rozott hat\u00e1rid\u0151n bel\u00fcl v\u00e1laszolni\u201d \u2013 tette hozz\u00e1 a Horv\u00e1t Idegenforgalmi K\u00f6z\u00f6ss\u00e9g munkat\u00e1rsa.<\/p>\n<div class=\"o-widget m-readMoreWidget -readMore u-shortDecorLineAfter row widget-container _ce_measure_widget bigdata-widget read-more\" data-ce-measure-widget=\"olvass tov\u00e1bb\">\n\t<div class=\"m-readMoreWidget__imgWrapper image-wrapper col-12 col-md-4 no-p\">\n\t\t<a class=\"m-readMoreWidget__imgLink\" href=\"https:\/\/www.startlap.hu\/utazas\/utoszezon-bologna-budapest-bukarest\/\" >\n\t\t\t<img decoding=\"async\" src=\"https:\/\/www.startlap.hu\/utazas\/uploads\/sites\/3\/2026\/08\/bologna_11zon-350x285.jpg\" class=\"m-readMoreWidget__img\">\n\t\t<\/a>\n\t<\/div>\n\t<div class=\"m-readMoreWidget__titleWrapper title-wrapper col-12 col-md-8\">\n\t\t<span class=\"m-readMoreWidget__titleLabel u-shortDecorLineBefore label hidden-sm-up\">Ez is \u00e9rdekelhet:<\/span>\n\t\t<h3 class=\"m-readMoreWidget__title title\">\n\t\t\t<a class=\"m-readMoreWidget__titleLink -secondFont u-bold u-upperCase\" href=\"https:\/\/www.startlap.hu\/utazas\/utoszezon-bologna-budapest-bukarest\/\" >6 elb\u0171v\u00f6l\u0151 eur\u00f3pai v\u00e1ros, ahol \u0151sszel olcs\u00f3bban kij\u00f6het egy hossz\u00fa h\u00e9tv\u00e9ge<\/a>\n\t\t<\/h3>\n\t\t<a class=\"m-readMoreWidget__btn -coloredBack u-tC link\" href=\"https:\/\/www.startlap.hu\/utazas\/utoszezon-bologna-budapest-bukarest\/\" >Elolvasom<\/a>\n\t<\/div>\n<\/div>\n","protected":false},"excerpt":{"rendered":"<p>N\u00e9gy magyar fiatal vacsoraid\u0151ben \u00fclt be egy n\u00e9pszer\u0171 horv\u00e1t \u00e9tterembe. A rendel\u00e9s\u00fck hallat\u00e1n azonban a pinc\u00e9r k\u00f6z\u00f6lte vel\u00fck, hogy t\u00e1vozniuk kell.<\/p>\n","protected":false},"author":64,"featured_media":112867,"comment_status":"closed","ping_status":"closed","sticky":false,"template":"","format":"standard","meta":{"footnotes":""},"categories":[70],"tags":[4630,112,94,10090],"class_list":["post-112865","post","type-post","status-publish","format-standard","has-post-thumbnail","hentry","category-vilag","tag-fiatalok","tag-horvatorszag","tag-nyaralas","tag-palacs"],"aioseo_notices":[],"_links":{"self":[{"href":"https:\/\/www.startlap.hu\/utazas\/wp-json\/wp\/v2\/posts\/112865","targetHints":{"allow":["GET"]}}],"collection":[{"href":"https:\/\/www.startlap.hu\/utazas\/wp-json\/wp\/v2\/posts"}],"about":[{"href":"https:\/\/www.startlap.hu\/utazas\/wp-json\/wp\/v2\/types\/post"}],"author":[{"embeddable":true,"href":"https:\/\/www.startlap.hu\/utazas\/wp-json\/wp\/v2\/users\/64"}],"replies":[{"embeddable":true,"href":"https:\/\/www.startlap.hu\/utazas\/wp-json\/wp\/v2\/comments?post=112865"}],"version-history":[{"count":6,"href":"https:\/\/www.startlap.hu\/utazas\/wp-json\/wp\/v2\/posts\/112865\/revisions"}],"predecessor-version":[{"id":112873,"href":"https:\/\/www.startlap.hu\/utazas\/wp-json\/wp\/v2\/posts\/112865\/revisions\/112873"}],"wp:featuredmedia":[{"embeddable":true,"href":"https:\/\/www.startlap.hu\/utazas\/wp-json\/wp\/v2\/media\/112867"}],"wp:attachment":[{"href":"https:\/\/www.startlap.hu\/utazas\/wp-json\/wp\/v2\/media?parent=112865"}],"wp:term":[{"taxonomy":"category","embeddable":true,"href":"https:\/\/www.startlap.hu\/utazas\/wp-json\/wp\/v2\/categories?post=112865"},{"taxonomy":"post_tag","embeddable":true,"href":"https:\/\/www.startlap.hu\/utazas\/wp-json\/wp\/v2\/tags?post=112865"}],"curies":[{"name":"wp","href":"https:\/\/api.w.org\/{rel}","templated":true}]}}