{"id":112855,"date":"2026-09-04T07:03:46","date_gmt":"2026-09-04T05:03:46","guid":{"rendered":"https:\/\/www.startlap.hu\/utazas\/?p=112855"},"modified":"2026-09-02T14:12:51","modified_gmt":"2026-09-02T12:12:51","slug":"turistak-rangsor-udvariassag-kulfold","status":"publish","type":"post","link":"https:\/\/www.startlap.hu\/utazas\/turistak-rangsor-udvariassag-kulfold\/","title":{"rendered":"N\u00e9met turist\u00e1k osztr\u00e1koknak adj\u00e1k ki magukat nyaral\u00e1s k\u00f6zben &#8211; k\u00fcl\u00f6n\u00f6s oka van a d\u00f6nt\u00e9s\u00fcknek"},"content":{"rendered":"<p>A turist\u00e1k \u00f6nmagukr\u00f3l kialak\u00edtott k\u00e9pe \u00e9s az, ahogyan a <a href=\"https:\/\/www.startlap.hu\/utazas\/horvatorszag-magyar-turistak-panasz\/\" target=\"_blank\" rel=\"noopener\">vend\u00e9gl\u00e1t\u00e1sban<\/a> dolgoz\u00f3k l\u00e1tj\u00e1k \u0151ket, kor\u00e1ntsem mindig egyezik. N\u00e9ha pedig eg\u00e9szen furcsa k\u00f6vetkezm\u00e9nyei lehetnek annak, ha egy nemzet saj\u00e1t utaz\u00f3it kellemetlenebbnek tartja, mint amilyennek val\u00f3j\u00e1ban l\u00e1tj\u00e1k \u0151ket k\u00fclf\u00f6ld\u00f6n.<\/p>\n<div class=\"o-widget m-readMoreWidget -readMore u-shortDecorLineAfter row widget-container _ce_measure_widget bigdata-widget read-more\" data-ce-measure-widget=\"olvass tov\u00e1bb\">\n\t<div class=\"m-readMoreWidget__imgWrapper image-wrapper col-12 col-md-4 no-p\">\n\t\t<a class=\"m-readMoreWidget__imgLink\" href=\"https:\/\/www.startlap.hu\/utazas\/hegyi-medence-makovica-szlovakia\/\" >\n\t\t\t<img decoding=\"async\" src=\"https:\/\/www.startlap.hu\/utazas\/uploads\/sites\/3\/2026\/08\/moja-makovica-350x285.jpg\" class=\"m-readMoreWidget__img\">\n\t\t<\/a>\n\t<\/div>\n\t<div class=\"m-readMoreWidget__titleWrapper title-wrapper col-12 col-md-8\">\n\t\t<span class=\"m-readMoreWidget__titleLabel u-shortDecorLineBefore label hidden-sm-up\">Ez is \u00e9rdekelhet:<\/span>\n\t\t<h3 class=\"m-readMoreWidget__title title\">\n\t\t\t<a class=\"m-readMoreWidget__titleLink -secondFont u-bold u-upperCase\" href=\"https:\/\/www.startlap.hu\/utazas\/hegyi-medence-makovica-szlovakia\/\" >Az erd\u0151 sz\u00edv\u00e9ben b\u00fajik meg ez a 100 m\u00e9teres, t\u00fcrkiz medence, alig 3 \u00f3r\u00e1ra Budapestt\u0151l<\/a>\n\t\t<\/h3>\n\t\t<a class=\"m-readMoreWidget__btn -coloredBack u-tC link\" href=\"https:\/\/www.startlap.hu\/utazas\/hegyi-medence-makovica-szlovakia\/\" >Elolvasom<\/a>\n\t<\/div>\n<\/div>\n<p>J\u00f3 p\u00e9lda erre <a href=\"https:\/\/www.startlap.hu\/utazas\/veszelyhelyzet-riasztas-nemetorszag-mobiltelefon\/\" target=\"_blank\" rel=\"noopener\">N\u00e9metorsz\u00e1g<\/a>. A n\u00e9met turist\u00e1k k\u00f6z\u00f6tt <a href=\"https:\/\/www.tips.at\/nachrichten\/oesterreich\/oesterreich-welt\/733349-deutsche-urlauber-geben-sich-im-urlaub-als-oesterreicher-aus\" target=\"_blank\" target=\"_blank\" rel=\"noopener\">meglehet\u0151sen negat\u00edv k\u00e9p \u00e9l saj\u00e1t honfit\u00e1rsaikr\u00f3l<\/a>, pedig a nemzetk\u00f6zi sz\u00e1llodavezet\u0151k kifejezetten kedvez\u0151en v\u00e9lekednek r\u00f3luk. A vend\u00e9gl\u00e1t\u00f3sok els\u0151sorban <strong>udvariass\u00e1gukat, rendezetts\u00e9g\u00fcket \u00e9s azt emelik ki, hogy a sz\u00e1llod\u00e1kban, illetve \u00e9ttermekben \u00e1ltal\u00e1ban nyugodtan viselkednek.<\/strong> Egyetlen ter\u00fcleten maradnak el l\u00e1tv\u00e1nyosan:<\/p>\n<blockquote class=\"article__extraTxt\"><p>borraval\u00f3ban nem sz\u00e1m\u00edtanak k\u00fcl\u00f6n\u00f6sebben nagyvonal\u00fanak.<\/p><\/blockquote>\n<figure id=\"attachment_112857\" aria-describedby=\"caption-attachment-112857\" style=\"width: 755px\" class=\"wp-caption alignnone\"><a href=\"https:\/\/www.startlap.hu\/utazas\/uploads\/sites\/3\/2026\/09\/turistak-utazas-turizmus_11zon.jpg\"><img loading=\"lazy\" decoding=\"async\" class=\"size-article-size-large-image wp-image-112857\" src=\"https:\/\/www.startlap.hu\/utazas\/uploads\/sites\/3\/2026\/09\/turistak-utazas-turizmus_11zon-755x503.jpg\" alt=\"turist\u00e1k az utc\u00e1n t\u00e9rk\u00e9ppek a kez\u00fckben\" width=\"755\" height=\"503\" srcset=\"https:\/\/www.startlap.hu\/utazas\/uploads\/sites\/3\/2026\/09\/turistak-utazas-turizmus_11zon-755x503.jpg 755w, https:\/\/www.startlap.hu\/utazas\/uploads\/sites\/3\/2026\/09\/turistak-utazas-turizmus_11zon-1536x1024.jpg 1536w, https:\/\/www.startlap.hu\/utazas\/uploads\/sites\/3\/2026\/09\/turistak-utazas-turizmus_11zon-525x350.jpg 525w, https:\/\/www.startlap.hu\/utazas\/uploads\/sites\/3\/2026\/09\/turistak-utazas-turizmus_11zon.jpg 1696w\" sizes=\"auto, (max-width: 755px) 100vw, 755px\" \/><\/a><figcaption id=\"caption-attachment-112857\" class=\"wp-caption-text\">Egy friss felm\u00e9r\u00e9s szerint nem mindegy, honnan \u00e9rkezik az utaz\u00f3 &#8211; vannak nemzetek, amelyek turist\u00e1it k\u00fcl\u00f6n\u00f6sen sz\u00edvesen fogadj\u00e1k k\u00fclf\u00f6ld\u00f6n. Fot\u00f3: Getty Images<\/figcaption><\/figure>\n<p>A n\u00e9met turist\u00e1k rossz \u00f6nk\u00e9pe ugyanakkor n\u00e9ha k\u00fcl\u00f6n\u00f6s helyzetekhez vezet. <strong>El\u0151fordul, hogy k\u00fclf\u00f6ld\u00f6n ink\u00e1bb osztr\u00e1knak mondj\u00e1k magukat.&nbsp;<\/strong><\/p>\n<p>\u00c9s hogy val\u00f3j\u00e1ban mely nemzetek turist\u00e1it szeretik a legjobban? Egy \u00faj kutat\u00e1s erre kereste a v\u00e1laszt.<\/p>\n<h2>Kider\u00fclt, kik a vil\u00e1g legudvariasabb turist\u00e1i<\/h2>\n<p>Az <a href=\"https:\/\/www.startlap.hu\/utazas\/magyar-par-afrikai-vadon\/\" target=\"_blank\" rel=\"noopener\">afrikai<\/a> szafarik foglal\u00e1s\u00e1ra szakosodott SafariBookings.com <strong>192 utaz\u00e1sszervez\u0151t k\u00e9rdezett meg arr\u00f3l, hogy tapasztalataik szerint mely nemzet turist\u00e1i a legudvariasabbak, kik adj\u00e1k a legt\u00f6bb borraval\u00f3t, kik k\u00f6ltik a legt\u00f6bb p\u00e9nzt utaz\u00e1s k\u00f6zben, kik a legakt\u00edvabbak \u00e9s legkalandv\u00e1gy\u00f3bbak, illetve kik \u00e9rdekl\u0151dnek a legink\u00e1bb a helyi \u00e9telek ir\u00e1nt. <\/strong>Az eredm\u00e9nyek alapj\u00e1n szinte minden kateg\u00f3ri\u00e1ban m\u00e1s nemzet ker\u00fclt az \u00e9lre.<\/p>\n<h2>\u0150k b\u00e1nnak a legudvariasabban a vend\u00e9gl\u00e1t\u00f3kkal<\/h2>\n<p>A vil\u00e1g legudvariasabb turist\u00e1inak <strong>a jap\u00e1nokat v\u00e1lasztott\u00e1k.<\/strong>&nbsp; 21,1 sz\u00e1zal\u00e9kot kaptak, vagyis jelent\u0151s el\u0151nnyel v\u00e9geztek az els\u0151 helyen. A m\u00e1sodik helyre a norv\u00e9gok ker\u00fcltek 10,6 sz\u00e1zal\u00e9kkal, \u0151ket pedig alig lemaradva, 10,4 sz\u00e1zal\u00e9kkal a sv\u00e1jci turist\u00e1k k\u00f6vett\u00e9k. Ut\u00e1nuk a kanadaiak \u00e9s az amerikaiak k\u00f6vetkeztek.<\/p>\n<blockquote class=\"article__extraTxt\"><p>A lista m\u00e1sik v\u00e9g\u00e9n az olasz turist\u00e1k \u00e1lltak. Mind\u00f6ssze a megk\u00e9rdezettek 1,3 sz\u00e1zal\u00e9ka nevezte \u0151ket a vil\u00e1g legudvariasabb utaz\u00f3inak.<\/p><\/blockquote>\n<p>Az eur\u00f3pai vend\u00e9gekr\u0151l ett\u0151l f\u00fcggetlen\u00fcl t\u00f6bb pozit\u00edv tapasztalat is \u00e9rkezett. <strong>Az Imara Tours Zanzibar egyik utaz\u00e1sszervez\u0151je p\u00e9ld\u00e1ul arr\u00f3l sz\u00e1molt be, hogy sok eur\u00f3pai turista k\u00fcl\u00f6n\u00f6sen \u00e9rdekl\u0151dik a vadon \u00e9l\u0151 \u00e1llatok viselked\u00e9se ir\u00e1nt, \u00e9s r\u00e9szletes k\u00e9rd\u00e9seket tesz fel az \u00e1llatokr\u00f3l, illetve a term\u00e9szetv\u00e9delemr\u0151l.<\/strong> Szerinte ez a k\u00edv\u00e1ncsis\u00e1g sokkal \u00e9lvezetesebb\u00e9 teszi a szafarikat.<\/p>\n<h2>Borraval\u00f3ban az amerikaiakat neh\u00e9z megel\u0151zni<\/h2>\n<p><a href=\"https:\/\/www.startlap.hu\/utazas\/amerika-usa-setalas-belvarosok\/\" target=\"_blank\" rel=\"noopener\">Az Egyes\u00fclt \u00c1llamok<\/a> borraval\u00f3-kult\u00far\u00e1ja vil\u00e1gszerte ismert, \u00edgy tal\u00e1n nem meglep\u0151, hogy az amerikai turist\u00e1kat tartott\u00e1k a legb\u0151kez\u0171bbnek. A megk\u00e9rdezett utaz\u00e1sszervez\u0151k 29,5 sz\u00e1zal\u00e9ka \u0151ket nevezte meg a legjobb borraval\u00f3t ad\u00f3 vend\u00e9gekk\u00e9nt, ezzel messze megel\u0151zt\u00e9k a t\u00f6bbi nemzetet.<strong> A n\u00e9met turist\u00e1k 13,1 sz\u00e1zal\u00e9kkal ker\u00fcltek a m\u00e1sodik helyre, a kanadaiak 10, a sv\u00e1jciak pedig 8,6 sz\u00e1zal\u00e9kot \u00e9rtek el.<\/strong> Amikor azt k\u00e9rdezt\u00e9k, melyik nemzet turist\u00e1i k\u00f6ltik a legt\u00f6bb p\u00e9nzt utaz\u00e1s k\u00f6zben, ism\u00e9t az amerikaiak v\u00e9geztek az els\u0151 helyen, 24 sz\u00e1zal\u00e9kkal.<\/p>\n<blockquote class=\"article__extraTxt\"><p>A m\u00e1sodik helyen holtverseny alakult ki: a n\u00e9met \u00e9s a kanadai turist\u00e1k egyar\u00e1nt 12,8 sz\u00e1zal\u00e9kot kaptak.<\/p><\/blockquote>\n<h2>A n\u00e9metek kalandot keresnek, m\u00e1sok ink\u00e1bb pihenn\u00e9nek<\/h2>\n<p>A legkalandv\u00e1gy\u00f3bb turist\u00e1k rangsor\u00e1nak els\u0151 h\u00e1rom hely\u00e9t eur\u00f3pai nemzetek szerezt\u00e9k meg. <strong>Az els\u0151 helyen a n\u00e9met turist\u00e1k v\u00e9geztek 21,1 sz\u00e1zal\u00e9kkal, vagyis a megk\u00e9rdezett utaz\u00e1sszervez\u0151k szerint \u0151k keresik legink\u00e1bb az akt\u00edv, kalandos programokat.<\/strong> A franci\u00e1k 17,8 sz\u00e1zal\u00e9kkal a m\u00e1sodik helyre ker\u00fcltek, m\u00edg a hollandok 11 sz\u00e1zal\u00e9kkal lettek harmadikak. A mez\u0151ny m\u00e1sik v\u00e9g\u00e9n a brit \u00e9s az indiai turist\u00e1k egyar\u00e1nt 4,5 sz\u00e1zal\u00e9kot kaptak, a spanyolok pedig 4,3 sz\u00e1zal\u00e9kot.&nbsp;<\/p>\n<h2>Van, aki els\u0151sorban enni indul \u00fatnak<\/h2>\n<p>A gasztron\u00f3mia szerelmeseinek mez\u0151ny\u00e9ben m\u00e1r<strong> \u00c1zsia domin\u00e1lt.<\/strong> Azok k\u00f6z\u00f6tt, akik utaz\u00e1s k\u00f6zben k\u00fcl\u00f6n\u00f6sen nagy hangs\u00falyt helyeznek a helyi \u00e9telek kipr\u00f3b\u00e1l\u00e1s\u00e1ra, az indiai turist\u00e1k ker\u00fcltek az els\u0151 helyre. A jap\u00e1nok lettek a m\u00e1sodikak, a k\u00ednaiak pedig a negyedik helyen v\u00e9geztek.<\/p>\n<blockquote class=\"article__extraTxt\"><p>Az eur\u00f3pai orsz\u00e1gok k\u00f6z\u00fcl Franciaorsz\u00e1g szerepelt a legjobban: a francia turist\u00e1k 12,4 sz\u00e1zal\u00e9kkal megszerezt\u00e9k a harmadik helyet.<\/p><\/blockquote>\n<p>Az \u00f6t\u00f6dik helyre a hollandok ker\u00fcltek 7,7 sz\u00e1zal\u00e9kkal, mind\u00f6ssze 0,1 sz\u00e1zal\u00e9kponttal el\u0151zt\u00e9k meg a hatodik helyen v\u00e9gz\u0151 olasz turist\u00e1kat.<\/p>\n<p><a href=\"https:\/\/www.euronews.com\/travel\/2026\/08\/31\/who-are-the-worlds-most-polite-tourists-these-nationalities-have-the-best-travel-manners\" target=\"_blank\" target=\"_blank\" rel=\"noopener\">via<\/a><\/p>\n<div class=\"o-widget m-readMoreWidget -readMore u-shortDecorLineAfter row widget-container _ce_measure_widget bigdata-widget read-more\" data-ce-measure-widget=\"olvass tov\u00e1bb\">\n\t<div class=\"m-readMoreWidget__imgWrapper image-wrapper col-12 col-md-4 no-p\">\n\t\t<a class=\"m-readMoreWidget__imgLink\" href=\"https:\/\/www.startlap.hu\/utazas\/kiment-a-divatbop-a-repteri-vip-varo\/\" >\n\t\t\t<img decoding=\"async\" src=\"https:\/\/www.startlap.hu\/utazas\/uploads\/sites\/3\/2026\/08\/vip-350x285.jpg\" class=\"m-readMoreWidget__img\">\n\t\t<\/a>\n\t<\/div>\n\t<div class=\"m-readMoreWidget__titleWrapper title-wrapper col-12 col-md-8\">\n\t\t<span class=\"m-readMoreWidget__titleLabel u-shortDecorLineBefore label hidden-sm-up\">Ez is \u00e9rdekelhet:<\/span>\n\t\t<h3 class=\"m-readMoreWidget__title title\">\n\t\t\t<a class=\"m-readMoreWidget__titleLink -secondFont u-bold u-upperCase\" href=\"https:\/\/www.startlap.hu\/utazas\/kiment-a-divatbop-a-repteri-vip-varo\/\" >Ez\u00e9rt \u00e9rdemes messzir\u0151l ker\u00fclni a rept\u00e9ri v\u00e1r\u00f3termeket<\/a>\n\t\t<\/h3>\n\t\t<a class=\"m-readMoreWidget__btn -coloredBack u-tC link\" href=\"https:\/\/www.startlap.hu\/utazas\/kiment-a-divatbop-a-repteri-vip-varo\/\" >Elolvasom<\/a>\n\t<\/div>\n<\/div>\n","protected":false},"excerpt":{"rendered":"<p>Nem biztos, hogy \u00fagy l\u00e1tnak minket k\u00fclf\u00f6ld\u00f6n, ahogyan saj\u00e1t magunkat. Egy kutat\u00e1sb\u00f3l az is kider\u00fclt, kiket tart a t\u00f6bbs\u00e9g a legudvariasabb turist\u00e1knak.<\/p>\n","protected":false},"author":64,"featured_media":112857,"comment_status":"closed","ping_status":"closed","sticky":false,"template":"","format":"standard","meta":{"footnotes":""},"categories":[70],"tags":[9000,1519,408],"class_list":["post-112855","post","type-post","status-publish","format-standard","has-post-thumbnail","hentry","category-vilag","tag-rangsor","tag-turistak","tag-turizmus"],"aioseo_notices":[],"_links":{"self":[{"href":"https:\/\/www.startlap.hu\/utazas\/wp-json\/wp\/v2\/posts\/112855","targetHints":{"allow":["GET"]}}],"collection":[{"href":"https:\/\/www.startlap.hu\/utazas\/wp-json\/wp\/v2\/posts"}],"about":[{"href":"https:\/\/www.startlap.hu\/utazas\/wp-json\/wp\/v2\/types\/post"}],"author":[{"embeddable":true,"href":"https:\/\/www.startlap.hu\/utazas\/wp-json\/wp\/v2\/users\/64"}],"replies":[{"embeddable":true,"href":"https:\/\/www.startlap.hu\/utazas\/wp-json\/wp\/v2\/comments?post=112855"}],"version-history":[{"count":7,"href":"https:\/\/www.startlap.hu\/utazas\/wp-json\/wp\/v2\/posts\/112855\/revisions"}],"predecessor-version":[{"id":112896,"href":"https:\/\/www.startlap.hu\/utazas\/wp-json\/wp\/v2\/posts\/112855\/revisions\/112896"}],"wp:featuredmedia":[{"embeddable":true,"href":"https:\/\/www.startlap.hu\/utazas\/wp-json\/wp\/v2\/media\/112857"}],"wp:attachment":[{"href":"https:\/\/www.startlap.hu\/utazas\/wp-json\/wp\/v2\/media?parent=112855"}],"wp:term":[{"taxonomy":"category","embeddable":true,"href":"https:\/\/www.startlap.hu\/utazas\/wp-json\/wp\/v2\/categories?post=112855"},{"taxonomy":"post_tag","embeddable":true,"href":"https:\/\/www.startlap.hu\/utazas\/wp-json\/wp\/v2\/tags?post=112855"}],"curies":[{"name":"wp","href":"https:\/\/api.w.org\/{rel}","templated":true}]}}