{"id":112802,"date":"2026-08-31T20:18:47","date_gmt":"2026-08-31T18:18:47","guid":{"rendered":"https:\/\/www.startlap.hu\/utazas\/?p=112802"},"modified":"2026-08-31T20:19:52","modified_gmt":"2026-08-31T18:19:52","slug":"kamu-amfiteatrum-olaszorszag-csalo","status":"publish","type":"post","link":"https:\/\/www.startlap.hu\/utazas\/kamu-amfiteatrum-olaszorszag-csalo\/","title":{"rendered":"Kamu \u00f3kori amfite\u00e1trum: \u00e9vekig v\u00e1gta \u00e1t a turist\u00e1kat az olasz csal\u00f3"},"content":{"rendered":"<p>Franco von Rosenfranz \u2013 polg\u00e1ri nev\u00e9n Franco Malosso \u2013 nem el\u00e9gedett meg azzal, hogy idegenvezet\u0151k\u00e9nt sz\u00f3rakoztassa a nagy\u00e9rdem\u0171t &#8211; \u00edrja a <strong><a href=\"https:\/\/www.hirstart.hu\/site\/relocate.php?rssid=242&amp;rsspid=3&amp;ctype=rss&amp;id=47925530&amp;chk=8c931be5b0b5d28378ef0300b9e721e5&amp;url=https%3A%2F%2Ftelex.hu%2Fkulfold%2F2026%2F08%2F31%2Folaszorszag-hamis-regeszet-lelet-amfiteatrum\" target=\"_blank\" target=\"_blank\" rel=\"noopener\">Telex<\/a><\/strong>.<\/p>\n<p>\u0150 egyenesen a t\u00f6rt\u00e9nelemhamis\u00edt\u00e1s magasiskol\u00e1j\u00e1t \u0171zte: egy <strong>csod\u00e1s hegyoldalban meg\u00e1lmodott egy teljes amfite\u00e1trumot<\/strong>, amelyet saj\u00e1t, kital\u00e1lt legend\u00e1riummal ruh\u00e1zott fel.<\/p>\n<p>A <strong><a href=\"https:\/\/www.startlap.hu\/utazas\/szantorini-tomegturizmus-hosszu-sorok\/\" target=\"_blank\" rel=\"noopener\">turist\u00e1k<\/a><\/strong> vev\u0151k voltak r\u00e1, hiszen mindez teljesen val\u00f3snak t\u0171nt. Voltak, akik egyenesen a legjobb \u00fati c\u00e9lnak nevezt\u00e9k az \u00e9lm\u00e9nyt, mik\u00f6zben gyan\u00fatlanul s\u00e9t\u00e1ltak azokon a k\u00f6veken, amelyeknek semmi k\u00f6ze sem volt az \u00f3kori <strong><a href=\"https:\/\/www.startlap.hu\/utazas\/gorogorszag-ingyen-desszert-vendeglatas\/\" target=\"_blank\" rel=\"noopener\">g\u00f6r\u00f6g\u00f6k<\/a><\/strong> dics\u0151 napjaihoz.<\/p>\n<p>Ett\u0151l f\u00fcggetlen\u00fcl 2014-re elk\u00e9sz\u00fclt az amfite\u00e1trummal, amit k\u00e9t \u00e9ven \u00e1t \u00fczemeltetett, akkor azt\u00e1n feljelentett\u00e9k.<\/p>\n<h2>A t\u00f6rt\u00e9nelem fel\u00fcl\u00edr\u00e1s, olcs\u00f3n \u00e9s gyorsan<\/h2>\n<p>A forgat\u00f3k\u00f6nyv m\u00e1r-m\u00e1r filmbe ill\u0151: <strong>Malosso \u00e1ll\u00edt\u00e1sa szerint egy f\u00f6ldcsuszaml\u00e1s ut\u00e1n ker\u00fclt a felsz\u00ednre<\/strong> az \u00e1ltala Berico-tengeri Amfite\u00e1trumnak h\u00edvott hely, amelyet \u00e1ll\u00edt\u00f3lag \u00f3kori g\u00f6r\u00f6g\u00f6k \u00e9p\u00edtettek.<\/p>\n<blockquote class=\"article__extraTxt\"><p>A mes\u00e9je szerint a falak k\u00f6z\u00f6tt egykor Caesar, Kleop\u00e1tra \u00e9s m\u00e9g Shakespeare J\u00fali\u00e1ja is megfordult.<\/p><\/blockquote>\n<p><img loading=\"lazy\" decoding=\"async\" class=\"size-article-size-large-image wp-image-112808\" src=\"https:\/\/www.startlap.hu\/utazas\/uploads\/sites\/3\/2026\/08\/amfiteatrum_olaszorszsag-755x503.jpg\" alt=\"Egy \u00f3korinak eladott te\u00e1trum bej\u00e1rata\" width=\"755\" height=\"503\" srcset=\"https:\/\/www.startlap.hu\/utazas\/uploads\/sites\/3\/2026\/08\/amfiteatrum_olaszorszsag-755x503.jpg 755w, https:\/\/www.startlap.hu\/utazas\/uploads\/sites\/3\/2026\/08\/amfiteatrum_olaszorszsag-525x350.jpg 525w, https:\/\/www.startlap.hu\/utazas\/uploads\/sites\/3\/2026\/08\/amfiteatrum_olaszorszsag.jpg 1200w\" sizes=\"auto, (max-width: 755px) 100vw, 755px\" \/><\/p>\n<p><span style=\"font-size: 13px\">Az \u00f3korinak eladott te\u00e1trum bej\u00e1rata &#8211; Fot\u00f3: Getty Images<\/span><\/p>\n<p><strong>A l\u00e1togat\u00f3kat ENSZ-z\u00e1szl\u00f3kkal \u00e9s hamis v\u00e9delmi t\u00e1bl\u00e1kkal v\u00e1rt\u00e1k<\/strong>, a k\u00f6rny\u00e9ken pedig \u00e1ll\u00edt\u00f3lagos sz\u00e1rnyas kutyaistens\u00e9gek szent\u00e9ly\u00e9t \u00e9s egy fikt\u00edv t\u00f6rt\u00e9nelmi alak s\u00edrj\u00e1t is \u201efelfedezhett\u00e9k\u201d.<\/p>\n<p>A probl\u00e9ma csak az volt, hogy a t\u00f6rt\u00e9net minden eleme ordas hazugs\u00e1g.<\/p>\n<blockquote class=\"article__extraTxt\"><p>A g\u00f6r\u00f6g\u00f6k sosem j\u00e1rtak ebben a r\u00e9gi\u00f3ban, az amfite\u00e1trum form\u00e1ja k\u00f6sz\u00f6n\u0151viszonyban sem volt a korabeli \u00e9p\u00edtm\u00e9nyekkel, a \u201eszent\u00e9lyek\u201d pedig friss cementb\u0151l \u00e9s polisztirolb\u00f3l k\u00e9sz\u00fcltek.<\/p><\/blockquote>\n<p>A szak\u00e9rt\u0151k szerint a csal\u00f3 a <strong>term\u00e9szetv\u00e9delmi ter\u00fcleten v\u00e9gzett puszt\u00edt\u00e1ssal k\u00f6vetett el helyrehozhatatlan k\u00f6rnyezeti k\u00e1rt<\/strong>, mik\u00f6zben a munk\u00e1sokkal antikoltatta az \u00fajonnan v\u00e1s\u00e1rolt k\u00f6veket.<\/p>\n<h2>A buk\u00e1s: amikor a kapzsis\u00e1g leleplez<\/h2>\n<p>A k\u00e9t \u00e9vig tart\u00f3 csal\u00e1ssorozat akkor \u00e9rt v\u00e9get, amikor a helyiekn\u00e9l betelt a poh\u00e1r. A \u201emester\u201d ugyanis a <strong>k\u00fclf\u00f6ldieknek olcs\u00f3bb bel\u00e9p\u0151t k\u00edn\u00e1lt, de a k\u00f6rny\u00e9kbeliekre irre\u00e1lis, 40 eur\u00f3s \u00e1rat szabott, hogy t\u00e1vol tartsa \u0151ket.<\/strong><\/p>\n<blockquote class=\"article__extraTxt\"><p>A rend\u0151rs\u00e9g m\u0171eml\u00e9kv\u00e9delmi egys\u00e9ge egyetlen nap alatt bebizony\u00edtotta, hogy a helysz\u00edn minden eleme hamis.<\/p><\/blockquote>\n<p>Az alezredes, aki az \u00fcgyet vizsg\u00e1lta, \u00e9vtizedek alatt sem l\u00e1tott ehhez foghat\u00f3t: <strong>szerinte Malosso m\u00e9g a hamis\u00edt\u00f3kat is lej\u00e1ratta<\/strong>, hiszen \u0151k legal\u00e1bb valamilyen m\u0171v\u00e9szi \u00e9rt\u00e9k l\u00e9trehoz\u00e1s\u00e1ra k\u00e9pesek, \u0151 viszont csak pof\u00e1tlanul hazudott.<\/p>\n<h2>T\u00edz \u00e9ve h\u00faz\u00f3d\u00f3 tanmese<\/h2>\n<p><strong>A b\u00edr\u00f3s\u00e1g v\u00e9g\u00fcl el\u00edt\u00e9lte a csal\u00f3t, aki az\u00f3ta is k\u00fcl\u00f6nb\u00f6z\u0151 fellebbez\u00e9sekkel pr\u00f3b\u00e1lja meg\u00faszni a b\u00fcntet\u00e9st<\/strong> \u2013 t\u00f6bbek k\u00f6z\u00f6tt azzal a cinikus \u00e9rvvel, hogy a hamis\u00edt\u00e1sa annyira nyilv\u00e1nval\u00f3 volt, hogy senki nem hihette volna el.<\/p>\n<p>A b\u00f6rt\u00f6nb\u00fcntet\u00e9s kil\u00e1t\u00e1sba helyez\u00e9se mellett a f\u0151 k\u00e9rd\u00e9s ma m\u00e1r a ter\u00fclet sorsa.&nbsp;<\/p>\n<p>A hat\u00f3s\u00e1gok a romok lebont\u00e1s\u00e1t rendelt\u00e9k el, \u00e1m a helyi \u00f6nkorm\u00e1nyzatnak <strong>nincs 7 milli\u00f3 eur\u00f3ja a munk\u00e1latokra<\/strong>, \u00e9s a b\u00fcrokr\u00e1ciai harcok miatt a ter\u00fclet a mai napig \u00e9rintetlen\u00fcl \u00e1ll \u2013 vagy ink\u00e1bb eny\u00e9szik.<\/p>\n<p>\u00cdgy marad a groteszk val\u00f3s\u00e1g: <strong>hossz\u00fa \u00e9vek \u00f3ta nem tal\u00e1lnak megold\u00e1st arra az amfite\u00e1trumra<\/strong>, amely sosem l\u00e9tezett, de amelynek hat\u00e1sa m\u00e1ig k\u00eds\u00e9rti a telep\u00fcl\u00e9st.<\/p>\n<p><strong>Malosso pedig, mintha mi sem t\u00f6rt\u00e9nt volna<\/strong>, egy interj\u00fasorozatban pr\u00f3b\u00e1lja saj\u00e1t igaz\u00e1t bizonygatni.<\/p>\n<p>Tal\u00e1n ez a leghihetetlenebb az eg\u00e9szben: a <strong>t\u00f6rt\u00e9nelemhamis\u00edt\u00f3, aki m\u00e9g ma is a saj\u00e1t maga teremtette legend\u00e1k rabja.&nbsp;<\/strong><\/p>\n<div class=\"o-widget m-readMoreWidget -readMore u-shortDecorLineAfter row widget-container _ce_measure_widget bigdata-widget read-more\" data-ce-measure-widget=\"olvass tov\u00e1bb\">\n\t<div class=\"m-readMoreWidget__imgWrapper image-wrapper col-12 col-md-4 no-p\">\n\t\t<a class=\"m-readMoreWidget__imgLink\" href=\"https:\/\/www.startlap.hu\/utazas\/garda-to-olaszorszag-etterem\/\" >\n\t\t\t<img decoding=\"async\" src=\"https:\/\/www.startlap.hu\/utazas\/uploads\/sites\/3\/2026\/08\/etterem-par-felszolgalo-350x285.jpg\" class=\"m-readMoreWidget__img\">\n\t\t<\/a>\n\t<\/div>\n\t<div class=\"m-readMoreWidget__titleWrapper title-wrapper col-12 col-md-8\">\n\t\t<span class=\"m-readMoreWidget__titleLabel u-shortDecorLineBefore label hidden-sm-up\">Ez is \u00e9rdekelhet:<\/span>\n\t\t<h3 class=\"m-readMoreWidget__title title\">\n\t\t\t<a class=\"m-readMoreWidget__titleLink -secondFont u-bold u-upperCase\" href=\"https:\/\/www.startlap.hu\/utazas\/garda-to-olaszorszag-etterem\/\" >Van\u00edliafagylalt s\u00fclt krumplival \u00e9s ketchuppal: a Garda-t\u00f3n\u00e1l dolgoz\u00f3 olasz szak\u00e1csokat az \u0151r\u00fcletbe kergetik a turist\u00e1k<\/a>\n\t\t<\/h3>\n\t\t<a class=\"m-readMoreWidget__btn -coloredBack u-tC link\" href=\"https:\/\/www.startlap.hu\/utazas\/garda-to-olaszorszag-etterem\/\" >Elolvasom<\/a>\n\t<\/div>\n<\/div>\n","protected":false},"excerpt":{"rendered":"<p>Az olaszorsz\u00e1gi Arcugnano k\u00f6rny\u00e9k\u00e9n k\u00e9t \u00e9ven \u00e1t vir\u00e1gzott egy eg\u00e9szen elk\u00e9peszt\u0151 turisztikai biznisz. Egy f\u00e9rfi saj\u00e1t kez\u0171leg \u00e9p\u00edtett egy &#8222;\u00f3kori amfite\u00e1trumot&#8221;, majd mes\u00e9s sztorikkal hitette el a mit sem sejt\u0151 l\u00e1togat\u00f3kkal, hogy egy val\u00f3s t\u00f6rt\u00e9nelmi kincset fedeztek fel.<\/p>\n","protected":false},"author":8,"featured_media":112808,"comment_status":"closed","ping_status":"closed","sticky":false,"template":"","format":"standard","meta":{"footnotes":""},"categories":[70],"tags":[4595,9372,1581,15],"class_list":["post-112802","post","type-post","status-publish","format-standard","has-post-thumbnail","hentry","category-vilag","tag-amfiteatrum","tag-csalo","tag-okor","tag-olaszorszag"],"aioseo_notices":[],"_links":{"self":[{"href":"https:\/\/www.startlap.hu\/utazas\/wp-json\/wp\/v2\/posts\/112802","targetHints":{"allow":["GET"]}}],"collection":[{"href":"https:\/\/www.startlap.hu\/utazas\/wp-json\/wp\/v2\/posts"}],"about":[{"href":"https:\/\/www.startlap.hu\/utazas\/wp-json\/wp\/v2\/types\/post"}],"author":[{"embeddable":true,"href":"https:\/\/www.startlap.hu\/utazas\/wp-json\/wp\/v2\/users\/8"}],"replies":[{"embeddable":true,"href":"https:\/\/www.startlap.hu\/utazas\/wp-json\/wp\/v2\/comments?post=112802"}],"version-history":[{"count":9,"href":"https:\/\/www.startlap.hu\/utazas\/wp-json\/wp\/v2\/posts\/112802\/revisions"}],"predecessor-version":[{"id":112812,"href":"https:\/\/www.startlap.hu\/utazas\/wp-json\/wp\/v2\/posts\/112802\/revisions\/112812"}],"wp:featuredmedia":[{"embeddable":true,"href":"https:\/\/www.startlap.hu\/utazas\/wp-json\/wp\/v2\/media\/112808"}],"wp:attachment":[{"href":"https:\/\/www.startlap.hu\/utazas\/wp-json\/wp\/v2\/media?parent=112802"}],"wp:term":[{"taxonomy":"category","embeddable":true,"href":"https:\/\/www.startlap.hu\/utazas\/wp-json\/wp\/v2\/categories?post=112802"},{"taxonomy":"post_tag","embeddable":true,"href":"https:\/\/www.startlap.hu\/utazas\/wp-json\/wp\/v2\/tags?post=112802"}],"curies":[{"name":"wp","href":"https:\/\/api.w.org\/{rel}","templated":true}]}}