{"id":112794,"date":"2026-09-01T11:07:19","date_gmt":"2026-09-01T09:07:19","guid":{"rendered":"https:\/\/www.startlap.hu\/utazas\/?p=112794"},"modified":"2026-09-01T11:07:19","modified_gmt":"2026-09-01T09:07:19","slug":"mexiko-varos-sullyedes-epitkezes","status":"publish","type":"post","link":"https:\/\/www.startlap.hu\/utazas\/mexiko-varos-sullyedes-epitkezes\/","title":{"rendered":"Egy nagyv\u00e1ros \u00e9vente ak\u00e1r 42 centim\u00e9tert is s\u00fcllyed &#8211; a k\u00f6vetkezm\u00e9nyek m\u00e1r az utc\u00e1kon \u00e9s az \u00e9p\u00fcleteken is l\u00e1that\u00f3k"},"content":{"rendered":"<p>L\u00e9tezik egy olyan nagyv\u00e1ros, ahol nem csak az \u00e9p\u00edtkez\u00e9sek \u00e9s a forgalom alak\u00edtj\u00e1k folyamatosan az utcak\u00e9pet. <strong>Maga a talaj is mozog, m\u00e9ghozz\u00e1 lefel\u00e9.<\/strong> A <a href=\"https:\/\/www.startlap.hu\/utazas\/mexikovaros-vilag-leghosszabb-varosi-drotkotelpalyas-felvonoja\/\" target=\"_blank\" rel=\"noopener\">mexik\u00f3v\u00e1rosi<\/a> agglomer\u00e1ci\u00f3 egyes r\u00e9szein <strong>\u00e9vente t\u00f6bb, mint 40 centim\u00e9terrel s\u00fcllyed a f\u00f6ld<\/strong>, \u00e9s ez a folyamat m\u00e1r olyan k\u00e1rokat okoz, ami az utc\u00e1kon, az \u00e9p\u00fcleteken \u00e9s a k\u00f6zm\u0171h\u00e1l\u00f3zaton is j\u00f3l l\u00e1that\u00f3.<\/p>\n<div class=\"o-widget m-readMoreWidget -readMore u-shortDecorLineAfter row widget-container _ce_measure_widget bigdata-widget read-more\" data-ce-measure-widget=\"olvass tov\u00e1bb\">\n\t<div class=\"m-readMoreWidget__imgWrapper image-wrapper col-12 col-md-4 no-p\">\n\t\t<a class=\"m-readMoreWidget__imgLink\" href=\"https:\/\/www.startlap.hu\/utazas\/nyugdijas-thailfold-olcsobb-elet\/\" >\n\t\t\t<img decoding=\"async\" src=\"https:\/\/www.startlap.hu\/utazas\/uploads\/sites\/3\/2026\/08\/thaifold-350x285.jpg\" class=\"m-readMoreWidget__img\">\n\t\t<\/a>\n\t<\/div>\n\t<div class=\"m-readMoreWidget__titleWrapper title-wrapper col-12 col-md-8\">\n\t\t<span class=\"m-readMoreWidget__titleLabel u-shortDecorLineBefore label hidden-sm-up\">Ez is \u00e9rdekelhet:<\/span>\n\t\t<h3 class=\"m-readMoreWidget__title title\">\n\t\t\t<a class=\"m-readMoreWidget__titleLink -secondFont u-bold u-upperCase\" href=\"https:\/\/www.startlap.hu\/utazas\/nyugdijas-thailfold-olcsobb-elet\/\" >\u201eItt \u00e9n vagyok a vil\u00e1g kir\u00e1lya\u201d \u2013 Thaif\u00f6ldre k\u00f6lt\u00f6z\u00f6tt a nyugd\u00edjas, aki havi 1250 eur\u00f3b\u00f3l alig \u00e9lt meg Mallorc\u00e1n<\/a>\n\t\t<\/h3>\n\t\t<a class=\"m-readMoreWidget__btn -coloredBack u-tC link\" href=\"https:\/\/www.startlap.hu\/utazas\/nyugdijas-thailfold-olcsobb-elet\/\" >Elolvasom<\/a>\n\t<\/div>\n<\/div>\n<p>A Mexik\u00f3i Nemzeti Auton\u00f3m Egyetem, az UNAM m\u00e9r\u00e9sei szerint <strong>Ciudad Nezahualc\u00f3yotl<\/strong> ter\u00fclet\u00e9n \u00e9vente ak\u00e1r 42,3 centim\u00e9teres s\u00fcllyed\u00e9st is m\u00e9rtek. A probl\u00e9ma r\u00e1ad\u00e1sul nem \u00faj kelet\u0171: <strong>t\u00f6bb mint egy \u00e9vsz\u00e1zada tart, az \u00faj m\u0171holdas megfigyel\u00e9seknek k\u00f6sz\u00f6nhet\u0151en azonban most minden kor\u00e1bbin\u00e1l pontosabban lehet k\u00f6vetni.<\/strong><\/p>\n<blockquote class=\"article__extraTxt\"><p>A legnagyobb gondot az jelenti, hogy a v\u00e1ros nem egyenletesen s\u00fcllyed.<\/p><\/blockquote>\n<p>Az egyik utca vagy \u00e9p\u00fcletr\u00e9sz gyorsabban ker\u00fclhet lejjebb, mint a mellette fekv\u0151 ter\u00fclet, ez pedig \u00f3ri\u00e1si fesz\u00fclts\u00e9get okoz az \u00e9p\u00fcletekben, az utakban \u00e9s a vezet\u00e9kekben.<\/p>\n<h2>M\u0171holdr\u00f3l is l\u00e1tni, milyen gyorsan s\u00fcllyed Mexik\u00f3v\u00e1ros<\/h2>\n<p>A jelens\u00e9get a NASA \u00faj NISAR radaros m\u0171holdj\u00e1nak adatai is megmutatt\u00e1k. A m\u00e9r\u00e9sek szerint <strong>Mexik\u00f3v\u00e1ros egyes r\u00e9szei 2025. okt\u00f3ber 25. \u00e9s 2026. janu\u00e1r 17. k\u00f6z\u00f6tt havonta t\u00f6bb mint k\u00e9t centim\u00e9tert s\u00fcllyedtek.<\/strong><\/p>\n<blockquote class=\"article__extraTxt\"><p>A NASA szerint a mexik\u00f3i f\u0151v\u00e1ros a vil\u00e1g leggyorsabban s\u00fcllyed\u0151 nagyv\u00e1rosai k\u00f6z\u00e9 tartozik.<\/p><\/blockquote>\n<p>A teljes agglomer\u00e1ci\u00f3ban mintegy 20 milli\u00f3 ember \u00e9l, \u00edgy a probl\u00e9ma nem n\u00e9h\u00e1ny utc\u00e1t vagy k\u00fclv\u00e1rosi k\u00f6rzetet \u00e9rint. A s\u00fcllyed\u00e9s r\u00e1ad\u00e1sul az elm\u00falt \u00e9vtizedekben helyenk\u00e9nt m\u00e1r m\u00e9terekben m\u00e9rhet\u0151 v\u00e1ltoz\u00e1st okozott.<\/p>\n<figure id=\"attachment_112796\" aria-describedby=\"caption-attachment-112796\" style=\"width: 755px\" class=\"wp-caption alignnone\"><img loading=\"lazy\" decoding=\"async\" class=\"size-article-size-large-image wp-image-112796\" src=\"https:\/\/www.startlap.hu\/utazas\/uploads\/sites\/3\/2026\/08\/mexiko-varos_11zon-755x503.jpg\" alt=\"kivil\u00e1g\u00edtott arany sz\u00edn\u0171, v\u00e1rosi szobor\" width=\"755\" height=\"503\" srcset=\"https:\/\/www.startlap.hu\/utazas\/uploads\/sites\/3\/2026\/08\/mexiko-varos_11zon-755x503.jpg 755w, https:\/\/www.startlap.hu\/utazas\/uploads\/sites\/3\/2026\/08\/mexiko-varos_11zon-1536x1024.jpg 1536w, https:\/\/www.startlap.hu\/utazas\/uploads\/sites\/3\/2026\/08\/mexiko-varos_11zon-525x350.jpg 525w, https:\/\/www.startlap.hu\/utazas\/uploads\/sites\/3\/2026\/08\/mexiko-varos_11zon.jpg 1696w\" sizes=\"auto, (max-width: 755px) 100vw, 755px\" \/><figcaption id=\"caption-attachment-112796\" class=\"wp-caption-text\">A F\u00fcggetlens\u00e9g Angyala Mexik\u00f3v\u00e1ros egyik legismertebb jelk\u00e9pe. A k\u00f6rnyez\u0151 talaj \u00e9vtizedek \u00f3ta s\u00fcllyed, az eml\u00e9km\u0171 stabilabb alapoz\u00e1sa miatt m\u00e1ra 14 tov\u00e1bbi l\u00e9pcs\u0151fokot kellett hozz\u00e1\u00e9p\u00edteni. Fot\u00f3: Getty Images<\/figcaption><\/figure>\n<h2>A v\u00e1ros alatt egy egykori t\u00f3fen\u00e9k h\u00faz\u00f3dik<\/h2>\n<p>A magyar\u00e1zatot r\u00e9szben Mexik\u00f3v\u00e1ros t\u00f6rt\u00e9net\u00e9ben kell keresni. A <a href=\"https:\/\/www.startlap.hu\/utazas\/vulkan-vezuv-napoly-olaszorszag\/\" target=\"_blank\" rel=\"noopener\">metropolisz<\/a> jelent\u0151s r\u00e9sze egy \u0151si t\u00f3meder ter\u00fclet\u00e9re \u00e9p\u00fclt, amely alatt vastag, k\u00f6nnyen \u00f6sszenyom\u00f3d\u00f3 \u00fcled\u00e9kr\u00e9tegek h\u00faz\u00f3dnak. <strong>A v\u00e1ros v\u00edzell\u00e1t\u00e1s\u00e1nak fontos r\u00e9sz\u00e9t szint\u00e9n a felsz\u00edn alatti v\u00edzk\u00e9szletek biztos\u00edtj\u00e1k.<\/strong> Amikor nagy mennyis\u00e9g\u0171 talajvizet szivatty\u00faznak ki, cs\u00f6kken a talaj p\u00f3rusaiban l\u00e9v\u0151 nyom\u00e1s, az \u00fcled\u00e9kr\u00e9tegek pedig fokozatosan \u00f6sszet\u00f6m\u00f6r\u00f6dnek.<\/p>\n<blockquote class=\"article__extraTxt\"><p>A NASA szerint ehhez maga a v\u00e1ros s\u00falya is hozz\u00e1j\u00e1rul. A hatalmas \u00e9p\u00fcletek, utak \u00e9s egy\u00e9b l\u00e9tes\u00edtm\u00e9nyek tov\u00e1bbi terhel\u00e9st jelentenek az egykori t\u00f3fen\u00e9k puha r\u00e9tegeinek.<\/p><\/blockquote>\n<h2>Van, ahol \u00e9vente t\u00f6bb mint 40 centit s\u00fcllyed a talaj<\/h2>\n<p>Az UNAM m\u00e1jusban ismertetett m\u00e9r\u00e9sei l\u00e1tv\u00e1nyosan megmutatt\u00e1k, mennyire elt\u00e9r\u0151 a helyzet az egyes v\u00e1rosr\u00e9szekben. <strong>Ciudad Nezahualc\u00f3yotl<\/strong> ter\u00fclet\u00e9n \u00e9vente 423 millim\u00e9teres, vagyis 42,3 centim\u00e9teres s\u00fcllyed\u00e9st regisztr\u00e1ltak. Mexik\u00f3v\u00e1ros k\u00f6zigazgat\u00e1si ter\u00fclet\u00e9n bel\u00fcl Iztapalap\u00e1ban 258 millim\u00e9ter, Venustiano Carranz\u00e1ban 201 millim\u00e9ter, Iztacalc\u00f3ban 177 millim\u00e9ter, Gustavo A. Mader\u00f3ban pedig 173 millim\u00e9ter volt a legnagyobb m\u00e9rt \u00e9ves v\u00e1ltoz\u00e1s.<\/p>\n<p>Tl\u00e1huacban 273 millim\u00e9teres, Xochimilc\u00f3ban pedig 224 millim\u00e9teres s\u00fcllyed\u00e9st is m\u00e9rtek. \u00c9ppen ezek a k\u00fcl\u00f6nbs\u00e9gek jelentik az egyik legkomolyabb vesz\u00e9lyt. Ha p\u00e9ld\u00e1ul egy \u00e9p\u00fclet egyik oldala gyorsabban s\u00fcllyed, mint a m\u00e1sik, olyan terhel\u00e9s \u00e9rheti a szerkezetet, amivel eredetileg nem sz\u00e1moltak.<\/p>\n<blockquote class=\"article__extraTxt\"><p>Ugyanez t\u00f6rt\u00e9nhet az utakkal, hidakkal \u00e9s a f\u00f6ld alatt fut\u00f3 vezet\u00e9kekkel is.<\/p><\/blockquote>\n<h2>Utak \u00e9s v\u00edzvezet\u00e9kek is megs\u00e9r\u00fcltek<\/h2>\n<p>A NASA szerint az \u00e9vtizedek alatt felhalmoz\u00f3dott egyenetlen s\u00fcllyed\u00e9s m\u00e1r utakban, \u00e9p\u00fcletekben \u00e9s v\u00edzvezet\u00e9kekben is komoly k\u00e1rokat okozott. A probl\u00e9ma Mexik\u00f3v\u00e1ros metr\u00f3h\u00e1l\u00f3zat\u00e1t sem ker\u00fclte el. A talaj elt\u00e9r\u0151 \u00fctem\u0171 mozg\u00e1sa kor\u00e1bban a k\u00f6zleked\u00e9si infrastrukt\u00far\u00e1ban is k\u00e1rokat okozott, ez\u00e9rt<strong> a s\u00fcllyed\u00e9s folyamatos megfigyel\u00e9se nem csak tudom\u00e1nyos szempontb\u00f3l fontos.<\/strong><\/p>\n<blockquote class=\"article__extraTxt\"><p>A gyorsabban \u00e9s lassabban mozg\u00f3 ter\u00fcletek hat\u00e1r\u00e1n ugyanis nagyobb lehet a reped\u00e9sek \u00e9s szerkezeti hib\u00e1k kialakul\u00e1s\u00e1nak vesz\u00e9lye.<\/p><\/blockquote>\n<h2>Egy h\u00edres eml\u00e9km\u0171h\u00f6z m\u00e1r 14 \u00faj l\u00e9pcs\u0151fokot kellett \u00e9p\u00edteni<\/h2>\n<p>A v\u00e1ros s\u00fcllyed\u00e9s\u00e9nek egyik legl\u00e1tv\u00e1nyosabb p\u00e9ld\u00e1ja Mexik\u00f3v\u00e1ros egyik legismertebb jelk\u00e9pe, a <strong>Paseo de la Reform\u00e1n \u00e1ll\u00f3 F\u00fcggetlens\u00e9g Angyala. <\/strong>Az 1910-ben elk\u00e9sz\u00fclt, 36 m\u00e9ter magas eml\u00e9km\u0171 alapoz\u00e1sa stabilabb, mint az azt k\u00f6r\u00fclvev\u0151 talaj\u00e9. Mik\u00f6zben a k\u00f6rnyez\u0151 ter\u00fclet az \u00e9vtizedek sor\u00e1n fokozatosan megs\u00fcllyedt, maga az eml\u00e9km\u0171 kev\u00e9sb\u00e9 mozdult el.<\/p>\n<blockquote class=\"article__extraTxt\"><p>Ennek l\u00e1tv\u00e1nyos k\u00f6vetkezm\u00e9nye lett: az \u00e9vek sor\u00e1n 14 tov\u00e1bbi l\u00e9pcs\u0151fokot kellett hozz\u00e1\u00e9p\u00edteni a talapzathoz, hogy alkalmazkodjon a k\u00f6rnyez\u0151 felsz\u00edn szintj\u00e9nek v\u00e1ltoz\u00e1s\u00e1hoz.<\/p><\/blockquote>\n<h2>A v\u00edzell\u00e1t\u00e1st is tov\u00e1bb nehez\u00edtheti a s\u00fcllyed\u00e9s<\/h2>\n<p>Amikor a felsz\u00edn alatti \u00fcled\u00e9kek \u00f6sszenyom\u00f3dnak, a k\u00f6z\u00f6tt\u00fck tal\u00e1lhat\u00f3 apr\u00f3 \u00fcregek egy r\u00e9sze v\u00e9gleg elt\u0171nhet. Ez cs\u00f6kkentheti a talaj v\u00edzt\u00e1rol\u00f3 k\u00e9pess\u00e9g\u00e9t, vagyis <strong>k\u00e9s\u0151bb kevesebb talajv\u00edz f\u00e9r el ugyanazon a ter\u00fcleten. <\/strong>&nbsp;Mexik\u00f3v\u00e1ros talaj\u00e1nak jelent\u0151s r\u00e9sz\u00e9n a t\u00f6m\u00f6r\u00f6d\u00e9s gyakorlatilag visszaford\u00edthatatlan. A kutat\u00f3k szerint bizonyos talajr\u00e9tegek \u00f6sszenyom\u00f3d\u00e1sa m\u00e9g k\u00f6r\u00fclbel\u00fcl 150 \u00e9vig folytat\u00f3dhat, \u00e9s egyes helyeken hossz\u00fa t\u00e1von ak\u00e1r <strong>t\u00f6bb t\u00edz m\u00e9teres tov\u00e1bbi s\u00fcllyed\u00e9s is bek\u00f6vetkezhet.<\/strong><\/p>\n<blockquote class=\"article__extraTxt\"><p>A NISAR m\u0171hold az\u00e9rt jelent nagy el\u0151rel\u00e9p\u00e9st, mert a radar seg\u00edts\u00e9g\u00e9vel nagyon apr\u00f3 felsz\u00ednmozg\u00e1sokat is k\u00e9pes \u00e9rz\u00e9kelni, r\u00e1ad\u00e1sul \u00e9jszaka \u00e9s felh\u0151s id\u0151ben is tud m\u00e9rni.<\/p><\/blockquote>\n<p>A kutat\u00f3k \u00edgy nem csak azt l\u00e1thatj\u00e1k pontosabban, hol s\u00fcllyed a leggyorsabban a v\u00e1ros, hanem azt is, hol v\u00e1ltozik hirtelen a s\u00fcllyed\u00e9s \u00fcteme k\u00e9t egym\u00e1s mellett fekv\u0151 ter\u00fclet k\u00f6z\u00f6tt.<\/p>\n<p>&nbsp;&nbsp;<a href=\"https:\/\/www.verkkouutiset.fi\/a\/suurkaupunki-vajoaa-jopa-42-senttia-vuodessa-seuraukset-nakyvat-jo-kaduilla-ja-taloissa\/#cca7b57e\" target=\"_blank\" target=\"_blank\" rel=\"noopener\">via<\/a><\/p>\n<div class=\"o-widget m-readMoreWidget -readMore u-shortDecorLineAfter row widget-container _ce_measure_widget bigdata-widget read-more\" data-ce-measure-widget=\"olvass tov\u00e1bb\">\n\t<div class=\"m-readMoreWidget__imgWrapper image-wrapper col-12 col-md-4 no-p\">\n\t\t<a class=\"m-readMoreWidget__imgLink\" href=\"https:\/\/www.startlap.hu\/utazas\/europa-legolcsobb-varosok-tirana\/\" >\n\t\t\t<img decoding=\"async\" src=\"https:\/\/www.startlap.hu\/utazas\/uploads\/sites\/3\/2026\/08\/tirana-albania_11zon-350x285.jpg\" class=\"m-readMoreWidget__img\">\n\t\t<\/a>\n\t<\/div>\n\t<div class=\"m-readMoreWidget__titleWrapper title-wrapper col-12 col-md-8\">\n\t\t<span class=\"m-readMoreWidget__titleLabel u-shortDecorLineBefore label hidden-sm-up\">Ez is \u00e9rdekelhet:<\/span>\n\t\t<h3 class=\"m-readMoreWidget__title title\">\n\t\t\t<a class=\"m-readMoreWidget__titleLink -secondFont u-bold u-upperCase\" href=\"https:\/\/www.startlap.hu\/utazas\/europa-legolcsobb-varosok-tirana\/\" >Ezekben az eur\u00f3pai v\u00e1rosokban napi 100 eur\u00f3b\u00f3l is kij\u00f6het a nyaral\u00e1s<\/a>\n\t\t<\/h3>\n\t\t<a class=\"m-readMoreWidget__btn -coloredBack u-tC link\" href=\"https:\/\/www.startlap.hu\/utazas\/europa-legolcsobb-varosok-tirana\/\" >Elolvasom<\/a>\n\t<\/div>\n<\/div>\n","protected":false},"excerpt":{"rendered":"<p>Egy h\u00faszmilli\u00f3s metropolisz alatt \u00e9vr\u0151l \u00e9vre egyre m\u00e9lyebbre s\u00fcllyed a talaj. A k\u00f6vetkezm\u00e9nyek m\u00e1r az \u00e9p\u00fcleteken, utakon \u00e9s v\u00edzvezet\u00e9keken is l\u00e1tszanak.<\/p>\n","protected":false},"author":64,"featured_media":112796,"comment_status":"closed","ping_status":"closed","sticky":false,"template":"","format":"standard","meta":{"footnotes":""},"categories":[70],"tags":[9870,302,305],"class_list":["post-112794","post","type-post","status-publish","format-standard","has-post-thumbnail","hentry","category-vilag","tag-epitkezes","tag-mexiko","tag-mexikovaros"],"aioseo_notices":[],"_links":{"self":[{"href":"https:\/\/www.startlap.hu\/utazas\/wp-json\/wp\/v2\/posts\/112794","targetHints":{"allow":["GET"]}}],"collection":[{"href":"https:\/\/www.startlap.hu\/utazas\/wp-json\/wp\/v2\/posts"}],"about":[{"href":"https:\/\/www.startlap.hu\/utazas\/wp-json\/wp\/v2\/types\/post"}],"author":[{"embeddable":true,"href":"https:\/\/www.startlap.hu\/utazas\/wp-json\/wp\/v2\/users\/64"}],"replies":[{"embeddable":true,"href":"https:\/\/www.startlap.hu\/utazas\/wp-json\/wp\/v2\/comments?post=112794"}],"version-history":[{"count":5,"href":"https:\/\/www.startlap.hu\/utazas\/wp-json\/wp\/v2\/posts\/112794\/revisions"}],"predecessor-version":[{"id":112821,"href":"https:\/\/www.startlap.hu\/utazas\/wp-json\/wp\/v2\/posts\/112794\/revisions\/112821"}],"wp:featuredmedia":[{"embeddable":true,"href":"https:\/\/www.startlap.hu\/utazas\/wp-json\/wp\/v2\/media\/112796"}],"wp:attachment":[{"href":"https:\/\/www.startlap.hu\/utazas\/wp-json\/wp\/v2\/media?parent=112794"}],"wp:term":[{"taxonomy":"category","embeddable":true,"href":"https:\/\/www.startlap.hu\/utazas\/wp-json\/wp\/v2\/categories?post=112794"},{"taxonomy":"post_tag","embeddable":true,"href":"https:\/\/www.startlap.hu\/utazas\/wp-json\/wp\/v2\/tags?post=112794"}],"curies":[{"name":"wp","href":"https:\/\/api.w.org\/{rel}","templated":true}]}}