{"id":112785,"date":"2026-09-01T14:33:23","date_gmt":"2026-09-01T12:33:23","guid":{"rendered":"https:\/\/www.startlap.hu\/utazas\/?p=112785"},"modified":"2026-09-01T11:15:34","modified_gmt":"2026-09-01T09:15:34","slug":"utoszezon-bologna-budapest-bukarest","status":"publish","type":"post","link":"https:\/\/www.startlap.hu\/utazas\/utoszezon-bologna-budapest-bukarest\/","title":{"rendered":"6 elb\u0171v\u00f6l\u0151 eur\u00f3pai v\u00e1ros, ahol \u0151sszel olcs\u00f3bban kij\u00f6het egy hossz\u00fa h\u00e9tv\u00e9ge"},"content":{"rendered":"<p>\u0150sszel eg\u00e9szen m\u00e1s arcukat mutatj\u00e1k az <a href=\"https:\/\/www.startlap.hu\/utazas\/10-europai-uti-cel-arak\/\" target=\"_blank\" rel=\"noopener\">eur\u00f3pai<\/a> nagyv\u00e1rosok, mint a ny\u00e1ri f\u0151szezonban. A legnagyobb t\u00f6meg addigra t\u00f6bbnyire elt\u0171nik, a h\u0151s\u00e9g is enyh\u00fcl, \u00edgy sokkal kellemesebb eg\u00e9sz nap gyalogolni, \u00e9s a sz\u00e1ll\u00e1sok \u00e9s a rep\u00fcl\u0151jegyek k\u00f6z\u00f6tt is k\u00f6nnyebb <a href=\"https:\/\/www.startlap.hu\/utazas\/mikor-repulj-es-mikor-foglalj-igy-talalhatod-meg-a-legolcsobb-repjegyeket\/\" target=\"_blank\" rel=\"noopener\">kedvez\u0151 aj\u00e1nlatokat tal\u00e1lni<\/a>.<\/p>\n\n\t<div id=\"cegPostCnt_1\" class=\"o-cegPostCnt -inContent\" data-title=\"6 elb\u0171v\u00f6l\u0151 eur\u00f3pai v\u00e1ros, ahol \u0151sszel olcs\u00f3bban kij\u00f6het egy hossz\u00fa h\u00e9tv\u00e9ge\">\n\t\t<a class=\"o-cegPostCnt__opener m-cegOpener _ce_measure_widget _ce_measure_link\" data-ce-measure-widget=\"gallery-open\"\n   href=\"?gallery=1\/1\/nicosia_11zon\">\n\t<img decoding=\"async\" src=\"https:\/\/www.startlap.hu\/utazas\/uploads\/sites\/3\/2026\/08\/nicosia_11zon.jpg\" class=\"m-cegOpener__image\" alt=\"mediterr\u00e1n v\u00e1ros heggyel\" sizes=\"(max-width: 991px) 100vw, (max-width: 1039px) 66vw, 684px\" srcset=\"https:\/\/www.startlap.hu\/utazas\/uploads\/sites\/3\/2026\/08\/nicosia_11zon.jpg 1696w, https:\/\/www.startlap.hu\/utazas\/uploads\/sites\/3\/2026\/08\/nicosia_11zon-1536x1024.jpg 1536w, https:\/\/www.startlap.hu\/utazas\/uploads\/sites\/3\/2026\/08\/nicosia_11zon-755x503.jpg 755w, https:\/\/www.startlap.hu\/utazas\/uploads\/sites\/3\/2026\/08\/nicosia_11zon-525x350.jpg 525w\" \/>\t<div class=\"m-cegOpener__btn\"><i class=\"far fa-clone\"><\/i><\/div>\n<\/a>\n<div class=\"o-cegPostCnt__layer m-cegLayer _ce_measure_widget\" data-ce-measure-widget=\"gallery-layer\" style=\"display: none\">\n\t<div class=\"m-cegLayer__top m-cegHeader _ce_measure_widget\" data-ce-measure-widget=\"gallery-header\">\n\t\t\t\t\t<span class=\"m-cegHeader__logo\"><span class=\"a-cegLogo\"><\/span><\/span>\n\t\t\t\t<div class=\"m-cegHeader__imgCnt\">\n\t\t\t<img decoding=\"async\" src=\"https:\/\/www.startlap.hu\/utazas\/uploads\/sites\/3\/2026\/08\/nicosia_11zon.jpg\" class=\"m-cegHeader__imgOpener\" alt=\"mediterr\u00e1n v\u00e1ros heggyel\" \/>\t\t<\/div>\n\t\t<h2 class=\"m-cegHeader__title a-cegGalleryTitle\"><i class=\"fa fa-angle-left\"><\/i>6 elb\u0171v\u00f6l\u0151 eur\u00f3pai v\u00e1ros, ahol \u0151sszel olcs\u00f3bban kij\u00f6het egy hossz\u00fa h\u00e9tv\u00e9ge<\/h2>\n\t\t<div class=\"m-cegHeader__pagination a-cegPagination\"><\/div>\n\t\t<div class=\"m-cegHeader__closeBtn close-button nlc-icon-close _ce_measure_link _ce_measure_widget\" data-ce-measure-widget=\"gallery-close-btn\"><i class=\"fa fa-times\" aria-hidden=\"true\"><\/i><\/div>\n\t<\/div>\n\t<div class=\"m-cegLayer__screen\">\n\t\t<div class=\"m-cegLayer__carousel m-cegCarousel\">\n\t\t\t\t\t\t\t\n\t\t\t\t<div\n\t\t\t\t\tclass=\"m-cegCarousel__item\"\n\t\t\t\t\tdata-type=\"image\"\n\t\t\t\t\tdata-id=\"1\/1\/nicosia_11zon\"\n\t\t\t\t\tdata-image-url=\"https:\/\/www.startlap.hu\/utazas\/uploads\/sites\/3\/2026\/08\/nicosia_11zon.jpg\"\n\t\t\t\t\tdata-title=\"nicosia_11zon\"\n\t\t\t\t\tdata-desc=\"Nicosia \u0151sszel kellemesebb arc\u00e1t mutatja, amikor a ny\u00e1ri h\u0151s\u00e9g m\u00e1r enyh\u00fcl, de a mediterr\u00e1n hangulat tov\u00e1bbra is megmarad. Fot\u00f3: Getty Images\">\n\n\t\t\t\t\t<!-- image -->\n\t\t\t\t\t<div class=\"m-cegCarousel__floatingCnt\">\n\t\t\t\t\t\t<img decoding=\"async\" src=\"https:\/\/www.startlap.hu\/utazas\/uploads\/sites\/3\/2026\/08\/nicosia_11zon.jpg\" class=\"m-cegCarousel__image\" alt=\"mediterr\u00e1n v\u00e1ros heggyel\" \/>\t\t\t\t\t\t<span class=\"fa m-cegCarousel__zoom _ce_measure_link _ce_measure_widget\" data-ce-measure-widget=\"gallery-zoom-btn\"><\/span>\n\t\t\t\t\t<\/div>\n\n\t\t\t\t\t<!-- thumb icon \/ counter, caption  -->\n\t\t\t\t\t<div class=\"m-cegCarousel__captionCnt m-cegCaption\">\n\t\t\t\t\t\t<span class=\"m-cegCaption__thumbIcon a-cegThumbIcon _ce_measure_widget _ce_measure_link\"\n\t\t\t\t\t\t\t  data-ce-measure-widget=\"thumbnails-btn\"\n\t\t\t\t\t\t\t  data-ce-measure-widget=\"gallery-thumbnails\"><i class=\" fa fa-th-large\"><\/i><\/span>\n\t\t\t\t\t\t<span class=\"m-cegCaption__pagination a-cegPagination\">\n\t\t\t\t\t\t\t<span class=\"a-cegPagination__current\">1<\/span>\/8\t\t\t\t\t\t<\/span>\n\t\t\t\t\t\t<span class=\"m-cegCaption__caption\">nicosia_11zon<\/span>\n\t\t\t\t\t<\/div>\n\n\t\t\t\t\t<!-- Image description -->\n\t\t\t\t\t<div class=\"m-cegCarousel__desc a-cegDesc\">Nicosia \u0151sszel kellemesebb arc\u00e1t mutatja, amikor a ny\u00e1ri h\u0151s\u00e9g m\u00e1r enyh\u00fcl, de a mediterr\u00e1n hangulat tov\u00e1bbra is megmarad. Fot\u00f3: Getty Images<\/div>\n\n\t\t\t\t\t<!-- Image social share icons -->\n\t\t\t\t\t<div class=\"m-cegCarousel__socialCnt m-cegSocial\">\n\t\t\t\t\t\t<span class=\"m-cegSocial__text\">Fot\u00f3 megoszt\u00e1sa:<\/span><span class=\"m-cegSocial__iconWrap\"><span class=\"m-cegSocial__icon -facebook _ce_measure_link _ce_measure_widget\" data-ce-measure-widget=\"facebookGallery-btn\"><i class=\"fab fa-facebook-f\"><\/i><\/span><span class=\"m-cegSocial__icon -pinterest _ce_measure_link _ce_measure_widget\" data-ce-measure-widget=\"printeresGallery-btn\"><i class=\"fab fa-pinterest-p\"><\/i><\/span><span class=\"m-cegSocial__icon -email _ce_measure_link _ce_measure_widget\" data-ce-measure-widget=\"emailGallery-btn\"><i class=\"far fa-envelope\"><\/i><\/span><span class=\"m-cegSocial__icon -clipboard _ce_measure_link _ce_measure_widget\" data-ce-measure-widget=\"clipboardGallery-btn\"><i class=\"fa fa-link\"><\/i><\/span><\/span>\t\t\t\t\t<\/div>\n\t\t\t\t<\/div>\n\t\t\t\t\t\t\t\n\t\t\t\t<div\n\t\t\t\t\tclass=\"m-cegCarousel__item\"\n\t\t\t\t\tdata-type=\"image\"\n\t\t\t\t\tdata-id=\"1\/2\/varso_11zon\"\n\t\t\t\t\tdata-image-url=\"https:\/\/www.startlap.hu\/utazas\/uploads\/sites\/3\/2026\/08\/varso_11zon.jpg\"\n\t\t\t\t\tdata-title=\"varso_11zon\"\n\t\t\t\t\tdata-desc=\"Vars\u00f3ban a t\u00f6rt\u00e9nelmi v\u00e1rosr\u00e9szek mellett a modern felh\u0151karcol\u00f3k \u00e9s a Kult\u00fara \u00e9s Tudom\u00e1ny Palot\u00e1ja is meghat\u00e1rozza a v\u00e1rosk\u00e9pet. Fot\u00f3: Getty Images\">\n\n\t\t\t\t\t<!-- image -->\n\t\t\t\t\t<div class=\"m-cegCarousel__floatingCnt\">\n\t\t\t\t\t\t<img decoding=\"async\" src=\"https:\/\/www.startlap.hu\/utazas\/uploads\/sites\/3\/2026\/08\/varso_11zon.jpg\" class=\"m-cegCarousel__image\" alt=\"felh\u0151karcol\u00f3k\" \/>\t\t\t\t\t\t<span class=\"fa m-cegCarousel__zoom _ce_measure_link _ce_measure_widget\" data-ce-measure-widget=\"gallery-zoom-btn\"><\/span>\n\t\t\t\t\t<\/div>\n\n\t\t\t\t\t<!-- thumb icon \/ counter, caption  -->\n\t\t\t\t\t<div class=\"m-cegCarousel__captionCnt m-cegCaption\">\n\t\t\t\t\t\t<span class=\"m-cegCaption__thumbIcon a-cegThumbIcon _ce_measure_widget _ce_measure_link\"\n\t\t\t\t\t\t\t  data-ce-measure-widget=\"thumbnails-btn\"\n\t\t\t\t\t\t\t  data-ce-measure-widget=\"gallery-thumbnails\"><i class=\" fa fa-th-large\"><\/i><\/span>\n\t\t\t\t\t\t<span class=\"m-cegCaption__pagination a-cegPagination\">\n\t\t\t\t\t\t\t<span class=\"a-cegPagination__current\">2<\/span>\/8\t\t\t\t\t\t<\/span>\n\t\t\t\t\t\t<span class=\"m-cegCaption__caption\">varso_11zon<\/span>\n\t\t\t\t\t<\/div>\n\n\t\t\t\t\t<!-- Image description -->\n\t\t\t\t\t<div class=\"m-cegCarousel__desc a-cegDesc\">Vars\u00f3ban a t\u00f6rt\u00e9nelmi v\u00e1rosr\u00e9szek mellett a modern felh\u0151karcol\u00f3k \u00e9s a Kult\u00fara \u00e9s Tudom\u00e1ny Palot\u00e1ja is meghat\u00e1rozza a v\u00e1rosk\u00e9pet. Fot\u00f3: Getty Images<\/div>\n\n\t\t\t\t\t<!-- Image social share icons -->\n\t\t\t\t\t<div class=\"m-cegCarousel__socialCnt m-cegSocial\">\n\t\t\t\t\t\t<span class=\"m-cegSocial__text\">Fot\u00f3 megoszt\u00e1sa:<\/span><span class=\"m-cegSocial__iconWrap\"><span class=\"m-cegSocial__icon -facebook _ce_measure_link _ce_measure_widget\" data-ce-measure-widget=\"facebookGallery-btn\"><i class=\"fab fa-facebook-f\"><\/i><\/span><span class=\"m-cegSocial__icon -pinterest _ce_measure_link _ce_measure_widget\" data-ce-measure-widget=\"printeresGallery-btn\"><i class=\"fab fa-pinterest-p\"><\/i><\/span><span class=\"m-cegSocial__icon -email _ce_measure_link _ce_measure_widget\" data-ce-measure-widget=\"emailGallery-btn\"><i class=\"far fa-envelope\"><\/i><\/span><span class=\"m-cegSocial__icon -clipboard _ce_measure_link _ce_measure_widget\" data-ce-measure-widget=\"clipboardGallery-btn\"><i class=\"fa fa-link\"><\/i><\/span><\/span>\t\t\t\t\t<\/div>\n\t\t\t\t<\/div>\n\t\t\t\t\t\t\t\n\t\t\t\t<div\n\t\t\t\t\tclass=\"m-cegCarousel__item\"\n\t\t\t\t\tdata-type=\"image\"\n\t\t\t\t\tdata-id=\"1\/3\/tirana-2_11zon\"\n\t\t\t\t\tdata-image-url=\"https:\/\/www.startlap.hu\/utazas\/uploads\/sites\/3\/2026\/08\/tirana-2_11zon.jpg\"\n\t\t\t\t\tdata-title=\"tirana 2_11zon\"\n\t\t\t\t\tdata-desc=\"Tirana r\u00f6vid v\u00e1rosn\u00e9z\u00e9sre is j\u00f3 v\u00e1laszt\u00e1s, a f\u0151bb l\u00e1tnival\u00f3k pedig viszonylag k\u00f6zel vannak egym\u00e1shoz. Fot\u00f3: Getty Images\">\n\n\t\t\t\t\t<!-- image -->\n\t\t\t\t\t<div class=\"m-cegCarousel__floatingCnt\">\n\t\t\t\t\t\t<img decoding=\"async\" src=\"https:\/\/www.startlap.hu\/utazas\/uploads\/sites\/3\/2026\/08\/tirana-2_11zon.jpg\" class=\"m-cegCarousel__image\" alt=\"sz\u00ednes h\u00e1zak a magasb\u00f3l\" \/>\t\t\t\t\t\t<span class=\"fa m-cegCarousel__zoom _ce_measure_link _ce_measure_widget\" data-ce-measure-widget=\"gallery-zoom-btn\"><\/span>\n\t\t\t\t\t<\/div>\n\n\t\t\t\t\t<!-- thumb icon \/ counter, caption  -->\n\t\t\t\t\t<div class=\"m-cegCarousel__captionCnt m-cegCaption\">\n\t\t\t\t\t\t<span class=\"m-cegCaption__thumbIcon a-cegThumbIcon _ce_measure_widget _ce_measure_link\"\n\t\t\t\t\t\t\t  data-ce-measure-widget=\"thumbnails-btn\"\n\t\t\t\t\t\t\t  data-ce-measure-widget=\"gallery-thumbnails\"><i class=\" fa fa-th-large\"><\/i><\/span>\n\t\t\t\t\t\t<span class=\"m-cegCaption__pagination a-cegPagination\">\n\t\t\t\t\t\t\t<span class=\"a-cegPagination__current\">3<\/span>\/8\t\t\t\t\t\t<\/span>\n\t\t\t\t\t\t<span class=\"m-cegCaption__caption\">tirana 2_11zon<\/span>\n\t\t\t\t\t<\/div>\n\n\t\t\t\t\t<!-- Image description -->\n\t\t\t\t\t<div class=\"m-cegCarousel__desc a-cegDesc\">Tirana r\u00f6vid v\u00e1rosn\u00e9z\u00e9sre is j\u00f3 v\u00e1laszt\u00e1s, a f\u0151bb l\u00e1tnival\u00f3k pedig viszonylag k\u00f6zel vannak egym\u00e1shoz. Fot\u00f3: Getty Images<\/div>\n\n\t\t\t\t\t<!-- Image social share icons -->\n\t\t\t\t\t<div class=\"m-cegCarousel__socialCnt m-cegSocial\">\n\t\t\t\t\t\t<span class=\"m-cegSocial__text\">Fot\u00f3 megoszt\u00e1sa:<\/span><span class=\"m-cegSocial__iconWrap\"><span class=\"m-cegSocial__icon -facebook _ce_measure_link _ce_measure_widget\" data-ce-measure-widget=\"facebookGallery-btn\"><i class=\"fab fa-facebook-f\"><\/i><\/span><span class=\"m-cegSocial__icon -pinterest _ce_measure_link _ce_measure_widget\" data-ce-measure-widget=\"printeresGallery-btn\"><i class=\"fab fa-pinterest-p\"><\/i><\/span><span class=\"m-cegSocial__icon -email _ce_measure_link _ce_measure_widget\" data-ce-measure-widget=\"emailGallery-btn\"><i class=\"far fa-envelope\"><\/i><\/span><span class=\"m-cegSocial__icon -clipboard _ce_measure_link _ce_measure_widget\" data-ce-measure-widget=\"clipboardGallery-btn\"><i class=\"fa fa-link\"><\/i><\/span><\/span>\t\t\t\t\t<\/div>\n\t\t\t\t<\/div>\n\t\t\t\t\t\t\t\t\t\t\t\t<div\n\t\t\t\t\t\tclass=\"m-cegCarousel__item -banner\"\n\t\t\t\t\t\tdata-type=\"banner\"\n\t\t\t\t\t\tdata-id=\"1\/4\/banner\"\n\t\t\t\t\t\tdata-image-url=\"\"\n\t\t\t\t\t\tdata-title=\"\"\n\t\t\t\t\t\tdata-desc=\"\">\n\n\t\t\t\t\t\t<div class=\"m-cegCarousel__floatingCnt banner-container gallery-content010\"><\/div>\n\n\t\t\t\t\t<\/div>\n\t\t\t\t\t\t\t\t\t\n\t\t\t\t<div\n\t\t\t\t\tclass=\"m-cegCarousel__item\"\n\t\t\t\t\tdata-type=\"image\"\n\t\t\t\t\tdata-id=\"1\/5\/budapest-2_11zon\"\n\t\t\t\t\tdata-image-url=\"https:\/\/www.startlap.hu\/utazas\/uploads\/sites\/3\/2026\/08\/budapest-2_11zon.jpg\"\n\t\t\t\t\tdata-title=\"budapest 2_11zon\"\n\t\t\t\t\tdata-desc=\"Budapest is szerepel a kedvez\u0151 \u00e1r-\u00e9rt\u00e9k ar\u00e1ny\u00fa \u0151szi \u00fatic\u00e9lok k\u00f6z\u00f6tt. Fot\u00f3: Getty Images  \">\n\n\t\t\t\t\t<!-- image -->\n\t\t\t\t\t<div class=\"m-cegCarousel__floatingCnt\">\n\t\t\t\t\t\t<img decoding=\"async\" src=\"https:\/\/www.startlap.hu\/utazas\/uploads\/sites\/3\/2026\/08\/budapest-2_11zon.jpg\" class=\"m-cegCarousel__image\" alt=\"v\u00e1rosk\u00e9p kupol\u00e1s \u00e9p\u00fclettel\" \/>\t\t\t\t\t\t<span class=\"fa m-cegCarousel__zoom _ce_measure_link _ce_measure_widget\" data-ce-measure-widget=\"gallery-zoom-btn\"><\/span>\n\t\t\t\t\t<\/div>\n\n\t\t\t\t\t<!-- thumb icon \/ counter, caption  -->\n\t\t\t\t\t<div class=\"m-cegCarousel__captionCnt m-cegCaption\">\n\t\t\t\t\t\t<span class=\"m-cegCaption__thumbIcon a-cegThumbIcon _ce_measure_widget _ce_measure_link\"\n\t\t\t\t\t\t\t  data-ce-measure-widget=\"thumbnails-btn\"\n\t\t\t\t\t\t\t  data-ce-measure-widget=\"gallery-thumbnails\"><i class=\" fa fa-th-large\"><\/i><\/span>\n\t\t\t\t\t\t<span class=\"m-cegCaption__pagination a-cegPagination\">\n\t\t\t\t\t\t\t<span class=\"a-cegPagination__current\">5<\/span>\/8\t\t\t\t\t\t<\/span>\n\t\t\t\t\t\t<span class=\"m-cegCaption__caption\">budapest 2_11zon<\/span>\n\t\t\t\t\t<\/div>\n\n\t\t\t\t\t<!-- Image description -->\n\t\t\t\t\t<div class=\"m-cegCarousel__desc a-cegDesc\">Budapest is szerepel a kedvez\u0151 \u00e1r-\u00e9rt\u00e9k ar\u00e1ny\u00fa \u0151szi \u00fatic\u00e9lok k\u00f6z\u00f6tt. Fot\u00f3: Getty Images  <\/div>\n\n\t\t\t\t\t<!-- Image social share icons -->\n\t\t\t\t\t<div class=\"m-cegCarousel__socialCnt m-cegSocial\">\n\t\t\t\t\t\t<span class=\"m-cegSocial__text\">Fot\u00f3 megoszt\u00e1sa:<\/span><span class=\"m-cegSocial__iconWrap\"><span class=\"m-cegSocial__icon -facebook _ce_measure_link _ce_measure_widget\" data-ce-measure-widget=\"facebookGallery-btn\"><i class=\"fab fa-facebook-f\"><\/i><\/span><span class=\"m-cegSocial__icon -pinterest _ce_measure_link _ce_measure_widget\" data-ce-measure-widget=\"printeresGallery-btn\"><i class=\"fab fa-pinterest-p\"><\/i><\/span><span class=\"m-cegSocial__icon -email _ce_measure_link _ce_measure_widget\" data-ce-measure-widget=\"emailGallery-btn\"><i class=\"far fa-envelope\"><\/i><\/span><span class=\"m-cegSocial__icon -clipboard _ce_measure_link _ce_measure_widget\" data-ce-measure-widget=\"clipboardGallery-btn\"><i class=\"fa fa-link\"><\/i><\/span><\/span>\t\t\t\t\t<\/div>\n\t\t\t\t<\/div>\n\t\t\t\t\t\t\t\n\t\t\t\t<div\n\t\t\t\t\tclass=\"m-cegCarousel__item\"\n\t\t\t\t\tdata-type=\"image\"\n\t\t\t\t\tdata-id=\"1\/6\/bologna_11zon\"\n\t\t\t\t\tdata-image-url=\"https:\/\/www.startlap.hu\/utazas\/uploads\/sites\/3\/2026\/08\/bologna_11zon.jpg\"\n\t\t\t\t\tdata-title=\"bologna_11zon\"\n\t\t\t\t\tdata-desc=\"Bologna t\u00f6rt\u00e9nelmi k\u00f6zpontja gyalog is k\u00f6nnyen bej\u00e1rhat\u00f3, \u00edgy egy k\u00e9t-h\u00e1rom napos \u0151szi v\u00e1rosn\u00e9z\u00e9sbe is sok minden belef\u00e9r. Fot\u00f3: Getty Images\">\n\n\t\t\t\t\t<!-- image -->\n\t\t\t\t\t<div class=\"m-cegCarousel__floatingCnt\">\n\t\t\t\t\t\t<img decoding=\"async\" src=\"https:\/\/www.startlap.hu\/utazas\/uploads\/sites\/3\/2026\/08\/bologna_11zon.jpg\" class=\"m-cegCarousel__image\" alt=\"mediterr\u00e1n v\u00e1ros a magasb\u00f3l\" \/>\t\t\t\t\t\t<span class=\"fa m-cegCarousel__zoom _ce_measure_link _ce_measure_widget\" data-ce-measure-widget=\"gallery-zoom-btn\"><\/span>\n\t\t\t\t\t<\/div>\n\n\t\t\t\t\t<!-- thumb icon \/ counter, caption  -->\n\t\t\t\t\t<div class=\"m-cegCarousel__captionCnt m-cegCaption\">\n\t\t\t\t\t\t<span class=\"m-cegCaption__thumbIcon a-cegThumbIcon _ce_measure_widget _ce_measure_link\"\n\t\t\t\t\t\t\t  data-ce-measure-widget=\"thumbnails-btn\"\n\t\t\t\t\t\t\t  data-ce-measure-widget=\"gallery-thumbnails\"><i class=\" fa fa-th-large\"><\/i><\/span>\n\t\t\t\t\t\t<span class=\"m-cegCaption__pagination a-cegPagination\">\n\t\t\t\t\t\t\t<span class=\"a-cegPagination__current\">6<\/span>\/8\t\t\t\t\t\t<\/span>\n\t\t\t\t\t\t<span class=\"m-cegCaption__caption\">bologna_11zon<\/span>\n\t\t\t\t\t<\/div>\n\n\t\t\t\t\t<!-- Image description -->\n\t\t\t\t\t<div class=\"m-cegCarousel__desc a-cegDesc\">Bologna t\u00f6rt\u00e9nelmi k\u00f6zpontja gyalog is k\u00f6nnyen bej\u00e1rhat\u00f3, \u00edgy egy k\u00e9t-h\u00e1rom napos \u0151szi v\u00e1rosn\u00e9z\u00e9sbe is sok minden belef\u00e9r. Fot\u00f3: Getty Images<\/div>\n\n\t\t\t\t\t<!-- Image social share icons -->\n\t\t\t\t\t<div class=\"m-cegCarousel__socialCnt m-cegSocial\">\n\t\t\t\t\t\t<span class=\"m-cegSocial__text\">Fot\u00f3 megoszt\u00e1sa:<\/span><span class=\"m-cegSocial__iconWrap\"><span class=\"m-cegSocial__icon -facebook _ce_measure_link _ce_measure_widget\" data-ce-measure-widget=\"facebookGallery-btn\"><i class=\"fab fa-facebook-f\"><\/i><\/span><span class=\"m-cegSocial__icon -pinterest _ce_measure_link _ce_measure_widget\" data-ce-measure-widget=\"printeresGallery-btn\"><i class=\"fab fa-pinterest-p\"><\/i><\/span><span class=\"m-cegSocial__icon -email _ce_measure_link _ce_measure_widget\" data-ce-measure-widget=\"emailGallery-btn\"><i class=\"far fa-envelope\"><\/i><\/span><span class=\"m-cegSocial__icon -clipboard _ce_measure_link _ce_measure_widget\" data-ce-measure-widget=\"clipboardGallery-btn\"><i class=\"fa fa-link\"><\/i><\/span><\/span>\t\t\t\t\t<\/div>\n\t\t\t\t<\/div>\n\t\t\t\t\t\t\t\n\t\t\t\t<div\n\t\t\t\t\tclass=\"m-cegCarousel__item\"\n\t\t\t\t\tdata-type=\"image\"\n\t\t\t\t\tdata-id=\"1\/7\/bukarest_11zon\"\n\t\t\t\t\tdata-image-url=\"https:\/\/www.startlap.hu\/utazas\/uploads\/sites\/3\/2026\/08\/bukarest_11zon.jpg\"\n\t\t\t\t\tdata-title=\"bukarest_11zon\"\n\t\t\t\t\tdata-desc=\"Bukarest egy h\u00e9tv\u00e9g\u00e9re is j\u00f3 v\u00e1laszt\u00e1s lehet, r\u00e1ad\u00e1sul a sz\u00e1ll\u00e1sok \u00e9s az \u00e9tkez\u00e9s is kedvez\u0151bb lehet t\u00f6bb nyugat-eur\u00f3pai f\u0151v\u00e1ros\u00e9n\u00e1l. Fot\u00f3: Getty Images\">\n\n\t\t\t\t\t<!-- image -->\n\t\t\t\t\t<div class=\"m-cegCarousel__floatingCnt\">\n\t\t\t\t\t\t<img decoding=\"async\" src=\"https:\/\/www.startlap.hu\/utazas\/uploads\/sites\/3\/2026\/08\/bukarest_11zon.jpg\" class=\"m-cegCarousel__image\" alt=\"v\u00e1rosk\u00e9p rom\u00e1n z\u00e1szl\u00f3val\" \/>\t\t\t\t\t\t<span class=\"fa m-cegCarousel__zoom _ce_measure_link _ce_measure_widget\" data-ce-measure-widget=\"gallery-zoom-btn\"><\/span>\n\t\t\t\t\t<\/div>\n\n\t\t\t\t\t<!-- thumb icon \/ counter, caption  -->\n\t\t\t\t\t<div class=\"m-cegCarousel__captionCnt m-cegCaption\">\n\t\t\t\t\t\t<span class=\"m-cegCaption__thumbIcon a-cegThumbIcon _ce_measure_widget _ce_measure_link\"\n\t\t\t\t\t\t\t  data-ce-measure-widget=\"thumbnails-btn\"\n\t\t\t\t\t\t\t  data-ce-measure-widget=\"gallery-thumbnails\"><i class=\" fa fa-th-large\"><\/i><\/span>\n\t\t\t\t\t\t<span class=\"m-cegCaption__pagination a-cegPagination\">\n\t\t\t\t\t\t\t<span class=\"a-cegPagination__current\">7<\/span>\/8\t\t\t\t\t\t<\/span>\n\t\t\t\t\t\t<span class=\"m-cegCaption__caption\">bukarest_11zon<\/span>\n\t\t\t\t\t<\/div>\n\n\t\t\t\t\t<!-- Image description -->\n\t\t\t\t\t<div class=\"m-cegCarousel__desc a-cegDesc\">Bukarest egy h\u00e9tv\u00e9g\u00e9re is j\u00f3 v\u00e1laszt\u00e1s lehet, r\u00e1ad\u00e1sul a sz\u00e1ll\u00e1sok \u00e9s az \u00e9tkez\u00e9s is kedvez\u0151bb lehet t\u00f6bb nyugat-eur\u00f3pai f\u0151v\u00e1ros\u00e9n\u00e1l. Fot\u00f3: Getty Images<\/div>\n\n\t\t\t\t\t<!-- Image social share icons -->\n\t\t\t\t\t<div class=\"m-cegCarousel__socialCnt m-cegSocial\">\n\t\t\t\t\t\t<span class=\"m-cegSocial__text\">Fot\u00f3 megoszt\u00e1sa:<\/span><span class=\"m-cegSocial__iconWrap\"><span class=\"m-cegSocial__icon -facebook _ce_measure_link _ce_measure_widget\" data-ce-measure-widget=\"facebookGallery-btn\"><i class=\"fab fa-facebook-f\"><\/i><\/span><span class=\"m-cegSocial__icon -pinterest _ce_measure_link _ce_measure_widget\" data-ce-measure-widget=\"printeresGallery-btn\"><i class=\"fab fa-pinterest-p\"><\/i><\/span><span class=\"m-cegSocial__icon -email _ce_measure_link _ce_measure_widget\" data-ce-measure-widget=\"emailGallery-btn\"><i class=\"far fa-envelope\"><\/i><\/span><span class=\"m-cegSocial__icon -clipboard _ce_measure_link _ce_measure_widget\" data-ce-measure-widget=\"clipboardGallery-btn\"><i class=\"fa fa-link\"><\/i><\/span><\/span>\t\t\t\t\t<\/div>\n\t\t\t\t<\/div>\n\t\t\t\t\t\t\t\t\t\t\t\t<div\n\t\t\t\t\t\tclass=\"m-cegCarousel__item -banner\"\n\t\t\t\t\t\tdata-type=\"banner\"\n\t\t\t\t\t\tdata-id=\"1\/8\/banner\"\n\t\t\t\t\t\tdata-image-url=\"\"\n\t\t\t\t\t\tdata-title=\"\"\n\t\t\t\t\t\tdata-desc=\"\">\n\n\t\t\t\t\t\t<div class=\"m-cegCarousel__floatingCnt banner-container gallery-content020\"><\/div>\n\n\t\t\t\t\t<\/div>\n\t\t\t\t\t\t\t\t\t\t<\/div>\n\t\t<div class=\"m-cegLayer__thumbnails m-cegThumbList _ce_measure_widget\" data-ce-measure-widget=\"gallery-thumb-list\">\n\t\t\t\t\t\t\t\t\t\t\t<div class=\"m-cegThumbList__item\"\n\t\t\t\t\tdata-id=\"1\/1\/nicosia_11zon\"\n\t\t\t\t\tdata-index=\"0\">\n\t\t\t\t\t<img decoding=\"async\" src=\"https:\/\/www.startlap.hu\/utazas\/uploads\/sites\/3\/2026\/08\/nicosia_11zon.jpg\" class=\"m-cegThumbList__image _ce_measure_link\" alt=\"mediterr\u00e1n v\u00e1ros heggyel\" \/>\t\t\t\t<\/div>\n\t\t\t\t\t\t\t\t\t\t\t<div class=\"m-cegThumbList__item\"\n\t\t\t\t\tdata-id=\"1\/2\/varso_11zon\"\n\t\t\t\t\tdata-index=\"1\">\n\t\t\t\t\t<img decoding=\"async\" src=\"https:\/\/www.startlap.hu\/utazas\/uploads\/sites\/3\/2026\/08\/varso_11zon.jpg\" class=\"m-cegThumbList__image _ce_measure_link\" alt=\"felh\u0151karcol\u00f3k\" \/>\t\t\t\t<\/div>\n\t\t\t\t\t\t\t\t\t\t\t<div class=\"m-cegThumbList__item\"\n\t\t\t\t\tdata-id=\"1\/3\/tirana-2_11zon\"\n\t\t\t\t\tdata-index=\"2\">\n\t\t\t\t\t<img decoding=\"async\" src=\"https:\/\/www.startlap.hu\/utazas\/uploads\/sites\/3\/2026\/08\/tirana-2_11zon.jpg\" class=\"m-cegThumbList__image _ce_measure_link\" alt=\"sz\u00ednes h\u00e1zak a magasb\u00f3l\" \/>\t\t\t\t<\/div>\n\t\t\t\t\t\t\t\t\t\t\t\t\t\t\t<div class=\"m-cegThumbList__item\"\n\t\t\t\t\tdata-id=\"1\/5\/budapest-2_11zon\"\n\t\t\t\t\tdata-index=\"4\">\n\t\t\t\t\t<img decoding=\"async\" src=\"https:\/\/www.startlap.hu\/utazas\/uploads\/sites\/3\/2026\/08\/budapest-2_11zon.jpg\" class=\"m-cegThumbList__image _ce_measure_link\" alt=\"v\u00e1rosk\u00e9p kupol\u00e1s \u00e9p\u00fclettel\" \/>\t\t\t\t<\/div>\n\t\t\t\t\t\t\t\t\t\t\t<div class=\"m-cegThumbList__item\"\n\t\t\t\t\tdata-id=\"1\/6\/bologna_11zon\"\n\t\t\t\t\tdata-index=\"5\">\n\t\t\t\t\t<img decoding=\"async\" src=\"https:\/\/www.startlap.hu\/utazas\/uploads\/sites\/3\/2026\/08\/bologna_11zon.jpg\" class=\"m-cegThumbList__image _ce_measure_link\" alt=\"mediterr\u00e1n v\u00e1ros a magasb\u00f3l\" \/>\t\t\t\t<\/div>\n\t\t\t\t\t\t\t\t\t\t\t<div class=\"m-cegThumbList__item\"\n\t\t\t\t\tdata-id=\"1\/7\/bukarest_11zon\"\n\t\t\t\t\tdata-index=\"6\">\n\t\t\t\t\t<img decoding=\"async\" src=\"https:\/\/www.startlap.hu\/utazas\/uploads\/sites\/3\/2026\/08\/bukarest_11zon.jpg\" class=\"m-cegThumbList__image _ce_measure_link\" alt=\"v\u00e1rosk\u00e9p rom\u00e1n z\u00e1szl\u00f3val\" \/>\t\t\t\t<\/div>\n\t\t\t\t\t\t\t\t\t<\/div>\n\t<\/div>\n\t<div class=\"m-cegLayer__sidebar m-cegSidebar _ce_measure_widget\" data-ce-measure-widget=\"gallery-sidebar\">\n\n\t\t<div class=\"m-cegSidebar__desc a-cegDesc _ce_measure_widget\" data-ce-measure-widget=\"gallery-desc\"><\/div>\n\n\t\t<div class=\"m-cegSidebar__socialCnt m-cegSocial -sidebar _ce_measure_widget\" data-ce-measure-widget=\"gallery-social\">\n\t\t\t<span class=\"m-cegSocial__text\">Fot\u00f3 megoszt\u00e1sa:<\/span><span class=\"m-cegSocial__iconWrap\"><span class=\"m-cegSocial__icon -facebook _ce_measure_link _ce_measure_widget\" data-ce-measure-widget=\"facebookGallery-btn\"><i class=\"fab fa-facebook-f\"><\/i><\/span><span class=\"m-cegSocial__icon -pinterest _ce_measure_link _ce_measure_widget\" data-ce-measure-widget=\"printeresGallery-btn\"><i class=\"fab fa-pinterest-p\"><\/i><\/span><span class=\"m-cegSocial__icon -email _ce_measure_link _ce_measure_widget\" data-ce-measure-widget=\"emailGallery-btn\"><i class=\"far fa-envelope\"><\/i><\/span><span class=\"m-cegSocial__icon -clipboard _ce_measure_link _ce_measure_widget\" data-ce-measure-widget=\"clipboardGallery-btn\"><i class=\"fa fa-link\"><\/i><\/span><\/span>\t\t<\/div>\n\n\t\t<div class=\"gallery-right010 banner-container\"><\/div>\n\t\t<div class=\"gallery-right020 banner-container\"><\/div>\n\n\t<\/div>\n<\/div>\n\t<\/div>\n\n\t<script>\n\t\tjQuery(function () {\n\t\t\tvar id = '#cegPostCnt_1';\n\t\t\tjQuery( id ).articleGallery({\n\t\t\t\tonChanged: function (event) {\n\t\t\t\t\t\tthis.renderSidebarCTS( 'gallery-right010' );\n\t\t\t\t\t\tthis.renderSidebarCTS( 'gallery-right020' );\n\t\t\t\t\t\tthis.renderBannerSlideCTS(  event,\n\t\t\t\t\t\t\t\t\t\t\t\t\t[\n\t\t\t\t\t\t\t\t\t\t\t\t\t\t'gallery-content010',\n\t\t\t\t\t\t\t\t\t\t\t\t\t\t'gallery-content020',\n\t\t\t\t\t\t\t\t\t\t\t\t\t\t'gallery-content030'\n\t\t\t\t\t\t\t\t\t\t\t\t\t]);\n\t\t\t\t}\n\t\t\t});\n\t\t});\n\t<\/script>\t\n<p>A g\u00f6r\u00f6g <a href=\"https:\/\/www.travelgo.gr\/best-of\/502343\/6-oikonomikes-eyropaikes-poleis-gia-na-episkeftheite-ayto-fthinoporo\" target=\"_blank\" target=\"_blank\" rel=\"noopener\">Travelgo<\/a> hat olyan eur\u00f3pai v\u00e1rost gy\u0171jt\u00f6tt \u00f6ssze, ahol a rep\u00fcl\u0151jegy, a sz\u00e1ll\u00e1s, az \u00e9tkez\u00e9s \u00e9s a helyi k\u00f6lts\u00e9gek sem sz\u00e1llnak el ut\u00f3szezonban.&nbsp;<\/p>\n<div class=\"o-widget m-readMoreWidget -readMore u-shortDecorLineAfter row widget-container _ce_measure_widget bigdata-widget read-more\" data-ce-measure-widget=\"olvass tov\u00e1bb\">\n\t<div class=\"m-readMoreWidget__imgWrapper image-wrapper col-12 col-md-4 no-p\">\n\t\t<a class=\"m-readMoreWidget__imgLink\" href=\"https:\/\/www.startlap.hu\/utazas\/nyugdijas-thailfold-olcsobb-elet\/\" >\n\t\t\t<img decoding=\"async\" src=\"https:\/\/www.startlap.hu\/utazas\/uploads\/sites\/3\/2026\/08\/thaifold-350x285.jpg\" class=\"m-readMoreWidget__img\">\n\t\t<\/a>\n\t<\/div>\n\t<div class=\"m-readMoreWidget__titleWrapper title-wrapper col-12 col-md-8\">\n\t\t<span class=\"m-readMoreWidget__titleLabel u-shortDecorLineBefore label hidden-sm-up\">Ez is \u00e9rdekelhet:<\/span>\n\t\t<h3 class=\"m-readMoreWidget__title title\">\n\t\t\t<a class=\"m-readMoreWidget__titleLink -secondFont u-bold u-upperCase\" href=\"https:\/\/www.startlap.hu\/utazas\/nyugdijas-thailfold-olcsobb-elet\/\" >\u201eItt \u00e9n vagyok a vil\u00e1g kir\u00e1lya\u201d \u2013 Thaif\u00f6ldre k\u00f6lt\u00f6z\u00f6tt a nyugd\u00edjas, aki havi 1250 eur\u00f3b\u00f3l alig \u00e9lt meg Mallorc\u00e1n<\/a>\n\t\t<\/h3>\n\t\t<a class=\"m-readMoreWidget__btn -coloredBack u-tC link\" href=\"https:\/\/www.startlap.hu\/utazas\/nyugdijas-thailfold-olcsobb-elet\/\" >Elolvasom<\/a>\n\t<\/div>\n<\/div>\n<h2>Budapest, Magyarorsz\u00e1g<\/h2>\n<p>A list\u00e1n Budapest is ott van a legjobb \u00e1r-\u00e9rt\u00e9k ar\u00e1ny\u00fa \u0151szi \u00fati c\u00e9lok k\u00f6z\u00f6tt. B\u00e1r a magyar f\u0151v\u00e1ros az elm\u00falt \u00e9vekben sokat dr\u00e1gult, k\u00fclf\u00f6ldi szemmel n\u00e9zve m\u00e9g mindig tal\u00e1lni itt kedvez\u0151 \u00e1r\u00fa sz\u00e1ll\u00e1sokat, olcs\u00f3bb \u00e9tkez\u00e9si lehet\u0151s\u00e9geket \u00e9s id\u0151nk\u00e9nt j\u00f3 rep\u00fcl\u0151jegy-aj\u00e1nlatokat is. <strong>Budapest r\u00e1ad\u00e1sul pont akkora, hogy egy hossz\u00fa h\u00e9tv\u00e9g\u00e9n m\u00e1r el\u00e9g sok minden belef\u00e9rjen.<\/strong><\/p>\n<blockquote class=\"article__extraTxt\"><p>A belv\u00e1ros nagy r\u00e9sze gyalog is j\u00f3l bej\u00e1rhat\u00f3, \u00edgy a legfontosabb l\u00e1tnival\u00f3khoz nem felt\u00e9tlen\u00fcl kell sokat k\u00f6lteni k\u00f6zleked\u00e9sre.<\/p><\/blockquote>\n<p>A Duna-part, a L\u00e1nch\u00edd, az Orsz\u00e1gh\u00e1z, a Nagycsarnok \u00e9s a budai V\u00e1rnegyed ak\u00e1r egyetlen napba is belef\u00e9rhet, ha valaki szeret sokat s\u00e9t\u00e1lni. Este j\u00f6hetnek a romkocsm\u00e1k, h\u0171v\u00f6sebb id\u0151ben pedig k\u00fcl\u00f6n\u00f6sen j\u00f3l esik egy term\u00e1lf\u00fcrd\u0151z\u00e9s.<\/p>\n<h2>Bologna, Olaszorsz\u00e1g<\/h2>\n<p><a href=\"https:\/\/www.startlap.hu\/utazas\/garda-to-olaszorszag-etterem\/\" target=\"_blank\" rel=\"noopener\">Olaszorsz\u00e1g<\/a> nem felt\u00e9tlen\u00fcl az els\u0151 orsz\u00e1g, ami esz\u00fcnkbe jut, ha olcs\u00f3 v\u00e1rosn\u00e9z\u00e9sre induln\u00e1nk, Bologna azonban a kiv\u00e9tel lehet. \u0150sszel kedvez\u0151bb rep\u00fcl\u0151jegyeket lehet kifogni, mint a ny\u00e1ri h\u00f3napokban, a v\u00e1ros pedig nagy egyetemi k\u00f6zpont, ez\u00e9rt <strong>a di\u00e1kokra szabott, bar\u00e1tibb \u00e1r\u00fa \u00e9ttermekb\u0151l \u00e9s b\u00e1rokb\u00f3l sincs hi\u00e1ny.<\/strong><\/p>\n<blockquote class=\"article__extraTxt\"><p>A t\u00f6rt\u00e9nelmi k\u00f6zpont kompakt, \u00edgy szinte minden fontosabb l\u00e1tnival\u00f3 gyalog is el\u00e9rhet\u0151.<\/p><\/blockquote>\n<p>A Piazza Maggiore kihagyhatatlan, ahogy Bologna k\u00e9t h\u00edres k\u00f6z\u00e9pkori tornya, az Asinelli \u00e9s a Garisenda is. A v\u00e1ros egyik legjellegzetesebb r\u00e9sze a hossz\u00fa \u00e1rk\u00e1dsor, amely kilom\u00e9tereken \u00e1t k\u00eds\u00e9ri az utc\u00e1kat.&nbsp; \u00c9s persze ott van az \u00e9tel. <strong>Bologna Olaszorsz\u00e1g egyik gasztron\u00f3miai k\u00f6zpontja, a piacokon, kisebb trattori\u00e1kban \u00e9s az egyetemist\u00e1k \u00e1ltal kedvelt helyeken pedig nem felt\u00e9tlen\u00fcl kell m\u00e9lyen a zsebbe ny\u00falni.<\/strong><\/p>\n<h2>Bukarest, Rom\u00e1nia<\/h2>\n<p>Ha az \u00e1r az egyik legfontosabb szempont, <strong>Bukarestet is \u00e9rdemes sz\u00e1m\u00edt\u00e1sba venni.<\/strong> \u0150sszel gyakran lehet j\u00f3 \u00e1ron rep\u00fcl\u0151jegyet tal\u00e1lni, a sz\u00e1ll\u00e1sok pedig sok nyugat-eur\u00f3pai f\u0151v\u00e1roshoz k\u00e9pest tov\u00e1bbra is kedvez\u0151bbek. Egy h\u00e9tv\u00e9ge m\u00e1r b\u0151ven el\u00e9g arra, hogy valaki belek\u00f3stoljon a <a href=\"https:\/\/www.startlap.hu\/utazas\/romania-nagyvarad-erdely-boga-volgye\/\" target=\"_blank\" rel=\"noopener\">rom\u00e1n<\/a> f\u0151v\u00e1ros hangulat\u00e1ba.<\/p>\n<blockquote class=\"article__extraTxt\"><p>Az \u00f3v\u00e1ros \u00e9s a Lipscani negyed macskak\u00f6ves utc\u00e1in egym\u00e1st \u00e9rik a k\u00e1v\u00e9z\u00f3k, \u00e9ttermek \u00e9s b\u00e1rok, este pedig kifejezetten \u00e9l\u00e9nk a k\u00f6rny\u00e9k.<\/p><\/blockquote>\n<p>A v\u00e1ros legismertebb l\u00e1tnival\u00f3ja a hatalmas Parlament Palot\u00e1ja, de \u00e9rdemes megn\u00e9zni a Rom\u00e1n Atheneumot is. <strong>Bukarest \u00e9p\u00edt\u00e9szet\u00e9ben k\u00fcl\u00f6n\u00f6sen izgalmas, ahogy a r\u00e9gi palot\u00e1k, a kommunista korszak \u00e9p\u00fcletei \u00e9s a modern h\u00e1zak keverednek.<\/strong><\/p>\n<p>Az elm\u00falt \u00e9vekben a gasztron\u00f3miai \u00e9s kultur\u00e1lis k\u00edn\u00e1lat is sokat fejl\u0151d\u00f6tt, \u00e9s m\u00e9g mindig k\u00f6nny\u0171 olyan helyet tal\u00e1lni, ahol nem egy kisebb vagyon egy vacsora vagy n\u00e9h\u00e1ny ital.<\/p>\n<h2>Nicosia, Ciprus<\/h2>\n<p>Aki \u0151sszel m\u00e9g nem akar teljesen b\u00facs\u00fat venni a mediterr\u00e1n hangulatt\u00f3l, annak Nicosia lehet a j\u00f3 v\u00e1laszt\u00e1s. <a href=\"https:\/\/www.startlap.hu\/utazas\/ciprus-turizmus-visszaeses-2026\/\" target=\"_blank\" rel=\"noopener\">Cipruson<\/a> ilyenkor m\u00e1r al\u00e1bbhagy a ny\u00e1ri forr\u00f3s\u00e1g, \u00edgy a v\u00e1rosn\u00e9z\u00e9s is j\u00f3val kellemesebb.<\/p>\n<blockquote class=\"article__extraTxt\"><p>A ciprusi f\u0151v\u00e1ros k\u00fcl\u00f6nlegess\u00e9ge, hogy Eur\u00f3pa utols\u00f3 megosztott f\u0151v\u00e1rosa, t\u00f6rt\u00e9nelme pedig eg\u00e9szen az \u00f3korig ny\u00falik vissza.<\/p><\/blockquote>\n<p>A v\u00e1ros sz\u00edve a 16. sz\u00e1zadban emelt velencei falakon bel\u00fcl tal\u00e1lhat\u00f3. <strong>Itt egym\u00e1st v\u00e1ltj\u00e1k a m\u00fazeumok, biz\u00e1nci templomok, k\u00f6z\u00e9pkori \u00e9s neoklasszicista \u00e9p\u00fcletek, valamint a keskeny, hangulatos utc\u00e1k. <\/strong>Nicosi\u00e1ban a helyi konyh\u00e1t is \u00e9rdemes kipr\u00f3b\u00e1lni, \u00e9s legal\u00e1bb egyszer be\u00fclni valamelyik r\u00e9gi k\u00e1v\u00e9z\u00f3ba.&nbsp;<\/p>\n<h2>Vars\u00f3, Lengyelorsz\u00e1g<\/h2>\n<p><a href=\"https:\/\/www.startlap.hu\/utazas\/varso-lengyelorszag-ajanlo-kozep-europa-fotok\/\" target=\"_blank\" rel=\"noopener\">Vars\u00f3<\/a> \u0151sszel k\u00fcl\u00f6n\u00f6sen hangulatos, \u00e9s \u00e1rban is j\u00f3val bar\u00e1ts\u00e1gosabb, mint t\u00f6bb nyugat-eur\u00f3pai f\u0151v\u00e1ros. A sz\u00e1ll\u00e1sk\u00edn\u00e1lat nagy, a t\u00f6megk\u00f6zleked\u00e9s j\u00f3l haszn\u00e1lhat\u00f3, \u00edgy akkor sem neh\u00e9z bej\u00e1rni a v\u00e1rost, ha valaki nem akar mindenhova gyalog menni. <strong>A lengyel f\u0151v\u00e1ros t\u00f6rt\u00e9nete \u00f6nmag\u00e1ban is meg\u00e9r egy utaz\u00e1st.<\/strong> A m\u00e1sodik vil\u00e1gh\u00e1bor\u00faban szinte teljesen elpusztult t\u00f6rt\u00e9nelmi k\u00f6zpontot k\u00e9s\u0151bb apr\u00f3l\u00e9kosan \u00fajj\u00e1\u00e9p\u00edtett\u00e9k, \u00edgy ma ism\u00e9t \u00fagy s\u00e9t\u00e1lhatunk az \u00f3v\u00e1ros utc\u00e1in, mintha \u00e9vsz\u00e1zados \u00e9p\u00fcletek k\u00f6z\u00f6tt j\u00e1rn\u00e1nk.<\/p>\n<blockquote class=\"article__extraTxt\"><p>\u00c9rdemes felkeresni a Kir\u00e1lyi V\u00e1r k\u00f6rny\u00e9k\u00e9t, majd felmenni a Kult\u00fara \u00e9s Tudom\u00e1ny Palot\u00e1j\u00e1ba, ahonnan remek panor\u00e1ma ny\u00edlik a v\u00e1rosra.<\/p><\/blockquote>\n<p>Ha pedig az id\u0151j\u00e1r\u00e1s engedi, a \u0141azienki parkban is j\u00f3lesik egy hosszabb s\u00e9ta. \u0150sszel a hatalmas t\u00e9r k\u00fcl\u00f6n\u00f6sen l\u00e1tv\u00e1nyos.<\/p>\n<h2>Tirana, Alb\u00e1nia<\/h2>\n<p>Tirana az ut\u00f3bbi \u00e9vekben egyre t\u00f6bb utaz\u00f3 radarj\u00e1ra ker\u00fclt f\u00f6l, \u00e9s nem v\u00e9letlen\u00fcl. Az alb\u00e1n f\u0151v\u00e1ros gyorsan v\u00e1ltozik, k\u00f6zben pedig az \u00e1rsz\u00ednvonala m\u00e9g mindig igen kedvez\u0151. <strong>Egy h\u00e1romnapos kiruccan\u00e1shoz kifejezetten j\u00f3 v\u00e1laszt\u00e1s, mert a legfontosabb l\u00e1tnival\u00f3k k\u00f6zel vannak egym\u00e1shoz, a k\u00f6zpont jelent\u0151s r\u00e9sze pedig gyalog bej\u00e1rhat\u00f3.<\/strong><\/p>\n<blockquote class=\"article__extraTxt\"><p>\u00c9rdemes a Szkander b\u00e9g t\u00e9ren kezdeni, amely Tirana k\u00f6zponti tal\u00e1lkoz\u00f3helye, \u00e9s t\u00f6bb fontos l\u00e1tnival\u00f3 is k\u00f6nnyen el\u00e9rhet\u0151 innen.<\/p><\/blockquote>\n<p>Innen nincs messze a Blloku negyed sem, amely egykor a kommunista elit elz\u00e1rt ter\u00fclete volt, ma viszont tele van modern k\u00e1v\u00e9z\u00f3kkal, \u00e9ttermekkel \u00e9s b\u00e1rokkal. A Tirana Nagy Parkja j\u00f3 hely egy nyugodtabb s\u00e9t\u00e1hoz, a t\u00f6rt\u00e9nelmi m\u00fazeumokban pedig az orsz\u00e1g m\u00faltj\u00e1ba lehet betekinteni. A Pazari i Ri, vagyis az \u00daj Baz\u00e1r k\u00f6rny\u00e9k\u00e9n helyi term\u00e9keket lehet v\u00e1s\u00e1rolni, a k\u00f6zeli \u00e9ttermekben pedig az alb\u00e1n konyh\u00e1t is \u00e9rdemes kipr\u00f3b\u00e1lni.<\/p>\n<div class=\"o-widget m-readMoreWidget -readMore u-shortDecorLineAfter row widget-container _ce_measure_widget bigdata-widget read-more\" data-ce-measure-widget=\"olvass tov\u00e1bb\">\n\t<div class=\"m-readMoreWidget__imgWrapper image-wrapper col-12 col-md-4 no-p\">\n\t\t<a class=\"m-readMoreWidget__imgLink\" href=\"https:\/\/www.startlap.hu\/utazas\/velence-sziget-katonai-erod\/\" >\n\t\t\t<img decoding=\"async\" src=\"https:\/\/www.startlap.hu\/utazas\/uploads\/sites\/3\/2026\/08\/velence-350x285.jpg\" class=\"m-readMoreWidget__img\">\n\t\t<\/a>\n\t<\/div>\n\t<div class=\"m-readMoreWidget__titleWrapper title-wrapper col-12 col-md-8\">\n\t\t<span class=\"m-readMoreWidget__titleLabel u-shortDecorLineBefore label hidden-sm-up\">Ez is \u00e9rdekelhet:<\/span>\n\t\t<h3 class=\"m-readMoreWidget__title title\">\n\t\t\t<a class=\"m-readMoreWidget__titleLink -secondFont u-bold u-upperCase\" href=\"https:\/\/www.startlap.hu\/utazas\/velence-sziget-katonai-erod\/\" >Elad\u00f3 egy mag\u00e1nsziget Velenc\u00e9n\u00e9l, nap\u00f3leoni er\u0151d is j\u00e1r hozz\u00e1<\/a>\n\t\t<\/h3>\n\t\t<a class=\"m-readMoreWidget__btn -coloredBack u-tC link\" href=\"https:\/\/www.startlap.hu\/utazas\/velence-sziget-katonai-erod\/\" >Elolvasom<\/a>\n\t<\/div>\n<\/div>\n","protected":false},"excerpt":{"rendered":"<p>Ha \u0151sszel m\u00e9g beiktatn\u00e1l egy k\u00fclf\u00f6ldi v\u00e1rosn\u00e9z\u00e9st, van n\u00e9h\u00e1ny eur\u00f3pai \u00fati c\u00e9l, ahol nem kell vagyonokat k\u00f6lteni egy hossz\u00fa h\u00e9tv\u00e9g\u00e9re.<\/p>\n","protected":false},"author":64,"featured_media":112790,"comment_status":"closed","ping_status":"closed","sticky":false,"template":"","format":"standard","meta":{"footnotes":""},"categories":[70],"tags":[873,23,38,9242,222,2830],"class_list":["post-112785","post","type-post","status-publish","format-standard","has-post-thumbnail","hentry","category-vilag","tag-bologna","tag-budapest","tag-europa","tag-uticelok","tag-utoszezon","tag-varso"],"aioseo_notices":[],"_links":{"self":[{"href":"https:\/\/www.startlap.hu\/utazas\/wp-json\/wp\/v2\/posts\/112785","targetHints":{"allow":["GET"]}}],"collection":[{"href":"https:\/\/www.startlap.hu\/utazas\/wp-json\/wp\/v2\/posts"}],"about":[{"href":"https:\/\/www.startlap.hu\/utazas\/wp-json\/wp\/v2\/types\/post"}],"author":[{"embeddable":true,"href":"https:\/\/www.startlap.hu\/utazas\/wp-json\/wp\/v2\/users\/64"}],"replies":[{"embeddable":true,"href":"https:\/\/www.startlap.hu\/utazas\/wp-json\/wp\/v2\/comments?post=112785"}],"version-history":[{"count":4,"href":"https:\/\/www.startlap.hu\/utazas\/wp-json\/wp\/v2\/posts\/112785\/revisions"}],"predecessor-version":[{"id":112824,"href":"https:\/\/www.startlap.hu\/utazas\/wp-json\/wp\/v2\/posts\/112785\/revisions\/112824"}],"wp:featuredmedia":[{"embeddable":true,"href":"https:\/\/www.startlap.hu\/utazas\/wp-json\/wp\/v2\/media\/112790"}],"wp:attachment":[{"href":"https:\/\/www.startlap.hu\/utazas\/wp-json\/wp\/v2\/media?parent=112785"}],"wp:term":[{"taxonomy":"category","embeddable":true,"href":"https:\/\/www.startlap.hu\/utazas\/wp-json\/wp\/v2\/categories?post=112785"},{"taxonomy":"post_tag","embeddable":true,"href":"https:\/\/www.startlap.hu\/utazas\/wp-json\/wp\/v2\/tags?post=112785"}],"curies":[{"name":"wp","href":"https:\/\/api.w.org\/{rel}","templated":true}]}}