{"id":112778,"date":"2026-09-05T08:03:00","date_gmt":"2026-09-05T06:03:00","guid":{"rendered":"https:\/\/www.startlap.hu\/utazas\/?p=112778"},"modified":"2026-09-03T07:40:29","modified_gmt":"2026-09-03T05:40:29","slug":"baba-repulo-szuletes-allampolgarsag","status":"publish","type":"post","link":"https:\/\/www.startlap.hu\/utazas\/baba-repulo-szuletes-allampolgarsag\/","title":{"rendered":"Mi t\u00f6rt\u00e9nik, ha egy baba a rep\u00fcl\u0151n sz\u00fcletik? \u00cdgy d\u0151l el, melyik orsz\u00e1g \u00e1llampolg\u00e1ra lesz"},"content":{"rendered":"<p><a href=\"https:\/\/www.startlap.hu\/utazas\/repules-hosszutavu-legi-kozlekedes\/\" target=\"_blank\" rel=\"noopener\">Rep\u00fcl\u0151n<\/a> sz\u00fclni annyira ritka, hogy az ilyen esetek szinte mindig bej\u00e1rj\u00e1k a vil\u00e1gsajt\u00f3t. A t\u00f6rt\u00e9netekben \u00e1ltal\u00e1ban az kapja a f\u0151szerepet, hogyan seg\u00edtett a szem\u00e9lyzet, volt-e orvos a fed\u00e9lzeten, \u00e9s siker\u00fclt-e id\u0151ben lesz\u00e1llni a kisbab\u00e1val. De felmer\u00fcl egy m\u00e1sik, legal\u00e1bb ennyire fontos k\u00e9rd\u00e9s is: <strong>milyen \u00e1llampolg\u00e1r lesz az \u00fajsz\u00fcl\u00f6tt?<\/strong><\/p>\n<p>Els\u0151re logikusnak t\u0171nhet, hogy az sz\u00e1m\u00edt, melyik orsz\u00e1g f\u00f6l\u00f6tt j\u00e1rt \u00e9ppen a g\u00e9p. Csakhogy az \u00e1llampolg\u00e1rs\u00e1got nem egyetlen, mindenhol \u00e9rv\u00e9nyes szab\u00e1ly alapj\u00e1n \u00e1llap\u00edtj\u00e1k meg. <strong>B\u00e1r bizonyos orsz\u00e1gokban a sz\u00fclet\u00e9s hely\u00e9nek is lehet jelent\u0151s\u00e9ge, \u00e1ltal\u00e1ban sokkal fontosabb a sz\u00fcl\u0151k \u00e1llampolg\u00e1rs\u00e1ga.<\/strong><\/p>\n<h2>Magyar sz\u00fcl\u0151 gyermeke a leveg\u0151ben is magyar lesz<\/h2>\n<p>Magyarorsz\u00e1gon ebb\u0151l a szempontb\u00f3l egy\u00e9rtelm\u0171 a helyzet. Az Alapt\u00f6rv\u00e9ny szerint magyar \u00e1llampolg\u00e1r gyermeke sz\u00fclet\u00e9s\u00e9vel magyar \u00e1llampolg\u00e1r. Vagyis ha az egyik sz\u00fcl\u0151 magyar \u00e1llampolg\u00e1r, a gyermek magyar \u00e1llampolg\u00e1rs\u00e1ga nem azon m\u00falik, hogy Budapesten, Londonban vagy \u00e9ppen egy rep\u00fcl\u0151g\u00e9p fed\u00e9lzet\u00e9n j\u00f6tt vil\u00e1gra.<\/p>\n<blockquote class=\"article__extraTxt\"><p>Ha egy magyar n\u0151 egy k\u00fclf\u00f6ldi j\u00e1raton, ak\u00e1r t\u00f6bb ezer kilom\u00e9terre Magyarorsz\u00e1gt\u00f3l sz\u00fcl, a baba magyar \u00e1llampolg\u00e1rs\u00e1g\u00e1t ez \u00f6nmag\u00e1ban nem befoly\u00e1solja.<\/p><\/blockquote>\n<p>A k\u00fclf\u00f6ld\u00f6n t\u00f6rt\u00e9nt sz\u00fclet\u00e9st ugyanakkor Magyarorsz\u00e1gon is anyak\u00f6nyveztetni kell, ahogyan m\u00e1s k\u00fclf\u00f6ld\u00f6n sz\u00fcletett magyar gyermek eset\u00e9ben is.&nbsp;A k\u00e9relmet k\u00fclf\u00f6ld\u00f6n magyar k\u00fclk\u00e9pviseleten, Magyarorsz\u00e1gon pedig t\u00f6bbek k\u00f6z\u00f6tt anyak\u00f6nyvvezet\u0151n\u00e9l vagy korm\u00e1nyablakban is el lehet ind\u00edtani.<\/p>\n<p>Ez persze nem z\u00e1rja ki, hogy a baba egy m\u00e1sik orsz\u00e1g \u00e1llampolg\u00e1rs\u00e1g\u00e1t is megszerezze. Ehhez azonban annak az adott \u00e1llam a saj\u00e1t szab\u00e1lyait is meg kell vizsg\u00e1lni.<\/p>\n<h2>Van, ahol a sz\u00fclet\u00e9s helye is sokat sz\u00e1m\u00edt<\/h2>\n<p>Nem minden orsz\u00e1g k\u00f6veti ugyanazt az elvet. T\u00f6bb \u00e1llamban a ter\u00fcleti elv, az \u00fagynevezett jus soli is fontos szerepet j\u00e1tszik az \u00e1llampolg\u00e1rs\u00e1gban, vagyis bizonyos felt\u00e9telekkel m\u00e1r az adott orsz\u00e1g ter\u00fclet\u00e9n t\u00f6rt\u00e9n\u0151 sz\u00fclet\u00e9s megalapozhatja az \u00e1llampolg\u00e1rs\u00e1got. Ilyen rendszer m\u0171k\u00f6dik p\u00e9ld\u00e1ul az <a href=\"https:\/\/www.startlap.hu\/utazas\/amerika-usa-setalas-belvarosok\/\" target=\"_blank\" rel=\"noopener\">Egyes\u00fclt \u00c1llamokban<\/a>, <a href=\"https:\/\/www.startlap.hu\/utazas\/brazilia-vilagutazo-letelepedes\/\" target=\"_blank\" rel=\"noopener\">Braz\u00edli\u00e1ban<\/a> \u00e9s <a href=\"https:\/\/www.startlap.hu\/utazas\/balna-simogatas-baratkozas-mexiko-fotok\/\" target=\"_blank\" rel=\"noopener\">Mexik\u00f3ban<\/a> is, b\u00e1r a pontos felt\u00e9teleket minden esetben az adott orsz\u00e1g jogalkot\u00e1sa hat\u00e1rozza meg.<\/p>\n<blockquote class=\"article__extraTxt\"><p>Bizonyos esetekben ak\u00e1r az is el\u0151fordulhat, hogy a gyermek t\u00f6bb \u00e1llampolg\u00e1rs\u00e1got szerez, p\u00e9ld\u00e1ul az egyiket a sz\u00fclei ut\u00e1n, a m\u00e1sikat pedig a sz\u00fclet\u00e9s helye alapj\u00e1n.<\/p><\/blockquote>\n<h2>\u00c9s ha az \u00f3ce\u00e1n f\u00f6l\u00f6tt sz\u00fcletik meg?<\/h2>\n<p>M\u00e9g \u00e9rdekesebb a helyzet, ha a baba akkor sz\u00fcletik, amikor a rep\u00fcl\u0151 nemzetk\u00f6zi vizek f\u00f6l\u00f6tt j\u00e1r. Ilyenkor nincs alattuk olyan orsz\u00e1g, amelynek ter\u00fclet\u00e9n egy\u00e9rtelm\u0171en megt\u00f6rt\u00e9nt volna a sz\u00fclet\u00e9s. Ilyenkor a nemzetk\u00f6zi szab\u00e1lyok figyelembe veszik azt is, <strong>hogy melyik \u00e1llamban van lajstromozva a rep\u00fcl\u0151g\u00e9p.<\/strong><\/p>\n<p>Az 1961-es, <a href=\"https:\/\/www.unhcr.org\/sites\/default\/files\/2025-02\/1961-convention-reduction-statelessness.pdf\" target=\"_blank\" target=\"_blank\" rel=\"noopener\">a hontalans\u00e1g eseteinek cs\u00f6kkent\u00e9s\u00e9r\u0151l sz\u00f3l\u00f3 ENSZ-egyezm\u00e9ny<\/a> szerint a rep\u00fcl\u0151g\u00e9pen t\u00f6rt\u00e9nt sz\u00fclet\u00e9st annak az \u00e1llamnak a ter\u00fclet\u00e9n t\u00f6rt\u00e9nt sz\u00fclet\u00e9snek kell tekinteni, amelyben a g\u00e9pet lajstromozt\u00e1k. Ez azonban egy speci\u00e1lis szab\u00e1ly a hontalans\u00e1g megel\u0151z\u00e9s\u00e9re, \u00e9s <strong>nem azt jelenti, hogy minden rep\u00fcl\u0151n sz\u00fcletett baba automatikusan megkapja a rep\u00fcl\u0151g\u00e9p lajstromoz\u00e1si orsz\u00e1g\u00e1nak \u00e1llampolg\u00e1rs\u00e1g\u00e1t.<\/strong><\/p>\n<p>Egy magyar sz\u00fcl\u0151 gyermeke teh\u00e1t akkor sem v\u00e1lna automatikusan p\u00e9ld\u00e1ul amerikai \u00e1llampolg\u00e1rr\u00e1, ha egy amerikai lajstromjel\u0171 g\u00e9pen sz\u00fcletne meg az Atlanti-\u00f3ce\u00e1n f\u00f6l\u00f6tt. A magyar \u00e1llampolg\u00e1rs\u00e1g\u00e1t a sz\u00fcl\u0151je r\u00e9v\u00e9n m\u00e1r sz\u00fclet\u00e9s\u00e9vel megszerezn\u00e9.<\/p>\n<figure id=\"attachment_112780\" aria-describedby=\"caption-attachment-112780\" style=\"width: 755px\" class=\"wp-caption alignnone\"><img loading=\"lazy\" decoding=\"async\" class=\"size-article-size-large-image wp-image-112780\" src=\"https:\/\/www.startlap.hu\/utazas\/uploads\/sites\/3\/2026\/08\/baba-repulo-szuletes-755x464.jpg\" alt=\"\u00fajsz\u00fcl\u00f6tt kisbaba a rep\u00fcl\u0151g\u00e9pen\" width=\"755\" height=\"464\" srcset=\"https:\/\/www.startlap.hu\/utazas\/uploads\/sites\/3\/2026\/08\/baba-repulo-szuletes-755x464.jpg 755w, https:\/\/www.startlap.hu\/utazas\/uploads\/sites\/3\/2026\/08\/baba-repulo-szuletes-570x350.jpg 570w, https:\/\/www.startlap.hu\/utazas\/uploads\/sites\/3\/2026\/08\/baba-repulo-szuletes.jpg 1024w\" sizes=\"auto, (max-width: 755px) 100vw, 755px\" \/><figcaption id=\"caption-attachment-112780\" class=\"wp-caption-text\">A Turkish Airlines szem\u00e9lyzete az \u00fajsz\u00fcl\u00f6tt Havv\u00e1val, aki 2021 augusztus\u00e1ban, egy Dubajb\u00f3l Birminghambe tart\u00f3 evaku\u00e1ci\u00f3s j\u00e1raton, Kuvait l\u00e9gter\u00e9ben j\u00f6tt vil\u00e1gra. A kisl\u00e1ny afg\u00e1n sz\u00fcl\u0151k gyermeke, \u00edgy az afg\u00e1n \u00e1llampolg\u00e1rs\u00e1gi szab\u00e1lyok alapj\u00e1n afg\u00e1n \u00e1llampolg\u00e1r.<\/figcaption><\/figure>\n<h2>Ez ker\u00fcl az anyak\u00f6nyvi kivonatba<\/h2>\n<p>Az \u00e1llampolg\u00e1rs\u00e1gt\u00f3l k\u00fcl\u00f6n k\u00e9rd\u00e9s a hivatalos sz\u00fclet\u00e9si hely. Egy k\u00f3rh\u00e1zban sz\u00fcletett gyermekn\u00e9l ezen nincs sok gondolkodnival\u00f3, <strong>egy t\u00f6bb sz\u00e1z kilom\u00e9teres \u00f3r\u00e1nk\u00e9nti sebess\u00e9ggel halad\u00f3 rep\u00fcl\u0151n\u00e9l azonban m\u00e1r j\u00f3val \u00e9rdekesebb a helyzet.<\/strong><\/p>\n<blockquote class=\"article__extraTxt\"><p>Erre nincs is minden orsz\u00e1gban egys\u00e9ges megold\u00e1s.<\/p><\/blockquote>\n<p>A k\u00f6r\u00fclm\u00e9nyekt\u0151l \u00e9s a helyi szab\u00e1lyokt\u00f3l f\u00fcgg\u0151en a dokumentumokba beker\u00fclhet a rep\u00fcl\u00e9shez kapcsol\u00f3d\u00f3 f\u00f6ldrajzi hely, a legk\u00f6zelebbi rep\u00fcl\u0151t\u00e9r vagy ak\u00e1r az a hely is, ahol a g\u00e9p a sz\u00fcl\u00e9s ut\u00e1n lesz\u00e1llt. El\u0151fordulhat olyan is, hogy egyszer\u0171en csak azt \u00edrj\u00e1k oda, melyik j\u00e1raton l\u00e1tta meg a napvil\u00e1got a kisbaba. <strong>&nbsp;Att\u00f3l, hogy egy baba sz\u00fclet\u00e9si dokumentumaiban valamilyen k\u00fcl\u00f6nleges helysz\u00edn szerepel, m\u00e9g nem felt\u00e9tlen\u00fcl lesz annak az orsz\u00e1gnak az \u00e1llampolg\u00e1ra.<\/strong><\/p>\n<h2>Alig n\u00e9h\u00e1ny tucat ilyen sz\u00fcl\u00e9st jegyeztek fel eddig<\/h2>\n<p>Hogy valaki rep\u00fcl\u0151g\u00e9pen sz\u00fclj\u00f6n, az t\u00e9nyleg nagyon ritka, t\u00f6bbek k\u00f6z\u00f6tt az\u00e9rt is, mert <strong>a l\u00e9git\u00e1rsas\u00e1gok a v\u00e1rand\u00f3ss\u00e1g utols\u00f3 heteiben korl\u00e1tozhatj\u00e1k az utaz\u00e1st, illetve ak\u00e1r orvosi igazol\u00e1st k\u00e9rhetnek a kismam\u00e1t\u00f3l.<\/strong><\/p>\n<p>A <a href=\"https:\/\/www.cntravellerme.com\/story\/what-happens-to-babies-born-on-planes\" target=\"_blank\" target=\"_blank\" rel=\"noopener\">Cond\u00e9 Nast Traveller adatai szerint<\/a> 1929 \u00e9s 2018 k\u00f6z\u00f6tt mind\u00f6ssze 74 sz\u00fcl\u00e9st dokument\u00e1ltak kereskedelmi rep\u00fcl\u0151j\u00e1ratok fed\u00e9lzet\u00e9n vil\u00e1gszerte.<\/p>\n<p><a href=\"https:\/\/www.reisereporter.de\/tipps-und-tricks\/wissen-fuer-reise-nerds\/baby-ueber-den-wolken-welche-staatsangehoerigkeit-bekommt-das-kind-BL5UXEIVAFERXO75XKFB7XXKDI.html\" target=\"_blank\" target=\"_blank\" rel=\"noopener\">via<\/a><\/p>\n<div class=\"o-widget m-readMoreWidget -readMore u-shortDecorLineAfter row widget-container _ce_measure_widget bigdata-widget read-more\" data-ce-measure-widget=\"olvass tov\u00e1bb\">\n\t<div class=\"m-readMoreWidget__imgWrapper image-wrapper col-12 col-md-4 no-p\">\n\t\t<a class=\"m-readMoreWidget__imgLink\" href=\"https:\/\/www.startlap.hu\/utazas\/kiment-a-divatbop-a-repteri-vip-varo\/\" >\n\t\t\t<img decoding=\"async\" src=\"https:\/\/www.startlap.hu\/utazas\/uploads\/sites\/3\/2026\/08\/vip-350x285.jpg\" class=\"m-readMoreWidget__img\">\n\t\t<\/a>\n\t<\/div>\n\t<div class=\"m-readMoreWidget__titleWrapper title-wrapper col-12 col-md-8\">\n\t\t<span class=\"m-readMoreWidget__titleLabel u-shortDecorLineBefore label hidden-sm-up\">Ez is \u00e9rdekelhet:<\/span>\n\t\t<h3 class=\"m-readMoreWidget__title title\">\n\t\t\t<a class=\"m-readMoreWidget__titleLink -secondFont u-bold u-upperCase\" href=\"https:\/\/www.startlap.hu\/utazas\/kiment-a-divatbop-a-repteri-vip-varo\/\" >Ez\u00e9rt \u00e9rdemes messzir\u0151l ker\u00fclni a rept\u00e9ri v\u00e1r\u00f3termeket<\/a>\n\t\t<\/h3>\n\t\t<a class=\"m-readMoreWidget__btn -coloredBack u-tC link\" href=\"https:\/\/www.startlap.hu\/utazas\/kiment-a-divatbop-a-repteri-vip-varo\/\" >Elolvasom<\/a>\n\t<\/div>\n<\/div>\n","protected":false},"excerpt":{"rendered":"<p>Nem mindennapi helyzet, amikor egy baba egy rep\u00fcl\u0151 fed\u00e9lzet\u00e9n j\u00f6n vil\u00e1gra. De vajon ilyenkor melyik orsz\u00e1g \u00e1llampolg\u00e1ra lesz? Most kider\u00fcl.<\/p>\n","protected":false},"author":64,"featured_media":112780,"comment_status":"closed","ping_status":"closed","sticky":false,"template":"","format":"standard","meta":{"footnotes":""},"categories":[70],"tags":[2654,1848,204],"class_list":["post-112778","post","type-post","status-publish","format-standard","has-post-thumbnail","hentry","category-vilag","tag-allampolgarsag","tag-legi-kozlekedes","tag-repules"],"aioseo_notices":[],"_links":{"self":[{"href":"https:\/\/www.startlap.hu\/utazas\/wp-json\/wp\/v2\/posts\/112778","targetHints":{"allow":["GET"]}}],"collection":[{"href":"https:\/\/www.startlap.hu\/utazas\/wp-json\/wp\/v2\/posts"}],"about":[{"href":"https:\/\/www.startlap.hu\/utazas\/wp-json\/wp\/v2\/types\/post"}],"author":[{"embeddable":true,"href":"https:\/\/www.startlap.hu\/utazas\/wp-json\/wp\/v2\/users\/64"}],"replies":[{"embeddable":true,"href":"https:\/\/www.startlap.hu\/utazas\/wp-json\/wp\/v2\/comments?post=112778"}],"version-history":[{"count":3,"href":"https:\/\/www.startlap.hu\/utazas\/wp-json\/wp\/v2\/posts\/112778\/revisions"}],"predecessor-version":[{"id":112782,"href":"https:\/\/www.startlap.hu\/utazas\/wp-json\/wp\/v2\/posts\/112778\/revisions\/112782"}],"wp:featuredmedia":[{"embeddable":true,"href":"https:\/\/www.startlap.hu\/utazas\/wp-json\/wp\/v2\/media\/112780"}],"wp:attachment":[{"href":"https:\/\/www.startlap.hu\/utazas\/wp-json\/wp\/v2\/media?parent=112778"}],"wp:term":[{"taxonomy":"category","embeddable":true,"href":"https:\/\/www.startlap.hu\/utazas\/wp-json\/wp\/v2\/categories?post=112778"},{"taxonomy":"post_tag","embeddable":true,"href":"https:\/\/www.startlap.hu\/utazas\/wp-json\/wp\/v2\/tags?post=112778"}],"curies":[{"name":"wp","href":"https:\/\/api.w.org\/{rel}","templated":true}]}}