{"id":112632,"date":"2026-08-31T07:03:41","date_gmt":"2026-08-31T05:03:41","guid":{"rendered":"https:\/\/www.startlap.hu\/utazas\/?p=112632"},"modified":"2026-08-28T13:28:39","modified_gmt":"2026-08-28T11:28:39","slug":"veszelyhelyzet-riasztas-nemetorszag-mobiltelefon","status":"publish","type":"post","link":"https:\/\/www.startlap.hu\/utazas\/veszelyhelyzet-riasztas-nemetorszag-mobiltelefon\/","title":{"rendered":"Ezen a napon N\u00e9metorsz\u00e1gban minden mobiltelefon egyszerre fog megsz\u00f3lalni &#8211; a magyarok\u00e9 is!"},"content":{"rendered":"<p>\u00c9les, f\u00fclsiket\u00edt\u0151 v\u00e9szjelz\u00e9s z\u00f6kkenti ki hamarosan a mindennapokb\u00f3l emberek milli\u00f3it <a href=\"https:\/\/www.startlap.hu\/utazas\/greetsield-frizfold-nemetorszag-garnela\/\" target=\"_blank\" rel=\"noopener\">N\u00e9metorsz\u00e1gban<\/a>. <strong>Szeptember 10-\u00e9n, cs\u00fct\u00f6rt\u00f6k\u00f6n pontban d\u00e9lel\u0151tt 11:00 \u00f3rakor az eg\u00e9sz orsz\u00e1gban m\u0171k\u00f6d\u00e9sbe l\u00e9p az orsz\u00e1gos riaszt\u00e1si rendszer.<\/strong><\/p>\n<div class=\"o-widget m-readMoreWidget -readMore u-shortDecorLineAfter row widget-container _ce_measure_widget bigdata-widget read-more\" data-ce-measure-widget=\"olvass tov\u00e1bb\">\n\t<div class=\"m-readMoreWidget__imgWrapper image-wrapper col-12 col-md-4 no-p\">\n\t\t<a class=\"m-readMoreWidget__imgLink\" href=\"https:\/\/www.startlap.hu\/utazas\/ontario-to-atnevezes\/\" >\n\t\t\t<img decoding=\"async\" src=\"https:\/\/www.startlap.hu\/utazas\/uploads\/sites\/3\/2026\/08\/onatrio-to-osszel-350x285.jpg\" class=\"m-readMoreWidget__img\">\n\t\t<\/a>\n\t<\/div>\n\t<div class=\"m-readMoreWidget__titleWrapper title-wrapper col-12 col-md-8\">\n\t\t<span class=\"m-readMoreWidget__titleLabel u-shortDecorLineBefore label hidden-sm-up\">Ez is \u00e9rdekelhet:<\/span>\n\t\t<h3 class=\"m-readMoreWidget__title title\">\n\t\t\t<a class=\"m-readMoreWidget__titleLink -secondFont u-bold u-upperCase\" href=\"https:\/\/www.startlap.hu\/utazas\/ontario-to-atnevezes\/\" >Trump al\u00e1\u00edrta: m\u00e1r nincs Ontario-t\u00f3 &#8211; most k\u00e9t \u00f3ce\u00e1n \u00e1tnevez\u00e9s\u00e9re k\u00e9sz\u00fclhet az amerikai eln\u00f6k<\/a>\n\t\t<\/h3>\n\t\t<a class=\"m-readMoreWidget__btn -coloredBack u-tC link\" href=\"https:\/\/www.startlap.hu\/utazas\/ontario-to-atnevezes\/\" >Elolvasom<\/a>\n\t<\/div>\n<\/div>\n<p>B\u00e1r a szitu\u00e1ci\u00f3 legink\u00e1bb egy Stephen King-reg\u00e9ny dr\u00e1mai nyit\u00f3jelenet\u00e9re eml\u00e9keztet, val\u00f3j\u00e1ban <strong>egy szigor\u00faan koordin\u00e1lt, \u00e1tfog\u00f3 tesztr\u0151l van sz\u00f3.<\/strong> A gyakorlat kiemelten \u00e9rinti azt a <a href=\"https:\/\/www.destatis.de\/EN\/Themes\/Society-Environment\/Population\/Migration\/Tables\/migration-month-02.html?templateQueryString=hungarians+\" target=\"_blank\" target=\"_blank\" rel=\"noopener\">23 220 magyart<\/a> is, akik az elm\u00falt 12 h\u00f3napban k\u00f6lt\u00f6ztek ki N\u00e9metorsz\u00e1gba \u00e9s a t\u00e9rs\u00e9gbe l\u00e1togat\u00f3 turist\u00e1kat egyar\u00e1nt.<\/p>\n<figure id=\"attachment_112635\" aria-describedby=\"caption-attachment-112635\" style=\"width: 755px\" class=\"wp-caption alignnone\"><a href=\"https:\/\/www.startlap.hu\/utazas\/uploads\/sites\/3\/2026\/08\/szirena.jpg\"><img loading=\"lazy\" decoding=\"async\" class=\"size-article-size-large-image wp-image-112635\" src=\"https:\/\/www.startlap.hu\/utazas\/uploads\/sites\/3\/2026\/08\/szirena-755x481.jpg\" alt=\"A k\u00e9pen egy berlini szir\u00e9na l\u00e1that\u00f3, mely orsz\u00e1gszerte riasztja a lakosokat v\u00e9szhelyzet, \u00e9s gyakorlat sor\u00e1n is.\" width=\"755\" height=\"481\" srcset=\"https:\/\/www.startlap.hu\/utazas\/uploads\/sites\/3\/2026\/08\/szirena-755x481.jpg 755w, https:\/\/www.startlap.hu\/utazas\/uploads\/sites\/3\/2026\/08\/szirena-550x350.jpg 550w, https:\/\/www.startlap.hu\/utazas\/uploads\/sites\/3\/2026\/08\/szirena.jpg 1500w\" sizes=\"auto, (max-width: 755px) 100vw, 755px\" \/><\/a><figcaption id=\"caption-attachment-112635\" class=\"wp-caption-text\">Stephen King-reg\u00e9nybe ill\u0151 v\u00e9szhelyzeti tesztre k\u00e9sz\u00fclnek N\u00e9metorsz\u00e1gban Fot\u00f3: Getty Images<\/figcaption><\/figure>\n<h2>Mi t\u00f6rt\u00e9nik pontosan az orsz\u00e1gos riaszt\u00e1si napon?<\/h2>\n<p>A m\u0171veletet a<strong> Sz\u00f6vets\u00e9gi Polg\u00e1ri V\u00e9delmi \u00e9s Katasztr\u00f3faszolg\u00e1lati Hivatal (<a href=\"https:\/\/www.bbk.bund.de\/DE\/Warnung-Vorsorge\/Warnung-in-Deutschland\/So-werden-Sie-gewarnt\/so-werden-sie-gewarnt_node.html\" target=\"_blank\" target=\"_blank\" rel=\"noopener\">BBK<\/a>)<\/strong> ind\u00edtja el a k\u00f6zponti ind\u00edt\u00f3gomb megnyom\u00e1s\u00e1val. Ezt k\u00f6vet\u0151en a <strong>figyelmeztet\u0151 jelz\u00e9s<\/strong> azonnal \u00e9s p\u00e1rhuzamosan <strong>t\u00f6bb kommunik\u00e1ci\u00f3s csatorn\u00e1n \u00e1rad sz\u00e9t az orsz\u00e1gban:<\/strong><\/p>\n<ul>\n<li><strong>Cell Broadcast \u00e9s okostelefonok:<\/strong> A figyelmeztet\u00e9s a mobilh\u00e1l\u00f3zatokon kereszt\u00fcl \u00e9rkezik meg k\u00f6zvetlen\u00fcl a k\u00e9sz\u00fcl\u00e9kekre. Jelenleg nincs m\u00e9g egy olyan technol\u00f3giai csatorna, amellyel ilyen r\u00f6vid id\u0151 alatt ennyi embert lehetne egyszerre el\u00e9rni. A telefonok a be\u00e1ll\u00edt\u00e1sokt\u00f3l f\u00fcggetlen\u00fcl hangos riaszt\u00e1st adnak le, mik\u00f6zben a v\u00e9szhelyzeti figyelmeztet\u0151 applik\u00e1ci\u00f3k is \u00e9rtes\u00edt\u00e9st k\u00fcldenek.<\/li>\n<li><strong>M\u00e9dia \u00e9s m\u0171sorsz\u00f3r\u00e1s:<\/strong> A r\u00e1di\u00f3\u00e1llom\u00e1sok azonnal megszak\u00edtj\u00e1k az ad\u00e1sukat, a telev\u00edzi\u00f3k k\u00e9perny\u0151j\u00e9n pedig j\u00f3l l\u00e1that\u00f3 figyelmeztet\u0151 \u00fczenetek jelennek meg.<\/li>\n<li><strong>Helyi szir\u00e9n\u00e1k \u00e9s hangosbemond\u00f3k:<\/strong> A szok\u00e1sos digit\u00e1lis \u00e9s m\u00e9diafel\u00fcletek mellett sz\u00e1mos v\u00e1rosban bevetik a telep\u00edtett szir\u00e9n\u00e1kat, illetve az utc\u00e1kat j\u00e1r\u00f3, hangsz\u00f3r\u00f3val felszerelt g\u00e9pj\u00e1rm\u0171veket is. A BBK t\u00e1j\u00e9koztat\u00e1sa szerint a telep\u00fcl\u00e9sek sz\u00e1m\u00e1ra a fizikai eszk\u00f6z\u00f6k tesztel\u00e9se \u00f6nk\u00e9ntes, \u00edgy nem minden \u00f6nkorm\u00e1nyzat vesz r\u00e9szt a szir\u00e9n\u00e1s riaszt\u00e1sban.<\/li>\n<\/ul>\n<p>A gyakorlat nem tart sok\u00e1ig: <strong>11:45 k\u00f6r\u00fcl a hat\u00f3s\u00e1gok megf\u00fajj\u00e1k a visszavonul\u00f3t, \u00e9s pontosan ugyanazokon a csatorn\u00e1kon kereszt\u00fcl kik\u00fcldik a felold\u00f3 jelz\u00e9st (Entwarnung), jelezve a szimul\u00e1ci\u00f3 v\u00e9g\u00e9t.<\/strong><\/p>\n<p>Egy magyar felhaszn\u00e1l\u00f3 2024-ben vide\u00f3t k\u00e9sz\u00edtett a gyakorlatr\u00f3l:<\/p>\n<p><blockquote class=\"tiktok-embed\" cite=\"https:\/\/www.tiktok.com\/@nemetorszagielet\/video\/7413745526287404320\" data-video-id=\"7413745526287404320\" style=\"max-width: 605px;min-width: 325px;\" > <section> <a target=\"_blank\" title=\"@nemetorszagielet\" href=\"https:\/\/www.tiktok.com\/@nemetorszagielet?refer=embed\">@nemetorszagielet<\/a> Mai nap folyam\u00e1n pr\u00f3ba riaszt\u00e1s volt \ud83d\udea8\ud83d\udea8  <a title=\"riaszt\u00e1s\" target=\"_blank\" href=\"https:\/\/www.tiktok.com\/tag\/riaszt%C3%A1s?refer=embed\">#riaszt\u00e1s<\/a> <a title=\"alarm\" target=\"_blank\" href=\"https:\/\/www.tiktok.com\/tag\/alarm?refer=embed\">#alarm<\/a> <a title=\"probealarm\" target=\"_blank\" href=\"https:\/\/www.tiktok.com\/tag\/probealarm?refer=embed\">#probealarm<\/a> <a title=\"warning\u26a0\ufe0f\" target=\"_blank\" href=\"https:\/\/www.tiktok.com\/tag\/warning%E2%9A%A0%EF%B8%8F?refer=embed\">#warning\u26a0\ufe0f<\/a> <a title=\"nemetorszagimagyarok\" target=\"_blank\" href=\"https:\/\/www.tiktok.com\/tag\/nemetorszagimagyarok?refer=embed\">#nemetorszagimagyarok<\/a> <a title=\"n\u00e9metorsz\u00e1gimagyarok\" target=\"_blank\" href=\"https:\/\/www.tiktok.com\/tag\/n%C3%A9metorsz%C3%A1gimagyarok?refer=embed\">#n\u00e9metorsz\u00e1gimagyarok<\/a> <a title=\"k\u00fclf\u00f6ldimagyarok\" target=\"_blank\" href=\"https:\/\/www.tiktok.com\/tag\/k%C3%BClf%C3%B6ldimagyarok?refer=embed\">#k\u00fclf\u00f6ldimagyarok<\/a> <a title=\"k\u00fclf\u00f6ldi\u00e9let\" target=\"_blank\" href=\"https:\/\/www.tiktok.com\/tag\/k%C3%BClf%C3%B6ldi%C3%A9let?refer=embed\">#k\u00fclf\u00f6ldi\u00e9let<\/a> <a title=\"alarmclock\" target=\"_blank\" href=\"https:\/\/www.tiktok.com\/tag\/alarmclock?refer=embed\">#alarmclock<\/a> <a title=\"warnung\" target=\"_blank\" href=\"https:\/\/www.tiktok.com\/tag\/warnung?refer=embed\">#warnung<\/a> <a title=\"deutschland\" target=\"_blank\" href=\"https:\/\/www.tiktok.com\/tag\/deutschland?refer=embed\">#deutschland<\/a> <a title=\"n\u00e9metorsz\u00e1g\" target=\"_blank\" href=\"https:\/\/www.tiktok.com\/tag\/n%C3%A9metorsz%C3%A1g?refer=embed\">#n\u00e9metorsz\u00e1g<\/a> <a title=\"fy\" target=\"_blank\" href=\"https:\/\/www.tiktok.com\/tag\/fy?refer=embed\">#fy<\/a> <a target=\"_blank\" title=\"\u266c Danger - SoundAudio\" href=\"https:\/\/www.tiktok.com\/music\/Danger-6997760714060335105?refer=embed\">\u266c Danger - SoundAudio<\/a> <\/section> <\/blockquote> <script async src=\"https:\/\/www.tiktok.com\/embed.js\"><\/script><\/p>\n<h2>Mi\u00e9rt van sz\u00fcks\u00e9g a rendszeres orsz\u00e1gos riaszt\u00e1sra?<\/h2>\n<p>A <strong>2020. szeptember 10-\u00e9n deb\u00fct\u00e1lt<\/strong> \u00e9s az\u00f3ta hagyom\u00e1nyosan minden \u00e9v szeptember\u00e9nek m\u00e1sodik cs\u00fct\u00f6rt\u00f6k\u00e9n megtartott riaszt\u00e1si nap <strong>k\u00e9t f\u0151 c\u00e9lt szolg\u00e1l:<\/strong><\/p>\n<ol>\n<li><strong>A technikai infrastrukt\u00fara terhel\u00e9ses vizsg\u00e1lata:<\/strong> A sz\u00f6vets\u00e9gi \u00e9s a tartom\u00e1nyi vezet\u00e9s azt teszteli le, hogy a rendszerek megb\u00edzhat\u00f3an m\u0171k\u00f6dnek-e egy val\u00f3s, \u00e9les v\u00e9szhelyzetben, amikor minden egyes m\u00e1sodperc ember\u00e9leteket menthet. A teszt sor\u00e1n felsz\u00ednre ker\u00fcl\u0151 esetleges technikai hib\u00e1kat \u00e9s gyenges\u00e9geket a hat\u00f3s\u00e1gok k\u00e9s\u0151bb c\u00e9lzottan jav\u00edtani tudj\u00e1k.<\/li>\n<li><strong>A lakoss\u00e1g felk\u00e9sz\u00edt\u00e9se:<\/strong> A c\u00e9l az, hogy az emberek pontosan megismerj\u00e9k a riaszt\u00e1si folyamatot. Azok, akik tiszt\u00e1ban vannak az elj\u00e1r\u00e1srenddel \u00e9s a hangjelz\u00e9sekkel, \u00e9les v\u00e9szhelyzet eset\u00e9n sokkal gyorsabban, szervezettebben \u00e9s higgadtabban k\u00e9pesek cselekedni.<\/li>\n<\/ol>\n<p>A riaszt\u00e1si nap megszervez\u00e9se szoros egy\u00fcttm\u0171k\u00f6d\u00e9sben zajlik. <strong>Sz\u00f6vets\u00e9gi szinten a BBK koordin\u00e1lja az esem\u00e9nyt, tartom\u00e1nyi szinten a bel\u00fcgyminiszt\u00e9riumok veszik \u00e1t az ir\u00e1ny\u00edt\u00e1st<\/strong>, m\u00edg <strong>helyben a telep\u00fcl\u00e9si katasztr\u00f3fav\u00e9delmi hat\u00f3s\u00e1gok felelnek a lebonyol\u00edt\u00e1s\u00e9rt.<\/strong><\/p>\n<blockquote class=\"article__extraTxt\"><p>Az id\u0151pontot sz\u00e1nd\u00e9kosan esik h\u00e9tk\u00f6znapra, hogy a riaszt\u00e1si teszt az embereket a szok\u00e1sos napi rutinjuk kell\u0151s k\u00f6zep\u00e9n \u00e9rje el, ne pedig a h\u00e9tv\u00e9gi nyugalomban.<\/p><\/blockquote>\n<h2>Sok magyart \u00e9rint: erre k\u00e9sz\u00fcljenek a kint \u00e9l\u0151k \u00e9s a friss kik\u00f6lt\u00f6z\u0151k<\/h2>\n<p>A n\u00e9metorsz\u00e1gi riaszt\u00e1si nap rendk\u00edv\u00fcl sok magyart \u00e9rint k\u00f6zvetlen\u00fcl, hiszen egy kiterjedt diaszp\u00f3r\u00e1r\u00f3l van sz\u00f3, r\u00e1ad\u00e1sul <strong>csak az elm\u00falt 12 h\u00f3napban 23 220 magyar \u00e1llampolg\u00e1r k\u00f6lt\u00f6z\u00f6tt ki N\u00e9metorsz\u00e1gba.<\/strong> Az \u00faj k\u00f6rnyezetben \u00e9l\u0151k sz\u00e1m\u00e1ra egy ilyen hirtelen, minden csatorn\u00e1n egyszerre \u00e9rkez\u0151 szir\u00e9n\u00e1z\u00e1s \u00e9s mobilriaszt\u00e1s k\u00fcl\u00f6n\u00f6sen meglep\u0151 vagy ijeszt\u0151 lehet.<\/p>\n<p>Az \u00e9rintetteknek \u00e9rdemes el\u0151re felk\u00e9sz\u00fclnie az al\u00e1bbi szempontokra:<\/p>\n<ul>\n<li><strong>Gyermekek, id\u0151sek \u00e9s \u00e9rz\u00e9keny szem\u00e9lyek:<\/strong> M\u00edg a t\u00f6bbs\u00e9gnek a hirtelen riaszt\u00e1s csup\u00e1n egy r\u00f6vid ideig tart\u00f3 ijedts\u00e9get okoz, a kisgyermekekn\u00e9l, az id\u0151s emberekn\u00e9l, vagy a h\u00e1bor\u00fas \u00f6vezetekb\u0151l \u00e9rkezett menek\u00fcltekn\u00e9l a hangos szir\u00e9n\u00e1z\u00e1s val\u00f3s f\u00e9lelmet vagy traumatikus eml\u00e9keket id\u00e9zhet fel. \u00c9rdemes vel\u00fck el\u0151zetesen, egyszer\u0171 szavakkal megbesz\u00e9lni, hogy mi fog t\u00f6rt\u00e9nni szeptember 10-\u00e9n d\u00e9lel\u0151tt.<\/li>\n<li><strong>H\u00e1zi\u00e1llatok:<\/strong> A kuty\u00e1k \u00e9s macsk\u00e1k az ismeretlen, \u00e9les hangokra a szilveszteri <a href=\"https:\/\/www.startlap.hu\/utazas\/2026-szilveszter-ujev-tuzijatek-fotok-sidney\/\" target=\"_blank\" rel=\"noopener\">t\u0171zij\u00e1t\u00e9khoz<\/a> vagy a d\u00f6rg\u00e9shez hasonl\u00f3 p\u00e1nikreakci\u00f3val felelhetnek. A gazd\u00e1knak c\u00e9lszer\u0171 id\u0151ben megtenni a sz\u00fcks\u00e9ges \u00f3vint\u00e9zked\u00e9seket a kedvenceik megnyugtat\u00e1s\u00e1ra.<\/li>\n<li><strong>Helyi inform\u00e1ci\u00f3k ellen\u0151rz\u00e9se:<\/strong> Mivel nem minden v\u00e1ros \u00e9s j\u00e1r\u00e1s ugyanazokat a riaszt\u00e1si csatorn\u00e1kat teszteli, a helyi \u00f6nkorm\u00e1nyzatok weboldal\u00e1n vagy az \u00fcgyf\u00e9lszolg\u00e1latokon \u00e9rdemes t\u00e1j\u00e9koz\u00f3dni a pontos helyi forgat\u00f3k\u00f6nyvr\u0151l.<\/li>\n<\/ul>\n<h2>Turist\u00e1k, figyelem!<\/h2>\n<p>Azoknak az <a href=\"https:\/\/www.startlap.hu\/utazas\/legrosszabb-turistak-angolok\/\" target=\"_blank\" rel=\"noopener\">utaz\u00f3knak<\/a>, nyaral\u00f3knak vagy \u00fczleti \u00faton j\u00e1r\u00f3knak, akik szeptember 10-\u00e9n 11:00 \u00e9s 11:45 k\u00f6z\u00f6tt <a href=\"https:\/\/www.startlap.hu\/utazas\/europa-nemetorszag-strand\/\" target=\"_blank\" rel=\"noopener\">N\u00e9metorsz\u00e1g<\/a> ter\u00fclet\u00e9n tart\u00f3zkodnak, a k\u00f6vetkez\u0151kre kell sz\u00e1m\u00edtaniuk:<\/p>\n<ul>\n<li><strong>Azonnali s\u00edpol\u00e1s a magyar telefonokon is:<\/strong> A <a href=\"https:\/\/www.bbk.bund.de\/DE\/Warnung-Vorsorge\/Warnung-in-Deutschland\/So-werden-Sie-gewarnt\/Cell-Broadcast\/cell-broadcast_node.html\" target=\"_blank\" target=\"_blank\" rel=\"noopener\">Cell Broadcast<\/a> technol\u00f3gia nem a telefonsz\u00e1m orsz\u00e1gh\u00edv\u00f3j\u00e1t, hanem a helyi ad\u00f3tornyokat figyeli. Ez azt jelenti, hogy a kint roamingol\u00f3 magyar el\u0151fizet\u0151k k\u00e9sz\u00fcl\u00e9kein is megsz\u00f3lal a riaszt\u00e1s, m\u00e9g akkor is, ha a telefon n\u00e9m\u00e1ra vagy rezg\u0151re van \u00e1ll\u00edtva. P\u00e1nikra semmi ok: az \u00fczenet egy\u00e9rtelm\u0171en jelzi, hogy tesztr\u0151l van sz\u00f3.<\/li>\n<li><strong>Nyilv\u00e1nos helyek \u00e9s t\u00f6megk\u00f6zleked\u00e9s:<\/strong> Ha ebben az id\u0151pontban metr\u00f3n, vonaton, m\u00fazeumban vagy bev\u00e1s\u00e1rl\u00f3k\u00f6zpontban tart\u00f3zkodik, a k\u00f6rnyezet\u00e9ben l\u00e9v\u0151 t\u00f6bb sz\u00e1z telefon egyszerre fog hangjelz\u00e9st adni, \u00e9s az \u00e9p\u00fcletekben vagy a k\u00f6ztereken is megsz\u00f3lalhatnak a hangosbemond\u00f3k \u00e9s szir\u00e9n\u00e1k.<\/li>\n<li><strong>Vezet\u00e9s k\u00f6zben:&nbsp;<\/strong> <a href=\"https:\/\/www.startlap.hu\/utazas\/nemetorszag-parkolas-auto-piros-pont-matrica\/\" target=\"_blank\" rel=\"noopener\">Aut\u00f3ban \u00fclve<\/a> a r\u00e1di\u00f3ad\u00e1s hirtelen megszakad\u00e1sa \u00e9s az utasok telefonjainak egyidej\u0171 s\u00edpol\u00e1sa k\u00f6nnyen elvonhatja a figyelmet. \u00c9rdemes el\u0151re sz\u00e1m\u00edtani a jelz\u00e9sre a hirtelen f\u00e9kez\u00e9sek vagy f\u00e9lrer\u00e1ntott korm\u00e1nyker\u00e9k elker\u00fcl\u00e9se \u00e9rdek\u00e9ben.<\/li>\n<\/ul>\n<p>Mivel a szeptember 10-ei, 11:45-kor \u00e9rkez\u0151 felold\u00f3 jelz\u00e9ssel a teszt teljesen v\u00e9get \u00e9r, a mindennapi \u00e9let azonnal visszat\u00e9r a norm\u00e1lis ker\u00e9kv\u00e1g\u00e1sba.<\/p>\n<p><a href=\"https:\/\/www.ruhr24.de\/service\/rueckrufe-warnungen\/bundesweiter-warntag-10-september-klingeln-alle-handys-uhrzeit-gleichzeitig-datum-deutschland-94453013.html\" target=\"_blank\" target=\"_blank\" rel=\"noopener\">Cikk\u00fcnk forr\u00e1sa<\/a>.<\/p>\n<div class=\"o-widget m-readMoreWidget -readMore u-shortDecorLineAfter row widget-container _ce_measure_widget bigdata-widget read-more read-more-empty\" data-ce-measure-widget=\"olvass tov\u00e1bb\">\n\t<div class=\"m-readMoreWidget__imgWrapper image-wrapper col-12 col-md-4 no-p\">\n\t\t<a class=\"m-readMoreWidget__imgLink\" href=\"{PostUrl}\" rel=\"nofollow\">\n\t\t\t{PostImg}\n\t\t<\/a>\n\t<\/div>\n\t<div class=\"m-readMoreWidget__titleWrapper title-wrapper col-12 col-md-8\">\n\t\t<span class=\"m-readMoreWidget__titleLabel u-shortDecorLineBefore label hidden-sm-up\">Ez is \u00e9rdekelhet:<\/span>\n\t\t<h3 class=\"m-readMoreWidget__title title\">\n\t\t\t<a class=\"m-readMoreWidget__titleLink -secondFont u-bold u-upperCase\" href=\"{PostUrl}\" rel=\"nofollow\">{PostTitle}<\/a>\n\t\t<\/h3>\n\t\t<a class=\"m-readMoreWidget__btn -coloredBack u-tC link\" href=\"{PostUrl}\" rel=\"nofollow\">Elolvasom<\/a>\n\t<\/div>\n<\/div>\n","protected":false},"excerpt":{"rendered":"<p>N\u00e9metorsz\u00e1gban hamarosan sokan \u00fagy \u00e9rezhetik magukat, mintha egy Stephen King-reg\u00e9nybe cs\u00f6ppentek volna: szeptember 10-\u00e9n egyszerre sz\u00f3lalnak meg a szir\u00e9n\u00e1k, megszakadnak a t\u00e9v\u00e9m\u0171sorok, \u00e9s milli\u00f3k mobiltelefonj\u00e1n is felharsan a riaszt\u00e1s. De mi\u00e9rt &#8222;n\u00e9mul el&#8221; egy kis id\u0151re az orsz\u00e1g, \u00e9s mi t\u00f6rt\u00e9nik pontosan ezen a napon? Cikk\u00fcnkben elmagyar\u00e1zzuk.<\/p>\n","protected":false},"author":65,"featured_media":112635,"comment_status":"closed","ping_status":"closed","sticky":false,"template":"","format":"standard","meta":{"footnotes":""},"categories":[70],"tags":[193,7029],"class_list":["post-112632","post","type-post","status-publish","format-standard","has-post-thumbnail","hentry","category-vilag","tag-nemetorszag","tag-riasztas"],"aioseo_notices":[],"_links":{"self":[{"href":"https:\/\/www.startlap.hu\/utazas\/wp-json\/wp\/v2\/posts\/112632","targetHints":{"allow":["GET"]}}],"collection":[{"href":"https:\/\/www.startlap.hu\/utazas\/wp-json\/wp\/v2\/posts"}],"about":[{"href":"https:\/\/www.startlap.hu\/utazas\/wp-json\/wp\/v2\/types\/post"}],"author":[{"embeddable":true,"href":"https:\/\/www.startlap.hu\/utazas\/wp-json\/wp\/v2\/users\/65"}],"replies":[{"embeddable":true,"href":"https:\/\/www.startlap.hu\/utazas\/wp-json\/wp\/v2\/comments?post=112632"}],"version-history":[{"count":5,"href":"https:\/\/www.startlap.hu\/utazas\/wp-json\/wp\/v2\/posts\/112632\/revisions"}],"predecessor-version":[{"id":112653,"href":"https:\/\/www.startlap.hu\/utazas\/wp-json\/wp\/v2\/posts\/112632\/revisions\/112653"}],"wp:featuredmedia":[{"embeddable":true,"href":"https:\/\/www.startlap.hu\/utazas\/wp-json\/wp\/v2\/media\/112635"}],"wp:attachment":[{"href":"https:\/\/www.startlap.hu\/utazas\/wp-json\/wp\/v2\/media?parent=112632"}],"wp:term":[{"taxonomy":"category","embeddable":true,"href":"https:\/\/www.startlap.hu\/utazas\/wp-json\/wp\/v2\/categories?post=112632"},{"taxonomy":"post_tag","embeddable":true,"href":"https:\/\/www.startlap.hu\/utazas\/wp-json\/wp\/v2\/tags?post=112632"}],"curies":[{"name":"wp","href":"https:\/\/api.w.org\/{rel}","templated":true}]}}