{"id":112610,"date":"2026-09-02T19:33:59","date_gmt":"2026-09-02T17:33:59","guid":{"rendered":"https:\/\/www.startlap.hu\/utazas\/?p=112610"},"modified":"2026-09-02T17:47:47","modified_gmt":"2026-09-02T15:47:47","slug":"vacratot-arboretum-botanikus-kert","status":"publish","type":"post","link":"https:\/\/www.startlap.hu\/utazas\/vacratot-arboretum-botanikus-kert\/","title":{"rendered":"Az orsz\u00e1g egyik legszebb kertje Budapestt\u0151l 35 kilom\u00e9terre b\u00fajik meg"},"content":{"rendered":"<p>Budapest k\u00f6zpontj\u00e1t\u00f3l mind\u00f6ssze 35 kilom\u00e9terre tal\u00e1lunk egy helyet, ahol a <a href=\"https:\/\/www.startlap.hu\/utazas\/legjobb_turahelyek_budapest_es_kornyeke\/\" target=\"_blank\" rel=\"noopener\">f\u0151v\u00e1ros<\/a> k\u00f6zels\u00e9g\u00e9b\u0151l szinte semmit sem lehet \u00e9rezni. V\u00e1cr\u00e1t\u00f3ton, a Nemzeti Botanikus Kert kapuj\u00e1n bel\u00e9pve tavak, patakok, \u00f3ri\u00e1si f\u00e1k, apr\u00f3 hidak \u00e9s kanyarg\u00f3 \u00f6sv\u00e9nyek k\u00f6z\u00f6tt lehet elt\u00f6lteni ak\u00e1r egy eg\u00e9sz napot.<\/p>\n\n\t<div id=\"cegPostCnt_1\" class=\"o-cegPostCnt -inContent\" data-title=\"Az orsz\u00e1g egyik legszebb kertje Budapestt\u0151l 35 kilom\u00e9terre b\u00fajik meg\">\n\t\t<a class=\"o-cegPostCnt__opener m-cegOpener _ce_measure_widget _ce_measure_link\" data-ce-measure-widget=\"gallery-open\"\n   href=\"?gallery=1\/1\/vacratot_11zon\">\n\t<img decoding=\"async\" src=\"https:\/\/www.startlap.hu\/utazas\/uploads\/sites\/3\/2026\/08\/vacratot_11zon.jpg\" class=\"m-cegOpener__image\" alt=\"\" sizes=\"(max-width: 991px) 100vw, (max-width: 1039px) 66vw, 684px\" srcset=\"https:\/\/www.startlap.hu\/utazas\/uploads\/sites\/3\/2026\/08\/vacratot_11zon.jpg 2435w, https:\/\/www.startlap.hu\/utazas\/uploads\/sites\/3\/2026\/08\/vacratot_11zon-1536x1152.jpg 1536w, https:\/\/www.startlap.hu\/utazas\/uploads\/sites\/3\/2026\/08\/vacratot_11zon-2048x1536.jpg 2048w, https:\/\/www.startlap.hu\/utazas\/uploads\/sites\/3\/2026\/08\/vacratot_11zon-755x566.jpg 755w, https:\/\/www.startlap.hu\/utazas\/uploads\/sites\/3\/2026\/08\/vacratot_11zon-85x65.jpg 85w, https:\/\/www.startlap.hu\/utazas\/uploads\/sites\/3\/2026\/08\/vacratot_11zon-467x350.jpg 467w\" \/>\t<div class=\"m-cegOpener__btn\"><i class=\"far fa-clone\"><\/i><\/div>\n<\/a>\n<div class=\"o-cegPostCnt__layer m-cegLayer _ce_measure_widget\" data-ce-measure-widget=\"gallery-layer\" style=\"display: none\">\n\t<div class=\"m-cegLayer__top m-cegHeader _ce_measure_widget\" data-ce-measure-widget=\"gallery-header\">\n\t\t\t\t\t<span class=\"m-cegHeader__logo\"><span class=\"a-cegLogo\"><\/span><\/span>\n\t\t\t\t<div class=\"m-cegHeader__imgCnt\">\n\t\t\t<img decoding=\"async\" src=\"https:\/\/www.startlap.hu\/utazas\/uploads\/sites\/3\/2026\/08\/vacratot_11zon.jpg\" class=\"m-cegHeader__imgOpener\" alt=\"\" \/>\t\t<\/div>\n\t\t<h2 class=\"m-cegHeader__title a-cegGalleryTitle\"><i class=\"fa fa-angle-left\"><\/i>Az orsz\u00e1g egyik legszebb kertje Budapestt\u0151l 35 kilom\u00e9terre b\u00fajik meg<\/h2>\n\t\t<div class=\"m-cegHeader__pagination a-cegPagination\"><\/div>\n\t\t<div class=\"m-cegHeader__closeBtn close-button nlc-icon-close _ce_measure_link _ce_measure_widget\" data-ce-measure-widget=\"gallery-close-btn\"><i class=\"fa fa-times\" aria-hidden=\"true\"><\/i><\/div>\n\t<\/div>\n\t<div class=\"m-cegLayer__screen\">\n\t\t<div class=\"m-cegLayer__carousel m-cegCarousel\">\n\t\t\t\t\t\t\t\n\t\t\t\t<div\n\t\t\t\t\tclass=\"m-cegCarousel__item\"\n\t\t\t\t\tdata-type=\"image\"\n\t\t\t\t\tdata-id=\"1\/1\/vacratot_11zon\"\n\t\t\t\t\tdata-image-url=\"https:\/\/www.startlap.hu\/utazas\/uploads\/sites\/3\/2026\/08\/vacratot_11zon.jpg\"\n\t\t\t\t\tdata-title=\"vacratot_11zon\"\n\t\t\t\t\tdata-desc=\"Term\u00e9szetj\u00e1r\u00f3 turist\u00e1k \u00e9s k\u00fcl\u00f6nleges t\u00f6rzs\u0171 t\u00f3parti f\u00e1k a parkban. Fot\u00f3: MTI\/ J\u00e1szai Csaba\">\n\n\t\t\t\t\t<!-- image -->\n\t\t\t\t\t<div class=\"m-cegCarousel__floatingCnt\">\n\t\t\t\t\t\t<img decoding=\"async\" src=\"https:\/\/www.startlap.hu\/utazas\/uploads\/sites\/3\/2026\/08\/vacratot_11zon.jpg\" class=\"m-cegCarousel__image\" alt=\"\" \/>\t\t\t\t\t\t<span class=\"fa m-cegCarousel__zoom _ce_measure_link _ce_measure_widget\" data-ce-measure-widget=\"gallery-zoom-btn\"><\/span>\n\t\t\t\t\t<\/div>\n\n\t\t\t\t\t<!-- thumb icon \/ counter, caption  -->\n\t\t\t\t\t<div class=\"m-cegCarousel__captionCnt m-cegCaption\">\n\t\t\t\t\t\t<span class=\"m-cegCaption__thumbIcon a-cegThumbIcon _ce_measure_widget _ce_measure_link\"\n\t\t\t\t\t\t\t  data-ce-measure-widget=\"thumbnails-btn\"\n\t\t\t\t\t\t\t  data-ce-measure-widget=\"gallery-thumbnails\"><i class=\" fa fa-th-large\"><\/i><\/span>\n\t\t\t\t\t\t<span class=\"m-cegCaption__pagination a-cegPagination\">\n\t\t\t\t\t\t\t<span class=\"a-cegPagination__current\">1<\/span>\/6\t\t\t\t\t\t<\/span>\n\t\t\t\t\t\t<span class=\"m-cegCaption__caption\">vacratot_11zon<\/span>\n\t\t\t\t\t<\/div>\n\n\t\t\t\t\t<!-- Image description -->\n\t\t\t\t\t<div class=\"m-cegCarousel__desc a-cegDesc\">Term\u00e9szetj\u00e1r\u00f3 turist\u00e1k \u00e9s k\u00fcl\u00f6nleges t\u00f6rzs\u0171 t\u00f3parti f\u00e1k a parkban. Fot\u00f3: MTI\/ J\u00e1szai Csaba<\/div>\n\n\t\t\t\t\t<!-- Image social share icons -->\n\t\t\t\t\t<div class=\"m-cegCarousel__socialCnt m-cegSocial\">\n\t\t\t\t\t\t<span class=\"m-cegSocial__text\">Fot\u00f3 megoszt\u00e1sa:<\/span><span class=\"m-cegSocial__iconWrap\"><span class=\"m-cegSocial__icon -facebook _ce_measure_link _ce_measure_widget\" data-ce-measure-widget=\"facebookGallery-btn\"><i class=\"fab fa-facebook-f\"><\/i><\/span><span class=\"m-cegSocial__icon -pinterest _ce_measure_link _ce_measure_widget\" data-ce-measure-widget=\"printeresGallery-btn\"><i class=\"fab fa-pinterest-p\"><\/i><\/span><span class=\"m-cegSocial__icon -email _ce_measure_link _ce_measure_widget\" data-ce-measure-widget=\"emailGallery-btn\"><i class=\"far fa-envelope\"><\/i><\/span><span class=\"m-cegSocial__icon -clipboard _ce_measure_link _ce_measure_widget\" data-ce-measure-widget=\"clipboardGallery-btn\"><i class=\"fa fa-link\"><\/i><\/span><\/span>\t\t\t\t\t<\/div>\n\t\t\t\t<\/div>\n\t\t\t\t\t\t\t\n\t\t\t\t<div\n\t\t\t\t\tclass=\"m-cegCarousel__item\"\n\t\t\t\t\tdata-type=\"image\"\n\t\t\t\t\tdata-id=\"1\/2\/vacratot-5_11zon-scaled\"\n\t\t\t\t\tdata-image-url=\"https:\/\/www.startlap.hu\/utazas\/uploads\/sites\/3\/2026\/08\/vacratot-5_11zon-scaled.jpg\"\n\t\t\t\t\tdata-title=\"vacratot 5_11zon\"\n\t\t\t\t\tdata-desc=\"K\u00fcl\u00f6nleges \u00e9s id\u0151s n\u00f6v\u00e9nyekkel van tele a v\u00e1cr\u00e1t\u00f3ti kert. Fot\u00f3: MTI\/ Nagy Zolt\u00e1n\">\n\n\t\t\t\t\t<!-- image -->\n\t\t\t\t\t<div class=\"m-cegCarousel__floatingCnt\">\n\t\t\t\t\t\t<img decoding=\"async\" src=\"https:\/\/www.startlap.hu\/utazas\/uploads\/sites\/3\/2026\/08\/vacratot-5_11zon-scaled.jpg\" class=\"m-cegCarousel__image\" alt=\"\" \/>\t\t\t\t\t\t<span class=\"fa m-cegCarousel__zoom _ce_measure_link _ce_measure_widget\" data-ce-measure-widget=\"gallery-zoom-btn\"><\/span>\n\t\t\t\t\t<\/div>\n\n\t\t\t\t\t<!-- thumb icon \/ counter, caption  -->\n\t\t\t\t\t<div class=\"m-cegCarousel__captionCnt m-cegCaption\">\n\t\t\t\t\t\t<span class=\"m-cegCaption__thumbIcon a-cegThumbIcon _ce_measure_widget _ce_measure_link\"\n\t\t\t\t\t\t\t  data-ce-measure-widget=\"thumbnails-btn\"\n\t\t\t\t\t\t\t  data-ce-measure-widget=\"gallery-thumbnails\"><i class=\" fa fa-th-large\"><\/i><\/span>\n\t\t\t\t\t\t<span class=\"m-cegCaption__pagination a-cegPagination\">\n\t\t\t\t\t\t\t<span class=\"a-cegPagination__current\">2<\/span>\/6\t\t\t\t\t\t<\/span>\n\t\t\t\t\t\t<span class=\"m-cegCaption__caption\">vacratot 5_11zon<\/span>\n\t\t\t\t\t<\/div>\n\n\t\t\t\t\t<!-- Image description -->\n\t\t\t\t\t<div class=\"m-cegCarousel__desc a-cegDesc\">K\u00fcl\u00f6nleges \u00e9s id\u0151s n\u00f6v\u00e9nyekkel van tele a v\u00e1cr\u00e1t\u00f3ti kert. Fot\u00f3: MTI\/ Nagy Zolt\u00e1n<\/div>\n\n\t\t\t\t\t<!-- Image social share icons -->\n\t\t\t\t\t<div class=\"m-cegCarousel__socialCnt m-cegSocial\">\n\t\t\t\t\t\t<span class=\"m-cegSocial__text\">Fot\u00f3 megoszt\u00e1sa:<\/span><span class=\"m-cegSocial__iconWrap\"><span class=\"m-cegSocial__icon -facebook _ce_measure_link _ce_measure_widget\" data-ce-measure-widget=\"facebookGallery-btn\"><i class=\"fab fa-facebook-f\"><\/i><\/span><span class=\"m-cegSocial__icon -pinterest _ce_measure_link _ce_measure_widget\" data-ce-measure-widget=\"printeresGallery-btn\"><i class=\"fab fa-pinterest-p\"><\/i><\/span><span class=\"m-cegSocial__icon -email _ce_measure_link _ce_measure_widget\" data-ce-measure-widget=\"emailGallery-btn\"><i class=\"far fa-envelope\"><\/i><\/span><span class=\"m-cegSocial__icon -clipboard _ce_measure_link _ce_measure_widget\" data-ce-measure-widget=\"clipboardGallery-btn\"><i class=\"fa fa-link\"><\/i><\/span><\/span>\t\t\t\t\t<\/div>\n\t\t\t\t<\/div>\n\t\t\t\t\t\t\t\n\t\t\t\t<div\n\t\t\t\t\tclass=\"m-cegCarousel__item\"\n\t\t\t\t\tdata-type=\"image\"\n\t\t\t\t\tdata-id=\"1\/3\/vacratot-2_11zon-scaled\"\n\t\t\t\t\tdata-image-url=\"https:\/\/www.startlap.hu\/utazas\/uploads\/sites\/3\/2026\/08\/vacratot-2_11zon-scaled.jpg\"\n\t\t\t\t\tdata-title=\"vacratot 2_11zon\"\n\t\t\t\t\tdata-desc=\"K\u00fcl\u00f6nleges \u00e9s id\u0151s n\u00f6v\u00e9nyekkel van tele a v\u00e1cr\u00e1t\u00f3ti kert. Fot\u00f3: MTI\/ Nagy Zolt\u00e1n\">\n\n\t\t\t\t\t<!-- image -->\n\t\t\t\t\t<div class=\"m-cegCarousel__floatingCnt\">\n\t\t\t\t\t\t<img decoding=\"async\" src=\"https:\/\/www.startlap.hu\/utazas\/uploads\/sites\/3\/2026\/08\/vacratot-2_11zon-scaled.jpg\" class=\"m-cegCarousel__image\" alt=\"\" \/>\t\t\t\t\t\t<span class=\"fa m-cegCarousel__zoom _ce_measure_link _ce_measure_widget\" data-ce-measure-widget=\"gallery-zoom-btn\"><\/span>\n\t\t\t\t\t<\/div>\n\n\t\t\t\t\t<!-- thumb icon \/ counter, caption  -->\n\t\t\t\t\t<div class=\"m-cegCarousel__captionCnt m-cegCaption\">\n\t\t\t\t\t\t<span class=\"m-cegCaption__thumbIcon a-cegThumbIcon _ce_measure_widget _ce_measure_link\"\n\t\t\t\t\t\t\t  data-ce-measure-widget=\"thumbnails-btn\"\n\t\t\t\t\t\t\t  data-ce-measure-widget=\"gallery-thumbnails\"><i class=\" fa fa-th-large\"><\/i><\/span>\n\t\t\t\t\t\t<span class=\"m-cegCaption__pagination a-cegPagination\">\n\t\t\t\t\t\t\t<span class=\"a-cegPagination__current\">3<\/span>\/6\t\t\t\t\t\t<\/span>\n\t\t\t\t\t\t<span class=\"m-cegCaption__caption\">vacratot 2_11zon<\/span>\n\t\t\t\t\t<\/div>\n\n\t\t\t\t\t<!-- Image description -->\n\t\t\t\t\t<div class=\"m-cegCarousel__desc a-cegDesc\">K\u00fcl\u00f6nleges \u00e9s id\u0151s n\u00f6v\u00e9nyekkel van tele a v\u00e1cr\u00e1t\u00f3ti kert. Fot\u00f3: MTI\/ Nagy Zolt\u00e1n<\/div>\n\n\t\t\t\t\t<!-- Image social share icons -->\n\t\t\t\t\t<div class=\"m-cegCarousel__socialCnt m-cegSocial\">\n\t\t\t\t\t\t<span class=\"m-cegSocial__text\">Fot\u00f3 megoszt\u00e1sa:<\/span><span class=\"m-cegSocial__iconWrap\"><span class=\"m-cegSocial__icon -facebook _ce_measure_link _ce_measure_widget\" data-ce-measure-widget=\"facebookGallery-btn\"><i class=\"fab fa-facebook-f\"><\/i><\/span><span class=\"m-cegSocial__icon -pinterest _ce_measure_link _ce_measure_widget\" data-ce-measure-widget=\"printeresGallery-btn\"><i class=\"fab fa-pinterest-p\"><\/i><\/span><span class=\"m-cegSocial__icon -email _ce_measure_link _ce_measure_widget\" data-ce-measure-widget=\"emailGallery-btn\"><i class=\"far fa-envelope\"><\/i><\/span><span class=\"m-cegSocial__icon -clipboard _ce_measure_link _ce_measure_widget\" data-ce-measure-widget=\"clipboardGallery-btn\"><i class=\"fa fa-link\"><\/i><\/span><\/span>\t\t\t\t\t<\/div>\n\t\t\t\t<\/div>\n\t\t\t\t\t\t\t\t\t\t\t\t<div\n\t\t\t\t\t\tclass=\"m-cegCarousel__item -banner\"\n\t\t\t\t\t\tdata-type=\"banner\"\n\t\t\t\t\t\tdata-id=\"1\/4\/banner\"\n\t\t\t\t\t\tdata-image-url=\"\"\n\t\t\t\t\t\tdata-title=\"\"\n\t\t\t\t\t\tdata-desc=\"\">\n\n\t\t\t\t\t\t<div class=\"m-cegCarousel__floatingCnt banner-container gallery-content010\"><\/div>\n\n\t\t\t\t\t<\/div>\n\t\t\t\t\t\t\t\t\t\n\t\t\t\t<div\n\t\t\t\t\tclass=\"m-cegCarousel__item\"\n\t\t\t\t\tdata-type=\"image\"\n\t\t\t\t\tdata-id=\"1\/5\/vacratot-3_11zon-scaled\"\n\t\t\t\t\tdata-image-url=\"https:\/\/www.startlap.hu\/utazas\/uploads\/sites\/3\/2026\/08\/vacratot-3_11zon-scaled.jpg\"\n\t\t\t\t\tdata-title=\"vacratot 3_11zon\"\n\t\t\t\t\tdata-desc=\"A parkon \u00e1tfoly\u00f3 Sz\u0151d-R\u00e1kos patak viz\u00e9t felhaszn\u00e1lva t\u00f3rendszert alak\u00edtottak ki. A v\u00e1cr\u00e1t\u00f3ti az orsz\u00e1g legnagyobb botanikus kertje, egyben az \u00e9l\u0151 n\u00f6v\u00e9nyek leggazdagabb hazai gy\u0171jtem\u00e9nye. A Nemzeti Botanikus kert a V\u00e1cr\u00e1t\u00f3ti kast\u00e9lyparkb\u00f3l alakult ki. A 27 hekt\u00e1ros kertben k\u00f6zel 13 000 n\u00f6v\u00e9nyfajt, illetve -fajt\u00e1t mutatnak be. Fot\u00f3: MTI\/ Nagy Zolt\u00e1n\">\n\n\t\t\t\t\t<!-- image -->\n\t\t\t\t\t<div class=\"m-cegCarousel__floatingCnt\">\n\t\t\t\t\t\t<img decoding=\"async\" src=\"https:\/\/www.startlap.hu\/utazas\/uploads\/sites\/3\/2026\/08\/vacratot-3_11zon-scaled.jpg\" class=\"m-cegCarousel__image\" alt=\"\" \/>\t\t\t\t\t\t<span class=\"fa m-cegCarousel__zoom _ce_measure_link _ce_measure_widget\" data-ce-measure-widget=\"gallery-zoom-btn\"><\/span>\n\t\t\t\t\t<\/div>\n\n\t\t\t\t\t<!-- thumb icon \/ counter, caption  -->\n\t\t\t\t\t<div class=\"m-cegCarousel__captionCnt m-cegCaption\">\n\t\t\t\t\t\t<span class=\"m-cegCaption__thumbIcon a-cegThumbIcon _ce_measure_widget _ce_measure_link\"\n\t\t\t\t\t\t\t  data-ce-measure-widget=\"thumbnails-btn\"\n\t\t\t\t\t\t\t  data-ce-measure-widget=\"gallery-thumbnails\"><i class=\" fa fa-th-large\"><\/i><\/span>\n\t\t\t\t\t\t<span class=\"m-cegCaption__pagination a-cegPagination\">\n\t\t\t\t\t\t\t<span class=\"a-cegPagination__current\">5<\/span>\/6\t\t\t\t\t\t<\/span>\n\t\t\t\t\t\t<span class=\"m-cegCaption__caption\">vacratot 3_11zon<\/span>\n\t\t\t\t\t<\/div>\n\n\t\t\t\t\t<!-- Image description -->\n\t\t\t\t\t<div class=\"m-cegCarousel__desc a-cegDesc\">A parkon \u00e1tfoly\u00f3 Sz\u0151d-R\u00e1kos patak viz\u00e9t felhaszn\u00e1lva t\u00f3rendszert alak\u00edtottak ki. A v\u00e1cr\u00e1t\u00f3ti az orsz\u00e1g legnagyobb botanikus kertje, egyben az \u00e9l\u0151 n\u00f6v\u00e9nyek leggazdagabb hazai gy\u0171jtem\u00e9nye. A Nemzeti Botanikus kert a V\u00e1cr\u00e1t\u00f3ti kast\u00e9lyparkb\u00f3l alakult ki. A 27 hekt\u00e1ros kertben k\u00f6zel 13 000 n\u00f6v\u00e9nyfajt, illetve -fajt\u00e1t mutatnak be. Fot\u00f3: MTI\/ Nagy Zolt\u00e1n<\/div>\n\n\t\t\t\t\t<!-- Image social share icons -->\n\t\t\t\t\t<div class=\"m-cegCarousel__socialCnt m-cegSocial\">\n\t\t\t\t\t\t<span class=\"m-cegSocial__text\">Fot\u00f3 megoszt\u00e1sa:<\/span><span class=\"m-cegSocial__iconWrap\"><span class=\"m-cegSocial__icon -facebook _ce_measure_link _ce_measure_widget\" data-ce-measure-widget=\"facebookGallery-btn\"><i class=\"fab fa-facebook-f\"><\/i><\/span><span class=\"m-cegSocial__icon -pinterest _ce_measure_link _ce_measure_widget\" data-ce-measure-widget=\"printeresGallery-btn\"><i class=\"fab fa-pinterest-p\"><\/i><\/span><span class=\"m-cegSocial__icon -email _ce_measure_link _ce_measure_widget\" data-ce-measure-widget=\"emailGallery-btn\"><i class=\"far fa-envelope\"><\/i><\/span><span class=\"m-cegSocial__icon -clipboard _ce_measure_link _ce_measure_widget\" data-ce-measure-widget=\"clipboardGallery-btn\"><i class=\"fa fa-link\"><\/i><\/span><\/span>\t\t\t\t\t<\/div>\n\t\t\t\t<\/div>\n\t\t\t\t\t\t\t\n\t\t\t\t<div\n\t\t\t\t\tclass=\"m-cegCarousel__item\"\n\t\t\t\t\tdata-type=\"image\"\n\t\t\t\t\tdata-id=\"1\/6\/vacratot-4_11zon\"\n\t\t\t\t\tdata-image-url=\"https:\/\/www.startlap.hu\/utazas\/uploads\/sites\/3\/2026\/08\/vacratot-4_11zon.jpg\"\n\t\t\t\t\tdata-title=\"vacratot 4_11zon\"\n\t\t\t\t\tdata-desc=\"F\u00e1b\u00f3l \u00e1csolt \u00f6reg v\u00edzimalom a botanikus kertben. Fot\u00f3: J\u00e1szai Csaba\/ MTI\">\n\n\t\t\t\t\t<!-- image -->\n\t\t\t\t\t<div class=\"m-cegCarousel__floatingCnt\">\n\t\t\t\t\t\t<img decoding=\"async\" src=\"https:\/\/www.startlap.hu\/utazas\/uploads\/sites\/3\/2026\/08\/vacratot-4_11zon.jpg\" class=\"m-cegCarousel__image\" alt=\"\" \/>\t\t\t\t\t\t<span class=\"fa m-cegCarousel__zoom _ce_measure_link _ce_measure_widget\" data-ce-measure-widget=\"gallery-zoom-btn\"><\/span>\n\t\t\t\t\t<\/div>\n\n\t\t\t\t\t<!-- thumb icon \/ counter, caption  -->\n\t\t\t\t\t<div class=\"m-cegCarousel__captionCnt m-cegCaption\">\n\t\t\t\t\t\t<span class=\"m-cegCaption__thumbIcon a-cegThumbIcon _ce_measure_widget _ce_measure_link\"\n\t\t\t\t\t\t\t  data-ce-measure-widget=\"thumbnails-btn\"\n\t\t\t\t\t\t\t  data-ce-measure-widget=\"gallery-thumbnails\"><i class=\" fa fa-th-large\"><\/i><\/span>\n\t\t\t\t\t\t<span class=\"m-cegCaption__pagination a-cegPagination\">\n\t\t\t\t\t\t\t<span class=\"a-cegPagination__current\">6<\/span>\/6\t\t\t\t\t\t<\/span>\n\t\t\t\t\t\t<span class=\"m-cegCaption__caption\">vacratot 4_11zon<\/span>\n\t\t\t\t\t<\/div>\n\n\t\t\t\t\t<!-- Image description -->\n\t\t\t\t\t<div class=\"m-cegCarousel__desc a-cegDesc\">F\u00e1b\u00f3l \u00e1csolt \u00f6reg v\u00edzimalom a botanikus kertben. Fot\u00f3: J\u00e1szai Csaba\/ MTI<\/div>\n\n\t\t\t\t\t<!-- Image social share icons -->\n\t\t\t\t\t<div class=\"m-cegCarousel__socialCnt m-cegSocial\">\n\t\t\t\t\t\t<span class=\"m-cegSocial__text\">Fot\u00f3 megoszt\u00e1sa:<\/span><span class=\"m-cegSocial__iconWrap\"><span class=\"m-cegSocial__icon -facebook _ce_measure_link _ce_measure_widget\" data-ce-measure-widget=\"facebookGallery-btn\"><i class=\"fab fa-facebook-f\"><\/i><\/span><span class=\"m-cegSocial__icon -pinterest _ce_measure_link _ce_measure_widget\" data-ce-measure-widget=\"printeresGallery-btn\"><i class=\"fab fa-pinterest-p\"><\/i><\/span><span class=\"m-cegSocial__icon -email _ce_measure_link _ce_measure_widget\" data-ce-measure-widget=\"emailGallery-btn\"><i class=\"far fa-envelope\"><\/i><\/span><span class=\"m-cegSocial__icon -clipboard _ce_measure_link _ce_measure_widget\" data-ce-measure-widget=\"clipboardGallery-btn\"><i class=\"fa fa-link\"><\/i><\/span><\/span>\t\t\t\t\t<\/div>\n\t\t\t\t<\/div>\n\t\t\t\t\t\t\t\t<\/div>\n\t\t<div class=\"m-cegLayer__thumbnails m-cegThumbList _ce_measure_widget\" data-ce-measure-widget=\"gallery-thumb-list\">\n\t\t\t\t\t\t\t\t\t\t\t<div class=\"m-cegThumbList__item\"\n\t\t\t\t\tdata-id=\"1\/1\/vacratot_11zon\"\n\t\t\t\t\tdata-index=\"0\">\n\t\t\t\t\t<img decoding=\"async\" src=\"https:\/\/www.startlap.hu\/utazas\/uploads\/sites\/3\/2026\/08\/vacratot_11zon.jpg\" class=\"m-cegThumbList__image _ce_measure_link\" alt=\"\" \/>\t\t\t\t<\/div>\n\t\t\t\t\t\t\t\t\t\t\t<div class=\"m-cegThumbList__item\"\n\t\t\t\t\tdata-id=\"1\/2\/vacratot-5_11zon-scaled\"\n\t\t\t\t\tdata-index=\"1\">\n\t\t\t\t\t<img decoding=\"async\" src=\"https:\/\/www.startlap.hu\/utazas\/uploads\/sites\/3\/2026\/08\/vacratot-5_11zon-scaled.jpg\" class=\"m-cegThumbList__image _ce_measure_link\" alt=\"\" \/>\t\t\t\t<\/div>\n\t\t\t\t\t\t\t\t\t\t\t<div class=\"m-cegThumbList__item\"\n\t\t\t\t\tdata-id=\"1\/3\/vacratot-2_11zon-scaled\"\n\t\t\t\t\tdata-index=\"2\">\n\t\t\t\t\t<img decoding=\"async\" src=\"https:\/\/www.startlap.hu\/utazas\/uploads\/sites\/3\/2026\/08\/vacratot-2_11zon-scaled.jpg\" class=\"m-cegThumbList__image _ce_measure_link\" alt=\"\" \/>\t\t\t\t<\/div>\n\t\t\t\t\t\t\t\t\t\t\t\t\t\t\t<div class=\"m-cegThumbList__item\"\n\t\t\t\t\tdata-id=\"1\/5\/vacratot-3_11zon-scaled\"\n\t\t\t\t\tdata-index=\"4\">\n\t\t\t\t\t<img decoding=\"async\" src=\"https:\/\/www.startlap.hu\/utazas\/uploads\/sites\/3\/2026\/08\/vacratot-3_11zon-scaled.jpg\" class=\"m-cegThumbList__image _ce_measure_link\" alt=\"\" \/>\t\t\t\t<\/div>\n\t\t\t\t\t\t\t\t\t\t\t<div class=\"m-cegThumbList__item\"\n\t\t\t\t\tdata-id=\"1\/6\/vacratot-4_11zon\"\n\t\t\t\t\tdata-index=\"5\">\n\t\t\t\t\t<img decoding=\"async\" src=\"https:\/\/www.startlap.hu\/utazas\/uploads\/sites\/3\/2026\/08\/vacratot-4_11zon.jpg\" class=\"m-cegThumbList__image _ce_measure_link\" alt=\"\" \/>\t\t\t\t<\/div>\n\t\t\t\t\t<\/div>\n\t<\/div>\n\t<div class=\"m-cegLayer__sidebar m-cegSidebar _ce_measure_widget\" data-ce-measure-widget=\"gallery-sidebar\">\n\n\t\t<div class=\"m-cegSidebar__desc a-cegDesc _ce_measure_widget\" data-ce-measure-widget=\"gallery-desc\"><\/div>\n\n\t\t<div class=\"m-cegSidebar__socialCnt m-cegSocial -sidebar _ce_measure_widget\" data-ce-measure-widget=\"gallery-social\">\n\t\t\t<span class=\"m-cegSocial__text\">Fot\u00f3 megoszt\u00e1sa:<\/span><span class=\"m-cegSocial__iconWrap\"><span class=\"m-cegSocial__icon -facebook _ce_measure_link _ce_measure_widget\" data-ce-measure-widget=\"facebookGallery-btn\"><i class=\"fab fa-facebook-f\"><\/i><\/span><span class=\"m-cegSocial__icon -pinterest _ce_measure_link _ce_measure_widget\" data-ce-measure-widget=\"printeresGallery-btn\"><i class=\"fab fa-pinterest-p\"><\/i><\/span><span class=\"m-cegSocial__icon -email _ce_measure_link _ce_measure_widget\" data-ce-measure-widget=\"emailGallery-btn\"><i class=\"far fa-envelope\"><\/i><\/span><span class=\"m-cegSocial__icon -clipboard _ce_measure_link _ce_measure_widget\" data-ce-measure-widget=\"clipboardGallery-btn\"><i class=\"fa fa-link\"><\/i><\/span><\/span>\t\t<\/div>\n\n\t\t<div class=\"gallery-right010 banner-container\"><\/div>\n\t\t<div class=\"gallery-right020 banner-container\"><\/div>\n\n\t<\/div>\n<\/div>\n\t<\/div>\n\n\t<script>\n\t\tjQuery(function () {\n\t\t\tvar id = '#cegPostCnt_1';\n\t\t\tjQuery( id ).articleGallery({\n\t\t\t\tonChanged: function (event) {\n\t\t\t\t\t\tthis.renderSidebarCTS( 'gallery-right010' );\n\t\t\t\t\t\tthis.renderSidebarCTS( 'gallery-right020' );\n\t\t\t\t\t\tthis.renderBannerSlideCTS(  event,\n\t\t\t\t\t\t\t\t\t\t\t\t\t[\n\t\t\t\t\t\t\t\t\t\t\t\t\t\t'gallery-content010',\n\t\t\t\t\t\t\t\t\t\t\t\t\t\t'gallery-content020',\n\t\t\t\t\t\t\t\t\t\t\t\t\t\t'gallery-content030'\n\t\t\t\t\t\t\t\t\t\t\t\t\t]);\n\t\t\t\t}\n\t\t\t});\n\t\t});\n\t<\/script>\t\n<p>A 27 hekt\u00e1ros kert Magyarorsz\u00e1g leggazdagabb tudom\u00e1nyos \u00e9l\u0151n\u00f6v\u00e9ny-gy\u0171jtem\u00e9nye, k\u00f6zel 13 ezer n\u00f6v\u00e9nyfajt \u00e9s fajt\u00e1t \u0151riznek itt.<\/p>\n<h2>Egy kert, amelyet t\u00f6bb mint 150 \u00e9ve \u00e1lmodtak meg<\/h2>\n<p>V\u00e1cr\u00e1t\u00f3t k\u00fcl\u00f6nleges hangulat\u00e1hoz a t\u00f6rt\u00e9nete is sokat hozz\u00e1tesz. Vigy\u00e1z\u00f3 S\u00e1ndor gr\u00f3f 1871-ben v\u00e1s\u00e1rolta meg a birtokot, majd J\u00e1mbor Vilmost, a korszak egyik legismertebb kerttervez\u0151j\u00e9t k\u00e9rte fel arra, hogy alak\u00edtsa \u00e1t a parkot. Az eredm\u00e9ny nem egy szab\u00e1lyosra ny\u00edrt s\u00f6v\u00e9nyekb\u0151l \u00e9s merev vir\u00e1g\u00e1gy\u00e1sokb\u00f3l \u00e1ll\u00f3 kert lett, hanem egy nagyon is romantikus park, tele n\u00f6v\u00e9nyk\u00fcl\u00f6nlegess\u00e9gekkel.<\/p>\n<blockquote class=\"article__extraTxt\"><p>A Sz\u0151dr\u00e1kosi-patak viz\u00e9b\u0151l t\u00f3rendszert alak\u00edtottak ki, a szikl\u00e1s r\u00e9szekhez pedig a Nasz\u00e1ly-hegyr\u0151l szekerekkel hordt\u00e1k a t\u00f6bbm\u00e1zs\u00e1s k\u00f6veket.<\/p><\/blockquote>\n<p>Az 1890-ben \u00e9p\u00fclt v\u00edzimalom sem v\u00e9letlen\u00fcl n\u00e9z ki \u00fagy, <strong>mintha egy r\u00e9gi mes\u00e9b\u0151l maradt volna itt.<\/strong> Val\u00f3j\u00e1ban soha nem \u0151r\u00f6lt gabon\u00e1t, eleve a kert d\u00edsz\u00e9nek \u00e9s pihen\u0151helynek k\u00e9sz\u00fclt. Vele szemben a Sziklaalag\u00fat vezet a t\u00f3parthoz, az 1904-ben elk\u00e9sz\u00fclt g\u00f3tikus M\u0171rom pedig tov\u00e1bb er\u0151s\u00edti azt az \u00e9rz\u00e9st, mintha n\u00e9h\u00e1ny sz\u00e1z \u00e9vvel visszacs\u00f6ppent\u00fcnk volna az id\u0151ben.<\/p>\n<p>A kert t\u00f6rt\u00e9neti \u00e9rt\u00e9k\u00e9t ma m\u00e1r nemzetk\u00f6zileg is sz\u00e1mon tartj\u00e1k. A Nemzeti Botanikus Kert 2025-ben negyedik magyar helysz\u00ednk\u00e9nt csatlakozott a T\u00f6rt\u00e9neti Kertek Eur\u00f3pai \u00datvonal\u00e1hoz.<\/p>\n<h2>Egy \u00f6reg v\u00e1cr\u00e1t\u00f3ti fa\u00f3ri\u00e1s implant\u00e1tumot kapott<\/h2>\n<p>A <a href=\"https:\/\/www.startlap.hu\/utazas\/kravica-vizeses-bosznia-hercegovina\/\" target=\"_blank\" rel=\"noopener\">tavak<\/a> k\u00f6zel\u00e9ben akad egy fa, amely els\u0151 pillant\u00e1sra tal\u00e1n fel sem t\u0171nik. Ha viszont k\u00f6zelebb megy\u00fcnk hozz\u00e1, hamar kider\u00fcl, hogy az egyik \u00e1ga nem eg\u00e9szen olyan, mint a t\u00f6bbi.&nbsp; A tekint\u00e9lyes kauk\u00e1zusi sz\u00e1rnyasdi\u00f3 elvesz\u00edtette egyik nagy \u00e1g\u00e1t, <strong>Szentp\u00e9teri Zsuzsanna<\/strong> szobr\u00e1szm\u0171v\u00e9sz pedig \u00fagy d\u00f6nt\u00f6tt, p\u00f3tolja a hi\u00e1nyt. F\u0171zfavessz\u0151b\u0151l font sz\u00e1m\u00e1ra egy m\u0171v\u00e9gtagra eml\u00e9keztet\u0151 \u00e1gat, az alkot\u00e1s pedig az Implant\u00e1tum c\u00edmet kapta.<\/p>\n<p><iframe loading=\"lazy\" src=\"https:\/\/www.facebook.com\/plugins\/post.php?href=https%3A%2F%2Fwww.facebook.com%2Fphoto.php%3Ffbid%3D807001031648282%26set%3Da.475191008162621%26type%3D3&show_text=true&width=500\" width=\"500\" height=\"792\" style=\"border:none;overflow:hidden\" scrolling=\"no\" frameborder=\"0\" allowfullscreen=\"true\" allow=\"autoplay; clipboard-write; encrypted-media; picture-in-picture; web-share\"><\/iframe><\/p>\n<p>A sz\u00e1rnyasdi\u00f3 t\u00f6rzse bel\u00fcl odvas, \u00fcrege eg\u00e9szen a f\u00f6ldig \u00e9r. <strong>Ebbe egy m\u00e1sik, kor\u00e1bban kid\u0151lt fa t\u00f6bbm\u00e9teres \u00e1gai ker\u00fcltek tart\u00f3szerkezetk\u00e9nt, ezek seg\u00edts\u00e9g\u00e9vel k\u00e9sz\u00fclhetett el a leveg\u0151ben a fonott p\u00f3tl\u00e1s.<\/strong> A leh\u00e1ntolt f\u0171zfavessz\u0151ket v\u00e9kony laz\u00farr\u00e9teggel kezelt\u00e9k, hogy jobban viselj\u00e9k az id\u0151j\u00e1r\u00e1st. Az implant\u00e1tum messzir\u0151l val\u00f3di \u00e1gnak t\u0171nik.<\/p>\n<h2>P\u00e1lm\u00e1k, orchide\u00e1k \u00e9s kaka\u00f3 is v\u00e1r a kertben<\/h2>\n<p>A szabadt\u00e9ri s\u00e9ta ut\u00e1n \u00e9rdemes id\u0151t hagyni az \u00fcvegh\u00e1zakra is. A tr\u00f3pusi \u00e9s p\u00e1lmah\u00e1zban p\u00e1lm\u00e1k, fikuszok, ban\u00e1nok, papaja \u00e9s k\u00e1v\u00e9 k\u00f6z\u00f6tt lehet s\u00e9t\u00e1lni, n\u00e9h\u00e1ny ajt\u00f3val od\u00e9bb pedig eg\u00e9szen m\u00e1s n\u00f6v\u00e9nyvil\u00e1g k\u00f6vetkezik. <strong>Az Orchidea- \u00e9s brom\u00e9liah\u00e1zban t\u00f6bbek k\u00f6z\u00f6tt golgotavir\u00e1gok, beg\u00f3ni\u00e1k, brom\u00e9li\u00e1k, orchide\u00e1k, van\u00edlia \u00e9s kaka\u00f3 is l\u00e1that\u00f3.<\/strong> A Kaktusz- \u00e9s pozsg\u00e1sh\u00e1z Afrika, Madagaszk\u00e1r \u00e9s Amerika sz\u00e1razabb vid\u00e9keit id\u00e9zi alo\u00e9kkal, ag\u00e1v\u00e9kkal, kaktuszokkal \u00e9s k\u00fcl\u00f6nleges pozsg\u00e1sokkal.<\/p>\n<h2>Ennyibe ker\u00fcl egy v\u00e1cr\u00e1t\u00f3ti kir\u00e1ndul\u00e1s<\/h2>\n<p>A <a href=\"https:\/\/botanikuskert.hu\/\" target=\"_blank\" target=\"_blank\" rel=\"noopener\">Nemzeti Botanikus Kert<\/a> m\u00e1rcius 14. \u00e9s okt\u00f3ber 25. k\u00f6z\u00f6tt mindennap 8 \u00e9s 18 \u00f3ra k\u00f6z\u00f6tt tart nyitva. A belt\u00e9ri ki\u00e1ll\u00edt\u00f3terek 8:30-t\u00f3l 17:30-ig l\u00e1togathat\u00f3k, h\u00e9tf\u0151nk\u00e9nt viszont az \u00fcvegh\u00e1zak n\u00f6v\u00e9nyv\u00e9delmi munk\u00e1k miatt z\u00e1rva vannak, kiv\u00e9ve az \u00fcnnep- \u00e9s munkasz\u00fcneti napokat.<\/p>\n<blockquote class=\"article__extraTxt\"><p>A feln\u0151tt bel\u00e9p\u0151 3000 forint, a 65 \u00e9v felettieknek, a 26 \u00e9v alatti di\u00e1koknak \u00e9s a pedag\u00f3gusoknak 2500 forintot kell fizetni\u00fck. A h\u00e1rom\u00e9vesn\u00e9l kisebb gyerekek ingyen l\u00e9phetnek be, a csal\u00e1di jegy 9000 forint.<\/p><\/blockquote>\n<p>Aut\u00f3val Budapest fel\u0151l t\u00f6bb ir\u00e1nyb\u00f3l is megk\u00f6zel\u00edthet\u0151 V\u00e1cr\u00e1t\u00f3t. T\u00f6megk\u00f6zleked\u00e9ssel \u00dajpest-k\u00f6zpontb\u00f3l is indul olyan menetrend szerinti busz, amely V\u00e1cr\u00e1t\u00f3tot \u00e9rinti. Aut\u00f3val h\u00e9tv\u00e9g\u00e9n \u00e9rdemes sz\u00e1molni azzal, hogy a kert k\u00f6rny\u00e9k\u00e9n korl\u00e1tozott a parkol\u00f3helyek sz\u00e1ma, egyes ter\u00fcleteken pedig fizetni kell a v\u00e1rakoz\u00e1s\u00e9rt.<\/p>\n<h2>Az arbor\u00e9tumon t\u00fal is akad l\u00e1tnival\u00f3 V\u00e1cr\u00e1t\u00f3ton<\/h2>\n<p>A botanikus kert ut\u00e1n sem felt\u00e9tlen\u00fcl kell r\u00f6gt\u00f6n hazafel\u00e9 indulni. V\u00e1cr\u00e1t\u00f3ton m\u0171k\u00f6dik a k\u00fcl\u00f6nleges Gy\u0171sz\u0171h\u00e1z, ahol t\u00f6bb mint \u00f6tezer, a vil\u00e1g sz\u00e1mos orsz\u00e1g\u00e1b\u00f3l sz\u00e1rmaz\u00f3 gy\u0171sz\u0171t \u0151riznek. A mag\u00e1ngy\u0171jtem\u00e9ny el\u0151zetes bejelentkez\u00e9ssel ingyenesen l\u00e1togathat\u00f3.<\/p>\n<blockquote class=\"article__extraTxt\"><p>&nbsp;A telep\u00fcl\u00e9sen \u00e1thalad a M\u00e1ria-\u00fat zar\u00e1ndok- \u00e9s turista\u00fat is, \u00edgy a k\u00f6rny\u00e9ken egy hosszabb gyalogl\u00e1s is k\u00f6nnyen beilleszthet\u0151 a programba.<\/p><\/blockquote>\n<p>A falu k\u00f6zpontj\u00e1ban \u00e9rdemes megn\u00e9zni Pet\u0151fi S\u00e1ndor szobr\u00e1t, a Harty\u00e1n-patak mellett pedig egy 1770-ben fel\u00e1ll\u00edtott Nepomuki Szent J\u00e1nos-szobor b\u00fajik meg.<\/p>\n<div class=\"o-widget m-readMoreWidget -readMore u-shortDecorLineAfter row widget-container _ce_measure_widget bigdata-widget read-more\" data-ce-measure-widget=\"olvass tov\u00e1bb\">\n\t<div class=\"m-readMoreWidget__imgWrapper image-wrapper col-12 col-md-4 no-p\">\n\t\t<a class=\"m-readMoreWidget__imgLink\" href=\"https:\/\/www.startlap.hu\/utazas\/mont-blanc-tura-regisztracio\/\" >\n\t\t\t<img decoding=\"async\" src=\"https:\/\/www.startlap.hu\/utazas\/uploads\/sites\/3\/2026\/08\/mont-blanc-everest_11zon-350x285.jpg\" class=\"m-readMoreWidget__img\">\n\t\t<\/a>\n\t<\/div>\n\t<div class=\"m-readMoreWidget__titleWrapper title-wrapper col-12 col-md-8\">\n\t\t<span class=\"m-readMoreWidget__titleLabel u-shortDecorLineBefore label hidden-sm-up\">Ez is \u00e9rdekelhet:<\/span>\n\t\t<h3 class=\"m-readMoreWidget__title title\">\n\t\t\t<a class=\"m-readMoreWidget__titleLink -secondFont u-bold u-upperCase\" href=\"https:\/\/www.startlap.hu\/utazas\/mont-blanc-tura-regisztracio\/\" >Az ikonikus eur\u00f3pai t\u00fara\u00fatvonal j\u00f6v\u0151 tavaszt\u00f3l m\u00e1r csak el\u0151zetes foglal\u00e1ssal lesz bej\u00e1rhat\u00f3<\/a>\n\t\t<\/h3>\n\t\t<a class=\"m-readMoreWidget__btn -coloredBack u-tC link\" href=\"https:\/\/www.startlap.hu\/utazas\/mont-blanc-tura-regisztracio\/\" >Elolvasom<\/a>\n\t<\/div>\n<\/div>\n","protected":false},"excerpt":{"rendered":"<p>Budapestt\u0151l nem messze tavak, egzotikus n\u00f6v\u00e9nyek, romantikus \u00e9p\u00edtm\u00e9nyek \u00e9s kanyarg\u00f3 \u00f6sv\u00e9nyek v\u00e1rnak &#8211; t\u00f6k\u00e9letes c\u00e9lpont egy nyugodt egynapos kiruccan\u00e1shoz, \u0151sszel is.<\/p>\n","protected":false},"author":64,"featured_media":112615,"comment_status":"closed","ping_status":"closed","sticky":false,"template":"","format":"standard","meta":{"footnotes":""},"categories":[7],"tags":[835,3101,9090],"class_list":["post-112610","post","type-post","status-publish","format-standard","has-post-thumbnail","hentry","category-belfold-utazas","tag-vacratot","tag-vacratoti-arboretum","tag-vacratoti-botanikus-kert"],"aioseo_notices":[],"_links":{"self":[{"href":"https:\/\/www.startlap.hu\/utazas\/wp-json\/wp\/v2\/posts\/112610","targetHints":{"allow":["GET"]}}],"collection":[{"href":"https:\/\/www.startlap.hu\/utazas\/wp-json\/wp\/v2\/posts"}],"about":[{"href":"https:\/\/www.startlap.hu\/utazas\/wp-json\/wp\/v2\/types\/post"}],"author":[{"embeddable":true,"href":"https:\/\/www.startlap.hu\/utazas\/wp-json\/wp\/v2\/users\/64"}],"replies":[{"embeddable":true,"href":"https:\/\/www.startlap.hu\/utazas\/wp-json\/wp\/v2\/comments?post=112610"}],"version-history":[{"count":6,"href":"https:\/\/www.startlap.hu\/utazas\/wp-json\/wp\/v2\/posts\/112610\/revisions"}],"predecessor-version":[{"id":112913,"href":"https:\/\/www.startlap.hu\/utazas\/wp-json\/wp\/v2\/posts\/112610\/revisions\/112913"}],"wp:featuredmedia":[{"embeddable":true,"href":"https:\/\/www.startlap.hu\/utazas\/wp-json\/wp\/v2\/media\/112615"}],"wp:attachment":[{"href":"https:\/\/www.startlap.hu\/utazas\/wp-json\/wp\/v2\/media?parent=112610"}],"wp:term":[{"taxonomy":"category","embeddable":true,"href":"https:\/\/www.startlap.hu\/utazas\/wp-json\/wp\/v2\/categories?post=112610"},{"taxonomy":"post_tag","embeddable":true,"href":"https:\/\/www.startlap.hu\/utazas\/wp-json\/wp\/v2\/tags?post=112610"}],"curies":[{"name":"wp","href":"https:\/\/api.w.org\/{rel}","templated":true}]}}