{"id":112510,"date":"2026-09-01T07:03:57","date_gmt":"2026-09-01T05:03:57","guid":{"rendered":"https:\/\/www.startlap.hu\/utazas\/?p=112510"},"modified":"2026-08-28T13:29:10","modified_gmt":"2026-08-28T11:29:10","slug":"horvatorszag-utoszezon-dugi-otok","status":"publish","type":"post","link":"https:\/\/www.startlap.hu\/utazas\/horvatorszag-utoszezon-dugi-otok\/","title":{"rendered":"Horv\u00e1torsz\u00e1g Karib-t\u00e9rs\u00e9ge: 23-25 fokos tengerrel v\u00e1r szeptemberben a t\u00f6k\u00e9letes sziget"},"content":{"rendered":"<p>T\u00fcrkizk\u00e9k v\u00edz, vil\u00e1gos part \u00e9s l\u00e9nyegesen kisebb t\u00f6meg, mint a ny\u00e1ri f\u0151szezonban &#8211; <strong>Dugi Otok szeptemberben tal\u00e1n a legszebb arc\u00e1t mutatja.<\/strong> A <a href=\"https:\/\/www.startlap.hu\/utazas\/adriai-nyaralas-arak-horvatorszag\/\" target=\"_blank\" rel=\"noopener\">horv\u00e1t<\/a> sziget r\u00e1ad\u00e1sul Magyarorsz\u00e1gr\u00f3l is viszonylag k\u00f6nnyen el\u00e9rhet\u0151, \u00edgy azoknak is j\u00f3 v\u00e1laszt\u00e1s lehet, akik m\u00e9g n\u00e9h\u00e1ny nappal meghosszabb\u00edtan\u00e1k a nyarat.<\/p>\n<div class=\"o-widget m-readMoreWidget -readMore u-shortDecorLineAfter row widget-container _ce_measure_widget bigdata-widget read-more\" data-ce-measure-widget=\"olvass tov\u00e1bb\">\n\t<div class=\"m-readMoreWidget__imgWrapper image-wrapper col-12 col-md-4 no-p\">\n\t\t<a class=\"m-readMoreWidget__imgLink\" href=\"https:\/\/www.startlap.hu\/utazas\/nyugdijas-thailfold-olcsobb-elet\/\" >\n\t\t\t<img decoding=\"async\" src=\"https:\/\/www.startlap.hu\/utazas\/uploads\/sites\/3\/2026\/08\/thaifold-350x285.jpg\" class=\"m-readMoreWidget__img\">\n\t\t<\/a>\n\t<\/div>\n\t<div class=\"m-readMoreWidget__titleWrapper title-wrapper col-12 col-md-8\">\n\t\t<span class=\"m-readMoreWidget__titleLabel u-shortDecorLineBefore label hidden-sm-up\">Ez is \u00e9rdekelhet:<\/span>\n\t\t<h3 class=\"m-readMoreWidget__title title\">\n\t\t\t<a class=\"m-readMoreWidget__titleLink -secondFont u-bold u-upperCase\" href=\"https:\/\/www.startlap.hu\/utazas\/nyugdijas-thailfold-olcsobb-elet\/\" >\u201eItt \u00e9n vagyok a vil\u00e1g kir\u00e1lya\u201d \u2013 Thaif\u00f6ldre k\u00f6lt\u00f6z\u00f6tt a nyugd\u00edjas, aki havi 1250 eur\u00f3b\u00f3l alig \u00e9lt meg Mallorc\u00e1n<\/a>\n\t\t<\/h3>\n\t\t<a class=\"m-readMoreWidget__btn -coloredBack u-tC link\" href=\"https:\/\/www.startlap.hu\/utazas\/nyugdijas-thailfold-olcsobb-elet\/\" >Elolvasom<\/a>\n\t<\/div>\n<\/div>\n<p>A Dugi Otok \u00e9szaknyugati r\u00e9sz\u00e9n tal\u00e1lhat\u00f3 <strong>Sakarun strandot nem v\u00e9letlen\u00fcl emlegetik gyakran Horv\u00e1torsz\u00e1g Karib-tengerek\u00e9nt.<\/strong> Vil\u00e1gos sz\u00edn\u0171&nbsp; homokja, \u00e9s sek\u00e9ly, t\u00fcrkiz vize eg\u00e9szen egzotikus l\u00e1tv\u00e1nyt ny\u00fajt.&nbsp;<\/p>\n<h2>Ez\u00e9rt eml\u00e9keztet Sakarun a Karib-tengerre<\/h2>\n<p>Sakarun Zadar t\u00e9rs\u00e9g\u00e9nek egyik legismertebb strandja. A v\u00e9dett \u00f6b\u00f6lben nagyon lassan m\u00e9ly\u00fcl a v\u00edz, ez\u00e9rt naps\u00fct\u00e9sben a tenger sz\u00edne szinte val\u00f3szer\u0171tlen\u00fcl vil\u00e1gos t\u00fcrkizz\u00e9 v\u00e1lik. <strong>A part k\u00f6r\u00fcli feny\u0151f\u00e1k mediterr\u00e1n hangulatot teremtenek, \u00e9s term\u00e9szetes \u00e1rny\u00e9kot is biztos\u00edtanak.<\/strong><\/p>\n<blockquote class=\"article__extraTxt\"><p>J\u00faliusban \u00e9s augusztusban ugyanakkor itt sem felt\u00e9tlen\u00fcl kell mag\u00e1nyos strandol\u00e1sra sz\u00e1m\u00edtani. Sz\u00e1mos kir\u00e1ndul\u00f3haj\u00f3 \u00e9rkezik Sakarunhoz, \u00edgy a nap k\u00f6zep\u00e9n k\u00f6nnyen megtelhet a part.<\/p><\/blockquote>\n<p>Szeptemberre azonban m\u00e1r j\u00f3val nyugodtabb\u00e1 v\u00e1lik a k\u00f6rny\u00e9k. Aki szinte \u00fcresen szeretn\u00e9 l\u00e1tni a h\u00edres strandot, annak az\u00e9rt ilyenkor is \u00e9rdemes kora reggel vagy k\u00e9s\u0151 d\u00e9lut\u00e1n \u00e9rkeznie. Ezekben az \u00f3r\u00e1kban kevesebb a kir\u00e1ndul\u00f3, \u00e9s a f\u00e9nyek is k\u00fcl\u00f6n\u00f6sen sz\u00e9pen kiemelik a tenger k\u00fcl\u00f6nb\u00f6z\u0151 k\u00e9k \u00e1rnyalatait.<\/p>\n<h2>Szeptemberben m\u00e9g b\u0151ven lehet f\u00fcr\u00f6dni&nbsp;<\/h2>\n<p>A dalm\u00e1t <a href=\"https:\/\/www.startlap.hu\/utazas\/legjobb-tengerpartok-europa-2025-nyar-tippek\/\" target=\"_blank\" rel=\"noopener\">tengerparton<\/a> szeptemberben a nappali cs\u00facsh\u0151m\u00e9rs\u00e9klet gyakran m\u00e9g 25 fok k\u00f6r\u00fcl alakul,&nbsp; a tenger pedig sok helyen 23-25 fokos marad. A ny\u00e1r legnagyobb forr\u00f3s\u00e1ga viszont addigra \u00e1ltal\u00e1ban enyh\u00fcl, \u00edgy az id\u0151j\u00e1r\u00e1s m\u00e1r nem csak strandol\u00e1shoz, hanem t\u00far\u00e1z\u00e1shoz \u00e9s a sziget felfedez\u00e9s\u00e9hez is kellemesebb.<\/p>\n<blockquote class=\"article__extraTxt\"><p>A f\u0151szezon v\u00e9g\u00e9vel a sz\u00e1ll\u00e1sok \u00e1ra is cs\u00f6kken, az utakon, a kompokon \u00e9s az \u00e9ttermekben pedig kisebb a zs\u00fafolts\u00e1g.<\/p><\/blockquote>\n<p>K\u00fcl\u00f6n\u00f6sen szeptember els\u0151 fele lehet ide\u00e1lis egy utaz\u00e1shoz. A h\u00f3nap v\u00e9ge fel\u00e9 m\u00e1r v\u00e1ltoz\u00e9konyabb\u00e1 v\u00e1lhat az id\u0151, \u00e9s a horv\u00e1t vend\u00e9gl\u0151k is r\u00f6videbb nyitvatart\u00e1sra v\u00e1lthatnak.<\/p>\n<figure id=\"attachment_112512\" aria-describedby=\"caption-attachment-112512\" style=\"width: 755px\" class=\"wp-caption alignnone\"><img loading=\"lazy\" decoding=\"async\" class=\"wp-image-112512 size-article-size-large-image\" src=\"https:\/\/www.startlap.hu\/utazas\/uploads\/sites\/3\/2026\/08\/dugiotok-horvatorszag_11zon-755x503.jpg\" alt=\"kik\u00f6t\u0151 haj\u00f3kkal\" width=\"755\" height=\"503\" srcset=\"https:\/\/www.startlap.hu\/utazas\/uploads\/sites\/3\/2026\/08\/dugiotok-horvatorszag_11zon-755x503.jpg 755w, https:\/\/www.startlap.hu\/utazas\/uploads\/sites\/3\/2026\/08\/dugiotok-horvatorszag_11zon-1536x1024.jpg 1536w, https:\/\/www.startlap.hu\/utazas\/uploads\/sites\/3\/2026\/08\/dugiotok-horvatorszag_11zon-525x350.jpg 525w, https:\/\/www.startlap.hu\/utazas\/uploads\/sites\/3\/2026\/08\/dugiotok-horvatorszag_11zon.jpg 1696w\" sizes=\"auto, (max-width: 755px) 100vw, 755px\" \/><figcaption id=\"caption-attachment-112512\" class=\"wp-caption-text\">A mes\u00e9s horv\u00e1t sziget ut\u00f3szezonban t\u00f6k\u00e9letes alternat\u00edva, ha nyugalmat keresel. Fot\u00f3: Getty Images<\/figcaption><\/figure>\n<h2>Nem csak a strand miatt \u00e9rdemes felkeresni a szigetet<\/h2>\n<p>Sakarun ugyan Dugi Otok legismertebb strandja, de kor\u00e1ntsem ez az egyetlen l\u00e1tnival\u00f3. <strong>A hossz\u00fak\u00e1s sziget d\u00e9li v\u00e9g\u00e9n tal\u00e1lhat\u00f3 a Tela\u0161\u0107ica Nat\u00farpark, ahol eg\u00e9szen m\u00e1s arc\u00e1t mutatja a t\u00e1j.<\/strong> A tenger f\u00f6l\u00e9 magasod\u00f3 szikl\u00e1k helyenk\u00e9nt 161 m\u00e9teres magass\u00e1got is el\u00e9rnek, mellett\u00fck apr\u00f3 \u00f6bl\u00f6k \u00e9s a s\u00f3s viz\u0171 Mir-t\u00f3 teszi v\u00e1ltozatoss\u00e1 a k\u00f6rny\u00e9ket. <strong>Ez a vid\u00e9k j\u00f3val vadreg\u00e9nyesebb, mint Sakarun nyugodt, sek\u00e9ly strandja.<\/strong><\/p>\n<p><strong>A sziget \u00e9szaknyugati r\u00e9sz\u00e9n a Veli Rat vil\u00e1g\u00edt\u00f3toronyhoz is \u00e9rdemes ell\u00e1togatni.<\/strong> Az 1849-ben \u00e9p\u00fclt torony 42 m\u00e9ter magas, \u00e9s az Adria legmagasabb vil\u00e1g\u00edt\u00f3tornyak\u00e9nt tartj\u00e1k sz\u00e1mon. K\u00f6rny\u00e9k\u00e9n kisebb \u00f6bl\u00f6k b\u00fajnak meg, ezek \u00fasz\u00e1sra \u00e9s sznorkelez\u00e9sre is alkalmasak.<\/p>\n<p>Dugi Otok tov\u00e1bbi n\u00e9pszer\u0171 helyei k\u00f6z\u00e9 tartozik a nyugodtabb Veli \u017dal strand. A partvid\u00e9ket kajakkal is fel lehet fedezni, aki pedig haj\u00f3ra sz\u00e1llna, \u00fatra kelhet a k\u00f6zeli Kornati-szigetekhez.<\/p>\n<blockquote class=\"article__extraTxt\"><p>Ha est\u00e9re \u00e9ttermekre \u00e9s valamivel t\u00f6bb ny\u00fczsg\u00e9sre v\u00e1gyunk, \u00e9rdemes a sziget d\u00e9li r\u00e9sz\u00e9n tal\u00e1lhat\u00f3 Sali kik\u00f6t\u0151v\u00e1ros fel\u00e9 venni az ir\u00e1nyt.<\/p><\/blockquote>\n<h2>Kinek ide\u00e1lis Dugi Otok?<\/h2>\n<p>A sziget els\u0151sorban p\u00e1roknak, nyugalmat keres\u0151 utaz\u00f3knak \u00e9s csal\u00e1doknak ide\u00e1lis. Aki hatalmas \u00fcd\u00fcl\u0151komplexumokat, pezsg\u0151 \u00e9jszakai \u00e9letet \u00e9s eg\u00e9sz napos sz\u00f3rakoztat\u00f3programokat keres, val\u00f3sz\u00edn\u0171leg m\u00e1shol \u00e9rzi majd jobban mag\u00e1t. <strong>Dugi Otok hangulat\u00e1t ink\u00e1bb a kisebb apartmanok, hal\u00e1szfalvak, egyszer\u0171 konob\u00e1k \u00e9s f\u00e9lrees\u0151 \u00f6bl\u00f6k hat\u00e1rozz\u00e1k meg.<\/strong><\/p>\n<blockquote class=\"article__extraTxt\"><p>A sziget felfedez\u00e9s\u00e9re n\u00e9gy-\u00f6t nap m\u00e1r elegend\u0151 lehet.<\/p><\/blockquote>\n<p>Dugi Otok nem egy Karib-tenger 2.0, hanem egy j\u00f3val k\u00f6zelebbi, nyugodtabb<strong> adriai alternat\u00edva.<\/strong> Meleg tenger, l\u00e1tv\u00e1nyos szikl\u00e1k, eldugott \u00f6bl\u00f6k \u00e9s t\u00fcrkiz strandok v\u00e1rnak itt, t\u00f6meg n\u00e9lk\u00fcl.<\/p>\n<p><a href=\"https:\/\/www.oe24.at\/a\/die-karibik-kroatiens-ist-das-perfekte-spaetsommerziel-900107000\" target=\"_blank\" target=\"_blank\" rel=\"noopener\">via<\/a><\/p>\n<div class=\"o-widget m-readMoreWidget -readMore u-shortDecorLineAfter row widget-container _ce_measure_widget bigdata-widget read-more\" data-ce-measure-widget=\"olvass tov\u00e1bb\">\n\t<div class=\"m-readMoreWidget__imgWrapper image-wrapper col-12 col-md-4 no-p\">\n\t\t<a class=\"m-readMoreWidget__imgLink\" href=\"https:\/\/www.startlap.hu\/utazas\/europa-legitarsasag-rangsor-dijazas\/\" >\n\t\t\t<img decoding=\"async\" src=\"https:\/\/www.startlap.hu\/utazas\/uploads\/sites\/3\/2026\/08\/borond-utazas-repulogep-350x285.jpg\" class=\"m-readMoreWidget__img\">\n\t\t<\/a>\n\t<\/div>\n\t<div class=\"m-readMoreWidget__titleWrapper title-wrapper col-12 col-md-8\">\n\t\t<span class=\"m-readMoreWidget__titleLabel u-shortDecorLineBefore label hidden-sm-up\">Ez is \u00e9rdekelhet:<\/span>\n\t\t<h3 class=\"m-readMoreWidget__title title\">\n\t\t\t<a class=\"m-readMoreWidget__titleLink -secondFont u-bold u-upperCase\" href=\"https:\/\/www.startlap.hu\/utazas\/europa-legitarsasag-rangsor-dijazas\/\" >Az utasok d\u00f6nt\u00f6ttek: ez lett Eur\u00f3pa legn\u00e9pszer\u0171bb l\u00e9git\u00e1rsas\u00e1ga<\/a>\n\t\t<\/h3>\n\t\t<a class=\"m-readMoreWidget__btn -coloredBack u-tC link\" href=\"https:\/\/www.startlap.hu\/utazas\/europa-legitarsasag-rangsor-dijazas\/\" >Elolvasom<\/a>\n\t<\/div>\n<\/div>\n","protected":false},"excerpt":{"rendered":"<p>A f\u0151szezon v\u00e9g\u00e9vel elt\u0171nik a t\u00f6meg, a tenger viszont m\u00e9g kellemesen meleg. Nem v\u00e9letlen\u00fcl rajonganak ez\u00e9rt az adriai sziget\u00e9rt.<\/p>\n","protected":false},"author":64,"featured_media":112512,"comment_status":"closed","ping_status":"closed","sticky":false,"template":"","format":"standard","meta":{"footnotes":""},"categories":[70],"tags":[112,94,216,222],"class_list":["post-112510","post","type-post","status-publish","format-standard","has-post-thumbnail","hentry","category-vilag","tag-horvatorszag","tag-nyaralas","tag-osz","tag-utoszezon"],"aioseo_notices":[],"_links":{"self":[{"href":"https:\/\/www.startlap.hu\/utazas\/wp-json\/wp\/v2\/posts\/112510","targetHints":{"allow":["GET"]}}],"collection":[{"href":"https:\/\/www.startlap.hu\/utazas\/wp-json\/wp\/v2\/posts"}],"about":[{"href":"https:\/\/www.startlap.hu\/utazas\/wp-json\/wp\/v2\/types\/post"}],"author":[{"embeddable":true,"href":"https:\/\/www.startlap.hu\/utazas\/wp-json\/wp\/v2\/users\/64"}],"replies":[{"embeddable":true,"href":"https:\/\/www.startlap.hu\/utazas\/wp-json\/wp\/v2\/comments?post=112510"}],"version-history":[{"count":4,"href":"https:\/\/www.startlap.hu\/utazas\/wp-json\/wp\/v2\/posts\/112510\/revisions"}],"predecessor-version":[{"id":112581,"href":"https:\/\/www.startlap.hu\/utazas\/wp-json\/wp\/v2\/posts\/112510\/revisions\/112581"}],"wp:featuredmedia":[{"embeddable":true,"href":"https:\/\/www.startlap.hu\/utazas\/wp-json\/wp\/v2\/media\/112512"}],"wp:attachment":[{"href":"https:\/\/www.startlap.hu\/utazas\/wp-json\/wp\/v2\/media?parent=112510"}],"wp:term":[{"taxonomy":"category","embeddable":true,"href":"https:\/\/www.startlap.hu\/utazas\/wp-json\/wp\/v2\/categories?post=112510"},{"taxonomy":"post_tag","embeddable":true,"href":"https:\/\/www.startlap.hu\/utazas\/wp-json\/wp\/v2\/tags?post=112510"}],"curies":[{"name":"wp","href":"https:\/\/api.w.org\/{rel}","templated":true}]}}