{"id":106673,"date":"2026-05-03T12:16:29","date_gmt":"2026-05-03T10:16:29","guid":{"rendered":"https:\/\/www.startlap.hu\/utazas\/?p=106673"},"modified":"2026-05-03T12:16:29","modified_gmt":"2026-05-03T10:16:29","slug":"balaton-keszthely-helikon-strand-ingyenes","status":"publish","type":"post","link":"https:\/\/www.startlap.hu\/utazas\/balaton-keszthely-helikon-strand-ingyenes\/","title":{"rendered":"Ingyeness\u00e9 v\u00e1lik az egyik legn\u00e9pszer\u0171bb strand a Balatonn\u00e1l"},"content":{"rendered":"<p>M\u00e1jus elsej\u00e9t\u0151l ingyenesen haszn\u00e1lhat\u00f3 a <strong>keszthelyi<\/strong> <strong>Helikon strand<\/strong>, miut\u00e1n elbontott\u00e1k a f\u00fcrd\u0151hely ker\u00edt\u00e9s\u00e9nek egy r\u00e9sz\u00e9t. A l\u00e9p\u00e9ssel a v\u00e1rosvezet\u00e9s egy kor\u00e1bbi \u00edg\u00e9ret\u00e9t teljes\u00edtette: a c\u00e9l az volt, hogy a <strong><a href=\"https:\/\/www.startlap.hu\/utazas\/balaton-legjobb-helyek-latnivalok\/\" target=\"_blank\" rel=\"noopener\">Balaton-part<\/a><\/strong> ezen r\u00e9sze ne csak a fizet\u0151 vend\u00e9gek, hanem b\u00e1rki sz\u00e1m\u00e1ra szabadon el\u00e9rhet\u0151 legyen.<\/p>\n<div class=\"o-widget m-readMoreWidget -readMore u-shortDecorLineAfter row widget-container _ce_measure_widget bigdata-widget read-more\" data-ce-measure-widget=\"olvass tov\u00e1bb\">\n\t<div class=\"m-readMoreWidget__imgWrapper image-wrapper col-12 col-md-4 no-p\">\n\t\t<a class=\"m-readMoreWidget__imgLink\" href=\"https:\/\/www.startlap.hu\/utazas\/a-hetvegen-indul-a-strandszezon-mutatjuk-az-arakat-es-a-nyitasi-idopontokat\/\" >\n\t\t\t<img decoding=\"async\" src=\"https:\/\/www.startlap.hu\/utazas\/uploads\/sites\/3\/2026\/05\/strand-uszomedence-350x285.jpg\" class=\"m-readMoreWidget__img\">\n\t\t<\/a>\n\t<\/div>\n\t<div class=\"m-readMoreWidget__titleWrapper title-wrapper col-12 col-md-8\">\n\t\t<span class=\"m-readMoreWidget__titleLabel u-shortDecorLineBefore label hidden-sm-up\">Ez is \u00e9rdekelhet:<\/span>\n\t\t<h3 class=\"m-readMoreWidget__title title\">\n\t\t\t<a class=\"m-readMoreWidget__titleLink -secondFont u-bold u-upperCase\" href=\"https:\/\/www.startlap.hu\/utazas\/a-hetvegen-indul-a-strandszezon-mutatjuk-az-arakat-es-a-nyitasi-idopontokat\/\" >A h\u00e9tv\u00e9g\u00e9n indul a strandszezon: mutatjuk az \u00e1rakat \u00e9s a nyit\u00e1si id\u0151pontokat<\/a>\n\t\t<\/h3>\n\t\t<a class=\"m-readMoreWidget__btn -coloredBack u-tC link\" href=\"https:\/\/www.startlap.hu\/utazas\/a-hetvegen-indul-a-strandszezon-mutatjuk-az-arakat-es-a-nyitasi-idopontokat\/\" >Elolvasom<\/a>\n\t<\/div>\n<\/div>\n<p>A d\u00f6nt\u00e9st dr. T\u00f3th Gergely, <strong><a href=\"https:\/\/www.startlap.hu\/utazas\/keszthely-legjobb-latnivalok\/\" target=\"_blank\" rel=\"noopener\">Keszthely<\/a><\/strong> polg\u00e1rmestere jelentette be <a href=\"https:\/\/www.facebook.com\/reel\/968471242557269\" target=\"_blank\" target=\"_blank\" rel=\"noopener\">k\u00f6z\u00f6ss\u00e9gi oldal\u00e1n<\/a>. A polg\u00e1rmester szerint a Balaton olyan term\u00e9szeti kincs, amelyet mindenkinek joga van \u00e9lvezni, ez\u00e9rt a v\u00e1rosvezet\u00e9s azt szeretn\u00e9, ha a t\u00f3hoz val\u00f3 hozz\u00e1f\u00e9r\u00e9s min\u00e9l kev\u00e9sb\u00e9 f\u00fcggne p\u00e9nzt\u00e1rc\u00e1t\u00f3l vagy bel\u00e9p\u0151jegyt\u0151l.<\/p>\n<h2>Nemcsak egy f\u00fcves partszakasz ny\u00edlt meg<\/h2>\n<p>A Helikon strand k\u00f6zel 20 ezer n\u00e9gyzetm\u00e9teres ter\u00fcleten v\u00e1rja a l\u00e1togat\u00f3kat, vagyis nem egy apr\u00f3, eldugott partszakaszr\u00f3l van sz\u00f3. A f\u00fcrd\u0151helyen nagy z\u00f6ldfel\u00fclet, \u00e1rnyas f\u00e1k \u00e9s napoz\u00e1sra alkalmas p\u00e1zsit is tal\u00e1lhat\u00f3, \u00edgy azoknak is j\u00f3 v\u00e1laszt\u00e1s lehet, akik nemcsak csobbanni szeretn\u00e9nek, hanem ak\u00e1r egy eg\u00e9sz napot elt\u00f6lten\u00e9nek a parton.<\/p>\n<p>A szolg\u00e1ltat\u00e1sok k\u00f6z\u00f6tt r\u00f6plabdap\u00e1lya, pingpongasztal, mini focip\u00e1lya, j\u00e1tsz\u00f3t\u00e9r, k\u00fclt\u00e9ri \u00e9s belt\u00e9ri zuhanyz\u00f3, baba-mama szoba, gyerekmosd\u00f3 \u00e9s b\u00fcf\u00e9 is szerepel. Ezek a lehet\u0151s\u00e9gek mostant\u00f3l bel\u00e9p\u0151d\u00edj n\u00e9lk\u00fcl vehet\u0151k ig\u00e9nybe.<\/p>\n<figure id=\"attachment_106677\" aria-describedby=\"caption-attachment-106677\" style=\"width: 755px\" class=\"wp-caption alignnone\"><a href=\"https:\/\/www.startlap.hu\/utazas\/uploads\/sites\/3\/2026\/05\/helikon-strand-scaled.jpg\"><img loading=\"lazy\" decoding=\"async\" class=\"size-article-size-large-image wp-image-106677\" src=\"https:\/\/www.startlap.hu\/utazas\/uploads\/sites\/3\/2026\/05\/helikon-strand-755x503.jpg\" alt=\"A Helikon strand Keszthelyen. \" width=\"755\" height=\"503\" srcset=\"https:\/\/www.startlap.hu\/utazas\/uploads\/sites\/3\/2026\/05\/helikon-strand-755x503.jpg 755w, https:\/\/www.startlap.hu\/utazas\/uploads\/sites\/3\/2026\/05\/helikon-strand-1536x1024.jpg 1536w, https:\/\/www.startlap.hu\/utazas\/uploads\/sites\/3\/2026\/05\/helikon-strand-2048x1365.jpg 2048w, https:\/\/www.startlap.hu\/utazas\/uploads\/sites\/3\/2026\/05\/helikon-strand-525x350.jpg 525w\" sizes=\"auto, (max-width: 755px) 100vw, 755px\" \/><\/a><figcaption id=\"caption-attachment-106677\" class=\"wp-caption-text\">A Helikon strand Keszthelyen. Fot\u00f3: MTI\/Varga Gy\u00f6rgy<\/figcaption><\/figure>\n<h2>Az iszapkotr\u00e1s \u00fcgye tov\u00e1bbra is napirenden van<\/h2>\n<p>A polg\u00e1rmester a strand megnyit\u00e1sa mellett arr\u00f3l is besz\u00e9lt, hogy Keszthely t\u00e9rs\u00e9g\u00e9ben tov\u00e1bbra is fontos k\u00e9rd\u00e9s az iszapkotr\u00e1s. A v\u00e1rosvezet\u00e9s az elm\u00falt id\u0151szakban t\u00f6bbsz\u00f6r is k\u00e9rte, hogy korm\u00e1nyzati t\u00e1mogat\u00e1ssal induljon el a munka, de T\u00f3th Gergely szerint eddig nem siker\u00fclt el\u0151rel\u00e9pni az \u00fcgyben.<\/p>\n<h2>Hol vannak m\u00e9g ingyenes strandok a Balatonn\u00e1l?<\/h2>\n<p>B\u00e1r a Balaton k\u00f6r\u00fcl sok helyen fizetni kell a strandol\u00e1s\u00e9rt, tov\u00e1bbra is t\u00f6bb telep\u00fcl\u00e9sen tal\u00e1lni szabadstrandokat. Egy <strong><a href=\"https:\/\/www.startlap.hu\/utazas\/balaton-szabadstrand-2024\/\" target=\"_blank\" rel=\"noopener\">kor\u00e1bbi \u00f6sszes\u00edt\u00e9s\u00fcnk szerint<\/a><\/strong> a t\u00f3parti telep\u00fcl\u00e9sek k\u00f6z\u00fcl 19 biztos\u00edt ingyenes f\u00fcrd\u00e9si lehet\u0151s\u00e9get, \u00e9s <strong><a href=\"https:\/\/www.startlap.hu\/utazas\/zamardi-strandok-latnivalok-programok-kutyabarat-szallas\/\" target=\"_blank\" rel=\"noopener\">Zam\u00e1rdiban<\/a><\/strong> van a legt\u00f6bb szabadstrand.<\/p>\n<blockquote class=\"article__extraTxt\"><p>A d\u00e9li parton k\u00fcl\u00f6n\u00f6sen j\u00f3 es\u00e9llyel tal\u00e1lni bel\u00e9p\u0151 n\u00e9lk\u00fcli partszakaszokat.<\/p><\/blockquote>\n<p>Ingyenes strandok v\u00e1rj\u00e1k a f\u00fcrd\u0151z\u0151ket Zam\u00e1rdi mellett t\u00f6bbi k\u00f6z\u00f6tt <strong><a href=\"https:\/\/www.startlap.hu\/utazas\/balaton-siofok-orgona-utcai-szabadstrand-fejlesztes-fitness-jatszoter\/\" target=\"_blank\" rel=\"noopener\">Si\u00f3fokon<\/a><\/strong>, Balatonlell\u00e9n, Balatonfenyvesen, Balatonbogl\u00e1ron, Balatonszemesen, Balatonm\u00e1riaf\u00fcrd\u0151n, Fony\u00f3don, Balatonkereszt\u00faron, Balatonsz\u00e1rsz\u00f3n, Balaton\u0151sz\u00f6d\u00f6n, Sz\u00e1nt\u00f3don \u00e9s Balatonf\u00f6ldv\u00e1ron is.<\/p>\n<p>Si\u00f3fokon p\u00e9ld\u00e1ul az Aranyparti \u00e9s az Ez\u00fcstparti szabadstrand, valamint az \u00dajhelyi strand is a legismertebb ingyenes lehet\u0151s\u00e9gek k\u00f6z\u00e9 tartozik. Zam\u00e1rdiban a Nagystrand, a Jegenye t\u00e9ri, a T\u00e1ncsics utcai, a Klapka utcai, valamint a Gy\u00f6ngyvir\u00e1g \u00e9s Pipacs utcai szabadstrand is j\u00f3 v\u00e1laszt\u00e1s lehet azoknak, akik bel\u00e9p\u0151 n\u00e9lk\u00fcl strandoln\u00e1nak.<\/p>\n<p><strong>Az \u00e9szaki parton kevesebb az ingyenes f\u00fcrd\u0151hely, de itt sem lehetetlen bel\u00e9p\u0151 n\u00e9lk\u00fcli balatoni strandot tal\u00e1lni<\/strong>. Tihanyban a G\u00f6dr\u00f6si \u00e9s a Somosi szabadstrand, \u00d6rv\u00e9nyesen a Plat\u00e1n szabadstrand, Balatonkenes\u00e9n az Als\u00f3r\u00e9ti szabadstrand, Balatonakaratty\u00e1n pedig a Gumir\u00e1dli szabadstrand tartozik az ismert ingyenes lehet\u0151s\u00e9gek k\u00f6z\u00e9.<\/p>\n<h2>Mikor indul a strandszezon 2026-ban?<\/h2>\n<p>Mint arr\u00f3l <a href=\"https:\/\/www.startlap.hu\/utazas\/a-hetvegen-indul-a-strandszezon-mutatjuk-az-arakat-es-a-nyitasi-idopontokat\/\" target=\"_blank\" rel=\"noopener\">besz\u00e1moltunk<\/a>, a balatoni szabadstrandok nyitva vannak, a fizet\u0151sek m\u00e1jus m\u00e1sodik fel\u00e9ben, illetve j\u00faniusban nyitnak, t\u00f6bbs\u00e9g\u00fck addig szabadstrandk\u00e9nt haszn\u00e1lhat\u00f3. A f\u00fcrd\u0151z\u0151k a bel\u00e9p\u0151\u00e1rak m\u00e9rs\u00e9kelt emelked\u00e9s\u00e9re sz\u00e1m\u00edtsanak.<\/p>\n<div class=\"o-widget m-readMoreWidget -readMore u-shortDecorLineAfter row widget-container _ce_measure_widget bigdata-widget read-more\" data-ce-measure-widget=\"olvass tov\u00e1bb\">\n\t<div class=\"m-readMoreWidget__imgWrapper image-wrapper col-12 col-md-4 no-p\">\n\t\t<a class=\"m-readMoreWidget__imgLink\" href=\"https:\/\/www.startlap.hu\/utazas\/fertod-cziraky-margit-rozsakert-nyitas-2026-magyarorszag-rozsakertek\/\" >\n\t\t\t<img decoding=\"async\" src=\"https:\/\/www.startlap.hu\/utazas\/uploads\/sites\/3\/2026\/05\/cziraky-margit-rozsakert2-350x285.jpg\" class=\"m-readMoreWidget__img\">\n\t\t<\/a>\n\t<\/div>\n\t<div class=\"m-readMoreWidget__titleWrapper title-wrapper col-12 col-md-8\">\n\t\t<span class=\"m-readMoreWidget__titleLabel u-shortDecorLineBefore label hidden-sm-up\">Ez is \u00e9rdekelhet:<\/span>\n\t\t<h3 class=\"m-readMoreWidget__title title\">\n\t\t\t<a class=\"m-readMoreWidget__titleLink -secondFont u-bold u-upperCase\" href=\"https:\/\/www.startlap.hu\/utazas\/fertod-cziraky-margit-rozsakert-nyitas-2026-magyarorszag-rozsakertek\/\" >Megvan, mikor nyit az orsz\u00e1g legszebb r\u00f3zsakertje &#8211; \u00e9s mutatunk m\u00e9g 4 helysz\u00ednt, ahol t\u00f6bb ezer vir\u00e1g k\u00f6z\u00f6tt s\u00e9t\u00e1lhatsz<\/a>\n\t\t<\/h3>\n\t\t<a class=\"m-readMoreWidget__btn -coloredBack u-tC link\" href=\"https:\/\/www.startlap.hu\/utazas\/fertod-cziraky-margit-rozsakert-nyitas-2026-magyarorszag-rozsakertek\/\" >Elolvasom<\/a>\n\t<\/div>\n<\/div>\n","protected":false},"excerpt":{"rendered":"<p>\u00dajabb balatoni partszakaszon lehet majd bel\u00e9p\u0151 n\u00e9lk\u00fcl f\u00fcrdeni: Keszthelyen m\u00e1jus elsej\u00e9t\u0151l mindenki el\u0151tt megny\u00edlt a Helikon strand. Mutatjuk, hol v\u00e1rnak m\u00e9g szabadstrandok a Balatonn\u00e1l.<\/p>\n","protected":false},"author":45,"featured_media":106677,"comment_status":"closed","ping_status":"closed","sticky":false,"template":"","format":"standard","meta":{"footnotes":""},"categories":[7],"tags":[279,8065,86,2083],"class_list":["post-106673","post","type-post","status-publish","format-standard","has-post-thumbnail","hentry","category-belfold-utazas","tag-balaton","tag-belfoldi-tavak","tag-strand","tag-szabadstrand"],"aioseo_notices":[],"_links":{"self":[{"href":"https:\/\/www.startlap.hu\/utazas\/wp-json\/wp\/v2\/posts\/106673","targetHints":{"allow":["GET"]}}],"collection":[{"href":"https:\/\/www.startlap.hu\/utazas\/wp-json\/wp\/v2\/posts"}],"about":[{"href":"https:\/\/www.startlap.hu\/utazas\/wp-json\/wp\/v2\/types\/post"}],"author":[{"embeddable":true,"href":"https:\/\/www.startlap.hu\/utazas\/wp-json\/wp\/v2\/users\/45"}],"replies":[{"embeddable":true,"href":"https:\/\/www.startlap.hu\/utazas\/wp-json\/wp\/v2\/comments?post=106673"}],"version-history":[{"count":4,"href":"https:\/\/www.startlap.hu\/utazas\/wp-json\/wp\/v2\/posts\/106673\/revisions"}],"predecessor-version":[{"id":106678,"href":"https:\/\/www.startlap.hu\/utazas\/wp-json\/wp\/v2\/posts\/106673\/revisions\/106678"}],"wp:featuredmedia":[{"embeddable":true,"href":"https:\/\/www.startlap.hu\/utazas\/wp-json\/wp\/v2\/media\/106677"}],"wp:attachment":[{"href":"https:\/\/www.startlap.hu\/utazas\/wp-json\/wp\/v2\/media?parent=106673"}],"wp:term":[{"taxonomy":"category","embeddable":true,"href":"https:\/\/www.startlap.hu\/utazas\/wp-json\/wp\/v2\/categories?post=106673"},{"taxonomy":"post_tag","embeddable":true,"href":"https:\/\/www.startlap.hu\/utazas\/wp-json\/wp\/v2\/tags?post=106673"}],"curies":[{"name":"wp","href":"https:\/\/api.w.org\/{rel}","templated":true}]}}