{"id":106664,"date":"2026-05-03T10:18:41","date_gmt":"2026-05-03T08:18:41","guid":{"rendered":"https:\/\/www.startlap.hu\/utazas\/?p=106664"},"modified":"2026-05-03T11:01:03","modified_gmt":"2026-05-03T09:01:03","slug":"fertod-cziraky-margit-rozsakert-nyitas-2026-magyarorszag-rozsakertek","status":"publish","type":"post","link":"https:\/\/www.startlap.hu\/utazas\/fertod-cziraky-margit-rozsakert-nyitas-2026-magyarorszag-rozsakertek\/","title":{"rendered":"Megvan, mikor nyit az orsz\u00e1g legszebb r\u00f3zsakertje &#8211; \u00e9s mutatunk m\u00e9g 4 helysz\u00ednt, ahol t\u00f6bb ezer vir\u00e1g k\u00f6z\u00f6tt s\u00e9t\u00e1lhatsz"},"content":{"rendered":"<p>A <strong><a href=\"https:\/\/www.startlap.hu\/utazas\/fertodi-esterhazy-kastely-rozsahaz\/\" target=\"_blank\" rel=\"noopener\">Czir\u00e1ky Margit R\u00f3zsakert<\/a><\/strong> nem egyszer\u0171 vir\u00e1goskert, hanem Eszterh\u00e1za egyik legk\u00fcl\u00f6nlegesebb t\u00f6rt\u00e9neti kertje. <strong>A kert 13 000 n\u00e9gyzetm\u00e9teren ter\u00fcl el, \u00e9s k\u00f6zel 8000 r\u00f3zsabokor v\u00e1rja benne a l\u00e1togat\u00f3kat<\/strong>. A k\u00f6zponti pavilont\u00f3l n\u00e9gy ir\u00e1nyba indul\u00f3, 200 m\u00e9ter hossz\u00fa r\u00f3zsalugas a vir\u00e1gz\u00e1s idej\u00e9n a kast\u00e9lypark egyik legl\u00e1tv\u00e1nyosabb helysz\u00edn\u00e9v\u00e9 v\u00e1lik.<\/p>\n\n\t<div id=\"cegPostCnt_1\" class=\"o-cegPostCnt -inContent\" data-title=\"Megvan, mikor nyit az orsz\u00e1g legszebb r\u00f3zsakertje &#8211; \u00e9s mutatunk m\u00e9g 4 helysz\u00ednt, ahol t\u00f6bb ezer vir\u00e1g k\u00f6z\u00f6tt s\u00e9t\u00e1lhatsz\">\n\t\t<a class=\"o-cegPostCnt__opener m-cegOpener _ce_measure_widget _ce_measure_link\" data-ce-measure-widget=\"gallery-open\"\n   href=\"?gallery=1\/1\/cziraky-margit-rozsakert\">\n\t<img decoding=\"async\" src=\"https:\/\/www.startlap.hu\/utazas\/uploads\/sites\/3\/2026\/05\/cziraky-margit-rozsakert.jpg\" class=\"m-cegOpener__image\" alt=\"Vir\u00e1gz\u00f3 r\u00f3zs\u00e1k a fert\u0151di Esterh\u00e1zy-kast\u00e9ly Czir\u00e1ky Margit R\u00f3zsakertj\u00e9ben 2023 m\u00e1jus\u00e1ban.\" sizes=\"(max-width: 991px) 100vw, (max-width: 1039px) 66vw, 684px\" srcset=\"https:\/\/www.startlap.hu\/utazas\/uploads\/sites\/3\/2026\/05\/cziraky-margit-rozsakert.jpg 2400w, https:\/\/www.startlap.hu\/utazas\/uploads\/sites\/3\/2026\/05\/cziraky-margit-rozsakert-1536x906.jpg 1536w, https:\/\/www.startlap.hu\/utazas\/uploads\/sites\/3\/2026\/05\/cziraky-margit-rozsakert-2048x1207.jpg 2048w, https:\/\/www.startlap.hu\/utazas\/uploads\/sites\/3\/2026\/05\/cziraky-margit-rozsakert-755x445.jpg 755w, https:\/\/www.startlap.hu\/utazas\/uploads\/sites\/3\/2026\/05\/cziraky-margit-rozsakert-594x350.jpg 594w\" \/>\t<div class=\"m-cegOpener__btn\"><i class=\"far fa-clone\"><\/i><\/div>\n<\/a>\n<div class=\"o-cegPostCnt__layer m-cegLayer _ce_measure_widget\" data-ce-measure-widget=\"gallery-layer\" style=\"display: none\">\n\t<div class=\"m-cegLayer__top m-cegHeader _ce_measure_widget\" data-ce-measure-widget=\"gallery-header\">\n\t\t\t\t\t<span class=\"m-cegHeader__logo\"><span class=\"a-cegLogo\"><\/span><\/span>\n\t\t\t\t<div class=\"m-cegHeader__imgCnt\">\n\t\t\t<img decoding=\"async\" src=\"https:\/\/www.startlap.hu\/utazas\/uploads\/sites\/3\/2026\/05\/cziraky-margit-rozsakert.jpg\" class=\"m-cegHeader__imgOpener\" alt=\"Vir\u00e1gz\u00f3 r\u00f3zs\u00e1k a fert\u0151di Esterh\u00e1zy-kast\u00e9ly Czir\u00e1ky Margit R\u00f3zsakertj\u00e9ben 2023 m\u00e1jus\u00e1ban.\" \/>\t\t<\/div>\n\t\t<h2 class=\"m-cegHeader__title a-cegGalleryTitle\"><i class=\"fa fa-angle-left\"><\/i>Megvan, mikor nyit az orsz\u00e1g legszebb r\u00f3zsakertje &#8211; \u00e9s mutatunk m\u00e9g 4 helysz\u00ednt, ahol t\u00f6bb ezer vir\u00e1g k\u00f6z\u00f6tt s\u00e9t\u00e1lhatsz<\/h2>\n\t\t<div class=\"m-cegHeader__pagination a-cegPagination\"><\/div>\n\t\t<div class=\"m-cegHeader__closeBtn close-button nlc-icon-close _ce_measure_link _ce_measure_widget\" data-ce-measure-widget=\"gallery-close-btn\"><i class=\"fa fa-times\" aria-hidden=\"true\"><\/i><\/div>\n\t<\/div>\n\t<div class=\"m-cegLayer__screen\">\n\t\t<div class=\"m-cegLayer__carousel m-cegCarousel\">\n\t\t\t\t\t\t\t\n\t\t\t\t<div\n\t\t\t\t\tclass=\"m-cegCarousel__item\"\n\t\t\t\t\tdata-type=\"image\"\n\t\t\t\t\tdata-id=\"1\/1\/cziraky-margit-rozsakert\"\n\t\t\t\t\tdata-image-url=\"https:\/\/www.startlap.hu\/utazas\/uploads\/sites\/3\/2026\/05\/cziraky-margit-rozsakert.jpg\"\n\t\t\t\t\tdata-title=\"cziraky-margit-rozsakert\"\n\t\t\t\t\tdata-desc=\" Vir\u00e1gz\u00f3 r\u00f3zs\u00e1k a fert\u0151di Esterh\u00e1zy-kast\u00e9ly Czir\u00e1ky Margit R\u00f3zsakertj\u00e9ben 2023 m\u00e1jus\u00e1ban. Fot\u00f3: MTI\/Filep Istv\u00e1n\">\n\n\t\t\t\t\t<!-- image -->\n\t\t\t\t\t<div class=\"m-cegCarousel__floatingCnt\">\n\t\t\t\t\t\t<img decoding=\"async\" src=\"https:\/\/www.startlap.hu\/utazas\/uploads\/sites\/3\/2026\/05\/cziraky-margit-rozsakert.jpg\" class=\"m-cegCarousel__image\" alt=\"Vir\u00e1gz\u00f3 r\u00f3zs\u00e1k a fert\u0151di Esterh\u00e1zy-kast\u00e9ly Czir\u00e1ky Margit R\u00f3zsakertj\u00e9ben 2023 m\u00e1jus\u00e1ban.\" \/>\t\t\t\t\t\t<span class=\"fa m-cegCarousel__zoom _ce_measure_link _ce_measure_widget\" data-ce-measure-widget=\"gallery-zoom-btn\"><\/span>\n\t\t\t\t\t<\/div>\n\n\t\t\t\t\t<!-- thumb icon \/ counter, caption  -->\n\t\t\t\t\t<div class=\"m-cegCarousel__captionCnt m-cegCaption\">\n\t\t\t\t\t\t<span class=\"m-cegCaption__thumbIcon a-cegThumbIcon _ce_measure_widget _ce_measure_link\"\n\t\t\t\t\t\t\t  data-ce-measure-widget=\"thumbnails-btn\"\n\t\t\t\t\t\t\t  data-ce-measure-widget=\"gallery-thumbnails\"><i class=\" fa fa-th-large\"><\/i><\/span>\n\t\t\t\t\t\t<span class=\"m-cegCaption__pagination a-cegPagination\">\n\t\t\t\t\t\t\t<span class=\"a-cegPagination__current\">1<\/span>\/5\t\t\t\t\t\t<\/span>\n\t\t\t\t\t\t<span class=\"m-cegCaption__caption\">cziraky-margit-rozsakert<\/span>\n\t\t\t\t\t<\/div>\n\n\t\t\t\t\t<!-- Image description -->\n\t\t\t\t\t<div class=\"m-cegCarousel__desc a-cegDesc\"> Vir\u00e1gz\u00f3 r\u00f3zs\u00e1k a fert\u0151di Esterh\u00e1zy-kast\u00e9ly Czir\u00e1ky Margit R\u00f3zsakertj\u00e9ben 2023 m\u00e1jus\u00e1ban. Fot\u00f3: MTI\/Filep Istv\u00e1n<\/div>\n\n\t\t\t\t\t<!-- Image social share icons -->\n\t\t\t\t\t<div class=\"m-cegCarousel__socialCnt m-cegSocial\">\n\t\t\t\t\t\t<span class=\"m-cegSocial__text\">Fot\u00f3 megoszt\u00e1sa:<\/span><span class=\"m-cegSocial__iconWrap\"><span class=\"m-cegSocial__icon -facebook _ce_measure_link _ce_measure_widget\" data-ce-measure-widget=\"facebookGallery-btn\"><i class=\"fab fa-facebook-f\"><\/i><\/span><span class=\"m-cegSocial__icon -pinterest _ce_measure_link _ce_measure_widget\" data-ce-measure-widget=\"printeresGallery-btn\"><i class=\"fab fa-pinterest-p\"><\/i><\/span><span class=\"m-cegSocial__icon -email _ce_measure_link _ce_measure_widget\" data-ce-measure-widget=\"emailGallery-btn\"><i class=\"far fa-envelope\"><\/i><\/span><span class=\"m-cegSocial__icon -clipboard _ce_measure_link _ce_measure_widget\" data-ce-measure-widget=\"clipboardGallery-btn\"><i class=\"fa fa-link\"><\/i><\/span><\/span>\t\t\t\t\t<\/div>\n\t\t\t\t<\/div>\n\t\t\t\t\t\t\t\n\t\t\t\t<div\n\t\t\t\t\tclass=\"m-cegCarousel__item\"\n\t\t\t\t\tdata-type=\"image\"\n\t\t\t\t\tdata-id=\"1\/2\/cziraky-margit-rozsakert3\"\n\t\t\t\t\tdata-image-url=\"https:\/\/www.startlap.hu\/utazas\/uploads\/sites\/3\/2026\/05\/cziraky-margit-rozsakert3.jpg\"\n\t\t\t\t\tdata-title=\"cziraky-margit-rozsakert3\"\n\t\t\t\t\tdata-desc=\" Vir\u00e1gz\u00f3 r\u00f3zs\u00e1k a fert\u0151di Esterh\u00e1zy-kast\u00e9ly Czir\u00e1ky Margit R\u00f3zsakertj\u00e9ben 2023 m\u00e1jus\u00e1ban. Fot\u00f3: MTI\/Filep Istv\u00e1n\">\n\n\t\t\t\t\t<!-- image -->\n\t\t\t\t\t<div class=\"m-cegCarousel__floatingCnt\">\n\t\t\t\t\t\t<img decoding=\"async\" src=\"https:\/\/www.startlap.hu\/utazas\/uploads\/sites\/3\/2026\/05\/cziraky-margit-rozsakert3.jpg\" class=\"m-cegCarousel__image\" alt=\"Vir\u00e1gz\u00f3 r\u00f3zs\u00e1k a fert\u0151di Esterh\u00e1zy-kast\u00e9ly Czir\u00e1ky Margit R\u00f3zsakertj\u00e9ben 2023 m\u00e1jus\u00e1ban.\" \/>\t\t\t\t\t\t<span class=\"fa m-cegCarousel__zoom _ce_measure_link _ce_measure_widget\" data-ce-measure-widget=\"gallery-zoom-btn\"><\/span>\n\t\t\t\t\t<\/div>\n\n\t\t\t\t\t<!-- thumb icon \/ counter, caption  -->\n\t\t\t\t\t<div class=\"m-cegCarousel__captionCnt m-cegCaption\">\n\t\t\t\t\t\t<span class=\"m-cegCaption__thumbIcon a-cegThumbIcon _ce_measure_widget _ce_measure_link\"\n\t\t\t\t\t\t\t  data-ce-measure-widget=\"thumbnails-btn\"\n\t\t\t\t\t\t\t  data-ce-measure-widget=\"gallery-thumbnails\"><i class=\" fa fa-th-large\"><\/i><\/span>\n\t\t\t\t\t\t<span class=\"m-cegCaption__pagination a-cegPagination\">\n\t\t\t\t\t\t\t<span class=\"a-cegPagination__current\">2<\/span>\/5\t\t\t\t\t\t<\/span>\n\t\t\t\t\t\t<span class=\"m-cegCaption__caption\">cziraky-margit-rozsakert3<\/span>\n\t\t\t\t\t<\/div>\n\n\t\t\t\t\t<!-- Image description -->\n\t\t\t\t\t<div class=\"m-cegCarousel__desc a-cegDesc\"> Vir\u00e1gz\u00f3 r\u00f3zs\u00e1k a fert\u0151di Esterh\u00e1zy-kast\u00e9ly Czir\u00e1ky Margit R\u00f3zsakertj\u00e9ben 2023 m\u00e1jus\u00e1ban. Fot\u00f3: MTI\/Filep Istv\u00e1n<\/div>\n\n\t\t\t\t\t<!-- Image social share icons -->\n\t\t\t\t\t<div class=\"m-cegCarousel__socialCnt m-cegSocial\">\n\t\t\t\t\t\t<span class=\"m-cegSocial__text\">Fot\u00f3 megoszt\u00e1sa:<\/span><span class=\"m-cegSocial__iconWrap\"><span class=\"m-cegSocial__icon -facebook _ce_measure_link _ce_measure_widget\" data-ce-measure-widget=\"facebookGallery-btn\"><i class=\"fab fa-facebook-f\"><\/i><\/span><span class=\"m-cegSocial__icon -pinterest _ce_measure_link _ce_measure_widget\" data-ce-measure-widget=\"printeresGallery-btn\"><i class=\"fab fa-pinterest-p\"><\/i><\/span><span class=\"m-cegSocial__icon -email _ce_measure_link _ce_measure_widget\" data-ce-measure-widget=\"emailGallery-btn\"><i class=\"far fa-envelope\"><\/i><\/span><span class=\"m-cegSocial__icon -clipboard _ce_measure_link _ce_measure_widget\" data-ce-measure-widget=\"clipboardGallery-btn\"><i class=\"fa fa-link\"><\/i><\/span><\/span>\t\t\t\t\t<\/div>\n\t\t\t\t<\/div>\n\t\t\t\t\t\t\t\n\t\t\t\t<div\n\t\t\t\t\tclass=\"m-cegCarousel__item\"\n\t\t\t\t\tdata-type=\"image\"\n\t\t\t\t\tdata-id=\"1\/3\/cziraky-margit-rozsakert2\"\n\t\t\t\t\tdata-image-url=\"https:\/\/www.startlap.hu\/utazas\/uploads\/sites\/3\/2026\/05\/cziraky-margit-rozsakert2.jpg\"\n\t\t\t\t\tdata-title=\"cziraky-margit-rozsakert2\"\n\t\t\t\t\tdata-desc=\"Vir\u00e1gzik a r\u00f3zsa a fert\u0151di Esterh\u00e1zy-kast\u00e9ly Czir\u00e1ky Margit R\u00f3zsakertj\u00e9ben 2022. m\u00e1jus\u00e1ban. Fot\u00f3: MTI\/Filep Istv\u00e1n\n\">\n\n\t\t\t\t\t<!-- image -->\n\t\t\t\t\t<div class=\"m-cegCarousel__floatingCnt\">\n\t\t\t\t\t\t<img decoding=\"async\" src=\"https:\/\/www.startlap.hu\/utazas\/uploads\/sites\/3\/2026\/05\/cziraky-margit-rozsakert2.jpg\" class=\"m-cegCarousel__image\" alt=\"\" \/>\t\t\t\t\t\t<span class=\"fa m-cegCarousel__zoom _ce_measure_link _ce_measure_widget\" data-ce-measure-widget=\"gallery-zoom-btn\"><\/span>\n\t\t\t\t\t<\/div>\n\n\t\t\t\t\t<!-- thumb icon \/ counter, caption  -->\n\t\t\t\t\t<div class=\"m-cegCarousel__captionCnt m-cegCaption\">\n\t\t\t\t\t\t<span class=\"m-cegCaption__thumbIcon a-cegThumbIcon _ce_measure_widget _ce_measure_link\"\n\t\t\t\t\t\t\t  data-ce-measure-widget=\"thumbnails-btn\"\n\t\t\t\t\t\t\t  data-ce-measure-widget=\"gallery-thumbnails\"><i class=\" fa fa-th-large\"><\/i><\/span>\n\t\t\t\t\t\t<span class=\"m-cegCaption__pagination a-cegPagination\">\n\t\t\t\t\t\t\t<span class=\"a-cegPagination__current\">3<\/span>\/5\t\t\t\t\t\t<\/span>\n\t\t\t\t\t\t<span class=\"m-cegCaption__caption\">cziraky-margit-rozsakert2<\/span>\n\t\t\t\t\t<\/div>\n\n\t\t\t\t\t<!-- Image description -->\n\t\t\t\t\t<div class=\"m-cegCarousel__desc a-cegDesc\">Vir\u00e1gzik a r\u00f3zsa a fert\u0151di Esterh\u00e1zy-kast\u00e9ly Czir\u00e1ky Margit R\u00f3zsakertj\u00e9ben 2022. m\u00e1jus\u00e1ban. Fot\u00f3: MTI\/Filep Istv\u00e1n\n<\/div>\n\n\t\t\t\t\t<!-- Image social share icons -->\n\t\t\t\t\t<div class=\"m-cegCarousel__socialCnt m-cegSocial\">\n\t\t\t\t\t\t<span class=\"m-cegSocial__text\">Fot\u00f3 megoszt\u00e1sa:<\/span><span class=\"m-cegSocial__iconWrap\"><span class=\"m-cegSocial__icon -facebook _ce_measure_link _ce_measure_widget\" data-ce-measure-widget=\"facebookGallery-btn\"><i class=\"fab fa-facebook-f\"><\/i><\/span><span class=\"m-cegSocial__icon -pinterest _ce_measure_link _ce_measure_widget\" data-ce-measure-widget=\"printeresGallery-btn\"><i class=\"fab fa-pinterest-p\"><\/i><\/span><span class=\"m-cegSocial__icon -email _ce_measure_link _ce_measure_widget\" data-ce-measure-widget=\"emailGallery-btn\"><i class=\"far fa-envelope\"><\/i><\/span><span class=\"m-cegSocial__icon -clipboard _ce_measure_link _ce_measure_widget\" data-ce-measure-widget=\"clipboardGallery-btn\"><i class=\"fa fa-link\"><\/i><\/span><\/span>\t\t\t\t\t<\/div>\n\t\t\t\t<\/div>\n\t\t\t\t\t\t\t\t\t\t\t\t<div\n\t\t\t\t\t\tclass=\"m-cegCarousel__item -banner\"\n\t\t\t\t\t\tdata-type=\"banner\"\n\t\t\t\t\t\tdata-id=\"1\/4\/banner\"\n\t\t\t\t\t\tdata-image-url=\"\"\n\t\t\t\t\t\tdata-title=\"\"\n\t\t\t\t\t\tdata-desc=\"\">\n\n\t\t\t\t\t\t<div class=\"m-cegCarousel__floatingCnt banner-container gallery-content010\"><\/div>\n\n\t\t\t\t\t<\/div>\n\t\t\t\t\t\t\t\t\t\n\t\t\t\t<div\n\t\t\t\t\tclass=\"m-cegCarousel__item\"\n\t\t\t\t\tdata-type=\"image\"\n\t\t\t\t\tdata-id=\"1\/5\/cziraky-margit-rozsakert4\"\n\t\t\t\t\tdata-image-url=\"https:\/\/www.startlap.hu\/utazas\/uploads\/sites\/3\/2026\/05\/cziraky-margit-rozsakert4.jpg\"\n\t\t\t\t\tdata-title=\"cziraky-margit-rozsakert4\"\n\t\t\t\t\tdata-desc=\"\">\n\n\t\t\t\t\t<!-- image -->\n\t\t\t\t\t<div class=\"m-cegCarousel__floatingCnt\">\n\t\t\t\t\t\t<img decoding=\"async\" src=\"https:\/\/www.startlap.hu\/utazas\/uploads\/sites\/3\/2026\/05\/cziraky-margit-rozsakert4.jpg\" class=\"m-cegCarousel__image\" alt=\"\" \/>\t\t\t\t\t\t<span class=\"fa m-cegCarousel__zoom _ce_measure_link _ce_measure_widget\" data-ce-measure-widget=\"gallery-zoom-btn\"><\/span>\n\t\t\t\t\t<\/div>\n\n\t\t\t\t\t<!-- thumb icon \/ counter, caption  -->\n\t\t\t\t\t<div class=\"m-cegCarousel__captionCnt m-cegCaption\">\n\t\t\t\t\t\t<span class=\"m-cegCaption__thumbIcon a-cegThumbIcon _ce_measure_widget _ce_measure_link\"\n\t\t\t\t\t\t\t  data-ce-measure-widget=\"thumbnails-btn\"\n\t\t\t\t\t\t\t  data-ce-measure-widget=\"gallery-thumbnails\"><i class=\" fa fa-th-large\"><\/i><\/span>\n\t\t\t\t\t\t<span class=\"m-cegCaption__pagination a-cegPagination\">\n\t\t\t\t\t\t\t<span class=\"a-cegPagination__current\">5<\/span>\/5\t\t\t\t\t\t<\/span>\n\t\t\t\t\t\t<span class=\"m-cegCaption__caption\">cziraky-margit-rozsakert4<\/span>\n\t\t\t\t\t<\/div>\n\n\t\t\t\t\t<!-- Image description -->\n\t\t\t\t\t<div class=\"m-cegCarousel__desc a-cegDesc\"><\/div>\n\n\t\t\t\t\t<!-- Image social share icons -->\n\t\t\t\t\t<div class=\"m-cegCarousel__socialCnt m-cegSocial\">\n\t\t\t\t\t\t<span class=\"m-cegSocial__text\">Fot\u00f3 megoszt\u00e1sa:<\/span><span class=\"m-cegSocial__iconWrap\"><span class=\"m-cegSocial__icon -facebook _ce_measure_link _ce_measure_widget\" data-ce-measure-widget=\"facebookGallery-btn\"><i class=\"fab fa-facebook-f\"><\/i><\/span><span class=\"m-cegSocial__icon -pinterest _ce_measure_link _ce_measure_widget\" data-ce-measure-widget=\"printeresGallery-btn\"><i class=\"fab fa-pinterest-p\"><\/i><\/span><span class=\"m-cegSocial__icon -email _ce_measure_link _ce_measure_widget\" data-ce-measure-widget=\"emailGallery-btn\"><i class=\"far fa-envelope\"><\/i><\/span><span class=\"m-cegSocial__icon -clipboard _ce_measure_link _ce_measure_widget\" data-ce-measure-widget=\"clipboardGallery-btn\"><i class=\"fa fa-link\"><\/i><\/span><\/span>\t\t\t\t\t<\/div>\n\t\t\t\t<\/div>\n\t\t\t\t\t\t\t\t<\/div>\n\t\t<div class=\"m-cegLayer__thumbnails m-cegThumbList _ce_measure_widget\" data-ce-measure-widget=\"gallery-thumb-list\">\n\t\t\t\t\t\t\t\t\t\t\t<div class=\"m-cegThumbList__item\"\n\t\t\t\t\tdata-id=\"1\/1\/cziraky-margit-rozsakert\"\n\t\t\t\t\tdata-index=\"0\">\n\t\t\t\t\t<img decoding=\"async\" src=\"https:\/\/www.startlap.hu\/utazas\/uploads\/sites\/3\/2026\/05\/cziraky-margit-rozsakert.jpg\" class=\"m-cegThumbList__image _ce_measure_link\" alt=\"Vir\u00e1gz\u00f3 r\u00f3zs\u00e1k a fert\u0151di Esterh\u00e1zy-kast\u00e9ly Czir\u00e1ky Margit R\u00f3zsakertj\u00e9ben 2023 m\u00e1jus\u00e1ban.\" \/>\t\t\t\t<\/div>\n\t\t\t\t\t\t\t\t\t\t\t<div class=\"m-cegThumbList__item\"\n\t\t\t\t\tdata-id=\"1\/2\/cziraky-margit-rozsakert3\"\n\t\t\t\t\tdata-index=\"1\">\n\t\t\t\t\t<img decoding=\"async\" src=\"https:\/\/www.startlap.hu\/utazas\/uploads\/sites\/3\/2026\/05\/cziraky-margit-rozsakert3.jpg\" class=\"m-cegThumbList__image _ce_measure_link\" alt=\"Vir\u00e1gz\u00f3 r\u00f3zs\u00e1k a fert\u0151di Esterh\u00e1zy-kast\u00e9ly Czir\u00e1ky Margit R\u00f3zsakertj\u00e9ben 2023 m\u00e1jus\u00e1ban.\" \/>\t\t\t\t<\/div>\n\t\t\t\t\t\t\t\t\t\t\t<div class=\"m-cegThumbList__item\"\n\t\t\t\t\tdata-id=\"1\/3\/cziraky-margit-rozsakert2\"\n\t\t\t\t\tdata-index=\"2\">\n\t\t\t\t\t<img decoding=\"async\" src=\"https:\/\/www.startlap.hu\/utazas\/uploads\/sites\/3\/2026\/05\/cziraky-margit-rozsakert2.jpg\" class=\"m-cegThumbList__image _ce_measure_link\" alt=\"\" \/>\t\t\t\t<\/div>\n\t\t\t\t\t\t\t\t\t\t\t\t\t\t\t<div class=\"m-cegThumbList__item\"\n\t\t\t\t\tdata-id=\"1\/5\/cziraky-margit-rozsakert4\"\n\t\t\t\t\tdata-index=\"4\">\n\t\t\t\t\t<img decoding=\"async\" src=\"https:\/\/www.startlap.hu\/utazas\/uploads\/sites\/3\/2026\/05\/cziraky-margit-rozsakert4.jpg\" class=\"m-cegThumbList__image _ce_measure_link\" alt=\"\" \/>\t\t\t\t<\/div>\n\t\t\t\t\t<\/div>\n\t<\/div>\n\t<div class=\"m-cegLayer__sidebar m-cegSidebar _ce_measure_widget\" data-ce-measure-widget=\"gallery-sidebar\">\n\n\t\t<div class=\"m-cegSidebar__desc a-cegDesc _ce_measure_widget\" data-ce-measure-widget=\"gallery-desc\"><\/div>\n\n\t\t<div class=\"m-cegSidebar__socialCnt m-cegSocial -sidebar _ce_measure_widget\" data-ce-measure-widget=\"gallery-social\">\n\t\t\t<span class=\"m-cegSocial__text\">Fot\u00f3 megoszt\u00e1sa:<\/span><span class=\"m-cegSocial__iconWrap\"><span class=\"m-cegSocial__icon -facebook _ce_measure_link _ce_measure_widget\" data-ce-measure-widget=\"facebookGallery-btn\"><i class=\"fab fa-facebook-f\"><\/i><\/span><span class=\"m-cegSocial__icon -pinterest _ce_measure_link _ce_measure_widget\" data-ce-measure-widget=\"printeresGallery-btn\"><i class=\"fab fa-pinterest-p\"><\/i><\/span><span class=\"m-cegSocial__icon -email _ce_measure_link _ce_measure_widget\" data-ce-measure-widget=\"emailGallery-btn\"><i class=\"far fa-envelope\"><\/i><\/span><span class=\"m-cegSocial__icon -clipboard _ce_measure_link _ce_measure_widget\" data-ce-measure-widget=\"clipboardGallery-btn\"><i class=\"fa fa-link\"><\/i><\/span><\/span>\t\t<\/div>\n\n\t\t<div class=\"gallery-right010 banner-container\"><\/div>\n\t\t<div class=\"gallery-right020 banner-container\"><\/div>\n\n\t<\/div>\n<\/div>\n\t<\/div>\n\n\t<script>\n\t\tjQuery(function () {\n\t\t\tvar id = '#cegPostCnt_1';\n\t\t\tjQuery( id ).articleGallery({\n\t\t\t\tonChanged: function (event) {\n\t\t\t\t\t\tthis.renderSidebarCTS( 'gallery-right010' );\n\t\t\t\t\t\tthis.renderSidebarCTS( 'gallery-right020' );\n\t\t\t\t\t\tthis.renderBannerSlideCTS(  event,\n\t\t\t\t\t\t\t\t\t\t\t\t\t[\n\t\t\t\t\t\t\t\t\t\t\t\t\t\t'gallery-content010',\n\t\t\t\t\t\t\t\t\t\t\t\t\t\t'gallery-content020',\n\t\t\t\t\t\t\t\t\t\t\t\t\t\t'gallery-content030'\n\t\t\t\t\t\t\t\t\t\t\t\t\t]);\n\t\t\t\t}\n\t\t\t});\n\t\t});\n\t<\/script>\t\n<p>A kert hangulat\u00e1t egyszerre adja a <strong><a href=\"https:\/\/www.startlap.hu\/utazas\/kastely_tata_edeleny_nadasdladany_travellina\/\" target=\"_blank\" rel=\"noopener\">kast\u00e9ly<\/a><\/strong> eleganci\u00e1ja, a r\u00e9gi arisztokrata kertkult\u00fara eml\u00e9ke \u00e9s a r\u00f3zs\u00e1k illata. Tavasszal el\u0151bb csak n\u00e9h\u00e1ny korai vir\u00e1g jelenik meg, majd napr\u00f3l napra egyre t\u00f6bb bokor borul vir\u00e1gba. <strong>A legszebb l\u00e1tv\u00e1ny m\u00e1r m\u00e1jusban kibontakozhat, de \u00e1ltal\u00e1ban a h\u00f3nap v\u00e9g\u00e9t\u0151l, j\u00faniusban v\u00e1rhat\u00f3<\/strong> &#8211; ugyanakkor a pontos vir\u00e1gz\u00e1s mindig az id\u0151j\u00e1r\u00e1st\u00f3l f\u00fcgg.<\/p>\n<blockquote class=\"article__extraTxt\"><p>A kert 2026. m\u00e1jus 8-\u00e1n nyitja meg kapuit a l\u00e1togat\u00f3k el\u0151tt.<\/p><\/blockquote>\n<p>A nyit\u00f3napon k\u00fcl\u00f6n programmal is k\u00e9sz\u00fclnek: 14:00 \u00e9s 17:00 \u00f3ra k\u00f6z\u00f6tt porcel\u00e1nfest\u00e9sen lehet r\u00e9szt venni, regisztr\u00e1ci\u00f3 mellett &#8211; \u00edrja a <strong><a href=\"https:\/\/csodalatosmagyarorszag.hu\/hirek\/itthon\/majus-8-an-nyilik-a-cziraky-margit-rozsakert-fertodon\/\" target=\"_blank\" target=\"_blank\" rel=\"noopener\">csodalatosmagyarorszag.hu<\/a><\/strong>.<\/p>\n<p>A r\u00f3zsakert n\u00e9vad\u00f3ja Czir\u00e1ky Margit gr\u00f3fn\u0151, Esterh\u00e1zy IV. Mikl\u00f3s herceg feles\u00e9ge volt. A kert kialak\u00edt\u00e1sa a hercegi p\u00e1rhoz k\u00f6t\u0151dik: 1902-ben kezdt\u00e9k meg a munk\u00e1latokat, \u00e9s 1908-ra k\u00e9sz\u00fclt el a kast\u00e9lypark egyik legromantikusabb r\u00e9sze. <strong>A r\u00f3zsakertet 2015-ben \u00e1ll\u00edtott\u00e1k helyre korabeli f\u00e9nyk\u00e9pek \u00e9s le\u00edr\u00e1sok alapj\u00e1n<\/strong>, \u00edgy ma ism\u00e9t azt az eleg\u00e1ns, bens\u0151s\u00e9ges vil\u00e1got id\u00e9zi, amelyet Czir\u00e1ky Margit meg\u00e1lmodott.<\/p>\n<h2>Keresik az \u00c9v R\u00f3zs\u00e1j\u00e1t<\/h2>\n<p>A 2026-os nyit\u00e1shoz k\u00fcl\u00f6n j\u00e1t\u00e9k is kapcsol\u00f3dik: az Esterh\u00e1zy-kast\u00e9ly k\u00f6z\u00f6ns\u00e9gszavaz\u00e1son keresi a Czir\u00e1ky Margit R\u00f3zsakert idei legszebb vir\u00e1g\u00e1t. <strong>H\u00e1rom r\u00f3zsafajta versenyez a c\u00edm\u00e9rt<\/strong>.<\/p>\n<p>A jel\u00f6ltek k\u00f6z\u00f6tt szerepel a <strong>Crimson Rambler<\/strong>, amely k\u00fcl\u00f6n\u00f6sen fontos t\u00f6rt\u00e9neti fajta, hiszen m\u00e1r az eredeti r\u00f3zsakertben is jelen volt. M\u00e9ly bord\u00f3 sz\u00edne \u00e9s illatos vir\u00e1gai miatt a kert m\u00faltj\u00e1t kapcsolja \u00f6ssze a mai l\u00e1togat\u00f3i \u00e9lm\u00e9nnyel. A <strong>Juli\u00e1nus bar\u00e1t feh\u00e9r bokorr\u00f3zsa<\/strong> csillagszer\u0171 vir\u00e1gform\u00e1j\u00e1val t\u0171nik ki, m\u00edg a <strong>Grande Amore<\/strong> nagy, m\u00e9lyv\u00f6r\u00f6s vir\u00e1gaival ad dr\u00e1mai, eleg\u00e1ns l\u00e1tv\u00e1nyt.<\/p>\n<p>A k\u00f6z\u00f6ns\u00e9g m\u00e1jus 5. \u00e9jf\u00e9lig szavazhat az Esterh\u00e1zy-kast\u00e9ly <strong><a href=\"https:\/\/www.facebook.com\/fertod.esterhazykastely\/posts\/pfbid02dzkhNeLceKcjx2d95iHGAHBihXGszC1eE2qL1Ech7THMW9bJDQdTA7jzWKpAxTjml\" target=\"_blank\" target=\"_blank\" rel=\"noopener\">Facebook-oldal\u00e1n<\/a><\/strong>, \u00edgy a nyit\u00e1s el\u0151tt kider\u00fclhet, melyik fajta lesz 2026-ban az \u00c9v R\u00f3zs\u00e1ja.<\/p>\n<h2>A Czir\u00e1ky Margit R\u00f3zsakert jegy\u00e1rai 2026-ban<\/h2>\n<p>A feln\u0151tt jegy \u00e1ra 1500 forint, a di\u00e1k- \u00e9s nyugd\u00edjasjegy 750 forintba ker\u00fcl, m\u00edg a csal\u00e1di bel\u00e9p\u0151\u00e9rt &#8211; amely k\u00e9t feln\u0151ttre \u00e9s 18 \u00e9v alatti gyermekekre \u00e9rv\u00e9nyes &#8211; 3000 forintot kell fizetni. A 6 \u00e9v alatti gyerekek \u00e9s a 70 \u00e9v feletti l\u00e1togat\u00f3k ingyenesen l\u00e9phetnek be a r\u00f3zsakertbe. A helyi lakosok, valamint a Velux-kedvezm\u00e9nyre jogosultak 1000 forintos bel\u00e9p\u0151vel l\u00e1togathatj\u00e1k a kertet.<\/p>\n<p>&nbsp;Az alap bel\u00e9p\u0151 a r\u00f3zsakert l\u00e1togat\u00e1s\u00e1ra vonatkozik, az egyes k\u00eds\u00e9r\u0151programoknak azonban k\u00fcl\u00f6n r\u00e9szv\u00e9teli d\u00edja lehet.<\/p>\n<h2>Hol vannak m\u00e9g r\u00f3zsakertek az orsz\u00e1gban?<\/h2>\n<p>A fert\u0151di r\u00f3zsakert \u00f6nmag\u00e1ban is meg\u00e9r egy kir\u00e1ndul\u00e1st, de 2026-ban t\u00f6bb m\u00e1s magyarorsz\u00e1gi helysz\u00ednen is k\u00fcl\u00f6nleges r\u00f3zs\u00e1s s\u00e9t\u00e1ra indulhatunk.<\/p>\n<h2>Budat\u00e9t\u00e9nyi R\u00f3zsakert, Budapest<\/h2>\n<p>A Budat\u00e9t\u00e9nyi R\u00f3zsakert a f\u0151v\u00e1ros egyik legszebb vir\u00e1gos d\u00edszparkja \u00e9s tudom\u00e1nyos gy\u0171jtem\u00e9nye. A 2,5 hekt\u00e1ros kertben mintegy 9000 r\u00f3zsat\u0151 tal\u00e1lhat\u00f3, a r\u00f3zs\u00e1k f\u0151vir\u00e1gz\u00e1sa pedig jellemz\u0151en j\u00fanius els\u0151 k\u00e9t het\u00e9re esik. <strong>A kert ingyenesen l\u00e1togathat\u00f3, s\u00f6t\u00e9ted\u00e9sig fogadja az \u00e9rdekl\u0151d\u0151ket<\/strong>.<\/p>\n<p>2026-ban k\u00fcl\u00f6n program is kapcsol\u00f3dik a vir\u00e1gz\u00e1shoz: a <a href=\"https:\/\/klauzalhaz.hu\/esemeny\/budatetenyi-rozsafesztival\/2026-06-06\/\" target=\"_blank\" target=\"_blank\" rel=\"noopener\">Budat\u00e9t\u00e9nyi R\u00f3zsafesztiv\u00e1lt<\/a> j\u00fanius 6-7-\u00e9n rendezik meg. A kert l\u00e1togat\u00e1sa ekkor is ingyenes, de egyes programok, p\u00e9ld\u00e1ul a vezetett s\u00e9t\u00e1k vagy bemutat\u00f3k jegyk\u00f6telesek.<\/p>\n<h2>V\u00e1rosligeti R\u00f3zsakert, Budapest<\/h2>\n<p>Aki Budapesten keres k\u00f6nnyen el\u00e9rhet\u0151, romantikus r\u00f3zs\u00e1s helysz\u00ednt, annak a Millennium H\u00e1za melletti <a href=\"https:\/\/millenniumhaza.hu\/rolunk\/rozsakert\" target=\"_blank\" target=\"_blank\" rel=\"noopener\">V\u00e1rosligeti R\u00f3zsakert<\/a> is j\u00f3 v\u00e1laszt\u00e1s lehet. A parkrehabilit\u00e1ci\u00f3 sor\u00e1n kialak\u00edtott kertben 1500 t\u0151 r\u00f3zsa \u00e9s r\u00f3zsalugas id\u00e9zi meg Budapest aranykor\u00e1nak hangulat\u00e1t.<\/p>\n<p>Ez nem akkora gy\u0171jtem\u00e9ny, mint Budat\u00e9t\u00e9ny vagy Fert\u0151d, de v\u00e1rosi s\u00e9t\u00e1hoz, fot\u00f3z\u00e1shoz, k\u00f6nnyed h\u00e9tv\u00e9gi programhoz kifejezetten hangulatos \u00fati c\u00e9l.<\/p>\n<h2>Si\u00f3foki R\u00f3zsakert<\/h2>\n<p>A <strong><a href=\"https:\/\/www.startlap.hu\/utazas\/balaton-legjobb-helyek-latnivalok\/\" target=\"_blank\" rel=\"noopener\">Balaton-parton<\/a><\/strong> is tal\u00e1lunk r\u00f3zs\u00e1s kir\u00e1ndul\u00f3helyet: a <strong><a href=\"https:\/\/siofok.hu\/latnivalok\/siofok-latnivalok\/rozsakert-2\" target=\"_blank\" target=\"_blank\" rel=\"noopener\">si\u00f3foki kik\u00f6t\u0151 R\u00f3zsakertj\u00e9t<\/a><\/strong> m\u00e9g az 1930-as \u00e9vekben alak\u00edtott\u00e1k ki, majd 2022-ben teljes k\u00f6r\u0171en fel\u00faj\u00edtott\u00e1k. A meg\u00fajult parkban 6000 t\u0151 r\u00f3zs\u00e1t telep\u00edtettek, emellett \u00faj r\u00f3zsafuttat\u00f3 pergol\u00e1k, friss gyepfel\u00fcletek \u00e9s mocs\u00e1ri ciprusok is sz\u00ednes\u00edtik a k\u00f6rnyezetet.<\/p>\n<p>A helysz\u00edn nagy el\u0151nye, hogy k\u00f6zvetlen\u00fcl a Balaton-parti s\u00e9ta\u00fat \u00e9s a kik\u00f6t\u0151 k\u00f6zel\u00e9ben tal\u00e1lhat\u00f3, \u00edgy k\u00f6nnyen \u00f6sszek\u00f6thet\u0151 egy si\u00f3foki v\u00e1rosn\u00e9z\u00e9ssel, fagyiz\u00e1ssal vagy t\u00f3parti s\u00e9t\u00e1val.<\/p>\n<h2>SZTE F\u00fcv\u00e9szkert, Szeged<\/h2>\n<p><strong><a href=\"https:\/\/www.startlap.hu\/utazas\/szeged-latnivalok-dom-zsinagoga-fotok-2023\/\" target=\"_blank\" rel=\"noopener\">Szegeden<\/a><\/strong> az SZTE F\u00fcv\u00e9szkert<strong><a href=\"https:\/\/www.fuveszkert.u-szeged.hu\/illatozo-rozsakert\/\" target=\"_blank\" target=\"_blank\" rel=\"noopener\"> Illatoz\u00f3 r\u00f3zsakertje<\/a> &nbsp;<\/strong>k\u00edn\u00e1l r\u00f3zs\u00e1s programot. A f\u00fcv\u00e9szkert eg\u00e9sz \u00e9vben v\u00e1ltozatos n\u00f6v\u00e9nygy\u0171jtem\u00e9nyekkel \u00e9s tematikus programokkal v\u00e1rja a l\u00e1togat\u00f3kat, 2026-os programterv\u00fckben pedig ny\u00e1ri vir\u00e1gos esem\u00e9nyek is szerepelnek.<\/p>\n<p>A szegedi helysz\u00edn azoknak lehet j\u00f3 v\u00e1laszt\u00e1s, akik a r\u00f3zs\u00e1kat nem \u00f6n\u00e1ll\u00f3 parkban, hanem egy nagyobb botanikus kert r\u00e9szek\u00e9nt n\u00e9zn\u00e9k meg.<\/p>\n<h2>Mikor \u00e9rdemes r\u00f3zsakertet l\u00e1togatni?<\/h2>\n<p>A r\u00f3zs\u00e1k els\u0151 vir\u00e1gai m\u00e1r m\u00e1jusban megjelenhetnek, de a legt\u00f6bb kertben m\u00e1jus v\u00e9ge \u00e9s j\u00fanius k\u00f6zepe hozza a legl\u00e1tv\u00e1nyosabb id\u0151szakot. Budat\u00e9t\u00e9nyben p\u00e9ld\u00e1ul a f\u0151vir\u00e1gz\u00e1s jellemz\u0151en j\u00fanius els\u0151 k\u00e9t het\u00e9re esik, Fert\u0151d\u00f6n pedig a m\u00e1jus 8-i nyit\u00e1s a szezon kezdet\u00e9t jelzi, nem felt\u00e9tlen\u00fcl a teljes vir\u00e1gpomp\u00e1t.<\/p>\n<div class=\"o-widget m-readMoreWidget -readMore u-shortDecorLineAfter row widget-container _ce_measure_widget bigdata-widget read-more\" data-ce-measure-widget=\"olvass tov\u00e1bb\">\n\t<div class=\"m-readMoreWidget__imgWrapper image-wrapper col-12 col-md-4 no-p\">\n\t\t<a class=\"m-readMoreWidget__imgLink\" href=\"https:\/\/www.startlap.hu\/utazas\/legszebb-arboretum-botanikus-kert-magyarorszag\/\" >\n\t\t\t<img decoding=\"async\" src=\"https:\/\/www.startlap.hu\/utazas\/uploads\/sites\/3\/2026\/04\/cseresznye-3-350x285.jpg\" class=\"m-readMoreWidget__img\">\n\t\t<\/a>\n\t<\/div>\n\t<div class=\"m-readMoreWidget__titleWrapper title-wrapper col-12 col-md-8\">\n\t\t<span class=\"m-readMoreWidget__titleLabel u-shortDecorLineBefore label hidden-sm-up\">Ez is \u00e9rdekelhet:<\/span>\n\t\t<h3 class=\"m-readMoreWidget__title title\">\n\t\t\t<a class=\"m-readMoreWidget__titleLink -secondFont u-bold u-upperCase\" href=\"https:\/\/www.startlap.hu\/utazas\/legszebb-arboretum-botanikus-kert-magyarorszag\/\" >Magyarorsz\u00e1g legszebb arbor\u00e9tumai \u00e9s botanikus kertjei<\/a>\n\t\t<\/h3>\n\t\t<a class=\"m-readMoreWidget__btn -coloredBack u-tC link\" href=\"https:\/\/www.startlap.hu\/utazas\/legszebb-arboretum-botanikus-kert-magyarorszag\/\" >Elolvasom<\/a>\n\t<\/div>\n<\/div>\n","protected":false},"excerpt":{"rendered":"<p>Hamarosan \u00fajra megny\u00edlik Fert\u0151d egyik legl\u00e1tv\u00e1nyosabb helysz\u00edne. A Czir\u00e1ky Margit R\u00f3zsakert m\u00e1jusban kezdi a szezont, de nem ez az egyetlen magyarorsz\u00e1gi hely, ahol 2026-ban \u00e9rdemes r\u00f3zs\u00e1k k\u00f6z\u00f6tt s\u00e9t\u00e1lni.<\/p>\n","protected":false},"author":45,"featured_media":106667,"comment_status":"closed","ping_status":"closed","sticky":false,"template":"","format":"standard","meta":{"footnotes":""},"categories":[7],"tags":[1503,1198,4802,5111],"class_list":["post-106664","post","type-post","status-publish","format-standard","has-post-thumbnail","hentry","category-belfold-utazas","tag-arboretum","tag-fertod","tag-fertodi-esterhazy-kastely","tag-rozsa"],"aioseo_notices":[],"_links":{"self":[{"href":"https:\/\/www.startlap.hu\/utazas\/wp-json\/wp\/v2\/posts\/106664","targetHints":{"allow":["GET"]}}],"collection":[{"href":"https:\/\/www.startlap.hu\/utazas\/wp-json\/wp\/v2\/posts"}],"about":[{"href":"https:\/\/www.startlap.hu\/utazas\/wp-json\/wp\/v2\/types\/post"}],"author":[{"embeddable":true,"href":"https:\/\/www.startlap.hu\/utazas\/wp-json\/wp\/v2\/users\/45"}],"replies":[{"embeddable":true,"href":"https:\/\/www.startlap.hu\/utazas\/wp-json\/wp\/v2\/comments?post=106664"}],"version-history":[{"count":4,"href":"https:\/\/www.startlap.hu\/utazas\/wp-json\/wp\/v2\/posts\/106664\/revisions"}],"predecessor-version":[{"id":106672,"href":"https:\/\/www.startlap.hu\/utazas\/wp-json\/wp\/v2\/posts\/106664\/revisions\/106672"}],"wp:featuredmedia":[{"embeddable":true,"href":"https:\/\/www.startlap.hu\/utazas\/wp-json\/wp\/v2\/media\/106667"}],"wp:attachment":[{"href":"https:\/\/www.startlap.hu\/utazas\/wp-json\/wp\/v2\/media?parent=106664"}],"wp:term":[{"taxonomy":"category","embeddable":true,"href":"https:\/\/www.startlap.hu\/utazas\/wp-json\/wp\/v2\/categories?post=106664"},{"taxonomy":"post_tag","embeddable":true,"href":"https:\/\/www.startlap.hu\/utazas\/wp-json\/wp\/v2\/tags?post=106664"}],"curies":[{"name":"wp","href":"https:\/\/api.w.org\/{rel}","templated":true}]}}