{"id":106646,"date":"2026-05-01T12:17:33","date_gmt":"2026-05-01T10:17:33","guid":{"rendered":"https:\/\/www.startlap.hu\/utazas\/?p=106646"},"modified":"2026-05-01T12:15:07","modified_gmt":"2026-05-01T10:15:07","slug":"a-hetvegen-indul-a-strandszezon-mutatjuk-az-arakat-es-a-nyitasi-idopontokat","status":"publish","type":"post","link":"https:\/\/www.startlap.hu\/utazas\/a-hetvegen-indul-a-strandszezon-mutatjuk-az-arakat-es-a-nyitasi-idopontokat\/","title":{"rendered":"A h\u00e9tv\u00e9g\u00e9n indul a strandszezon: mutatjuk az \u00e1rakat \u00e9s a nyit\u00e1si id\u0151pontokat"},"content":{"rendered":"<p>A f\u0151v\u00e1rosban a<strong> Budapest Gy\u00f3gyf\u00fcrd\u0151i \u00e9s H\u00e9vizei Zrt. (BGYH) f\u00fcrd\u0151i \u00e9vek \u00f3ta az id\u0151j\u00e1r\u00e1s alapj\u00e1n m\u00e9rlegelve nyitj\u00e1k a strandmedenc\u00e9ket, strandokat &#8211; \u00e1prilis v\u00e9g\u00e9t\u0151l j\u00fanius k\u00f6zep\u00e9ig<\/strong>. \u00c1prilis v\u00e9g\u00e9re a Pask\u00e1l f\u00fcrd\u0151ben leker\u00fcl a s\u00e1tor az \u00fasz\u00f3medenc\u00e9r\u0151l, v\u00e1rhat\u00f3an a h\u00f3nap utols\u00f3 h\u00e9tv\u00e9g\u00e9j\u00e9n a Palatinuson a t\u00e9liek mellett m\u00e1r a Margar\u00e9ta-medenc\u00e9t, m\u00e1jus k\u00f6zep\u00e9t\u0151l az \u00e9lm\u00e9ny- \u00e9s a gyerekmedenc\u00e9ket, majd m\u00e1jus v\u00e9g\u00e9t\u0151l a t\u00f6bbi medenc\u00e9t is haszn\u00e1lhatj\u00e1k a vend\u00e9gek. Csillaghegyt\u0151l Pesterzs\u00e9betig j\u00fanius k\u00f6zep\u00e9t\u0151l \u00fczemelik be a hull\u00e1mmedenc\u00e9ket \u00e9s a cs\u00faszd\u00e1kat. Ekkor nyit a csak ny\u00e1ron m\u0171k\u00f6d\u0151 R\u00f3mai \u00e9s P\u00fcnk\u00f6sdf\u00fcrd\u0151i Strand, <strong>j\u00fanius 20-\u00e1n rendezik a hagyom\u00e1nyos strandszezonnyit\u00f3t, ez\u00fattal Csillaghegyen<\/strong>.<\/p>\n<blockquote class=\"article__extraTxt\"><p>A bel\u00e9p\u0151k \u00e1tlagosan 5-8 sz\u00e1zal\u00e9kkal dr\u00e1gulnak<\/p><\/blockquote>\n<p>&#8211; der\u00fclt ki az MTI orsz\u00e1gos k\u00f6rk\u00e9rd\u00e9s\u00e9re adott v\u00e1laszokb\u00f3l.<\/p>\n<figure id=\"attachment_106647\" aria-describedby=\"caption-attachment-106647\" style=\"width: 755px\" class=\"wp-caption alignnone\"><img loading=\"lazy\" decoding=\"async\" class=\"size-article-size-large-image wp-image-106647\" src=\"https:\/\/www.startlap.hu\/utazas\/uploads\/sites\/3\/2026\/05\/strand-uszomedence-755x503.jpg\" alt=\"Kisl\u00e1ny mosolyog egy medence partj\u00e1n bikiniben\" width=\"755\" height=\"503\" srcset=\"https:\/\/www.startlap.hu\/utazas\/uploads\/sites\/3\/2026\/05\/strand-uszomedence-755x503.jpg 755w, https:\/\/www.startlap.hu\/utazas\/uploads\/sites\/3\/2026\/05\/strand-uszomedence-1536x1024.jpg 1536w, https:\/\/www.startlap.hu\/utazas\/uploads\/sites\/3\/2026\/05\/strand-uszomedence-2048x1365.jpg 2048w, https:\/\/www.startlap.hu\/utazas\/uploads\/sites\/3\/2026\/05\/strand-uszomedence-525x350.jpg 525w\" sizes=\"auto, (max-width: 755px) 100vw, 755px\" \/><figcaption id=\"caption-attachment-106647\" class=\"wp-caption-text\">Egyes strandok m\u00e1r any\u00e1k napj\u00e1n is nyitva tartanak. (Fot\u00f3: Getty Images)<\/figcaption><\/figure>\n<h2>A Balatonon sok helyen m\u00e1r kihelyezt\u00e9k a bej\u00e1r\u00f3kat<\/h2>\n<blockquote class=\"article__extraTxt\"><p>A balatoni szabadstrandok nyitva vannak, a fizet\u0151sek m\u00e1jus m\u00e1sodik fel\u00e9ben, illetve j\u00faniusban nyitnak, t\u00f6bbs\u00e9g\u00fck addig szabadstrandk\u00e9nt haszn\u00e1lhat\u00f3.<\/p><\/blockquote>\n<p><strong>Si\u00f3fok fizet\u0151s strandjaira m\u00e1jus 21-t\u0151l kell bel\u00e9p\u0151t venni<\/strong>, az <strong>\u00e1rak \u00e1tlagosan 10-15 sz\u00e1zal\u00e9kkal emelkedtek<\/strong>, de n\u0151 a helyi lakosok kedvezm\u00e9nye is 25-r\u0151l 50 sz\u00e1zal\u00e9kra. A balatontipp.hu tavaly ny\u00e1ri k\u00f6rk\u00e9pe szerint egy feln\u0151tt napi bel\u00e9p\u0151 \u00e1tlagosan 1680 forintba ker\u00fclt 2025-ben. A legdr\u00e1g\u00e1bbak &#8211; k\u00f6zt\u00fck a si\u00f3foki, a csopaki, a balatonf\u00fcredi, \u00e9s a balatonalm\u00e1di &#8211; 2200-2600 forintba ker\u00fcltek. Idei \u00fajdons\u00e1g, hogy<strong> ingyenes lesz a keszthelyi Helikon strand<\/strong>.<\/p>\n<h2>A Velencei-t\u00f3n\u00e1l is a h\u00e9tv\u00e9g\u00e9n indul a szezon<\/h2>\n<p>Fej\u00e9r kiemelt turisztikai desztin\u00e1ci\u00f3ja a Velencei-t\u00f3.<\/p>\n<blockquote class=\"article__extraTxt\"><p>A T\u00f3party Strandon m\u00e1jus 1-j\u00e9n indul a szezon, az \u00e1rak nem emelkednek: a feln\u0151tt napijegy 1570, h\u00e9tv\u00e9g\u00e9n 1780 forint, helyi lakosoknak 940 forint.<\/p><\/blockquote>\n<p>Sz\u00e9kesfeh\u00e9rv\u00e1ron, a Csit\u00e1ry G. Emil Uszoda \u00e9s Strandf\u00fcrd\u0151 j\u00fanius 13-\u00e1n nyit, az \u00e1rak az infl\u00e1ci\u00f3t k\u00f6vetve n\u0151nek, egy feln\u0151tt jegy \u00e1ra 3200 forint lesz. A meg\u00fajult duna\u00fajv\u00e1rosi szabadstrand a Szalki-szigeten j\u00fanius 15-t\u0151l l\u00e1togathat\u00f3.<\/p>\n<h2>T\u00f6bb vid\u00e9ki helysz\u00ednen jellemz\u0151en k\u00e9s\u0151bb nyitnak a f\u00fcrd\u0151k \u00e9s strandok<\/h2>\n<p><strong>Szombathelyen a T\u00f3f\u00fcrd\u0151<\/strong> v\u00e1rhat\u00f3an j\u00fanius k\u00f6zep\u00e9n nyit, az idei \u00e1remel\u00e9sr\u0151l m\u00e9g nem adtak t\u00e1j\u00e9koztat\u00e1st. A <strong>b\u00fcki gy\u00f3gyf\u00fcrd\u0151ben<\/strong> a strandszezon kezdet\u00e9t a p\u00fcnk\u00f6sdi hossz\u00fa h\u00e9tv\u00e9g\u00e9re id\u0151z\u00edtik, a jegy\u00e1rak h\u00e1rom \u00e9vig nem v\u00e1ltoztak, az id\u00e9n 8 sz\u00e1zal\u00e9kkal emelkednek.<\/p>\n<p>A <strong>Zalakarosi F\u00fcrd\u0151ben<\/strong> m\u00e1jus elsej\u00e9t\u0151l fokozatosan, r\u00e9szlegesen ny\u00edlnak meg a k\u00fclt\u00e9ri medenc\u00e9k. A t\u00f6bb \u00e9ven \u00e1t v\u00e1ltozatlan jegy\u00e1rakat tavaly decemberben 6,4 sz\u00e1zal\u00e9kkal emelt\u00e9k.<\/p>\n<p><strong>Gy\u0151r-Moson-Sopronban<\/strong> a <strong>Lip\u00f3ti Term\u00e1l- \u00e9s \u00c9lm\u00e9nyf\u00fcrd\u0151<\/strong> m\u00e1jus 16-\u00e1n, a <strong>T\u00f3malom-f\u00fcrd\u0151<\/strong> m\u00e1jus 1-j\u00e9n nyit. Az ut\u00f3bbi a h\u00f3nap v\u00e9g\u00e9ig ingyenesen l\u00e1togathat\u00f3, de addig a v\u00edziment\u0151 szolg\u00e1lat m\u00e9g nem m\u0171k\u00f6dik. A<strong> L\u0151v\u00e9r strand<\/strong> a tervek szerint j\u00fanius 15-\u00e9n ny\u00edlik, m\u00edg <strong>a gy\u0151ri Aranypart I. \u00e9s II. szabadstrandok<\/strong> j\u00fanius 1-j\u00e9t\u0151l v\u00e1rj\u00e1k a l\u00e1togat\u00f3kat.<\/p>\n<p><strong>Barany\u00e1ban<\/strong> jellemz\u0151en a p\u00fcnk\u00f6sdi h\u00e9tv\u00e9g\u00e9n nyitnak a strandok, amelyek k\u00f6z\u00fcl nyolc k\u00edn\u00e1l \u00e9lm\u00e9nyelemeket.<\/p>\n<blockquote class=\"article__extraTxt\"><p>A Hark\u00e1nyi Gy\u00f3gyf\u00fcrd\u0151 strandja m\u00e1jus 21-t\u0151l fogad vend\u00e9geket, a napijegy feln\u0151tteknek 5400 forint.<\/p><\/blockquote>\n<p>A<strong> sikl\u00f3si f\u00fcrd\u0151<\/strong> k\u00fclt\u00e9ri r\u00e9sze m\u00e1jus 22-\u00e9n nyit, a bel\u00e9p\u0151k \u00e1ra 3000 \u00e9s 6200 forint k\u00f6z\u00f6tt mozog.<\/p>\n<p><strong>Somogyban<\/strong> a strandok t\u00f6bbs\u00e9ge j\u00fanius els\u0151 fel\u00e9ben nyit. Az<strong> Igali-Gy\u00f3gyf\u00fcrd\u0151\u00e9<\/strong> m\u00e1jus k\u00f6zep\u00e9t\u0151l, a<strong> Nagyat\u00e1di F\u00fcrd\u0151k\u00e9<\/strong> m\u00e1jus 30-\u00e1t\u00f3l \u00fczemel. A <strong>Barcsi Gy\u00f3gyf\u00fcrd\u0151 \u00e9s Rekre\u00e1ci\u00f3s K\u00f6zpontban<\/strong> a szezon\u00e1lis medenc\u00e9ket j\u00fanius 1-j\u00e9n, a<strong> Marcali V\u00e1rosi Gy\u00f3gyf\u00fcrd\u0151 \u00e9s Szabadid\u0151k\u00f6zpontban<\/strong> j\u00fanius 6-\u00e1n nyitj\u00e1k. A <strong>kaposv\u00e1ri Vir\u00e1gf\u00fcrd\u0151<\/strong> ki\u00fasz\u00f3medenc\u00e9je m\u00e1jus 1-j\u00e9t\u0151l, a strandf\u00fcrd\u0151 teljes eg\u00e9sze j\u00fanius k\u00f6zep\u00e9t\u0151l lesz haszn\u00e1lhat\u00f3. A feln\u0151tt bel\u00e9p\u0151k \u00e1ra 3000 \u00e9s 4600 forint k\u00f6z\u00f6tt alakul. A <strong>gy\u00e9k\u00e9nyesi Kotr\u00f3 t\u00f3<\/strong> szabadstrandja j\u00fanius 15-\u00e9t\u0151l v\u00e1rja a vend\u00e9geket.<\/p>\n<p><strong>Kom\u00e1rom-Esztergomban<\/strong> m\u00e1jus 22-t\u0151l lehet a kom\u00e1romi<strong> Brigetio Gy\u00f3gyf\u00fcrd\u0151ben<\/strong> strandolni, a feln\u0151tt jegy 3700 forint. A v\u00e1rmegye egyetlen f\u00fcrd\u0151z\u00e9sre alkalmas tava, a <strong>Gr\u00f3fi-t\u00f3<\/strong> m\u00e1jus elej\u00e9t\u0151l el\u00e9rhet\u0151 a<strong> tatai F\u00e9nyes-f\u00fcrd\u0151n<\/strong>, j\u00fanius 19-\u00e9n nyit a l\u00e9tes\u00edtm\u00e9ny eg\u00e9sze.<\/p>\n<p><strong>J\u00e1sz-Nagykun-Szolnokba<\/strong>n a<strong> j\u00e1szszentandr\u00e1si strand<\/strong> m\u00e1r \u00e1prilis 27-\u00e9n megnyitott. M\u00e1jus 1-t\u0151l haszn\u00e1lhat\u00f3 a strand <strong>Cserkesz\u0151l\u0151n<\/strong>, <strong>Berekf\u00fcrd\u0151n<\/strong>, <strong>T\u00farkev\u00e9n<\/strong>, <strong>Tiszaf\u00f6ldv\u00e1ron<\/strong> \u00e9s <strong>Karcagon<\/strong>. <strong>Kis\u00fajsz\u00e1ll\u00e1son<\/strong> a f\u00fcrd\u0151ben j\u00fanius elej\u00e9t\u0151l m\u0171k\u00f6dnek a k\u00fclt\u00e9ri medenc\u00e9k. A<strong> T\u00f6r\u00f6kszentmikl\u00f3si V\u00e1rosi Strandf\u00fcrd\u0151<\/strong> m\u00e1jus 23-\u00e1n nyit. J\u00fanius 19-\u00e9n <strong>Szolnokon<\/strong> megnyitj\u00e1k a teljesen meg\u00fajult <strong>Tiszaligeti Strandf\u00fcrd\u0151t,<\/strong> amelynek fel\u00faj\u00edt\u00e1sa h\u00e9t \u00e9vvel ezel\u0151tt kezd\u0151d\u00f6tt.<\/p>\n<p>A n\u00f3gr\u00e1di <strong>Salg\u00f3tarj\u00e1nban<\/strong> a <strong>V\u00e1rosi Strandf\u00fcrd\u0151<\/strong> j\u00fanius 13-t\u00f3l v\u00e1rja a f\u00fcrd\u0151z\u0151ket. <strong>Balassagyarmaton<\/strong> a strand j\u00fanius 20-\u00e1n nyit. <strong>B\u00e1nkon<\/strong> j\u00fanius k\u00f6zep\u00e9n nyitj\u00e1k meg a <strong>T\u00f3-strandot<\/strong>, az id\u0151pont az id\u0151j\u00e1r\u00e1st\u00f3l f\u00fcgg, <strong>P\u00e1szt\u00f3n<\/strong> fel\u00faj\u00edt\u00e1s miatt a strand az idei szezonban z\u00e1rva tart.<\/p>\n<p><strong>B\u00e9k\u00e9s<\/strong> legnagyobb f\u00fcrd\u0151komplexuma a <strong>Gyulai V\u00e1rf\u00fcrd\u0151<\/strong>, itt a k\u00fclt\u00e9ri gyerekparadicsom m\u00e1jus 23-\u00e1n nyit, de egyes medenc\u00e9k csak k\u00e9s\u0151bb. J\u00fanius 20. \u00e9s szeptember 6. k\u00f6z\u00f6tt a feln\u0151tt napijegy 5200 forint. A <strong>b\u00e9k\u00e9scsabai \u00c1rp\u00e1d Gy\u00f3gy- \u00e9s Strandf\u00fcrd\u0151ben<\/strong> a m\u00e1jus 1-t\u0151l haszn\u00e1lhat\u00f3 az \u00f6sszes k\u00fclt\u00e9ri medence, a feln\u0151ttjegy \u00e1ra 3000 forint. Az <strong>orosh\u00e1zi Gyop\u00e1rosf\u00fcrd\u0151 Gy\u00f3gy-, Park- \u00e9s \u00c9lm\u00e9nyf\u00fcrd\u0151ben<\/strong> m\u00e1jus k\u00f6zep\u00e9n nyit a k\u00fclt\u00e9ri r\u00e9sz, nem tudni, hogy v\u00e1ltoznak-e az \u00e1rak.<\/p>\n<p><strong>Csongr\u00e1d-Csan\u00e1dban<\/strong> a <strong>m\u00f3rahalmi Szent Erzs\u00e9bet Gy\u00f3gyf\u00fcrd\u0151ben<\/strong> m\u00e1r rendhagy\u00f3 m\u00f3don a h\u00fasv\u00e9ti hossz\u00fah\u00e9tv\u00e9g\u00e9n elindult a strandszezon. A <strong>mak\u00f3i Hagymatikum<\/strong> k\u00fclt\u00e9ri medenc\u00e9i p\u00fcnk\u00f6sd k\u00f6rny\u00e9k\u00e9n nyitnak, a<strong> szegedi Napf\u00e9nyf\u00fcrd\u0151 Aquapolis<\/strong> k\u00fclt\u00e9ri \u00fasz\u00f3- \u00e9s tanmedenc\u00e9i \u00e1prilis 1-j\u00e9n nyitottak, de a teljes k\u00fclt\u00e9ri \u00e9lm\u00e9nyz\u00f3na m\u00e1jus v\u00e9g\u00e9t\u0151l, j\u00fanius elej\u00e9t\u0151l m\u0171k\u00f6dik majd teljesen. A <strong>szegedi Lapos Beach (Tisza-parti szabadstrand)<\/strong> j\u00faniusban nyit, a v\u00edz\u00e1ll\u00e1s \u00e9s hat\u00f3s\u00e1gi enged\u00e9lyek f\u00fcggv\u00e9ny\u00e9ben, ak\u00e1rcsak a <strong>mak\u00f3i Maros-part<\/strong>.<\/p>\n<div class=\"o-widget m-readMoreWidget -readMore u-shortDecorLineAfter row widget-container _ce_measure_widget bigdata-widget read-more\" data-ce-measure-widget=\"olvass tov\u00e1bb\">\n\t<div class=\"m-readMoreWidget__imgWrapper image-wrapper col-12 col-md-4 no-p\">\n\t\t<a class=\"m-readMoreWidget__imgLink\" href=\"https:\/\/www.startlap.hu\/utazas\/balaton-legjobb-helyek-latnivalok\/\" >\n\t\t\t<img decoding=\"async\" src=\"https:\/\/www.startlap.hu\/utazas\/uploads\/sites\/3\/2026\/04\/tihany-4_11zon-350x285.jpg\" class=\"m-readMoreWidget__img\">\n\t\t<\/a>\n\t<\/div>\n\t<div class=\"m-readMoreWidget__titleWrapper title-wrapper col-12 col-md-8\">\n\t\t<span class=\"m-readMoreWidget__titleLabel u-shortDecorLineBefore label hidden-sm-up\">Ez is \u00e9rdekelhet:<\/span>\n\t\t<h3 class=\"m-readMoreWidget__title title\">\n\t\t\t<a class=\"m-readMoreWidget__titleLink -secondFont u-bold u-upperCase\" href=\"https:\/\/www.startlap.hu\/utazas\/balaton-legjobb-helyek-latnivalok\/\" >A Balaton legjobb helyei egy hossz\u00fa h\u00e9tv\u00e9g\u00e9re<\/a>\n\t\t<\/h3>\n\t\t<a class=\"m-readMoreWidget__btn -coloredBack u-tC link\" href=\"https:\/\/www.startlap.hu\/utazas\/balaton-legjobb-helyek-latnivalok\/\" >Elolvasom<\/a>\n\t<\/div>\n<\/div>\n","protected":false},"excerpt":{"rendered":"<p>Egyes strandok m\u00e1r a h\u00e9tv\u00e9g\u00e9n megnyitnak, a t\u00f6bbs\u00e9g\u00fck pedig a h\u00f3nap m\u00e1sodik fel\u00e9t\u0151l vagy j\u00fanius elej\u00e9t\u0151l v\u00e1rja a l\u00e1togat\u00f3kat. A f\u00fcrd\u0151z\u0151k a bel\u00e9p\u0151\u00e1rak m\u00e9rs\u00e9kelt emelked\u00e9s\u00e9re sz\u00e1m\u00edtsanak.<\/p>\n","protected":false},"author":14,"featured_media":106647,"comment_status":"closed","ping_status":"closed","sticky":false,"template":"","format":"standard","meta":{"footnotes":""},"categories":[7],"tags":[4555,86,4047],"class_list":["post-106646","post","type-post","status-publish","format-standard","has-post-thumbnail","hentry","category-belfold-utazas","tag-nyitvatartas","tag-strand","tag-szezon"],"aioseo_notices":[],"_links":{"self":[{"href":"https:\/\/www.startlap.hu\/utazas\/wp-json\/wp\/v2\/posts\/106646","targetHints":{"allow":["GET"]}}],"collection":[{"href":"https:\/\/www.startlap.hu\/utazas\/wp-json\/wp\/v2\/posts"}],"about":[{"href":"https:\/\/www.startlap.hu\/utazas\/wp-json\/wp\/v2\/types\/post"}],"author":[{"embeddable":true,"href":"https:\/\/www.startlap.hu\/utazas\/wp-json\/wp\/v2\/users\/14"}],"replies":[{"embeddable":true,"href":"https:\/\/www.startlap.hu\/utazas\/wp-json\/wp\/v2\/comments?post=106646"}],"version-history":[{"count":1,"href":"https:\/\/www.startlap.hu\/utazas\/wp-json\/wp\/v2\/posts\/106646\/revisions"}],"predecessor-version":[{"id":106649,"href":"https:\/\/www.startlap.hu\/utazas\/wp-json\/wp\/v2\/posts\/106646\/revisions\/106649"}],"wp:featuredmedia":[{"embeddable":true,"href":"https:\/\/www.startlap.hu\/utazas\/wp-json\/wp\/v2\/media\/106647"}],"wp:attachment":[{"href":"https:\/\/www.startlap.hu\/utazas\/wp-json\/wp\/v2\/media?parent=106646"}],"wp:term":[{"taxonomy":"category","embeddable":true,"href":"https:\/\/www.startlap.hu\/utazas\/wp-json\/wp\/v2\/categories?post=106646"},{"taxonomy":"post_tag","embeddable":true,"href":"https:\/\/www.startlap.hu\/utazas\/wp-json\/wp\/v2\/tags?post=106646"}],"curies":[{"name":"wp","href":"https:\/\/api.w.org\/{rel}","templated":true}]}}