{"id":106630,"date":"2026-04-30T20:39:30","date_gmt":"2026-04-30T18:39:30","guid":{"rendered":"https:\/\/www.startlap.hu\/utazas\/?p=106630"},"modified":"2026-04-30T20:46:20","modified_gmt":"2026-04-30T18:46:20","slug":"nyolceves-kisfiu-nyugtatta-le-az-orjongo-utast-a-repulon","status":"publish","type":"post","link":"https:\/\/www.startlap.hu\/utazas\/nyolceves-kisfiu-nyugtatta-le-az-orjongo-utast-a-repulon\/","title":{"rendered":"Nyolc\u00e9ves kisfi\u00fa nyugtatta le az \u0151rj\u00f6ng\u0151 utast a rep\u00fcl\u0151n"},"content":{"rendered":"<p>Egy salfordi \u00e9desapa, <strong>James Rose<\/strong> \u00e9s nyolc\u00e9ves fia, <strong>Phoenix<\/strong> seg\u00edtett megnyugtatni egy rendbont\u00f3 utast egy <strong>T\u00f6r\u00f6korsz\u00e1gb\u00f3l<\/strong> <strong>Manchesterbe<\/strong> tart\u00f3 <strong>Jet2-j\u00e1raton &#8211; <\/strong>\u00edrta a <a href=\"https:\/\/www.manchestereveningnews.co.uk\/news\/greater-manchester-news\/im-not-hero-lad-dad-33861608\" target=\"_blank\" target=\"_blank\" rel=\"noopener\">Manchester Evening News<\/a>. A g\u00e9p <strong>Izmirb\u0151l<\/strong> indult \u00e1prilis 24-\u00e9n, p\u00e9nteken, de a felsz\u00e1ll\u00e1s m\u00e1r eleve <a href=\"https:\/\/www.startlap.hu\/utazas\/jarat-keses-torles-repules-gyakori-idopontok\/\" target=\"_blank\" rel=\"noopener\">k\u00e9sett<\/a>, miut\u00e1n k\u00f6r\u00fclbel\u00fcl h\u00fasz utast \u00e1thelyeztek egy m\u00e1sik, t\u00f6r\u00f6lt j\u00e1ratr\u00f3l.<\/p>\n<div class=\"o-widget m-readMoreWidget -readMore u-shortDecorLineAfter row widget-container _ce_measure_widget bigdata-widget read-more\" data-ce-measure-widget=\"olvass tov\u00e1bb\">\n\t<div class=\"m-readMoreWidget__imgWrapper image-wrapper col-12 col-md-4 no-p\">\n\t\t<a class=\"m-readMoreWidget__imgLink\" href=\"https:\/\/www.startlap.hu\/utazas\/lufthansa-kezipoggyas-borond-szolgaltatas\/\" >\n\t\t\t<img decoding=\"async\" src=\"https:\/\/www.startlap.hu\/utazas\/uploads\/sites\/3\/2026\/04\/sorbanallo_repuloter_-350x285.jpg\" class=\"m-readMoreWidget__img\">\n\t\t<\/a>\n\t<\/div>\n\t<div class=\"m-readMoreWidget__titleWrapper title-wrapper col-12 col-md-8\">\n\t\t<span class=\"m-readMoreWidget__titleLabel u-shortDecorLineBefore label hidden-sm-up\">Ez is \u00e9rdekelhet:<\/span>\n\t\t<h3 class=\"m-readMoreWidget__title title\">\n\t\t\t<a class=\"m-readMoreWidget__titleLink -secondFont u-bold u-upperCase\" href=\"https:\/\/www.startlap.hu\/utazas\/lufthansa-kezipoggyas-borond-szolgaltatas\/\" >Eur\u00f3pa egyik legnagyobb l\u00e9git\u00e1rsas\u00e1ga b\u00facs\u00fat int a fed\u00e9lzeti k\u00e9zipoggy\u00e1sznak<\/a>\n\t\t<\/h3>\n\t\t<a class=\"m-readMoreWidget__btn -coloredBack u-tC link\" href=\"https:\/\/www.startlap.hu\/utazas\/lufthansa-kezipoggyas-borond-szolgaltatas\/\" >Elolvasom<\/a>\n\t<\/div>\n<\/div>\n<h2>Apa \u00e9s fia l\u00e9ptek k\u00f6zbe<\/h2>\n<p>A besz\u00e1mol\u00f3k szerint a probl\u00e9m\u00e1s helyzet nagyj\u00e1b\u00f3l f\u00e9l \u00f3r\u00e1val a felsz\u00e1ll\u00e1s ut\u00e1n alakult ki, r\u00f6viddel az els\u0151 italoszt\u00e1st k\u00f6vet\u0151en. Egy n\u0151i turista a <strong>saj\u00e1t maga \u00e1ltal felhozott alkoholt fogyasztotta<\/strong> a fed\u00e9lzeten, amit a szem\u00e9lyzet elvett t\u0151le. <strong>John Henderson<\/strong> besz\u00e1mol\u00f3ja szerint ezut\u00e1n a n\u0151 szitkoz\u00f3dni kezdett, \u00e9s er\u0151szakosan l\u00e9pett fel a szem\u00e9lyzettel szemben.<\/p>\n<figure id=\"attachment_106633\" aria-describedby=\"caption-attachment-106633\" style=\"width: 755px\" class=\"wp-caption alignnone\"><a href=\"https:\/\/www.startlap.hu\/utazas\/uploads\/sites\/3\/2026\/04\/gyerek-repulo-scaled.jpg\"><img loading=\"lazy\" decoding=\"async\" class=\"size-article-size-large-image wp-image-106633\" src=\"https:\/\/www.startlap.hu\/utazas\/uploads\/sites\/3\/2026\/04\/gyerek-repulo-755x503.jpg\" alt=\"Fi\u00fa a rep\u00fcl\u0151g\u00e9p ablak\u00e1ban.\" width=\"755\" height=\"503\" srcset=\"https:\/\/www.startlap.hu\/utazas\/uploads\/sites\/3\/2026\/04\/gyerek-repulo-755x503.jpg 755w, https:\/\/www.startlap.hu\/utazas\/uploads\/sites\/3\/2026\/04\/gyerek-repulo-1536x1024.jpg 1536w, https:\/\/www.startlap.hu\/utazas\/uploads\/sites\/3\/2026\/04\/gyerek-repulo-2048x1365.jpg 2048w, https:\/\/www.startlap.hu\/utazas\/uploads\/sites\/3\/2026\/04\/gyerek-repulo-525x350.jpg 525w\" sizes=\"auto, (max-width: 755px) 100vw, 755px\" \/><\/a><figcaption id=\"caption-attachment-106633\" class=\"wp-caption-text\">A szitkoz\u00f3d\u00f3, alkoholos befoly\u00e1solts\u00e1g alatt \u00e1ll\u00f3 utast a nyolc\u00e9ves Phoenix nyugtatta meg. Fot\u00f3: Getty Images<\/figcaption><\/figure>\n<p>A <a href=\"https:\/\/www.startlap.hu\/utazas\/nem-puszta-udvariassag-ezert-koszonnek-fedelzetre-szallaskor-a-legiutas-kiserok\/\" target=\"_blank\" rel=\"noopener\">l\u00e9giutas-k\u00eds\u00e9r\u0151k<\/a> figyelmeztett\u00e9k az asszonyt, hogy ha nem nyugszik meg, a rep\u00fcl\u0151g\u00e9pet \u00e1tir\u00e1ny\u00edthatj\u00e1k egy m\u00e1sik lesz\u00e1ll\u00f3p\u00e1ly\u00e1ra, mint az eredeti c\u00e9lpont. Ekkor l\u00e9pett k\u00f6zbe <strong>James Rose<\/strong>, <strong>aki megk\u00e9rdezte, besz\u00e9lhet-e a n\u0151vel<\/strong>. A rendbont\u00f3 utast ezut\u00e1n mell\u00e9 \u00fcltett\u00e9k, Rose pedig v\u00e9gig vele maradt, meghallgatta \u00e9s besz\u00e9lt hozz\u00e1. Henderson \u00fagy fogalmazott:<\/p>\n<blockquote><p>Meghallgatta, besz\u00e9lt vele, teljesen k\u00e9zben tartotta a helyzetet.<\/p><\/blockquote>\n<p>A szemtan\u00fak szerint azonban nemcsak az apa, hanem kisfia, Phoenix is kulcsszerepet j\u00e1tszott a helyzet kezel\u00e9s\u00e9ben. Henderson &#8222;abszol\u00fat szuperszt\u00e1rnak&#8221; nevezte a fi\u00fat, aki futballk\u00e1rty\u00e1kat vett el\u0151, besz\u00e9lgetett a n\u0151vel, \u00e9s seg\u00edtett az apj\u00e1nak elterelni a figyelm\u00e9t. A l\u00e9giutas-k\u00eds\u00e9r\u0151k t\u00f6bbsz\u00f6r is k\u00f6sz\u00f6netet mondtak Rose-nak, t\u00f6bbek k\u00f6z\u00f6tt az\u00e9rt, ami\u00e9rt rengeteg p\u00e9nzt sp\u00f3rolt meg a l\u00e9git\u00e1rsas\u00e1gnak.<\/p>\n<h2>A kisfi\u00fa oldotta fel a neh\u00e9z helyzetet<\/h2>\n<p>James Rose k\u00e9s\u0151bb azt mondta, meglepte a t\u00f6rt\u00e9net visszhangja, de <strong>szerinte minden elismer\u00e9s a fi\u00e1t illeti<\/strong>. &#8222;Nem \u00e9n vagyok a h\u0151s&#8221; \u2013 mondta. &#8222;A fiam volt az. Ahogy kezelte a helyzetet, \u00e9s ahogy megnyugtatta a n\u0151t.&#8221; Hozz\u00e1tette: <strong>az utas k\u00e1romkodott<\/strong> \u00e9s s\u00e9rtegette a szem\u00e9lyzetet, a l\u00e9giutas-k\u00eds\u00e9r\u0151 pedig m\u00e1r arr\u00f3l t\u00e1j\u00e9koztatta az utasokat, h\u00edvj\u00e1k a pil\u00f3t\u00e1t, \u00e9s \u00e1tir\u00e1ny\u00edtj\u00e1k a g\u00e9pet. Rose ekkor csak annyit mondott: &#8222;Adn\u00e1nak nekem 30 m\u00e1sodpercet?&#8221;<\/p>\n<p>A n\u0151t v\u00e9g\u00fcl James \u00e9s Phoenix k\u00f6z\u00e9 \u00fcltett\u00e9k, \u00e9s az <strong>apa szerint onnant\u00f3l a fia \u00e1tvette a helyzet kezel\u00e9s\u00e9t<\/strong>.<\/p>\n<blockquote><p>Azt mondta neki: ne kiab\u00e1ljon, ne k\u00e1romkodjon\u2026 mit csin\u00e1lnak a gyerekei?<\/p><\/blockquote>\n<p>\u2013 id\u00e9zte fel. &#8222;A fiam \u00fagy tapadt r\u00e1, mint a ragaszt\u00f3. Valah\u00e1nyszor \u00fajra felh\u00fazta mag\u00e1t, meg\u00e9rintette, \u00e9s azt mondta: gyer\u00fcnk, besz\u00e9ljen velem. Egyszer\u0171en csod\u00e1latos volt l\u00e1tni.&#8221;<\/p>\n<h2>Az\u00f3ta is \u00e9rdekl\u0151dik a hogyl\u00e9te fel\u0151l<\/h2>\n<p>Rose szerint amikor a g\u00e9p lesz\u00e1llt, hatalmas megk\u00f6nnyebb\u00fcl\u00e9st \u00e9reztek, majd taxiba \u00fcltek \u00e9s hazamentek, k\u00fcl\u00f6n\u00f6sebb felhajt\u00e1s n\u00e9lk\u00fcl. Phoenix az\u00f3ta is azt k\u00e9rdezgeti, hogy van a n\u0151.<\/p>\n<p>Apja szerint a fi\u00fa nagyon figyelmes, \u00e9s azt mondta: &#8222;Rem\u00e9lem, az utas megkapja azt a seg\u00edts\u00e9get \u00e9s gondoskod\u00e1st, amire sz\u00fcks\u00e9ge van.&#8221; Rose hozz\u00e1tette: &#8222;Tegnap este, amikor lefek\u00fcdtem, k\u00f6nny sz\u00f6k\u00f6tt a szemembe, mert nem is hiszem, hogy egyed\u00fcl k\u00e9pes lettem volna erre. Szerintem a d\u00f6nt\u0151 t\u00e9nyez\u0151 Phoenix volt. Ha valaki h\u0151s, akkor \u0151 az.&#8221;<\/p>\n<p>Az apa a t\u00f6rt\u00e9ntek kapcs\u00e1n azt mondta, <strong>\u00e9desanyja mindig arra tan\u00edtotta, hogy seg\u00edteni kell m\u00e1sokon<\/strong>, \u00e9s &#8222;j\u00f3 dolog kedvesnek lenni&#8221;. \u00dagy fogalmazott:<\/p>\n<blockquote><p>Ha egyetlen embernek is tudtunk seg\u00edteni, az fantasztikus.<\/p><\/blockquote>\n<p>A manchesteri rend\u0151rs\u00e9g k\u00f6z\u00f6lte, hogy a rend\u0151r\u00f6ket \u00e9rtes\u00edtett\u00e9k az \u00fcgyben, de b\u0171ncselekm\u00e9nyr\u0151l nem \u00e9rkezett bejelent\u00e9s.<\/p>\n<div class=\"o-widget m-readMoreWidget -readMore u-shortDecorLineAfter row widget-container _ce_measure_widget bigdata-widget read-more\" data-ce-measure-widget=\"olvass tov\u00e1bb\">\n\t<div class=\"m-readMoreWidget__imgWrapper image-wrapper col-12 col-md-4 no-p\">\n\t\t<a class=\"m-readMoreWidget__imgLink\" href=\"https:\/\/www.startlap.hu\/utazas\/mount-everest-biztositasi-csalas-mergezes\/\" >\n\t\t\t<img decoding=\"async\" src=\"https:\/\/www.startlap.hu\/utazas\/uploads\/sites\/3\/2026\/04\/mount-everest-350x285.jpg\" class=\"m-readMoreWidget__img\">\n\t\t<\/a>\n\t<\/div>\n\t<div class=\"m-readMoreWidget__titleWrapper title-wrapper col-12 col-md-8\">\n\t\t<span class=\"m-readMoreWidget__titleLabel u-shortDecorLineBefore label hidden-sm-up\">Ez is \u00e9rdekelhet:<\/span>\n\t\t<h3 class=\"m-readMoreWidget__title title\">\n\t\t\t<a class=\"m-readMoreWidget__titleLink -secondFont u-bold u-upperCase\" href=\"https:\/\/www.startlap.hu\/utazas\/mount-everest-biztositasi-csalas-mergezes\/\" >Idegenvezet\u0151k m\u00e9rgezt\u00e9k meg a turist\u00e1kat az Everesten, hogy biztos\u00edt\u00e1si p\u00e9nzeket kapjanak<\/a>\n\t\t<\/h3>\n\t\t<a class=\"m-readMoreWidget__btn -coloredBack u-tC link\" href=\"https:\/\/www.startlap.hu\/utazas\/mount-everest-biztositasi-csalas-mergezes\/\" >Elolvasom<\/a>\n\t<\/div>\n<\/div>\n","protected":false},"excerpt":{"rendered":"<p>A szitkoz\u00f3d\u00f3, agressz\u00edvan fell\u00e9p\u0151 utast egy nyolc\u00e9ves kisfi\u00fa nyugtatta meg a fed\u00e9lzeten: nagy probl\u00e9m\u00e1t siker\u00fclt elker\u00fclni.<\/p>\n","protected":false},"author":63,"featured_media":106633,"comment_status":"closed","ping_status":"closed","sticky":false,"template":"","format":"standard","meta":{"footnotes":""},"categories":[70],"tags":[9056,1849,204],"class_list":["post-106630","post","type-post","status-publish","format-standard","has-post-thumbnail","hentry","category-vilag","tag-gyermek","tag-legi-utas","tag-repules"],"aioseo_notices":[],"_links":{"self":[{"href":"https:\/\/www.startlap.hu\/utazas\/wp-json\/wp\/v2\/posts\/106630","targetHints":{"allow":["GET"]}}],"collection":[{"href":"https:\/\/www.startlap.hu\/utazas\/wp-json\/wp\/v2\/posts"}],"about":[{"href":"https:\/\/www.startlap.hu\/utazas\/wp-json\/wp\/v2\/types\/post"}],"author":[{"embeddable":true,"href":"https:\/\/www.startlap.hu\/utazas\/wp-json\/wp\/v2\/users\/63"}],"replies":[{"embeddable":true,"href":"https:\/\/www.startlap.hu\/utazas\/wp-json\/wp\/v2\/comments?post=106630"}],"version-history":[{"count":5,"href":"https:\/\/www.startlap.hu\/utazas\/wp-json\/wp\/v2\/posts\/106630\/revisions"}],"predecessor-version":[{"id":106638,"href":"https:\/\/www.startlap.hu\/utazas\/wp-json\/wp\/v2\/posts\/106630\/revisions\/106638"}],"wp:featuredmedia":[{"embeddable":true,"href":"https:\/\/www.startlap.hu\/utazas\/wp-json\/wp\/v2\/media\/106633"}],"wp:attachment":[{"href":"https:\/\/www.startlap.hu\/utazas\/wp-json\/wp\/v2\/media?parent=106630"}],"wp:term":[{"taxonomy":"category","embeddable":true,"href":"https:\/\/www.startlap.hu\/utazas\/wp-json\/wp\/v2\/categories?post=106630"},{"taxonomy":"post_tag","embeddable":true,"href":"https:\/\/www.startlap.hu\/utazas\/wp-json\/wp\/v2\/tags?post=106630"}],"curies":[{"name":"wp","href":"https:\/\/api.w.org\/{rel}","templated":true}]}}