{"id":106613,"date":"2026-04-30T15:03:03","date_gmt":"2026-04-30T13:03:03","guid":{"rendered":"https:\/\/www.startlap.hu\/utazas\/?p=106613"},"modified":"2026-04-30T14:16:49","modified_gmt":"2026-04-30T12:16:49","slug":"tengerjaro-hajo-holttest","status":"publish","type":"post","link":"https:\/\/www.startlap.hu\/utazas\/tengerjaro-hajo-holttest\/","title":{"rendered":"V\u00e9rfagyaszt\u00f3 dolgot tal\u00e1lt az \u00f3ce\u00e1nban a luxus tengerj\u00e1r\u00f3 leg\u00e9nys\u00e9ge"},"content":{"rendered":"<p>Egy eur\u00f3pai k\u00f6r\u00faton k\u00f6zleked\u0151 \u00f3ce\u00e1nj\u00e1r\u00f3, a Sapphire Princess \u00fatvonala v\u00e1ratlanul m\u00f3dosult, miut\u00e1n <strong>a leg\u00e9nys\u00e9g egy narancss\u00e1rga sz\u00edn\u0171, felf\u00fajhat\u00f3 ment\u0151mell\u00e9nyt vett \u00e9szre a ny\u00edlt tengeren<\/strong>. A haj\u00f3 \u00e9ppen a <strong><a href=\"https:\/\/www.startlap.hu\/utazas\/spanyolorszag-halaszfalu-combarro\/\" target=\"_blank\" rel=\"noopener\">spanyolorsz\u00e1gi<\/a><\/strong> Cartagena fel\u00e9 tartott, amikor a kapit\u00e1ny \u00fagy d\u00f6nt\u00f6tt, hogy kivizsg\u00e1lj\u00e1k a gyan\u00fas jelz\u00e9st.<\/p>\n<figure id=\"attachment_106614\" aria-describedby=\"caption-attachment-106614\" style=\"width: 755px\" class=\"wp-caption alignnone\"><img loading=\"lazy\" decoding=\"async\" class=\"size-article-size-large-image wp-image-106614\" src=\"https:\/\/www.startlap.hu\/utazas\/uploads\/sites\/3\/2026\/04\/sapphire-princess-tengerjaro-hajo-755x447.jpg\" alt=\"2010-es fot\u00f3n Sydney kik\u00f6t\u0151j\u00e9ben a Sapphire Princess\" width=\"755\" height=\"447\" srcset=\"https:\/\/www.startlap.hu\/utazas\/uploads\/sites\/3\/2026\/04\/sapphire-princess-tengerjaro-hajo-755x447.jpg 755w, https:\/\/www.startlap.hu\/utazas\/uploads\/sites\/3\/2026\/04\/sapphire-princess-tengerjaro-hajo-591x350.jpg 591w, https:\/\/www.startlap.hu\/utazas\/uploads\/sites\/3\/2026\/04\/sapphire-princess-tengerjaro-hajo.jpg 1024w\" sizes=\"auto, (max-width: 755px) 100vw, 755px\" \/><figcaption id=\"caption-attachment-106614\" class=\"wp-caption-text\">5 holttestet tal\u00e1lt a v\u00edzben a Sapphire Princess leg\u00e9nys\u00e9ge. (Fot\u00f3: Getty Images\/ James D. Morgan)<\/figcaption><\/figure>\n<div class=\"o-widget m-readMoreWidget -readMore u-shortDecorLineAfter row widget-container _ce_measure_widget bigdata-widget read-more\" data-ce-measure-widget=\"olvass tov\u00e1bb\">\n\t<div class=\"m-readMoreWidget__imgWrapper image-wrapper col-12 col-md-4 no-p\">\n\t\t<a class=\"m-readMoreWidget__imgLink\" href=\"https:\/\/www.startlap.hu\/utazas\/alpesi-valas-ferfiak-nok-veszelyeztetes-hatter\/\" >\n\t\t\t<img decoding=\"async\" src=\"https:\/\/www.startlap.hu\/utazas\/uploads\/sites\/3\/2026\/04\/Grossglockner-ausztria-350x285.jpg\" class=\"m-readMoreWidget__img\">\n\t\t<\/a>\n\t<\/div>\n\t<div class=\"m-readMoreWidget__titleWrapper title-wrapper col-12 col-md-8\">\n\t\t<span class=\"m-readMoreWidget__titleLabel u-shortDecorLineBefore label hidden-sm-up\">Ez is \u00e9rdekelhet:<\/span>\n\t\t<h3 class=\"m-readMoreWidget__title title\">\n\t\t\t<a class=\"m-readMoreWidget__titleLink -secondFont u-bold u-upperCase\" href=\"https:\/\/www.startlap.hu\/utazas\/alpesi-valas-ferfiak-nok-veszelyeztetes-hatter\/\" >H\u00e1trahagyta bar\u00e1tn\u0151j\u00e9t Ausztria legmagasabb hegy\u00e9n \u2013 sorra ker\u00fclnek el\u0151 az alpesi v\u00e1l\u00e1s megr\u00e1z\u00f3 t\u00f6rt\u00e9netei<\/a>\n\t\t<\/h3>\n\t\t<a class=\"m-readMoreWidget__btn -coloredBack u-tC link\" href=\"https:\/\/www.startlap.hu\/utazas\/alpesi-valas-ferfiak-nok-veszelyeztetes-hatter\/\" >Elolvasom<\/a>\n\t<\/div>\n<\/div>\n<p>A fed\u00e9lzetr\u0151l egy gyorsment\u0151 cs\u00f3nakot ind\u00edtottak, amely a helysz\u00ednre \u00e9rve t\u00f6bb holttestet tal\u00e1lt a v\u00edzben.<\/p>\n<blockquote class=\"article__extraTxt\"><p>A ment\u00e9si m\u0171velet v\u00e9g\u00fcl \u00f6t elhunyt szem\u00e9ly kiemel\u00e9s\u00e9vel z\u00e1rult.<\/p><\/blockquote>\n<p>Az akci\u00f3 sor\u00e1n a haj\u00f3 szem\u00e9lyzete szorosan egy\u00fcttm\u0171k\u00f6d\u00f6tt a tengeri ment\u00e9si koordin\u00e1ci\u00f3s k\u00f6zponttal, amely az ilyen esetekben a nemzetk\u00f6zi protokoll szerint ir\u00e1ny\u00edtja a m\u0171veleteket.<\/p>\n<p>A haj\u00f3t \u00fczemeltet\u0151 Princess Cruises k\u00f6zlem\u00e9nyben reag\u00e1lt a t\u00f6rt\u00e9ntekre. Mint \u00edrt\u00e1k: \u201e\u0150szinte r\u00e9szv\u00e9t\u00fcnket fejezz\u00fck ki a vesztes\u00e9g miatt, \u00e9s h\u00e1l\u00e1sak vagyunk a szem\u00e9lyzet gyors reag\u00e1l\u00e1s\u00e1\u00e9rt \u00e9s az\u00e9rt, hogy mindent megtettek a seg\u00edts\u00e9gny\u00fajt\u00e1s \u00e9rdek\u00e9ben.\u201d A t\u00e1rsas\u00e1g hangs\u00falyozta azt is, hogy az \u00e1ldozatok nem tartoztak sem az utasok, sem a szem\u00e9lyzet k\u00f6z\u00e9.<\/p>\n<p>A haj\u00f3 n\u00e9h\u00e1ny nappal kor\u00e1bban, \u00e1prilis 19-\u00e9n futott ki az olaszorsz\u00e1gi Civitavecchia kik\u00f6t\u0151j\u00e9b\u0151l, \u00e9s egy k\u00e9thetes \u00fat keret\u00e9ben az \u00e9szaki Koppenh\u00e1ga fel\u00e9 tartott. Az incidens idej\u00e9n a F\u00f6ldk\u00f6zi-tenger nyugati medenc\u00e9j\u00e9ben haladt.<\/p>\n<p>A hat\u00f3s\u00e1gok egyel\u0151re nem k\u00f6z\u00f6ltek r\u00e9szleteket arr\u00f3l, hogy kik voltak az \u00e1ldozatok, illetve milyen k\u00f6r\u00fclm\u00e9nyek vezettek a hal\u00e1lukhoz. Az ilyen esetek kivizsg\u00e1l\u00e1sa gyakran hosszabb id\u0151t vesz ig\u00e9nybe, k\u00fcl\u00f6n\u00f6sen akkor, ha nemzetk\u00f6zi vizeken t\u00f6rt\u00e9nik az incidens.<\/p>\n<h2>Nem ez az els\u0151 ilyen rejt\u00e9lyes eset a ny\u00edlt v\u00edzen<\/h2>\n<p data-start=\"60\" data-end=\"232\">Az elm\u00falt \u00e9vekben t\u00f6bb olyan dokument\u00e1lt eset is t\u00f6rt\u00e9nt, amikor haj\u00f3k vagy hat\u00f3s\u00e1gok a ny\u00edlt tengeren tal\u00e1ltak holttesteket vagy elhagyott j\u00e1rm\u0171veket.<\/p>\n<p data-start=\"234\" data-end=\"735\">Az egyik legismertebb ilyen 2021-ben volt, amikor hal\u00e1szok egy sodr\u00f3d\u00f3 cs\u00f3nakra bukkantak a <span class=\"hover:entity-accent entity-underline inline cursor-pointer align-baseline\"><span class=\"whitespace-normal\">Karib-tenger<\/span><\/span> t\u00e9rs\u00e9g\u00e9ben, <span class=\"hover:entity-accent entity-underline inline cursor-pointer align-baseline\"><span class=\"whitespace-normal\">Tobago<\/span><\/span> k\u00f6zel\u00e9ben. A haj\u00f3ban t\u00f6bb mint egy tucat, er\u0151sen boml\u00e1snak indult holttestet <strong><a href=\"https:\/\/newsday.co.tt\/2021\/05\/28\/police-count-14-bodies-in-boat-at-belle-garden-tobago\/\" target=\"_blank\" target=\"_blank\" rel=\"noopener\">tal\u00e1ltak<\/a><\/strong>. A vizsg\u00e1lat sor\u00e1n k\u00e9s\u0151bb arra jutottak, hogy a cs\u00f3nak val\u00f3sz\u00edn\u0171leg Nyugat-Afrik\u00e1b\u00f3l indult, \u00e9s az utasok migr\u00e1ci\u00f3s k\u00eds\u00e9rlet k\u00f6zben vesztett\u00e9k \u00e9let\u00fcket.&nbsp;<\/p>\n<p data-start=\"1077\" data-end=\"1315\">Egy m\u00e1sik hasonl\u00f3, frissebb eset 2025-ben t\u00f6rt\u00e9nt a Karib-t\u00e9rs\u00e9gben, amikor egy elhagyott haj\u00f3t tal\u00e1ltak <strong><a href=\"https:\/\/apnews.com\/article\/st-vincent-mali-bodies-boat-migrants-africa-1295bc184917b795a82afe48c2b8bbc8\" target=\"_blank\" target=\"_blank\" rel=\"noopener\">11 holttesttel<\/a><\/strong> \u00e9s mali \u00fatlevelekkel. A hat\u00f3s\u00e1gok nemzetk\u00f6zi vizsg\u00e1latot ind\u00edtottak az \u00fcgyben.<\/p>\n<p data-start=\"1317\" data-end=\"1574\">A <span class=\"hover:entity-accent entity-underline inline cursor-pointer align-baseline\"><span class=\"whitespace-normal\">F\u00f6ldk\u00f6zi-tenger<\/span><\/span> t\u00e9rs\u00e9g\u00e9ben szint\u00e9n gyakoriak az ilyen trag\u00e9di\u00e1k. A migr\u00e1ci\u00f3s \u00fatvonalakon k\u00f6zleked\u0151 haj\u00f3k gyakran ker\u00fclnek bajba, \u00e9s el\u0151fordul, hogy kereskedelmi haj\u00f3k vagy ment\u0151egys\u00e9gek tal\u00e1lnak r\u00e1juk \u2013 sokszor m\u00e1r csak holttestekre.&nbsp;Ahogy az a fentiekb\u0151l is kider\u00fcl, az ilyen esetek t\u00f6bbs\u00e9g\u00e9ben menek\u00fcltek vesztik \u00e9let\u00fcket, rendszerint navig\u00e1ci\u00f3s hib\u00e1k vagy egy\u00e9b balesetek k\u00f6vetkezt\u00e9ben. De van, amikor turist\u00e1k esnek a v\u00edz \u00e1ldozat\u00e1ul.<\/p>\n<p>2025-ben egy 80 \u00e9ves n\u0151 <strong><a href=\"https:\/\/www.euronews.com\/2025\/10\/29\/elderly-woman-found-dead-on-australian-island-after-being-left-by-cruise-ship\" target=\"_blank\" target=\"_blank\" rel=\"noopener\">elt\u0171nt<\/a><\/strong> egy ausztr\u00e1l k\u00f6rutaz\u00e1son, majd k\u00e9s\u0151bb holtan tal\u00e1lt\u00e1k egy lakatlan szigeten, miut\u00e1n nem jutott vissza id\u0151ben a haj\u00f3ra. A hat\u00f3s\u00e1gok vizsg\u00e1lt\u00e1k, hogyan t\u00f6rt\u00e9nhetett, hogy a haj\u00f3 n\u00e9lk\u00fcle indult tov\u00e1bb.<\/p>\n<p>M\u00e1skor is t\u0171ntek el utasok <strong><a href=\"https:\/\/www.startlap.hu\/utazas\/tengerjaro-tilos-szabalyok-ocean\/\" target=\"_blank\" rel=\"noopener\">tengerj\u00e1r\u00f3<\/a><\/strong> haj\u00f3kr\u00f3l: 2024-ben a Pacific Adventure fed\u00e9lzet\u00e9r\u0151l egy f\u00e9rfi a <strong><a href=\"https:\/\/www.abc.net.au\/news\/2024-05-06\/passenger-overboard-on-cruise-ship\/103807844\" target=\"_blank\" target=\"_blank\" rel=\"noopener\">tengerbe esett<\/a><\/strong>, \u00e9s a v\u00edzb\u0151l m\u00e1r csak a holttest\u00e9t tudt\u00e1k kiemelni.<\/p>\n<h2>Mit lehet tudni a Sapphire Princess tengerj\u00e1r\u00f3 haj\u00f3r\u00f3l?<\/h2>\n<p>A Princess Cruises flott\u00e1j\u00e1ba tartoz\u00f3 Sapphire Princess egy nagy kapacit\u00e1s\u00fa luxushaj\u00f3, amely t\u00f6bb mint 2600 utas sz\u00e1ll\u00edt\u00e1s\u00e1ra alkalmas. A haj\u00f3t 2004-ben bocs\u00e1tott\u00e1k v\u00edzre, \u00e9s az\u00f3ta sz\u00e1mos kontinensen teljes\u00edtett m\u00e1r \u00fatvonalakat. A fed\u00e9lzeten t\u00f6bb \u00e9tterem \u00e9s b\u00e1r m\u0171k\u00f6dik, valamont sz\u00ednh\u00e1z, wellness-r\u00e9szleg \u00e9s medenc\u00e9k is tal\u00e1lhat\u00f3k a haj\u00f3n, hiszen a Sapphire Princess rendszerint t\u00f6bbhetes, nemzetk\u00f6zi utakra indul.<\/p>\n<p><strong><a href=\"https:\/\/www.foxbusiness.com\/lifestyle\/princess-cruises-ship-recovers-5-bodies-mediterranean-during-voyage\" target=\"_blank\" target=\"_blank\" rel=\"noopener\">via<\/a><\/strong><\/p>\n<div class=\"o-widget m-readMoreWidget -readMore u-shortDecorLineAfter row widget-container _ce_measure_widget bigdata-widget read-more\" data-ce-measure-widget=\"olvass tov\u00e1bb\">\n\t<div class=\"m-readMoreWidget__imgWrapper image-wrapper col-12 col-md-4 no-p\">\n\t\t<a class=\"m-readMoreWidget__imgLink\" href=\"https:\/\/www.startlap.hu\/utazas\/remalom-lett-a-setahajozasbol\/\" >\n\t\t\t<img decoding=\"async\" src=\"https:\/\/www.startlap.hu\/utazas\/uploads\/sites\/3\/2026\/04\/hajo_tenger-350x285.jpg\" class=\"m-readMoreWidget__img\">\n\t\t<\/a>\n\t<\/div>\n\t<div class=\"m-readMoreWidget__titleWrapper title-wrapper col-12 col-md-8\">\n\t\t<span class=\"m-readMoreWidget__titleLabel u-shortDecorLineBefore label hidden-sm-up\">Ez is \u00e9rdekelhet:<\/span>\n\t\t<h3 class=\"m-readMoreWidget__title title\">\n\t\t\t<a class=\"m-readMoreWidget__titleLink -secondFont u-bold u-upperCase\" href=\"https:\/\/www.startlap.hu\/utazas\/remalom-lett-a-setahajozasbol\/\" >R\u00e9m\u00e1lom lett a s\u00e9tahaj\u00f3z\u00e1sb\u00f3l<\/a>\n\t\t<\/h3>\n\t\t<a class=\"m-readMoreWidget__btn -coloredBack u-tC link\" href=\"https:\/\/www.startlap.hu\/utazas\/remalom-lett-a-setahajozasbol\/\" >Elolvasom<\/a>\n\t<\/div>\n<\/div>\n","protected":false},"excerpt":{"rendered":"<p>\u00d6t holttestet emeltek ki a F\u00f6ldk\u00f6zi-tengerb\u0151l egy eur\u00f3pai k\u00f6r\u00faton k\u00f6zleked\u0151 luxus \u00f3ce\u00e1nj\u00e1r\u00f3 fed\u00e9lzet\u00e9r\u0151l ind\u00edtott ment\u0151akci\u00f3 sor\u00e1n. Az eset k\u00f6r\u00fclm\u00e9nyei egyel\u0151re tiszt\u00e1zatlanok, \u00e9s sz\u00e1mos k\u00e9rd\u00e9st vetnek fel.<\/p>\n","protected":false},"author":14,"featured_media":106614,"comment_status":"closed","ping_status":"closed","sticky":false,"template":"","format":"standard","meta":{"footnotes":""},"categories":[70],"tags":[3459,622,9458],"class_list":["post-106613","post","type-post","status-publish","format-standard","has-post-thumbnail","hentry","category-vilag","tag-halaleset","tag-oceanjaro","tag-tengerjaro-hajo"],"aioseo_notices":[],"_links":{"self":[{"href":"https:\/\/www.startlap.hu\/utazas\/wp-json\/wp\/v2\/posts\/106613","targetHints":{"allow":["GET"]}}],"collection":[{"href":"https:\/\/www.startlap.hu\/utazas\/wp-json\/wp\/v2\/posts"}],"about":[{"href":"https:\/\/www.startlap.hu\/utazas\/wp-json\/wp\/v2\/types\/post"}],"author":[{"embeddable":true,"href":"https:\/\/www.startlap.hu\/utazas\/wp-json\/wp\/v2\/users\/14"}],"replies":[{"embeddable":true,"href":"https:\/\/www.startlap.hu\/utazas\/wp-json\/wp\/v2\/comments?post=106613"}],"version-history":[{"count":2,"href":"https:\/\/www.startlap.hu\/utazas\/wp-json\/wp\/v2\/posts\/106613\/revisions"}],"predecessor-version":[{"id":106616,"href":"https:\/\/www.startlap.hu\/utazas\/wp-json\/wp\/v2\/posts\/106613\/revisions\/106616"}],"wp:featuredmedia":[{"embeddable":true,"href":"https:\/\/www.startlap.hu\/utazas\/wp-json\/wp\/v2\/media\/106614"}],"wp:attachment":[{"href":"https:\/\/www.startlap.hu\/utazas\/wp-json\/wp\/v2\/media?parent=106613"}],"wp:term":[{"taxonomy":"category","embeddable":true,"href":"https:\/\/www.startlap.hu\/utazas\/wp-json\/wp\/v2\/categories?post=106613"},{"taxonomy":"post_tag","embeddable":true,"href":"https:\/\/www.startlap.hu\/utazas\/wp-json\/wp\/v2\/tags?post=106613"}],"curies":[{"name":"wp","href":"https:\/\/api.w.org\/{rel}","templated":true}]}}