{"id":106598,"date":"2026-04-30T05:03:41","date_gmt":"2026-04-30T03:03:41","guid":{"rendered":"https:\/\/www.startlap.hu\/utazas\/?p=106598"},"modified":"2026-04-30T04:45:35","modified_gmt":"2026-04-30T02:45:35","slug":"horvatorszag-turizmus-2026-magyarorszag-uti-celok","status":"publish","type":"post","link":"https:\/\/www.startlap.hu\/utazas\/horvatorszag-turizmus-2026-magyarorszag-uti-celok\/","title":{"rendered":"A magyarok m\u00e1r most megindultak az Adri\u00e1ra, berobbant a horv\u00e1t szezon"},"content":{"rendered":"<p>A 2026-os idegenforgalmi szezon kiemelked\u0151en alakul <strong><a href=\"https:\/\/www.startlap.hu\/utazas\/horvatorszag-adria-kikotovaros-tippek\/\" target=\"_blank\" rel=\"noopener\">Horv\u00e1torsz\u00e1g<\/a><\/strong> sz\u00e1m\u00e1ra. Az eVisitor rendszer \u00e1prilis 25-ig r\u00f6gz\u00edtett adatai szerint az orsz\u00e1g az \u00e9v els\u0151 n\u00e9gy h\u00f3napj\u00e1ban 2 milli\u00f3 vend\u00e9g\u00e9rkez\u00e9st \u00e9s 5,5 milli\u00f3 vend\u00e9g\u00e9jszak\u00e1t k\u00f6nyvelhetett el &#8211; hangzott el a Horv\u00e1t Idegenforgalmi K\u00f6z\u00f6ss\u00e9g budapesti sajt\u00f3t\u00e1j\u00e9koztat\u00f3j\u00e1n.<\/p>\n<p><strong>Ez az \u00e9rkez\u00e9sek tekintet\u00e9ben 4 sz\u00e1zal\u00e9kos, a vend\u00e9g\u00e9jszak\u00e1k eset\u00e9ben pedig 2 sz\u00e1zal\u00e9kos n\u00f6veked\u00e9st jelent 2025-h\u00f6z k\u00e9pest.<\/strong><\/p>\n<p>A legn\u00e9pszer\u0171bb desztin\u00e1ci\u00f3k k\u00f6z\u00e9 <a href=\"https:\/\/www.startlap.hu\/utazas\/zagrab-biztonsagos-olcso-horvatorszag-amerikai-nyugdijas\/\" target=\"_blank\" rel=\"noopener\"><strong>Z\u00e1gr\u00e1b<\/strong><\/a>, <strong>Dubrovnik<\/strong>, <a href=\"https:\/\/www.startlap.hu\/utazas\/split-dalmacia-horvatorszag-latnivalok-strandok\/\" target=\"_blank\" rel=\"noopener\"><strong>Split<\/strong><\/a> \u00e9s <strong>Rovinj<\/strong> tartoznak, a vezet\u0151 k\u00fcld\u0151piacok pedig N\u00e9metorsz\u00e1g, Szlov\u00e9nia \u00e9s <strong><a href=\"https:\/\/www.startlap.hu\/utazas\/ausztria-auto-kamera-varos-szigoritas\/\" target=\"_blank\" rel=\"noopener\">Ausztria<\/a><\/strong>.<\/p>\n<h2>A magyar vend\u00e9g\u00e9jszak\u00e1k sz\u00e1ma 12 sz\u00e1zal\u00e9kkal n\u0151tt<\/h2>\n<p>A magyar piac teljes\u00edtm\u00e9nye k\u00fcl\u00f6n\u00f6sen figyelemre m\u00e9lt\u00f3.<\/p>\n<blockquote class=\"article__extraTxt\"><p>Az \u00e1prilis 25-ig m\u00e9rt adatok szerint 39 ezer magyar turista \u00e9rkezett Horv\u00e1torsz\u00e1gba, akik \u00f6sszesen 110 ezer vend\u00e9g\u00e9jszak\u00e1t t\u00f6lt\u00f6ttek el.<\/p><\/blockquote>\n<p>Ez 8 sz\u00e1zal\u00e9kos n\u00f6veked\u00e9st jelent az \u00e9rkez\u00e9sek, \u00e9s 12 sz\u00e1zal\u00e9kos emelked\u00e9st a vend\u00e9g\u00e9jszak\u00e1k sz\u00e1m\u00e1ban 2025 azonos id\u0151szak\u00e1hoz k\u00e9pest. Az adat ak\u00e1r \u00faj rekordot is el\u0151revet\u00edthet a 2026-os \u00e9vre.<\/p>\n<p>\u201eB\u00fcszk\u00e9k vagyunk arra, amit a magyar piacon el\u00e9rt\u00fcnk \u2013 mind a sz\u00e1mok, mind a kapcsolatok min\u0151s\u00e9ge ter\u00e9n. A +12%-os n\u00f6veked\u00e9s igazolja, hogy befektet\u00e9seink a prom\u00f3ci\u00f3ba \u00e9s az el\u00e9rhet\u0151s\u00e9g jav\u00edt\u00e1s\u00e1ba meghozz\u00e1k gy\u00fcm\u00f6lcs\u00fcket\u201d &#8211; emelte ki <strong>Ivana Herceg<\/strong>, a Horv\u00e1t Idegenforgalmi K\u00f6z\u00f6ss\u00e9g magyarorsz\u00e1gi igazgat\u00f3ja.<\/p>\n<figure id=\"attachment_106600\" aria-describedby=\"caption-attachment-106600\" style=\"width: 755px\" class=\"wp-caption alignnone\"><a href=\"https:\/\/www.startlap.hu\/utazas\/uploads\/sites\/3\/2026\/04\/dubrovnik.jpg\"><img loading=\"lazy\" decoding=\"async\" class=\"size-article-size-large-image wp-image-106600\" src=\"https:\/\/www.startlap.hu\/utazas\/uploads\/sites\/3\/2026\/04\/dubrovnik-755x503.jpg\" alt=\" L\u00e9gi panor\u00e1ma Dubrovnik v\u00e1rosk\u00e9p\u00e9r\u0151l az Adriai-tenger partj\u00e1n, Horv\u00e1torsz\u00e1gban.\" width=\"755\" height=\"503\" srcset=\"https:\/\/www.startlap.hu\/utazas\/uploads\/sites\/3\/2026\/04\/dubrovnik-755x503.jpg 755w, https:\/\/www.startlap.hu\/utazas\/uploads\/sites\/3\/2026\/04\/dubrovnik-1536x1024.jpg 1536w, https:\/\/www.startlap.hu\/utazas\/uploads\/sites\/3\/2026\/04\/dubrovnik-2048x1365.jpg 2048w, https:\/\/www.startlap.hu\/utazas\/uploads\/sites\/3\/2026\/04\/dubrovnik-525x350.jpg 525w\" sizes=\"auto, (max-width: 755px) 100vw, 755px\" \/><\/a><figcaption id=\"caption-attachment-106600\" class=\"wp-caption-text\">L\u00e9gi panor\u00e1ma Dubrovnik v\u00e1rosk\u00e9p\u00e9r\u0151l az Adriai-tenger partj\u00e1n, Horv\u00e1torsz\u00e1gban. Fot\u00f3: Getty Images<\/figcaption><\/figure>\n<h2>Ezek a horv\u00e1t r\u00e9gi\u00f3k a legn\u00e9pszer\u0171bbek a magyar turist\u00e1k k\u00f6r\u00e9ben<\/h2>\n<p>A 2025-\u00f6s \u00e9ves adatokhoz hasonl\u00f3an a Kvarner r\u00e9gi\u00f3 vezeti a rangsort 32 ezer vend\u00e9g\u00e9jszak\u00e1val, ezt k\u00f6veti Isztria 26 ezer vend\u00e9g\u00e9jszak\u00e1val.<\/p>\n<p>Zadar megye 11 500 \u00e9jszak\u00e1val a harmadik helyen \u00e1ll, m\u00edg Split megye 10 ezer, \u0160ibenik megye pedig 5 500 vend\u00e9g\u00e9jszak\u00e1val z\u00e1rja a top 5-\u00f6t.<\/p>\n<p>Az \u00e9rkez\u00e9sek alapj\u00e1n a legn\u00e9pszer\u0171bb desztin\u00e1ci\u00f3k:<\/p>\n<ul>\n<li>Z\u00e1gr\u00e1b,<\/li>\n<li>Opatija,<\/li>\n<li>Rovinj,<\/li>\n<li>Crikvenica,<\/li>\n<li>Umag.<\/li>\n<\/ul>\n<p>Az \u00e1tlagos tart\u00f3zkod\u00e1si id\u0151 2,8 \u00e9jszaka, ami a tavalyi \u00e9vhez hasonl\u00f3 szintet mutat.<\/p>\n<h2>Rekordszint\u0171 l\u00e9gi \u00f6sszek\u00f6ttet\u00e9s lesz Budapest \u00e9s Horv\u00e1torsz\u00e1g k\u00f6z\u00f6tt<\/h2>\n<p>A magyar turist\u00e1k el\u00e9rhet\u0151s\u00e9g\u00e9t tov\u00e1bb jav\u00edtja, hogy a 2026-os ny\u00e1ri szezonban k\u00f6zvetlen menetrend szerinti j\u00e1ratok k\u00f6zlekednek Budapestr\u0151l k\u00e9t horv\u00e1t desztin\u00e1ci\u00f3ba.<\/p>\n<ul>\n<li><strong>A Wizz Air Budapest \u00e9s Zadar k\u00f6z\u00f6tt heti 5 alkalommal k\u00f6zlekedik majd<\/strong>: kedden, szerd\u00e1n, p\u00e9nteken, szombaton \u00e9s vas\u00e1rnap. A j\u00e1rat j\u00fanius 2. \u00e9s szeptember 30. k\u00f6z\u00f6tt \u00e9rhet\u0151 el.<\/li>\n<li><strong>A <a href=\"https:\/\/www.startlap.hu\/utazas\/wizz-air-dubrovnik-uj-repulo-jarat\/\" target=\"_blank\" rel=\"noopener\">Wizz Air Budapest \u00e9s Dubrovnik k\u00f6z\u00f6tt<\/a> heti 3 alkalommal rep\u00fcl<\/strong>: kedden, p\u00e9nteken \u00e9s vas\u00e1rnap. Ez a j\u00e1rat j\u00fanius 2. \u00e9s szeptember 29. k\u00f6z\u00f6tt k\u00f6zlekedik.<\/li>\n<li><strong>A <a href=\"https:\/\/www.startlap.hu\/utazas\/horvatorszag-kozvetlen-repulo-jarat-budapest-zadar-ryanair\/\" target=\"_blank\" rel=\"noopener\">Ryanair Budapest \u00e9s Zadar k\u00f6z\u00f6tt<\/a> heti 4 alkalommal ind\u00edt j\u00e1ratot<\/strong>: kedden, cs\u00fct\u00f6rt\u00f6k\u00f6n, szombaton \u00e9s vas\u00e1rnap. A j\u00e1rat j\u00fanius 9. \u00e9s szeptember 19. k\u00f6z\u00f6tt lesz el\u00e9rhet\u0151.<\/li>\n<li><strong>A Ryanair Budapest \u00e9s Dubrovnik k\u00f6z\u00f6tt szint\u00e9n heti 4 alkalommal k\u00f6zlekedik<\/strong>: h\u00e9tf\u0151n, szerd\u00e1n, p\u00e9nteken \u00e9s vas\u00e1rnap. Ez az \u00f6sszek\u00f6ttet\u00e9s j\u00fanius 7. \u00e9s szeptember 18. k\u00f6z\u00f6tt m\u0171k\u00f6dik.<\/li>\n<\/ul>\n<p>A kib\u0151v\u00edtett l\u00e9gi k\u00edn\u00e1lat D\u00e9l-Dalm\u00e1cia \u00e9s az Adriai-tenger \u00e9szaki k\u00f6z\u00e9ps\u0151 partvid\u00e9k\u00e9nek el\u00e9rhet\u0151s\u00e9g\u00e9t egyar\u00e1nt jav\u00edtja. Emellett \u00faj lehet\u0151s\u00e9geket teremt a v\u00e1rosl\u00e1togat\u00e1sok, az akt\u00edv turizmus \u00e9s a kultur\u00e1lis turizmus ir\u00e1nt \u00e9rdekl\u0151d\u0151 utaz\u00f3k sz\u00e1m\u00e1ra is.<\/p>\n<h2>A horv\u00e1t lassul\u00e1s m\u0171v\u00e9szet\u00e9t n\u00e9pszer\u0171s\u00edti az \u00faj m\u00e9diaakci\u00f3<\/h2>\n<p>A Horv\u00e1t Idegenforgalmi K\u00f6z\u00f6ss\u00e9g \u201eFind Your Pomalo\u201d m\u00e9diaakci\u00f3ja arra invit\u00e1lja az utaz\u00f3kat, hogy fedezz\u00e9k fel a horv\u00e1t lassul\u00e1s m\u0171v\u00e9szet\u00e9t.<\/p>\n<p><strong>Ez azt a gondtalan, siets\u00e9g n\u00e9lk\u00fcli mediterr\u00e1n szeml\u00e9letet jelenti, amely t\u00f6k\u00e9letes ellenszere lehet a rohan\u00f3 h\u00e9tk\u00f6znapoknak.<\/strong><\/p>\n<p>Emellett id\u00e9n indult el a Local Host elnevez\u00e9s\u0171 min\u0151s\u00e9gi jel\u00f6l\u00e9si \u00e9s tan\u00fas\u00edt\u00e1si rendszer is. Ez az autentikus horv\u00e1t vend\u00e9gszeretetet \u00e9s a helyi \u00e9rt\u00e9keket k\u00e9pvisel\u0151 sz\u00e1ll\u00e1sad\u00f3kat \u00e9s szolg\u00e1ltat\u00f3kat tan\u00fas\u00edtja, er\u0151s\u00edtve ezzel a fenntarthat\u00f3 \u00e9s \u00e9lm\u00e9nyalap\u00fa turizmus felt\u00e9teleit.<\/p>\n<h2>Murak\u00f6z Horv\u00e1torsz\u00e1g els\u0151 z\u00f6ld desztin\u00e1ci\u00f3ja<\/h2>\n<p>A sajt\u00f3esem\u00e9nyen <strong>Tonia Bermanec<\/strong> bemutatta Murak\u00f6z, azaz Me\u0111imurje r\u00e9gi\u00f3 turisztikai fejleszt\u00e9seit.<\/p>\n<p>A Magyarorsz\u00e1ggal hat\u00e1ros, er\u0151s t\u00f6rt\u00e9nelmi k\u00f6t\u0151d\u00e9s\u0171 r\u00e9gi\u00f3 Horv\u00e1torsz\u00e1g els\u0151 z\u00f6ld desztin\u00e1ci\u00f3jak\u00e9nt a fenntarthat\u00f3 turizmus j\u00f3 gyakorlatait k\u00e9pviseli.<\/p>\n<p>A r\u00e9gi\u00f3 kultur\u00e1lis gazdags\u00e1g\u00e1t j\u00f3l \u00e9rz\u00e9kelteti, hogy 83 \u00e9rintett \u00e9s immateri\u00e1lis kultur\u00e1lis \u00f6r\u00f6ks\u00e9gelemet tartanak itt sz\u00e1mon. Ezek k\u00f6z\u00fcl 19 orsz\u00e1gosan v\u00e9dett szellemi kultur\u00e1lis \u00f6r\u00f6ks\u00e9g r\u00e9sz\u00e9t k\u00e9pezi.<\/p>\n<p>Ezek k\u00f6z\u00f6tt szerepel:<\/p>\n<ul>\n<li>a murak\u00f6zi n\u00e9pdal, amely az UNESCO szellemi kultur\u00e1lis \u00f6r\u00f6ks\u00e9g r\u00e9sze,<\/li>\n<li>az aranymos\u00e1s hagyom\u00e1nya,<\/li>\n<li>a cimbalom k\u00e9sz\u00edt\u00e9se \u00e9s j\u00e1t\u00e9ka,<\/li>\n<li>a donja dubravai fekete h\u00fasv\u00e9ti toj\u00e1s d\u00edsz\u00edt\u00e9s\u00e9nek hagyom\u00e1nya,<\/li>\n<li>valamint a tamburica hangszer k\u00e9sz\u00edt\u00e9s\u00e9nek mesters\u00e9ge.<\/li>\n<\/ul>\n<h2>Nagy fejleszt\u00e9sek zajlanak Murak\u00f6zben<\/h2>\n<p>A r\u00e9gi\u00f3ban jelenleg 47 fel\u00faj\u00edtott, turist\u00e1k sz\u00e1m\u00e1ra nyitott \u00f6r\u00f6ks\u00e9gi helysz\u00edn \u00e1ll rendelkez\u00e9sre.<\/p>\n<p>K\u00e9t nagyszab\u00e1s\u00fa fejleszt\u00e9s is zajlik: a Fe\u0161teti\u0107-kast\u00e9ly modern \u00e9lm\u00e9nyk\u00f6zpontt\u00e1 alak\u00edt\u00e1sa, valamint a Hirschler-palota fel\u00faj\u00edt\u00e1sa. Ut\u00f3bbib\u00f3l a Murak\u00f6zi N\u00e9pdal Palot\u00e1ja l\u00e1togat\u00f3k\u00f6zpont j\u00f6n l\u00e9tre.<\/p>\n<p>A k\u00e9t projekt egy\u00fcttes \u00e9rt\u00e9ke 12 milli\u00f3 eur\u00f3, NPOO forr\u00e1sb\u00f3l. A fejleszt\u00e9sek \u00f6sszesen 10 milli\u00f3 eur\u00f3nyi beruh\u00e1z\u00e1st vonzanak a r\u00e9gi\u00f3ba.<\/p>\n<h2>Cs\u00e1ktornya is fontos \u00fati c\u00e9l<\/h2>\n<p>A sajt\u00f3esem\u00e9ny harmadik bemutat\u00f3j\u00e1ban <strong>Filip Horvat<\/strong> Cs\u00e1ktornya, vagyis \u010cakovec turisztikai vonzerej\u00e9t ismertette.<\/p>\n<p>A Z\u00e1gr\u00e1bt\u00f3l 90 kilom\u00e9terre, a magyar \u00e9s a szlov\u00e9n hat\u00e1r k\u00f6zel\u00e9ben fekv\u0151 v\u00e1ros Murak\u00f6z megye sz\u00e9khelye. Cs\u00e1ktornya els\u0151sorban Zr\u00ednyi Mikl\u00f3s, azaz Nikola IV. Zrinski, a szigetv\u00e1ri csata h\u0151s v\u00e9d\u0151j\u00e9nek sz\u00fcl\u0151v\u00e1rosak\u00e9nt ismert.<\/p>\n<h2>J\u00falius v\u00e9g\u00e9n rendezik meg a Porcijunkulovo fesztiv\u00e1lt<\/h2>\n<p>A v\u00e1ros egyik legjelent\u0151sebb kultur\u00e1lis esem\u00e9nye a Porcijunkulovo fesztiv\u00e1l, amelyet 2026-ban j\u00falius 29. \u00e9s augusztus 2. k\u00f6z\u00f6tt rendeznek meg.<\/p>\n<p>Az esem\u00e9nyen Zr\u00ednyi-\u00e9rm\u00e9k replik\u00e1i is kaphat\u00f3k lesznek. Ezeket az \u00e9rm\u00e9ket eredetileg 1463 \u00e9s 1578 k\u00f6z\u00f6tt vert\u00e9k aranyb\u00f3l, ez\u00fcstb\u0151l \u00e9s \u00f3lomb\u00f3l.<\/p>\n<p>A v\u00e1rosba l\u00e1togat\u00f3k a <a href=\"https:\/\/visitcakovec.hr\/\" target=\"_blank\" target=\"_blank\" rel=\"noopener\">visitcakovec.hr<\/a> oldalon t\u00e1j\u00e9koz\u00f3dhatnak a programokr\u00f3l.<\/p>\n<div class=\"o-widget m-readMoreWidget -readMore u-shortDecorLineAfter row widget-container _ce_measure_widget bigdata-widget read-more\" data-ce-measure-widget=\"olvass tov\u00e1bb\">\n\t<div class=\"m-readMoreWidget__imgWrapper image-wrapper col-12 col-md-4 no-p\">\n\t\t<a class=\"m-readMoreWidget__imgLink\" href=\"https:\/\/www.startlap.hu\/utazas\/eszak-olaszorszag-alpok-egy-euros-hazak\/\" >\n\t\t\t<img decoding=\"async\" src=\"https:\/\/www.startlap.hu\/utazas\/uploads\/sites\/3\/2026\/04\/dolomitok-350x285.jpg\" class=\"m-readMoreWidget__img\">\n\t\t<\/a>\n\t<\/div>\n\t<div class=\"m-readMoreWidget__titleWrapper title-wrapper col-12 col-md-8\">\n\t\t<span class=\"m-readMoreWidget__titleLabel u-shortDecorLineBefore label hidden-sm-up\">Ez is \u00e9rdekelhet:<\/span>\n\t\t<h3 class=\"m-readMoreWidget__title title\">\n\t\t\t<a class=\"m-readMoreWidget__titleLink -secondFont u-bold u-upperCase\" href=\"https:\/\/www.startlap.hu\/utazas\/eszak-olaszorszag-alpok-egy-euros-hazak\/\" >Most egy eur\u00f3\u00e9rt juthatunk lak\u00e1shoz a Dolomitok kapuj\u00e1n\u00e1l<\/a>\n\t\t<\/h3>\n\t\t<a class=\"m-readMoreWidget__btn -coloredBack u-tC link\" href=\"https:\/\/www.startlap.hu\/utazas\/eszak-olaszorszag-alpok-egy-euros-hazak\/\" >Elolvasom<\/a>\n\t<\/div>\n<\/div>\n","protected":false},"excerpt":{"rendered":"<p>Rekordot \u00edg\u00e9rnek az idei \u00e9vre a horv\u00e1t turisztikai szezon kezdeti adatai, 2026 els\u0151 n\u00e9gy h\u00f3napj\u00e1ban a tavalyin\u00e1l tized\u00e9vel t\u00f6bb magyar vend\u00e9g l\u00e1togatott Horv\u00e1torsz\u00e1gba.<\/p>\n","protected":false},"author":45,"featured_media":106600,"comment_status":"closed","ping_status":"closed","sticky":false,"template":"","format":"standard","meta":{"footnotes":""},"categories":[70],"tags":[183,4653,112],"class_list":["post-106598","post","type-post","status-publish","format-standard","has-post-thumbnail","hentry","category-vilag","tag-adria","tag-horvat-tengerpart","tag-horvatorszag"],"aioseo_notices":[],"_links":{"self":[{"href":"https:\/\/www.startlap.hu\/utazas\/wp-json\/wp\/v2\/posts\/106598","targetHints":{"allow":["GET"]}}],"collection":[{"href":"https:\/\/www.startlap.hu\/utazas\/wp-json\/wp\/v2\/posts"}],"about":[{"href":"https:\/\/www.startlap.hu\/utazas\/wp-json\/wp\/v2\/types\/post"}],"author":[{"embeddable":true,"href":"https:\/\/www.startlap.hu\/utazas\/wp-json\/wp\/v2\/users\/45"}],"replies":[{"embeddable":true,"href":"https:\/\/www.startlap.hu\/utazas\/wp-json\/wp\/v2\/comments?post=106598"}],"version-history":[{"count":4,"href":"https:\/\/www.startlap.hu\/utazas\/wp-json\/wp\/v2\/posts\/106598\/revisions"}],"predecessor-version":[{"id":106603,"href":"https:\/\/www.startlap.hu\/utazas\/wp-json\/wp\/v2\/posts\/106598\/revisions\/106603"}],"wp:featuredmedia":[{"embeddable":true,"href":"https:\/\/www.startlap.hu\/utazas\/wp-json\/wp\/v2\/media\/106600"}],"wp:attachment":[{"href":"https:\/\/www.startlap.hu\/utazas\/wp-json\/wp\/v2\/media?parent=106598"}],"wp:term":[{"taxonomy":"category","embeddable":true,"href":"https:\/\/www.startlap.hu\/utazas\/wp-json\/wp\/v2\/categories?post=106598"},{"taxonomy":"post_tag","embeddable":true,"href":"https:\/\/www.startlap.hu\/utazas\/wp-json\/wp\/v2\/tags?post=106598"}],"curies":[{"name":"wp","href":"https:\/\/api.w.org\/{rel}","templated":true}]}}