{"id":106559,"date":"2026-04-30T11:03:14","date_gmt":"2026-04-30T09:03:14","guid":{"rendered":"https:\/\/www.startlap.hu\/utazas\/?p=106559"},"modified":"2026-04-30T01:04:13","modified_gmt":"2026-04-29T23:04:13","slug":"balaton-legjobb-helyek-latnivalok","status":"publish","type":"post","link":"https:\/\/www.startlap.hu\/utazas\/balaton-legjobb-helyek-latnivalok\/","title":{"rendered":"A Balaton legjobb helyei egy hossz\u00fa h\u00e9tv\u00e9g\u00e9re"},"content":{"rendered":"<p>Egy balatoni hossz\u00fa h\u00e9tv\u00e9ge sokaknak egyet jelent a parti s\u00e9t\u00e1nnyal, a <strong><a href=\"https:\/\/www.startlap.hu\/utazas\/balatoni-langoskorkep-terkep-arak\/\" target=\"_blank\" rel=\"noopener\">l\u00e1ngossal<\/a><\/strong>, a kik\u00f6t\u0151i <strong><a href=\"https:\/\/www.startlap.hu\/vasarlas\/fagylalt-2026-arak-trendek\/\" target=\"_blank\" rel=\"noopener\">fagyival<\/a><\/strong> \u00e9s a klasszikus strandol\u00e1ssal. Amivel persze nincs semmi baj, de ha valaki most nem programokra, koncertekre vagy zs\u00fafolt esem\u00e9nyekre v\u00e1gyik, hanem val\u00f3ban felfedezn\u00e9 a t\u00f3 k\u00f6rny\u00e9k\u00e9t, annak is b\u0151ven van mib\u0151l v\u00e1logatnia.&nbsp;<\/p>\n<p><strong>A legjobb strat\u00e9gia ilyenkor nem az, hogy mindent be akarunk s\u0171r\u00edteni h\u00e1rom napba<\/strong>. Sokkal jobban m\u0171k\u00f6dik, ha a Balatont kisebb t\u00e9rs\u00e9gekre bontjuk: egyik nap j\u00f6het Tihany \u00e9s Balatonf\u00fcred k\u00f6rny\u00e9ke, m\u00e1sik nap a Badacsony, Szigliget \u00e9s a Tapolcai-medence, a harmadikon pedig ak\u00e1r Keszthely, a Kis-Balaton vagy a d\u00e9li part egy-egy k\u00fcl\u00f6nlegesebb pontja. \u00cdgy nem az aut\u00f3ban telik a hossz\u00fa h\u00e9tv\u00e9ge, hanem t\u00e9nyleg marad id\u0151 n\u00e9zel\u0151dni, s\u00e9t\u00e1lni, meg\u00e1llni egy kil\u00e1t\u00f3n\u00e1l, lemenni egy barlangba, vagy csak le\u00fclni valahol, ahonnan a v\u00edz \u00e9s a hegyek egyszerre l\u00e1tszanak.<\/p>\n<h2>Tihany, ahol nem csak az ap\u00e1ts\u00e1g miatt \u00e9rdemes meg\u00e1llni<\/h2>\n<p><a href=\"https:\/\/www.startlap.hu\/utazas\/tihany-belso-to-kiszaradas-korakas-rejtely\/\" target=\"_blank\" rel=\"noopener\">Tihanyr\u00f3l<\/a> \u00e1ltal\u00e1ban mindenkinek a Benc\u00e9s Ap\u00e1ts\u00e1g ugrik be, \u00e9s ez \u00e9rthet\u0151 is: a f\u00e9lsziget egyik legismertebb pontja, a balatoni panor\u00e1ma egyik legszebb klasszikusa. De hossz\u00fa h\u00e9tv\u00e9g\u00e9n \u00e9rdemes m\u00e9lyebbre menni a f\u00e9lsziget belsej\u00e9ben. A helyi <a href=\"https:\/\/www.bfnp.hu\/hu\/latogatohelyek-3\/levendula-haz-latogatokozpont-tihany\" target=\"_blank\" target=\"_blank\" rel=\"noopener\">Levendula H\u00e1z L\u00e1togat\u00f3k\u00f6zpont<\/a> p\u00e9ld\u00e1ul nem egyszer\u0171 turistapont: a Tihanyi-f\u00e9lsziget vulk\u00e1ni m\u00faltj\u00e1t, term\u00e9szeti vil\u00e1g\u00e1t \u00e9s a levendulatermeszt\u00e9s helyi kult\u00far\u00e1j\u00e1t mutatja be, k\u00f6zvetlen\u00fcl a Bels\u0151-t\u00f3 k\u00f6zel\u00e9ben.<\/p>\n<blockquote class=\"article__extraTxt\"><p>A Bels\u0151-t\u00f3 k\u00f6rny\u00e9ke k\u00fcl\u00f6n\u00f6sen j\u00f3 v\u00e1laszt\u00e1s azoknak, akik a ny\u00fczsg\u0151bb tihanyi r\u00e9szek ut\u00e1n csendesebb s\u00e9t\u00e1ra v\u00e1gynak.<\/p><\/blockquote>\n<p>Innen indulva bej\u00e1rhat\u00f3 a Levendula k\u00f6r\u00fat is, amely a hivatalos tihanyi turisztikai aj\u00e1nl\u00f3 szerint t\u00f6bbek k\u00f6z\u00f6tt a Bels\u0151-tavat, a gejz\u00edrmez\u0151ket, az \u0150slevendul\u00e1st, a L\u00f3czy Lajos tan\u00f6sv\u00e9nyt, az Ap\u00e1ti-hegyet \u00e9s a K\u00fcls\u0151-tavat is \u00e9rinti. A 9,3 kilom\u00e9teres \u00fatvonalat minden \u00e9vszakban aj\u00e1nlj\u00e1k, vagyis nem csak a levendulaszezonban lehet j\u00f3 v\u00e1laszt\u00e1s.&nbsp;<\/p>\n<figure id=\"attachment_106571\" aria-describedby=\"caption-attachment-106571\" style=\"width: 755px\" class=\"wp-caption alignnone\"><img loading=\"lazy\" decoding=\"async\" class=\"wp-image-106571 size-article-size-large-image\" src=\"https:\/\/www.startlap.hu\/utazas\/uploads\/sites\/3\/2026\/04\/tihany-4_11zon-755x479.jpg\" alt=\"Tihany \u00e9s az ap\u00e1ts\u00e1g\" width=\"755\" height=\"479\" srcset=\"https:\/\/www.startlap.hu\/utazas\/uploads\/sites\/3\/2026\/04\/tihany-4_11zon-755x479.jpg 755w, https:\/\/www.startlap.hu\/utazas\/uploads\/sites\/3\/2026\/04\/tihany-4_11zon-1536x975.jpg 1536w, https:\/\/www.startlap.hu\/utazas\/uploads\/sites\/3\/2026\/04\/tihany-4_11zon-551x350.jpg 551w, https:\/\/www.startlap.hu\/utazas\/uploads\/sites\/3\/2026\/04\/tihany-4_11zon.jpg 1738w\" sizes=\"auto, (max-width: 755px) 100vw, 755px\" \/><figcaption id=\"caption-attachment-106571\" class=\"wp-caption-text\">Tihanyban az ap\u00e1ts\u00e1gon k\u00edv\u00fcl is b\u0151ven akad l\u00e1tnival\u00f3. Fot\u00f3: Getty Images<\/figcaption><\/figure>\n<p>A k\u00f6zpontban a Magyar Kir\u00e1lyok Panoptikuma t\u00f6rt\u00e9nelmi viaszfigur\u00e1kkal id\u00e9zi meg a magyar uralkod\u00f3kat, a M\u00e1dl Ferenc t\u00e9r \u00e9s a Pisky s\u00e9t\u00e1ny pedig r\u00f6vid s\u00e9t\u00e1val vezet el a balatoni panor\u00e1m\u00e1khoz. A f\u00e9lsziget vadreg\u00e9nyesebb oldal\u00e1t az \u00d3v\u00e1r, a vaskori f\u00f6lds\u00e1nc, a Haloms\u00edrok, a Bar\u00e1tlak\u00e1sok, a Cipri\u00e1n-forr\u00e1s \u00e9s az Ap\u00e1ti templomrom mutatja meg, a Bels\u0151-t\u00f3 partj\u00e1n sz\u00fcrkemarha gulya is felt\u0171nhet<\/p>\n<h2>Balatonf\u00fcred felett egy barlang \u00e9s egy kil\u00e1t\u00f3 is v\u00e1r<\/h2>\n<p>Balatonf\u00fcredet sokan a Tagore s\u00e9t\u00e1ny, a r\u00e9gi vill\u00e1k \u00e9s a reformkori hangulat miatt keresik fel, pedig a v\u00e1ros felett is akad olyan hely, amely b\u0151ven meg\u00e9r egy f\u00e9l napot. A<a href=\"https:\/\/www.bfnp.hu\/hu\/latogatohelyek-3\/loczy-barlang-balatonfured\" target=\"_blank\" target=\"_blank\" rel=\"noopener\"> L\u00f3czy-barlang<\/a> a Tam\u00e1s-hegy alj\u00e1ban ny\u00edlik, Balatonf\u00fcred vas\u00fat\u00e1llom\u00e1s\u00e1t\u00f3l aut\u00f3val nagyj\u00e1b\u00f3l 5 perc alatt, gyalog pedig k\u00f6r\u00fclbel\u00fcl f\u00e9l\u00f3r\u00e1s s\u00e9t\u00e1val \u00e9rhet\u0151 el. A Balaton-felvid\u00e9ki Nemzeti Park t\u00e1j\u00e9koztat\u00e1sa szerint <strong>a fokozottan v\u00e9dett barlanghoz turistajelz\u00e9s vezet a vas\u00fat\u00e1llom\u00e1st\u00f3l \u00e9s a J\u00f3kai-kil\u00e1t\u00f3t\u00f3l is.<\/strong><\/p>\n<blockquote class=\"article__extraTxt\"><p>A L\u00f3czy-barlangot 1882-ben k\u0151fejt\u0151 munk\u00e1sok fedezt\u00e9k fel, k\u00f6zel 150 m\u00e9ter hossz\u00fa \u00e9s 20 m\u00e9ter m\u00e9ly, a Balaton k\u00f6rny\u00e9k\u00e9nek egyik legizgalmasabb&nbsp; l\u00e1tnival\u00f3ja.<\/p><\/blockquote>\n<p>&nbsp;L\u00f3czy Lajosr\u00f3l, a Balaton vil\u00e1gh\u00edr\u0171 kutat\u00f3j\u00e1r\u00f3l kapta a nev\u00e9t. Ha valaki nem akar eg\u00e9sz napos t\u00far\u00e1t, m\u00e9gis szeretne kicsit kiszakadni a parti forgatagb\u00f3l, ez ide\u00e1lis kombin\u00e1ci\u00f3: barlangl\u00e1togat\u00e1s, r\u00f6vid erdei s\u00e9ta, majd kil\u00e1t\u00e1s a Tam\u00e1s-hegy k\u00f6rny\u00e9k\u00e9r\u0151l.&nbsp; A v\u00e1ros sz\u00edv\u00e9ben k\u00fcl\u00f6nlegesebb \u00e1llom\u00e1s lehet a Katti Zo\u00f3b Fashion Museum is, amely egy fel\u00faj\u00edtott 19. sz\u00e1zadi vill\u00e1ban vezet be a magyar divatt\u00f6rt\u00e9net \u00e9s a tervez\u0151 ikonikus darabjainak vil\u00e1g\u00e1ba. A Tam\u00e1s-hegy k\u00f6rny\u00e9ke r\u00f6videbb s\u00e9t\u00e1val is bej\u00e1rhat\u00f3, az Aranyember tan\u00f6sv\u00e9ny pedig J\u00f3kai M\u00f3r vil\u00e1g\u00e1t \u00e9s a t\u00e9rs\u00e9g term\u00e9szeti \u00e9rt\u00e9keit kapcsolja \u00f6ssze. Balatonf\u00fcred rejtettebb arc\u00e1hoz tartozik a Villa Gyetvai is, amely egy r\u00e9gi villa\u00e9p\u00fcletben kort\u00e1rs ki\u00e1ll\u00edt\u00e1sokkal, borokkal, terasszal \u00e9s kerttel k\u00edn\u00e1l lassabb, hangulatosabb meg\u00e1ll\u00f3t.<\/p>\n<h2>Tapolca alatt cs\u00f3nak\u00e1zni is lehet<\/h2>\n<p>A <a href=\"https:\/\/www.bfnp.hu\/hu\/latogatohelyek-3\/tapolcai-tavasbarlang-tapolca\" target=\"_blank\" target=\"_blank\" rel=\"noopener\">Tapolcai-tavasbarlang<\/a> az egyik legjobb p\u00e9lda arra, hogy a Balaton k\u00f6rny\u00e9k\u00e9n mennyire sokf\u00e9le \u00e9lm\u00e9ny f\u00e9r meg egym\u00e1s mellett. Itt nem a t\u00f3 v\u00edz\u00e9n, hanem <strong>egy kisv\u00e1ros alatt lehet cs\u00f3nak\u00e1zni.<\/strong> A l\u00e1togat\u00f3k\u00f6zpontban a <a href=\"https:\/\/www.startlap.hu\/utazas\/tapolca-a-barlangokra-epult-magyar-varos\/\" target=\"_blank\" rel=\"noopener\">barlangi cs\u00f3nak\u00e1z\u00e1s<\/a> mellett a Csod\u00e1latos karszt ki\u00e1ll\u00edt\u00e1s is v\u00e1rja az \u00e9rdekl\u0151d\u0151ket, szakvezet\u00e9ssel \u00e9s m\u00e1sz\u00f3fallal.<\/p>\n<blockquote class=\"article__extraTxt\"><p>A hely t\u00f6rt\u00e9nete \u00f6nmag\u00e1ban is \u00e9rdekes: a tavasbarlangot 1903-ban, k\u00fat\u00e1s\u00e1s k\u00f6zben fedezt\u00e9k fel, majd t\u00edz \u00e9vvel k\u00e9s\u0151bb megnyitott\u00e1k a l\u00e1togat\u00f3k el\u0151tt.<\/p><\/blockquote>\n<p>A tiszta, nagyj\u00e1b\u00f3l 20 Celsius-fokos v\u00edznek \u00e9s az \u00e1lland\u00f3 barlangi kl\u00edm\u00e1nak k\u00f6sz\u00f6nhet\u0151en a l\u00e1togat\u00e1s eg\u00e9sz \u00e9vben k\u00e9nyelmes \u00e9lm\u00e9ny lehet, ak\u00e1r gyerekekkel is. K\u00fcl\u00f6n \u00e9rdekess\u00e9g, hogy a tavasbarlang vize a f\u00f6ld alatt tov\u00e1bbhalad, majd a k\u00f6zeli Malom-t\u00f3ban bukkan \u00fajra felsz\u00ednre, \u00edgy a f\u00f6ld alatti kalandot \u00e9rdemes egy tapolcai s\u00e9t\u00e1val is \u00f6sszek\u00f6tni. Ez volt Magyarorsz\u00e1gon az els\u0151 olyan barlang, amelyet villanyvil\u00e1g\u00edt\u00e1ssal l\u00e1ttak el, \u00e9s idegenforgalmi c\u00e9lra is haszn\u00e1ltak. A l\u00e1togat\u00f3k\u00f6zpont id\u0151pontos jegykiad\u00e1ssal m\u0171k\u00f6dik, \u00e9s nagy forgalm\u00fa id\u0151szakokban a jegyv\u00e1lt\u00e1s \u00e9s a bel\u00e9p\u00e9s k\u00f6z\u00f6tt hosszabb v\u00e1rakoz\u00e1s is lehet.<\/p>\n<blockquote class=\"instagram-media\" style=\"background: #FFF; border: 0; border-radius: 3px; margin: 1px; max-width: 658px; min-width: 326px; padding: 0; width: calc(100% - 2px);\" data-instgrm-permalink=\"https:\/\/www.instagram.com\/p\/CrGXpoeMsPp\/?utm_source=ig_embed&amp;utm_campaign=loading\" data-instgrm-version=\"14\">\n<div style=\"padding: 16px;\">\n<p>&nbsp;<\/p>\n<div style=\"flex-direction: row; align-items: center;\">\n<div style=\"background-color: #f4f4f4; border-radius: 50%; flex-grow: 0; height: 40px; margin-right: 14px; width: 40px;\">&nbsp;<\/div>\n<div style=\"flex-direction: column; flex-grow: 1; justify-content: center;\">\n<div style=\"background-color: #f4f4f4; border-radius: 4px; flex-grow: 0; height: 14px; margin-bottom: 6px; width: 100px;\">&nbsp;<\/div>\n<div style=\"background-color: #f4f4f4; border-radius: 4px; flex-grow: 0; height: 14px; width: 60px;\">&nbsp;<\/div>\n<\/div>\n<\/div>\n<div style=\"padding: 19% 0;\">&nbsp;<\/div>\n<div style=\"height: 50px; margin: 0 auto 12px; width: 50px;\">&nbsp;<\/div>\n<div style=\"padding-top: 8px;\">\n<div style=\"color: #3897f0; font-family: Arial,sans-serif; font-size: 14px; font-style: normal; font-weight: 550; line-height: 18px;\">View this post on Instagram<\/div>\n<\/div>\n<div style=\"padding: 12.5% 0;\">&nbsp;<\/div>\n<div style=\"flex-direction: row; margin-bottom: 14px; align-items: center;\">\n<div>\n<div style=\"background-color: #f4f4f4; border-radius: 50%; height: 12.5px; width: 12.5px;\">&nbsp;<\/div>\n<div style=\"background-color: #f4f4f4; height: 12.5px; width: 12.5px; flex-grow: 0; margin-right: 14px; margin-left: 2px;\">&nbsp;<\/div>\n<div style=\"background-color: #f4f4f4; border-radius: 50%; height: 12.5px; width: 12.5px;\">&nbsp;<\/div>\n<\/div>\n<div style=\"margin-left: 8px;\">\n<div style=\"background-color: #f4f4f4; border-radius: 50%; flex-grow: 0; height: 20px; width: 20px;\">&nbsp;<\/div>\n<div style=\"width: 0; height: 0; border-top: 2px solid transparent; border-left: 6px solid #f4f4f4; border-bottom: 2px solid transparent;\">&nbsp;<\/div>\n<\/div>\n<div style=\"margin-left: auto;\">\n<div style=\"width: 0px; border-top: 8px solid #F4F4F4; border-right: 8px solid transparent;\">&nbsp;<\/div>\n<div style=\"background-color: #f4f4f4; flex-grow: 0; height: 12px; width: 16px;\">&nbsp;<\/div>\n<div style=\"width: 0; height: 0; border-top: 8px solid #F4F4F4; border-left: 8px solid transparent;\">&nbsp;<\/div>\n<\/div>\n<\/div>\n<div style=\"flex-direction: column; flex-grow: 1; justify-content: center; margin-bottom: 24px;\">\n<div style=\"background-color: #f4f4f4; border-radius: 4px; flex-grow: 0; height: 14px; margin-bottom: 6px; width: 224px;\">&nbsp;<\/div>\n<div style=\"background-color: #f4f4f4; border-radius: 4px; flex-grow: 0; height: 14px; width: 144px;\">&nbsp;<\/div>\n<\/div>\n<p>&nbsp;<\/p>\n<\/div>\n<\/blockquote>\n<p><script async=\"\" src=\"https:\/\/www.instagram.com\/embed.js\"><\/script>&nbsp;<\/p>\n<h2>Badacsony helyett: Szent Gy\u00f6rgy-hegy<\/h2>\n<p>A Szent Gy\u00f6rgy-hegy a Tapolcai-medence egyik legl\u00e1tv\u00e1nyosabb tan\u00fahegye, ami sz\u0151l\u0151kkel bor\u00edtott oldal\u00e1val \u00e9s bazaltorgon\u00e1ival a Balaton-felvid\u00e9k egyik legizgalmasabb kir\u00e1ndul\u00f3helye.<strong> A 415 m\u00e9ter magas hegyen egy r\u00f6vid, de helyenk\u00e9nt meredek, nagyj\u00e1b\u00f3l 5 kilom\u00e9teres t\u00far\u00e1val lehet bej\u00e1rni a legszebb pontokat: a f\u00fcves fenns\u00edkr\u00f3l a Badacsonyra, a Gul\u00e1csra, Szigligetre \u00e9s a Balaton v\u00edzt\u00fckr\u00e9re ny\u00edlik kil\u00e1t\u00e1s, a plat\u00f3 perem\u00e9n pedig a bazaltorgon\u00e1k adj\u00e1k a t\u00fara legdr\u00e1maibb l\u00e1tv\u00e1ny\u00e1t.<\/strong><\/p>\n<p>A hegyoldalban fut\u00f3 \u00fat \u00e9rinti a J\u00e9gbarlangnak nevezett h\u0171v\u00f6s \u00fcreget, az egykori Ify-k\u00e1polna romos, k\u00fcl\u00f6n\u00f6s hangulat\u00fa hely\u00e9t, majd a sz\u0151l\u0151k k\u00f6z\u00f6tt elvezet az 1775-ben \u00e9p\u00fclt barokk Lengyel-k\u00e1poln\u00e1hoz \u00e9s a Tar\u00e1nyi-pr\u00e9sh\u00e1zhoz is. \u00datk\u00f6zben az Oroszl\u00e1nfej\u0171-k\u00fat is felbukkan, de a v\u00edz ihat\u00f3s\u00e1g\u00e1t mindig a helysz\u00edni jelz\u00e9s alapj\u00e1n \u00e9rdemes ellen\u0151rizni. B\u00e1r a t\u00fara nem hossz\u00fa, a meredekebb szakaszok \u00e9s a n\u00e9hol nehezebben k\u00f6vethet\u0151 jelz\u00e9sek miatt k\u00e9nyelmes t\u00faracip\u0151vel, v\u00edzzel \u00e9s napv\u00e9delemmel \u00e9rdemes nekiv\u00e1gni.<\/p>\n<h2>Szigliget, ahol a v\u00e1rb\u00f3l a Balaton egyik legszebb arca l\u00e1tszik<\/h2>\n<p>Szigliget nem v\u00e9letlen\u00fcl tartozik a Balaton legszebb telep\u00fcl\u00e9sei k\u00f6z\u00e9: a mintegy 900 \u00e9ves falu egyszerre ad v\u00e1rromantik\u00e1t, panor\u00e1m\u00e1t, r\u00e9gi balatoni hangulatot \u00e9s csendes, s\u00e9t\u00e1l\u00f3utc\u00e1kat. A legt\u00f6bben a meredeken emelked\u0151 Szigligeti v\u00e1r miatt \u00e9rkeznek, amelyet sokan a Balaton v\u00e1rak\u00e9nt emlegetnek, \u00e9s ahonnan a t\u00f3, a Badacsony, a tan\u00fahegyek \u00e9s a telep\u00fcl\u00e9s h\u00e1zai is l\u00e1tv\u00e1nyos d\u00edszletk\u00e9nt ter\u00fclnek el a l\u00e1togat\u00f3 el\u0151tt.<\/p>\n<blockquote class=\"article__extraTxt\"><p>A v\u00e1r l\u00e1b\u00e1n\u00e1l fekv\u0151 \u00d3falu n\u00e1dfedeles, feh\u00e9rre meszelt h\u00e1zai a 18-19. sz\u00e1zad hangulat\u00e1t id\u00e9zik, a sz\u0171k utc\u00e1kon s\u00e9t\u00e1lva pedig n\u00e9hol t\u00e9nyleg olyan \u00e9rz\u00e9s\u00fcnk lehet, mintha egy \u00e9l\u0151 skanzenben j\u00e1rn\u00e1nk.<\/p><\/blockquote>\n<p>Aki a term\u00e9szetesebb arc\u00e1t is megismern\u00e9 Szigligetnek, annak j\u00f3 v\u00e1laszt\u00e1s a Kamon-k\u0151 tan\u00f6sv\u00e9ny, amely k\u00f6r\u00fclbel\u00fcl 6 kilom\u00e9teren \u00e1t mutatja meg a telep\u00fcl\u00e9s term\u00e9szeti \u00e9s kult\u00fart\u00f6rt\u00e9neti \u00e9rt\u00e9keit, vagy az \u00d3v\u00e1ri kil\u00e1t\u00f3, ahonnan Szigligetre, a Badacsonyra \u00e9s a Balatonra ny\u00edlik kil\u00e1t\u00e1s. A k\u00f6rny\u00e9k t\u00f6rt\u00e9nelmi r\u00e9tegeit az avasi \u00c1rp\u00e1d-kori templomrom, a R\u00f3kar\u00e1nt\u00f3-dombon \u00e1ll\u00f3 Szenth\u00e1roms\u00e1g-k\u00e1polna, a v\u00e1rhoz k\u00f6zeli Sz\u0171z M\u00e1ria neve templom \u00e9s az egykori Esterh\u00e1zy-kast\u00e9lyban m\u0171k\u00f6d\u0151 Szigligeti Alkot\u00f3h\u00e1z is gazdag\u00edtja, ahol a magyar irodalom sz\u00e1mos nagy alakja megfordult.&nbsp;<\/p>\n<h2>K\u0151tenger Szentb\u00e9kk\u00e1ll\u00e1n: mintha m\u00e1sik t\u00e1jon j\u00e1rn\u00e1nk<\/h2>\n<p>A K\u00e1li-medence egyik legk\u00fcl\u00f6nlegesebb helye <strong>a Szentb\u00e9kk\u00e1llai k\u0151tenger.<\/strong> Nem klasszikus kil\u00e1t\u00f3pont, nem m\u00fazeum, nem strand, hanem olyan term\u00e9szeti k\u00e9pz\u0151dm\u00e9ny, amely eg\u00e9szen m\u00e1s hangulatot ad a balatoni kir\u00e1ndul\u00e1snak.<\/p>\n<p>A k\u0151tenger saj\u00e1t felel\u0151ss\u00e9gre l\u00e1togathat\u00f3, ugyanakkor a Szentb\u00e9kk\u00e1lla telep\u00fcl\u00e9s fel\u0151li gyalog\u00f6sv\u00e9ny \u00e9s az Ing\u00f3k\u0151 k\u00f6z\u00f6tti, t\u00e1bl\u00e1kkal lehat\u00e1rolt ter\u00fclet lez\u00e1rt, ez\u00e9rt nem megk\u00f6zel\u00edthet\u0151. A f\u00e1kra, t\u00f6rzsekre, odvas vagy sz\u00e1rad\u00f3 biot\u00f3p f\u00e1kra felm\u00e1szni tilos. <strong>Ez az\u00e9rt fontos, mert a k\u0151tenger sz\u00e9ps\u00e9ge \u00e9ppen a term\u00e9szetess\u00e9g\u00e9ben van. <\/strong>El\u00e9g lassan v\u00e9gigs\u00e9t\u00e1lni, n\u00e9zni a hatalmas k\u00f6veket, a ligetes k\u00f6rnyezetet \u00e9s a K\u00e1li-medence csendesebb arc\u00e1t.<\/p>\n<h2>Keszthelyen nem csak a part miatt \u00e9rdemes id\u0151zni<\/h2>\n<p><a href=\"https:\/\/www.startlap.hu\/utazas\/hova-utazz-zala-megye-legjobb-latnivalok-travellina-tippek-fotok\/\" target=\"_blank\" rel=\"noopener\">Keszthely<\/a> a Balaton egyik legpatin\u00e1sabb v\u00e1rosa, ahol a t\u00f3parti hangulat mell\u00e9 komoly t\u00f6rt\u00e9nelmi m\u00falt, k\u00fcl\u00f6nleges m\u00fazeumok \u00e9s eg\u00e9szen szokatlan l\u00e1tnival\u00f3k t\u00e1rsulnak. A v\u00e1ros legismertebb \u00e9kk\u00f6ve a Festetics-\u00f6r\u00f6ks\u00e9g, de nem csak a kast\u00e9ly miatt \u00e9rdemes itt id\u0151zni: a Babam\u00fazeumban l\u00e1that\u00f3 Csigaparlament p\u00e9ld\u00e1ul az orsz\u00e1g egyik legfurcs\u00e1bb makettje, amelyet Miskei Ilona t\u00f6bb mint egy \u00e9vtizedes munk\u00e1val, t\u00f6bb sz\u00e1zezer \u0151smaradv\u00e1nyb\u00f3l \u00e9p\u00edtett meg. Gyenesdi\u00e1son a Festetics-kil\u00e1t\u00f3 360 fokos panor\u00e1m\u00e1t ny\u00fajt a Keszthelyi-\u00f6b\u00f6lre \u00e9s a hegys\u00e9gre, a Fen\u00e9kpuszta fel\u00e9 vezet\u0151, t\u00f6bb kilom\u00e9teres Fenyves-all\u00e9 pedig Festetics II. Taszil\u00f3 \u00e9s Lady Mary Hamilton kor\u00e1t id\u00e9zi meg a k\u00fcl\u00f6nleges, id\u0151s feketefeny\u0151kkel.<\/p>\n<p><strong>A Festetics csal\u00e1d m\u00faltj\u00e1hoz kapcsol\u00f3dik a fen\u00e9kpusztai kiskast\u00e9ly is, ahol a l\u00f3teny\u00e9szt\u00e9s \u00e9s a hajdani majors\u00e1g t\u00f6rt\u00e9nete elevenedik meg, m\u00edg a Helikon park a v\u00e1ros z\u00f6ld, irodalmi eml\u00e9kekkel \u00e1tsz\u0151tt pihen\u0151helye, amelynek neve a Festetics Gy\u00f6rgy \u00e1ltal elind\u00edtott Helikon \u00dcnneps\u00e9gekhez k\u00f6t\u0151dik.<\/strong> Keszthely \u00edgy nemcsak f\u00fcrd\u0151v\u00e1ros, hanem val\u00f3di balatoni kult\u00farv\u00e1ros is: egy hely, ahol a kast\u00e9lyok, parkok, kil\u00e1t\u00f3k, k\u00fcl\u00f6nleges gy\u0171jtem\u00e9nyek \u00e9s r\u00e9gi t\u00f6rt\u00e9netek miatt akkor is k\u00f6nny\u0171 tartalmas napot elt\u00f6lteni, ha \u00e9ppen nem a strandol\u00e1s a f\u0151 c\u00e9l.<br \/>\n&nbsp;<br \/>\n&nbsp;<br \/>\n&nbsp;<\/p>\n<blockquote class=\"instagram-media\" style=\"background: #FFF; border: 0; border-radius: 3px; margin: 1px; max-width: 658px; min-width: 326px; padding: 0; width: calc(100% - 2px);\" data-instgrm-permalink=\"https:\/\/www.instagram.com\/p\/CrSgv3coaTg\/?utm_source=ig_embed&amp;utm_campaign=loading\" data-instgrm-version=\"14\">\n<div style=\"padding: 16px;\">\n<p>&nbsp;<\/p>\n<div style=\"flex-direction: row; align-items: center;\">\n<div style=\"background-color: #f4f4f4; border-radius: 50%; flex-grow: 0; height: 40px; margin-right: 14px; width: 40px;\">&nbsp;<\/div>\n<div style=\"flex-direction: column; flex-grow: 1; justify-content: center;\">\n<div style=\"background-color: #f4f4f4; border-radius: 4px; flex-grow: 0; height: 14px; margin-bottom: 6px; width: 100px;\">&nbsp;<\/div>\n<div style=\"background-color: #f4f4f4; border-radius: 4px; flex-grow: 0; height: 14px; width: 60px;\">&nbsp;<\/div>\n<\/div>\n<\/div>\n<div style=\"padding: 19% 0;\">&nbsp;<\/div>\n<div style=\"height: 50px; margin: 0 auto 12px; width: 50px;\">&nbsp;<\/div>\n<div style=\"padding-top: 8px;\">\n<div style=\"color: #3897f0; font-family: Arial,sans-serif; font-size: 14px; font-style: normal; font-weight: 550; line-height: 18px;\">View this post on Instagram<\/div>\n<\/div>\n<div style=\"padding: 12.5% 0;\">&nbsp;<\/div>\n<div style=\"flex-direction: row; margin-bottom: 14px; align-items: center;\">\n<div>\n<div style=\"background-color: #f4f4f4; border-radius: 50%; height: 12.5px; width: 12.5px;\">&nbsp;<\/div>\n<div style=\"background-color: #f4f4f4; height: 12.5px; width: 12.5px; flex-grow: 0; margin-right: 14px; margin-left: 2px;\">&nbsp;<\/div>\n<div style=\"background-color: #f4f4f4; border-radius: 50%; height: 12.5px; width: 12.5px;\">&nbsp;<\/div>\n<\/div>\n<div style=\"margin-left: 8px;\">\n<div style=\"background-color: #f4f4f4; border-radius: 50%; flex-grow: 0; height: 20px; width: 20px;\">&nbsp;<\/div>\n<div style=\"width: 0; height: 0; border-top: 2px solid transparent; border-left: 6px solid #f4f4f4; border-bottom: 2px solid transparent;\">&nbsp;<\/div>\n<\/div>\n<div style=\"margin-left: auto;\">\n<div style=\"width: 0px; border-top: 8px solid #F4F4F4; border-right: 8px solid transparent;\">&nbsp;<\/div>\n<div style=\"background-color: #f4f4f4; flex-grow: 0; height: 12px; width: 16px;\">&nbsp;<\/div>\n<div style=\"width: 0; height: 0; border-top: 8px solid #F4F4F4; border-left: 8px solid transparent;\">&nbsp;<\/div>\n<\/div>\n<\/div>\n<div style=\"flex-direction: column; flex-grow: 1; justify-content: center; margin-bottom: 24px;\">\n<div style=\"background-color: #f4f4f4; border-radius: 4px; flex-grow: 0; height: 14px; margin-bottom: 6px; width: 224px;\">&nbsp;<\/div>\n<div style=\"background-color: #f4f4f4; border-radius: 4px; flex-grow: 0; height: 14px; width: 144px;\">&nbsp;<\/div>\n<\/div>\n<p>&nbsp;<\/p>\n<\/div>\n<\/blockquote>\n<p><script async=\"\" src=\"https:\/\/www.instagram.com\/embed.js\"><\/script>&nbsp;<\/p>\n<p>A Helikon Kast\u00e9lym\u00fazeum a m\u00fazeum \u00f6t \u00e9p\u00fcletben hat \u00e1lland\u00f3 ki\u00e1ll\u00edt\u00e1st mutat be, a kast\u00e9lypark term\u00e9szetv\u00e9delmi ter\u00fclet, \u00e9s <strong>itt tal\u00e1lhat\u00f3 a p\u00e1lmah\u00e1z, a hint\u00f3ki\u00e1ll\u00edt\u00e1snak helyet ad\u00f3 kor\u00e1bbi kocsih\u00e1z, valamint a vad\u00e1szati \u00e9s t\u00f6rt\u00e9nelmi modellvas\u00fat ki\u00e1ll\u00edt\u00e1snak otthont ad\u00f3 \u00e9p\u00fclet is.&nbsp;<\/strong><\/p>\n<h2>Kis-Balaton: a t\u00f3 csendesebb, vadabb rokona<\/h2>\n<p>A Kis-Balaton a Balaton egyik legcsendesebb \u00e9s legmes\u00e9sebb vid\u00e9ke, ahol a n\u00e1dasok, vadvizek, madarak \u00e9s apr\u00f3 falvak eg\u00e9szen m\u00e1s hangulatot adnak, mint a ny\u00fczsg\u0151 t\u00f3part. A Balaton-felvid\u00e9ki Nemzeti Parkhoz tartoz\u00f3 ter\u00fcletet a Zala foly\u00f3 t\u00e1pl\u00e1lja, \u00e9l\u0151vil\u00e1ga pedig k\u00fcl\u00f6n\u00f6sen \u00e9rt\u00e9kes: a 19-20. sz\u00e1zadi foly\u00f3szab\u00e1lyoz\u00e1sok \u00e9s lecsapol\u00e1sok ut\u00e1n az 1970-es \u00e9vekt\u0151l indult rehabilit\u00e1ci\u00f3 seg\u00edtett abban, hogy a mocs\u00e1rvil\u00e1g \u00fajra\u00e9ledjen.<\/p>\n<blockquote class=\"article__extraTxt\"><p>A k\u00f6rny\u00e9k egyik legismertebb pontja a K\u00e1nyav\u00e1ri-sziget, ahov\u00e1 ikonikus fah\u00edd vezet, \u00e9s ahol a B\u00fabos v\u00f6cs\u00f6k tan\u00f6sv\u00e9ny nagyj\u00e1b\u00f3l 1,5 kilom\u00e9teren mutatja be a Kis-Balaton mad\u00e1rvil\u00e1g\u00e1t.<\/p><\/blockquote>\n<p>Zalav\u00e1rn\u00e1l a Kis-Balaton H\u00e1z \u00e9s a Zalav\u00e1ri T\u00f6rt\u00e9nelmi Eml\u00e9kpark k\u00edn\u00e1l tartalmas meg\u00e1ll\u00f3t \u00c1rp\u00e1d-kori eml\u00e9kekkel, Cirill \u00e9s Met\u00f3d-oszlopokkal \u00e9s a Makovecz Imre tervezte Millenniumi Eml\u00e9k\u00e9p\u00fclettel, m\u00edg K\u00e1polnapuszt\u00e1n a bivalyrezerv\u00e1tumban az orsz\u00e1g egyik legjelent\u0151sebb l\u00e1togathat\u00f3 bivalycsord\u00e1j\u00e1t lehet megfigyelni. <strong>V\u00f6rs, amelyet gyakran a Kis-Balaton f\u0151v\u00e1rosak\u00e9nt emlegetnek, a Talpash\u00e1zzal, a T\u0171zolt\u00f3 M\u00fazeummal, a Szent M\u00e1rton-templom h\u00edres betlehem\u00e9vel \u00e9s a Makovecz-iskol\u00e1hoz k\u00f6t\u0151d\u0151 T\u00fcskev\u00e1r ABC-vel ad k\u00fcl\u00f6nleges falusi kit\u00e9r\u0151t.<\/strong> A fen\u00e9kpusztai Kis-Balaton L\u00e1togat\u00f3k\u00f6zpont pedig modern, interakt\u00edv ki\u00e1ll\u00edt\u00e1ssal, mozival, tan\u00f6sv\u00e9nnyel, j\u00e1tsz\u00f3t\u00e9rrel \u00e9s vezetett t\u00far\u00e1kkal teszi m\u00e9g k\u00f6zelebbiv\u00e9 ezt a vizes \u00e9l\u0151helyet, ahonnan el\u0151zetes bejelentkez\u00e9ssel a fokozottan v\u00e9dett Di\u00e1s-sziget, a Fekete Istv\u00e1n-eml\u00e9khely \u00e9s a Matula-kunyh\u00f3 vil\u00e1ga is felfedezhet\u0151.<\/p>\n<div class='iframe-wrapper youtube'><iframe loading=\"lazy\" title=\"Zala z\u00f6ld sz\u00edve - A Kis-Balaton (4K)\" width=\"500\" height=\"281\" src=\"https:\/\/www.youtube.com\/embed\/FeJ3ynPYSMo?feature=oembed\" frameborder=\"0\" allow=\"accelerometer; autoplay; clipboard-write; encrypted-media; gyroscope; picture-in-picture; web-share\" referrerpolicy=\"strict-origin-when-cross-origin\" allowfullscreen><\/iframe><\/div>\n<p>&nbsp;<\/p>\n<h2>Balatonbogl\u00e1r, ha d\u00e9li parti panor\u00e1m\u00e1t keresel<\/h2>\n<p>Balatonbogl\u00e1r legismertebb pontja a V\u00e1rdombon \u00e1ll\u00f3 G\u00f6mbkil\u00e1t\u00f3, ahonnan sz\u00e9p id\u0151ben k\u00fcl\u00f6n\u00f6sen l\u00e1tv\u00e1nyos panor\u00e1ma ny\u00edlik a Balatonra, a k\u00f6rny\u00e9ken pedig lombkorona\u00f6sv\u00e9ny, bobp\u00e1lya \u00e9s kalandpark is m\u0171k\u00f6dik, \u00edgy rosszabb strandid\u0151ben is j\u00f3 alternat\u00edva lehet. A v\u00e1ros nyugodtabb, klasszikus balatoni arc\u00e1t <strong>a Plat\u00e1n szabadstrand \u00e9s parkos\u00edtott k\u00f6rny\u00e9ke adja, ahol s\u00e9t\u00e1nyok, z\u00f6ldfel\u00fcletek, j\u00e1tsz\u00f3terek, sportp\u00e1ly\u00e1k, b\u00fcf\u00e9k \u00e9s a kik\u00f6t\u0151 k\u00f6zels\u00e9ge miatt ak\u00e1r egy eg\u00e9sz d\u00e9lut\u00e1nt is el lehet t\u00f6lteni.<\/strong> Aki pedig panor\u00e1m\u00e1sabb, borosabb hangulatra v\u00e1gyik, annak \u00e9rdemes felmenni a Balatonlelle m\u00f6g\u00f6tt h\u00faz\u00f3d\u00f3 Kishegyre: a k\u00e1polna, a sz\u0151l\u0151k, a borospinc\u00e9k \u00e9s az \u00e9szaki part fel\u00e9 ny\u00edl\u00f3 kil\u00e1t\u00e1s miatt ez a d\u00e9li part egyik legszebb naplement\u00e9s helysz\u00edne. A Kishegyi kil\u00e1t\u00f3pont r\u00f6vid s\u00e9t\u00e1val el\u00e9rhet\u0151 a parkerd\u0151n kereszt\u00fcl, ahol pihen\u0151helyek, szalonnas\u00fct\u0151, j\u00e1tsz\u00f3t\u00e9r \u00e9s t\u00faraker\u00e9kp\u00e1ros \u00fatvonal is tal\u00e1lhat\u00f3.<\/p>\n<h2>Balatonkenese: magasparti kil\u00e1t\u00e1s, n\u00f6v\u00e9nyritkas\u00e1gok<\/h2>\n<p>A helyi Falum\u00fazeumban a v\u00e1ros m\u00faltj\u00e1hoz kapcsol\u00f3d\u00f3 n\u00e9prajzi eml\u00e9kek, gazdas\u00e1gi eszk\u00f6z\u00f6k, helyt\u00f6rt\u00e9neti dokumentumok \u00e9s So\u00f3s Lajos k\u00f6lt\u0151 eml\u00e9kt\u00e1rgyai id\u00e9zik meg Kenese r\u00e9gi vil\u00e1g\u00e1t, m\u00edg a 3,5 hekt\u00e1ros Parragh-kert az \u00f6r\u00f6kz\u00f6ld gy\u0171jtem\u00e9ny\u00e9vel \u00e9s v\u00e9dett n\u00f6v\u00e9nyeivel ad nyugodt, term\u00e9szetk\u00f6zeli s\u00e9talehet\u0151s\u00e9get.<\/p>\n<blockquote class=\"article__extraTxt\"><p>A legszebb panor\u00e1m\u00e1\u00e9rt a So\u00f3s-hegyre \u00e9rdemes felkapaszkodni: a Balatonf\u0171zf\u0151 \u00e9s Balatonvil\u00e1gos k\u00f6z\u00f6tti magaspart kenesei szakasz\u00e1r\u00f3l, a kil\u00e1t\u00f3b\u00f3l hosszan bel\u00e1tni a Balatont, az oda vezet\u0151 tan\u00f6sv\u00e9ny pedig a k\u00f6rny\u00e9k \u00e9l\u0151vil\u00e1g\u00e1ba is bepillant\u00e1st enged.<\/p><\/blockquote>\n<p>A hegy l\u00e1b\u00e1n\u00e1l lovasudvar is m\u0171k\u00f6dik, a telep\u00fcl\u00e9s \u00e9p\u00edtett \u00f6r\u00f6ks\u00e9g\u00e9nek egyik \u00e9rdekes darabja pedig a Bagolyv\u00e1rk\u00e9nt ismert villa, amely J\u00e1nosi Guszt\u00e1v egykori balatoni rezidenci\u00e1ja volt, \u00e9s sk\u00f3t kast\u00e9lyokat id\u00e9z\u0151 megjelen\u00e9s\u00e9vel, irodalmi \u00e9s m\u0171v\u00e9szeti k\u00f6t\u0151d\u00e9seivel k\u00fcl\u00f6nleges sz\u00ednfoltja Balatonkenes\u00e9nek. \u00cdgy a v\u00e1ros nemcsak k\u00f6nnyen el\u00e9rhet\u0151 balatoni pihen\u0151hely, hanem olyan kir\u00e1ndul\u00f3c\u00e9l is, ahol a magasparti kil\u00e1t\u00e1s, a helyt\u00f6rt\u00e9net, a n\u00f6v\u00e9nyritkas\u00e1gok \u00e9s a r\u00e9gi vill\u00e1k hangulata egy\u00fctt ad tartalmas meg\u00e1ll\u00f3t.<\/p>\n<h2>Balatonederics: barlangt\u00fara azoknak, akik t\u00e9nyleg kalandot keresnek<\/h2>\n<p>Balatonederics a Nyugat-Balaton egyik soksz\u00edn\u0171 kapuja, ahol a Balaton l\u00e1tv\u00e1nya, a Keszthelyi-hegys\u00e9g lejt\u0151i, a Tapolcai-medence tan\u00fahegyei \u00e9s a telep\u00fcl\u00e9s t\u00f6rt\u00e9nelmi eml\u00e9kei egyszerre adj\u00e1k a kir\u00e1ndul\u00e1s hangulat\u00e1t. A falu k\u00f6z\u00e9pkori temploma rom\u00e1n \u00e9s g\u00f3tikus elemeket is \u0151riz, alapjaiban r\u00f3mai \u00e9p\u00fcletmaradv\u00e1nyokkal, mik\u00f6zben a telep\u00fcl\u00e9s t\u00f6rt\u00e9nete a t\u00f6r\u00f6k id\u0151k puszt\u00edt\u00e1sa ut\u00e1n is folytonos: b\u00e1r 1572-ben eln\u00e9ptelenedett, lak\u00f3i m\u00e1r az 1640-es \u00e9vekben visszat\u00e9rtek. <strong>Balatonederics legismertebb l\u00e1tv\u00e1nyoss\u00e1ga az Afrika M\u00fazeum, amelyet a neves afrikakutat\u00f3 \u00e9s vad\u00e1sz, dr. Nagy Endre alap\u00edtott egykori vad\u00e1szotthon\u00e1ban, \u00e9s ahol t\u00f6bb \u00e9vtized gy\u0171jt\u0151munk\u00e1j\u00e1nak darabjai, tr\u00f3fe\u00e1k, n\u00e9prajzi t\u00e1rgyak, valamint a k\u00f6rnyez\u0151 park \u00e1llatai id\u00e9zik meg Afrika vil\u00e1g\u00e1t a Balaton k\u00f6zel\u00e9ben.<\/strong> A telep\u00fcl\u00e9shez k\u00f6t\u0151dik a sokat emlegetett Fekete kast\u00e9ly is, amely 18. sz\u00e1zad v\u00e9gi v\u00e9dett m\u0171eml\u00e9k, de ma kedvez\u0151tlen \u00e1llapota miatt ink\u00e1bb k\u00fcl\u00f6n\u00f6s, sejtelmes l\u00e1tv\u00e1nyoss\u00e1gk\u00e9nt ismert.<\/p>\n<blockquote class=\"article__extraTxt\"><p>A term\u00e9szetj\u00e1r\u00f3knak a Csodabogy\u00f3s-barlang lehet a legizgalmasabb c\u00e9lpont: a Balatonedericsi-fenns\u00edk keleti perem\u00e9n ny\u00edl\u00f3, t\u00f6bb mint 6 kilom\u00e9ter hossz\u00fa barlang cseppk\u0151gazdags\u00e1ga dun\u00e1nt\u00fali viszonylatban is figyelemre m\u00e9lt\u00f3, \u00e9s k\u00e9pzett t\u00faravezet\u0151k k\u00eds\u00e9ret\u00e9ben kalandt\u00far\u00e1kon fedezhet\u0151 fel.<\/p><\/blockquote>\n<p>A csal\u00e1dosoknak a Pele ap\u00f3 tan\u00f6sv\u00e9ny ad k\u00f6nnyebb, gyerekbar\u00e1t \u00fatvonalat, m\u00edg a sz\u0151l\u0151hegy pr\u00e9sh\u00e1zai, kil\u00e1t\u00f3pontjai \u00e9s a Balatonra ny\u00edl\u00f3 panor\u00e1ma miatt Balatonederics akkor is j\u00f3 v\u00e1laszt\u00e1s, ha valaki a t\u00f3parti pihen\u00e9s mell\u00e9 egy kicsit vadreg\u00e9nyesebb, t\u00f6rt\u00e9nelmi \u00e9s term\u00e9szeti \u00e9lm\u00e9nyt keres.<\/p>\n<h2>Folly Arbor\u00e9tum: mediterr\u00e1n hangulat Badacsony\u00f6rs felett<\/h2>\n<p>Badacsony\u00f6rs f\u00f6l\u00f6tt tal\u00e1lhat\u00f3 a <a href=\"https:\/\/www.startlap.hu\/utazas\/legszebb-arboretum-botanikus-kert-magyarorszag\/\" target=\"_blank\" rel=\"noopener\">Folly Arbor\u00e9tum \u00e9s Bor\u00e1szat. <\/a>Az \u00d6rsi-hegy oldal\u00e1ban kialak\u00edtott kert t\u00f6rt\u00e9nete a 20. sz\u00e1zad elej\u00e9re ny\u00falik vissza, amikor dr. Folly Gyula a sz\u0151l\u0151k f\u00f6l\u00f6tti, meredekebb ter\u00fcletre a k\u00f6rny\u00e9ken nem honos, f\u0151k\u00e9nt mediterr\u00e1n \u00e9s szubtr\u00f3pusi feny\u0151f\u00e9l\u00e9ket, c\u00e9drusokat \u00e9s ciprusokat telep\u00edtett. Az arbor\u00e9tum ma is csal\u00e1di gondoz\u00e1sban \u00e1ll, \u00e9s az \u00e9vtizedek alatt val\u00f3di balatoni k\u00fcl\u00f6nlegess\u00e9gg\u00e9 n\u0151tte ki mag\u00e1t: a gondozott \u00f6sv\u00e9nyeken t\u00f6bb sz\u00e1z feny\u0151f\u00e9le, lombos fa, cserje \u00e9s \u00e9vel\u0151 k\u00f6z\u00f6tt lehet s\u00e9t\u00e1lni, mik\u00f6zben a hegyoldalr\u00f3l egyre szebb kil\u00e1t\u00e1s ny\u00edlik a Balatonra, a Badacsonyra \u00e9s a t\u00falpart fel\u00e9.<\/p>\n<blockquote class=\"article__extraTxt\"><p>A kert nemcsak n\u00f6v\u00e9nyritkas\u00e1gai miatt vonz\u00f3, hanem az\u00e9rt is, mert a csal\u00e1d a l\u00e1togat\u00f3i \u00e9lm\u00e9nyt is tudatosan \u00e9p\u00edtette fel: tan\u00f6sv\u00e9ny, t\u00e9rk\u00e9pes s\u00e9tautak, kil\u00e1t\u00f3, \u00f6koj\u00e1tsz\u00f3t\u00e9r, panor\u00e1m\u00e1s \u00e9tterem, bor\u00e1szat \u00e9s saj\u00e1t k\u00e9sz\u00edt\u00e9s\u0171 sz\u00f6rp\u00f6k teszik eg\u00e9sz napos, t\u00f6bbgener\u00e1ci\u00f3s kir\u00e1ndul\u00f3helly\u00e9.<\/p><\/blockquote>\n<p>A Folly-birtokon a bor\u00e1szat is fontos szerepet kap, a badacsonyi fajt\u00e1kb\u00f3l &#8211; p\u00e9ld\u00e1ul olaszrizlingb\u0151l, rajnai rizlingb\u0151l, k\u00e9knyel\u0171b\u0151l, sz\u00fcrkebar\u00e1tb\u00f3l \u00e9s budai z\u00f6ldb\u0151l &#8211; k\u00e9sz\u00fcl\u0151 t\u00e9telek mell\u00e9 szezon\u00e1lis \u00e9telek \u00e9s s\u00fctem\u00e9nyek is t\u00e1rsulnak.<\/p>\n<h2>\u00cdgy \u00e9rdemes megtervezni a hossz\u00fa h\u00e9tv\u00e9g\u00e9t<\/h2>\n<p>A legfontosabb, hogy ne akarjunk minden l\u00e1tnival\u00f3t egy napba s\u0171r\u00edteni, sokkal jobb, ha napokra bontjuk a kir\u00e1ndul\u00e1sokat.&nbsp; A t\u00f3 k\u00f6r\u00fcl n\u00e9h\u00e1ny kilom\u00e9teren bel\u00fcl eg\u00e9szen m\u00e1s vil\u00e1gok v\u00e1ltj\u00e1k egym\u00e1st: Tihany vulk\u00e1ni f\u00e9lszigete, a Tapolcai-medence tan\u00fahegyei, Szigliget v\u00e1ra, Keszthely kast\u00e9lya, a Kis-Balaton n\u00e1dasai, Balatonbogl\u00e1r g\u00f6mbkil\u00e1t\u00f3ja vagy Balatonkenese magaspartja mind ugyanannak a t\u00e1jnak m\u00e1s-m\u00e1s arc\u00e1t mutatj\u00e1k. \u00c9s \u00e9ppen ett\u0151l lesz a hossz\u00fa h\u00e9tv\u00e9ge t\u00f6bb egyszer\u0171 balatoni kiruccan\u00e1sn\u00e1l: nem csak pihen\u00e9s, hanem felfedez\u00e9s is.<\/p>\n<p>Ha meg is sz\u00e1lln\u00e1tok a k\u00f6rny\u00e9ken:<\/p>\n<section class=\"m-ratingRecommendation rating-recommendation\">\n            <div class=\"m-ratingRecommendation__wrap -imageWrap panel image\">\n            <img decoding=\"async\" class=\"m-ratingRecommendation__img\" src=\"https:\/\/www.startlap.hu\/utazas\/uploads\/sites\/3\/2026\/04\/wellness5-350x350.png\">\n        <\/div>\n        <div class=\"m-ratingRecommendation__wrap -infoWrap panel info\">\n        <h3 class=\"m-ratingRecommendation__title title\">Sz\u00e1ll\u00e1sok a Balaton k\u00f6rny\u00e9k\u00e9n<\/h3>\n        \n                    <p class=\"m-ratingRecommendation__description description\">Sz\u00e1ll\u00e1shelyek \u00e9s wellness-aj\u00e1nlatok a Balatonn\u00e1l<\/p>\n        \n                    <div class=\"m-ratingRecommendation__linkWrap links\">\n                <p class=\"m-ratingRecommendation__subTitle\">Itt is kaphatod:<\/p>\n                                            <a class=\"m-ratingRecommendation__btn recommendation-button\" href=\"https:\/\/www.maiutazas.hu\/tt\/?tt=5941_12_356366_&amp;r=\" target=\"_blank\">Maiutaz\u00e1s<\/a>\n                                            <a class=\"m-ratingRecommendation__btn recommendation-button\" href=\"https:\/\/www.szallasguru.hu\/tt\/?tt=38293_12_356366_&amp;r=\" target=\"_blank\">Sz\u00e1ll\u00e1sguru<\/a>\n                                            <a class=\"m-ratingRecommendation__btn recommendation-button\" href=\"https:\/\/www.kqzyfj.com\/click-101130796-15603515\" target=\"_blank\">Agoda<\/a>\n                                <\/div>\n            <\/div>\n    <span class=\"m-ratingRecommendation__advTxt adv\">Hirdet\u00e9s<\/span>\n<\/section>\n\n<div class=\"o-widget m-readMoreWidget -readMore u-shortDecorLineAfter row widget-container _ce_measure_widget bigdata-widget read-more\" data-ce-measure-widget=\"olvass tov\u00e1bb\">\n\t<div class=\"m-readMoreWidget__imgWrapper image-wrapper col-12 col-md-4 no-p\">\n\t\t<a class=\"m-readMoreWidget__imgLink\" href=\"https:\/\/www.startlap.hu\/utazas\/furdok-nyitas-belepoarak-2026\/\" >\n\t\t\t<img decoding=\"async\" src=\"https:\/\/www.startlap.hu\/utazas\/uploads\/sites\/3\/2026\/04\/furdo-no-350x285.jpg\" class=\"m-readMoreWidget__img\">\n\t\t<\/a>\n\t<\/div>\n\t<div class=\"m-readMoreWidget__titleWrapper title-wrapper col-12 col-md-8\">\n\t\t<span class=\"m-readMoreWidget__titleLabel u-shortDecorLineBefore label hidden-sm-up\">Ez is \u00e9rdekelhet:<\/span>\n\t\t<h3 class=\"m-readMoreWidget__title title\">\n\t\t\t<a class=\"m-readMoreWidget__titleLink -secondFont u-bold u-upperCase\" href=\"https:\/\/www.startlap.hu\/utazas\/furdok-nyitas-belepoarak-2026\/\" >P\u00e9ld\u00e1tlan, ami a hazai f\u00fcrd\u0151kben t\u00f6rt\u00e9nik 2026-ban &#8211; az is el\u00e1rult\u00e1k, mennyivel dr\u00e1gulnak id\u00e9n a bel\u00e9p\u0151k<\/a>\n\t\t<\/h3>\n\t\t<a class=\"m-readMoreWidget__btn -coloredBack u-tC link\" href=\"https:\/\/www.startlap.hu\/utazas\/furdok-nyitas-belepoarak-2026\/\" >Elolvasom<\/a>\n\t<\/div>\n<\/div>\n","protected":false},"excerpt":{"rendered":"<p>Nem kell percre pontos programterv ahhoz, hogy eml\u00e9kezetes legyen a balatoni hossz\u00fa h\u00e9tv\u00e9ge. El\u00e9g n\u00e9h\u00e1ny j\u00f3l kiv\u00e1lasztott hely, ahol a t\u00f3 eg\u00e9szen m\u00e1s arc\u00e1t mutatja.<\/p>\n","protected":false},"author":64,"featured_media":106571,"comment_status":"closed","ping_status":"closed","sticky":false,"template":"","format":"standard","meta":{"footnotes":""},"categories":[6],"tags":[289,279,158,4129,1343],"class_list":["post-106559","post","type-post","status-publish","format-standard","has-post-thumbnail","hentry","category-tippek","tag-badacsony","tag-balaton","tag-hosszu-hetvege","tag-majus-1","tag-tapolca"],"aioseo_notices":[],"_links":{"self":[{"href":"https:\/\/www.startlap.hu\/utazas\/wp-json\/wp\/v2\/posts\/106559","targetHints":{"allow":["GET"]}}],"collection":[{"href":"https:\/\/www.startlap.hu\/utazas\/wp-json\/wp\/v2\/posts"}],"about":[{"href":"https:\/\/www.startlap.hu\/utazas\/wp-json\/wp\/v2\/types\/post"}],"author":[{"embeddable":true,"href":"https:\/\/www.startlap.hu\/utazas\/wp-json\/wp\/v2\/users\/64"}],"replies":[{"embeddable":true,"href":"https:\/\/www.startlap.hu\/utazas\/wp-json\/wp\/v2\/comments?post=106559"}],"version-history":[{"count":10,"href":"https:\/\/www.startlap.hu\/utazas\/wp-json\/wp\/v2\/posts\/106559\/revisions"}],"predecessor-version":[{"id":106597,"href":"https:\/\/www.startlap.hu\/utazas\/wp-json\/wp\/v2\/posts\/106559\/revisions\/106597"}],"wp:featuredmedia":[{"embeddable":true,"href":"https:\/\/www.startlap.hu\/utazas\/wp-json\/wp\/v2\/media\/106571"}],"wp:attachment":[{"href":"https:\/\/www.startlap.hu\/utazas\/wp-json\/wp\/v2\/media?parent=106559"}],"wp:term":[{"taxonomy":"category","embeddable":true,"href":"https:\/\/www.startlap.hu\/utazas\/wp-json\/wp\/v2\/categories?post=106559"},{"taxonomy":"post_tag","embeddable":true,"href":"https:\/\/www.startlap.hu\/utazas\/wp-json\/wp\/v2\/tags?post=106559"}],"curies":[{"name":"wp","href":"https:\/\/api.w.org\/{rel}","templated":true}]}}