{"id":106554,"date":"2026-04-29T15:18:12","date_gmt":"2026-04-29T13:18:12","guid":{"rendered":"https:\/\/www.startlap.hu\/utazas\/?p=106554"},"modified":"2026-04-29T15:19:27","modified_gmt":"2026-04-29T13:19:27","slug":"sziget-nulladik-nap-gerendai","status":"publish","type":"post","link":"https:\/\/www.startlap.hu\/utazas\/sziget-nulladik-nap-gerendai\/","title":{"rendered":"Sziget: Korda Gy\u00f6rgy m\u00e1r a nulladik napon"},"content":{"rendered":"<p data-start=\"6434\" data-end=\"6581\">Gerendai K\u00e1roly a Sziget szerdai sajt\u00f3t\u00e1j\u00e9koztat\u00f3j\u00e1n arr\u00f3l besz\u00e9lt, hogy napokon bel\u00fcl szerz\u0151d\u00e9sbe foglalj\u00e1k a fesztiv\u00e1l \u00faj tulajdonosi fel\u00e1ll\u00e1s\u00e1t &#8211; \u00edrta a <strong><a href=\"https:\/\/www.hirstart.hu\/site\/relocate.php?rssid=242&amp;rsspid=3&amp;ctype=rss&amp;id=45472244&amp;chk=400fbdcd36608871f7abed22f545ad8f&amp;url=https%3A%2F%2Ftelex.hu%2Fafter%2F2026%2F04%2F29%2Fsziget-sajtotajekoztao-gerendai-karoly-kadar-tamas\" target=\"_blank\" target=\"_blank\" rel=\"noopener\">Telex<\/a><\/strong>.<\/p>\n<p data-start=\"6583\" data-end=\"6856\">A fesztiv\u00e1l alap\u00edt\u00f3ja szerint az \u00faj rendszerben a <strong>menedzsment 70 sz\u00e1zal\u00e9kos r\u00e9szt kap<\/strong>, m\u00edg a fennmarad\u00f3 30 sz\u00e1zal\u00e9k a Sziget fontos alv\u00e1llalkoz\u00f3i \u00e9s szakmai partnerei k\u00f6z\u00f6tt oszlik meg. A partnerek ebben a konstrukci\u00f3ban egyenk\u00e9nt 1\u20135 sz\u00e1zal\u00e9kos tulajdonr\u00e9szt szerezhetnek.<\/p>\n<p data-start=\"6858\" data-end=\"7056\">Gerendai \u00fagy l\u00e1tja, a szervez\u0151k sz\u00e1m\u00e1ra is felszabad\u00edt\u00f3, hogy ism\u00e9t <strong>arra koncentr\u00e1lhatnak, mit\u0151l lesz szerethet\u0151 a Sziget<\/strong>, nem pedig arra, hogyan feleljenek meg egy k\u00fclf\u00f6ldi tulajdonos elv\u00e1r\u00e1sainak.<\/p>\n<p data-start=\"7058\" data-end=\"7218\">K\u00e1d\u00e1r Tam\u00e1s f\u0151szervez\u0151 rem\u00e9li, hogy az idei jegyelad\u00e1sok t\u00falsz\u00e1rnyalj\u00e1k a tavalyi eredm\u00e9nyeket, \u00e9s a Sziget turisztikai t\u00e1mogat\u00e1shoz is juthat az \u00faj korm\u00e1nyt\u00f3l.<\/p>\n<h2 data-section-id=\"tkiqnh\" data-start=\"7220\" data-end=\"7262\">Visszahozn\u00e1k a r\u00e9gi Szigetek hangulat\u00e1t: Korda Gy\u00f6rgy is sz\u00ednpadra \u00e1ll<\/h2>\n<p data-start=\"7383\" data-end=\"7569\">Ez\u00fattal lesz nulladik nap, a programban ott lesz a <strong>Morcheeba \u00e9s a Faithless<\/strong> is, ut\u00e1nuk pedig a Revolut sz\u00ednpadon egy t\u00e1ncdalfesztiv\u00e1lokat id\u00e9z\u0151 afterparty k\u00f6vetkezik, t\u00f6bbek k\u00f6z\u00f6tt <strong>Korda Gy\u00f6rgy\u00e9kkel<\/strong>.<\/p>\n<figure id=\"attachment_106557\" aria-describedby=\"caption-attachment-106557\" style=\"width: 755px\" class=\"wp-caption alignnone\"><img loading=\"lazy\" decoding=\"async\" class=\"size-article-size-large-image wp-image-106557\" src=\"https:\/\/www.startlap.hu\/utazas\/uploads\/sites\/3\/2026\/04\/sziget_fesztival_-755x502.jpg\" alt=\"Fiatalok a Sziget fesztiv\u00e1l log\u00f3ja el\u0151tt fot\u00f3zkodnak\" width=\"755\" height=\"502\" srcset=\"https:\/\/www.startlap.hu\/utazas\/uploads\/sites\/3\/2026\/04\/sziget_fesztival_-755x502.jpg 755w, https:\/\/www.startlap.hu\/utazas\/uploads\/sites\/3\/2026\/04\/sziget_fesztival_-250x165.jpg 250w, https:\/\/www.startlap.hu\/utazas\/uploads\/sites\/3\/2026\/04\/sziget_fesztival_-526x350.jpg 526w, https:\/\/www.startlap.hu\/utazas\/uploads\/sites\/3\/2026\/04\/sziget_fesztival_.jpg 1203w\" sizes=\"auto, (max-width: 755px) 100vw, 755px\" \/><figcaption id=\"caption-attachment-106557\" class=\"wp-caption-text\">Ism\u00e9t lesz nulladik nap a Szigeten &#8211; Fot\u00f3: Kisbenedek Atilla \/ AFP<\/figcaption><\/figure>\n<p data-start=\"7571\" data-end=\"7697\">A szervez\u0151k azt is jelezt\u00e9k, hogy <strong>m\u00ednusz els\u0151 nappal<\/strong> is k\u00e9sz\u00fclnek, ennek r\u00e9szleteit azonban csak k\u00e9s\u0151bb hozz\u00e1k nyilv\u00e1noss\u00e1gra.<\/p>\n<p data-start=\"7699\" data-end=\"7831\">K\u00e1d\u00e1r Tam\u00e1s szerint a K-h\u00edd fel\u00faj\u00edt\u00e1sa az idei fesztiv\u00e1l ut\u00e1n indulhat, \u00e9s a tervek szerint a 2027-es Szigetre m\u00e1r be is fejez\u0151dhet.<\/p>\n<p data-start=\"7833\" data-end=\"7941\">A vend\u00e9gl\u00e1t\u00e1sban is lesz v\u00e1ltoz\u00e1s: este hat el\u0151tt minden italt 10 sz\u00e1zal\u00e9kkal olcs\u00f3bban lehet majd megvenni.<\/p>\n<h2 data-section-id=\"1hrb6ah\" data-start=\"7943\" data-end=\"7982\">Nagy nevek \u00e9s magyar sz\u00ednpad is lesz<\/h2>\n<p data-start=\"7984\" data-end=\"8159\">A Sziget kor\u00e1bban m\u00e1r nyilv\u00e1noss\u00e1gra hozta az idei nagyobb neveket: fell\u00e9p t\u00f6bbek k\u00f6z\u00f6tt Skepta, Skrillex, a Bring Me The Horizon, Zara Larsson \u00e9s a Florence + The Machine is.<\/p>\n<p data-start=\"8161\" data-end=\"8324\">Az is kider\u00fclt, hogy a Sziget m\u00f6g\u00f6tt befektet\u0151k\u00e9nt is megjelen\u0151 <strong><a href=\"https:\/\/www.startlap.hu\/utazas\/kviz-budapest-eltunt-epulet\/\" target=\"_blank\" rel=\"noopener\">Budapest<\/a> Park<\/strong> saj\u00e1t sz\u00ednpadot kap, ahol kifejezetten magyar el\u0151ad\u00f3k \u00e9s zenekarok koncerteznek majd.<\/p>\n<p data-start=\"8326\" data-end=\"8449\">Az elektronikus zenei k\u00edn\u00e1lat is friss\u00fcl: a Der Klub nev\u0171 helysz\u00ednt a Turbina \u00e9s az Arzen\u00e1l k\u00f6zrem\u0171k\u00f6d\u00e9s\u00e9vel szervezik meg.<\/p>\n<h2 data-section-id=\"qx8i6o\" data-start=\"8451\" data-end=\"8506\">Hossz\u00fa bizonytalans\u00e1g ut\u00e1n rendezik meg a fesztiv\u00e1lt<\/h2>\n<p data-start=\"8508\" data-end=\"8609\">Az idei Sziget megrendez\u00e9se &#8211; hi\u00e1ba <a href=\"https:\/\/www.startlap.hu\/utazas\/horvatorszag-adria-laguna-europa\/\" target=\"_blank\" rel=\"noopener\"><strong>Eur\u00f3pa<\/strong><\/a> egyik legn\u00e9pszer\u0171bb fesztiv\u00e1lja &#8211; <strong>hossz\u00fa bizonytalans\u00e1g<\/strong> \u00e9s politikai-gazdas\u00e1gi huzavona ut\u00e1n v\u00e1lt biztoss\u00e1.<\/p>\n<p data-start=\"8611\" data-end=\"8801\">El\u0151bb az der\u00fclt ki, hogy a k\u00fclf\u00f6ldi tulajdonos, a luxemburgi Superstruct Entertainment \u2013 amelyet 2023-ban vett meg az amerikai KKR t\u0151kealap \u2013 nem akar t\u00f6bb magyarorsz\u00e1gi kock\u00e1zatot v\u00e1llalni.<\/p>\n<p data-start=\"8803\" data-end=\"9019\">Ezt k\u00f6vet\u0151en v\u00e1lt ismertt\u00e9, hogy <strong>Gerendai K\u00e1roly alap\u00edt\u00f3 visszavenn\u00e9 a fesztiv\u00e1lt<\/strong>, ehhez azonban a f\u0151v\u00e1ros t\u00e1mogat\u00e1s\u00e1ra is sz\u00fcks\u00e9ge volt, mert a Sziget kedvez\u0151bb ter\u00fclethaszn\u00e1lati meg\u00e1llapod\u00e1st szeretett volna k\u00f6tni.<\/p>\n<p data-start=\"9021\" data-end=\"9095\">A f\u0151v\u00e1ros azonban t\u00f6bb alkalommal sem szavazta meg a sz\u00fcks\u00e9ges javaslatot, annak ellen\u00e9re, hogy az esem\u00e9ny jelent\u0151s sz\u00e1mban csalogatja a f\u0151v\u00e1rosba a <strong><a href=\"https:\/\/www.startlap.hu\/utazas\/finnorszag-ado-turista\/\" target=\"_blank\" rel=\"noopener\">turist\u00e1kat<\/a><\/strong>.<\/p>\n<p data-start=\"9097\" data-end=\"9255\">Okt\u00f3ber v\u00e9g\u00e9n a F\u0151v\u00e1rosi K\u00f6zgy\u0171l\u00e9s ism\u00e9t nem fogadta el a bajba ker\u00fclt Sziget fennmarad\u00e1s\u00e1t seg\u00edt\u0151 el\u0151terjeszt\u00e9st, miut\u00e1n a Fidesz \u00e9s a Tisza is tart\u00f3zkodott.<\/p>\n<p data-start=\"9257\" data-end=\"9446\">A d\u00f6nt\u00e9s ut\u00e1n <strong>sokan m\u00e1r a fesztiv\u00e1l elmarad\u00e1s\u00e1t val\u00f3sz\u00edn\u0171s\u00edtett\u00e9k<\/strong>, \u00e1m m\u00e1snap fordulat t\u00f6rt\u00e9nt: Magyar P\u00e9ter Gerendai K\u00e1rollyal k\u00f6z\u00f6s szelfin jelezte, hogy j\u00f6v\u0151re tal\u00e1lkoz\u00e1s lesz a Szigeten.<\/p>\n<p data-start=\"9448\" data-end=\"9578\"><strong>Gerendai szerint v\u00e9g\u00fcl siker\u00fclt kompromisszumot k\u00f6tni\u00fck Magyar P\u00e9terrel<\/strong>, mindk\u00e9t oldal engedett, \u00edgy az idei Sziget megval\u00f3sulhat.<\/p>\n<h2 data-section-id=\"1x62qs3\" data-start=\"9580\" data-end=\"9609\">A fell\u00e9p\u0151lista is er\u0151s\u00f6dik<\/h2>\n<p data-start=\"9611\" data-end=\"10037\">Az idei Sziget programja nemcsak a m\u00e1r kor\u00e1bban bejelentett nagy nevekre \u00e9p\u00fcl. A friss bejelent\u00e9sek szerint <strong>Skepta, a grime egyik legismertebb alakja<\/strong> el\u0151sz\u00f6r koncertezik Magyarorsz\u00e1gon, ami \u00f6nmag\u00e1ban is komoly fog\u00e1s a fesztiv\u00e1lnak.<\/p>\n<p data-start=\"9611\" data-end=\"10037\">Mellette \u00e9rkezik <strong>Jorja Smith brit R&amp;B-\u00e9nekesn\u0151<\/strong>, Natasha Bedingfield, a holland-t\u00f6r\u00f6k pszichedelikus zen\u00e9t j\u00e1tsz\u00f3 Altin G\u00fcn, valamint a frontemberv\u00e1lt\u00e1s ut\u00e1n \u00fajrakezd\u0151 Black Country, New Road is.<\/p>\n<p data-start=\"10039\" data-end=\"10313\">Az elektronikus \u00e9s alternat\u00edv vonalat Peggy Gou, Soulwax, Sigrid, Teen Mortgage \u00e9s Deki Alem is er\u0151s\u00edti. A fesztiv\u00e1l \u00edgy t\u00f6bb m\u0171fajban pr\u00f3b\u00e1l sz\u00e9les k\u00f6z\u00f6ns\u00e9get megsz\u00f3l\u00edtani: a grime-t\u00f3l az R&amp;B-n \u00e9s az indie-n \u00e1t az elektronikus zen\u00e9ig sokf\u00e9le ir\u00e1ny jelenik meg a programban.<\/p>\n<p data-start=\"10315\" data-end=\"10610\"><strong>A magyar fell\u00e9p\u0151k k\u00f6z\u00f6tt<\/strong> ott lesz az NKS, Mikee Mykanic, 6363, a Duckshell, a Killakikitt, a Jazzbois, Bongor \u00e9s a Wavy is. A Budapest Park k\u00fcl\u00f6n sz\u00ednpada szint\u00e9n fontos szerepet kap: itt l\u00e9p fel a <strong>Kisp\u00e1l \u00e9s a Borz, a Quimby, valamint a Tankcsapda<\/strong>, amely A legjobb m\u00e9reg c\u00edm\u0171 album\u00e1t j\u00e1tssza el.<\/p>\n<p data-start=\"10612\" data-end=\"10912\">A Park sz\u00ednpad\u00e1n emellett <strong>Beton.Hofi, Pog\u00e1ny Indul\u00f3, Majka<\/strong>, Co Lee, az Analog Balaton, Byealex \u00e9s a Slepp, valamint Manuel is koncertet ad. Ez a fel\u00e1ll\u00e1s j\u00f3l mutatja, hogy az idei Sziget nemcsak nemzetk\u00f6zi nevekkel, hanem er\u0151s magyar programmal is pr\u00f3b\u00e1lja visszahozni a fesztiv\u00e1l kor\u00e1bbi lend\u00fclet\u00e9t.<\/p>\n<p data-start=\"10914\" data-end=\"11352\" data-is-last-node=\"\" data-is-only-node=\"\">A tov\u00e1bbi nemzetk\u00f6zi fell\u00e9p\u0151k k\u00f6z\u00f6tt szerepel a Bring Me the Horizon, Zara Larsson, a <strong>Wolf Alice \u00e9s Loyle Carner<\/strong> is. Rajtuk k\u00edv\u00fcl a Parcels, Chet Faker, Nia Archives, Richie Hawtin \u00e9s Yousuke Yukimatsu is \u00e9rkezik. A kor\u00e1bbi bejelent\u00e9sekb\u0151l m\u00e1r az is kider\u00fclt, hogy visszat\u00e9r a Twenty One Pilots, a Florence + the Machine \u00e9s Lewis Capaldi, az els\u0151 magyarorsz\u00e1gi koncertj\u00e9re k\u00e9sz\u00fcl\u0151 fell\u00e9p\u0151k k\u00f6z\u00fcl pedig Dijon \u00e9s Sombr sz\u00e1m\u00edt fontos n\u00e9vnek.<\/p>\n<p data-start=\"10914\" data-end=\"11352\" data-is-last-node=\"\" data-is-only-node=\"\"><div class=\"o-widget m-readMoreWidget -readMore u-shortDecorLineAfter row widget-container _ce_measure_widget bigdata-widget read-more\" data-ce-measure-widget=\"olvass tov\u00e1bb\">\n\t<div class=\"m-readMoreWidget__imgWrapper image-wrapper col-12 col-md-4 no-p\">\n\t\t<a class=\"m-readMoreWidget__imgLink\" href=\"https:\/\/www.startlap.hu\/utazas\/uzbegisztan-olcso-arak\/\" >\n\t\t\t<img decoding=\"async\" src=\"https:\/\/www.startlap.hu\/utazas\/uploads\/sites\/3\/2026\/04\/uzbegisztan-3_11zon-350x285.jpg\" class=\"m-readMoreWidget__img\">\n\t\t<\/a>\n\t<\/div>\n\t<div class=\"m-readMoreWidget__titleWrapper title-wrapper col-12 col-md-8\">\n\t\t<span class=\"m-readMoreWidget__titleLabel u-shortDecorLineBefore label hidden-sm-up\">Ez is \u00e9rdekelhet:<\/span>\n\t\t<h3 class=\"m-readMoreWidget__title title\">\n\t\t\t<a class=\"m-readMoreWidget__titleLink -secondFont u-bold u-upperCase\" href=\"https:\/\/www.startlap.hu\/utazas\/uzbegisztan-olcso-arak\/\" >Egy eb\u00e9d 1200 forint, egy s\u00f6r 400 &#8211; ebben az orsz\u00e1gban milliomosnak \u00e9rezheted magad<\/a>\n\t\t<\/h3>\n\t\t<a class=\"m-readMoreWidget__btn -coloredBack u-tC link\" href=\"https:\/\/www.startlap.hu\/utazas\/uzbegisztan-olcso-arak\/\" >Elolvasom<\/a>\n\t<\/div>\n<\/div>\n","protected":false},"excerpt":{"rendered":"<p>\u00daj tulajdonosi h\u00e1tt\u00e9rrel, r\u00e9gi Sziget-hangulattal, nulladik nappal \u00e9s er\u0151s fell\u00e9p\u0151list\u00e1val k\u00e9sz\u00fcl az idei fesztiv\u00e1l, ahol minden j\u00f3t kapunk majd.<\/p>\n","protected":false},"author":8,"featured_media":106557,"comment_status":"closed","ping_status":"closed","sticky":false,"template":"","format":"standard","meta":{"footnotes":""},"categories":[7],"tags":[352,4672,409,191],"class_list":["post-106554","post","type-post","status-publish","format-standard","has-post-thumbnail","hentry","category-belfold-utazas","tag-koncert","tag-korda-gyorgy","tag-nyar","tag-sziget"],"aioseo_notices":[],"_links":{"self":[{"href":"https:\/\/www.startlap.hu\/utazas\/wp-json\/wp\/v2\/posts\/106554","targetHints":{"allow":["GET"]}}],"collection":[{"href":"https:\/\/www.startlap.hu\/utazas\/wp-json\/wp\/v2\/posts"}],"about":[{"href":"https:\/\/www.startlap.hu\/utazas\/wp-json\/wp\/v2\/types\/post"}],"author":[{"embeddable":true,"href":"https:\/\/www.startlap.hu\/utazas\/wp-json\/wp\/v2\/users\/8"}],"replies":[{"embeddable":true,"href":"https:\/\/www.startlap.hu\/utazas\/wp-json\/wp\/v2\/comments?post=106554"}],"version-history":[{"count":4,"href":"https:\/\/www.startlap.hu\/utazas\/wp-json\/wp\/v2\/posts\/106554\/revisions"}],"predecessor-version":[{"id":106565,"href":"https:\/\/www.startlap.hu\/utazas\/wp-json\/wp\/v2\/posts\/106554\/revisions\/106565"}],"wp:featuredmedia":[{"embeddable":true,"href":"https:\/\/www.startlap.hu\/utazas\/wp-json\/wp\/v2\/media\/106557"}],"wp:attachment":[{"href":"https:\/\/www.startlap.hu\/utazas\/wp-json\/wp\/v2\/media?parent=106554"}],"wp:term":[{"taxonomy":"category","embeddable":true,"href":"https:\/\/www.startlap.hu\/utazas\/wp-json\/wp\/v2\/categories?post=106554"},{"taxonomy":"post_tag","embeddable":true,"href":"https:\/\/www.startlap.hu\/utazas\/wp-json\/wp\/v2\/tags?post=106554"}],"curies":[{"name":"wp","href":"https:\/\/api.w.org\/{rel}","templated":true}]}}