{"id":106551,"date":"2026-04-30T07:03:02","date_gmt":"2026-04-30T05:03:02","guid":{"rendered":"https:\/\/www.startlap.hu\/utazas\/?p=106551"},"modified":"2026-04-30T00:43:14","modified_gmt":"2026-04-29T22:43:14","slug":"alpesi-valas-ferfiak-nok-veszelyeztetes-hatter","status":"publish","type":"post","link":"https:\/\/www.startlap.hu\/utazas\/alpesi-valas-ferfiak-nok-veszelyeztetes-hatter\/","title":{"rendered":"H\u00e1trahagyta bar\u00e1tn\u0151j\u00e9t Ausztria legmagasabb hegy\u00e9n \u2013 sorra ker\u00fclnek el\u0151 az alpesi v\u00e1l\u00e1s megr\u00e1z\u00f3 t\u00f6rt\u00e9netei"},"content":{"rendered":"<p>Az ut\u00f3bbi h\u00f3napokban egyre gyakrabban bukkan fel a k\u00f6z\u00f6ss\u00e9gi m\u00e9di\u00e1ban az &#8222;alpine divorce&#8221;, vagyis az <strong>alpesi v\u00e1l\u00e1s<\/strong> kifejez\u00e9s, \u00edrja a <a href=\"https:\/\/edition.cnn.com\/2026\/04\/26\/world\/alpine-divorce-grossglockner-intl\" target=\"_blank\" target=\"_blank\" rel=\"noopener\">CNN<\/a>. A fogalom olyan helyzeteket \u00edr le, amikor egy <a href=\"https:\/\/www.startlap.hu\/utazas\/masca-kanari-szigetek-tenerife\/\" target=\"_blank\" rel=\"noopener\">hegyi t\u00fara<\/a> sor\u00e1n az egyik f\u00e9l &#8211; jellemz\u0151en a tapasztaltabb f\u00e9rfi &#8211; mag\u00e1ra hagyja a m\u00e1sikat egy vesz\u00e9lyes, elszigetelt k\u00f6rnyezetben. A jelens\u00e9get egy nagy visszhangot kiv\u00e1lt\u00f3, tragikus ausztriai eset emelte a k\u00f6ztudatba. Egy f\u00e9rfit nemr\u00e9g el\u00edt\u00e9ltek, miut\u00e1n bar\u00e1tn\u0151je hal\u00e1l\u00e1t k\u00f6vet\u0151en kider\u00fclt, hogy mag\u00e1ra hagyta \u0151t az orsz\u00e1g legmagasabb hegy\u00e9n, a <strong>Grossglockneren<\/strong>.<\/p>\n<h2>Nem egyedi eset<\/h2>\n<p>Az ausztriai \u00fcgy k\u00f6z\u00e9ppontj\u00e1ban \u00e1ll\u00f3 f\u00e9rfi, <strong>Thomas P.<\/strong> azzal v\u00e9dekezett, hogy seg\u00edts\u00e9g\u00e9rt indult, \u00e1m a v\u00e1d szerint nem reag\u00e1lt a ment\u0151szolg\u00e1lat h\u00edv\u00e1saira, \u00e9s nem k\u00fcld\u00f6tt id\u0151ben v\u00e9szjelz\u00e9st sem. A n\u0151 v\u00e9g\u00fcl megfagyott a hegyen. A t\u00e1rgyal\u00e1son egy kor\u00e1bbi bar\u00e1tn\u0151je is megsz\u00f3lalt, aki elmondta:<\/p>\n<blockquote class=\"article__extraTxt\"><p>a f\u00e9rfi kor\u00e1bban \u0151t is mag\u00e1ra hagyta ugyanazon a hegyen, mert t\u00fal lass\u00fanak tartotta.<\/p><\/blockquote>\n<p>A f\u00e9rfit <a href=\"https:\/\/www.bbc.com\/news\/articles\/c0k1xkllknmo\" target=\"_blank\" target=\"_blank\" rel=\"noopener\">b\u0171n\u00f6snek tal\u00e1lt\u00e1k<\/a>, \u00f6t h\u00f3nap felf\u00fcggesztett szabads\u00e1gveszt\u00e9sre \u00edt\u00e9lt\u00e9k, \u00e9s 9 600 eur\u00f3 p\u00e9nzb\u00edrs\u00e1ggal s\u00fajtott\u00e1k.<\/p>\n<p>A k\u00f6z\u00f6ss\u00e9gi m\u00e9di\u00e1ban sok n\u0151 osztott meg hasonl\u00f3 \u00e9lm\u00e9nyeket: ezek a besz\u00e1mol\u00f3k azt mutatj\u00e1k, hogy a jelens\u00e9g nem egyedi eset, hanem sokak sz\u00e1m\u00e1ra ismer\u0151s \u00e9lm\u00e9ny.<\/p>\n<figure id=\"attachment_106589\" aria-describedby=\"caption-attachment-106589\" style=\"width: 755px\" class=\"wp-caption alignnone\"><a href=\"https:\/\/www.startlap.hu\/utazas\/uploads\/sites\/3\/2026\/04\/Grossglockner-ausztria.jpg\"><img loading=\"lazy\" decoding=\"async\" class=\"size-article-size-large-image wp-image-106589\" src=\"https:\/\/www.startlap.hu\/utazas\/uploads\/sites\/3\/2026\/04\/Grossglockner-ausztria-755x503.jpg\" alt=\"A Grossglockner h\u00e1g\u00f3\u00fat az eur\u00f3pai Alpokban, amely Salzburgot \u00e9s Karinti\u00e1t k\u00f6ti \u00f6ssze Ausztri\u00e1ban.\" width=\"755\" height=\"503\" srcset=\"https:\/\/www.startlap.hu\/utazas\/uploads\/sites\/3\/2026\/04\/Grossglockner-ausztria-755x503.jpg 755w, https:\/\/www.startlap.hu\/utazas\/uploads\/sites\/3\/2026\/04\/Grossglockner-ausztria-1536x1024.jpg 1536w, https:\/\/www.startlap.hu\/utazas\/uploads\/sites\/3\/2026\/04\/Grossglockner-ausztria-2048x1365.jpg 2048w, https:\/\/www.startlap.hu\/utazas\/uploads\/sites\/3\/2026\/04\/Grossglockner-ausztria-525x350.jpg 525w\" sizes=\"auto, (max-width: 755px) 100vw, 755px\" \/><\/a><figcaption id=\"caption-attachment-106589\" class=\"wp-caption-text\">Az alpesi v\u00e1l\u00e1s egy ausztriai eset miatt kapott jelent\u0151s figyelmet. Fot\u00f3: Az alpesi v\u00e1l\u00e1s egy ausztriai eset miatt kapott jelent\u0151s figyelmet. Fot\u00f3: Getty Images<\/figcaption><\/figure>\n<h2>Mi \u00e1llhat az alpesi v\u00e1l\u00e1s h\u00e1tter\u00e9ben?<\/h2>\n<p>Az alpesi v\u00e1l\u00e1s pszichol\u00f3giai h\u00e1tter\u00e9r\u0151l <strong>Jo Hemmings<\/strong> pszichol\u00f3gus besz\u00e9lt, aki szerint az ilyen emberek gyakran elker\u00fcl\u0151 k\u00f6t\u0151d\u00e9si mint\u00e1val rendelkeznek. Ez azt jelenti, hogy <strong>stresszhelyzetben ink\u00e1bb elt\u00e1volodnak \u00e9rzelmileg \u00e9s fizikailag, ahelyett hogy megoldan\u00e1k a probl\u00e9m\u00e1t.<\/strong><\/p>\n<blockquote><p>Val\u00f3sz\u00edn\u0171leg hi\u00e1nyzik bel\u0151l\u00fck az emp\u00e1tia \u00e9s az egy\u00fctt\u00e9rz\u00e9s, \u00e9s ink\u00e1bb kil\u00e9pnek a konfliktusb\u00f3l<\/p><\/blockquote>\n<p>\u2013 mondta. Hozz\u00e1tette: &#8222;Gyakran l\u00e1tom ezt a viselked\u00e9st a tan\u00e1csad\u00e1sok sor\u00e1n is \u2013 a partner, legt\u00f6bbsz\u00f6r f\u00e9rfi, egyszer\u0171en elz\u00e1rk\u00f3zik, ak\u00e1r fizikailag is, amikor neh\u00e9z helyzetbe ker\u00fcl.&#8221; Hemmings szerint maga a jelens\u00e9g nem felt\u00e9tlen\u00fcl a hegyekhez k\u00f6t\u0151dik, hiszen egy kapcsolaton bel\u00fcl gyakori lehet az \u00e9rzelmi elt\u00e1volod\u00e1s m\u00e1s helyzetekben is.<\/p>\n<p>A hegyi k\u00f6rnyezet azonban k\u00fcl\u00f6n\u00f6sen vesz\u00e9lyess\u00e9 teszi ezt a viselked\u00e9st, mivel itt jellemz\u0151 a hierarchia: megvan, ki vezeti a csapatot, ki navig\u00e1l, \u00e9s ki hat\u00e1rozza meg a temp\u00f3t.<\/p>\n<blockquote><p>Az, hogy valaki el\u0151remegy \u00e9s nem hajland\u00f3 alkalmazkodni, egy m\u00f3dja lehet a hatalom vagy kontroll gyakorl\u00e1s\u00e1nak<\/p><\/blockquote>\n<p>\u2013 magyar\u00e1zta Hemmings. <strong>Ilyen k\u00f6r\u00fclm\u00e9nyek k\u00f6z\u00f6tt egy egyszer\u0171 <a href=\"https:\/\/www.startlap.hu\/utazas\/repulo-helycsere-visszautasitas-tippek-kommunikacio\/\" target=\"_blank\" rel=\"noopener\">konfliktus<\/a> is k\u00f6nnyen \u00e9letvesz\u00e9lyes helyzett\u00e9 v\u00e1lhat.<\/strong><\/p>\n<h2>Laurie Singer megr\u00e1z\u00f3 t\u00f6rt\u00e9nete<\/h2>\n<p>Egy k\u00fcl\u00f6n\u00f6sen megr\u00e1z\u00f3 szem\u00e9lyes t\u00f6rt\u00e9netet osztott meg <strong>Laurie Singer<\/strong>, aki egy t\u00f6bbhetes t\u00fara sor\u00e1n ker\u00fclt \u00e9letvesz\u00e9lybe <strong>Kaliforni\u00e1ban<\/strong>. A <strong>John Muir Trail<\/strong> nev\u0171, t\u00f6bb mint 350 kilom\u00e9teres \u00fatvonalon indult el egy f\u00e9rfi bar\u00e1tj\u00e1val, aki tapasztaltabb volt n\u00e1la, \u00e9s \u0151 besz\u00e9lte r\u00e1 az \u00fatra. N\u00e9h\u00e1ny nap ut\u00e1n Singer rosszul lett a magaslati betegs\u00e9g miatt, de t\u00e1rsa nem lass\u00edtott. &#8222;Folyamatosan el\u0151ttem ment, \u00e9n pedig nem tudtam tartani vele a l\u00e9p\u00e9st&#8221; \u2013 mondta. Egy alkalommal annyira lemaradt, hogy egyed\u00fcl maradt a s\u00f6t\u00e9tben:<\/p>\n<blockquote><p>Kiab\u00e1ltam a nev\u00e9t, de nem kaptam v\u00e1laszt.<\/p><\/blockquote>\n<p>A helyzet k\u00e9s\u0151bb m\u00e9g s\u00falyosabb\u00e1 v\u00e1lt, amikor kider\u00fclt, hogy a f\u00e9rfi nem vitt elegend\u0151 \u00e9lelmet. Singer v\u00e9g\u00fcl s\u00falyos \u00e1llapotba ker\u00fclt, alig tudott j\u00e1rni, mire t\u00e1rsa azt javasolta, v\u00e1ljanak k\u00fcl\u00f6n: \u0151 menjen vissza seg\u00edts\u00e9g\u00e9rt, m\u00edg a f\u00e9rfi folytatja az utat. Singer egyed\u00fcl indult seg\u00edts\u00e9g\u00e9rt, mik\u00f6zben s\u00falyos t\u00fcnetekkel k\u00fczd\u00f6tt: v\u00e9g\u00fcl m\u00e1s t\u00far\u00e1z\u00f3k seg\u00edtettek rajta, \u00e9s siker\u00fclt visszajutnia biztons\u00e1gba, b\u00e1r a fel\u00e9p\u00fcl\u00e9se hetekig tartott.<\/p>\n<p><strong>A t\u00f6rt\u00e9ntek ut\u00e1n Singer fontos tanuls\u00e1got fogalmazott meg<\/strong>: &#8222;Nem sz\u00e1m\u00edt, mennyire ismered azt az embert, akivel t\u00far\u00e1zol, mindig k\u00e9pesnek kell lenned \u00f6n\u00e1ll\u00f3an is boldogulni.&#8221; Hozz\u00e1tette: &#8222;B\u00edztam a bar\u00e1tomban\u2026 azt hittem, ismerem, de nyilv\u00e1nval\u00f3an nem.&#8221;<\/p>\n<p>A szak\u00e9rt\u0151k szerint teh\u00e1t az alpesi v\u00e1l\u00e1s jelens\u00e9g\u00e9nek h\u00e1tter\u00e9ben \u00e1llhat tudatos rosszindulat is, de gyakrabban ink\u00e1bb hirtelen d\u00f6nt\u00e9s sz\u00fcletik ilyenkor, amelyet t\u00fcrelmetlens\u00e9g, kontrollig\u00e9ny \u00e9s emp\u00e1tiahi\u00e1ny v\u00e1lt ki.<\/p>\n<div class=\"o-widget m-readMoreWidget -readMore u-shortDecorLineAfter row widget-container _ce_measure_widget bigdata-widget read-more\" data-ce-measure-widget=\"olvass tov\u00e1bb\">\n\t<div class=\"m-readMoreWidget__imgWrapper image-wrapper col-12 col-md-4 no-p\">\n\t\t<a class=\"m-readMoreWidget__imgLink\" href=\"https:\/\/www.startlap.hu\/utazas\/citadella-kilatas-latnivalok-kiallitas-fotok\/\" >\n\t\t\t<img decoding=\"async\" src=\"https:\/\/www.startlap.hu\/utazas\/uploads\/sites\/3\/2026\/04\/citadella5-350x285.jpg\" class=\"m-readMoreWidget__img\">\n\t\t<\/a>\n\t<\/div>\n\t<div class=\"m-readMoreWidget__titleWrapper title-wrapper col-12 col-md-8\">\n\t\t<span class=\"m-readMoreWidget__titleLabel u-shortDecorLineBefore label hidden-sm-up\">Ez is \u00e9rdekelhet:<\/span>\n\t\t<h3 class=\"m-readMoreWidget__title title\">\n\t\t\t<a class=\"m-readMoreWidget__titleLink -secondFont u-bold u-upperCase\" href=\"https:\/\/www.startlap.hu\/utazas\/citadella-kilatas-latnivalok-kiallitas-fotok\/\" >Megn\u00e9zt\u00fck a Citadell\u00e1t: m\u00e1r az elej\u00e9n v\u00e1ratlan dolog t\u00f6rt\u00e9nt, de a panor\u00e1ma leny\u0171g\u00f6z\u0151<\/a>\n\t\t<\/h3>\n\t\t<a class=\"m-readMoreWidget__btn -coloredBack u-tC link\" href=\"https:\/\/www.startlap.hu\/utazas\/citadella-kilatas-latnivalok-kiallitas-fotok\/\" >Elolvasom<\/a>\n\t<\/div>\n<\/div>\n","protected":false},"excerpt":{"rendered":"<p>Az alpesi v\u00e1l\u00e1s jelens\u00e9g\u00e9re egy k\u00f6zelm\u00faltbeli ausztriai trag\u00e9dia ir\u00e1ny\u00edtotta r\u00e1 a figyelmet. Szakember fejtette ki, mi \u00e1llhat a pszichol\u00f3giai folyamat h\u00e1tter\u00e9ben.<\/p>\n","protected":false},"author":63,"featured_media":106589,"comment_status":"closed","ping_status":"closed","sticky":false,"template":"","format":"standard","meta":{"footnotes":""},"categories":[70],"tags":[307,1170,2050],"class_list":["post-106551","post","type-post","status-publish","format-standard","has-post-thumbnail","hentry","category-vilag","tag-ausztria","tag-hegymaszas","tag-veszely"],"aioseo_notices":[],"_links":{"self":[{"href":"https:\/\/www.startlap.hu\/utazas\/wp-json\/wp\/v2\/posts\/106551","targetHints":{"allow":["GET"]}}],"collection":[{"href":"https:\/\/www.startlap.hu\/utazas\/wp-json\/wp\/v2\/posts"}],"about":[{"href":"https:\/\/www.startlap.hu\/utazas\/wp-json\/wp\/v2\/types\/post"}],"author":[{"embeddable":true,"href":"https:\/\/www.startlap.hu\/utazas\/wp-json\/wp\/v2\/users\/63"}],"replies":[{"embeddable":true,"href":"https:\/\/www.startlap.hu\/utazas\/wp-json\/wp\/v2\/comments?post=106551"}],"version-history":[{"count":8,"href":"https:\/\/www.startlap.hu\/utazas\/wp-json\/wp\/v2\/posts\/106551\/revisions"}],"predecessor-version":[{"id":106594,"href":"https:\/\/www.startlap.hu\/utazas\/wp-json\/wp\/v2\/posts\/106551\/revisions\/106594"}],"wp:featuredmedia":[{"embeddable":true,"href":"https:\/\/www.startlap.hu\/utazas\/wp-json\/wp\/v2\/media\/106589"}],"wp:attachment":[{"href":"https:\/\/www.startlap.hu\/utazas\/wp-json\/wp\/v2\/media?parent=106551"}],"wp:term":[{"taxonomy":"category","embeddable":true,"href":"https:\/\/www.startlap.hu\/utazas\/wp-json\/wp\/v2\/categories?post=106551"},{"taxonomy":"post_tag","embeddable":true,"href":"https:\/\/www.startlap.hu\/utazas\/wp-json\/wp\/v2\/tags?post=106551"}],"curies":[{"name":"wp","href":"https:\/\/api.w.org\/{rel}","templated":true}]}}