{"id":106538,"date":"2026-04-29T12:55:21","date_gmt":"2026-04-29T10:55:21","guid":{"rendered":"https:\/\/www.startlap.hu\/utazas\/?p=106538"},"modified":"2026-04-29T13:24:41","modified_gmt":"2026-04-29T11:24:41","slug":"furdok-nyitas-belepoarak-2026","status":"publish","type":"post","link":"https:\/\/www.startlap.hu\/utazas\/furdok-nyitas-belepoarak-2026\/","title":{"rendered":"P\u00e9ld\u00e1tlan, ami a hazai f\u00fcrd\u0151kben t\u00f6rt\u00e9nik 2026-ban &#8211; az is el\u00e1rult\u00e1k, mennyivel dr\u00e1gulnak id\u00e9n a bel\u00e9p\u0151k"},"content":{"rendered":"<p>A megszokott\u00f3l elt\u00e9r\u0151n <strong>nem m\u00e1jus 1-j\u00e9n nyit a <a href=\"https:\/\/www.startlap.hu\/utazas\/termalfurdo-draga-magyarorszag\/\" target=\"_blank\" rel=\"noopener\">f\u00fcrd\u0151k<\/a> t\u00f6bbs\u00e9ge, hanem szakaszosan<\/strong>, jellemz\u0151en a <a href=\"https:\/\/www.startlap.hu\/utazas\/punkosdi-kviz\/\" target=\"_blank\" rel=\"noopener\">p\u00fcnk\u00f6sdi<\/a> hossz\u00fa h\u00e9tv\u00e9g\u00e9n. Ennek oka az energia\u00e1rak emelked\u00e9se &#8211; mondta Balogh Zolt\u00e1n, a Magyar F\u00fcrd\u0151sz\u00f6vets\u00e9g f\u0151titk\u00e1ra az MTI \u00e9rdekl\u0151d\u00e9s\u00e9re.<\/p>\n<div class=\"o-widget m-readMoreWidget -readMore u-shortDecorLineAfter row widget-container _ce_measure_widget bigdata-widget read-more\" data-ce-measure-widget=\"olvass tov\u00e1bb\">\n\t<div class=\"m-readMoreWidget__imgWrapper image-wrapper col-12 col-md-4 no-p\">\n\t\t<a class=\"m-readMoreWidget__imgLink\" href=\"https:\/\/www.startlap.hu\/utazas\/mount-everest-biztositasi-csalas-mergezes\/\" >\n\t\t\t<img decoding=\"async\" src=\"https:\/\/www.startlap.hu\/utazas\/uploads\/sites\/3\/2026\/04\/mount-everest-350x285.jpg\" class=\"m-readMoreWidget__img\">\n\t\t<\/a>\n\t<\/div>\n\t<div class=\"m-readMoreWidget__titleWrapper title-wrapper col-12 col-md-8\">\n\t\t<span class=\"m-readMoreWidget__titleLabel u-shortDecorLineBefore label hidden-sm-up\">Ez is \u00e9rdekelhet:<\/span>\n\t\t<h3 class=\"m-readMoreWidget__title title\">\n\t\t\t<a class=\"m-readMoreWidget__titleLink -secondFont u-bold u-upperCase\" href=\"https:\/\/www.startlap.hu\/utazas\/mount-everest-biztositasi-csalas-mergezes\/\" >Idegenvezet\u0151k m\u00e9rgezt\u00e9k meg a turist\u00e1kat az Everesten, hogy biztos\u00edt\u00e1si p\u00e9nzeket kapjanak<\/a>\n\t\t<\/h3>\n\t\t<a class=\"m-readMoreWidget__btn -coloredBack u-tC link\" href=\"https:\/\/www.startlap.hu\/utazas\/mount-everest-biztositasi-csalas-mergezes\/\" >Elolvasom<\/a>\n\t<\/div>\n<\/div>\n<blockquote class=\"article__extraTxt\"><p>Teljes kapacit\u00e1ssal a ny\u00e1ri iskolai sz\u00fcnettel, j\u00fanius k\u00f6zep\u00e9t\u0151l m\u0171k\u00f6dnek majd a f\u00fcrd\u0151k.<\/p><\/blockquote>\n<p>Addig sz\u00e1mos karbantart\u00e1si feladatot kell elv\u00e9gezni\u00fck az \u00fczemeltet\u0151knek. Tavasszal jav\u00edtj\u00e1k a burkolatot, a fug\u00e1kat, takar\u00edtj\u00e1k a medenc\u00e9ket, \u00faj\u00edtj\u00e1k fel a g\u00e9p\u00e9szeti berendez\u00e9seket. Ezt k\u00f6vet\u0151en t\u00f6ltik fel friss v\u00edzzel a medenc\u00e9ket &#8211; mondta a f\u0151titk\u00e1r.<\/p>\n<h2>Mikor nyithat ki egy f\u00fcrd\u0151?<\/h2>\n<p>A nyit\u00e1s felt\u00e9tele a Nemzeti N\u00e9peg\u00e9szs\u00e9g\u00fcgyi \u00e9s Gy\u00f3gyszer\u00e9szeti K\u00f6zpont helysz\u00edni ellen\u0151rz\u00e9se, amelynek sor\u00e1n a k\u00f6zhaszn\u00e1lat\u00fa medenc\u00e9s \u00e9s term\u00e9szetes f\u00fcrd\u0151k v\u00edzmin\u0151s\u00e9g\u00e9t szigor\u00fa, jogszab\u00e1lyban el\u0151\u00edrt terv szerint ellen\u0151rzik. A medenc\u00e9ket csak a friss v\u00edzmintaeredm\u00e9nyek birtok\u00e1ban lehet megnyitni &#8211; tette hozz\u00e1 Balogh Zolt\u00e1n.<\/p>\n<figure id=\"attachment_106542\" aria-describedby=\"caption-attachment-106542\" style=\"width: 755px\" class=\"wp-caption alignnone\"><a href=\"https:\/\/www.startlap.hu\/utazas\/uploads\/sites\/3\/2026\/04\/furdo-no.jpg\"><img loading=\"lazy\" decoding=\"async\" class=\"size-article-size-large-image wp-image-106542\" src=\"https:\/\/www.startlap.hu\/utazas\/uploads\/sites\/3\/2026\/04\/furdo-no-755x437.jpg\" alt=\"Egy k\u00f6z\u00e9pkor\u00fa n\u0151 relax\u00e1l egy f\u00fcrd\u0151 medenc\u00e9j\u00e9ben.\" width=\"755\" height=\"437\" srcset=\"https:\/\/www.startlap.hu\/utazas\/uploads\/sites\/3\/2026\/04\/furdo-no-755x437.jpg 755w, https:\/\/www.startlap.hu\/utazas\/uploads\/sites\/3\/2026\/04\/furdo-no-605x350.jpg 605w, https:\/\/www.startlap.hu\/utazas\/uploads\/sites\/3\/2026\/04\/furdo-no.jpg 1500w\" sizes=\"auto, (max-width: 755px) 100vw, 755px\" \/><\/a><figcaption id=\"caption-attachment-106542\" class=\"wp-caption-text\">Szakaszosan, jellemz\u0151en a p\u00fcnk\u00f6sdi hossz\u00fa h\u00e9tv\u00e9g\u00e9n nyit a hazi f\u00fcrd\u0151k t\u00f6bbs\u00e9ge. Fot\u00f3: Getty Images<\/figcaption><\/figure>\n<h2>Mennyivel dr\u00e1gulnak a bel\u00e9p\u0151k?<\/h2>\n<p>A bel\u00e9p\u0151jegyek v\u00e1rhat\u00f3 \u00e1r\u00e1r\u00f3l elmondta:<\/p>\n<blockquote class=\"article__extraTxt\"><p>orsz\u00e1gosan \u00e1tlagosan 10-15 sz\u00e1zal\u00e9kos emel\u00e9st jeleztek a sz\u00f6vets\u00e9g tagf\u00fcrd\u0151i a szezonra,<\/p><\/blockquote>\n<p>az egyes f\u00fcrd\u0151k k\u00f6z\u00f6tt azonban jelent\u0151s, 5-20 sz\u00e1zal\u00e9k k\u00f6z\u00f6tti a sz\u00f3r\u00e1s. A jelent\u0151s \u00e9l\u0151munkaig\u00e9ny \u00e9s az energia\u00e1r-emelked\u00e9s okozza a dr\u00e1gul\u00e1st, mivel hatalmas teljes\u00edtm\u00e9ny\u0171 villanymotorok dolgoznak a szivatty\u00fak m\u0171k\u00f6dtet\u00e9s\u00e9n.<\/p>\n<p>2024 janu\u00e1r elsej\u00e9t\u0151l jelent\u0151sen megemelkedett a v\u00edz- \u00e9s csatornad\u00edj is a nem mag\u00e1nszem\u00e9ly felhaszn\u00e1l\u00f3k sz\u00e1m\u00e1ra &#8211; k\u00f6z\u00f6lte.<\/p>\n<p>Magyarorsz\u00e1gon t\u00f6bb mint 220 turisztikailag relev\u00e1ns f\u00fcrd\u0151 m\u0171k\u00f6dik, az idei szezonra \u00fajranyitott Si\u00f3fokon a Gal\u00e9rius f\u00fcrd\u0151, \u00e9s meg\u00fajult a ny\u00edregyh\u00e1zi f\u00fcrd\u0151 szaunavil\u00e1ga.<\/p>\n<h2>M\u00e1jus v\u00e9g\u00e9n nyit a legmen\u0151bb hazai term\u00e1lstrand<\/h2>\n<p>Id\u00e9n hivatalosan m\u00e9g nem tett\u00e9k k\u00f6zz\u00e9 a nyit\u00e1s d\u00e1tum\u00e1t, de a <a href=\"https:\/\/termalonline.hu\/termal-hirek\/majus-vegen-nyit-a-legmenobb-hazai-termalstrand\" target=\"_blank\" target=\"_blank\" rel=\"noopener\">Termal Online<\/a> inform\u00e1ci\u00f3i szerint&nbsp;m\u00e1jus&nbsp;29-\u00e9n, p\u00e9nteken indulhat a szezon a debreceni&nbsp;Aquaticum Strandf\u00fcrd\u0151ben. A hat \u00e9ve meg\u00fajult nagyerdei strand szezon\u00e1lisan \u00fczemel, \u00e1ltal\u00e1ban m\u00e1jus v\u00e9g\u00e9n nyitja meg kapuit, \u00e9s szeptember els\u0151 vagy m\u00e1sodik het\u00e9ig v\u00e1rja a f\u00fcrd\u0151z\u0151ket. Kedvez\u0151 id\u0151j\u00e1r\u00e1s&nbsp;az sem kiz\u00e1rt, hogy id\u00e9n m\u00e1r a p\u00fcnk\u00f6sdi h\u00e9tv\u00e9g\u00e9n fogadnak vend\u00e9geket.<\/p>\n<h2>Gy\u00f3gyv\u00edzmin\u0151s\u00edt\u00e9st kapott h\u00e1rom \u00fajabb term\u00e1lv\u00edz&nbsp;<\/h2>\n<p><a href=\"https:\/\/termalonline.hu\/termal-hirek\/iden-harom-ujabb-magyar-termalviz-kapta-meg-a-gyogyviz-minositest\" target=\"_blank\" target=\"_blank\" rel=\"noopener\">Friss\u00fclt a hazai gy\u00f3gyvizes nyilv\u00e1ntart\u00e1s<\/a> \u00e9s ez alapj\u00e1n 2026 eddigi r\u00e9sz\u00e9ben h\u00e1rommal b\u0151v\u00fclt a gy\u00f3gyvizek k\u00f6re \u2013 a h\u00edrt szint\u00e9n a Termal Online \u00edrta meg p\u00e1r napja. Igazolt\u00e1k a gy\u00f3gyhat\u00e1s\u00e1t az egyik h\u00e9v\u00edzi sz\u00e1llod\u00e1ban el\u00e9rhet\u0151 term\u00e1lv\u00edznek. Ez <strong>H\u00e9v\u00edz 10. gy\u00f3gyvize<\/strong> \u00e9s \u00edgy Zala megye gy\u00f3gyvizeinek sz\u00e1ma 19-re n\u0151tt. Ezen fel\u00fcl k\u00e9t szolnoki term\u00e1lv\u00edz is megkapta \u00fajonnan a gy\u00f3gyv\u00edzmin\u0151s\u00edt\u00e9st. A 2019-ben bez\u00e1rt <strong>Tiszaliget Term\u00e1lf\u00fcrd\u0151r\u0151l<\/strong> van sz\u00f3, amely eddig is rendelkezett gy\u00f3gyv\u00edzzel, de a nyilv\u00e1ntart\u00e1s szerint a k\u00f6zelm\u00faltban a <strong>III\/A. \u00e9s a IV\/A.<\/strong> term\u00e1lk\u00fatjaik vize is megkapta a gy\u00f3gyv\u00edz c\u00edmet. A lap szerint elvileg ny\u00e1ron nyitj\u00e1k \u00fajra a Tiszaligeti Term\u00e1lf\u00fcrd\u0151t.<\/p>\n<p>Magyarorsz\u00e1gon t\u00f6bb mint 220 turisztikailag relev\u00e1ns f\u00fcrd\u0151 m\u0171k\u00f6dik, az idei szezonra \u00fajranyitott Si\u00f3fokon a Gal\u00e9rius f\u00fcrd\u0151, \u00e9s meg\u00fajult a ny\u00edregyh\u00e1zi f\u00fcrd\u0151 szaunavil\u00e1ga.<\/p>\n<h2>Ha nem b\u00edrsz v\u00e1rni a hazai f\u00fcrd\u0151nyit\u00e1sig<\/h2>\n<p>Aki m\u00e1r most, \u00e1prilis v\u00e9g\u00e9n f\u00fcrd\u0151be v\u00e1gyik, \u00e9s sz\u00edvesen kipr\u00f3b\u00e1lna ak\u00e1r egy k\u00fclf\u00f6ldi helysz\u00ednt is, annak egy remek ausztriai f\u00fcrd\u0151t aj\u00e1nlunk figyelm\u00e9be: nem kell messzire utazni, eg\u00e9sz \u00e9vben nyitva tart, \u00e9s k\u00fcl\u00f6nleges \u00e9lm\u00e9nyt k\u00edn\u00e1l. Bad Radkersburg Ausztria d\u00e9lkeleti r\u00e9sz\u00e9n, St\u00e1jerorsz\u00e1gban, k\u00f6zvetlen\u00fcl a Mura foly\u00f3 ment\u00e9n fekszik, amely egyben az osztr\u00e1k\u2013szlov\u00e9n hat\u00e1rt is jel\u00f6li. A kisv\u00e1ros mediterr\u00e1n jelleg\u0171 kl\u00edm\u00e1ja, hangulatos utc\u00e1i, \u00e1rk\u00e1djai \u00e9s bels\u0151 udvarai egyedi atmoszf\u00e9r\u00e1t teremtenek, t\u00f6rt\u00e9nelmi k\u00f6zpontja eur\u00f3pai m\u0171eml\u00e9kv\u00e9delmi d\u00edjban r\u00e9szes\u00fclt. <a href=\"https:\/\/www.startlap.hu\/utazas\/bad-radkersburg-ausztria-asvany-gyogy-viz-fotok\/\" target=\"_blank\" rel=\"noopener\">Ebben a cikk\u00fcnkben fot\u00f3kon is megcsod\u00e1lhatod a telep\u00fcl\u00e9st<\/a>.&nbsp;<\/p>\n<p>A v\u00e1ros azonban nem csak \u00e9p\u00edtett \u00f6r\u00f6ks\u00e9ge miatt figyelemre m\u00e9lt\u00f3, hanem&nbsp;k\u00fcl\u00f6nleges v\u00edzkincse ok\u00e1n is: az \u00e1sv\u00e1nyi anyagokban gazdag term\u00e1lv\u00edz \u00e9s a magn\u00e9ziumban d\u00fas \u00e1sv\u00e1nyv\u00edz turisztikai jelent\u0151s\u00e9ge mellett eg\u00e9szs\u00e9g\u00fcgyi szempontb\u00f3l is \u00e9rt\u00e9kes. A forr\u00e1sokat 1927-ben, olajkutat\u00e1s sor\u00e1n fedezt\u00e9k fel, majd a 20. sz\u00e1zad m\u00e1sodik fel\u00e9ben ki\u00e9p\u00fclt a f\u00fcrd\u0151kult\u00fara, \u00e9s 1975-ben hivatalosan is gy\u00f3gyhelly\u00e9 nyilv\u00e1n\u00edtott\u00e1k a v\u00e1rost. A term\u00e1lvizet k\u00f6zel k\u00e9t kilom\u00e9ter m\u00e9lyr\u0151l nyerik, \u00e9s kellemes h\u0151m\u00e9rs\u00e9kletre h\u0171tve haszn\u00e1lj\u00e1k fel.&nbsp;<\/p>\n<p>A Parktherme Bad Radkersburg \u00e1ltal\u00e1ban minden nap fogad vend\u00e9geket, h\u00e9tk\u00f6znap 9:00-21:30 k\u00f6z\u00f6tt, p\u00e9nteken \u00e9s szombaton hosszabb, ak\u00e1r 23:00-ig tart\u00f3 nyitvatart\u00e1ssal, vas\u00e1rnap pedig estig l\u00e1togathat\u00f3. A f\u00fcrd\u0151bel\u00e9p\u0151 \u00e1ra feln\u0151tteknek egy eg\u00e9sz napra k\u00f6r\u00fclbel\u00fcl 37 eur\u00f3 (nagyj\u00e1b\u00f3l 14 000-15 000 forint), de r\u00f6videbb, p\u00e9ld\u00e1ul 3 \u00f3r\u00e1s vagy esti jegyek m\u00e1r k\u00f6r\u00fclbel\u00fcl 15-28 eur\u00f3t\u00f3l, azaz nagyj\u00e1b\u00f3l 6 000-11 000 forintt\u00f3l is el\u00e9rhet\u0151k.<\/p>\n<div class=\"o-widget m-readMoreWidget -readMore u-shortDecorLineAfter row widget-container _ce_measure_widget bigdata-widget read-more\" data-ce-measure-widget=\"olvass tov\u00e1bb\">\n\t<div class=\"m-readMoreWidget__imgWrapper image-wrapper col-12 col-md-4 no-p\">\n\t\t<a class=\"m-readMoreWidget__imgLink\" href=\"https:\/\/www.startlap.hu\/utazas\/uzbegisztan-olcso-arak\/\" >\n\t\t\t<img decoding=\"async\" src=\"https:\/\/www.startlap.hu\/utazas\/uploads\/sites\/3\/2026\/04\/uzbegisztan-3_11zon-350x285.jpg\" class=\"m-readMoreWidget__img\">\n\t\t<\/a>\n\t<\/div>\n\t<div class=\"m-readMoreWidget__titleWrapper title-wrapper col-12 col-md-8\">\n\t\t<span class=\"m-readMoreWidget__titleLabel u-shortDecorLineBefore label hidden-sm-up\">Ez is \u00e9rdekelhet:<\/span>\n\t\t<h3 class=\"m-readMoreWidget__title title\">\n\t\t\t<a class=\"m-readMoreWidget__titleLink -secondFont u-bold u-upperCase\" href=\"https:\/\/www.startlap.hu\/utazas\/uzbegisztan-olcso-arak\/\" >Egy eb\u00e9d 1200 forint, egy s\u00f6r 400 &#8211; ebben az orsz\u00e1gban milliomosnak \u00e9rezheted magad<\/a>\n\t\t<\/h3>\n\t\t<a class=\"m-readMoreWidget__btn -coloredBack u-tC link\" href=\"https:\/\/www.startlap.hu\/utazas\/uzbegisztan-olcso-arak\/\" >Elolvasom<\/a>\n\t<\/div>\n<\/div>\n","protected":false},"excerpt":{"rendered":"<p>A megszokott\u00f3l elt\u00e9r\u0151 id\u0151pontban nyitnak 2026-ban a magyarorsz\u00e1gi f\u00fcrd\u0151k. A jelent\u0151s \u00e9l\u0151munkaig\u00e9ny \u00e9s az energia\u00e1r-emelked\u00e9s pedig id\u00e9n is dr\u00e1gul\u00e1st hoz a bel\u00e9p\u0151jegyekn\u00e9l.<\/p>\n","protected":false},"author":7,"featured_media":106542,"comment_status":"closed","ping_status":"closed","sticky":false,"template":"","format":"standard","meta":{"footnotes":""},"categories":[7],"tags":[1934,1342,1874,2133],"class_list":["post-106538","post","type-post","status-publish","format-standard","has-post-thumbnail","hentry","category-belfold-utazas","tag-belepojegy","tag-furdok","tag-nyitas","tag-termalfurdo"],"aioseo_notices":[],"_links":{"self":[{"href":"https:\/\/www.startlap.hu\/utazas\/wp-json\/wp\/v2\/posts\/106538","targetHints":{"allow":["GET"]}}],"collection":[{"href":"https:\/\/www.startlap.hu\/utazas\/wp-json\/wp\/v2\/posts"}],"about":[{"href":"https:\/\/www.startlap.hu\/utazas\/wp-json\/wp\/v2\/types\/post"}],"author":[{"embeddable":true,"href":"https:\/\/www.startlap.hu\/utazas\/wp-json\/wp\/v2\/users\/7"}],"replies":[{"embeddable":true,"href":"https:\/\/www.startlap.hu\/utazas\/wp-json\/wp\/v2\/comments?post=106538"}],"version-history":[{"count":4,"href":"https:\/\/www.startlap.hu\/utazas\/wp-json\/wp\/v2\/posts\/106538\/revisions"}],"predecessor-version":[{"id":106545,"href":"https:\/\/www.startlap.hu\/utazas\/wp-json\/wp\/v2\/posts\/106538\/revisions\/106545"}],"wp:featuredmedia":[{"embeddable":true,"href":"https:\/\/www.startlap.hu\/utazas\/wp-json\/wp\/v2\/media\/106542"}],"wp:attachment":[{"href":"https:\/\/www.startlap.hu\/utazas\/wp-json\/wp\/v2\/media?parent=106538"}],"wp:term":[{"taxonomy":"category","embeddable":true,"href":"https:\/\/www.startlap.hu\/utazas\/wp-json\/wp\/v2\/categories?post=106538"},{"taxonomy":"post_tag","embeddable":true,"href":"https:\/\/www.startlap.hu\/utazas\/wp-json\/wp\/v2\/tags?post=106538"}],"curies":[{"name":"wp","href":"https:\/\/api.w.org\/{rel}","templated":true}]}}