{"id":106514,"date":"2026-04-28T19:58:40","date_gmt":"2026-04-28T17:58:40","guid":{"rendered":"https:\/\/www.startlap.hu\/utazas\/?p=106514"},"modified":"2026-04-28T19:58:40","modified_gmt":"2026-04-28T17:58:40","slug":"wizz-air-nyilatkozat-vezetok","status":"publish","type":"post","link":"https:\/\/www.startlap.hu\/utazas\/wizz-air-nyilatkozat-vezetok\/","title":{"rendered":"A Wizz Air f\u0151n\u00f6k nyilatkozata rengeteg magyar utast is \u00e9rint"},"content":{"rendered":"<p data-start=\"10336\" data-end=\"10582\">A Wizz Air K\u00f6z\u00e9p- \u00e9s Kelet-Eur\u00f3p\u00e1ban b\u0151v\u00edti kapacit\u00e1sait, id\u00e9n <strong>80 milli\u00f3<\/strong> <strong><a href=\"https:\/\/www.startlap.hu\/utazas\/ryanair-turistak-szabalyok-birsag\/\" target=\"_blank\" rel=\"noopener\">utasra<\/a><\/strong> <strong>\u00e9s er\u0151s ny\u00e1ri szezonra<\/strong> sz\u00e1m\u00edt, mik\u00f6zben Ian Malin kereskedelmi igazgat\u00f3 arr\u00f3l nyilatkozott, hogy az emelked\u0151 kerozin\u00e1rak ellen\u00e9re sem k\u00e9sz\u00fcl j\u00e1ratcs\u00f6kkent\u00e9sre vagy \u00fczemanyag-p\u00f3td\u00edjra.<\/p>\n<p data-start=\"10336\" data-end=\"10582\"><div class=\"o-widget m-readMoreWidget -readMore u-shortDecorLineAfter row widget-container _ce_measure_widget bigdata-widget read-more\" data-ce-measure-widget=\"olvass tov\u00e1bb\">\n\t<div class=\"m-readMoreWidget__imgWrapper image-wrapper col-12 col-md-4 no-p\">\n\t\t<a class=\"m-readMoreWidget__imgLink\" href=\"https:\/\/www.startlap.hu\/utazas\/veszelyes-sziget-eszaki-szentinel\/\" >\n\t\t\t<img decoding=\"async\" src=\"https:\/\/www.startlap.hu\/utazas\/uploads\/sites\/3\/2026\/02\/eszak_sentinel_sziget_-350x285.jpg\" class=\"m-readMoreWidget__img\">\n\t\t<\/a>\n\t<\/div>\n\t<div class=\"m-readMoreWidget__titleWrapper title-wrapper col-12 col-md-8\">\n\t\t<span class=\"m-readMoreWidget__titleLabel u-shortDecorLineBefore label hidden-sm-up\">Ez is \u00e9rdekelhet:<\/span>\n\t\t<h3 class=\"m-readMoreWidget__title title\">\n\t\t\t<a class=\"m-readMoreWidget__titleLink -secondFont u-bold u-upperCase\" href=\"https:\/\/www.startlap.hu\/utazas\/veszelyes-sziget-eszaki-szentinel\/\" >Es\u00e9lyed sincsen, ha bel\u00e9psz a vil\u00e1g legvesz\u00e9lyesebb sziget\u00e9re<\/a>\n\t\t<\/h3>\n\t\t<a class=\"m-readMoreWidget__btn -coloredBack u-tC link\" href=\"https:\/\/www.startlap.hu\/utazas\/veszelyes-sziget-eszaki-szentinel\/\" >Elolvasom<\/a>\n\t<\/div>\n<\/div>\n<p data-start=\"10584\" data-end=\"10841\">Malin ismertet\u00e9se szerint a fapados teljes\u00edtette a 2025 \u00e1prilis\u00e1ban elind\u00edtott, h\u00e1rom\u00e9ves Customer First Compass program els\u0151 \u00e9v\u00e9re kit\u0171z\u00f6tt c\u00e9ljait, amelyek k\u00f6z\u00f6tt h\u00e1l\u00f3zatb\u0151v\u00edt\u00e9s, jobb \u00fcgyf\u00e9l-el\u00e9gedetts\u00e9g \u00e9s \u00faj utask\u00e9nyelmi szolg\u00e1ltat\u00e1sok szerepeltek.<\/p>\n<h2 data-section-id=\"nc8ncw\" data-start=\"10843\" data-end=\"10893\">T\u00f6bb j\u00e1rat, \u00faj b\u00e1zisok, er\u0151sebb r\u00e9gi\u00f3s jelenl\u00e9t<\/h2>\n<p data-start=\"10895\" data-end=\"11145\">A strat\u00e9gia r\u00e9szek\u00e9nt a l\u00e9git\u00e1rsas\u00e1g nagyobb kapacit\u00e1ssal van jelen K\u00f6z\u00e9p- \u00e9s Kelet-Eur\u00f3p\u00e1ban, er\u0151s\u00edti a f\u0151v\u00e1rosok k\u00f6z\u00f6tti j\u00e1ratokat, \u00faj b\u00e1zisokat nyitott p\u00e9ld\u00e1ul Pozsonyban, Palerm\u00f3ban \u00e9s Vars\u00f3ban, valamint <strong>Budapestet \u00e9s Mil\u00e1n\u00f3t is tov\u00e1bb b\u0151v\u00edtette.<\/strong><\/p>\n<p data-start=\"11147\" data-end=\"11349\">A kereskedelmi igazgat\u00f3 hangs\u00falyozta, hogy a Wizz Air tov\u00e1bbra is az alacsony \u00e1rakra \u00e9p\u00edt, jegyeinek nagyj\u00e1b\u00f3l 40 sz\u00e1zal\u00e9ka 40 eur\u00f3 alatt \u00e9rhet\u0151 el, amit a modern flotta \u00e9s az alacsony k\u00f6lts\u00e9g\u0171 m\u0171k\u00f6d\u00e9s tesz lehet\u0151v\u00e9.<\/p>\n<p data-start=\"11147\" data-end=\"11349\">A t\u00e1rsas\u00e1g 2025-ben 68,6 milli\u00f3 utast vitt, \u00e9s k\u00f6r\u00fclbel\u00fcl 335 ezer menetrend szerinti j\u00e1ratot ind\u00edtott. Az idei \u00e9vre <strong>m\u00e1r 80 milli\u00f3 utassal<\/strong> kalkul\u00e1lnak, a ny\u00e1ri id\u0151szakban pedig kifejezetten er\u0151s forgalmat v\u00e1rnak.<\/p>\n<p data-start=\"11566\" data-end=\"11692\">A cs\u00facshetekben naponta 1200 j\u00e1ratot terveznek, ez \u00f6t\u00f6d\u00e9vel t\u00f6bb, mint egy \u00e9vvel kor\u00e1bban ugyanebben az id\u0151szakban.<\/p>\n<h2 data-section-id=\"wlqt30\" data-start=\"11694\" data-end=\"11743\">Milli\u00e1rdos programmal jav\u00edtan\u00e1k az utas\u00e9lm\u00e9nyt<\/h2>\n<p data-start=\"11745\" data-end=\"11967\">A Customer First Compass programmal az utas\u00e9lm\u00e9nyt, a pontoss\u00e1got \u00e9s a szolg\u00e1ltat\u00e1sok sz\u00ednvonal\u00e1t akarj\u00e1k jav\u00edtani \u00fagy, hogy k\u00f6zben megmaradjanak az alacsony jegy\u00e1rak; erre h\u00e1rom \u00e9v alatt mintegy <strong>14 milli\u00e1rd eur\u00f3t sz\u00e1nnak.<\/strong><\/p>\n<p data-start=\"11969\" data-end=\"12175\">Ian Malin \u00fagy fogalmazott, hogy a Wizz Air az elm\u00falt id\u0151szakban a tervezett j\u00e1ratok <strong>99,5 sz\u00e1zal\u00e9k\u00e1t teljes\u00edtette<\/strong>, ami a l\u00e9gik\u00f6zleked\u00e9sben is er\u0151s mutat\u00f3nak sz\u00e1m\u00edt, mik\u00f6zben a j\u00e1ratok sz\u00e1ma \u00e9ves alapon 7 sz\u00e1zal\u00e9kkal n\u0151tt.<\/p>\n<h2 data-section-id=\"1budqbh\" data-start=\"12177\" data-end=\"12212\">Fiatalabb flotta, \u00faj rep\u00fcl\u0151g\u00e9pek<\/h2>\n<p data-start=\"12214\" data-end=\"12406\">A l\u00e9giv\u00e1llalat m\u00e9g a pand\u00e9mia el\u0151tt hat\u00e1rozott a flotta moderniz\u00e1l\u00e1s\u00e1r\u00f3l, amely m\u00e1ra 262 rep\u00fcl\u0151g\u00e9pre n\u0151tt, ezek t\u00f6bb mint h\u00e1romnegyede m\u00e1r Airbus A321neo, az \u00e1tlag\u00e9letkor pedig 4,65 \u00e9vre cs\u00f6kkent.<\/p>\n<p data-start=\"12408\" data-end=\"12620\">Malin hozz\u00e1tette, hogy a v\u00e1llalat 2029-re teljesen \u00e1t\u00e1llna erre a rep\u00fcl\u0151g\u00e9pt\u00edpusra, mert az <strong>k\u00f6rnyezetv\u00e9delmi szempontb\u00f3l kedvez\u0151bb<\/strong>, hat\u00e9konyabb m\u0171k\u00f6d\u00e9st tesz lehet\u0151v\u00e9, \u00e9s m\u00e9rs\u00e9kli az \u00fczemeltet\u00e9si k\u00f6lts\u00e9geket.<\/p>\n<figure id=\"attachment_106517\" aria-describedby=\"caption-attachment-106517\" style=\"width: 755px\" class=\"wp-caption alignnone\"><img loading=\"lazy\" decoding=\"async\" class=\"size-article-size-large-image wp-image-106517\" src=\"https:\/\/www.startlap.hu\/utazas\/uploads\/sites\/3\/2026\/04\/gyerek_utas_repulogep_fedelzet_-755x566.jpg\" alt=\"Egy fi\u00fa egy rep\u00fcl\u0151g\u00e9p fed\u00e9lzet\u00e9n\" width=\"755\" height=\"566\" srcset=\"https:\/\/www.startlap.hu\/utazas\/uploads\/sites\/3\/2026\/04\/gyerek_utas_repulogep_fedelzet_-755x566.jpg 755w, https:\/\/www.startlap.hu\/utazas\/uploads\/sites\/3\/2026\/04\/gyerek_utas_repulogep_fedelzet_-1536x1151.jpg 1536w, https:\/\/www.startlap.hu\/utazas\/uploads\/sites\/3\/2026\/04\/gyerek_utas_repulogep_fedelzet_-85x65.jpg 85w, https:\/\/www.startlap.hu\/utazas\/uploads\/sites\/3\/2026\/04\/gyerek_utas_repulogep_fedelzet_-467x350.jpg 467w, https:\/\/www.startlap.hu\/utazas\/uploads\/sites\/3\/2026\/04\/gyerek_utas_repulogep_fedelzet_.jpg 2000w\" sizes=\"auto, (max-width: 755px) 100vw, 755px\" \/><figcaption id=\"caption-attachment-106517\" class=\"wp-caption-text\">A Wizz Air vezet\u0151i nyilatkoztak a ny\u00e1ri tervekr\u0151l &#8211; Fot\u00f3: Getty Images<\/figcaption><\/figure>\n<p data-start=\"12622\" data-end=\"12766\">A flottafejleszt\u00e9s keret\u00e9ben az elm\u00falt egy \u00e9vben 37 \u00faj rep\u00fcl\u0151g\u00e9pet \u00e1ll\u00edtottak szolg\u00e1latba 12 orsz\u00e1gban, \u00e9s <strong>t\u00f6bb mint 345 \u00faj \u00fatvonalat nyitottak.<\/strong><\/p>\n<p data-start=\"12768\" data-end=\"12934\">Az igazgat\u00f3 szerint az ultrafapados modell hossz\u00fa t\u00e1v\u00fa m\u0171k\u00f6d\u00e9s\u00e9hez kulcsfontoss\u00e1g\u00fa volt, hogy pontosabban m\u00e9rj\u00e9k fel az utasok ig\u00e9nyeit, \u00e9s ehhez igaz\u00edts\u00e1k a h\u00e1l\u00f3zatot.<\/p>\n<h2 data-section-id=\"1u2y3g2\" data-start=\"12936\" data-end=\"12982\">Digit\u00e1lis szolg\u00e1ltat\u00e1sokkal b\u0151v\u00fcl az utaz\u00e1s<\/h2>\n<p data-start=\"12984\" data-end=\"13149\">A j\u00e1rath\u00e1l\u00f3zat b\u0151v\u00edt\u00e9se mellett t\u00f6bb \u00faj szolg\u00e1ltat\u00e1s is megjelent, k\u00f6zt\u00fck a Wizz Link digit\u00e1lis foglal\u00e1si platform \u00e9s a Wizz Class, amely k\u00e9nyelmesebb utaz\u00e1st k\u00edn\u00e1l.<\/p>\n<p data-start=\"13151\" data-end=\"13303\">Bevezett\u00e9k a Disruption Assistance nev\u0171 digit\u00e1lis megold\u00e1st is, amely j\u00e1ratprobl\u00e9m\u00e1k eset\u00e9n seg\u00edti az utasokat m\u00e1sik foglal\u00e1si lehet\u0151s\u00e9g megtal\u00e1l\u00e1s\u00e1ban.<\/p>\n<p data-start=\"13305\" data-end=\"13455\">Malin az eredm\u00e9nyek k\u00f6z\u00e9 sorolta, hogy az <strong>\u00fcgyf\u00e9l-el\u00e9gedetts\u00e9g 77 sz\u00e1zal\u00e9k f\u00f6l\u00e9 n\u0151tt<\/strong>, ami egy \u00e9v alatt k\u00f6r\u00fclbel\u00fcl 5 sz\u00e1zal\u00e9kpontos javul\u00e1st jelent.<\/p>\n<p data-start=\"13457\" data-end=\"13699\">A l\u00e9git\u00e1rsas\u00e1g a digit\u00e1lis szolg\u00e1ltat\u00e1sait is fejlesztette: ide tartozik a fed\u00e9lzeti rendel\u00e9s, az online kapcsol\u00f3d\u00e1si tesztek, valamint a MyJourney funkci\u00f3, amely a mobilalkalmaz\u00e1sban ad val\u00f3s idej\u0171 inform\u00e1ci\u00f3kat \u00e9s \u00f6nkiszolg\u00e1l\u00f3 megold\u00e1sokat.<\/p>\n<h2 data-section-id=\"v70k5f\" data-start=\"13701\" data-end=\"13743\">Fenntarthat\u00f3s\u00e1gi v\u00e1llal\u00e1sok \u00e9s \u00faj c\u00e9lok<\/h2>\n<p data-start=\"13745\" data-end=\"13886\">A v\u00e1llalati \u00fcgyek\u00e9rt felel\u0151s vezet\u0151, Owain Jones szerint a Wizz Air a l\u00e9gik\u00f6zleked\u00e9si \u00e1gazat t\u00f6bbi szerepl\u0151j\u00e9hez hasonl\u00f3an azt v\u00e1llalja, hogy 2050-re el\u00e9ri a karbonsemlegess\u00e9get.<\/p>\n<p data-start=\"13888\" data-end=\"14034\">A c\u00e9g az uni\u00f3s \u00e9s brit fenntarthat\u00f3 <strong><a href=\"https:\/\/www.startlap.hu\/utazas\/zokni-szin-repulogep-veszely\/\" target=\"_blank\" rel=\"noopener\">rep\u00fcl\u0151g\u00e9p<\/a><\/strong>-\u00fczemanyagokra vonatkoz\u00f3 szab\u00e1lyoknak is megfelel, jelenleg pedig 2 sz\u00e1zal\u00e9kos SAF-kever\u00e9ket haszn\u00e1l.<\/p>\n<p data-start=\"14036\" data-end=\"14198\">Az \u00fatvonalak optimaliz\u00e1l\u00e1s\u00e1val eddig mintegy <strong>2674 tonna \u00fczemanyagot sp\u00f3roltak meg<\/strong>, az \u00faj gener\u00e1ci\u00f3s \u00fcl\u00e9sek pedig szint\u00e9n hozz\u00e1j\u00e1rulnak a kibocs\u00e1t\u00e1s m\u00e9rs\u00e9kl\u00e9s\u00e9hez.<\/p>\n<p data-start=\"14200\" data-end=\"14382\">Marion Geoffroy, a Wizz Air UK vez\u00e9rigazgat\u00f3ja arr\u00f3l mutatott r\u00e1, hogy 2030-ra a <strong><a href=\"https:\/\/www.startlap.hu\/utazas\/repulogep-pilota-etel-szabaly\/\" target=\"_blank\" rel=\"noopener\">pil\u00f3t\u00e1k<\/a><\/strong> legal\u00e1bb 7 sz\u00e1zal\u00e9k\u00e1t n\u0151k alkotn\u00e1k, a fels\u0151vezet\u00e9sben pedig 40 sz\u00e1zal\u00e9kra n\u00f6veln\u00e9k a n\u0151k ar\u00e1ny\u00e1t.<\/p>\n<p data-start=\"14384\" data-end=\"14480\">Hozz\u00e1tette, hogy a Wizz Airn\u00e9l t\u00f6bb mint 100 nemzetis\u00e9g munkav\u00e1llal\u00f3i dolgoznak.<\/p>\n<h2 data-section-id=\"1lnrv1u\" data-start=\"14482\" data-end=\"14515\">Nem terveznek j\u00e1ratcs\u00f6kkent\u00e9st<\/h2>\n<p data-start=\"14517\" data-end=\"14761\">Ian Malin k\u00e9rd\u00e9sre v\u00e1laszolva jelezte, hogy a ny\u00e1ri \u00fczemanyagig\u00e9ny k\u00f6r\u00fclbel\u00fcl 70 sz\u00e1zal\u00e9k\u00e1t kedvez\u0151 \u00e1ron biztos\u00edtott\u00e1k, ez\u00e9rt a k\u00f6lts\u00e9geik v\u00e1rhat\u00f3an kev\u00e9sb\u00e9 n\u0151nek, mint azokn\u00e1l a versenyt\u00e1rsakn\u00e1l, amelyek nem \u00e9ltek hasonl\u00f3 fedezeti megold\u00e1ssal.<\/p>\n<p data-start=\"14763\" data-end=\"14978\">Ian Malin hozz\u00e1tette, hogy a nehezebb geopolitikai helyzet \u00e9s a <strong>dr\u00e1gul\u00f3 kerozin ellen\u00e9re sem terveznek j\u00e1ratcs\u00f6kkent\u00e9st vagy \u00fczemanyag-p\u00f3td\u00edjat<\/strong>, b\u00e1r a jegy\u00e1rak k\u00f6vetni fogj\u00e1k a piaci \u00e9s \u00fczleti k\u00f6rnyezet v\u00e1ltoz\u00e1sait.<\/p>\n<p data-start=\"14980\" data-end=\"15116\" data-is-last-node=\"\" data-is-only-node=\"\">Ian Malin kiemelte, hogy a Wizz Air p\u00e9nz\u00fcgyi helyzete stabil, \u00e9s a t\u00e1rsas\u00e1gnak mintegy 2 milli\u00e1rd eur\u00f3 likvid forr\u00e1s \u00e1ll rendelkez\u00e9s\u00e9re.<\/p>\n<p>(MTI)<\/p>\n<div class=\"o-widget m-readMoreWidget -readMore u-shortDecorLineAfter row widget-container _ce_measure_widget bigdata-widget read-more\" data-ce-measure-widget=\"olvass tov\u00e1bb\">\n\t<div class=\"m-readMoreWidget__imgWrapper image-wrapper col-12 col-md-4 no-p\">\n\t\t<a class=\"m-readMoreWidget__imgLink\" href=\"https:\/\/www.startlap.hu\/utazas\/piheno-zona-repules-legikozlekedes\/\" >\n\t\t\t<img decoding=\"async\" src=\"https:\/\/www.startlap.hu\/utazas\/uploads\/sites\/3\/2026\/04\/repulo-no_11zon-350x285.jpg\" class=\"m-readMoreWidget__img\">\n\t\t<\/a>\n\t<\/div>\n\t<div class=\"m-readMoreWidget__titleWrapper title-wrapper col-12 col-md-8\">\n\t\t<span class=\"m-readMoreWidget__titleLabel u-shortDecorLineBefore label hidden-sm-up\">Ez is \u00e9rdekelhet:<\/span>\n\t\t<h3 class=\"m-readMoreWidget__title title\">\n\t\t\t<a class=\"m-readMoreWidget__titleLink -secondFont u-bold u-upperCase\" href=\"https:\/\/www.startlap.hu\/utazas\/piheno-zona-repules-legikozlekedes\/\" >\u00daj korszak a rep\u00fcl\u00e9sben: k\u00fcl\u00f6n pihen\u0151z\u00f3na j\u00f6n a vil\u00e1g leghosszabb j\u00e1rataira<\/a>\n\t\t<\/h3>\n\t\t<a class=\"m-readMoreWidget__btn -coloredBack u-tC link\" href=\"https:\/\/www.startlap.hu\/utazas\/piheno-zona-repules-legikozlekedes\/\" >Elolvasom<\/a>\n\t<\/div>\n<\/div>\n","protected":false},"excerpt":{"rendered":"<p>A Wizz Air er\u0151s ny\u00e1ri forgalomra k\u00e9sz\u00fcl, \u00faj j\u00e1ratokkal \u00e9s szolg\u00e1ltat\u00e1sokkal b\u0151v\u00edt, mik\u00f6zben a dr\u00e1g\u00e1bb \u00fczemanyag sem \u00edrja \u00e1t a terveit.<\/p>\n","protected":false},"author":8,"featured_media":106517,"comment_status":"closed","ping_status":"closed","sticky":false,"template":"","format":"standard","meta":{"footnotes":""},"categories":[70],"tags":[6927,505,7279,447],"class_list":["post-106514","post","type-post","status-publish","format-standard","has-post-thumbnail","hentry","category-vilag","tag-kerozin","tag-repulogep","tag-uzemanyagar","tag-wizz-air"],"aioseo_notices":[],"_links":{"self":[{"href":"https:\/\/www.startlap.hu\/utazas\/wp-json\/wp\/v2\/posts\/106514","targetHints":{"allow":["GET"]}}],"collection":[{"href":"https:\/\/www.startlap.hu\/utazas\/wp-json\/wp\/v2\/posts"}],"about":[{"href":"https:\/\/www.startlap.hu\/utazas\/wp-json\/wp\/v2\/types\/post"}],"author":[{"embeddable":true,"href":"https:\/\/www.startlap.hu\/utazas\/wp-json\/wp\/v2\/users\/8"}],"replies":[{"embeddable":true,"href":"https:\/\/www.startlap.hu\/utazas\/wp-json\/wp\/v2\/comments?post=106514"}],"version-history":[{"count":3,"href":"https:\/\/www.startlap.hu\/utazas\/wp-json\/wp\/v2\/posts\/106514\/revisions"}],"predecessor-version":[{"id":106518,"href":"https:\/\/www.startlap.hu\/utazas\/wp-json\/wp\/v2\/posts\/106514\/revisions\/106518"}],"wp:featuredmedia":[{"embeddable":true,"href":"https:\/\/www.startlap.hu\/utazas\/wp-json\/wp\/v2\/media\/106517"}],"wp:attachment":[{"href":"https:\/\/www.startlap.hu\/utazas\/wp-json\/wp\/v2\/media?parent=106514"}],"wp:term":[{"taxonomy":"category","embeddable":true,"href":"https:\/\/www.startlap.hu\/utazas\/wp-json\/wp\/v2\/categories?post=106514"},{"taxonomy":"post_tag","embeddable":true,"href":"https:\/\/www.startlap.hu\/utazas\/wp-json\/wp\/v2\/tags?post=106514"}],"curies":[{"name":"wp","href":"https:\/\/api.w.org\/{rel}","templated":true}]}}