{"id":106493,"date":"2026-04-28T18:33:49","date_gmt":"2026-04-28T16:33:49","guid":{"rendered":"https:\/\/www.startlap.hu\/utazas\/?p=106493"},"modified":"2026-04-28T13:43:38","modified_gmt":"2026-04-28T11:43:38","slug":"piheno-zona-repules-legikozlekedes","status":"publish","type":"post","link":"https:\/\/www.startlap.hu\/utazas\/piheno-zona-repules-legikozlekedes\/","title":{"rendered":"\u00daj korszak a rep\u00fcl\u00e9sben: k\u00fcl\u00f6n pihen\u0151z\u00f3na j\u00f6n a vil\u00e1g leghosszabb j\u00e1rataira"},"content":{"rendered":"<p>A <a href=\"https:\/\/www.startlap.hu\/utazas\/legbiztonsagosabb-legitarsasagok-air-nem-zealand-qantas-ryanair-wizzair\/\" target=\"_blank\" rel=\"noopener\">Qantas Airways<\/a> \u00faj szintre emeln\u00e9 a hossz\u00fa t\u00e1v\u00fa rep\u00fcl\u00e9st a j\u00f6v\u0151ben: <strong>a l\u00e9git\u00e1rsas\u00e1g bejelentette, hogy speci\u00e1lis pihen\u0151z\u00f3n\u00e1t alak\u00edt ki leg\u00fajabb rep\u00fcl\u0151g\u00e9pein.<\/strong> A fejleszt\u00e9s az ultra hossz\u00fa j\u00e1ratok k\u00e9nyelm\u00e9t \u00e9s az utasok eg\u00e9szs\u00e9g\u00e9t c\u00e9lozza, \u00e9s m\u00e1r most komoly figyelmet kapott. Az \u00faj\u00edt\u00e1s az Airbus A350-1000ULR t\u00edpus\u00fa g\u00e9peken jelenik meg els\u0151k\u00e9nt, amelyek v\u00e1rhat\u00f3an 2027 elej\u00e9n \u00e1llnak forgalomba. Ezek a rep\u00fcl\u0151k a vil\u00e1g egyik leghosszabb \u00fatvonalain k\u00f6zlekednek majd, p\u00e9ld\u00e1ul Sydney \u00e9s<a href=\"https:\/\/www.startlap.hu\/utazas\/harry-potter-uzlet-london\/\" target=\"_blank\" rel=\"noopener\"> London<\/a> vagy New York k\u00f6z\u00f6tt.<\/p>\n<div class=\"o-widget m-readMoreWidget -readMore u-shortDecorLineAfter row widget-container _ce_measure_widget bigdata-widget read-more\" data-ce-measure-widget=\"olvass tov\u00e1bb\">\n\t<div class=\"m-readMoreWidget__imgWrapper image-wrapper col-12 col-md-4 no-p\">\n\t\t<a class=\"m-readMoreWidget__imgLink\" href=\"https:\/\/www.startlap.hu\/utazas\/dunakanyar-tulipan-kert-szedd-magad\/\" >\n\t\t\t<img decoding=\"async\" src=\"https:\/\/www.startlap.hu\/utazas\/uploads\/sites\/3\/2026\/03\/GettyImages-1488179819_11zon-1-350x285.jpg\" class=\"m-readMoreWidget__img\">\n\t\t<\/a>\n\t<\/div>\n\t<div class=\"m-readMoreWidget__titleWrapper title-wrapper col-12 col-md-8\">\n\t\t<span class=\"m-readMoreWidget__titleLabel u-shortDecorLineBefore label hidden-sm-up\">Ez is \u00e9rdekelhet:<\/span>\n\t\t<h3 class=\"m-readMoreWidget__title title\">\n\t\t\t<a class=\"m-readMoreWidget__titleLink -secondFont u-bold u-upperCase\" href=\"https:\/\/www.startlap.hu\/utazas\/dunakanyar-tulipan-kert-szedd-magad\/\" >F\u00e9lmilli\u00f3 tulip\u00e1n pomp\u00e1zik egyszerre a Dunakanyarban: most nyit a kert, ahol szedhetsz a vir\u00e1gokb\u00f3l<\/a>\n\t\t<\/h3>\n\t\t<a class=\"m-readMoreWidget__btn -coloredBack u-tC link\" href=\"https:\/\/www.startlap.hu\/utazas\/dunakanyar-tulipan-kert-szedd-magad\/\" >Elolvasom<\/a>\n\t<\/div>\n<\/div>\n<h2>K\u00fcl\u00f6n t\u00e9r a mozg\u00e1sra \u00e9s felt\u00f6lt\u0151d\u00e9sre<\/h2>\n<p>A pihen\u0151z\u00f3na egy kifejezetten erre a c\u00e9lra kialak\u00edtott fed\u00e9lzeti t\u00e9r lesz, amely a pr\u00e9mium turistaoszt\u00e1ly \u00e9s a turistaoszt\u00e1ly k\u00f6z\u00f6tt kap majd helyet. <strong>Minden utas sz\u00e1m\u00e1ra el\u00e9rhet\u0151 lesz, fel\u00e1r n\u00e9lk\u00fcl.<\/strong> A koncepci\u00f3 l\u00e9nyege, hogy a hossz\u00fa \u00f3r\u00e1kon \u00e1t tart\u00f3 \u00fcl\u00e9s helyett az utasok fel\u00e1llhatnak, megny\u00fajt\u00f3zhatnak, mozoghatnak, vagy egyszer\u0171en csak felfriss\u00fclhetnek. A z\u00f3na r\u00e9sze a l\u00e9git\u00e1rsas\u00e1g \u00fagynevezett Project Sunrise programj\u00e1nak, amely a rekordhossz\u00fas\u00e1g\u00fa j\u00e1ratok \u00e9lm\u00e9ny\u00e9t szeretn\u00e9 \u00fajragondolni.<\/p>\n<h2>\u00cdgy seg\u00edti az utasok eg\u00e9szs\u00e9g\u00e9t<\/h2>\n<p>Ezt a z\u00f3n\u00e1t \u00fagy tervezt\u00e9k, hogy akt\u00edvan t\u00e1mogassa az utasok komfort\u00e9rzet\u00e9t \u00e9s eg\u00e9szs\u00e9g\u00e9t a t\u00f6bb mint 15-20 \u00f3r\u00e1s rep\u00fcl\u00e9sek sor\u00e1n. A fed\u00e9lzeti t\u00e9rben t\u00f6bbf\u00e9le lehet\u0151s\u00e9g is el\u00e9rhet\u0151 lesz:<\/p>\n<ul>\n<li>k\u00e9perny\u0151n k\u00f6vethet\u0151, digit\u00e1lis instruktorok \u00e1ltal vezetett ny\u00fajt\u00f3- \u00e9s mozg\u00e1sprogramok<\/li>\n<li>speci\u00e1lisan kialak\u00edtott kapaszkod\u00f3k a k\u00f6nnyebb ny\u00fajt\u00e1shoz<\/li>\n<li>\u00f6nkiszolg\u00e1l\u00f3 friss\u00edt\u0151pont snackekkel \u00e9s hidrat\u00e1l\u00f3 italokkal<\/li>\n<\/ul>\n<figure id=\"attachment_106495\" aria-describedby=\"caption-attachment-106495\" style=\"width: 755px\" class=\"wp-caption alignnone\"><img loading=\"lazy\" decoding=\"async\" class=\"size-article-size-large-image wp-image-106495\" src=\"https:\/\/www.startlap.hu\/utazas\/uploads\/sites\/3\/2026\/04\/repulo-no_11zon-755x503.jpg\" alt=\"Mosolyogva rep\u00fcl\u0151n l\u00e9v\u0151 n\u0151\" width=\"755\" height=\"503\" srcset=\"https:\/\/www.startlap.hu\/utazas\/uploads\/sites\/3\/2026\/04\/repulo-no_11zon-755x503.jpg 755w, https:\/\/www.startlap.hu\/utazas\/uploads\/sites\/3\/2026\/04\/repulo-no_11zon-1536x1024.jpg 1536w, https:\/\/www.startlap.hu\/utazas\/uploads\/sites\/3\/2026\/04\/repulo-no_11zon-525x350.jpg 525w, https:\/\/www.startlap.hu\/utazas\/uploads\/sites\/3\/2026\/04\/repulo-no_11zon.jpg 1696w\" sizes=\"auto, (max-width: 755px) 100vw, 755px\" \/><figcaption id=\"caption-attachment-106495\" class=\"wp-caption-text\">Egyre t\u00f6bb l\u00e9git\u00e1rsas\u00e1g ismeri fel, hogy a hossz\u00fa utakon fontos, hogy az utasok n\u00e9ha fel\u00e1llhassanak. Fot\u00f3: Getty Images<\/figcaption><\/figure>\n<p>A fejleszt\u00e9s m\u00f6g\u00f6tt komoly kutat\u00f3munka \u00e1ll. A Qantas az Charles Perkins Centre szakembereivel egy\u00fctt dolgozott, akik klinikai vizsg\u00e1latokkal elemezt\u00e9k a hossz\u00fa rep\u00fcl\u00e9sek hat\u00e1sait. <strong>Az eredm\u00e9nyek szerint m\u00e1r az olyan egyszer\u0171 tev\u00e9kenys\u00e9gek is, mint a rendszeres mozg\u00e1s vagy a megfelel\u0151 vil\u00e1g\u00edt\u00e1s, seg\u00edthetnek cs\u00f6kkenteni a jet lag t\u00fcneteit \u00e9s m\u00e9rs\u00e9kelni a m\u00e9lyv\u00e9n\u00e1s tromb\u00f3zis kock\u00e1zat\u00e1t.<\/strong><\/p>\n<p>A hossz\u00fa rep\u00fcl\u00e9sek eg\u00e9szs\u00e9g\u00fcgyi kock\u00e1zatait r\u00e9g\u00f3ta vizsg\u00e1lj\u00e1k: a mozg\u00e1shi\u00e1ny \u00e9s a hosszan tart\u00f3 \u00fcl\u00e9s n\u00f6velheti a kering\u00e9si probl\u00e9m\u00e1k es\u00e9ly\u00e9t. A World Health Organization szerint m\u00e1r az is sokat seg\u00edthet, ha az utasok rendszeresen fel\u00e1llnak \u00e9s \u00e1tmozgatj\u00e1k magukat. Nem v\u00e9letlen, hogy a l\u00e9git\u00e1rsas\u00e1gok egyre ink\u00e1bb az utasok fizikai \u00e9s ment\u00e1lis terhel\u00e9s\u00e9nek cs\u00f6kkent\u00e9s\u00e9re f\u00f3kusz\u00e1lnak.<\/p>\n<h2>Nem csak extra, hanem sz\u00fcks\u00e9gszer\u0171 v\u00e1ltoz\u00e1s<\/h2>\n<p>Egyre t\u00f6bb r\u00e1 a t\u00f6rekv\u00e9s, hogy az utasok ne maradjanak v\u00e9gig \u00fclve az ultra hossz\u00fa j\u00e1ratok alatt. Az \u00fajdons\u00e1g ezt seg\u00edti el\u0151 azzal, hogy k\u00fcl\u00f6n teret biztos\u00edt a mozg\u00e1sra, ami ilyen hossz\u00fa utakn\u00e1l m\u00e1r nem csak k\u00e9nyelmi, hanem eg\u00e9szs\u00e9g\u00fcgyi k\u00e9rd\u00e9s is.<\/p>\n<p>A<a href=\"https:\/\/www.mayoclinic.org\/symptoms\/blood-clots\/basics\/when-to-see-doctor\/sym-20050850?utm_source=chatgpt.com\" target=\"_blank\" target=\"_blank\" rel=\"noopener\"> szak\u00e9rt\u0151k szerint<\/a> a pihen\u0151z\u00f3na mellett az utasok maguk is sokat tehetnek a komfortjuk\u00e9rt: \u00e9rdemes laza ruh\u00e1zatot viselni, rendszeresen inni vizet, \u00e9s \u00f3r\u00e1nk\u00e9nt legal\u00e1bb egyszer \u00e1tmozgatni a l\u00e1bakat. Ezek az apr\u00f3 szok\u00e1sok jelent\u0151sen jav\u00edthatj\u00e1k a k\u00f6z\u00e9rzetet m\u00e9g a leghosszabb j\u00e1ratokon is.<\/p>\n<h2>Tov\u00e1bbi v\u00e1ltoz\u00e1sok a fed\u00e9lzeten<\/h2>\n<p>Az \u00faj A350-es g\u00e9pek nemcsak a pihen\u0151z\u00f3na miatt lesznek k\u00fcl\u00f6nlegesek. A Qantas t\u00f6bb ponton is \u00e1talak\u00edtja a fed\u00e9lzeti \u00e9lm\u00e9nyt:<\/p>\n<ul>\n<li>az els\u0151 oszt\u00e1lyon hat z\u00e1rt, lakoszt\u00e1lyszer\u0171 kabint alak\u00edtanak ki, amelyek egy butikhotel hangulat\u00e1t id\u00e9zik<\/li>\n<li>a business oszt\u00e1lyon tol\u00f3ajt\u00f3s business Suite v\u00e1rja az utasokat, teljesen v\u00edzszintes, k\u00f6zel k\u00e9tm\u00e9teres \u00e1ggy\u00e1 alak\u00edthat\u00f3 \u00fcl\u00e9sekkel<\/li>\n<li>a pr\u00e9mium turista oszt\u00e1ly \u00faj, 40 h\u00fcvelykes d\u00f6nthet\u0151 \u00fcl\u00e9seket kap, amelyek jobb ergon\u00f3miai al\u00e1t\u00e1maszt\u00e1st biztos\u00edtanak<\/li>\n<\/ul>\n<p>A l\u00e9git\u00e1rsas\u00e1g ezzel egy\u00e9rtelm\u0171en arra t\u00f6rekszik, hogy a t\u00f6bb kontinensen \u00e1t\u00edvel\u0151 rep\u00fcl\u00e9sek ne puszt\u00e1n sz\u00fcks\u00e9ges utaz\u00e1sok legyenek, hanem k\u00e9nyelmesebb, tudatosabban megtervezett \u00e9lm\u00e9nyek.<\/p>\n<p><a href=\"https:\/\/www.travelandleisureasia.com\/sea\/news\/qantas-airways-launches-wellbeing-zone-on-new-a350-aircrafts\/amp\/\" target=\"_blank\" target=\"_blank\" rel=\"noopener\">via<\/a><\/p>\n<div class=\"o-widget m-readMoreWidget -readMore u-shortDecorLineAfter row widget-container _ce_measure_widget bigdata-widget read-more\" data-ce-measure-widget=\"olvass tov\u00e1bb\">\n\t<div class=\"m-readMoreWidget__imgWrapper image-wrapper col-12 col-md-4 no-p\">\n\t\t<a class=\"m-readMoreWidget__imgLink\" href=\"https:\/\/www.startlap.hu\/utazas\/nemetorszag-calw-fekete-erdo-fotok\/\" >\n\t\t\t<img decoding=\"async\" src=\"https:\/\/www.startlap.hu\/utazas\/uploads\/sites\/3\/2026\/04\/calw6-350x285.jpg\" class=\"m-readMoreWidget__img\">\n\t\t<\/a>\n\t<\/div>\n\t<div class=\"m-readMoreWidget__titleWrapper title-wrapper col-12 col-md-8\">\n\t\t<span class=\"m-readMoreWidget__titleLabel u-shortDecorLineBefore label hidden-sm-up\">Ez is \u00e9rdekelhet:<\/span>\n\t\t<h3 class=\"m-readMoreWidget__title title\">\n\t\t\t<a class=\"m-readMoreWidget__titleLink -secondFont u-bold u-upperCase\" href=\"https:\/\/www.startlap.hu\/utazas\/nemetorszag-calw-fekete-erdo-fotok\/\" >K\u00e9peken N\u00e9metorsz\u00e1g egyik legszebb, 950 \u00e9ves kisv\u00e1rosa &#8211; m\u00e9g az aut\u00f3p\u00e1lya-lehajt\u00f3ja is k\u00fcl\u00f6nleges<\/a>\n\t\t<\/h3>\n\t\t<a class=\"m-readMoreWidget__btn -coloredBack u-tC link\" href=\"https:\/\/www.startlap.hu\/utazas\/nemetorszag-calw-fekete-erdo-fotok\/\" >Elolvasom<\/a>\n\t<\/div>\n<\/div>\n","protected":false},"excerpt":{"rendered":"<p>A hossz\u00fa rep\u00fcl\u0151utak egyik legnagyobb probl\u00e9m\u00e1j\u00e1ra ad v\u00e1laszt egy l\u00e9git\u00e1rsas\u00e1g &#8211; az \u00faj megold\u00e1s nem csak k\u00e9nyelmet, hanem eg\u00e9szs\u00e9gt\u00e1mogat\u00e1st is \u00edg\u00e9r.<\/p>\n","protected":false},"author":64,"featured_media":106495,"comment_status":"closed","ping_status":"closed","sticky":false,"template":"","format":"standard","meta":{"footnotes":""},"categories":[70],"tags":[2809,9973,3851,204],"class_list":["post-106493","post","type-post","status-publish","format-standard","has-post-thumbnail","hentry","category-vilag","tag-egeszseg","tag-pihenes","tag-qantas","tag-repules"],"aioseo_notices":[],"_links":{"self":[{"href":"https:\/\/www.startlap.hu\/utazas\/wp-json\/wp\/v2\/posts\/106493","targetHints":{"allow":["GET"]}}],"collection":[{"href":"https:\/\/www.startlap.hu\/utazas\/wp-json\/wp\/v2\/posts"}],"about":[{"href":"https:\/\/www.startlap.hu\/utazas\/wp-json\/wp\/v2\/types\/post"}],"author":[{"embeddable":true,"href":"https:\/\/www.startlap.hu\/utazas\/wp-json\/wp\/v2\/users\/64"}],"replies":[{"embeddable":true,"href":"https:\/\/www.startlap.hu\/utazas\/wp-json\/wp\/v2\/comments?post=106493"}],"version-history":[{"count":7,"href":"https:\/\/www.startlap.hu\/utazas\/wp-json\/wp\/v2\/posts\/106493\/revisions"}],"predecessor-version":[{"id":106505,"href":"https:\/\/www.startlap.hu\/utazas\/wp-json\/wp\/v2\/posts\/106493\/revisions\/106505"}],"wp:featuredmedia":[{"embeddable":true,"href":"https:\/\/www.startlap.hu\/utazas\/wp-json\/wp\/v2\/media\/106495"}],"wp:attachment":[{"href":"https:\/\/www.startlap.hu\/utazas\/wp-json\/wp\/v2\/media?parent=106493"}],"wp:term":[{"taxonomy":"category","embeddable":true,"href":"https:\/\/www.startlap.hu\/utazas\/wp-json\/wp\/v2\/categories?post=106493"},{"taxonomy":"post_tag","embeddable":true,"href":"https:\/\/www.startlap.hu\/utazas\/wp-json\/wp\/v2\/tags?post=106493"}],"curies":[{"name":"wp","href":"https:\/\/api.w.org\/{rel}","templated":true}]}}