{"id":106469,"date":"2026-04-30T16:03:54","date_gmt":"2026-04-30T14:03:54","guid":{"rendered":"https:\/\/www.startlap.hu\/utazas\/?p=106469"},"modified":"2026-04-29T23:49:09","modified_gmt":"2026-04-29T21:49:09","slug":"viragok-viragturizmus-afrika-india-ujzeland","status":"publish","type":"post","link":"https:\/\/www.startlap.hu\/utazas\/viragok-viragturizmus-afrika-india-ujzeland\/","title":{"rendered":"Vir\u00e1gba borult csod\u00e1k vil\u00e1gszerte &#8211; ezek\u00e9rt a mes\u00e9s \u00fati c\u00e9lok\u00e9rt rajong most minden utaz\u00f3"},"content":{"rendered":"<p>Az ut\u00f3bbi \u00e9vekben l\u00e1tv\u00e1nyosan felfutott az \u00fagynevezett vir\u00e1gturizmus:<strong> utaz\u00f3k t\u00edzezrei indulnak \u00fatnak, hogy saj\u00e1t szem\u00fckkel l\u00e1ss\u00e1k a vil\u00e1g legszebb vir\u00e1gz\u00e1sait.<\/strong> A trend m\u00f6g\u00f6tt azonban nem csak a term\u00e9szet ir\u00e1nti rajong\u00e1s \u00e1ll, hanem egyre er\u0151sebb hat\u00e1ssal van r\u00e1 a k\u00f6z\u00f6ss\u00e9gi m\u00e9dia \u00e9s a kl\u00edmav\u00e1ltoz\u00e1s is &#8211; \u00edrja az <a href=\"https:\/\/www.euronews.com\/travel\/2026\/04\/24\/travel-in-bloom-these-are-the-best-flower-tourism-destinations-to-visit-in-2026\" target=\"_blank\" target=\"_blank\" rel=\"noopener\">Euronews<\/a>.<\/p>\n<div class=\"o-widget m-readMoreWidget -readMore u-shortDecorLineAfter row widget-container _ce_measure_widget bigdata-widget read-more\" data-ce-measure-widget=\"olvass tov\u00e1bb\">\n\t<div class=\"m-readMoreWidget__imgWrapper image-wrapper col-12 col-md-4 no-p\">\n\t\t<a class=\"m-readMoreWidget__imgLink\" href=\"https:\/\/www.startlap.hu\/utazas\/teljes-napfogyatkozas-2027-augusztus-hat-perces-rekord\/\" >\n\t\t\t<img decoding=\"async\" src=\"https:\/\/www.startlap.hu\/utazas\/uploads\/sites\/3\/2024\/04\/napfogyatkozas-01-350x285.jpg\" class=\"m-readMoreWidget__img\">\n\t\t<\/a>\n\t<\/div>\n\t<div class=\"m-readMoreWidget__titleWrapper title-wrapper col-12 col-md-8\">\n\t\t<span class=\"m-readMoreWidget__titleLabel u-shortDecorLineBefore label hidden-sm-up\">Ez is \u00e9rdekelhet:<\/span>\n\t\t<h3 class=\"m-readMoreWidget__title title\">\n\t\t\t<a class=\"m-readMoreWidget__titleLink -secondFont u-bold u-upperCase\" href=\"https:\/\/www.startlap.hu\/utazas\/teljes-napfogyatkozas-2027-augusztus-hat-perces-rekord\/\" >Hat percre els\u00f6t\u00e9t\u00fcl az \u00e9g nappal: m\u00e1r foglalj\u00e1k a sz\u00e1llod\u00e1kat a ritka napfogyatkoz\u00e1sra &#8211; ami ezut\u00e1n csak 2114-ben lesz l\u00e1that\u00f3<\/a>\n\t\t<\/h3>\n\t\t<a class=\"m-readMoreWidget__btn -coloredBack u-tC link\" href=\"https:\/\/www.startlap.hu\/utazas\/teljes-napfogyatkozas-2027-augusztus-hat-perces-rekord\/\" >Elolvasom<\/a>\n\t<\/div>\n<\/div>\n<p>Az egyik legismertebb p\u00e9lda a <a href=\"https:\/\/www.startlap.hu\/utazas\/japan-cseresznyeviragzas-olcso-arak-utazas\/\" target=\"_blank\" rel=\"noopener\">jap\u00e1n cseresznyevir\u00e1gz\u00e1s<\/a>, amely az ut\u00f3bbi \u00e9vekben komoly t\u00f6megeket vonz. Olyan ikonikus helysz\u00edneken, mint a Chureito Pagoda k\u00f6rny\u00e9ke, egy-egy napon ak\u00e1r t\u00edzezern\u00e9l is t\u00f6bb l\u00e1togat\u00f3 fordul meg. A l\u00e1tv\u00e1nyos fot\u00f3k fut\u00f3t\u0171zk\u00e9nt terjednek az interneten, ami tov\u00e1bb n\u00f6veli az \u00e9rdekl\u0151d\u00e9st. A t\u00falzott turistaforgalom azonban m\u00e1r probl\u00e9m\u00e1kat okoz. A helyzetet s\u00falyosb\u00edtja, hogy a kl\u00edmav\u00e1ltoz\u00e1s miatt a vir\u00e1gz\u00e1s egyre kor\u00e1bban kezd\u0151dik \u00e9s r\u00f6videbb ideig tart &#8211; \u00edgy sokan csal\u00f3dottan t\u00e1voznak.<\/p>\n<blockquote class=\"article__extraTxt\"><p>Hasonl\u00f3 jelens\u00e9g figyelhet\u0151 meg a holland tulip\u00e1nmez\u0151k eset\u00e9ben is, ez\u00e9rt egyre t\u00f6bben keresnek alternat\u00edv \u00fati c\u00e9lokat.<\/p><\/blockquote>\n<h2>Egy sivatag, ami \u00e9vente egyszer kivir\u00e1gzik<\/h2>\n<p>A D\u00e9l-Afrika \u00e9s <a href=\"https:\/\/www.startlap.hu\/utazas\/hid-negy-orszag-afrika\/\" target=\"_blank\" rel=\"noopener\">Nam\u00edbia<\/a> nyugati partvid\u00e9k\u00e9n h\u00faz\u00f3d\u00f3 Namaqualand k\u00fcl\u00f6nleges term\u00e9szeti jelens\u00e9get k\u00edn\u00e1l. Ez a f\u00e9lsivatagos vid\u00e9k <strong>\u00e9vente egyszer, augusztus \u00e9s szeptember k\u00f6z\u00f6tt sz\u00f3 szerint vir\u00e1gba borul.<\/strong> T\u00f6bb mint 3500 vadvir\u00e1gfaj tal\u00e1lhat\u00f3 itt, amelyek k\u00f6z\u00fcl k\u00f6r\u00fclbel\u00fcl ezer kiz\u00e1r\u00f3lag ezen a ter\u00fcleten \u00e9l. A l\u00e1tv\u00e1ny eg\u00e9szen k\u00fcl\u00f6nleges: a sz\u00e1raz s\u00edks\u00e1gokat feh\u00e9r, narancss\u00e1rga \u00e9s lila vir\u00e1gok bor\u00edtj\u00e1k be. A t\u00e9rs\u00e9gben t\u00fara\u00fatvonalak, terepj\u00e1r\u00f3s kir\u00e1ndul\u00e1sok \u00e9s csillagn\u00e9z\u0151 programok is v\u00e1rj\u00e1k az utaz\u00f3kat, de minden az adott \u00e9vi csapad\u00e9kmennyis\u00e9gt\u0151l f\u00fcgg.<\/p>\n<blockquote class=\"instagram-media\" style=\"background: #FFF; border: 0; border-radius: 3px; margin: 1px; max-width: 658px; min-width: 326px; padding: 0; width: calc(100% - 2px);\" data-instgrm-permalink=\"https:\/\/www.instagram.com\/p\/C1G365pgjTZ\/?utm_source=ig_embed&amp;utm_campaign=loading\" data-instgrm-version=\"14\">\n<div style=\"padding: 16px;\">\n<p>&nbsp;<\/p>\n<div style=\"flex-direction: row; align-items: center;\">\n<div style=\"background-color: #f4f4f4; border-radius: 50%; flex-grow: 0; height: 40px; margin-right: 14px; width: 40px;\">&nbsp;<\/div>\n<div style=\"flex-direction: column; flex-grow: 1; justify-content: center;\">\n<div style=\"background-color: #f4f4f4; border-radius: 4px; flex-grow: 0; height: 14px; margin-bottom: 6px; width: 100px;\">&nbsp;<\/div>\n<div style=\"background-color: #f4f4f4; border-radius: 4px; flex-grow: 0; height: 14px; width: 60px;\">&nbsp;<\/div>\n<\/div>\n<\/div>\n<div style=\"padding: 19% 0;\">&nbsp;<\/div>\n<div style=\"height: 50px; margin: 0 auto 12px; width: 50px;\">&nbsp;<\/div>\n<div style=\"padding-top: 8px;\">\n<div style=\"color: #3897f0; font-family: Arial,sans-serif; font-size: 14px; font-style: normal; font-weight: 550; line-height: 18px;\">View this post on Instagram<\/div>\n<\/div>\n<div style=\"padding: 12.5% 0;\">&nbsp;<\/div>\n<div style=\"flex-direction: row; margin-bottom: 14px; align-items: center;\">\n<div>\n<div style=\"background-color: #f4f4f4; border-radius: 50%; height: 12.5px; width: 12.5px;\">&nbsp;<\/div>\n<div style=\"background-color: #f4f4f4; height: 12.5px; width: 12.5px; flex-grow: 0; margin-right: 14px; margin-left: 2px;\">&nbsp;<\/div>\n<div style=\"background-color: #f4f4f4; border-radius: 50%; height: 12.5px; width: 12.5px;\">&nbsp;<\/div>\n<\/div>\n<div style=\"margin-left: 8px;\">\n<div style=\"background-color: #f4f4f4; border-radius: 50%; flex-grow: 0; height: 20px; width: 20px;\">&nbsp;<\/div>\n<div style=\"width: 0; height: 0; border-top: 2px solid transparent; border-left: 6px solid #f4f4f4; border-bottom: 2px solid transparent;\">&nbsp;<\/div>\n<\/div>\n<div style=\"margin-left: auto;\">\n<div style=\"width: 0px; border-top: 8px solid #F4F4F4; border-right: 8px solid transparent;\">&nbsp;<\/div>\n<div style=\"background-color: #f4f4f4; flex-grow: 0; height: 12px; width: 16px;\">&nbsp;<\/div>\n<div style=\"width: 0; height: 0; border-top: 8px solid #F4F4F4; border-left: 8px solid transparent;\">&nbsp;<\/div>\n<\/div>\n<\/div>\n<div style=\"flex-direction: column; flex-grow: 1; justify-content: center; margin-bottom: 24px;\">\n<div style=\"background-color: #f4f4f4; border-radius: 4px; flex-grow: 0; height: 14px; margin-bottom: 6px; width: 224px;\">&nbsp;<\/div>\n<div style=\"background-color: #f4f4f4; border-radius: 4px; flex-grow: 0; height: 14px; width: 144px;\">&nbsp;<\/div>\n<\/div>\n<p>&nbsp;<\/p>\n<\/div>\n<\/blockquote>\n<p><script async=\"\" src=\"https:\/\/www.instagram.com\/embed.js\"><\/script>&nbsp;<\/p>\n<h2>Eur\u00f3pai alternat\u00edva a cseresznyevir\u00e1gz\u00e1sra<\/h2>\n<p>Ha valaki nem menne Jap\u00e1nig, \u00e9s nyugodtabb \u00e9lm\u00e9nyre v\u00e1gyik, <a href=\"https:\/\/www.startlap.hu\/utazas\/spanyolorszag-legelegansabb-tengerparti-setany-fotok\/\" target=\"_blank\" rel=\"noopener\">Spanyolorsz\u00e1gban<\/a> is tal\u00e1l hasonl\u00f3 l\u00e1tv\u00e1nyt. A Jerte-v\u00f6lgyben tavasszal 1,5-2 milli\u00f3 cseresznyefa vir\u00e1gzik egyszerre. A vir\u00e1gz\u00e1s \u00e1ltal\u00e1ban m\u00e1rcius v\u00e9g\u00e9n vagy \u00e1prilis elej\u00e9n kezd\u0151dik, \u00e9s nagyj\u00e1b\u00f3l t\u00edz napig tart. A feh\u00e9rbe borult domboldalak nem csak l\u00e1tv\u00e1nyosak, hanem a helyi gazdas\u00e1g szempontj\u00e1b\u00f3l is fontosak, hiszen b\u0151s\u00e9ges term\u00e9st jeleznek. A vir\u00e1gz\u00e1st fesztiv\u00e1l is k\u00eds\u00e9ri, ahol zenei \u00e9s kultur\u00e1lis programok, helyi \u00e9telek \u00e9s vezetett t\u00far\u00e1k v\u00e1rj\u00e1k a l\u00e1togat\u00f3kat.<\/p>\n<blockquote class=\"instagram-media\" style=\"background: #FFF; border: 0; border-radius: 3px; margin: 1px; max-width: 658px; min-width: 326px; padding: 0; width: calc(100% - 2px);\" data-instgrm-permalink=\"https:\/\/www.instagram.com\/p\/DV_kDkEEhoY\/?utm_source=ig_embed&amp;utm_campaign=loading\" data-instgrm-version=\"14\">\n<div style=\"padding: 16px;\">\n<p>&nbsp;<\/p>\n<div style=\"flex-direction: row; align-items: center;\">\n<div style=\"background-color: #f4f4f4; border-radius: 50%; flex-grow: 0; height: 40px; margin-right: 14px; width: 40px;\">&nbsp;<\/div>\n<div style=\"flex-direction: column; flex-grow: 1; justify-content: center;\">\n<div style=\"background-color: #f4f4f4; border-radius: 4px; flex-grow: 0; height: 14px; margin-bottom: 6px; width: 100px;\">&nbsp;<\/div>\n<div style=\"background-color: #f4f4f4; border-radius: 4px; flex-grow: 0; height: 14px; width: 60px;\">&nbsp;<\/div>\n<\/div>\n<\/div>\n<div style=\"padding: 19% 0;\">&nbsp;<\/div>\n<div style=\"height: 50px; margin: 0 auto 12px; width: 50px;\">&nbsp;<\/div>\n<div style=\"padding-top: 8px;\">\n<div style=\"color: #3897f0; font-family: Arial,sans-serif; font-size: 14px; font-style: normal; font-weight: 550; line-height: 18px;\">View this post on Instagram<\/div>\n<\/div>\n<div style=\"padding: 12.5% 0;\">&nbsp;<\/div>\n<div style=\"flex-direction: row; margin-bottom: 14px; align-items: center;\">\n<div>\n<div style=\"background-color: #f4f4f4; border-radius: 50%; height: 12.5px; width: 12.5px;\">&nbsp;<\/div>\n<div style=\"background-color: #f4f4f4; height: 12.5px; width: 12.5px; flex-grow: 0; margin-right: 14px; margin-left: 2px;\">&nbsp;<\/div>\n<div style=\"background-color: #f4f4f4; border-radius: 50%; height: 12.5px; width: 12.5px;\">&nbsp;<\/div>\n<\/div>\n<div style=\"margin-left: 8px;\">\n<div style=\"background-color: #f4f4f4; border-radius: 50%; flex-grow: 0; height: 20px; width: 20px;\">&nbsp;<\/div>\n<div style=\"width: 0; height: 0; border-top: 2px solid transparent; border-left: 6px solid #f4f4f4; border-bottom: 2px solid transparent;\">&nbsp;<\/div>\n<\/div>\n<div style=\"margin-left: auto;\">\n<div style=\"width: 0px; border-top: 8px solid #F4F4F4; border-right: 8px solid transparent;\">&nbsp;<\/div>\n<div style=\"background-color: #f4f4f4; flex-grow: 0; height: 12px; width: 16px;\">&nbsp;<\/div>\n<div style=\"width: 0; height: 0; border-top: 8px solid #F4F4F4; border-left: 8px solid transparent;\">&nbsp;<\/div>\n<\/div>\n<\/div>\n<div style=\"flex-direction: column; flex-grow: 1; justify-content: center; margin-bottom: 24px;\">\n<div style=\"background-color: #f4f4f4; border-radius: 4px; flex-grow: 0; height: 14px; margin-bottom: 6px; width: 224px;\">&nbsp;<\/div>\n<div style=\"background-color: #f4f4f4; border-radius: 4px; flex-grow: 0; height: 14px; width: 144px;\">&nbsp;<\/div>\n<\/div>\n<p>&nbsp;<\/p>\n<\/div>\n<\/blockquote>\n<p><script async=\"\" src=\"https:\/\/www.instagram.com\/embed.js\"><\/script>&nbsp;<\/p>\n<h2>Egy himal\u00e1jai v\u00f6lgy, ahol folyamatosan v\u00e1ltozik a sz\u00ednpaletta<\/h2>\n<p><a href=\"https:\/\/www.startlap.hu\/utazas\/legszennyezettseg-india-loni-top\/\" target=\"_blank\" rel=\"noopener\">Indi\u00e1ban<\/a>, az Uttarakhand \u00e1llamban tal\u00e1lhat\u00f3 Vir\u00e1gok V\u00f6lgye l\u00e9legzetel\u00e1ll\u00edt\u00f3 \u00e9lm\u00e9ny. Ez az UNESCO vil\u00e1g\u00f6r\u00f6ks\u00e9gi helysz\u00edn j\u00faniust\u00f3l szeptemberig folyamatosan v\u00e1ltoz\u00f3 sz\u00ednekben pomp\u00e1zik. T\u00f6bb, mint 600 n\u00f6v\u00e9nyfaj \u00e9l itt, k\u00f6zt\u00fck ritka \u00e9s vesz\u00e9lyeztetett hegyi vir\u00e1gok. A v\u00f6lgy saj\u00e1t mikrokl\u00edm\u00e1ja miatt z\u00f6ldebb \u00e9s gazdagabb, mint a k\u00f6rnyez\u0151 himal\u00e1jai ter\u00fcletek. Nem csak n\u00f6v\u00e9nyek, hanem ritka \u00e1llatok is \u00e9lnek itt, p\u00e9ld\u00e1ul h\u00f3p\u00e1rducok \u00e9s \u00e1zsiai fekete medv\u00e9k. A hely k\u00fcl\u00f6n\u00f6sen n\u00e9pszer\u0171 a term\u00e9szetfot\u00f3sok \u00e9s t\u00far\u00e1z\u00f3k k\u00f6r\u00e9ben.<\/p>\n<blockquote class=\"instagram-media\" style=\"background: #FFF; border: 0; border-radius: 3px; margin: 1px; max-width: 658px; min-width: 326px; padding: 0; width: calc(100% - 2px);\" data-instgrm-permalink=\"https:\/\/www.instagram.com\/p\/DVi8iZND-V0\/?utm_source=ig_embed&amp;utm_campaign=loading\" data-instgrm-version=\"14\">\n<div style=\"padding: 16px;\">\n<p>&nbsp;<\/p>\n<div style=\"flex-direction: row; align-items: center;\">\n<div style=\"background-color: #f4f4f4; border-radius: 50%; flex-grow: 0; height: 40px; margin-right: 14px; width: 40px;\">&nbsp;<\/div>\n<div style=\"flex-direction: column; flex-grow: 1; justify-content: center;\">\n<div style=\"background-color: #f4f4f4; border-radius: 4px; flex-grow: 0; height: 14px; margin-bottom: 6px; width: 100px;\">&nbsp;<\/div>\n<div style=\"background-color: #f4f4f4; border-radius: 4px; flex-grow: 0; height: 14px; width: 60px;\">&nbsp;<\/div>\n<\/div>\n<\/div>\n<div style=\"padding: 19% 0;\">&nbsp;<\/div>\n<div style=\"height: 50px; margin: 0 auto 12px; width: 50px;\">&nbsp;<\/div>\n<div style=\"padding-top: 8px;\">\n<div style=\"color: #3897f0; font-family: Arial,sans-serif; font-size: 14px; font-style: normal; font-weight: 550; line-height: 18px;\">View this post on Instagram<\/div>\n<\/div>\n<div style=\"padding: 12.5% 0;\">&nbsp;<\/div>\n<div style=\"flex-direction: row; margin-bottom: 14px; align-items: center;\">\n<div>\n<div style=\"background-color: #f4f4f4; border-radius: 50%; height: 12.5px; width: 12.5px;\">&nbsp;<\/div>\n<div style=\"background-color: #f4f4f4; height: 12.5px; width: 12.5px; flex-grow: 0; margin-right: 14px; margin-left: 2px;\">&nbsp;<\/div>\n<div style=\"background-color: #f4f4f4; border-radius: 50%; height: 12.5px; width: 12.5px;\">&nbsp;<\/div>\n<\/div>\n<div style=\"margin-left: 8px;\">\n<div style=\"background-color: #f4f4f4; border-radius: 50%; flex-grow: 0; height: 20px; width: 20px;\">&nbsp;<\/div>\n<div style=\"width: 0; height: 0; border-top: 2px solid transparent; border-left: 6px solid #f4f4f4; border-bottom: 2px solid transparent;\">&nbsp;<\/div>\n<\/div>\n<div style=\"margin-left: auto;\">\n<div style=\"width: 0px; border-top: 8px solid #F4F4F4; border-right: 8px solid transparent;\">&nbsp;<\/div>\n<div style=\"background-color: #f4f4f4; flex-grow: 0; height: 12px; width: 16px;\">&nbsp;<\/div>\n<div style=\"width: 0; height: 0; border-top: 8px solid #F4F4F4; border-left: 8px solid transparent;\">&nbsp;<\/div>\n<\/div>\n<\/div>\n<div style=\"flex-direction: column; flex-grow: 1; justify-content: center; margin-bottom: 24px;\">\n<div style=\"background-color: #f4f4f4; border-radius: 4px; flex-grow: 0; height: 14px; margin-bottom: 6px; width: 224px;\">&nbsp;<\/div>\n<div style=\"background-color: #f4f4f4; border-radius: 4px; flex-grow: 0; height: 14px; width: 144px;\">&nbsp;<\/div>\n<\/div>\n<p>&nbsp;<\/p>\n<\/div>\n<\/blockquote>\n<p><script async=\"\" src=\"https:\/\/www.instagram.com\/embed.js\"><\/script>&nbsp;<\/p>\n<h2>T\u00fcrkiz t\u00f3, lila vir\u00e1gmez\u0151vel<\/h2>\n<p>\u00daj-Z\u00e9land d\u00e9li r\u00e9sz\u00e9n, a Mackenzie-medenc\u00e9ben tal\u00e1lhat\u00f3 Tekapo-t\u00f3 szint\u00e9n egyre n\u00e9pszer\u0171bb turista-c\u00e9lpont. A gleccsert\u00f3 \u00e9l\u00e9nk t\u00fcrkiz sz\u00edne \u00f6nmag\u00e1ban is l\u00e1tv\u00e1nyos, de a k\u00f6r\u00fcl\u00f6tte ny\u00edl\u00f3 lila, r\u00f3zsasz\u00edn \u00e9s k\u00e9k csillagf\u00fcrt mez\u0151k m\u00e9g k\u00fcl\u00f6nlegesebb\u00e9 teszik. A vir\u00e1gz\u00e1s november k\u00f6zep\u00e9t\u0151l decemberig tart, \u00e9s a napfelkelte vagy naplemente el\u0151tti id\u0151szak a legl\u00e1tv\u00e1nyosabb. A k\u00f6rny\u00e9k r\u00e1ad\u00e1sul a vil\u00e1g egyik legjobb csillagn\u00e9z\u0151 helye is.<\/p>\n<figure id=\"attachment_106473\" aria-describedby=\"caption-attachment-106473\" style=\"width: 755px\" class=\"wp-caption alignnone\"><img loading=\"lazy\" decoding=\"async\" class=\"wp-image-106473 size-article-size-large-image\" src=\"https:\/\/www.startlap.hu\/utazas\/uploads\/sites\/3\/2026\/04\/viragok_11zon-755x504.jpg\" alt=\"vir\u00e1gmez\u0151 naplement\u00e9vel\" width=\"755\" height=\"504\" srcset=\"https:\/\/www.startlap.hu\/utazas\/uploads\/sites\/3\/2026\/04\/viragok_11zon-755x504.jpg 755w, https:\/\/www.startlap.hu\/utazas\/uploads\/sites\/3\/2026\/04\/viragok_11zon-1536x1025.jpg 1536w, https:\/\/www.startlap.hu\/utazas\/uploads\/sites\/3\/2026\/04\/viragok_11zon-525x350.jpg 525w, https:\/\/www.startlap.hu\/utazas\/uploads\/sites\/3\/2026\/04\/viragok_11zon.jpg 1695w\" sizes=\"auto, (max-width: 755px) 100vw, 755px\" \/><figcaption id=\"caption-attachment-106473\" class=\"wp-caption-text\">Mes\u00e9s csillagf\u00fcrt mez\u0151 \u00daj-Z\u00e9landon. Fot\u00f3: Getty Images<\/figcaption><\/figure>\n<h2>Anglia vir\u00e1gz\u00f3 kasz\u00e1l\u00f3i<\/h2>\n<p>Eg\u00e9szen m\u00e1s hangulattal v\u00e1rnak az angliai Yorkshire Dales ter\u00fclet\u00e9n fekv\u0151 Muker Meadows r\u00e9tjei. Ezek hagyom\u00e1nyos kasz\u00e1l\u00f3r\u00e9tek, amelyek j\u00fanius k\u00f6zep\u00e9t\u0151l j\u00falius elej\u00e9ig vir\u00e1goznak. A ter\u00fclet kiemelten v\u00e9dett, \u00e9s rendk\u00edv\u00fcl gazdag n\u00f6v\u00e9nyvil\u00e1ggal rendelkezik. A ritka vir\u00e1gfajok mellett a klasszikus angol t\u00e1j elemei &#8211; k\u0151falak, pajt\u00e1k &#8211; is hozz\u00e1j\u00e1rulnak a k\u00fcl\u00f6nleges hangulathoz.<\/p>\n<blockquote class=\"instagram-media\" style=\"background: #FFF; border: 0; border-radius: 3px; margin: 1px; max-width: 658px; min-width: 326px; padding: 0; width: calc(100% - 2px);\" data-instgrm-permalink=\"https:\/\/www.instagram.com\/p\/DTvi1SUjf2o\/?utm_source=ig_embed&amp;utm_campaign=loading\" data-instgrm-version=\"14\">\n<div style=\"padding: 16px;\">\n<p>&nbsp;<\/p>\n<div style=\"flex-direction: row; align-items: center;\">\n<div style=\"background-color: #f4f4f4; border-radius: 50%; flex-grow: 0; height: 40px; margin-right: 14px; width: 40px;\">&nbsp;<\/div>\n<div style=\"flex-direction: column; flex-grow: 1; justify-content: center;\">\n<div style=\"background-color: #f4f4f4; border-radius: 4px; flex-grow: 0; height: 14px; margin-bottom: 6px; width: 100px;\">&nbsp;<\/div>\n<div style=\"background-color: #f4f4f4; border-radius: 4px; flex-grow: 0; height: 14px; width: 60px;\">&nbsp;<\/div>\n<\/div>\n<\/div>\n<div style=\"padding: 19% 0;\">&nbsp;<\/div>\n<div style=\"height: 50px; margin: 0 auto 12px; width: 50px;\">&nbsp;<\/div>\n<div style=\"padding-top: 8px;\">\n<div style=\"color: #3897f0; font-family: Arial,sans-serif; font-size: 14px; font-style: normal; font-weight: 550; line-height: 18px;\">View this post on Instagram<\/div>\n<\/div>\n<div style=\"padding: 12.5% 0;\">&nbsp;<\/div>\n<div style=\"flex-direction: row; margin-bottom: 14px; align-items: center;\">\n<div>\n<div style=\"background-color: #f4f4f4; border-radius: 50%; height: 12.5px; width: 12.5px;\">&nbsp;<\/div>\n<div style=\"background-color: #f4f4f4; height: 12.5px; width: 12.5px; flex-grow: 0; margin-right: 14px; margin-left: 2px;\">&nbsp;<\/div>\n<div style=\"background-color: #f4f4f4; border-radius: 50%; height: 12.5px; width: 12.5px;\">&nbsp;<\/div>\n<\/div>\n<div style=\"margin-left: 8px;\">\n<div style=\"background-color: #f4f4f4; border-radius: 50%; flex-grow: 0; height: 20px; width: 20px;\">&nbsp;<\/div>\n<div style=\"width: 0; height: 0; border-top: 2px solid transparent; border-left: 6px solid #f4f4f4; border-bottom: 2px solid transparent;\">&nbsp;<\/div>\n<\/div>\n<div style=\"margin-left: auto;\">\n<div style=\"width: 0px; border-top: 8px solid #F4F4F4; border-right: 8px solid transparent;\">&nbsp;<\/div>\n<div style=\"background-color: #f4f4f4; flex-grow: 0; height: 12px; width: 16px;\">&nbsp;<\/div>\n<div style=\"width: 0; height: 0; border-top: 8px solid #F4F4F4; border-left: 8px solid transparent;\">&nbsp;<\/div>\n<\/div>\n<\/div>\n<div style=\"flex-direction: column; flex-grow: 1; justify-content: center; margin-bottom: 24px;\">\n<div style=\"background-color: #f4f4f4; border-radius: 4px; flex-grow: 0; height: 14px; margin-bottom: 6px; width: 224px;\">&nbsp;<\/div>\n<div style=\"background-color: #f4f4f4; border-radius: 4px; flex-grow: 0; height: 14px; width: 144px;\">&nbsp;<\/div>\n<\/div>\n<p>&nbsp;<\/p>\n<\/div>\n<\/blockquote>\n<p><script async=\"\" src=\"https:\/\/www.instagram.com\/embed.js\"><\/script>&nbsp;<\/p>\n<h2>Egyre tudatosabban v\u00e1lasztanak az utaz\u00f3k<\/h2>\n<p>A vir\u00e1gturizmus n\u00e9pszer\u0171s\u00e9ge v\u00e1rhat\u00f3an tov\u00e1bb n\u0151, de az utaz\u00f3k egy r\u00e9sze m\u00e1r tudatosabban v\u00e1laszt \u00fati c\u00e9lt. Sokan keresik azokat a helyeket, ahol nem kell t\u00f6megekkel megk\u00fczdeni, \u00e9s ahol a term\u00e9szet m\u00e9g \u00e9rintetlenebb form\u00e1j\u00e1ban \u00e9lhet\u0151 \u00e1t. Az viszont biztos: ezek az \u00e9lm\u00e9nyek sokszor csak n\u00e9h\u00e1ny napig tartanak &#8211; \u00e9s \u00e9pp ez adja az igazi \u00e9rt\u00e9k\u00fcket.<\/p>\n<h2>Magyarorsz\u00e1gi arbor\u00e9tumok \u00e9s botanikus kertek<\/h2>\n<p>Nem kell a vil\u00e1g m\u00e1sik fel\u00e9re utaznod, ha vir\u00e1gos helyen s\u00e9t\u00e1ln\u00e1l: <a href=\"https:\/\/www.startlap.hu\/utazas\/legszebb-arboretum-botanikus-kert-magyarorszag\/\" target=\"_blank\" rel=\"noopener\">Magyarorsz\u00e1gon is sz\u00e1mos mes\u00e9s arbor\u00e9tum \u00e9s botanikus kert v\u00e1r<\/a>, amelyek tavasszal mutatj\u00e1k a legszebb arcukat. A h\u00f3vir\u00e1gok ut\u00e1n ilyenkor kr\u00f3kuszok, n\u00e1rciszok, tulip\u00e1nok, magn\u00f3li\u00e1k \u00e9s <a href=\"https:\/\/www.startlap.hu\/utazas\/cseresznyeviragzas-belfoldi-helyszinek-ajanlo-2026\/\" target=\"_blank\" rel=\"noopener\">jap\u00e1n cseresznyef\u00e1k<\/a> bor\u00edtj\u00e1k vir\u00e1gba a kerteket, sok helyen tematikus s\u00e9t\u00e1kkal \u00e9s programokkal v\u00e1rj\u00e1k a l\u00e1togat\u00f3kat. A Budai Arbor\u00e9tum, az Alcs\u00fati Arbor\u00e9tum, a V\u00e1cr\u00e1t\u00f3ti Botanikus Kert vagy a Jeli Arbor\u00e9tum mind k\u00fcl\u00f6nleges \u00e9lm\u00e9nyt k\u00edn\u00e1lnak, de a Szarvasi, a Folly vagy a Zirci Arbor\u00e9tum is remek v\u00e1laszt\u00e1s egy k\u00f6nnyed tavaszi s\u00e9t\u00e1hoz. A vir\u00e1gturizmus egyre n\u00e9pszer\u0171bb itthon is, \u00e9s az orsz\u00e1g szinte minden pontj\u00e1n tal\u00e1lni olyan helyet, ahol \u00e9pp cs\u00facsform\u00e1ban van a tavasz.<\/p>\n<div class=\"o-widget m-readMoreWidget -readMore u-shortDecorLineAfter row widget-container _ce_measure_widget bigdata-widget read-more\" data-ce-measure-widget=\"olvass tov\u00e1bb\">\n\t<div class=\"m-readMoreWidget__imgWrapper image-wrapper col-12 col-md-4 no-p\">\n\t\t<a class=\"m-readMoreWidget__imgLink\" href=\"https:\/\/www.startlap.hu\/utazas\/berlin-szemetszedes-ingyenes-belepo-etterem\/\" >\n\t\t\t<img decoding=\"async\" src=\"https:\/\/www.startlap.hu\/utazas\/uploads\/sites\/3\/2026\/04\/berlin-350x285.jpg\" class=\"m-readMoreWidget__img\">\n\t\t<\/a>\n\t<\/div>\n\t<div class=\"m-readMoreWidget__titleWrapper title-wrapper col-12 col-md-8\">\n\t\t<span class=\"m-readMoreWidget__titleLabel u-shortDecorLineBefore label hidden-sm-up\">Ez is \u00e9rdekelhet:<\/span>\n\t\t<h3 class=\"m-readMoreWidget__title title\">\n\t\t\t<a class=\"m-readMoreWidget__titleLink -secondFont u-bold u-upperCase\" href=\"https:\/\/www.startlap.hu\/utazas\/berlin-szemetszedes-ingyenes-belepo-etterem\/\" >Ingyenes bel\u00e9p\u0151jegyeket \u00e9s \u00e9ttermi \u00e9tkez\u00e9seket k\u00edn\u00e1l hamarosan egy eur\u00f3pai v\u00e1ros \u2013 puszt\u00e1n a szem\u00e9tszed\u00e9s\u00e9rt<\/a>\n\t\t<\/h3>\n\t\t<a class=\"m-readMoreWidget__btn -coloredBack u-tC link\" href=\"https:\/\/www.startlap.hu\/utazas\/berlin-szemetszedes-ingyenes-belepo-etterem\/\" >Elolvasom<\/a>\n\t<\/div>\n<\/div>\n","protected":false},"excerpt":{"rendered":"<p>Egyre t\u00f6bben kelnek \u00fatra kifejezetten a vir\u00e1gz\u00e1s miatt, mik\u00f6zben a legismertebb helysz\u00edneken m\u00e1r komoly gondot okoz a t\u00f6megturizmus \u00e9s a kisz\u00e1m\u00edthatatlan szezon.<\/p>\n","protected":false},"author":64,"featured_media":106473,"comment_status":"closed","ping_status":"closed","sticky":false,"template":"","format":"standard","meta":{"footnotes":""},"categories":[70],"tags":[915,489,408,928,1842,2692],"class_list":["post-106469","post","type-post","status-publish","format-standard","has-post-thumbnail","hentry","category-vilag","tag-afrika","tag-india","tag-turizmus","tag-uj-zeland","tag-virag","tag-viragzas"],"aioseo_notices":[],"_links":{"self":[{"href":"https:\/\/www.startlap.hu\/utazas\/wp-json\/wp\/v2\/posts\/106469","targetHints":{"allow":["GET"]}}],"collection":[{"href":"https:\/\/www.startlap.hu\/utazas\/wp-json\/wp\/v2\/posts"}],"about":[{"href":"https:\/\/www.startlap.hu\/utazas\/wp-json\/wp\/v2\/types\/post"}],"author":[{"embeddable":true,"href":"https:\/\/www.startlap.hu\/utazas\/wp-json\/wp\/v2\/users\/64"}],"replies":[{"embeddable":true,"href":"https:\/\/www.startlap.hu\/utazas\/wp-json\/wp\/v2\/comments?post=106469"}],"version-history":[{"count":11,"href":"https:\/\/www.startlap.hu\/utazas\/wp-json\/wp\/v2\/posts\/106469\/revisions"}],"predecessor-version":[{"id":106584,"href":"https:\/\/www.startlap.hu\/utazas\/wp-json\/wp\/v2\/posts\/106469\/revisions\/106584"}],"wp:featuredmedia":[{"embeddable":true,"href":"https:\/\/www.startlap.hu\/utazas\/wp-json\/wp\/v2\/media\/106473"}],"wp:attachment":[{"href":"https:\/\/www.startlap.hu\/utazas\/wp-json\/wp\/v2\/media?parent=106469"}],"wp:term":[{"taxonomy":"category","embeddable":true,"href":"https:\/\/www.startlap.hu\/utazas\/wp-json\/wp\/v2\/categories?post=106469"},{"taxonomy":"post_tag","embeddable":true,"href":"https:\/\/www.startlap.hu\/utazas\/wp-json\/wp\/v2\/tags?post=106469"}],"curies":[{"name":"wp","href":"https:\/\/api.w.org\/{rel}","templated":true}]}}