{"id":106463,"date":"2026-04-28T11:59:04","date_gmt":"2026-04-28T09:59:04","guid":{"rendered":"https:\/\/www.startlap.hu\/utazas\/?p=106463"},"modified":"2026-04-28T12:59:54","modified_gmt":"2026-04-28T10:59:54","slug":"ausztria-auto-kamera-varos-szigoritas","status":"publish","type":"post","link":"https:\/\/www.startlap.hu\/utazas\/ausztria-auto-kamera-varos-szigoritas\/","title":{"rendered":"Ausztri\u00e1ba utaz\u00f3k, figyelem! M\u00e1just\u00f3l \u00faj aut\u00f3s szab\u00e1lyok j\u00f6nnek &#8211; ezt figyelik majd a kamer\u00e1k"},"content":{"rendered":"<p>Komoly k\u00f6zleked\u00e9si fordulat k\u00e9sz\u00fcl <a href=\"https:\/\/www.startlap.hu\/utazas\/ausztria-latnivalok-ferto-to-kismarton\/\" target=\"_blank\" rel=\"noopener\">Ausztria<\/a> t\u00f6bb v\u00e1ros\u00e1ban: kamer\u00e1s rendszerekkel ellen\u0151rizn\u00e9k, ki hajt be jogosulatlanul a belv\u00e1rosokba \u00e9s m\u00e1s \u00e9rz\u00e9keny ter\u00fcletekre. Az \u00faj szab\u00e1lyoz\u00e1s nem csak a helyieket, hanem a turist\u00e1kat is \u00e9rinti, \u00e9s ak\u00e1r t\u00f6bb sz\u00e1zezer forintos b\u00edrs\u00e1got is hozhat &#8211; \u00edrja az <a href=\"https:\/\/www.adac.de\/news\/reise-oesterreich-autos-raus-aus-innenstaedten\/\" target=\"_blank\" target=\"_blank\" rel=\"noopener\">adac.de<\/a>.<\/p>\n<div class=\"o-widget m-readMoreWidget -readMore u-shortDecorLineAfter row widget-container _ce_measure_widget bigdata-widget read-more\" data-ce-measure-widget=\"olvass tov\u00e1bb\">\n\t<div class=\"m-readMoreWidget__imgWrapper image-wrapper col-12 col-md-4 no-p\">\n\t\t<a class=\"m-readMoreWidget__imgLink\" href=\"https:\/\/www.startlap.hu\/utazas\/horvatorszag-nyaralas-2026-uj-szabalyok-apartman\/\" >\n\t\t\t<img decoding=\"async\" src=\"https:\/\/www.startlap.hu\/utazas\/uploads\/sites\/3\/2026\/04\/horvatorszag-1-350x285.jpg\" class=\"m-readMoreWidget__img\">\n\t\t<\/a>\n\t<\/div>\n\t<div class=\"m-readMoreWidget__titleWrapper title-wrapper col-12 col-md-8\">\n\t\t<span class=\"m-readMoreWidget__titleLabel u-shortDecorLineBefore label hidden-sm-up\">Ez is \u00e9rdekelhet:<\/span>\n\t\t<h3 class=\"m-readMoreWidget__title title\">\n\t\t\t<a class=\"m-readMoreWidget__titleLink -secondFont u-bold u-upperCase\" href=\"https:\/\/www.startlap.hu\/utazas\/horvatorszag-nyaralas-2026-uj-szabalyok-apartman\/\" >Horv\u00e1t nyaral\u00e1s 2026: \u00faj szab\u00e1lyok \u00e9rintik magyarok sz\u00e1zezreit &#8211; j\u00faniust\u00f3l j\u00f6n a szigor\u00edt\u00e1s<\/a>\n\t\t<\/h3>\n\t\t<a class=\"m-readMoreWidget__btn -coloredBack u-tC link\" href=\"https:\/\/www.startlap.hu\/utazas\/horvatorszag-nyaralas-2026-uj-szabalyok-apartman\/\" >Elolvasom<\/a>\n\t<\/div>\n<\/div>\n<h2>2026 m\u00e1jus\u00e1t\u00f3l j\u00f6het a kamer\u00e1s ellen\u0151rz\u00e9s<\/h2>\n<p>Az osztr\u00e1k k\u00f6zleked\u00e9si szab\u00e1lyok m\u00f3dos\u00edt\u00e1sa lehet\u0151v\u00e9 teszi, hogy 2026 m\u00e1jus\u00e1t\u00f3l a v\u00e1rosok kamer\u00e1k seg\u00edts\u00e9g\u00e9vel figyelj\u00e9k a forgalmat a korl\u00e1tozott z\u00f3n\u00e1kban. A c\u00e9l a forgalom cs\u00f6kkent\u00e9se, a leveg\u0151min\u0151s\u00e9g jav\u00edt\u00e1sa \u00e9s az \u00e9lhet\u0151bb v\u00e1rosi k\u00f6rnyezet kialak\u00edt\u00e1sa &#8211; hasonl\u00f3an ahhoz, ami m\u00e1r t\u00f6bb eur\u00f3pai orsz\u00e1gban, p\u00e9ld\u00e1ul <a href=\"https:\/\/www.startlap.hu\/utazas\/olasz-sziget-rejtett-uti-cel-tomegturizmus\/\" target=\"_blank\" rel=\"noopener\">Olaszorsz\u00e1gban<\/a> is m\u0171k\u00f6dik. A m\u00f3dos\u00edt\u00e1s alapj\u00e1n a hat\u00f3s\u00e1gok automatikusan szankcion\u00e1lhatj\u00e1k a szab\u00e1lytalan behajt\u00e1sokat, \u00e9s ez a k\u00fclf\u00f6ldi rendsz\u00e1m\u00fa j\u00e1rm\u0171vekre is vonatkozik.<\/p>\n<h2>Csak enged\u00e9llyel lehet majd behajtani<\/h2>\n<p>A j\u00f6v\u0151ben a belv\u00e1rosokba \u00e9s m\u00e1s v\u00e9dett ter\u00fcletekre csak meghat\u00e1rozott j\u00e1rm\u0171vek hajthatnak be. Ide tartoznak a helyi lakosok, a ment\u0151k \u00e9s m\u00e1s s\u00fcrg\u0151ss\u00e9gi j\u00e1rm\u0171vek, a fuvarosok, valamint a taxik. <strong>A tervek szerint a motorok \u00e9s a seg\u00e9dmotorok kiv\u00e9telt k\u00e9peznek, r\u00e1juk nem vonatkozik az ellen\u0151rz\u00e9s.<\/strong><\/p>\n<figure id=\"attachment_106467\" aria-describedby=\"caption-attachment-106467\" style=\"width: 755px\" class=\"wp-caption alignnone\"><img loading=\"lazy\" decoding=\"async\" class=\"size-article-size-large-image wp-image-106467\" src=\"https:\/\/www.startlap.hu\/utazas\/uploads\/sites\/3\/2026\/04\/becs-6_11zon-755x500.jpg\" alt=\"b\u00e9csi dug\u00f3 a v\u00e1rosi \u00faton\" width=\"755\" height=\"500\" srcset=\"https:\/\/www.startlap.hu\/utazas\/uploads\/sites\/3\/2026\/04\/becs-6_11zon-755x500.jpg 755w, https:\/\/www.startlap.hu\/utazas\/uploads\/sites\/3\/2026\/04\/becs-6_11zon-1536x1018.jpg 1536w, https:\/\/www.startlap.hu\/utazas\/uploads\/sites\/3\/2026\/04\/becs-6_11zon-2048x1357.jpg 2048w, https:\/\/www.startlap.hu\/utazas\/uploads\/sites\/3\/2026\/04\/becs-6_11zon-250x165.jpg 250w, https:\/\/www.startlap.hu\/utazas\/uploads\/sites\/3\/2026\/04\/becs-6_11zon-528x350.jpg 528w\" sizes=\"auto, (max-width: 755px) 100vw, 755px\" \/><figcaption id=\"caption-attachment-106467\" class=\"wp-caption-text\">Ausztria v\u00e1rhat\u00f3an szigor\u00fabban ellen\u0151rzi majd a v\u00e1rosi k\u00f6zleked\u00e9st. Fot\u00f3: Getty Images<\/figcaption><\/figure>\n<p>A rendszer ir\u00e1nt mintegy 25 osztr\u00e1k v\u00e1ros \u00e9rdekl\u0151dik, k\u00f6zt\u00fck <a href=\"https:\/\/www.startlap.hu\/utazas\/vilag-legbaratsagosabb-varosai-2025-becs-quito-ecuador\/\" target=\"_blank\" rel=\"noopener\">B\u00e9cs<\/a>, Salzburg, Linz, Graz, St. P\u00f6lten \u00e9s Leoben. Az azonban m\u00e9g nem d\u0151lt el, pontosan mikor melyik telep\u00fcl\u00e9sen indul el a rendszer, a f\u0151v\u00e1rosban p\u00e9ld\u00e1ul ak\u00e1r 2028-ig is eltarthat a bevezet\u00e9s.<\/p>\n<h2>Nem mindenhol lesz k\u00fcl\u00f6n kamer\u00e1s megfigyel\u00e9s<\/h2>\n<p>A korm\u00e1ny azt is tiszt\u00e1zta, hogy \u00f6n\u00e1ll\u00f3 int\u00e9zked\u00e9sk\u00e9nt nem vezetnek be kamer\u00e1s megfigyel\u00e9st p\u00e9ld\u00e1ul buszs\u00e1vokban, j\u00e1rd\u00e1kon, ker\u00e9kp\u00e1rutakon vagy gyalogos z\u00f3n\u00e1kban. Egyetlen kiv\u00e9tel van: az \u00fagynevezett iskolautc\u00e1k, ahol a gyerekek biztons\u00e1ga \u00e9rdek\u00e9ben k\u00fcl\u00f6n\u00f6sen fontos a forgalom cs\u00f6kkent\u00e9se.<\/p>\n<h2>\u00cdgy m\u0171k\u00f6dik majd a rendszer<\/h2>\n<p>A kamer\u00e1k minden behajt\u00f3 j\u00e1rm\u0171 rendsz\u00e1m\u00e1t r\u00f6gz\u00edtik, majd \u00f6sszevetik egy helyi jogosults\u00e1gi list\u00e1val, amely tartalmazza p\u00e9ld\u00e1ul az ott \u00e9l\u0151ket, a sz\u00e1ll\u00edt\u00f3kat \u00e9s a s\u00fcrg\u0151ss\u00e9gi j\u00e1rm\u0171veket. Az osztr\u00e1k mobilit\u00e1si miniszt\u00e9rium szerint csak a rendsz\u00e1mokat t\u00e1rolj\u00e1k, szem\u00e9lyes adatokat nem, \u00edgy a rendszer megfelel az adatv\u00e9delmi el\u0151\u00edr\u00e1soknak. A forgalomkorl\u00e1tozott z\u00f3n\u00e1kat j\u00f3l l\u00e1that\u00f3 m\u00f3don jel\u00f6lik majd: k\u00fcl\u00f6n t\u00e1bl\u00e1k figyelmeztetnek a kamer\u00e1s ellen\u0151rz\u00e9sre, \u00e9s \u00faj \u00fatburkolati jeleket is felfestenek. A rendszer hasonl\u00f3 lesz az olasz v\u00e1rosokban m\u00e1r ismert ZTL z\u00f3n\u00e1khoz.<\/p>\n<h2>Turist\u00e1k is fizethetnek &#8211; nem keveset<\/h2>\n<p>A rendszer technikailag alkalmas arra, hogy a k\u00fclf\u00f6ldi rendsz\u00e1mokat is azonos\u00edtsa, \u00edgy a turist\u00e1k sem ker\u00fclhetik el a b\u00fcntet\u00e9st. <strong>Egy szab\u00e1lytalan behajt\u00e1s\u00e9rt ak\u00e1r 726 eur\u00f3s, azaz nagyj\u00e1b\u00f3l 280 ezer forintos b\u00edrs\u00e1got is kiszabhatnak.<\/strong> Ism\u00e9telt vagy k\u00fcl\u00f6n\u00f6sen s\u00falyos szab\u00e1lys\u00e9rt\u00e9s eset\u00e9n ez az \u00f6sszeg 2180 eur\u00f3ra is n\u0151het, ami k\u00f6r\u00fclbel\u00fcl 840 ezer forint.<\/p>\n<h2>L\u00e1tv\u00e1nyos forgalomcs\u00f6kken\u00e9st v\u00e1rnak<\/h2>\n<p>A rendszer egyik legnagyobb t\u00e1mogat\u00f3ja B\u00e9cs. Egy kor\u00e1bbi megval\u00f3s\u00edthat\u00f3s\u00e1gi tanulm\u00e1ny szerint a kamer\u00e1s ellen\u0151rz\u00e9s a belv\u00e1rosi behajt\u00e1sok sz\u00e1m\u00e1t ak\u00e1r 30 sz\u00e1zal\u00e9kkal is cs\u00f6kkentheti, mik\u00f6zben a parkol\u00f3helyek kihaszn\u00e1lts\u00e1ga k\u00f6zel egynegyed\u00e9vel eshet vissza.<\/p>\n<h2>Kritika is \u00e9rte a tervet<\/h2>\n<p>Az osztr\u00e1k aut\u00f3klub, az \u00d6AMTC ugyanakkor figyelmeztetett: nem egy\u00e9rtelm\u0171, pontosan hol jel\u00f6lhetnek ki ilyen z\u00f3n\u00e1kat, \u00e9s orsz\u00e1gosan sincs egys\u00e9ges szab\u00e1ly arra, kik hajthatnak be. Att\u00f3l tartanak, hogy a rendszer egyes v\u00e1rosokban ink\u00e1bb bev\u00e9telszerz\u00e9sre szolg\u00e1lhat &#8211; hasonl\u00f3an ahhoz, amit Olaszorsz\u00e1g egyes telep\u00fcl\u00e9sein m\u00e1r tapasztalni lehet.<\/p>\n<blockquote class=\"article__extraTxt\"><p>A k\u00f6vetkez\u0151 \u00e9vekben \u00edgy nemcsak az utak, hanem a szab\u00e1lyok is szigorodhatnak &#8211; \u00e9s aki nem figyel, k\u00f6nnyen m\u00e9lyen a zseb\u00e9be ny\u00falhat.<\/p><\/blockquote>\n<p>A szigor\u00edt\u00e1sok ellen\u00e9re Ausztria tov\u00e1bbra is az egyik legk\u00e9zenfekv\u0151bb \u00e9s legsokoldal\u00fabb \u00fati c\u00e9l a magyarok sz\u00e1m\u00e1ra, k\u00fcl\u00f6n\u00f6sen a hat\u00e1r menti r\u00e9gi\u00f3kban. M\u00e1r egy r\u00f6vid aut\u00f3z\u00e1ssal el\u00e9rhet\u0151 p\u00e9ld\u00e1ul a mes\u00e9be ill\u0151 Frakn\u00f3 v\u00e1ra, ahol ki\u00e1ll\u00edt\u00e1sok \u00e9s csal\u00e1di programok v\u00e1rj\u00e1k a l\u00e1togat\u00f3kat, vagy a hangulatos pinc\u00e9ir\u0151l ismert Heiligenbrunn, ahol h\u00e9tv\u00e9gente boros rendezv\u00e9nyek \u00e9s k\u00f3stol\u00f3k teszik k\u00fcl\u00f6nlegess\u00e9 a kiruccan\u00e1st.<\/p>\n<div class=\"o-widget m-readMoreWidget -readMore u-shortDecorLineAfter row widget-container _ce_measure_widget bigdata-widget read-more\" data-ce-measure-widget=\"olvass tov\u00e1bb\">\n\t<div class=\"m-readMoreWidget__imgWrapper image-wrapper col-12 col-md-4 no-p\">\n\t\t<a class=\"m-readMoreWidget__imgLink\" href=\"https:\/\/www.startlap.hu\/utazas\/nauru-utlevel-vasarolhato-klimavaltozas-tengerszint-katasztrofa\/\" >\n\t\t\t<img decoding=\"async\" src=\"https:\/\/www.startlap.hu\/utazas\/uploads\/sites\/3\/2026\/04\/nauru1-350x285.jpg\" class=\"m-readMoreWidget__img\">\n\t\t<\/a>\n\t<\/div>\n\t<div class=\"m-readMoreWidget__titleWrapper title-wrapper col-12 col-md-8\">\n\t\t<span class=\"m-readMoreWidget__titleLabel u-shortDecorLineBefore label hidden-sm-up\">Ez is \u00e9rdekelhet:<\/span>\n\t\t<h3 class=\"m-readMoreWidget__title title\">\n\t\t\t<a class=\"m-readMoreWidget__titleLink -secondFont u-bold u-upperCase\" href=\"https:\/\/www.startlap.hu\/utazas\/nauru-utlevel-vasarolhato-klimavaltozas-tengerszint-katasztrofa\/\" >\u00datleveleket \u00e1rul ez az apr\u00f3 orsz\u00e1g: komoly k\u00e9nyszerhelyzet \u00e1ll a h\u00e1tt\u00e9rben<\/a>\n\t\t<\/h3>\n\t\t<a class=\"m-readMoreWidget__btn -coloredBack u-tC link\" href=\"https:\/\/www.startlap.hu\/utazas\/nauru-utlevel-vasarolhato-klimavaltozas-tengerszint-katasztrofa\/\" >Elolvasom<\/a>\n\t<\/div>\n<\/div>\n","protected":false},"excerpt":{"rendered":"<p>Nyugati szomsz\u00e9dunkn\u00e1l hamarosan kamer\u00e1k figyelik majd, ki hajthat be a belv\u00e1rosokba. A szab\u00e1lyszeg\u0151k komoly b\u00edrs\u00e1gra sz\u00e1m\u00edthatnak, a k\u00fclf\u00f6ldikek sem kiv\u00e9telek.<\/p>\n","protected":false},"author":64,"featured_media":106467,"comment_status":"closed","ping_status":"closed","sticky":false,"template":"","format":"standard","meta":{"footnotes":""},"categories":[70],"tags":[307,2992,2683],"class_list":["post-106463","post","type-post","status-publish","format-standard","has-post-thumbnail","hentry","category-vilag","tag-ausztria","tag-auto","tag-szigoritas"],"aioseo_notices":[],"_links":{"self":[{"href":"https:\/\/www.startlap.hu\/utazas\/wp-json\/wp\/v2\/posts\/106463","targetHints":{"allow":["GET"]}}],"collection":[{"href":"https:\/\/www.startlap.hu\/utazas\/wp-json\/wp\/v2\/posts"}],"about":[{"href":"https:\/\/www.startlap.hu\/utazas\/wp-json\/wp\/v2\/types\/post"}],"author":[{"embeddable":true,"href":"https:\/\/www.startlap.hu\/utazas\/wp-json\/wp\/v2\/users\/64"}],"replies":[{"embeddable":true,"href":"https:\/\/www.startlap.hu\/utazas\/wp-json\/wp\/v2\/comments?post=106463"}],"version-history":[{"count":6,"href":"https:\/\/www.startlap.hu\/utazas\/wp-json\/wp\/v2\/posts\/106463\/revisions"}],"predecessor-version":[{"id":106496,"href":"https:\/\/www.startlap.hu\/utazas\/wp-json\/wp\/v2\/posts\/106463\/revisions\/106496"}],"wp:featuredmedia":[{"embeddable":true,"href":"https:\/\/www.startlap.hu\/utazas\/wp-json\/wp\/v2\/media\/106467"}],"wp:attachment":[{"href":"https:\/\/www.startlap.hu\/utazas\/wp-json\/wp\/v2\/media?parent=106463"}],"wp:term":[{"taxonomy":"category","embeddable":true,"href":"https:\/\/www.startlap.hu\/utazas\/wp-json\/wp\/v2\/categories?post=106463"},{"taxonomy":"post_tag","embeddable":true,"href":"https:\/\/www.startlap.hu\/utazas\/wp-json\/wp\/v2\/tags?post=106463"}],"curies":[{"name":"wp","href":"https:\/\/api.w.org\/{rel}","templated":true}]}}