{"id":106453,"date":"2026-04-29T15:03:22","date_gmt":"2026-04-29T13:03:22","guid":{"rendered":"https:\/\/www.startlap.hu\/utazas\/?p=106453"},"modified":"2026-04-29T10:28:31","modified_gmt":"2026-04-29T08:28:31","slug":"finnorszag-ado-turista","status":"publish","type":"post","link":"https:\/\/www.startlap.hu\/utazas\/finnorszag-ado-turista\/","title":{"rendered":"Megad\u00f3ztatn\u00e1k a turist\u00e1kat egy \u00e9szaki orsz\u00e1gban &#8211; hamarosan minden \u00e9jszaka plusz p\u00e9nzbe ker\u00fclhet"},"content":{"rendered":"<p>Nem sz\u00e1m\u00edt olcs\u00f3 \u00fati c\u00e9lnak, \u00e9s most m\u00e9g egy l\u00e9p\u00e9ssel dr\u00e1g\u00e1bb\u00e1 v\u00e1lhat egy sokak \u00e1ltal kedvelt \u00e9szaki orsz\u00e1g. <a href=\"https:\/\/www.startlap.hu\/utazas\/finnorszag-hid-europa-autok\/\" target=\"_blank\" rel=\"noopener\">Finnorsz\u00e1g<\/a> ugyanis egy \u00faj turisztikai ad\u00f3 bevezet\u00e9s\u00e9t vizsg\u00e1lja, amely a j\u00f6v\u0151ben k\u00f6zvetlen\u00fcl \u00e9rintheti az oda \u00e9rkez\u0151 utaz\u00f3kat. A tervek szerint ezzel a l\u00e1togat\u00f3k is hozz\u00e1j\u00e1rulhatnak a k\u00f6zszolg\u00e1ltat\u00e1sok fenntart\u00e1s\u00e1hoz \u00e9s a term\u00e9szeti \u00e9rt\u00e9kek meg\u00f3v\u00e1s\u00e1hoz.<\/p>\n<div class=\"o-widget m-readMoreWidget -readMore u-shortDecorLineAfter row widget-container _ce_measure_widget bigdata-widget read-more\" data-ce-measure-widget=\"olvass tov\u00e1bb\">\n\t<div class=\"m-readMoreWidget__imgWrapper image-wrapper col-12 col-md-4 no-p\">\n\t\t<a class=\"m-readMoreWidget__imgLink\" href=\"https:\/\/www.startlap.hu\/utazas\/mount-everest-biztositasi-csalas-mergezes\/\" >\n\t\t\t<img decoding=\"async\" src=\"https:\/\/www.startlap.hu\/utazas\/uploads\/sites\/3\/2026\/04\/mount-everest-350x285.jpg\" class=\"m-readMoreWidget__img\">\n\t\t<\/a>\n\t<\/div>\n\t<div class=\"m-readMoreWidget__titleWrapper title-wrapper col-12 col-md-8\">\n\t\t<span class=\"m-readMoreWidget__titleLabel u-shortDecorLineBefore label hidden-sm-up\">Ez is \u00e9rdekelhet:<\/span>\n\t\t<h3 class=\"m-readMoreWidget__title title\">\n\t\t\t<a class=\"m-readMoreWidget__titleLink -secondFont u-bold u-upperCase\" href=\"https:\/\/www.startlap.hu\/utazas\/mount-everest-biztositasi-csalas-mergezes\/\" >Idegenvezet\u0151k m\u00e9rgezt\u00e9k meg a turist\u00e1kat az Everesten, hogy biztos\u00edt\u00e1si p\u00e9nzeket kapjanak<\/a>\n\t\t<\/h3>\n\t\t<a class=\"m-readMoreWidget__btn -coloredBack u-tC link\" href=\"https:\/\/www.startlap.hu\/utazas\/mount-everest-biztositasi-csalas-mergezes\/\" >Elolvasom<\/a>\n\t<\/div>\n<\/div>\n<p>A kezdem\u00e9nyez\u00e9s m\u00f6g\u00f6tt egy egyre ismer\u0151sebb eur\u00f3pai trend \u00e1ll: a turist\u00e1k ne csak \u00e9lvezz\u00e9k a term\u00e9szeti \u00e9s infrastruktur\u00e1lis adotts\u00e1gokat, hanem j\u00e1ruljanak is hozz\u00e1 azok fenntart\u00e1s\u00e1hoz. A korm\u00e1ny jelenleg azt vizsg\u00e1lja, hogyan lehetne a l\u00e1togat\u00f3kat jobban bevonni ezeknek a k\u00f6lts\u00e9geknek a finansz\u00edroz\u00e1s\u00e1ba.<\/p>\n<blockquote class=\"article__extraTxt\"><p>Finnorsz\u00e1g turisztikai szempontb\u00f3l els\u0151sorban \u00e9rintetlen term\u00e9szeti k\u00f6rnyezet\u00e9vel vonzza az utaz\u00f3kat: az orsz\u00e1g ter\u00fclet\u00e9nek nagy r\u00e9sz\u00e9t erd\u0151k bor\u00edtj\u00e1k, \u00e9s t\u00f6bb mint 180 ezer t\u00f3 tal\u00e1lhat\u00f3 itt.<\/p><\/blockquote>\n<p>A l\u00e1togat\u00f3k k\u00f6r\u00e9ben n\u00e9pszer\u0171ek a nemzeti parkok, a sarki f\u00e9ny megfigyel\u00e9se, valamint a szaunakult\u00fara, amely a finn mindennapok szerves r\u00e9sze. T\u00e9len a s\u00edel\u00e9s \u00e9s a kutyasz\u00e1nos t\u00far\u00e1k, ny\u00e1ron pedig a t\u00far\u00e1z\u00e1s, kenuz\u00e1s \u00e9s a feh\u00e9r \u00e9jszak\u00e1k k\u00fcl\u00f6nleges hangulata jelenti a f\u0151 vonzer\u0151t.<\/p>\n<h2>Minden \u00e9jszaka ut\u00e1n fizetni kell majd<\/h2>\n<p>A r\u00e9szletek m\u00e9g nem v\u00e9glegesek, de az ir\u00e1ny m\u00e1r l\u00e1tszik. A legval\u00f3sz\u00edn\u0171bb forgat\u00f3k\u00f6nyv szerint a turist\u00e1knak minden ott t\u00f6lt\u00f6tt \u00e9jszaka ut\u00e1n egy kisebb \u00f6sszeget kellene fizetni\u00fck. Hogy ez pontosan mennyi lesz, m\u00e9g k\u00e9rd\u00e9ses, de a mostani elk\u00e9pzel\u00e9sek szerint ink\u00e1bb m\u00e9rs\u00e9kelt d\u00edjr\u00f3l lehet sz\u00f3. Hasonl\u00f3 rendszerek m\u00e1r m\u0171k\u00f6dnek m\u00e1s orsz\u00e1gokban is, \u00edgy a modell egy\u00e1ltal\u00e1n nem lenne szokatlan. A c\u00e9l els\u0151sorban az, hogy a n\u00f6vekv\u0151 turizmus okozta terheket igazs\u00e1gosabban ossz\u00e1k el.<\/p>\n<figure id=\"attachment_106455\" aria-describedby=\"caption-attachment-106455\" style=\"width: 755px\" class=\"wp-caption alignnone\"><img loading=\"lazy\" decoding=\"async\" class=\"size-article-size-large-image wp-image-106455\" src=\"https:\/\/www.startlap.hu\/utazas\/uploads\/sites\/3\/2026\/04\/finnorszag-6_11zon-755x430.jpg\" alt=\"Finn telep\u00fcl\u00e9s fel\u00fcln\u00e9zetb\u0151l, foly\u00f3val\" width=\"755\" height=\"430\" srcset=\"https:\/\/www.startlap.hu\/utazas\/uploads\/sites\/3\/2026\/04\/finnorszag-6_11zon-755x430.jpg 755w, https:\/\/www.startlap.hu\/utazas\/uploads\/sites\/3\/2026\/04\/finnorszag-6_11zon-1536x874.jpg 1536w, https:\/\/www.startlap.hu\/utazas\/uploads\/sites\/3\/2026\/04\/finnorszag-6_11zon-615x350.jpg 615w, https:\/\/www.startlap.hu\/utazas\/uploads\/sites\/3\/2026\/04\/finnorszag-6_11zon.jpg 1835w\" sizes=\"auto, (max-width: 755px) 100vw, 755px\" \/><figcaption id=\"caption-attachment-106455\" class=\"wp-caption-text\">A turist\u00e1knak az ad\u00f3 bevezet\u00e9se ut\u00e1n minden Finnorsz\u00e1gban t\u00f6lt\u00f6tt \u00e9jszak\u00e1n\u00e1l plusz \u00f6sszeget kell fizetni\u00fck. Fot\u00f3: Getty Images<\/figcaption><\/figure>\n<h2>A n\u00f6vekv\u0151 turizmus \u00e1ra<\/h2>\n<p>Finnorsz\u00e1g n\u00e9pszer\u0171s\u00e9ge \u00e9vek \u00f3ta t\u00f6retlen, ami egyre nagyobb nyom\u00e1st helyez a k\u00f6zleked\u00e9sre, a k\u00f6zszolg\u00e1ltat\u00e1sokra \u00e9s a term\u00e9szeti ter\u00fcletekre is. Az utak karbantart\u00e1sa, a turisztikai infrastrukt\u00fara fejleszt\u00e9se \u00e9s a term\u00e9szetv\u00e9delem mind jelent\u0151s k\u00f6lts\u00e9gekkel j\u00e1r. A tervezett bev\u00e9telek egy r\u00e9sze \u00e9ppen ezekre a ter\u00fcletekre mehetne: p\u00e9ld\u00e1ul \u00e9rz\u00e9keny term\u00e9szeti ter\u00fcletek v\u00e9delm\u00e9re vagy a turist\u00e1k \u00e1ltal haszn\u00e1lt szolg\u00e1ltat\u00e1sok fejleszt\u00e9s\u00e9re.<\/p>\n<h2>Nem lenne egyedi l\u00e9p\u00e9s Eur\u00f3p\u00e1ban<\/h2>\n<p>B\u00e1r sok utaz\u00f3 els\u0151re plusz teherk\u00e9nt \u00e9lheti meg, az int\u00e9zked\u00e9s nem sz\u00e1m\u00edtana k\u00fcl\u00f6nlegesnek. Sz\u00e1mos eur\u00f3pai orsz\u00e1g m\u00e1r r\u00e9g\u00f3ta alkalmaz hasonl\u00f3 megold\u00e1st. <a href=\"https:\/\/www.startlap.hu\/utazas\/idegenforgalmi-ado-bevezetes-2023-thaifold-velence-valencia-eu\/\" target=\"_blank\" rel=\"nofollow noopener\">Olaszorsz\u00e1g<\/a> \u00e9s Spanyolorsz\u00e1g t\u00f6bb v\u00e1ros\u00e1ban p\u00e9ld\u00e1ul \u00e9vek \u00f3ta fizetni kell idegenforgalmi ad\u00f3t, de N\u00e9metorsz\u00e1g egyes telep\u00fcl\u00e9sein is tal\u00e1lkozhatnak ezzel a turist\u00e1k.<\/p>\n<p>Ezek a d\u00edjak \u00e1ltal\u00e1ban n\u00e9h\u00e1ny eur\u00f3t jelentenek \u00e9jszak\u00e1nk\u00e9nt, vagyis nagyj\u00e1b\u00f3l 800-2000 forint k\u00f6z\u00f6tti pluszk\u00f6lts\u00e9get. Ha Finnorsz\u00e1g is hasonl\u00f3 modellt v\u00e1laszt, akkor az utaz\u00f3k sz\u00e1m\u00e1ra a t\u00f6bbletkiad\u00e1s v\u00e1rhat\u00f3an nem lesz drasztikus.<\/p>\n<h2>A term\u00e9szetv\u00e9delem kiemelt szerepet kaphat<\/h2>\n<p>A tervezett bev\u00e9telek felhaszn\u00e1l\u00e1s\u00e1n\u00e1l nemcsak az infrastrukt\u00fara fenntart\u00e1sa ker\u00fclhet el\u0151t\u00e9rbe, hanem a term\u00e9szeti k\u00f6rnyezet v\u00e9delme is. Finnorsz\u00e1g k\u00fcl\u00f6n\u00f6sen \u00e9rz\u00e9keny \u00f6kosziszt\u00e9m\u00e1kkal rendelkezik, \u00edgy a n\u00f6vekv\u0151 turizmus hosszabb t\u00e1von komoly kih\u00edv\u00e1sokat jelenthet. A befoly\u00f3 \u00f6sszegek egy r\u00e9sze ez\u00e9rt olyan projektekre mehetne, amelyek a nemzeti parkok, erd\u0151k \u00e9s v\u00edzpartok meg\u00f3v\u00e1s\u00e1t szolg\u00e1lj\u00e1k, vagy \u00e9ppen a l\u00e1togat\u00f3k \u00e1ltal haszn\u00e1lt ter\u00fcletek fenntarthat\u00f3 kezel\u00e9s\u00e9t seg\u00edtik.<\/p>\n<h2>M\u00e9g sok a k\u00e9rd\u00e9s<\/h2>\n<p>A turisztikai szektor r\u00e9sz\u00e9r\u0151l ugyanakkor m\u00e1r most felmer\u00fcltek agg\u00e1lyok. Egyel\u0151re nem vil\u00e1gos, pontosan hogyan szedn\u00e9k be az ad\u00f3t, \u00e9s milyen c\u00e9lokra ford\u00edtan\u00e1k a befoly\u00f3 \u00f6sszeget. Az sem kiz\u00e1rt, hogy a d\u00edj m\u00e9rt\u00e9ke m\u00e9g vit\u00e1k t\u00e1rgy\u00e1t k\u00e9pezi.<\/p>\n<p>A bevezet\u00e9s id\u0151pontja sem ismert, \u00edgy a turist\u00e1knak egyel\u0151re nincs m\u00e1s dolguk, mint figyelni a fejlem\u00e9nyeket. Az viszont egyre val\u00f3sz\u00edn\u0171bb, hogy ha megval\u00f3sul a terv, a j\u00f6v\u0151ben m\u00e1r nem csak a rep\u00fcl\u0151jegy \u00e9s a sz\u00e1ll\u00e1s \u00e1ra sz\u00e1m\u00edt majd egy \u00e9szaki utaz\u00e1sn\u00e1l.<\/p>\n<p><a href=\"https:\/\/www.t-online.de\/leben\/aktuelles\/id_101224008\/touristensteuer-in-finnland-regierung-prueft-neue-abgabe-fuer-touristen.html\" target=\"_blank\" target=\"_blank\" rel=\"noopener\">via<\/a><\/p>\n<div class=\"o-widget m-readMoreWidget -readMore u-shortDecorLineAfter row widget-container _ce_measure_widget bigdata-widget read-more\" data-ce-measure-widget=\"olvass tov\u00e1bb\">\n\t<div class=\"m-readMoreWidget__imgWrapper image-wrapper col-12 col-md-4 no-p\">\n\t\t<a class=\"m-readMoreWidget__imgLink\" href=\"https:\/\/www.startlap.hu\/utazas\/poloska-ellenorzes-hotelszoba\/\" >\n\t\t\t<img decoding=\"async\" src=\"https:\/\/www.startlap.hu\/utazas\/uploads\/sites\/3\/2026\/04\/hotel-3-350x285.jpg\" class=\"m-readMoreWidget__img\">\n\t\t<\/a>\n\t<\/div>\n\t<div class=\"m-readMoreWidget__titleWrapper title-wrapper col-12 col-md-8\">\n\t\t<span class=\"m-readMoreWidget__titleLabel u-shortDecorLineBefore label hidden-sm-up\">Ez is \u00e9rdekelhet:<\/span>\n\t\t<h3 class=\"m-readMoreWidget__title title\">\n\t\t\t<a class=\"m-readMoreWidget__titleLink -secondFont u-bold u-upperCase\" href=\"https:\/\/www.startlap.hu\/utazas\/poloska-ellenorzes-hotelszoba\/\" >Ezzel az \u00f6tperces tr\u00fckkel kider\u00edtheted, van-e poloska, a hotelszob\u00e1ban<\/a>\n\t\t<\/h3>\n\t\t<a class=\"m-readMoreWidget__btn -coloredBack u-tC link\" href=\"https:\/\/www.startlap.hu\/utazas\/poloska-ellenorzes-hotelszoba\/\" >Elolvasom<\/a>\n\t<\/div>\n<\/div>\n","protected":false},"excerpt":{"rendered":"<p>Egy \u00e9szaki orsz\u00e1g \u00faj l\u00e9p\u00e9sre k\u00e9sz\u00fcl &#8211; a turist\u00e1k hamarosan pluszd\u00edjjal szembes\u00fclhetnek, ha itt pihenn\u00e9nek, de a r\u00e9szletek m\u00e9g nem v\u00e9glegesek.<\/p>\n","protected":false},"author":64,"featured_media":106455,"comment_status":"closed","ping_status":"closed","sticky":false,"template":"","format":"standard","meta":{"footnotes":""},"categories":[70],"tags":[520,2130,2326],"class_list":["post-106453","post","type-post","status-publish","format-standard","has-post-thumbnail","hentry","category-vilag","tag-finnorszag","tag-turisztikai-ado","tag-valtozas"],"aioseo_notices":[],"_links":{"self":[{"href":"https:\/\/www.startlap.hu\/utazas\/wp-json\/wp\/v2\/posts\/106453","targetHints":{"allow":["GET"]}}],"collection":[{"href":"https:\/\/www.startlap.hu\/utazas\/wp-json\/wp\/v2\/posts"}],"about":[{"href":"https:\/\/www.startlap.hu\/utazas\/wp-json\/wp\/v2\/types\/post"}],"author":[{"embeddable":true,"href":"https:\/\/www.startlap.hu\/utazas\/wp-json\/wp\/v2\/users\/64"}],"replies":[{"embeddable":true,"href":"https:\/\/www.startlap.hu\/utazas\/wp-json\/wp\/v2\/comments?post=106453"}],"version-history":[{"count":3,"href":"https:\/\/www.startlap.hu\/utazas\/wp-json\/wp\/v2\/posts\/106453\/revisions"}],"predecessor-version":[{"id":106459,"href":"https:\/\/www.startlap.hu\/utazas\/wp-json\/wp\/v2\/posts\/106453\/revisions\/106459"}],"wp:featuredmedia":[{"embeddable":true,"href":"https:\/\/www.startlap.hu\/utazas\/wp-json\/wp\/v2\/media\/106455"}],"wp:attachment":[{"href":"https:\/\/www.startlap.hu\/utazas\/wp-json\/wp\/v2\/media?parent=106453"}],"wp:term":[{"taxonomy":"category","embeddable":true,"href":"https:\/\/www.startlap.hu\/utazas\/wp-json\/wp\/v2\/categories?post=106453"},{"taxonomy":"post_tag","embeddable":true,"href":"https:\/\/www.startlap.hu\/utazas\/wp-json\/wp\/v2\/tags?post=106453"}],"curies":[{"name":"wp","href":"https:\/\/api.w.org\/{rel}","templated":true}]}}