{"id":106436,"date":"2026-04-27T19:03:09","date_gmt":"2026-04-27T17:03:09","guid":{"rendered":"https:\/\/www.startlap.hu\/utazas\/?p=106436"},"modified":"2026-04-27T16:57:28","modified_gmt":"2026-04-27T14:57:28","slug":"tilos-gorog-sziget-kukak-nelkul","status":"publish","type":"post","link":"https:\/\/www.startlap.hu\/utazas\/tilos-gorog-sziget-kukak-nelkul\/","title":{"rendered":"Elt\u0171ntek a kuk\u00e1k ezen a g\u00f6r\u00f6g szigeten \u2013 ami ezut\u00e1n t\u00f6rt\u00e9nt, mindenkit meglepett"},"content":{"rendered":"<p>A legt\u00f6bb nyaral\u00f3helyen a f\u0151szezon egyet jelent a szem\u00e9thegyekkel. A turist\u00e1k ut\u00e1n marad\u00f3 hullad\u00e9k nem csak a l\u00e1tv\u00e1nyt rontja, hanem a term\u00e9szetet is komolyan terheli. Van azonban egy eur\u00f3pai sziget, ahol siker\u00fclt szinte teljesen megsz\u00fcntetni a probl\u00e9m\u00e1t. A <a href=\"https:\/\/www.startlap.hu\/utazas\/gorogorszag-kisvarosok-rangsor\/\" target=\"_blank\" rel=\"noopener\">g\u00f6r\u00f6g<\/a> Tilos olyan modellt \u00e9p\u00edtett ki, amelyet sokan m\u00e1r most a j\u00f6v\u0151 turizmus\u00e1nak tartanak.<\/p>\n<div class=\"o-widget m-readMoreWidget -readMore u-shortDecorLineAfter row widget-container _ce_measure_widget bigdata-widget read-more\" data-ce-measure-widget=\"olvass tov\u00e1bb\">\n\t<div class=\"m-readMoreWidget__imgWrapper image-wrapper col-12 col-md-4 no-p\">\n\t\t<a class=\"m-readMoreWidget__imgLink\" href=\"https:\/\/www.startlap.hu\/utazas\/teljes-napfogyatkozas-2027-augusztus-hat-perces-rekord\/\" >\n\t\t\t<img decoding=\"async\" src=\"https:\/\/www.startlap.hu\/utazas\/uploads\/sites\/3\/2024\/04\/napfogyatkozas-01-350x285.jpg\" class=\"m-readMoreWidget__img\">\n\t\t<\/a>\n\t<\/div>\n\t<div class=\"m-readMoreWidget__titleWrapper title-wrapper col-12 col-md-8\">\n\t\t<span class=\"m-readMoreWidget__titleLabel u-shortDecorLineBefore label hidden-sm-up\">Ez is \u00e9rdekelhet:<\/span>\n\t\t<h3 class=\"m-readMoreWidget__title title\">\n\t\t\t<a class=\"m-readMoreWidget__titleLink -secondFont u-bold u-upperCase\" href=\"https:\/\/www.startlap.hu\/utazas\/teljes-napfogyatkozas-2027-augusztus-hat-perces-rekord\/\" >Hat percre els\u00f6t\u00e9t\u00fcl az \u00e9g nappal: m\u00e1r foglalj\u00e1k a sz\u00e1llod\u00e1kat a ritka napfogyatkoz\u00e1sra &#8211; ami ezut\u00e1n csak 2114-ben lesz l\u00e1that\u00f3<\/a>\n\t\t<\/h3>\n\t\t<a class=\"m-readMoreWidget__btn -coloredBack u-tC link\" href=\"https:\/\/www.startlap.hu\/utazas\/teljes-napfogyatkozas-2027-augusztus-hat-perces-rekord\/\" >Elolvasom<\/a>\n\t<\/div>\n<\/div>\n<h2>Egy apr\u00f3 sziget, nagy v\u00e1llal\u00e1ssal<\/h2>\n<p>A Dodekan\u00e9szosz szigetcsoporthoz tartoz\u00f3 Tilos Rhodes k\u00f6zel\u00e9ben fekszik, \u00e9s nagyj\u00e1b\u00f3l 900-an lakj\u00e1k. N\u00e9gy kisebb telep\u00fcl\u00e9s &#8211; Megalo Chorio, Livadia, Agios Antonios \u00e9s Eristos &#8211; osztozik a csendes, \u00e9rintetlen t\u00e1jon. <strong>Itt nem a t\u00f6megturizmus a c\u00e9l, hanem a fenntarthat\u00f3s\u00e1g, r\u00e1ad\u00e1sul nem csak jelk\u00e9pesen, hanem a mindennapok szintj\u00e9n.<\/strong><\/p>\n<p>A helyiek \u00e9letm\u00f3dja tudatosan a hullad\u00e9k elker\u00fcl\u00e9s\u00e9re \u00e9s \u00fajrahaszn\u00e1lat\u00e1ra \u00e9p\u00fcl. 2021 nyar\u00e1n ind\u00edtott\u00e1k el a Just Go Zero nev\u0171 programot, amely m\u00f6g\u00f6tt t\u00f6bb szervezet is \u00e1ll.<\/p>\n<h2>Radik\u00e1lis l\u00e9p\u00e9s &#8211; elt\u0171ntek a kuk\u00e1k<\/h2>\n<p>A rendszer egyik legl\u00e1tv\u00e1nyosabb eleme, hogy megsz\u00fcntett\u00e9k a k\u00f6zter\u00fcleti kuk\u00e1kat. Minden h\u00e1ztart\u00e1s speci\u00e1lis zs\u00e1kokat kap az \u00fajrahasznos\u00edthat\u00f3 anyagok sz\u00e1m\u00e1ra, a hullad\u00e9kot pedig h\u00e1zhoz menve gy\u0171jtik be. A mennyis\u00e9get egyedi QR-k\u00f3dokkal k\u00f6vetik, \u00edgy mindenki pontosan l\u00e1thatja, mennyit termel \u00e9s mennyit hasznos\u00edt \u00fajra &#8211; ak\u00e1r egy alkalmaz\u00e1son kereszt\u00fcl, val\u00f3s id\u0151ben.<\/p>\n<blockquote class=\"article__extraTxt\"><p>A szerves hullad\u00e9kb\u00f3l komposzt vagy energia lesz.<\/p><\/blockquote>\n<p>A r\u00e9gi b\u00fatorokat \u00e9s elromlott eszk\u00f6z\u00f6ket megjav\u00edtj\u00e1k, \u00fajrahaszn\u00e1lj\u00e1k, vagy alapanyagra bontj\u00e1k. Ami v\u00e9gk\u00e9pp nem hasznos\u00edthat\u00f3, azt energiatermel\u00e9sre ford\u00edtj\u00e1k.<\/p>\n<p>Az eredm\u00e9ny l\u00e1tv\u00e1nyos: a sziget 2023-ban hivatalosan is elnyerte a Zero Waste Certified City min\u0151s\u00edt\u00e9st. Ez nem csak G\u00f6r\u00f6gorsz\u00e1gban sz\u00e1m\u00edt els\u0151nek, hanem vil\u00e1gszinten is egyed\u00fcl\u00e1ll\u00f3 &#8211; <strong>Tilos lett az els\u0151 sziget, amely ki\u00e9rdemelte ezt a c\u00edmet. Ma m\u00e1r a hullad\u00e9k szinte teljes eg\u00e9sz\u00e9t \u00fajrahasznos\u00edtj\u00e1k.<\/strong><\/p>\n<h2>Nem csak a szem\u00e9t t\u0171nt el<\/h2>\n<p>A fenntarthat\u00f3s\u00e1g nem \u00e1ll meg a hullad\u00e9kn\u00e1l. A sziget m\u00e1r kor\u00e1bban is nagy l\u00e9p\u00e9st tett az energiaf\u00fcggetlens\u00e9g fel\u00e9. Egy 2015 \u00e9s 2019 k\u00f6z\u00f6tt zajl\u00f3, uni\u00f3s t\u00e1mogat\u00e1s\u00fa projekt keret\u00e9ben egy hibrid er\u0151m\u0171vet \u00e9p\u00edtettek ki, amely a sz\u00e9l- \u00e9s napenergi\u00e1t kombin\u00e1lja, \u00e9s akkumul\u00e1torokban t\u00e1rolja a felesleget.<\/p>\n<blockquote class=\"article__extraTxt\"><p>Az \u00e9v egy r\u00e9sz\u00e9ben &#8211; k\u00f6r\u00fclbel\u00fcl k\u00e9t h\u00f3napig &#8211; a sziget szinte teljesen \u00f6nell\u00e1t\u00f3.<\/p><\/blockquote>\n<p>A rendszert egy napelempark eg\u00e9sz\u00edti ki, \u00e9s a megtermelt z\u00f6ld energia egy r\u00e9sze a k\u00f6zeli Kos sziget\u00e9re is eljut egy tenger alatti k\u00e1belen kereszt\u00fcl. Az elektromos k\u00f6zleked\u00e9st is tudatosan fejlesztik, ez\u00e9rt a projekt 2024-ben eur\u00f3pai elismer\u00e9st kapott az energiatranszform\u00e1ci\u00f3 ter\u00fclet\u00e9n.<\/p>\n<h2>Tengerpart, t\u00f6rt\u00e9nelem \u00e9s k\u00fcl\u00f6nleges hangulat<\/h2>\n<p>Mindez nem ment a nyaral\u00e1s rov\u00e1s\u00e1ra. A sziget strandjai tov\u00e1bbra is \u00e9rintetlenek, a v\u00edz krist\u00e1lytiszta, \u00e9s sok ter\u00fclet term\u00e9szetv\u00e9delmi oltalom alatt \u00e1ll, ahol ritka mad\u00e1rfajok \u00e9lnek. Kultur\u00e1lis l\u00e1tnival\u00f3b\u00f3l sincs hi\u00e1ny. <strong>Megalo Chorio<\/strong> f\u00f6l\u00f6tt egy k\u00f6z\u00e9pkori v\u00e1r magasodik, a r\u00e9g\u00e9szeti m\u00fazeumban pedig \u00f3kori leletek l\u00e1that\u00f3k. A <strong>Charkadio-barlang<\/strong> k\u00fcl\u00f6nlegess\u00e9ge, hogy itt tal\u00e1lt\u00e1k meg egykor a mintegy 4000 \u00e9ve \u00e9lt t\u00f6rpeelef\u00e1ntok maradv\u00e1nyait.<\/p>\n<figure id=\"attachment_106438\" aria-describedby=\"caption-attachment-106438\" style=\"width: 755px\" class=\"wp-caption alignnone\"><img loading=\"lazy\" decoding=\"async\" class=\"size-article-size-large-image wp-image-106438\" src=\"https:\/\/www.startlap.hu\/utazas\/uploads\/sites\/3\/2026\/04\/tilos_11zon-755x503.jpg\" alt=\"g\u00f6r\u00f6g sziget fel\u00fclr\u0151l feh\u00e9r \u00e9p\u00fcletekkel \u00e9s hegyekkel\" width=\"755\" height=\"503\" srcset=\"https:\/\/www.startlap.hu\/utazas\/uploads\/sites\/3\/2026\/04\/tilos_11zon-755x503.jpg 755w, https:\/\/www.startlap.hu\/utazas\/uploads\/sites\/3\/2026\/04\/tilos_11zon-1536x1024.jpg 1536w, https:\/\/www.startlap.hu\/utazas\/uploads\/sites\/3\/2026\/04\/tilos_11zon-2048x1365.jpg 2048w, https:\/\/www.startlap.hu\/utazas\/uploads\/sites\/3\/2026\/04\/tilos_11zon-525x350.jpg 525w\" sizes=\"auto, (max-width: 755px) 100vw, 755px\" \/><figcaption id=\"caption-attachment-106438\" class=\"wp-caption-text\">Tiloson a hullad\u00e9k szinte teljes eg\u00e9sz\u00e9t \u00fajrahasznos\u00edtj\u00e1k. Fot\u00f3: Getty Images<\/figcaption><\/figure>\n<p>K\u00fcl\u00f6nleges hangulata van <strong>Mikro Chori\u00f3nak<\/strong> is &#8211; ez az elhagyatott falu romjaib\u00f3l \u00e9led \u00fajj\u00e1. Ny\u00e1ron est\u00e9nk\u00e9nt b\u00e1r ny\u00edlik itt, a kivil\u00e1g\u00edtott k\u0151h\u00e1zak k\u00f6z\u00f6tt pedig eg\u00e9szen egyedi \u00e9lm\u00e9nyt ny\u00fajt az \u00e9jszaka. Aki hajnalig marad, a napfelkelt\u00e9t is innen n\u00e9zheti v\u00e9gig.<\/p>\n<p>B\u00e1r Tilos \u00fatt\u00f6r\u0151nek sz\u00e1m\u00edt, nem teljesen egyed\u00fcl halad ezen az \u00faton. A sziget r\u00e9sze a 2023-ban ind\u00edtott GR-eco Islands kezdem\u00e9nyez\u00e9snek, amelynek c\u00e9lja, hogy t\u00f6bb tucat kisebb g\u00f6r\u00f6g szigetet tegyen fenntarthat\u00f3bb\u00e1 uni\u00f3s forr\u00e1sok seg\u00edts\u00e9g\u00e9vel. A program 100 \u00e9s 3500 f\u0151 k\u00f6z\u00f6tti lakoss\u00e1g\u00fa szigeteket \u00e9rint, k\u00f6zt\u00fck Santorini, valamint Naxos, <a href=\"https:\/\/www.startlap.hu\/utazas\/korfu-wizz-air\/\" target=\"_blank\" rel=\"noopener\">Korfu<\/a> \u00e9s Lefkada egyes r\u00e9szeit.<\/p>\n<h2>A turist\u00e1kon is m\u00falik<\/h2>\n<p>A g\u00f6r\u00f6g szigetek t\u00f6bbs\u00e9ge ny\u00e1ron t\u00falterheltt\u00e9 v\u00e1lik, ilyenkor a turist\u00e1k sz\u00e1ma messze meghaladja a helyiek\u00e9t. Ez komoly nyom\u00e1st helyez az infrastrukt\u00far\u00e1ra, amely eredetileg j\u00f3val kevesebb emberre lett tervezve. Ahhoz, hogy a modell hossz\u00fa t\u00e1von is m\u0171k\u00f6dj\u00f6n, a l\u00e1togat\u00f3kat is bevonj\u00e1k. A szigetre \u00e9rkez\u0151k komppal juthatnak el p\u00e9ld\u00e1ul Rhodes vagy Kos fel\u0151l, illetve a sz\u00e1razf\u00f6ldr\u0151l, Piraeus kik\u00f6t\u0151j\u00e9b\u0151l. A Livadia kik\u00f6t\u0151ben inform\u00e1ci\u00f3s k\u00f6zpont seg\u00edt eligazodni a hullad\u00e9kkezel\u00e9si szab\u00e1lyokban, \u00e9s QR-k\u00f3dokon kereszt\u00fcl is el\u00e9rhet\u0151 minden fontos tudnival\u00f3. V\u00e1s\u00e1rl\u00e1sn\u00e1l p\u00e9ld\u00e1ul kifejezetten aj\u00e1nlj\u00e1k a saj\u00e1t, textil bev\u00e1s\u00e1rl\u00f3t\u00e1ska haszn\u00e1lat\u00e1t.<\/p>\n<p>Tilos azt mutatja meg, hogy a turizmus \u00e9s a fenntarthat\u00f3s\u00e1g nem z\u00e1rja ki egym\u00e1st. Nem kell lemondani a k\u00e9nyelemr\u0151l vagy az \u00e9lm\u00e9nyekr\u0151l &#8211; csak m\u00e1shogyan kell gondolkodni az er\u0151forr\u00e1sokr\u00f3l.<\/p>\n<p><a href=\"https:\/\/www.travelbook-magazine.com\/destinations\/islands\/vacation-without-waste-its-a-reality-on-this-greek-island\" target=\"_blank\" target=\"_blank\" rel=\"noopener\">via<\/a><\/p>\n<div class=\"o-widget m-readMoreWidget -readMore u-shortDecorLineAfter row widget-container _ce_measure_widget bigdata-widget read-more\" data-ce-measure-widget=\"olvass tov\u00e1bb\">\n\t<div class=\"m-readMoreWidget__imgWrapper image-wrapper col-12 col-md-4 no-p\">\n\t\t<a class=\"m-readMoreWidget__imgLink\" href=\"https:\/\/www.startlap.hu\/utazas\/nauru-utlevel-vasarolhato-klimavaltozas-tengerszint-katasztrofa\/\" >\n\t\t\t<img decoding=\"async\" src=\"https:\/\/www.startlap.hu\/utazas\/uploads\/sites\/3\/2026\/04\/nauru1-350x285.jpg\" class=\"m-readMoreWidget__img\">\n\t\t<\/a>\n\t<\/div>\n\t<div class=\"m-readMoreWidget__titleWrapper title-wrapper col-12 col-md-8\">\n\t\t<span class=\"m-readMoreWidget__titleLabel u-shortDecorLineBefore label hidden-sm-up\">Ez is \u00e9rdekelhet:<\/span>\n\t\t<h3 class=\"m-readMoreWidget__title title\">\n\t\t\t<a class=\"m-readMoreWidget__titleLink -secondFont u-bold u-upperCase\" href=\"https:\/\/www.startlap.hu\/utazas\/nauru-utlevel-vasarolhato-klimavaltozas-tengerszint-katasztrofa\/\" >\u00datleveleket \u00e1rul ez az apr\u00f3 orsz\u00e1g: komoly k\u00e9nyszerhelyzet \u00e1ll a h\u00e1tt\u00e9rben<\/a>\n\t\t<\/h3>\n\t\t<a class=\"m-readMoreWidget__btn -coloredBack u-tC link\" href=\"https:\/\/www.startlap.hu\/utazas\/nauru-utlevel-vasarolhato-klimavaltozas-tengerszint-katasztrofa\/\" >Elolvasom<\/a>\n\t<\/div>\n<\/div>\n","protected":false},"excerpt":{"rendered":"<p>Egy apr\u00f3 g\u00f6r\u00f6g szigeten mer\u00e9sz d\u00f6nt\u00e9st hoztak: megsz\u00fcntett\u00e9k a k\u00f6zter\u00fcleti kuk\u00e1kat. A k\u00eds\u00e9rlet els\u0151re kock\u00e1zatosnak t\u0171nt, az eredm\u00e9ny azonban ma m\u00e1r j\u00f3val t\u00falmutat a helyiek mindennapjain.<\/p>\n","protected":false},"author":64,"featured_media":106438,"comment_status":"closed","ping_status":"closed","sticky":false,"template":"","format":"standard","meta":{"footnotes":""},"categories":[70],"tags":[188,534,408],"class_list":["post-106436","post","type-post","status-publish","format-standard","has-post-thumbnail","hentry","category-vilag","tag-gorogorszag","tag-szemet","tag-turizmus"],"aioseo_notices":[],"_links":{"self":[{"href":"https:\/\/www.startlap.hu\/utazas\/wp-json\/wp\/v2\/posts\/106436","targetHints":{"allow":["GET"]}}],"collection":[{"href":"https:\/\/www.startlap.hu\/utazas\/wp-json\/wp\/v2\/posts"}],"about":[{"href":"https:\/\/www.startlap.hu\/utazas\/wp-json\/wp\/v2\/types\/post"}],"author":[{"embeddable":true,"href":"https:\/\/www.startlap.hu\/utazas\/wp-json\/wp\/v2\/users\/64"}],"replies":[{"embeddable":true,"href":"https:\/\/www.startlap.hu\/utazas\/wp-json\/wp\/v2\/comments?post=106436"}],"version-history":[{"count":6,"href":"https:\/\/www.startlap.hu\/utazas\/wp-json\/wp\/v2\/posts\/106436\/revisions"}],"predecessor-version":[{"id":106458,"href":"https:\/\/www.startlap.hu\/utazas\/wp-json\/wp\/v2\/posts\/106436\/revisions\/106458"}],"wp:featuredmedia":[{"embeddable":true,"href":"https:\/\/www.startlap.hu\/utazas\/wp-json\/wp\/v2\/media\/106438"}],"wp:attachment":[{"href":"https:\/\/www.startlap.hu\/utazas\/wp-json\/wp\/v2\/media?parent=106436"}],"wp:term":[{"taxonomy":"category","embeddable":true,"href":"https:\/\/www.startlap.hu\/utazas\/wp-json\/wp\/v2\/categories?post=106436"},{"taxonomy":"post_tag","embeddable":true,"href":"https:\/\/www.startlap.hu\/utazas\/wp-json\/wp\/v2\/tags?post=106436"}],"curies":[{"name":"wp","href":"https:\/\/api.w.org\/{rel}","templated":true}]}}