{"id":106427,"date":"2026-04-28T15:33:22","date_gmt":"2026-04-28T13:33:22","guid":{"rendered":"https:\/\/www.startlap.hu\/utazas\/?p=106427"},"modified":"2026-04-28T13:46:26","modified_gmt":"2026-04-28T11:46:26","slug":"gorogorszag-szigoritas-szabaly-tengerpart","status":"publish","type":"post","link":"https:\/\/www.startlap.hu\/utazas\/gorogorszag-szigoritas-szabaly-tengerpart\/","title":{"rendered":"Szigor\u00edt a magyarok kedvelt nyaral\u00f3helye: nem l\u00e1togathatjuk t\u00f6bb\u00e9 ezeket a tengerpartokat"},"content":{"rendered":"<p>Egyre l\u00e1tv\u00e1nyosabb a fesz\u00fclts\u00e9g az idegenforgalom \u00e9s a term\u00e9szetv\u00e9delem k\u00f6z\u00f6tt egy n\u00e9pszer\u0171 eur\u00f3pai \u00fati c\u00e9ln\u00e1l. A hat\u00f3s\u00e1gok most olyan l\u00e9p\u00e9sre sz\u00e1nt\u00e1k el magukat, amely sok nyaral\u00f3t meglephet: <strong>szigor\u00fa korl\u00e1toz\u00e1sokat vezetnek be a <a href=\"https:\/\/www.startlap.hu\/utazas\/gorog-sziget-kaszosz-tengerpart-kepek\/\" target=\"_blank\" rel=\"noopener\">leg\u00e9rintetlenebb tengerpartok<\/a> v\u00e9delm\u00e9ben.<\/strong> A d\u00f6nt\u00e9s h\u00e1tter\u00e9ben az \u00e1ll, hogy a rekordokat d\u00f6nt\u0151 turistasz\u00e1m m\u00e1r nemcsak a zs\u00fafolts\u00e1gban, hanem a term\u00e9szeti k\u00e1rokban is egyre ink\u00e1bb megmutatkozik &#8211; \u00edrja az <a href=\"https:\/\/www.express.co.uk\/travel\/articles\/2198526\/greece-beaches-new-rule-too-many-tourists\" target=\"_blank\" target=\"_blank\" rel=\"noopener\">Express<\/a>.<\/p>\n<h2>Elfogyhat az \u00e9rintetlen part\u00e9lm\u00e9ny<\/h2>\n<p>Az elm\u00falt \u00e9vekben folyamatosan n\u0151tt a l\u00e1togat\u00f3k sz\u00e1ma <a href=\"https:\/\/www.startlap.hu\/utazas\/gorogorszag-kisvarosok-rangsor\/\" target=\"_blank\" rel=\"noopener\">G\u00f6r\u00f6gorsz\u00e1gban<\/a>, k\u00fcl\u00f6n\u00f6sen a ny\u00e1ri cs\u00facsszezonban. A legn\u00e9pszer\u0171bb szigetek \u00e9s partszakaszok sokszor m\u00e1r nem tudj\u00e1k kezelni a t\u00f6meget, ami hosszabb t\u00e1von komoly k\u00e1rokat okozhat az \u00e9rz\u00e9keny \u00f6kosziszt\u00e9m\u00e1kban. A hat\u00f3s\u00e1gok szerint mostanra el\u00e9rkezett az a pont, amikor egyens\u00falyt kell teremteni a turizmus \u00e9s a term\u00e9szetv\u00e9delem k\u00f6z\u00f6tt.<\/p>\n<blockquote class=\"article__extraTxt\"><p>A c\u00e9l, meg\u0151rizni azokat a partszakaszokat, amelyek eddig elker\u00fclt\u00e9k a t\u00f6megturizmus hat\u00e1sait.<\/p><\/blockquote>\n<p>Ezeket nevezik \u201e\u00e9rintetlen strandoknak\u201d, \u00e9s mostant\u00f3l sokkal szigor\u00fabb szab\u00e1lyok vonatkoznak r\u00e1juk.<\/p>\n<h2>T\u00f6bb sz\u00e1z strand ker\u00fcl v\u00e9delem al\u00e1<\/h2>\n<p>Az \u00faj int\u00e9zked\u00e9sek az \u00fagynevezett <strong>Untrodden Beaches<\/strong>&nbsp;<strong>program<\/strong> r\u00e9szek\u00e9nt l\u00e9pnek \u00e9letbe. Ez egy kor\u00e1bbi szab\u00e1lyoz\u00e1s kib\u0151v\u00edt\u00e9se, amely most m\u00e9g sz\u00e9lesebb k\u00f6rben v\u00e9di a k\u00fcl\u00f6nleges term\u00e9szeti \u00e9rt\u00e9keket. A m\u00f3dos\u00edt\u00e1s ut\u00e1n m\u00e1r <strong>251 partszakasz tartozik ebbe a kateg\u00f3ri\u00e1ba<\/strong>, ami jelent\u0151s b\u0151v\u00fcl\u00e9st jelent.<\/p>\n<blockquote class=\"article__extraTxt\"><p>Ezek a strandok a Natura 2000 h\u00e1l\u00f3zat r\u00e9szei, amely az Eur\u00f3pai Uni\u00f3 egyik legfontosabb term\u00e9szetv\u00e9delmi rendszere.<\/p><\/blockquote>\n<p>A h\u00e1l\u00f3zat c\u00e9lja, hogy meg\u00f3vja a vesz\u00e9lyeztetett \u00e9l\u0151helyeket \u00e9s fajokat, mik\u00f6zben lehet\u0151s\u00e9get ad a fenntarthat\u00f3 emberi haszn\u00e1latra is. <strong>Eur\u00f3p\u00e1ban a sz\u00e1razf\u00f6ldek k\u00f6zel 20 sz\u00e1zal\u00e9ka, a tengeri ter\u00fcletek mintegy 10 sz\u00e1zal\u00e9ka tartozik ide.<\/strong> A v\u00e9delem alatt \u00e1ll\u00f3 strandok k\u00f6z\u00f6s jellemz\u0151je, hogy k\u00fcl\u00f6nleges term\u00e9szeti, t\u00e1jk\u00e9pi vagy \u00f6kol\u00f3giai \u00e9rt\u00e9kkel b\u00edrnak, \u00e9s sok esetben ritka n\u00f6v\u00e9ny- \u00e9s \u00e1llatfajok \u00e9l\u0151helyei.<\/p>\n<figure id=\"attachment_106430\" aria-describedby=\"caption-attachment-106430\" style=\"width: 755px\" class=\"wp-caption alignnone\"><img loading=\"lazy\" decoding=\"async\" class=\"wp-image-106430 size-article-size-large-image\" src=\"https:\/\/www.startlap.hu\/utazas\/uploads\/sites\/3\/2026\/04\/gorogorszag-12_11zon-755x504.jpg\" alt=\"g\u00f6r\u00f6gorsz\u00e1g strandja fel\u00fcln\u00e9zetb\u0151l feh\u00e9r szikl\u00e1kkal k\u00e9k v\u00edzzel\" width=\"755\" height=\"504\" srcset=\"https:\/\/www.startlap.hu\/utazas\/uploads\/sites\/3\/2026\/04\/gorogorszag-12_11zon-755x504.jpg 755w, https:\/\/www.startlap.hu\/utazas\/uploads\/sites\/3\/2026\/04\/gorogorszag-12_11zon-1536x1026.jpg 1536w, https:\/\/www.startlap.hu\/utazas\/uploads\/sites\/3\/2026\/04\/gorogorszag-12_11zon-524x350.jpg 524w, https:\/\/www.startlap.hu\/utazas\/uploads\/sites\/3\/2026\/04\/gorogorszag-12_11zon.jpg 1695w\" sizes=\"auto, (max-width: 755px) 100vw, 755px\" \/><figcaption id=\"caption-attachment-106430\" class=\"wp-caption-text\">Sok g\u00f6r\u00f6g partszakaszr\u00f3l teljesen kitiltj\u00e1k az infrastrukt\u00far\u00e1t. Fot\u00f3: Getty Images<\/figcaption><\/figure>\n<h2>Itt m\u00e1r nem lesz nap\u00e1gy \u00e9s b\u00fcf\u00e9<\/h2>\n<p>A szab\u00e1lyoz\u00e1s egyik legl\u00e1tv\u00e1nyosabb eleme, hogy bizonyos partszakaszokon teljesen betiltj\u00e1k a turisztikai infrastrukt\u00far\u00e1t. Ez azt jelenti, hogy nem lesznek nap\u00e1gyak, naperny\u0151k, strandb\u00fcf\u00e9k vagy egy\u00e9b szolg\u00e1ltat\u00e1sok.<\/p>\n<p>Emellett tilos lesz:<\/p>\n<ul>\n<li>\u00e1lland\u00f3 \u00e9p\u00edtm\u00e9nyek l\u00e9trehoz\u00e1sa,<\/li>\n<li>motoros j\u00e1rm\u0171vek haszn\u00e1lata a parton,<\/li>\n<li>b\u00e1rmilyen kereskedelmi tev\u00e9kenys\u00e9g, amely zavarhatja az \u00e9l\u0151vil\u00e1got,<\/li>\n<\/ul>\n<p>valamint minden olyan beavatkoz\u00e1s, amely megv\u00e1ltoztatn\u00e1 a part term\u00e9szetes form\u00e1j\u00e1t vagy vesz\u00e9lyeztetn\u00e9 az ott \u00e9l\u0151 fajokat, p\u00e9ld\u00e1ul a f\u00e9szkel\u0151 tengeri tekn\u0151s\u00f6ket. Azt szeretn\u00e9k, hogy ezek a helyek val\u00f3ban meg\u0151rizz\u00e9k eredeti \u00e1llapotukat, m\u00e9g akkor is, ha ez kevesebb k\u00e9nyelmet jelent a l\u00e1togat\u00f3knak.<\/p>\n<blockquote class=\"article__extraTxt\"><p>A lista nemcsak eldugott \u00f6bl\u00f6ket \u00e9rint, hanem t\u00f6bb j\u00f3l ismert helysz\u00ednt is.<\/p><\/blockquote>\n<p>Kiemelten sok strand ker\u00fclt fel a list\u00e1ra Kr\u00e9ta sziget\u00e9n, t\u00f6bbek k\u00f6z\u00f6tt Hani\u00e1, Rethymno, Heraklion \u00e9s Laszithi r\u00e9gi\u00f3iban. Ide tartozik t\u00f6bb vil\u00e1gh\u00edr\u0171 partszakasz is, p\u00e9ld\u00e1ul a Balos-\u00f6b\u00f6l \u00e9s a Falassarna strand, amelyek az ut\u00f3bbi \u00e9vekben a t\u00falzs\u00fafolts\u00e1ggal k\u00fczd\u00f6ttek. Szint\u00e9n v\u00e9delem al\u00e1 ker\u00fclt a k\u00fcl\u00f6nleges r\u00f3zsasz\u00edn homokj\u00e1r\u00f3l ismert <a href=\"https:\/\/www.startlap.hu\/utazas\/legjobb-strand-tengerpart-tripadvisor-top-10\/\" target=\"_blank\" rel=\"noopener\">Elafonisi<\/a> strand, amely egyed\u00fcl\u00e1ll\u00f3 \u00e9l\u0151vil\u00e1g\u00e1nak k\u00f6sz\u00f6nhet\u0151en kiemelt figyelmet kap. A list\u00e1n szerepel tov\u00e1bb\u00e1 a vadreg\u00e9nyes Halikounas strand <a href=\"https:\/\/www.startlap.hu\/utazas\/korfu-wizz-air\/\" target=\"_blank\" rel=\"noopener\">Korfu<\/a> d\u00e9lnyugati r\u00e9sz\u00e9n, amely egy hossz\u00fa, homokos partszakasz a J\u00f3n-tenger \u00e9s a Korission-t\u00f3 k\u00f6z\u00f6tt. A ter\u00fclet k\u00fcl\u00f6nleges d\u0171n\u00e9ir\u0151l, sek\u00e9ly viz\u00e9r\u0151l \u00e9s gazdag mad\u00e1rvil\u00e1g\u00e1r\u00f3l ismert.<\/p>\n<p>M\u00e1s szigeteken is tal\u00e1lni p\u00e9ld\u00e1kat: Ano Koufonisi sziget\u00e9n a Pori \u00e9s Italida strandok, m\u00edg Lefkada sziget\u00e9n a Kastro strand ker\u00fclt a list\u00e1ra. Ut\u00f3bbi eset\u00e9ben egy tervezett turisztikai beruh\u00e1z\u00e1s is komoly helyi ellen\u00e1ll\u00e1st v\u00e1ltott ki, t\u00f6bb mint 1500 f\u0151s civil csoport l\u00e9pett fel ellene jogi \u00faton.<\/p>\n<h2>A turizmus \u00e1ra egyre magasabb<\/h2>\n<p>A d\u00f6nt\u00e9shoz\u00f3k hangs\u00falyozz\u00e1k, hogy a turizmus tov\u00e1bbra is kulcsfontoss\u00e1g\u00fa a gazdas\u00e1g sz\u00e1m\u00e1ra, ugyanakkor hossz\u00fa t\u00e1von csak akkor maradhat fenntarthat\u00f3, ha nem puszt\u00edtja el azt, ami\u00e9rt az emberek odautaznak. Az \u00faj szab\u00e1lyok egy\u00e9rtelm\u0171 \u00fczenetet k\u00fcldenek: nem minden partszakasz alkalmas t\u00f6megturizmusra. A j\u00f6v\u0151ben egyre t\u00f6bb olyan hely lehet, ahol a term\u00e9szet v\u00e9delme els\u0151bbs\u00e9get \u00e9lvez a k\u00e9nyelemmel szemben. A k\u00e9rd\u00e9s m\u00e1r csak az, hogy a nyaral\u00f3k mennyire lesznek hajland\u00f3k alkalmazkodni ehhez az \u00faj val\u00f3s\u00e1ghoz.<\/p>\n<div class=\"o-widget m-readMoreWidget -readMore u-shortDecorLineAfter row widget-container _ce_measure_widget bigdata-widget read-more\" data-ce-measure-widget=\"olvass tov\u00e1bb\">\n\t<div class=\"m-readMoreWidget__imgWrapper image-wrapper col-12 col-md-4 no-p\">\n\t\t<a class=\"m-readMoreWidget__imgLink\" href=\"https:\/\/www.startlap.hu\/utazas\/olasz-sziget-rejtett-uti-cel-tomegturizmus\/\" >\n\t\t\t<img decoding=\"async\" src=\"https:\/\/www.startlap.hu\/utazas\/uploads\/sites\/3\/2026\/04\/filicudi-350x285.jpg\" class=\"m-readMoreWidget__img\">\n\t\t<\/a>\n\t<\/div>\n\t<div class=\"m-readMoreWidget__titleWrapper title-wrapper col-12 col-md-8\">\n\t\t<span class=\"m-readMoreWidget__titleLabel u-shortDecorLineBefore label hidden-sm-up\">Ez is \u00e9rdekelhet:<\/span>\n\t\t<h3 class=\"m-readMoreWidget__title title\">\n\t\t\t<a class=\"m-readMoreWidget__titleLink -secondFont u-bold u-upperCase\" href=\"https:\/\/www.startlap.hu\/utazas\/olasz-sziget-rejtett-uti-cel-tomegturizmus\/\" >Alig ismert olasz szigetek &#8211; most \u00e9rdemes \u00fatra kelned, ha \u00e9rintetlen helyekre v\u00e1gysz!<\/a>\n\t\t<\/h3>\n\t\t<a class=\"m-readMoreWidget__btn -coloredBack u-tC link\" href=\"https:\/\/www.startlap.hu\/utazas\/olasz-sziget-rejtett-uti-cel-tomegturizmus\/\" >Elolvasom<\/a>\n\t<\/div>\n<\/div>\n","protected":false},"excerpt":{"rendered":"<p>Egyre t\u00f6bb a turista, egyre kevesebb az \u00e9rintetlen part, most kem\u00e9ny l\u00e9p\u00e9sekkel v\u00e9den\u00e9k a legszebb strandokat, m\u00e9g a nap\u00e1gyakat is sz\u00e1m\u0171zhetik az egyik legn\u00e9pszer\u0171bb eur\u00f3pai tengerparti orsz\u00e1gban.<\/p>\n","protected":false},"author":64,"featured_media":106430,"comment_status":"closed","ping_status":"closed","sticky":false,"template":"","format":"standard","meta":{"footnotes":""},"categories":[70],"tags":[188,1128,6247],"class_list":["post-106427","post","type-post","status-publish","format-standard","has-post-thumbnail","hentry","category-vilag","tag-gorogorszag","tag-szabalyok","tag-tulturizmus"],"aioseo_notices":[],"_links":{"self":[{"href":"https:\/\/www.startlap.hu\/utazas\/wp-json\/wp\/v2\/posts\/106427","targetHints":{"allow":["GET"]}}],"collection":[{"href":"https:\/\/www.startlap.hu\/utazas\/wp-json\/wp\/v2\/posts"}],"about":[{"href":"https:\/\/www.startlap.hu\/utazas\/wp-json\/wp\/v2\/types\/post"}],"author":[{"embeddable":true,"href":"https:\/\/www.startlap.hu\/utazas\/wp-json\/wp\/v2\/users\/64"}],"replies":[{"embeddable":true,"href":"https:\/\/www.startlap.hu\/utazas\/wp-json\/wp\/v2\/comments?post=106427"}],"version-history":[{"count":5,"href":"https:\/\/www.startlap.hu\/utazas\/wp-json\/wp\/v2\/posts\/106427\/revisions"}],"predecessor-version":[{"id":106486,"href":"https:\/\/www.startlap.hu\/utazas\/wp-json\/wp\/v2\/posts\/106427\/revisions\/106486"}],"wp:featuredmedia":[{"embeddable":true,"href":"https:\/\/www.startlap.hu\/utazas\/wp-json\/wp\/v2\/media\/106430"}],"wp:attachment":[{"href":"https:\/\/www.startlap.hu\/utazas\/wp-json\/wp\/v2\/media?parent=106427"}],"wp:term":[{"taxonomy":"category","embeddable":true,"href":"https:\/\/www.startlap.hu\/utazas\/wp-json\/wp\/v2\/categories?post=106427"},{"taxonomy":"post_tag","embeddable":true,"href":"https:\/\/www.startlap.hu\/utazas\/wp-json\/wp\/v2\/tags?post=106427"}],"curies":[{"name":"wp","href":"https:\/\/api.w.org\/{rel}","templated":true}]}}