{"id":106406,"date":"2026-04-27T12:45:21","date_gmt":"2026-04-27T10:45:21","guid":{"rendered":"https:\/\/www.startlap.hu\/utazas\/?p=106406"},"modified":"2026-04-27T12:45:21","modified_gmt":"2026-04-27T10:45:21","slug":"europa-tulturizmus-szabalyok-svajc","status":"publish","type":"post","link":"https:\/\/www.startlap.hu\/utazas\/europa-tulturizmus-szabalyok-svajc\/","title":{"rendered":"\u00daj szab\u00e1lyok j\u00f6hetnek egy n\u00e9pszer\u0171 eur\u00f3pai \u00fati c\u00e9ln\u00e1l &#8211; erre figyelni\u00fck kell a turist\u00e1knak"},"content":{"rendered":"<p>Az ut\u00f3bbi \u00e9vekben l\u00e1tv\u00e1nyosan megugrott az \u00e9rdekl\u0151d\u00e9s Eur\u00f3pa egyik legkedveltebb \u00fati c\u00e9lja, <a href=\"https:\/\/www.startlap.hu\/utazas\/romantika-matterhorn-zermatt-svajc\/\" target=\"_blank\" rel=\"noopener\">Sv\u00e1jc<\/a> ir\u00e1nt, \u00e1m a turist\u00e1k \u00e1radata nem csak bev\u00e9telt, hanem fesz\u00fclts\u00e9get is hozott. A helyiek \u00e9s az \u00f6nkorm\u00e1nyzatok egyre gyakrabban panaszkodnak a t\u00falzs\u00fafolts\u00e1gra \u00e9s a tiszteletlen viselked\u00e9sre, ez\u00e9rt most \u00faj ir\u00e1nyt vesz a vend\u00e9gek fogad\u00e1sa.<\/p>\n<div class=\"o-widget m-readMoreWidget -readMore u-shortDecorLineAfter row widget-container _ce_measure_widget bigdata-widget read-more\" data-ce-measure-widget=\"olvass tov\u00e1bb\">\n\t<div class=\"m-readMoreWidget__imgWrapper image-wrapper col-12 col-md-4 no-p\">\n\t\t<a class=\"m-readMoreWidget__imgLink\" href=\"https:\/\/www.startlap.hu\/utazas\/teljes-napfogyatkozas-2027-augusztus-hat-perces-rekord\/\" >\n\t\t\t<img decoding=\"async\" src=\"https:\/\/www.startlap.hu\/utazas\/uploads\/sites\/3\/2024\/04\/napfogyatkozas-01-350x285.jpg\" class=\"m-readMoreWidget__img\">\n\t\t<\/a>\n\t<\/div>\n\t<div class=\"m-readMoreWidget__titleWrapper title-wrapper col-12 col-md-8\">\n\t\t<span class=\"m-readMoreWidget__titleLabel u-shortDecorLineBefore label hidden-sm-up\">Ez is \u00e9rdekelhet:<\/span>\n\t\t<h3 class=\"m-readMoreWidget__title title\">\n\t\t\t<a class=\"m-readMoreWidget__titleLink -secondFont u-bold u-upperCase\" href=\"https:\/\/www.startlap.hu\/utazas\/teljes-napfogyatkozas-2027-augusztus-hat-perces-rekord\/\" >Hat percre els\u00f6t\u00e9t\u00fcl az \u00e9g nappal: m\u00e1r foglalj\u00e1k a sz\u00e1llod\u00e1kat a ritka napfogyatkoz\u00e1sra &#8211; ami ezut\u00e1n csak 2114-ben lesz l\u00e1that\u00f3<\/a>\n\t\t<\/h3>\n\t\t<a class=\"m-readMoreWidget__btn -coloredBack u-tC link\" href=\"https:\/\/www.startlap.hu\/utazas\/teljes-napfogyatkozas-2027-augusztus-hat-perces-rekord\/\" >Elolvasom<\/a>\n\t<\/div>\n<\/div>\n<p>A hivatalos adatok szerint 2025-ben csaknem 43,9 milli\u00f3 vend\u00e9g\u00e9jszak\u00e1t regisztr\u00e1ltak <a href=\"https:\/\/www.startlap.hu\/utazas\/svajc-olcso-munkasnegyed-szolgaltatas-gazdagsag\/\" target=\"_blank\" rel=\"noopener\">Sv\u00e1jc<\/a> sz\u00e1ll\u00e1shelyein. Ez m\u00e1r a harmadik egym\u00e1st k\u00f6vet\u0151 \u00e9v, amikor rekordot d\u00f6nt\u00f6tt a turizmus. <strong>Ami a sz\u00e1llod\u00e1soknak \u00e9s vend\u00e9gl\u00e1t\u00f3soknak \u00f6r\u00f6m, az sok helyen a lakoss\u00e1gnak egyre nagyobb teher. <\/strong>A t\u00falzs\u00fafolt v\u00e1rosok, a term\u00e9szetben hagyott szem\u00e9t \u00e9s a szab\u00e1lyokat figyelmen k\u00edv\u00fcl hagy\u00f3 turist\u00e1k miatt t\u00f6bb turisztikai szervezet k\u00f6z\u00f6sen l\u00e9pett. Elind\u00edtott\u00e1k a \u201e<strong>Travel with Care<\/strong>\u201d nev\u0171 kamp\u00e1nyt, amelynek c\u00e9lja nem a tilt\u00e1s, hanem az \u00fatmutat\u00e1s. Plak\u00e1tokon, valamint rep\u00fcl\u0151j\u00e1ratokon vet\u00edtett vide\u00f3kban h\u00edvj\u00e1k fel a figyelmet arra, hogyan lehet kultur\u00e1ltan \u00e9s felel\u0151sen utazni. A hangs\u00faly azon van, hogy a l\u00e1togat\u00f3k jobban meg\u00e9rts\u00e9k a helyi szok\u00e1sokat, \u00e9s kisebb legyen a konfliktusok es\u00e9lye.<\/p>\n<h2>Alapvet\u0151 szab\u00e1lyok a mindennapi helyzetekben<\/h2>\n<p>Az egyik legfontosabb ter\u00fclet maga az utaz\u00e1s. A kamp\u00e1ny szerint a turist\u00e1knak \u00fcgyelni\u00fck kell arra, hogy a k\u00f6z\u00f6ss\u00e9gi tereket tiszt\u00e1n hagyj\u00e1k maguk ut\u00e1n, a csomagjaikat pedig \u00fagy helyezz\u00e9k el a vonatokon \u00e9s buszokon, hogy ne zavarjanak m\u00e1sokat. Arra is k\u00fcl\u00f6n felh\u00edvj\u00e1k a figyelmet, hogy felsz\u00e1ll\u00e1skor \u00e9s lesz\u00e1ll\u00e1skor \u00e9rdemes kiv\u00e1rni a sort, az utaz\u00e1s sor\u00e1n pedig ker\u00fclni kell a t\u00fal hangos viselked\u00e9st. Az aut\u00f3val \u00e9rkez\u0151knek term\u00e9szetesen be kell tartaniuk a helyi k\u00f6zleked\u00e9si szab\u00e1lyokat, \u00e9s egyes esetekben \u00faj d\u00edjakkal is sz\u00e1molniuk kell.<\/p>\n<h2>Nem minden fot\u00f3 f\u00e9r bele<\/h2>\n<p>A kamp\u00e1ny m\u00e1sik fontos pill\u00e9re az egym\u00e1s ir\u00e1nti tisztelet. A turist\u00e1kat arra k\u00e9rik, hogy ne l\u00e9pjenek be mag\u00e1nter\u00fcletekre, \u00e9s csendes k\u00f6rnyezetben viselkedjenek visszafogottan. K\u00fcl\u00f6n kiemelt\u00e9k a fot\u00f3z\u00e1s k\u00e9rd\u00e9s\u00e9t is. Hi\u00e1ba cs\u00e1b\u00edt\u00f3 egy hangulatos utca vagy egy idilli udvar, az ott \u00e9l\u0151k nem mindig szeretn\u00e9nek a k\u00e9peken szerepelni. <strong>Ez\u00e9rt azt javasolj\u00e1k, hogy minden esetben k\u00e9rjenek enged\u00e9lyt, miel\u0151tt embereket vagy mag\u00e1ntulajdont fot\u00f3znak.<\/strong><\/p>\n<p>A helyi gazdas\u00e1g t\u00e1mogat\u00e1sa szint\u00e9n hangs\u00falyos elem. A szervez\u0151k arra b\u00e1tor\u00edtj\u00e1k a l\u00e1togat\u00f3kat, hogy a nagy l\u00e1ncok helyett ink\u00e1bb kisebb \u00fczletekben, piacokon \u00e9s csal\u00e1di vend\u00e9gl\u00e1t\u00f3helyeken k\u00f6lts\u00e9k el a p\u00e9nz\u00fcket.<\/p>\n<h2>A term\u00e9szet v\u00e9delme kulcsk\u00e9rd\u00e9s lett<\/h2>\n<p>A harmadik nagy ter\u00fclet a k\u00f6rnyezetv\u00e9delem. A t\u00far\u00e1z\u00f3knak azt tan\u00e1csolj\u00e1k, hogy mindig a kijel\u00f6lt \u00fatvonalakon maradjanak, ezzel nemcsak a saj\u00e1t biztons\u00e1gukat n\u00f6velik, hanem a n\u00f6v\u00e9nyeket \u00e9s az \u00e9l\u0151vil\u00e1got is v\u00e9dik.<\/p>\n<blockquote class=\"article__extraTxt\"><p>A szab\u00e1lyok egy\u00e9rtelm\u0171ek: tilos \u00e1llatokat etetni vagy zavarni, n\u00f6v\u00e9nyeket leszak\u00edtani, illetve szemetet h\u00e1trahagyni.<\/p><\/blockquote>\n<p>Emellett fontos, hogy mindenki a saj\u00e1t felk\u00e9sz\u00fclts\u00e9g\u00e9nek megfelel\u0151 t\u00far\u00e1t v\u00e1lasszon, \u00e9s megfelel\u0151 felszerel\u00e9ssel induljon \u00fatnak.<\/p>\n<figure id=\"attachment_106409\" aria-describedby=\"caption-attachment-106409\" style=\"width: 755px\" class=\"wp-caption alignnone\"><img loading=\"lazy\" decoding=\"async\" class=\"size-article-size-large-image wp-image-106409\" src=\"https:\/\/www.startlap.hu\/utazas\/uploads\/sites\/3\/2026\/04\/svajc_11zon-755x503.jpg\" alt=\"v\u00e1rosk\u00e9p a magasb\u00f3l toronnyal\" width=\"755\" height=\"503\" srcset=\"https:\/\/www.startlap.hu\/utazas\/uploads\/sites\/3\/2026\/04\/svajc_11zon-755x503.jpg 755w, https:\/\/www.startlap.hu\/utazas\/uploads\/sites\/3\/2026\/04\/svajc_11zon-1536x1024.jpg 1536w, https:\/\/www.startlap.hu\/utazas\/uploads\/sites\/3\/2026\/04\/svajc_11zon-2048x1365.jpg 2048w, https:\/\/www.startlap.hu\/utazas\/uploads\/sites\/3\/2026\/04\/svajc_11zon-525x350.jpg 525w\" sizes=\"auto, (max-width: 755px) 100vw, 755px\" \/><figcaption id=\"caption-attachment-106409\" class=\"wp-caption-text\">Sv\u00e1jc szigor\u00fabb szab\u00e1lyoz\u00e1st vezetett be a t\u00f6megturizmus visszaszor\u00edt\u00e1s\u00e1ra. Fot\u00f3: Getty Images<\/figcaption><\/figure>\n<p>A kamp\u00e1ny m\u00f6g\u00f6tt \u00e1ll\u00f3 szakemberek szerint ezek az ir\u00e1nymutat\u00e1sok<strong> els\u0151re tal\u00e1n mag\u00e1t\u00f3l \u00e9rtet\u0151d\u0151nek t\u0171nnek, de a nemzetk\u00f6zi turist\u00e1k sz\u00e1m\u00e1ra nem mindig azok.<\/strong> A turisztikai szakemberek hangs\u00falyozz\u00e1k, hogy ezzel a l\u00e9p\u00e9ssel a helyiek visszajelz\u00e9seire reag\u00e1ltak. Sokak szerint ugyanakkor ez csak az els\u0151 l\u00e9p\u00e9s, \u00e9s hosszabb t\u00e1von tov\u00e1bbi int\u00e9zked\u00e9sekre is sz\u00fcks\u00e9g lehet ahhoz, hogy a lakoss\u00e1g \u00fajra pozit\u00edvabban \u00e1lljon a turizmushoz.<\/p>\n<p>Hogy a mostani kamp\u00e1ny val\u00f3ban v\u00e1ltoz\u00e1st hoz-e, az m\u00e9g k\u00e9rd\u00e9ses. Az viszont biztos, hogy a t\u00f6megturizmus hat\u00e1sai egyre t\u00f6bb helyen okoznak fesz\u00fclts\u00e9get Eur\u00f3p\u00e1ban, \u00edgy k\u00f6nnyen lehet, hogy hasonl\u00f3 szab\u00e1lyokkal m\u00e1shol is tal\u00e1lkozhatunk a k\u00f6zelj\u00f6v\u0151ben.<\/p>\n<p><a href=\"https:\/\/www.echo24.de\/verbraucher\/urlaub-in-der-schweiz-diese-regeln-gelten-fuer-touristen-jetzt-94276240.html\" target=\"_blank\" target=\"_blank\" rel=\"noopener\">via<\/a><\/p>\n<div class=\"o-widget m-readMoreWidget -readMore u-shortDecorLineAfter row widget-container _ce_measure_widget bigdata-widget read-more\" data-ce-measure-widget=\"olvass tov\u00e1bb\">\n\t<div class=\"m-readMoreWidget__imgWrapper image-wrapper col-12 col-md-4 no-p\">\n\t\t<a class=\"m-readMoreWidget__imgLink\" href=\"https:\/\/www.startlap.hu\/utazas\/budapest-rejtely-kviz\/\" >\n\t\t\t<img decoding=\"async\" src=\"https:\/\/www.startlap.hu\/utazas\/uploads\/sites\/3\/2026\/01\/anonimus_budapest_-350x285.jpg\" class=\"m-readMoreWidget__img\">\n\t\t<\/a>\n\t<\/div>\n\t<div class=\"m-readMoreWidget__titleWrapper title-wrapper col-12 col-md-8\">\n\t\t<span class=\"m-readMoreWidget__titleLabel u-shortDecorLineBefore label hidden-sm-up\">Ez is \u00e9rdekelhet:<\/span>\n\t\t<h3 class=\"m-readMoreWidget__title title\">\n\t\t\t<a class=\"m-readMoreWidget__titleLink -secondFont u-bold u-upperCase\" href=\"https:\/\/www.startlap.hu\/utazas\/budapest-rejtely-kviz\/\" >Kv\u00edz Budapest rejt\u00e9lyeivel: es\u00e9lyesebb vagy az \u00e1tlagn\u00e1l?<\/a>\n\t\t<\/h3>\n\t\t<a class=\"m-readMoreWidget__btn -coloredBack u-tC link\" href=\"https:\/\/www.startlap.hu\/utazas\/budapest-rejtely-kviz\/\" >Elolvasom<\/a>\n\t<\/div>\n<\/div>\n","protected":false},"excerpt":{"rendered":"<p>A t\u00f6megturizmus \u00e1rnyoldalai m\u00e1r jelen vannak &#8211; egy n\u00e9pszer\u0171 \u00fati c\u00e9l szigor\u00fa szab\u00e1lyokkal pr\u00f3b\u00e1lja vissza\u00e1ll\u00edtani az egyens\u00falyt.<\/p>\n","protected":false},"author":64,"featured_media":106409,"comment_status":"closed","ping_status":"closed","sticky":false,"template":"","format":"standard","meta":{"footnotes":""},"categories":[70],"tags":[38,309,7513],"class_list":["post-106406","post","type-post","status-publish","format-standard","has-post-thumbnail","hentry","category-vilag","tag-europa","tag-svajc","tag-tomegturizmus"],"aioseo_notices":[],"_links":{"self":[{"href":"https:\/\/www.startlap.hu\/utazas\/wp-json\/wp\/v2\/posts\/106406","targetHints":{"allow":["GET"]}}],"collection":[{"href":"https:\/\/www.startlap.hu\/utazas\/wp-json\/wp\/v2\/posts"}],"about":[{"href":"https:\/\/www.startlap.hu\/utazas\/wp-json\/wp\/v2\/types\/post"}],"author":[{"embeddable":true,"href":"https:\/\/www.startlap.hu\/utazas\/wp-json\/wp\/v2\/users\/64"}],"replies":[{"embeddable":true,"href":"https:\/\/www.startlap.hu\/utazas\/wp-json\/wp\/v2\/comments?post=106406"}],"version-history":[{"count":5,"href":"https:\/\/www.startlap.hu\/utazas\/wp-json\/wp\/v2\/posts\/106406\/revisions"}],"predecessor-version":[{"id":106412,"href":"https:\/\/www.startlap.hu\/utazas\/wp-json\/wp\/v2\/posts\/106406\/revisions\/106412"}],"wp:featuredmedia":[{"embeddable":true,"href":"https:\/\/www.startlap.hu\/utazas\/wp-json\/wp\/v2\/media\/106409"}],"wp:attachment":[{"href":"https:\/\/www.startlap.hu\/utazas\/wp-json\/wp\/v2\/media?parent=106406"}],"wp:term":[{"taxonomy":"category","embeddable":true,"href":"https:\/\/www.startlap.hu\/utazas\/wp-json\/wp\/v2\/categories?post=106406"},{"taxonomy":"post_tag","embeddable":true,"href":"https:\/\/www.startlap.hu\/utazas\/wp-json\/wp\/v2\/tags?post=106406"}],"curies":[{"name":"wp","href":"https:\/\/api.w.org\/{rel}","templated":true}]}}