{"id":106401,"date":"2026-04-26T19:43:13","date_gmt":"2026-04-26T17:43:13","guid":{"rendered":"https:\/\/www.startlap.hu\/utazas\/?p=106401"},"modified":"2026-04-26T19:43:13","modified_gmt":"2026-04-26T17:43:13","slug":"kezipoggyasz-folyadek-kivetel","status":"publish","type":"post","link":"https:\/\/www.startlap.hu\/utazas\/kezipoggyasz-folyadek-kivetel\/","title":{"rendered":"A legt\u00f6bb utaz\u00f3 nem tudja: nem mindig kell betartani a 100 ml-es folyad\u00e9kszab\u00e1lyt"},"content":{"rendered":"<p data-start=\"0\" data-end=\"380\">Az utaz\u00f3k t\u00f6bbs\u00e9ge abban a hitben indul neki a rep\u00fcl\u00e9snek, hogy j\u00f3l felk\u00e9sz\u00fclt, mert m\u00e1r tudja a j\u00f3l ismert folyad\u00e9ksz\u00e1ll\u00edt\u00e1si szab\u00e1lyt, \u00e9s ezzel letudottnak tekinti a k\u00e9zipoggy\u00e1szra vonatkoz\u00f3 el\u0151\u00edr\u00e1sokat. A gyakorlatban azonban enn\u00e9l t\u00f6bb apr\u00f3 r\u00e9szletre kell figyelni a <strong><a href=\"https:\/\/www.startlap.hu\/utazas\/ryanair-szabalyok-poggyasz-tilos\/\" target=\"_blank\" rel=\"noopener\">k\u00e9zipoggy\u00e1szok<\/a><\/strong> pakol\u00e1sakor, \u00e9s ezek k\u00f6z\u00fcl akad, amit sokan f\u00e9lre\u00e9rtenek. El\u00e9g egy kisebb hiba, \u00e9s m\u00e1ris fennakad\u00e1s lehet a biztons\u00e1gi ellen\u0151rz\u00e9sn\u00e9l, ez\u00e9rt az al\u00e1bbiakban \u00e1ttekintj\u00fck a l\u00e9nyeget.<\/p>\n<figure id=\"attachment_106402\" aria-describedby=\"caption-attachment-106402\" style=\"width: 755px\" class=\"wp-caption alignnone\"><img loading=\"lazy\" decoding=\"async\" class=\"size-article-size-large-image wp-image-106402\" src=\"https:\/\/www.startlap.hu\/utazas\/uploads\/sites\/3\/2026\/04\/kezipoggyasz-755x504.jpg\" alt=\"Fiatal n\u0151 k\u00e9zipoggy\u00e1sszal halad a rep\u00fcl\u0151h\u00f6z\" width=\"755\" height=\"504\" srcset=\"https:\/\/www.startlap.hu\/utazas\/uploads\/sites\/3\/2026\/04\/kezipoggyasz-755x504.jpg 755w, https:\/\/www.startlap.hu\/utazas\/uploads\/sites\/3\/2026\/04\/kezipoggyasz-525x350.jpg 525w, https:\/\/www.startlap.hu\/utazas\/uploads\/sites\/3\/2026\/04\/kezipoggyasz.jpg 1280w\" sizes=\"auto, (max-width: 755px) 100vw, 755px\" \/><figcaption id=\"caption-attachment-106402\" class=\"wp-caption-text\">A k\u00e9zipoggy\u00e1szban t\u00f6rt\u00e9n\u0151 folyad\u00e9ksz\u00e1ll\u00edt\u00e1s szab\u00e1lyai al\u00f3l vannak kiv\u00e9telek. (Fot\u00f3: Getty Images)<\/figcaption><\/figure>\n<div class=\"o-widget m-readMoreWidget -readMore u-shortDecorLineAfter row widget-container _ce_measure_widget bigdata-widget read-more\" data-ce-measure-widget=\"olvass tov\u00e1bb\">\n\t<div class=\"m-readMoreWidget__imgWrapper image-wrapper col-12 col-md-4 no-p\">\n\t\t<a class=\"m-readMoreWidget__imgLink\" href=\"https:\/\/www.startlap.hu\/utazas\/mount-everest-biztositasi-csalas-mergezes\/\" >\n\t\t\t<img decoding=\"async\" src=\"https:\/\/www.startlap.hu\/utazas\/uploads\/sites\/3\/2026\/04\/mount-everest-350x285.jpg\" class=\"m-readMoreWidget__img\">\n\t\t<\/a>\n\t<\/div>\n\t<div class=\"m-readMoreWidget__titleWrapper title-wrapper col-12 col-md-8\">\n\t\t<span class=\"m-readMoreWidget__titleLabel u-shortDecorLineBefore label hidden-sm-up\">Ez is \u00e9rdekelhet:<\/span>\n\t\t<h3 class=\"m-readMoreWidget__title title\">\n\t\t\t<a class=\"m-readMoreWidget__titleLink -secondFont u-bold u-upperCase\" href=\"https:\/\/www.startlap.hu\/utazas\/mount-everest-biztositasi-csalas-mergezes\/\" >Idegenvezet\u0151k m\u00e9rgezt\u00e9k meg a turist\u00e1kat az Everesten, hogy biztos\u00edt\u00e1si p\u00e9nzeket kapjanak<\/a>\n\t\t<\/h3>\n\t\t<a class=\"m-readMoreWidget__btn -coloredBack u-tC link\" href=\"https:\/\/www.startlap.hu\/utazas\/mount-everest-biztositasi-csalas-mergezes\/\" >Elolvasom<\/a>\n\t<\/div>\n<\/div>\n<p data-start=\"382\" data-end=\"759\">Egy friss, d\u00e1n hat\u00f3s\u00e1gokra hivatkoz\u00f3 <strong><a href=\"https:\/\/hotnews.ro\/peste-20-de-calugari-budisti-opriti-si-arestati-pe-un-aeroport-din-sri-lanka-dupa-ce-s-a-descoperit-ce-ascunsesera-in-bagaje-2229490\" target=\"_blank\" target=\"_blank\" rel=\"noopener\">cikk<\/a><\/strong> h\u00edvta fel a figyelmet az egyik leggyakoribb f\u00e9lre\u00e9rt\u00e9sre a t\u00e9m\u00e1ban: az utaz\u00f3k rendszerint nincsenek tiszt\u00e1ban azzal, hogy a foly\u00e9kony gy\u00f3gyszerek nem tartoznak a szigor\u00fa 100 ml-es korl\u00e1toz\u00e1s al\u00e1.&nbsp;<\/p>\n<p data-start=\"761\" data-end=\"1132\" data-is-last-node=\"\" data-is-only-node=\"\">Vajon ez csak D\u00e1ni\u00e1ban van \u00edgy, vagy az eg\u00e9sz <span class=\"hover:entity-accent entity-underline inline cursor-pointer align-baseline\"><span class=\"whitespace-normal\">Eur\u00f3pai Uni\u00f3<\/span><\/span> ter\u00fclet\u00e9n ugyanazok az el\u0151\u00edr\u00e1sok \u00e9rv\u00e9nyesek? \u00c9s mire sz\u00e1m\u00edthatunk a gyakorlatban, p\u00e9ld\u00e1ul a <span class=\"hover:entity-accent entity-underline inline cursor-pointer align-baseline\"><span class=\"whitespace-normal\">Budapest Liszt Ferenc Nemzetk\u00f6zi Rep\u00fcl\u0151t\u00e9r<\/span><\/span> ellen\u0151rz\u00e9se sor\u00e1n? Ut\u00e1nan\u00e9zt\u00fcnk, pontosan milyen szab\u00e1lyok vonatkoznak a k\u00e9zipoggy\u00e1szra, \u00e9s melyek azok a r\u00e9szletek, amelyeket a legt\u00f6bb utas m\u00e9g mindig nem ismer.<\/p>\n<h2>Folyad\u00e9kok a k\u00e9zipoggy\u00e1szban: a 100 ml-es alapszab\u00e1ly<\/h2>\n<p>A gyakorlott utaz\u00f3k m\u00e1r rutinszer\u0171en pakolnak, ha rep\u00fcl\u0151\u00fatra k\u00e9sz\u00fclnek, de a folyad\u00e9kokra vonatkoz\u00f3 el\u0151\u00edr\u00e1sok m\u00e9g mindig sok f\u00e9lre\u00e9rt\u00e9st okoznak, olykor m\u00e9g a f\u0151szab\u00e1ly is, ez\u00e9rt el\u0151sz\u00f6r ezt tekintj\u00fck \u00e1t.<\/p>\n<p>Az Eur\u00f3pai Uni\u00f3 repterein egys\u00e9ges szab\u00e1lyoz\u00e1s van \u00e9rv\u00e9nyben:<\/p>\n<blockquote class=\"article__extraTxt\"><p>k\u00e9zipoggy\u00e1szban csak legfeljebb 100 milliliteres kiszerel\u00e9s\u0171 folyad\u00e9kok vihet\u0151k fel. Ezeket egy maximum 1 literes, \u00e1tl\u00e1tsz\u00f3, visszaz\u00e1rhat\u00f3 tasakban kell elhelyezni,<\/p><\/blockquote>\n<p>\u00e9s <strong>a biztons\u00e1gi ellen\u0151rz\u00e9sn\u00e9l k\u00fcl\u00f6n kell bemutatni<\/strong>.<\/p>\n<p>Fontos r\u00e9szlet, hogy <strong>mindig a flakon m\u00e9rete sz\u00e1m\u00edt<\/strong>. Ha egy nagyobb, p\u00e9ld\u00e1ul 200 ml-es t\u00e1rol\u00f3ban csak kev\u00e9s folyad\u00e9k van, azt akkor sem lehet \u00e1tvinni az ellen\u0151rz\u00e9sen.<\/p>\n<h2>Nem minden folyad\u00e9kra igaz a f\u0151szab\u00e1ly<\/h2>\n<p>Amit m\u00e1r \u00e1ltal\u00e1ban nem tudnak, hogy a 100 ml-es szab\u00e1ly nem minden esetben \u00e9rv\u00e9nyes. A kiv\u00e9tel el\u00e9g logikus, ugyanis a foly\u00e9kony gy\u00f3gyszerekre vonatkozik.&nbsp;<\/p>\n<p>Nemcsak D\u00e1ni\u00e1ban, hanem<\/p>\n<blockquote class=\"article__extraTxt\"><p>az eg\u00e9sz EU-ban m\u00e1s szab\u00e1lyok vonatkoznak a folyad\u00e9ksz\u00e1ll\u00edt\u00e1sra, ha gy\u00f3gyszerekr\u0151l van sz\u00f3.<\/p><\/blockquote>\n<p>A szem\u00e9lyes haszn\u00e1latra sz\u00e1nt gy\u00f3gyszerekb\u0151l nagyobb mennyis\u00e9g is vihet\u0151 a fed\u00e9lzetre, amennyiben az utaz\u00e1s ideje alatt sz\u00fcks\u00e9g van r\u00e1juk.<\/p>\n<p>Ide tartozhatnak:<\/p>\n<ul>\n<li>k\u00fcl\u00f6nf\u00e9le <strong>szirupok<\/strong>,<\/li>\n<li><strong>inzulin<\/strong>,<\/li>\n<li><strong>szemcseppek<\/strong>,<\/li>\n<li>valamint a <strong>kontaktlencse-folyad\u00e9k is<\/strong>.<\/li>\n<\/ul>\n<p>Bizonyos esetekben <strong>m\u00e9g a gy\u00f3gyszer h\u0171t\u00e9s\u00e9hez sz\u00fcks\u00e9ges zsel\u00e9s h\u0171t\u0151elemek is megengedettek<\/strong>.<\/p>\n<h2>A leggyakoribb hiba a gy\u00f3gyszerek biztons\u00e1gi ellen\u0151rz\u00e9s\u00e9n\u00e9l<\/h2>\n<p>Aki tud a kiv\u00e9telt k\u00e9pez\u0151 kateg\u00f3ri\u00e1r\u00f3l, az ellen\u0151rz\u00e9sn\u00e9l m\u00e9g mindig elbukhat, mert van egy m\u00e1sik fontos szab\u00e1ly:<\/p>\n<blockquote class=\"article__extraTxt\"><p>a foly\u00e9kony gy\u00f3gyszereket k\u00fcl\u00f6n kell kezelni a biztons\u00e1gi ellen\u0151rz\u00e9s sor\u00e1n.<\/p><\/blockquote>\n<p>Ez azt jelenti, hogy:<\/p>\n<ul>\n<li><strong>ki kell venni a k\u00e9zipoggy\u00e1szb\u00f3l<\/strong>,<\/li>\n<li>k\u00fcl\u00f6n t\u00e1lc\u00e1ra kell helyezni,<\/li>\n<li>\u00e9s adott esetben tov\u00e1bbi vizsg\u00e1latra is sz\u00e1m\u00edtani lehet.<\/li>\n<\/ul>\n<p>B\u00e1r nem k\u00f6telez\u0151, aj\u00e1nlott a gy\u00f3gyszereket eredeti csomagol\u00e1sban vinni, \u00e9s speci\u00e1lis esetekben \u2013 p\u00e9ld\u00e1ul injekci\u00f3k vagy nagyobb mennyis\u00e9g eset\u00e9n \u2013 orvosi igazol\u00e1s is j\u00f3l j\u00f6het.<\/p>\n<p>A k\u00fcl\u00f6n kezel\u00e9st illet\u0151 korl\u00e1toz\u00e1s szil\u00e1rd gy\u00f3gyszerekre nem vonatkozik.&nbsp;A tablett\u00e1k, kapszul\u00e1k \u00e9s egy\u00e9b<strong> szil\u00e1rd gy\u00f3gyszerek szabadon sz\u00e1ll\u00edthat\u00f3k a k\u00e9zipoggy\u00e1szban<\/strong>.&nbsp;Ezeket \u00e1ltal\u00e1ban nem kell k\u00fcl\u00f6n bemutatni, b\u00e1r nagyobb mennyis\u00e9gn\u00e9l k\u00e9rhetnek magyar\u00e1zatot.<\/p>\n<h2>Elt\u00e9r\u0151 szab\u00e1lyok az EU-n k\u00edv\u00fcl<\/h2>\n<p>Ugyan az EU-n bel\u00fcl egys\u00e9ges a szab\u00e1lyoz\u00e1s, m\u00e1s orsz\u00e1gokban elt\u00e9rhetnek az el\u0151\u00edr\u00e1sok. Ez k\u00fcl\u00f6n\u00f6sen fontos lehet \u00e1tsz\u00e1ll\u00e1s eset\u00e9n: ilyenkor mindig az adott <strong><a href=\"https:\/\/www.startlap.hu\/utazas\/repuloter-legjobb-indulas-madrid-roma\/\" target=\"_blank\" rel=\"noopener\">rep\u00fcl\u0151t\u00e9r<\/a><\/strong> szab\u00e1lyai az ir\u00e1nyad\u00f3k.&nbsp;\u00c9rdemes teh\u00e1t el\u0151re ut\u00e1nan\u00e9zni a felt\u00e9teleknek, hogy ne a helysz\u00ednen der\u00fclj\u00f6n ki egy-egy korl\u00e1toz\u00e1s.<\/p>\n<h2>Speci\u00e1lis tudnival\u00f3k Budapesten<\/h2>\n<p>A Budapest Liszt Ferenc Nemzetk\u00f6zi Rep\u00fcl\u0151t\u00e9r az elm\u00falt id\u0151szakban moderniz\u00e1lta a biztons\u00e1gi ellen\u0151rz\u00e9st, ami az utasok sz\u00e1m\u00e1ra is \u00e9rz\u00e9kelhet\u0151 v\u00e1ltoz\u00e1sokat hozott.<\/p>\n<p>Bizonyos ellen\u0151rz\u0151s\u00e1vokban m\u00e1r nem sz\u00fcks\u00e9ges kivenni a laptopot \u00e9s m\u00e1s nagyobb elektronikai eszk\u00f6z\u00f6ket a k\u00e9zipoggy\u00e1szb\u00f3l, ami jelent\u0151sen gyors\u00edthatja az \u00e1thalad\u00e1st.<\/p>\n<p>Fontos azonban, hogy ez nem minden s\u00e1vra vonatkozik, ez\u00e9rt mindig az aktu\u00e1lis jelz\u00e9seket \u00e9s az ellen\u0151rz\u00e9st v\u00e9gz\u0151 szem\u00e9lyzet utas\u00edt\u00e1sait kell k\u00f6vetni.<\/p>\n<p>A folyad\u00e9kokra \u00e9s gy\u00f3gyszerekre vonatkoz\u00f3 szab\u00e1lyok ugyanakkor <strong><a href=\"https:\/\/www.startlap.hu\/utazas\/liszt-ferenc-repuloter-ferihegy-felujitas\/\" target=\"_blank\" rel=\"noopener\">Ferihegyen<\/a><\/strong> is az uni\u00f3s el\u0151\u00edr\u00e1sok szerint m\u0171k\u00f6dnek, vagyis a kiv\u00e9telek ellen\u00e9re a foly\u00e9kony gy\u00f3gyszereket k\u00fcl\u00f6n be kell mutatni.<\/p>\n<div class=\"o-widget m-readMoreWidget -readMore u-shortDecorLineAfter row widget-container _ce_measure_widget bigdata-widget read-more\" data-ce-measure-widget=\"olvass tov\u00e1bb\">\n\t<div class=\"m-readMoreWidget__imgWrapper image-wrapper col-12 col-md-4 no-p\">\n\t\t<a class=\"m-readMoreWidget__imgLink\" href=\"https:\/\/www.startlap.hu\/utazas\/lufthansa-kezipoggyas-borond-szolgaltatas\/\" >\n\t\t\t<img decoding=\"async\" src=\"https:\/\/www.startlap.hu\/utazas\/uploads\/sites\/3\/2026\/04\/sorbanallo_repuloter_-350x285.jpg\" class=\"m-readMoreWidget__img\">\n\t\t<\/a>\n\t<\/div>\n\t<div class=\"m-readMoreWidget__titleWrapper title-wrapper col-12 col-md-8\">\n\t\t<span class=\"m-readMoreWidget__titleLabel u-shortDecorLineBefore label hidden-sm-up\">Ez is \u00e9rdekelhet:<\/span>\n\t\t<h3 class=\"m-readMoreWidget__title title\">\n\t\t\t<a class=\"m-readMoreWidget__titleLink -secondFont u-bold u-upperCase\" href=\"https:\/\/www.startlap.hu\/utazas\/lufthansa-kezipoggyas-borond-szolgaltatas\/\" >Eur\u00f3pa egyik legnagyobb l\u00e9git\u00e1rsas\u00e1ga b\u00facs\u00fat int a fed\u00e9lzeti k\u00e9zipoggy\u00e1sznak<\/a>\n\t\t<\/h3>\n\t\t<a class=\"m-readMoreWidget__btn -coloredBack u-tC link\" href=\"https:\/\/www.startlap.hu\/utazas\/lufthansa-kezipoggyas-borond-szolgaltatas\/\" >Elolvasom<\/a>\n\t<\/div>\n<\/div>\n","protected":false},"excerpt":{"rendered":"<p>A legt\u00f6bb utaz\u00f3 tiszt\u00e1ban van a 100 milliliteres folyad\u00e9kszab\u00e1llyal, de ez \u00f6nmag\u00e1ban nem el\u00e9g a k\u00e9nyelmes \u00e1thalad\u00e1shoz a rep\u00fcl\u0151t\u00e9ri ellen\u0151rz\u00e9sen. Vannak kiv\u00e9telek \u00e9s speci\u00e1lis el\u0151\u00edr\u00e1sok is, amelyeket a legt\u00f6bben nem ismernek, pedig n\u00e9ha ezeken m\u00falik a k\u00f6nnyed utaz\u00e1si \u00e9lm\u00e9ny.<\/p>\n","protected":false},"author":14,"featured_media":106402,"comment_status":"closed","ping_status":"closed","sticky":false,"template":"","format":"standard","meta":{"footnotes":""},"categories":[70],"tags":[1437,9626,10081,204],"class_list":["post-106401","post","type-post","status-publish","format-standard","has-post-thumbnail","hentry","category-vilag","tag-budapest-liszt-ferenc-nemzetkozi-repuloter","tag-folyadek","tag-kezipogg","tag-repules"],"aioseo_notices":[],"_links":{"self":[{"href":"https:\/\/www.startlap.hu\/utazas\/wp-json\/wp\/v2\/posts\/106401","targetHints":{"allow":["GET"]}}],"collection":[{"href":"https:\/\/www.startlap.hu\/utazas\/wp-json\/wp\/v2\/posts"}],"about":[{"href":"https:\/\/www.startlap.hu\/utazas\/wp-json\/wp\/v2\/types\/post"}],"author":[{"embeddable":true,"href":"https:\/\/www.startlap.hu\/utazas\/wp-json\/wp\/v2\/users\/14"}],"replies":[{"embeddable":true,"href":"https:\/\/www.startlap.hu\/utazas\/wp-json\/wp\/v2\/comments?post=106401"}],"version-history":[{"count":1,"href":"https:\/\/www.startlap.hu\/utazas\/wp-json\/wp\/v2\/posts\/106401\/revisions"}],"predecessor-version":[{"id":106403,"href":"https:\/\/www.startlap.hu\/utazas\/wp-json\/wp\/v2\/posts\/106401\/revisions\/106403"}],"wp:featuredmedia":[{"embeddable":true,"href":"https:\/\/www.startlap.hu\/utazas\/wp-json\/wp\/v2\/media\/106402"}],"wp:attachment":[{"href":"https:\/\/www.startlap.hu\/utazas\/wp-json\/wp\/v2\/media?parent=106401"}],"wp:term":[{"taxonomy":"category","embeddable":true,"href":"https:\/\/www.startlap.hu\/utazas\/wp-json\/wp\/v2\/categories?post=106401"},{"taxonomy":"post_tag","embeddable":true,"href":"https:\/\/www.startlap.hu\/utazas\/wp-json\/wp\/v2\/tags?post=106401"}],"curies":[{"name":"wp","href":"https:\/\/api.w.org\/{rel}","templated":true}]}}