{"id":106350,"date":"2026-04-28T07:03:02","date_gmt":"2026-04-28T05:03:02","guid":{"rendered":"https:\/\/www.startlap.hu\/utazas\/?p=106350"},"modified":"2026-04-24T23:40:19","modified_gmt":"2026-04-24T21:40:19","slug":"eszak-olaszorszag-alpok-egy-euros-hazak","status":"publish","type":"post","link":"https:\/\/www.startlap.hu\/utazas\/eszak-olaszorszag-alpok-egy-euros-hazak\/","title":{"rendered":"Most egy eur\u00f3\u00e9rt juthatunk lak\u00e1shoz a Dolomitok kapuj\u00e1n\u00e1l"},"content":{"rendered":"<p>Az <a href=\"https:\/\/www.startlap.hu\/utazas\/onkentes-program-olaszorszag-munka\/\" target=\"_blank\" rel=\"noopener\">\u00e9szak-olaszorsz\u00e1gi<\/a> <strong>Pasubio Piccole Dolomiti<\/strong> t\u00e9rs\u00e9g\u00e9ben k\u00fcl\u00f6nleges ingatlanprogram indult: t\u00f6bb hegyi telep\u00fcl\u00e9sen elhagyatott h\u00e1zakat k\u00edn\u00e1lnak jelk\u00e9pes, 1 eur\u00f3s \u00e1ron. A kezdem\u00e9nyez\u00e9s c\u00e9lja, hogy \u00faj \u00e9letet leheljenek az eln\u00e9ptelened\u0151 falvakba, \u00e9s meg\u00e1ll\u00edts\u00e1k az egyre s\u00falyosabb elv\u00e1ndorl\u00e1st.<\/p>\n<div class=\"o-widget m-readMoreWidget -readMore u-shortDecorLineAfter row widget-container _ce_measure_widget bigdata-widget read-more\" data-ce-measure-widget=\"olvass tov\u00e1bb\">\n\t<div class=\"m-readMoreWidget__imgWrapper image-wrapper col-12 col-md-4 no-p\">\n\t\t<a class=\"m-readMoreWidget__imgLink\" href=\"https:\/\/www.startlap.hu\/utazas\/40-lakosu-spanyol-falu-munka-haz\/\" >\n\t\t\t<img decoding=\"async\" src=\"https:\/\/www.startlap.hu\/utazas\/uploads\/sites\/3\/2026\/04\/spanyol-utcareszlet-350x285.jpg\" class=\"m-readMoreWidget__img\">\n\t\t<\/a>\n\t<\/div>\n\t<div class=\"m-readMoreWidget__titleWrapper title-wrapper col-12 col-md-8\">\n\t\t<span class=\"m-readMoreWidget__titleLabel u-shortDecorLineBefore label hidden-sm-up\">Ez is \u00e9rdekelhet:<\/span>\n\t\t<h3 class=\"m-readMoreWidget__title title\">\n\t\t\t<a class=\"m-readMoreWidget__titleLink -secondFont u-bold u-upperCase\" href=\"https:\/\/www.startlap.hu\/utazas\/40-lakosu-spanyol-falu-munka-haz\/\" >A 40 lakos\u00fa falu szomsz\u00e9dokat keres: ingyen h\u00e1zat, munk\u00e1t \u00e9s \u00faj \u00e9letet k\u00edn\u00e1l a hegyekben<\/a>\n\t\t<\/h3>\n\t\t<a class=\"m-readMoreWidget__btn -coloredBack u-tC link\" href=\"https:\/\/www.startlap.hu\/utazas\/40-lakosu-spanyol-falu-munka-haz\/\" >Elolvasom<\/a>\n\t<\/div>\n<\/div>\n<h2>Sokan \u00e9rdekl\u0151dnek<\/h2>\n<p>A projekt egy nagyobb \u00e1llami fejleszt\u00e9si program, a <strong>Green Communities<\/strong> (Z\u00f6ld K\u00f6z\u00f6ss\u00e9gek) r\u00e9sze, amely fenntarthat\u00f3 gazdas\u00e1gi \u00e9s t\u00e1rsadalmi fejl\u0151d\u00e9st t\u00e1mogat. B\u00e1r Olaszorsz\u00e1gban nem egyed\u00fcl\u00e1ll\u00f3 az ilyen t\u00edpus\u00fa kezdem\u00e9nyez\u00e9s, ez az els\u0151, amely t\u00f6bb telep\u00fcl\u00e9st fog \u00f6ssze egyszerre.<\/p>\n<blockquote class=\"article__extraTxt\"><p>A program ir\u00e1nt komoly \u00e9rdekl\u0151d\u00e9s mutatkozott: t\u00f6bb tucat v\u00e1s\u00e1rl\u00e1si aj\u00e1nlat \u00e9rkezett, k\u00f6zt\u00fck k\u00fclf\u00f6ldr\u0151l is.<\/p><\/blockquote>\n<p>A program m\u00f6g\u00f6tt az a felismer\u00e9s \u00e1ll, hogy <strong>a hegyi falvak csak akkor maradhatnak \u00e9letk\u00e9pesek, ha \u00faj lak\u00f3k \u00e9rkeznek \u00e9s a megl\u00e9v\u0151 \u00e9p\u00fclet\u00e1llom\u00e1nyt fel\u00faj\u00edtj\u00e1k.<\/strong> Az \u00f6nkorm\u00e1nyzatok tudatosan \u00f6szt\u00f6n\u00f6zt\u00e9k a tulajdonosokat az elad\u00e1sra, p\u00e9ld\u00e1ul azzal, hogy felh\u00edvt\u00e1k a figyelmet a haszn\u00e1laton k\u00edv\u00fcli ingatlanokra kivetett ad\u00f3terhekre.<\/p>\n<figure id=\"attachment_106351\" aria-describedby=\"caption-attachment-106351\" style=\"width: 755px\" class=\"wp-caption alignnone\"><a href=\"https:\/\/www.startlap.hu\/utazas\/uploads\/sites\/3\/2026\/04\/dolomitok.jpg\"><img loading=\"lazy\" decoding=\"async\" class=\"size-article-size-large-image wp-image-106351\" src=\"https:\/\/www.startlap.hu\/utazas\/uploads\/sites\/3\/2026\/04\/dolomitok-755x479.jpg\" alt=\"Pihen\u0151 teh\u00e9ncsorda a hegyekben.\" width=\"755\" height=\"479\" srcset=\"https:\/\/www.startlap.hu\/utazas\/uploads\/sites\/3\/2026\/04\/dolomitok-755x479.jpg 755w, https:\/\/www.startlap.hu\/utazas\/uploads\/sites\/3\/2026\/04\/dolomitok-1536x975.jpg 1536w, https:\/\/www.startlap.hu\/utazas\/uploads\/sites\/3\/2026\/04\/dolomitok-2048x1300.jpg 2048w, https:\/\/www.startlap.hu\/utazas\/uploads\/sites\/3\/2026\/04\/dolomitok-551x350.jpg 551w\" sizes=\"auto, (max-width: 755px) 100vw, 755px\" \/><\/a><figcaption id=\"caption-attachment-106351\" class=\"wp-caption-text\">A Dolomitok t\u00e9rs\u00e9ge nyugalmat \u00e9s term\u00e9szetk\u00f6zeli \u00e9letm\u00f3dot k\u00edn\u00e1l. Fot\u00f3: Getty Images<\/figcaption><\/figure>\n<p>A k\u00edn\u00e1lat v\u00e9g\u00fcl j\u00f3val kisebb lett a v\u00e1rtn\u00e1l:<\/p>\n<blockquote class=\"article__extraTxt\"><p>t\u00f6bb sz\u00e1z felm\u00e9rt ingatlanb\u00f3l mind\u00f6ssze 24 ker\u00fclt piacra, f\u0151k\u00e9nt h\u00e1rom telep\u00fcl\u00e9sen<\/p><\/blockquote>\n<p>\u2013 <strong>Recoaro Terme<\/strong>, <strong>Posina<\/strong> \u00e9s <strong>Valli del Pasubio <\/strong>k\u00f6z\u00f6ss\u00e9gekben. K\u00fcl\u00f6n\u00f6sen Recoaro Terme emelkedik ki, ahol m\u00e9g egy t\u00f6rt\u00e9nelmi <a href=\"https:\/\/www.startlap.hu\/utazas\/dubaj-burdzs-al-arab-szalloda-bezaras\/\" target=\"_blank\" rel=\"noopener\">sz\u00e1lloda<\/a> is gazd\u00e1ra tal\u00e1lt, megmenek\u00fclve ezzel a lebont\u00e1st\u00f3l.<\/p>\n<p>A helyi vezet\u0151k szerint <strong>a hegyi \u00e9let nem mindenkinek val\u00f3:<\/strong> kevesebb szolg\u00e1ltat\u00e1s \u00e9s nagyobb elszigetelts\u00e9g jellemzi, ugyanakkor cser\u00e9be <a href=\"https:\/\/www.startlap.hu\/utazas\/tunezia-foldkozi-tenger-djerba\/\" target=\"_blank\" rel=\"noopener\">nyugalmat<\/a> \u00e9s term\u00e9szetk\u00f6zeli \u00e9letet k\u00edn\u00e1l. Az ut\u00f3bbi id\u0151ben azonban egyre t\u00f6bben \u2013 p\u00e9ld\u00e1ul t\u00e1vmunk\u00e1ban dolgoz\u00f3k \u2013 v\u00e1lasztj\u00e1k ezt az \u00e9letform\u00e1t, ami rem\u00e9nyt ad a telep\u00fcl\u00e9sek meg\u00fajul\u00e1s\u00e1ra.<\/p>\n<p>A k\u00f6vetkez\u0151 l\u00e9p\u00e9s a p\u00e1ly\u00e1zatok elb\u00edr\u00e1l\u00e1sa, amely ut\u00e1n kider\u00fcl, kik v\u00e1llalj\u00e1k az ingatlanok fel\u00faj\u00edt\u00e1s\u00e1t \u00e9s a helyi k\u00f6z\u00f6ss\u00e9gek \u00fajra\u00e9leszt\u00e9s\u00e9t. A kezdem\u00e9nyez\u00e9s sikere hossz\u00fa t\u00e1von azon m\u00falik, hogy siker\u00fcl-e tart\u00f3san visszacs\u00e1b\u00edtani az embereket ezekbe a hegyvid\u00e9ki t\u00e9rs\u00e9gekbe.<\/p>\n<p><a href=\"https:\/\/www.hna.de\/welt\/fuer-euro-in-den-kleinen-dolomiten-zu-verkaufen-haeuser-und-ein-hotel-zr-94270006.html#google_vignette\" target=\"_blank\" target=\"_blank\" rel=\"noopener\">via<\/a><\/p>\n<div class=\"o-widget m-readMoreWidget -readMore u-shortDecorLineAfter row widget-container _ce_measure_widget bigdata-widget read-more\" data-ce-measure-widget=\"olvass tov\u00e1bb\">\n\t<div class=\"m-readMoreWidget__imgWrapper image-wrapper col-12 col-md-4 no-p\">\n\t\t<a class=\"m-readMoreWidget__imgLink\" href=\"https:\/\/www.startlap.hu\/utazas\/mount-everest-biztositasi-csalas-mergezes\/\" >\n\t\t\t<img decoding=\"async\" src=\"https:\/\/www.startlap.hu\/utazas\/uploads\/sites\/3\/2026\/04\/mount-everest-350x285.jpg\" class=\"m-readMoreWidget__img\">\n\t\t<\/a>\n\t<\/div>\n\t<div class=\"m-readMoreWidget__titleWrapper title-wrapper col-12 col-md-8\">\n\t\t<span class=\"m-readMoreWidget__titleLabel u-shortDecorLineBefore label hidden-sm-up\">Ez is \u00e9rdekelhet:<\/span>\n\t\t<h3 class=\"m-readMoreWidget__title title\">\n\t\t\t<a class=\"m-readMoreWidget__titleLink -secondFont u-bold u-upperCase\" href=\"https:\/\/www.startlap.hu\/utazas\/mount-everest-biztositasi-csalas-mergezes\/\" >Idegenvezet\u0151k m\u00e9rgezt\u00e9k meg a turist\u00e1kat az Everesten, hogy biztos\u00edt\u00e1si p\u00e9nzeket kapjanak<\/a>\n\t\t<\/h3>\n\t\t<a class=\"m-readMoreWidget__btn -coloredBack u-tC link\" href=\"https:\/\/www.startlap.hu\/utazas\/mount-everest-biztositasi-csalas-mergezes\/\" >Elolvasom<\/a>\n\t<\/div>\n<\/div>\n","protected":false},"excerpt":{"rendered":"<p>K\u00fcl\u00f6nlegesen sz\u00e9p k\u00f6rnyezetben ny\u00edlt lehet\u0151s\u00e9g egy eur\u00f3ba ker\u00fcl\u0151, fel\u00faj\u00edt\u00e1sra szorul\u00f3 ingatlanok megv\u00e1s\u00e1rl\u00e1s\u00e1ba: v\u00e1r a Dolomitok hegyvid\u00e9ke!<\/p>\n","protected":false},"author":63,"featured_media":106351,"comment_status":"closed","ping_status":"closed","sticky":false,"template":"","format":"standard","meta":{"footnotes":""},"categories":[70],"tags":[3597,5325,1357,15],"class_list":["post-106350","post","type-post","status-publish","format-standard","has-post-thumbnail","hentry","category-vilag","tag-dolomitok","tag-egy-euros-haz","tag-felujitas","tag-olaszorszag"],"aioseo_notices":[],"_links":{"self":[{"href":"https:\/\/www.startlap.hu\/utazas\/wp-json\/wp\/v2\/posts\/106350","targetHints":{"allow":["GET"]}}],"collection":[{"href":"https:\/\/www.startlap.hu\/utazas\/wp-json\/wp\/v2\/posts"}],"about":[{"href":"https:\/\/www.startlap.hu\/utazas\/wp-json\/wp\/v2\/types\/post"}],"author":[{"embeddable":true,"href":"https:\/\/www.startlap.hu\/utazas\/wp-json\/wp\/v2\/users\/63"}],"replies":[{"embeddable":true,"href":"https:\/\/www.startlap.hu\/utazas\/wp-json\/wp\/v2\/comments?post=106350"}],"version-history":[{"count":1,"href":"https:\/\/www.startlap.hu\/utazas\/wp-json\/wp\/v2\/posts\/106350\/revisions"}],"predecessor-version":[{"id":106352,"href":"https:\/\/www.startlap.hu\/utazas\/wp-json\/wp\/v2\/posts\/106350\/revisions\/106352"}],"wp:featuredmedia":[{"embeddable":true,"href":"https:\/\/www.startlap.hu\/utazas\/wp-json\/wp\/v2\/media\/106351"}],"wp:attachment":[{"href":"https:\/\/www.startlap.hu\/utazas\/wp-json\/wp\/v2\/media?parent=106350"}],"wp:term":[{"taxonomy":"category","embeddable":true,"href":"https:\/\/www.startlap.hu\/utazas\/wp-json\/wp\/v2\/categories?post=106350"},{"taxonomy":"post_tag","embeddable":true,"href":"https:\/\/www.startlap.hu\/utazas\/wp-json\/wp\/v2\/tags?post=106350"}],"curies":[{"name":"wp","href":"https:\/\/api.w.org\/{rel}","templated":true}]}}