{"id":106244,"date":"2026-04-25T08:03:49","date_gmt":"2026-04-25T06:03:49","guid":{"rendered":"https:\/\/www.startlap.hu\/utazas\/?p=106244"},"modified":"2026-04-22T13:48:04","modified_gmt":"2026-04-22T11:48:04","slug":"nem-puszta-udvariassag-ezert-koszonnek-fedelzetre-szallaskor-a-legiutas-kiserok","status":"publish","type":"post","link":"https:\/\/www.startlap.hu\/utazas\/nem-puszta-udvariassag-ezert-koszonnek-fedelzetre-szallaskor-a-legiutas-kiserok\/","title":{"rendered":"Nem puszta udvariass\u00e1g: ez\u00e9rt k\u00f6sz\u00f6nnek fed\u00e9lzetre sz\u00e1ll\u00e1skor a l\u00e9giutas-k\u00eds\u00e9r\u0151k"},"content":{"rendered":"<p>Sok utas sz\u00e1m\u00e1ra kellemes \u00e9lm\u00e9ny, amikor a besz\u00e1ll\u00e1sn\u00e1l mosolyogva k\u00f6sz\u00f6ntik a <a href=\"https:\/\/www.startlap.hu\/utazas\/legiutas-kiserok-bmi-tulsuly\/\" target=\"_blank\" rel=\"noopener\">l\u00e9giutas-k\u00eds\u00e9r\u0151k<\/a>. Ez a bar\u00e1ts\u00e1gos \u00fcdv\u00f6zlet azonban nem csup\u00e1n udvariass\u00e1gi gesztus: a h\u00e1tt\u00e9rben fontos biztons\u00e1gi funkci\u00f3ja van.<\/p>\n<div class=\"o-widget m-readMoreWidget -readMore u-shortDecorLineAfter row widget-container _ce_measure_widget bigdata-widget read-more\" data-ce-measure-widget=\"olvass tov\u00e1bb\">\n\t<div class=\"m-readMoreWidget__imgWrapper image-wrapper col-12 col-md-4 no-p\">\n\t\t<a class=\"m-readMoreWidget__imgLink\" href=\"https:\/\/www.startlap.hu\/utazas\/mount-everest-biztositasi-csalas-mergezes\/\" >\n\t\t\t<img decoding=\"async\" src=\"https:\/\/www.startlap.hu\/utazas\/uploads\/sites\/3\/2026\/04\/mount-everest-350x285.jpg\" class=\"m-readMoreWidget__img\">\n\t\t<\/a>\n\t<\/div>\n\t<div class=\"m-readMoreWidget__titleWrapper title-wrapper col-12 col-md-8\">\n\t\t<span class=\"m-readMoreWidget__titleLabel u-shortDecorLineBefore label hidden-sm-up\">Ez is \u00e9rdekelhet:<\/span>\n\t\t<h3 class=\"m-readMoreWidget__title title\">\n\t\t\t<a class=\"m-readMoreWidget__titleLink -secondFont u-bold u-upperCase\" href=\"https:\/\/www.startlap.hu\/utazas\/mount-everest-biztositasi-csalas-mergezes\/\" >Idegenvezet\u0151k m\u00e9rgezt\u00e9k meg a turist\u00e1kat az Everesten, hogy biztos\u00edt\u00e1si p\u00e9nzeket kapjanak<\/a>\n\t\t<\/h3>\n\t\t<a class=\"m-readMoreWidget__btn -coloredBack u-tC link\" href=\"https:\/\/www.startlap.hu\/utazas\/mount-everest-biztositasi-csalas-mergezes\/\" >Elolvasom<\/a>\n\t<\/div>\n<\/div>\n<h2>Keresik a probl\u00e9m\u00e1s utasokat<\/h2>\n<p>A magyar\u00e1zatot egy l\u00e9giutas-k\u00eds\u00e9r\u0151, <strong>Rania<\/strong> osztotta meg: elmond\u00e1sa szerint <strong>a szem\u00e9lyzet m\u00e1r az els\u0151 tal\u00e1lkoz\u00e1skor figyeli az utasokat<\/strong>, \u00e9s a k\u00f6sz\u00f6n\u00e9s k\u00f6zben felm\u00e9ri az \u00e1llapotukat. A c\u00e9l az, hogy<\/p>\n<blockquote class=\"article__extraTxt\"><p>kisz\u0171rj\u00e9k azokat, akik p\u00e9ld\u00e1ul t\u00fal ittasak, betegek, vagy viselked\u00e9s\u00fck alapj\u00e1n probl\u00e9m\u00e1t okozhatnak a fed\u00e9lzeten.<\/p><\/blockquote>\n<p>Ez az\u00e9rt k\u00fcl\u00f6n\u00f6sen fontos, mert a felsz\u00e1ll\u00e1s ut\u00e1n m\u00e1r nincs lehet\u0151s\u00e9g az <a href=\"https:\/\/www.startlap.hu\/utazas\/ryanair-turistak-szabalyok-birsag\/\" target=\"_blank\" rel=\"noopener\">utasok<\/a> lesz\u00e1ll\u00edt\u00e1s\u00e1ra. Egy agressz\u00edv, hangoskod\u00f3 vagy rosszull\u00e9ttel k\u00fczd\u0151 utas komoly kellemetlens\u00e9get, s\u0151t vesz\u00e9lyt is jelenthet a t\u00f6bbiek sz\u00e1m\u00e1ra, k\u00fcl\u00f6n\u00f6sen hosszabb j\u00e1ratokon. A besz\u00e1ll\u00e1skor v\u00e9gzett sz\u0171r\u00e9s \u00edgy a rep\u00fcl\u00e9s biztons\u00e1g\u00e1nak egyik els\u0151 l\u00e9p\u00e9se.<\/p>\n<figure id=\"attachment_106245\" aria-describedby=\"caption-attachment-106245\" style=\"width: 755px\" class=\"wp-caption alignnone\"><a href=\"https:\/\/www.startlap.hu\/utazas\/uploads\/sites\/3\/2026\/04\/legiutas-kisero-scaled.jpg\"><img loading=\"lazy\" decoding=\"async\" class=\"size-article-size-large-image wp-image-106245\" src=\"https:\/\/www.startlap.hu\/utazas\/uploads\/sites\/3\/2026\/04\/legiutas-kisero-755x503.jpg\" alt=\"Mosolyg\u00f3 l\u00e9giutas-k\u00eds\u00e9r\u0151k figyelik a fed\u00e9lzetre sz\u00e1ll\u00f3 utasokat.\" width=\"755\" height=\"503\" srcset=\"https:\/\/www.startlap.hu\/utazas\/uploads\/sites\/3\/2026\/04\/legiutas-kisero-755x503.jpg 755w, https:\/\/www.startlap.hu\/utazas\/uploads\/sites\/3\/2026\/04\/legiutas-kisero-1536x1024.jpg 1536w, https:\/\/www.startlap.hu\/utazas\/uploads\/sites\/3\/2026\/04\/legiutas-kisero-2048x1365.jpg 2048w, https:\/\/www.startlap.hu\/utazas\/uploads\/sites\/3\/2026\/04\/legiutas-kisero-525x350.jpg 525w\" sizes=\"auto, (max-width: 755px) 100vw, 755px\" \/><\/a><figcaption id=\"caption-attachment-106245\" class=\"wp-caption-text\">A l\u00e9giutas-k\u00eds\u00e9r\u0151k a k\u00f6sz\u00f6n\u00e9s sor\u00e1n m\u00e9rik fel az utasok \u00e1llapot\u00e1t. Fot\u00f3: Getty Images<\/figcaption><\/figure>\n<p>A k\u00f6sz\u00f6n\u00e9s m\u00f6g\u00f6tt azonban egy m\u00e1sik c\u00e9l is megh\u00faz\u00f3dik:<\/p>\n<blockquote class=\"article__extraTxt\"><p>a szem\u00e9lyzet ilyenkor azt is figyeli, kik azok az utasok, akik sz\u00fcks\u00e9g eset\u00e9n seg\u00edthetnek egy v\u00e9szhelyzetben.<\/p><\/blockquote>\n<p>El\u0151nyt jelent p\u00e9ld\u00e1ul, ha valaki<strong> j\u00f3 fizikai \u00e1llapotban van, besz\u00e9l angolul, \u00e9s k\u00e9pes lehet egy\u00fcttm\u0171k\u00f6dni a szem\u00e9lyzettel, p\u00e9ld\u00e1ul egy v\u00e9szkij\u00e1rat haszn\u00e1latakor.<\/strong><\/p>\n<h2>Nem atombiztos m\u00f3dszer<\/h2>\n<p>B\u00e1r ez a m\u00f3dszer hat\u00e9kony, nem t\u00f6k\u00e9letes: <strong>egyes utasok k\u00e9pesek elrejteni val\u00f3di \u00e1llapotukat<\/strong>, \u00e9s eleinte norm\u00e1lisan viselkedve feljutni a g\u00e9pre. Ennek ellen\u00e9re a l\u00e9giutas-k\u00eds\u00e9r\u0151k sz\u00e1m\u00e1ra ez az els\u0151 \u00e9s egyik legfontosabb lehet\u0151s\u00e9g arra, hogy megel\u0151zz\u00e9k a probl\u00e9m\u00e1kat.<\/p>\n<p>\u00d6sszess\u00e9g\u00e9ben teh\u00e1t a besz\u00e1ll\u00e1skor elhangz\u00f3 k\u00f6sz\u00f6n\u00e9s nemcsak kedvess\u00e9g, hanem tudatos megfigyel\u00e9s is: a szem\u00e9lyzet egyszerre teremti meg a bar\u00e1ts\u00e1gos hangulatot \u00e9s v\u00e9gzi el a rep\u00fcl\u00e9s <a href=\"https:\/\/www.startlap.hu\/utazas\/legszennyezettseg-india-loni-top\/\" target=\"_blank\" rel=\"noopener\">biztons\u00e1g\u00e1hoz<\/a> sz\u00fcks\u00e9ges els\u0151 ellen\u0151rz\u00e9st.<\/p>\n<p><a href=\"https:\/\/www.mariefrance.fr\/actualite\/societe\/vacances-2026-ce-nest-pas-par-politesse-pourquoi-hotesses-de-lair-disent-bonjour-quand-prenez-avion-1033496.html\" target=\"_blank\" target=\"_blank\" rel=\"noopener\">via<\/a><\/p>\n<div class=\"o-widget m-readMoreWidget -readMore u-shortDecorLineAfter row widget-container _ce_measure_widget bigdata-widget read-more\" data-ce-measure-widget=\"olvass tov\u00e1bb\">\n\t<div class=\"m-readMoreWidget__imgWrapper image-wrapper col-12 col-md-4 no-p\">\n\t\t<a class=\"m-readMoreWidget__imgLink\" href=\"https:\/\/www.startlap.hu\/utazas\/citadella-kilatas-latnivalok-kiallitas-fotok\/\" >\n\t\t\t<img decoding=\"async\" src=\"https:\/\/www.startlap.hu\/utazas\/uploads\/sites\/3\/2026\/04\/citadella5-350x285.jpg\" class=\"m-readMoreWidget__img\">\n\t\t<\/a>\n\t<\/div>\n\t<div class=\"m-readMoreWidget__titleWrapper title-wrapper col-12 col-md-8\">\n\t\t<span class=\"m-readMoreWidget__titleLabel u-shortDecorLineBefore label hidden-sm-up\">Ez is \u00e9rdekelhet:<\/span>\n\t\t<h3 class=\"m-readMoreWidget__title title\">\n\t\t\t<a class=\"m-readMoreWidget__titleLink -secondFont u-bold u-upperCase\" href=\"https:\/\/www.startlap.hu\/utazas\/citadella-kilatas-latnivalok-kiallitas-fotok\/\" >Megn\u00e9zt\u00fck a Citadell\u00e1t: m\u00e1r az elej\u00e9n v\u00e1ratlan dolog t\u00f6rt\u00e9nt, de a panor\u00e1ma leny\u0171g\u00f6z\u0151<\/a>\n\t\t<\/h3>\n\t\t<a class=\"m-readMoreWidget__btn -coloredBack u-tC link\" href=\"https:\/\/www.startlap.hu\/utazas\/citadella-kilatas-latnivalok-kiallitas-fotok\/\" >Elolvasom<\/a>\n\t<\/div>\n<\/div>\n","protected":false},"excerpt":{"rendered":"<p>B\u00e1r j\u00f3 hangulatot teremt, nem ez az egyetlen c\u00e9lja a l\u00e9giutas-k\u00eds\u00e9r\u0151k bar\u00e1ts\u00e1gos k\u00f6sz\u00f6nt\u00e9s\u00e9nek a fed\u00e9lzeten: ezeket figyelik ilyenkor az utasokon!<\/p>\n","protected":false},"author":63,"featured_media":106245,"comment_status":"closed","ping_status":"closed","sticky":false,"template":"","format":"standard","meta":{"footnotes":""},"categories":[70],"tags":[504,2872,204,2981],"class_list":["post-106244","post","type-post","status-publish","format-standard","has-post-thumbnail","hentry","category-vilag","tag-erdekesseg","tag-legiutas-kisero","tag-repules","tag-utas"],"aioseo_notices":[],"_links":{"self":[{"href":"https:\/\/www.startlap.hu\/utazas\/wp-json\/wp\/v2\/posts\/106244","targetHints":{"allow":["GET"]}}],"collection":[{"href":"https:\/\/www.startlap.hu\/utazas\/wp-json\/wp\/v2\/posts"}],"about":[{"href":"https:\/\/www.startlap.hu\/utazas\/wp-json\/wp\/v2\/types\/post"}],"author":[{"embeddable":true,"href":"https:\/\/www.startlap.hu\/utazas\/wp-json\/wp\/v2\/users\/63"}],"replies":[{"embeddable":true,"href":"https:\/\/www.startlap.hu\/utazas\/wp-json\/wp\/v2\/comments?post=106244"}],"version-history":[{"count":2,"href":"https:\/\/www.startlap.hu\/utazas\/wp-json\/wp\/v2\/posts\/106244\/revisions"}],"predecessor-version":[{"id":106247,"href":"https:\/\/www.startlap.hu\/utazas\/wp-json\/wp\/v2\/posts\/106244\/revisions\/106247"}],"wp:featuredmedia":[{"embeddable":true,"href":"https:\/\/www.startlap.hu\/utazas\/wp-json\/wp\/v2\/media\/106245"}],"wp:attachment":[{"href":"https:\/\/www.startlap.hu\/utazas\/wp-json\/wp\/v2\/media?parent=106244"}],"wp:term":[{"taxonomy":"category","embeddable":true,"href":"https:\/\/www.startlap.hu\/utazas\/wp-json\/wp\/v2\/categories?post=106244"},{"taxonomy":"post_tag","embeddable":true,"href":"https:\/\/www.startlap.hu\/utazas\/wp-json\/wp\/v2\/tags?post=106244"}],"curies":[{"name":"wp","href":"https:\/\/api.w.org\/{rel}","templated":true}]}}