{"id":10610,"date":"2020-05-11T18:01:16","date_gmt":"2020-05-11T16:01:16","guid":{"rendered":"https:\/\/www.startlap.hu\/utazas\/?p=10610"},"modified":"2020-05-12T08:04:21","modified_gmt":"2020-05-12T06:04:21","slug":"ismet-nyitva-koln-gyongyszeme","status":"publish","type":"post","link":"https:\/\/www.startlap.hu\/utazas\/ismet-nyitva-koln-gyongyszeme\/","title":{"rendered":"Ism\u00e9t nyitva K\u00f6ln gy\u00f6ngyszeme"},"content":{"rendered":"<p>Miut\u00e1n a h\u00f3nap eleje \u00f3ta \u00fajra tartanak ott istentiszteleteket, l\u00e9p\u00e9sr\u0151l l\u00e9p\u00e9sre egyre t\u00f6bb ember l\u00e1togathatja meg a sz\u00e9kesegyh\u00e1zat bizonyos szab\u00e1lyok betart\u00e1sa mellett &#8211; mondta h\u00e9tf\u0151n az int\u00e9zm\u00e9ny egyik sz\u00f3viv\u0151je.<\/p>\n<h2>Csak egy\u00e9nileg lehet l\u00e1togatni, t\u00e1rlatvezet\u00e9st m\u00e9g nem v\u00e1llalnak<\/h2>\n<p>Egyszerre legfeljebb 200-an tart\u00f3zkodhatnak a templomban \u00e9s mindenkinek k\u00f6telez\u0151 a sz\u00e1jmaszk visel\u00e9se. A l\u00e1togat\u00f3k csak egy kijel\u00f6lt \u00fatvonalon tekinthetik meg az \u00e9p\u00fcletet.<\/p>\n<figure id=\"attachment_10613\" aria-describedby=\"caption-attachment-10613\" style=\"width: 755px\" class=\"wp-caption alignnone\"><img loading=\"lazy\" decoding=\"async\" class=\"size-article-size-large-image wp-image-10613\" src=\"https:\/\/www.startlap.hu\/utazas\/uploads\/sites\/3\/2020\/05\/kolni_dom_belulrol-755x501.jpg\" alt=\"\" width=\"755\" height=\"501\" srcset=\"https:\/\/www.startlap.hu\/utazas\/uploads\/sites\/3\/2020\/05\/kolni_dom_belulrol-755x501.jpg 755w, https:\/\/www.startlap.hu\/utazas\/uploads\/sites\/3\/2020\/05\/kolni_dom_belulrol-250x165.jpg 250w, https:\/\/www.startlap.hu\/utazas\/uploads\/sites\/3\/2020\/05\/kolni_dom_belulrol-527x350.jpg 527w, https:\/\/www.startlap.hu\/utazas\/uploads\/sites\/3\/2020\/05\/kolni_dom_belulrol.jpg 800w\" sizes=\"auto, (max-width: 755px) 100vw, 755px\" \/><figcaption id=\"caption-attachment-10613\" class=\"wp-caption-text\">A k\u00f6lni d\u00f3m, a vil\u00e1g harmadik legmagasabb temploma (Fot\u00f3: Sch\u00f6ning\/ullstein bild via Getty Images)<\/figcaption><\/figure>\n<p>A vezetett d\u00f3ml\u00e1togat\u00e1sok tov\u00e1bbra sem lehets\u00e9gesek \u00e9s a d\u00e9li toronyba sem lehet felmenni. \u00c9p\u00edt\u00e9si munk\u00e1latok miatt emellett a h\u00e1romkir\u00e1lyok ereklyetart\u00f3ja k\u00f6r\u00fcli ter\u00fclet is le van z\u00e1rva.<\/p>\n<p>M\u00e1rcius 15. \u00f3ta csak csendes im\u00e1dkoz\u00e1s miatt lehetett bel\u00e9pni a k\u00f6lni d\u00f3mba. Norm\u00e1l esetben naponta \u00e1tlagosan 16-20 ezer ember keresi fel a katedr\u00e1list, amely N\u00e9metorsz\u00e1g egyik legl\u00e1togatottabb temploma.<\/p>\n","protected":false},"excerpt":{"rendered":"<p>Nyolc h\u00e9t ut\u00e1n \u00fajra megnyitott\u00e1k a turist\u00e1k el\u0151tt a k\u00f6lni d\u00f3mot.<\/p>\n","protected":false},"author":36,"featured_media":10611,"comment_status":"open","ping_status":"open","sticky":false,"template":"","format":"standard","meta":{"footnotes":""},"categories":[70],"tags":[1896,1874],"class_list":["post-10610","post","type-post","status-publish","format-standard","has-post-thumbnail","hentry","category-vilag","tag-kolni-dom","tag-nyitas"],"aioseo_notices":[],"_links":{"self":[{"href":"https:\/\/www.startlap.hu\/utazas\/wp-json\/wp\/v2\/posts\/10610","targetHints":{"allow":["GET"]}}],"collection":[{"href":"https:\/\/www.startlap.hu\/utazas\/wp-json\/wp\/v2\/posts"}],"about":[{"href":"https:\/\/www.startlap.hu\/utazas\/wp-json\/wp\/v2\/types\/post"}],"author":[{"embeddable":true,"href":"https:\/\/www.startlap.hu\/utazas\/wp-json\/wp\/v2\/users\/36"}],"replies":[{"embeddable":true,"href":"https:\/\/www.startlap.hu\/utazas\/wp-json\/wp\/v2\/comments?post=10610"}],"version-history":[{"count":3,"href":"https:\/\/www.startlap.hu\/utazas\/wp-json\/wp\/v2\/posts\/10610\/revisions"}],"predecessor-version":[{"id":10615,"href":"https:\/\/www.startlap.hu\/utazas\/wp-json\/wp\/v2\/posts\/10610\/revisions\/10615"}],"wp:featuredmedia":[{"embeddable":true,"href":"https:\/\/www.startlap.hu\/utazas\/wp-json\/wp\/v2\/media\/10611"}],"wp:attachment":[{"href":"https:\/\/www.startlap.hu\/utazas\/wp-json\/wp\/v2\/media?parent=10610"}],"wp:term":[{"taxonomy":"category","embeddable":true,"href":"https:\/\/www.startlap.hu\/utazas\/wp-json\/wp\/v2\/categories?post=10610"},{"taxonomy":"post_tag","embeddable":true,"href":"https:\/\/www.startlap.hu\/utazas\/wp-json\/wp\/v2\/tags?post=10610"}],"curies":[{"name":"wp","href":"https:\/\/api.w.org\/{rel}","templated":true}]}}