{"id":104507,"date":"2026-03-16T19:03:59","date_gmt":"2026-03-16T18:03:59","guid":{"rendered":"https:\/\/www.startlap.hu\/utazas\/?p=104507"},"modified":"2026-03-16T13:04:09","modified_gmt":"2026-03-16T12:04:09","slug":"nemetorszag-bodensee-ordog-szikla","status":"publish","type":"post","link":"https:\/\/www.startlap.hu\/utazas\/nemetorszag-bodensee-ordog-szikla\/","title":{"rendered":"Ebben a n\u00e9met t\u00f3ban valami \u00f6rd\u00f6gi lapul a v\u00edz alatt"},"content":{"rendered":"<p>A <a href=\"https:\/\/www.startlap.hu\/utazas\/nemetorszag-sziget-tudosok-baltitenger\/\" target=\"_blank\" rel=\"noopener\">n\u00e9metorsz\u00e1gi<\/a> Bodensee m\u00e9ly\u00e9n egy k\u00fcl\u00f6n\u00f6s, balj\u00f3s nev\u0171 szikla rejt\u0151zik: a Teufelstisch, vagyis az \u201e\u00d6rd\u00f6g asztala\u201d. A k\u00fcl\u00f6nleges k\u00e9pz\u0151dm\u00e9ny az \u00dcberlinger See ter\u00fclet\u00e9n tal\u00e1lhat\u00f3, amely a t\u00f3 \u00e9szaknyugati r\u00e9sze, az \u00fagynevezett Obersee egyik szeglete.<\/p>\n<div class=\"o-widget m-readMoreWidget -readMore u-shortDecorLineAfter row widget-container _ce_measure_widget bigdata-widget read-more\" data-ce-measure-widget=\"olvass tov\u00e1bb\">\n\t<div class=\"m-readMoreWidget__imgWrapper image-wrapper col-12 col-md-4 no-p\">\n\t\t<a class=\"m-readMoreWidget__imgLink\" href=\"https:\/\/www.startlap.hu\/utazas\/ryanair-tiltas-forro-ital\/\" >\n\t\t\t<img decoding=\"async\" src=\"https:\/\/www.startlap.hu\/utazas\/uploads\/sites\/3\/2026\/02\/ryanair-felszallo-utasok-350x285.jpg\" class=\"m-readMoreWidget__img\">\n\t\t<\/a>\n\t<\/div>\n\t<div class=\"m-readMoreWidget__titleWrapper title-wrapper col-12 col-md-8\">\n\t\t<span class=\"m-readMoreWidget__titleLabel u-shortDecorLineBefore label hidden-sm-up\">Ez is \u00e9rdekelhet:<\/span>\n\t\t<h3 class=\"m-readMoreWidget__title title\">\n\t\t\t<a class=\"m-readMoreWidget__titleLink -secondFont u-bold u-upperCase\" href=\"https:\/\/www.startlap.hu\/utazas\/ryanair-tiltas-forro-ital\/\" >Mostant\u00f3l nem engednek fel a Ryanair-g\u00e9pekre, ha ez van n\u00e1lad &#8211; sokakn\u00e1l kicsaphatja a biztos\u00edt\u00e9kot az \u00fajabb korl\u00e1toz\u00e1s<\/a>\n\t\t<\/h3>\n\t\t<a class=\"m-readMoreWidget__btn -coloredBack u-tC link\" href=\"https:\/\/www.startlap.hu\/utazas\/ryanair-tiltas-forro-ital\/\" >Elolvasom<\/a>\n\t<\/div>\n<\/div>\n<p>A s\u00f6t\u00e9t hangulat\u00fa elnevez\u00e9s m\u00f6g\u00f6tt val\u00f3j\u00e1ban egy ritka geol\u00f3giai form\u00e1ci\u00f3 \u00e1ll: egy a v\u00edz alatt megb\u00fav\u00f3 sziklaplat\u00f3, amely els\u0151 pillant\u00e1sra tal\u00e1n jelent\u00e9ktelennek t\u0171nik, m\u00e9gis a Bodensee egyik legk\u00fcl\u00f6nlegesebb l\u00e1tv\u00e1nyoss\u00e1ga.<\/p>\n<blockquote class=\"article__extraTxt\"><p>A szikla k\u00f6r\u00fclbel\u00fcl 50 m\u00e9terre emelkedik ki a partt\u00f3l, teljes fel\u00fclete mintegy 160 n\u00e9gyzetm\u00e9ter.<\/p><\/blockquote>\n<p>A tetej\u00e9n tal\u00e1lhat\u00f3 plat\u00f3 k\u00f6r\u00fclbel\u00fcl 22 \u00d7 10 m\u00e9teres. A v\u00edz\u00e1ll\u00e1st\u00f3l f\u00fcgg\u0151en a felsz\u00edne \u00e1ltal\u00e1ban 1,5 m\u00e9terrel a v\u00edz alatt h\u00faz\u00f3dik, magas v\u00edz\u00e1ll\u00e1sn\u00e1l ak\u00e1r h\u00e1rom m\u00e9ter m\u00e9lyen is lehet. <strong>Alacsony v\u00edzszint eset\u00e9n azonban a szikla cs\u00facsa ki is bukkanhat a felsz\u00edn f\u00f6l\u00e9.<\/strong><\/p>\n<figure id=\"attachment_104509\" aria-describedby=\"caption-attachment-104509\" style=\"width: 755px\" class=\"wp-caption alignnone\"><img loading=\"lazy\" decoding=\"async\" class=\"size-article-size-large-image wp-image-104509\" src=\"https:\/\/www.startlap.hu\/utazas\/uploads\/sites\/3\/2026\/03\/GettyImages-540695751-755x492.jpg\" alt=\"N\u00e9met kisv\u00e1ros t\u00f3val\" width=\"755\" height=\"492\" srcset=\"https:\/\/www.startlap.hu\/utazas\/uploads\/sites\/3\/2026\/03\/GettyImages-540695751-755x492.jpg 755w, https:\/\/www.startlap.hu\/utazas\/uploads\/sites\/3\/2026\/03\/GettyImages-540695751-537x350.jpg 537w, https:\/\/www.startlap.hu\/utazas\/uploads\/sites\/3\/2026\/03\/GettyImages-540695751.jpg 1024w\" sizes=\"auto, (max-width: 755px) 100vw, 755px\" \/><figcaption id=\"caption-attachment-104509\" class=\"wp-caption-text\">Els\u0151 pillant\u00e1sra b\u00e9k\u00e9snek t\u0171nik a Bodensee felsz\u00edne, pedig a v\u00edz alatt egy k\u00fcl\u00f6n\u00f6s sziklak\u00e9pz\u0151dm\u00e9ny, az \u201e\u00d6rd\u00f6g asztala\u201d rejt\u0151zik.<br \/>Fot\u00f3: Getty Images<\/figcaption><\/figure>\n<h2>90 m\u00e9ter m\u00e9lybe zuhan\u00f3 sziklafal<\/h2>\n<p>A szikla t\u00f3 fel\u0151li oldala szinte f\u00fcgg\u0151legesen szakad le a m\u00e9lybe, eg\u00e9szen 90 m\u00e9teres m\u00e9lys\u00e9gig. B\u00e1r ez nem sz\u00e1m\u00edt rekordnak a Bodensee-n\u00e9l, hiszen&nbsp; a t\u00f3 legm\u00e9lyebb pontja 251 m\u00e9ter, a form\u00e1ci\u00f3 \u00edgy is komoly vesz\u00e9lyeket rejt. De honnan ered az \u201e\u00d6rd\u00f6g asztala\u201d elnevez\u00e9s? Sandra Domogalla, Bodman-Ludwigshafen telep\u00fcl\u00e9s munkat\u00e1rsa a TRAVELBOOK k\u00e9rd\u00e9s\u00e9re elmondta: a n\u00e9v egyr\u00e9szt a szikla form\u00e1j\u00e1ra, m\u00e1sr\u00e9szt a k\u00f6rny\u00e9k vesz\u00e9lyeire utal.<\/p>\n<p>A k\u00e9pz\u0151dm\u00e9ny ugyanis szinte t\u0171k\u00e9nt emelkedik ki a t\u00f3 fenek\u00e9b\u0151l, majd k\u00f6zvetlen\u00fcl a v\u00edzfelsz\u00edn alatt egy lapos, asztalszer\u0171 plat\u00f3ban v\u00e9gz\u0151dik. A felsz\u00edn gyakran z\u00f6ldes \u00e1rnyalatban csillog, alacsony v\u00edz\u00e1ll\u00e1sn\u00e1l pedig teljes eg\u00e9sz\u00e9ben kibukkan a v\u00edzb\u0151l, mintha egy hatalmas asztalt helyeztek volna a t\u00f3 k\u00f6zep\u00e9re.<\/p>\n<p><blockquote class=\"instagram-media\" data-instgrm-permalink=\"https:\/\/www.instagram.com\/p\/C700acLIKsf\/?utm_source=ig_embed&utm_campaign=loading\" data-instgrm-version=\"14\" style=\" background:#FFF; border:0; border-radius:3px; box-shadow:0 0 1px 0 rgba(0,0,0,0.5),0 1px 10px 0 rgba(0,0,0,0.15); margin: 1px; max-width:658px; min-width:326px; padding:0; width:99.375%; width:-webkit-calc(100% - 2px); width:calc(100% - 2px);\"><div style=\"padding:16px;\"> <a href=\"https:\/\/www.instagram.com\/p\/C700acLIKsf\/?utm_source=ig_embed&utm_campaign=loading\" style=\" background:#FFFFFF; line-height:0; padding:0 0; text-align:center; text-decoration:none; width:100%;\" target=\"_blank\"> <div style=\" display: flex; flex-direction: row; align-items: center;\"> <div style=\"background-color: #F4F4F4; border-radius: 50%; flex-grow: 0; height: 40px; margin-right: 14px; width: 40px;\"><\/div> <div style=\"display: flex; flex-direction: column; flex-grow: 1; justify-content: center;\"> <div style=\" background-color: #F4F4F4; border-radius: 4px; flex-grow: 0; height: 14px; margin-bottom: 6px; width: 100px;\"><\/div> <div style=\" background-color: #F4F4F4; border-radius: 4px; flex-grow: 0; height: 14px; width: 60px;\"><\/div><\/div><\/div><div style=\"padding: 19% 0;\"><\/div> <div style=\"display:block; height:50px; margin:0 auto 12px; width:50px;\"><svg width=\"50px\" height=\"50px\" viewBox=\"0 0 60 60\" version=\"1.1\" xmlns=\"https:\/\/www.w3.org\/2000\/svg\" xmlns:xlink=\"https:\/\/www.w3.org\/1999\/xlink\"><g stroke=\"none\" stroke-width=\"1\" fill=\"none\" fill-rule=\"evenodd\"><g transform=\"translate(-511.000000, -20.000000)\" fill=\"#000000\"><g><path d=\"M556.869,30.41 C554.814,30.41 553.148,32.076 553.148,34.131 C553.148,36.186 554.814,37.852 556.869,37.852 C558.924,37.852 560.59,36.186 560.59,34.131 C560.59,32.076 558.924,30.41 556.869,30.41 M541,60.657 C535.114,60.657 530.342,55.887 530.342,50 C530.342,44.114 535.114,39.342 541,39.342 C546.887,39.342 551.658,44.114 551.658,50 C551.658,55.887 546.887,60.657 541,60.657 M541,33.886 C532.1,33.886 524.886,41.1 524.886,50 C524.886,58.899 532.1,66.113 541,66.113 C549.9,66.113 557.115,58.899 557.115,50 C557.115,41.1 549.9,33.886 541,33.886 M565.378,62.101 C565.244,65.022 564.756,66.606 564.346,67.663 C563.803,69.06 563.154,70.057 562.106,71.106 C561.058,72.155 560.06,72.803 558.662,73.347 C557.607,73.757 556.021,74.244 553.102,74.378 C549.944,74.521 548.997,74.552 541,74.552 C533.003,74.552 532.056,74.521 528.898,74.378 C525.979,74.244 524.393,73.757 523.338,73.347 C521.94,72.803 520.942,72.155 519.894,71.106 C518.846,70.057 518.197,69.06 517.654,67.663 C517.244,66.606 516.755,65.022 516.623,62.101 C516.479,58.943 516.448,57.996 516.448,50 C516.448,42.003 516.479,41.056 516.623,37.899 C516.755,34.978 517.244,33.391 517.654,32.338 C518.197,30.938 518.846,29.942 519.894,28.894 C520.942,27.846 521.94,27.196 523.338,26.654 C524.393,26.244 525.979,25.756 528.898,25.623 C532.057,25.479 533.004,25.448 541,25.448 C548.997,25.448 549.943,25.479 553.102,25.623 C556.021,25.756 557.607,26.244 558.662,26.654 C560.06,27.196 561.058,27.846 562.106,28.894 C563.154,29.942 563.803,30.938 564.346,32.338 C564.756,33.391 565.244,34.978 565.378,37.899 C565.522,41.056 565.552,42.003 565.552,50 C565.552,57.996 565.522,58.943 565.378,62.101 M570.82,37.631 C570.674,34.438 570.167,32.258 569.425,30.349 C568.659,28.377 567.633,26.702 565.965,25.035 C564.297,23.368 562.623,22.342 560.652,21.575 C558.743,20.834 556.562,20.326 553.369,20.18 C550.169,20.033 549.148,20 541,20 C532.853,20 531.831,20.033 528.631,20.18 C525.438,20.326 523.257,20.834 521.349,21.575 C519.376,22.342 517.703,23.368 516.035,25.035 C514.368,26.702 513.342,28.377 512.574,30.349 C511.834,32.258 511.326,34.438 511.181,37.631 C511.035,40.831 511,41.851 511,50 C511,58.147 511.035,59.17 511.181,62.369 C511.326,65.562 511.834,67.743 512.574,69.651 C513.342,71.625 514.368,73.296 516.035,74.965 C517.703,76.634 519.376,77.658 521.349,78.425 C523.257,79.167 525.438,79.673 528.631,79.82 C531.831,79.965 532.853,80.001 541,80.001 C549.148,80.001 550.169,79.965 553.369,79.82 C556.562,79.673 558.743,79.167 560.652,78.425 C562.623,77.658 564.297,76.634 565.965,74.965 C567.633,73.296 568.659,71.625 569.425,69.651 C570.167,67.743 570.674,65.562 570.82,62.369 C570.966,59.17 571,58.147 571,50 C571,41.851 570.966,40.831 570.82,37.631\"><\/path><\/g><\/g><\/g><\/svg><\/div><div style=\"padding-top: 8px;\"> <div style=\" color:#3897f0; font-family:Arial,sans-serif; font-size:14px; font-style:normal; font-weight:550; line-height:18px;\">View this post on Instagram<\/div><\/div><div style=\"padding: 12.5% 0;\"><\/div> <div style=\"display: flex; flex-direction: row; margin-bottom: 14px; align-items: center;\"><div> <div style=\"background-color: #F4F4F4; border-radius: 50%; height: 12.5px; width: 12.5px; transform: translateX(0px) translateY(7px);\"><\/div> <div style=\"background-color: #F4F4F4; height: 12.5px; transform: rotate(-45deg) translateX(3px) translateY(1px); width: 12.5px; flex-grow: 0; margin-right: 14px; margin-left: 2px;\"><\/div> <div style=\"background-color: #F4F4F4; border-radius: 50%; height: 12.5px; width: 12.5px; transform: translateX(9px) translateY(-18px);\"><\/div><\/div><div style=\"margin-left: 8px;\"> <div style=\" background-color: #F4F4F4; border-radius: 50%; flex-grow: 0; height: 20px; width: 20px;\"><\/div> <div style=\" width: 0; height: 0; border-top: 2px solid transparent; border-left: 6px solid #f4f4f4; border-bottom: 2px solid transparent; transform: translateX(16px) translateY(-4px) rotate(30deg)\"><\/div><\/div><div style=\"margin-left: auto;\"> <div style=\" width: 0px; border-top: 8px solid #F4F4F4; border-right: 8px solid transparent; transform: translateY(16px);\"><\/div> <div style=\" background-color: #F4F4F4; flex-grow: 0; height: 12px; width: 16px; transform: translateY(-4px);\"><\/div> <div style=\" width: 0; height: 0; border-top: 8px solid #F4F4F4; border-left: 8px solid transparent; transform: translateY(-4px) translateX(8px);\"><\/div><\/div><\/div> <div style=\"display: flex; flex-direction: column; flex-grow: 1; justify-content: center; margin-bottom: 24px;\"> <div style=\" background-color: #F4F4F4; border-radius: 4px; flex-grow: 0; height: 14px; margin-bottom: 6px; width: 224px;\"><\/div> <div style=\" background-color: #F4F4F4; border-radius: 4px; flex-grow: 0; height: 14px; width: 144px;\"><\/div><\/div><\/a><\/div><\/blockquote>\n<script async onerror=\"var a=document.createElement('script');a.src='https:\/\/iframely.net\/files\/instagram_embed.js';document.body.appendChild(a);\" src=\"https:\/\/www.instagram.com\/embed.js\"><\/script><\/p>\n<p>Az \u201e\u00f6rd\u00f6gi\u201d jelz\u0151 azonban nem a l\u00e1tv\u00e1nyra, hanem a vesz\u00e9lyre utal. Domogalla szerint a ter\u00fclet h\u00edrhedt a rendk\u00edv\u00fcl rossz l\u00e1t\u00e1si viszonyokr\u00f3l, ez\u00e9rt a b\u00fav\u00e1rok k\u00f6r\u00e9ben a Bodensee egyik legvesz\u00e9lyesebb mer\u00fcl\u0151hely\u00e9nek sz\u00e1m\u00edt. <strong>A Teufelstischn\u00e9l tilos a b\u00fav\u00e1rkod\u00e1s.<\/strong> A tilt\u00e1st 1994-ben vezett\u00e9k be, miut\u00e1n az el\u0151z\u0151 \u00e9vtizedekben t\u00f6bb hal\u00e1los baleset t\u00f6rt\u00e9nt a k\u00f6rny\u00e9ken. Csak k\u00fcl\u00f6n enged\u00e9llyel, megfelel\u0151 k\u00e9pes\u00edt\u00e9s \u00e9s tapasztalat eset\u00e9n lehet mer\u00fclni a ter\u00fcleten.<\/p>\n<h2>Az \u00fasz\u00e1s sem biztons\u00e1gos<\/h2>\n<p>A szikla k\u00f6rny\u00e9k\u00e9n nincs \u00fasz\u00e1si tilalom, ennek ellen\u00e9re a helyi szakemberek \u00f3vatoss\u00e1gra intenek. Domogalla szerint a Teufelstischn\u00e9l nincs sek\u00e9ly partszakasz vagy olyan r\u00e9sz, ahol meg lehetne \u00e1llni, \u00edgy a v\u00edzbe ereszked\u00e9s \u00f6nmag\u00e1ban is kock\u00e1zatos. A helysz\u00edn r\u00e1ad\u00e1sul az \u00dcberlinger See egyik sz\u0171k \u00e1tj\u00e1r\u00f3j\u00e1ban tal\u00e1lhat\u00f3, ahol gyakran kisz\u00e1m\u00edthatatlan \u00e1ramlatok alakulnak ki. Emellett a k\u00f6rny\u00e9ken rendszeresen k\u00f6zlekednek haj\u00f3k, ami az \u00fasz\u00f3k sz\u00e1m\u00e1ra ak\u00e1r \u00e9letvesz\u00e9lyes helyzeteket is teremthet.<\/p>\n<p>Az \u201e\u00d6rd\u00f6g asztala\u201d \u00edgy egyszerre k\u00fcl\u00f6nleges term\u00e9szeti k\u00e9pz\u0151dm\u00e9ny \u00e9s figyelmeztet\u00e9s, hogy a tavak m\u00e9lye n\u00e9ha j\u00f3val vesz\u00e9lyesebb, mint amilyennek els\u0151 pillant\u00e1sra t\u0171nik.<\/p>\n<p><a href=\"https:\/\/www.bild.de\/leben-wissen\/reisen\/was-es-mit-dem-teufelstisch-im-bodensee-auf-sich-hat-69a17a787c787f6a1cef0c83\" target=\"_blank\" target=\"_blank\" rel=\"noopener\">via<\/a><\/p>\n<div class=\"o-widget m-readMoreWidget -readMore u-shortDecorLineAfter row widget-container _ce_measure_widget bigdata-widget read-more\" data-ce-measure-widget=\"olvass tov\u00e1bb\">\n\t<div class=\"m-readMoreWidget__imgWrapper image-wrapper col-12 col-md-4 no-p\">\n\t\t<a class=\"m-readMoreWidget__imgLink\" href=\"https:\/\/www.startlap.hu\/utazas\/tulertekelt-latvanyossagok-koppenhaga-parizs-izland\/\" >\n\t\t\t<img decoding=\"async\" src=\"https:\/\/www.startlap.hu\/utazas\/uploads\/sites\/3\/2026\/03\/timesquare_11zon-350x285.jpg\" class=\"m-readMoreWidget__img\">\n\t\t<\/a>\n\t<\/div>\n\t<div class=\"m-readMoreWidget__titleWrapper title-wrapper col-12 col-md-8\">\n\t\t<span class=\"m-readMoreWidget__titleLabel u-shortDecorLineBefore label hidden-sm-up\">Ez is \u00e9rdekelhet:<\/span>\n\t\t<h3 class=\"m-readMoreWidget__title title\">\n\t\t\t<a class=\"m-readMoreWidget__titleLink -secondFont u-bold u-upperCase\" href=\"https:\/\/www.startlap.hu\/utazas\/tulertekelt-latvanyossagok-koppenhaga-parizs-izland\/\" >Bakancslist\u00e1s csal\u00f3d\u00e1sok: k\u00e9peken a vil\u00e1g 9 legink\u00e1bb t\u00fal\u00e9rt\u00e9kelt l\u00e1tv\u00e1nyoss\u00e1ga<\/a>\n\t\t<\/h3>\n\t\t<a class=\"m-readMoreWidget__btn -coloredBack u-tC link\" href=\"https:\/\/www.startlap.hu\/utazas\/tulertekelt-latvanyossagok-koppenhaga-parizs-izland\/\" >Elolvasom<\/a>\n\t<\/div>\n<\/div>\n","protected":false},"excerpt":{"rendered":"<p>A Bodensee m\u00e9ly\u00e9n egy k\u00fcl\u00f6n\u00f6s sziklak\u00e9pz\u0151dm\u00e9ny b\u00fajik meg, amit az \u201e\u00d6rd\u00f6g asztal\u00e1nak\u201d neveznek. A Teufelstisch egyszerre geol\u00f3giai kuri\u00f3zum \u00e9s vesz\u00e9lyes hely.<\/p>\n","protected":false},"author":64,"featured_media":104509,"comment_status":"closed","ping_status":"closed","sticky":false,"template":"","format":"standard","meta":{"footnotes":""},"categories":[70],"tags":[281,193,9321],"class_list":["post-104507","post","type-post","status-publish","format-standard","has-post-thumbnail","hentry","category-vilag","tag-legenda","tag-nemetorszag","tag-szikla"],"aioseo_notices":[],"_links":{"self":[{"href":"https:\/\/www.startlap.hu\/utazas\/wp-json\/wp\/v2\/posts\/104507","targetHints":{"allow":["GET"]}}],"collection":[{"href":"https:\/\/www.startlap.hu\/utazas\/wp-json\/wp\/v2\/posts"}],"about":[{"href":"https:\/\/www.startlap.hu\/utazas\/wp-json\/wp\/v2\/types\/post"}],"author":[{"embeddable":true,"href":"https:\/\/www.startlap.hu\/utazas\/wp-json\/wp\/v2\/users\/64"}],"replies":[{"embeddable":true,"href":"https:\/\/www.startlap.hu\/utazas\/wp-json\/wp\/v2\/comments?post=104507"}],"version-history":[{"count":2,"href":"https:\/\/www.startlap.hu\/utazas\/wp-json\/wp\/v2\/posts\/104507\/revisions"}],"predecessor-version":[{"id":104510,"href":"https:\/\/www.startlap.hu\/utazas\/wp-json\/wp\/v2\/posts\/104507\/revisions\/104510"}],"wp:featuredmedia":[{"embeddable":true,"href":"https:\/\/www.startlap.hu\/utazas\/wp-json\/wp\/v2\/media\/104509"}],"wp:attachment":[{"href":"https:\/\/www.startlap.hu\/utazas\/wp-json\/wp\/v2\/media?parent=104507"}],"wp:term":[{"taxonomy":"category","embeddable":true,"href":"https:\/\/www.startlap.hu\/utazas\/wp-json\/wp\/v2\/categories?post=104507"},{"taxonomy":"post_tag","embeddable":true,"href":"https:\/\/www.startlap.hu\/utazas\/wp-json\/wp\/v2\/tags?post=104507"}],"curies":[{"name":"wp","href":"https:\/\/api.w.org\/{rel}","templated":true}]}}