{"id":104497,"date":"2026-03-15T13:33:49","date_gmt":"2026-03-15T12:33:49","guid":{"rendered":"https:\/\/www.startlap.hu\/utazas\/?p=104497"},"modified":"2026-03-15T12:33:38","modified_gmt":"2026-03-15T11:33:38","slug":"horvatorszag-host-sziget-vilagitotorony-szallas","status":"publish","type":"post","link":"https:\/\/www.startlap.hu\/utazas\/horvatorszag-host-sziget-vilagitotorony-szallas\/","title":{"rendered":"Ezt a szigetet Horv\u00e1torsz\u00e1g legjobban \u0151rz\u00f6tt titk\u00e1nak nevezik: van rajta egy vil\u00e1g\u00edt\u00f3torony, ahol elt\u00f6lthetsz egy \u00e9jszak\u00e1t"},"content":{"rendered":"<p>Turist\u00e1k t\u00f6megei keresik fel az <strong><a href=\"https:\/\/www.startlap.hu\/utazas\/horvatorszag-bermuda-haromszog-jabuka\/\" target=\"_blank\" rel=\"noopener\">Adri\u00e1t<\/a><\/strong> ny\u00e1ron, a gazdag szigetvil\u00e1gban azonban olyan helyek is megb\u00fajnak, amikr\u0151l kevesen hallottak. Ezek k\u00f6z\u00e9 tartozik a <strong>lakatlan Host szigetecske<\/strong> is, ami a visi kik\u00f6t\u0151 bej\u00e1rat\u00e1n\u00e1l emelkedik ki a tengerb\u0151l, \u00e9s \u00e9vsz\u00e1zadok \u00f3ta mintha k\u0151b\u0151l faragott \u0151rk\u00e9nt vigy\u00e1zna a haj\u00f3kra \u00e9s a tenger\u00e9szekre.<\/p>\n\n\t<div id=\"cegPostCnt_1\" class=\"o-cegPostCnt -inContent\" data-title=\"Ezt a szigetet Horv\u00e1torsz\u00e1g legjobban \u0151rz\u00f6tt titk\u00e1nak nevezik: van rajta egy vil\u00e1g\u00edt\u00f3torony, ahol elt\u00f6lthetsz egy \u00e9jszak\u00e1t\">\n\t\t<a class=\"o-cegPostCnt__opener m-cegOpener _ce_measure_widget _ce_measure_link\" data-ce-measure-widget=\"gallery-open\"\n   href=\"?gallery=1\/1\/host-sziget-adria5-scaled\">\n\t<img decoding=\"async\" src=\"https:\/\/www.startlap.hu\/utazas\/uploads\/sites\/3\/2026\/03\/host-sziget-adria5-scaled.jpg\" class=\"m-cegOpener__image\" alt=\"Host szigete a horv\u00e1torsz\u00e1gi Vis k\u00f6zel\u00e9ben.\" sizes=\"(max-width: 991px) 100vw, (max-width: 1039px) 66vw, 684px\" srcset=\"https:\/\/www.startlap.hu\/utazas\/uploads\/sites\/3\/2026\/03\/host-sziget-adria5-scaled.jpg 2560w, https:\/\/www.startlap.hu\/utazas\/uploads\/sites\/3\/2026\/03\/host-sziget-adria5-1536x1024.jpg 1536w, https:\/\/www.startlap.hu\/utazas\/uploads\/sites\/3\/2026\/03\/host-sziget-adria5-2048x1365.jpg 2048w, https:\/\/www.startlap.hu\/utazas\/uploads\/sites\/3\/2026\/03\/host-sziget-adria5-755x503.jpg 755w, https:\/\/www.startlap.hu\/utazas\/uploads\/sites\/3\/2026\/03\/host-sziget-adria5-525x350.jpg 525w\" \/>\t<div class=\"m-cegOpener__btn\"><i class=\"far fa-clone\"><\/i><\/div>\n<\/a>\n<div class=\"o-cegPostCnt__layer m-cegLayer _ce_measure_widget\" data-ce-measure-widget=\"gallery-layer\" style=\"display: none\">\n\t<div class=\"m-cegLayer__top m-cegHeader _ce_measure_widget\" data-ce-measure-widget=\"gallery-header\">\n\t\t\t\t\t<span class=\"m-cegHeader__logo\"><span class=\"a-cegLogo\"><\/span><\/span>\n\t\t\t\t<div class=\"m-cegHeader__imgCnt\">\n\t\t\t<img decoding=\"async\" src=\"https:\/\/www.startlap.hu\/utazas\/uploads\/sites\/3\/2026\/03\/host-sziget-adria5-scaled.jpg\" class=\"m-cegHeader__imgOpener\" alt=\"Host szigete a horv\u00e1torsz\u00e1gi Vis k\u00f6zel\u00e9ben.\" \/>\t\t<\/div>\n\t\t<h2 class=\"m-cegHeader__title a-cegGalleryTitle\"><i class=\"fa fa-angle-left\"><\/i>Ezt a szigetet Horv\u00e1torsz\u00e1g legjobban \u0151rz\u00f6tt titk\u00e1nak nevezik: van rajta egy vil\u00e1g\u00edt\u00f3torony, ahol elt\u00f6lthetsz egy \u00e9jszak\u00e1t<\/h2>\n\t\t<div class=\"m-cegHeader__pagination a-cegPagination\"><\/div>\n\t\t<div class=\"m-cegHeader__closeBtn close-button nlc-icon-close _ce_measure_link _ce_measure_widget\" data-ce-measure-widget=\"gallery-close-btn\"><i class=\"fa fa-times\" aria-hidden=\"true\"><\/i><\/div>\n\t<\/div>\n\t<div class=\"m-cegLayer__screen\">\n\t\t<div class=\"m-cegLayer__carousel m-cegCarousel\">\n\t\t\t\t\t\t\t\n\t\t\t\t<div\n\t\t\t\t\tclass=\"m-cegCarousel__item\"\n\t\t\t\t\tdata-type=\"image\"\n\t\t\t\t\tdata-id=\"1\/1\/host-sziget-adria5-scaled\"\n\t\t\t\t\tdata-image-url=\"https:\/\/www.startlap.hu\/utazas\/uploads\/sites\/3\/2026\/03\/host-sziget-adria5-scaled.jpg\"\n\t\t\t\t\tdata-title=\"host-sziget-adria5\"\n\t\t\t\t\tdata-desc=\"Host szigete a horv\u00e1torsz\u00e1gi Vis k\u00f6zel\u00e9ben. Fot\u00f3: Getty Images\">\n\n\t\t\t\t\t<!-- image -->\n\t\t\t\t\t<div class=\"m-cegCarousel__floatingCnt\">\n\t\t\t\t\t\t<img decoding=\"async\" src=\"https:\/\/www.startlap.hu\/utazas\/uploads\/sites\/3\/2026\/03\/host-sziget-adria5-scaled.jpg\" class=\"m-cegCarousel__image\" alt=\"Host szigete a horv\u00e1torsz\u00e1gi Vis k\u00f6zel\u00e9ben.\" \/>\t\t\t\t\t\t<span class=\"fa m-cegCarousel__zoom _ce_measure_link _ce_measure_widget\" data-ce-measure-widget=\"gallery-zoom-btn\"><\/span>\n\t\t\t\t\t<\/div>\n\n\t\t\t\t\t<!-- thumb icon \/ counter, caption  -->\n\t\t\t\t\t<div class=\"m-cegCarousel__captionCnt m-cegCaption\">\n\t\t\t\t\t\t<span class=\"m-cegCaption__thumbIcon a-cegThumbIcon _ce_measure_widget _ce_measure_link\"\n\t\t\t\t\t\t\t  data-ce-measure-widget=\"thumbnails-btn\"\n\t\t\t\t\t\t\t  data-ce-measure-widget=\"gallery-thumbnails\"><i class=\" fa fa-th-large\"><\/i><\/span>\n\t\t\t\t\t\t<span class=\"m-cegCaption__pagination a-cegPagination\">\n\t\t\t\t\t\t\t<span class=\"a-cegPagination__current\">1<\/span>\/6\t\t\t\t\t\t<\/span>\n\t\t\t\t\t\t<span class=\"m-cegCaption__caption\">host-sziget-adria5<\/span>\n\t\t\t\t\t<\/div>\n\n\t\t\t\t\t<!-- Image description -->\n\t\t\t\t\t<div class=\"m-cegCarousel__desc a-cegDesc\">Host szigete a horv\u00e1torsz\u00e1gi Vis k\u00f6zel\u00e9ben. Fot\u00f3: Getty Images<\/div>\n\n\t\t\t\t\t<!-- Image social share icons -->\n\t\t\t\t\t<div class=\"m-cegCarousel__socialCnt m-cegSocial\">\n\t\t\t\t\t\t<span class=\"m-cegSocial__text\">Fot\u00f3 megoszt\u00e1sa:<\/span><span class=\"m-cegSocial__iconWrap\"><span class=\"m-cegSocial__icon -facebook _ce_measure_link _ce_measure_widget\" data-ce-measure-widget=\"facebookGallery-btn\"><i class=\"fab fa-facebook-f\"><\/i><\/span><span class=\"m-cegSocial__icon -pinterest _ce_measure_link _ce_measure_widget\" data-ce-measure-widget=\"printeresGallery-btn\"><i class=\"fab fa-pinterest-p\"><\/i><\/span><span class=\"m-cegSocial__icon -email _ce_measure_link _ce_measure_widget\" data-ce-measure-widget=\"emailGallery-btn\"><i class=\"far fa-envelope\"><\/i><\/span><span class=\"m-cegSocial__icon -clipboard _ce_measure_link _ce_measure_widget\" data-ce-measure-widget=\"clipboardGallery-btn\"><i class=\"fa fa-link\"><\/i><\/span><\/span>\t\t\t\t\t<\/div>\n\t\t\t\t<\/div>\n\t\t\t\t\t\t\t\n\t\t\t\t<div\n\t\t\t\t\tclass=\"m-cegCarousel__item\"\n\t\t\t\t\tdata-type=\"image\"\n\t\t\t\t\tdata-id=\"1\/2\/host-sziget-adria-scaled\"\n\t\t\t\t\tdata-image-url=\"https:\/\/www.startlap.hu\/utazas\/uploads\/sites\/3\/2026\/03\/host-sziget-adria-scaled.jpg\"\n\t\t\t\t\tdata-title=\"host-sziget-adria\"\n\t\t\t\t\tdata-desc=\"Host szigete a horv\u00e1torsz\u00e1gi Vis k\u00f6zel\u00e9ben. Fot\u00f3: Getty Images\">\n\n\t\t\t\t\t<!-- image -->\n\t\t\t\t\t<div class=\"m-cegCarousel__floatingCnt\">\n\t\t\t\t\t\t<img decoding=\"async\" src=\"https:\/\/www.startlap.hu\/utazas\/uploads\/sites\/3\/2026\/03\/host-sziget-adria-scaled.jpg\" class=\"m-cegCarousel__image\" alt=\"Host szigete a horv\u00e1torsz\u00e1gi Vis k\u00f6zel\u00e9ben.\" \/>\t\t\t\t\t\t<span class=\"fa m-cegCarousel__zoom _ce_measure_link _ce_measure_widget\" data-ce-measure-widget=\"gallery-zoom-btn\"><\/span>\n\t\t\t\t\t<\/div>\n\n\t\t\t\t\t<!-- thumb icon \/ counter, caption  -->\n\t\t\t\t\t<div class=\"m-cegCarousel__captionCnt m-cegCaption\">\n\t\t\t\t\t\t<span class=\"m-cegCaption__thumbIcon a-cegThumbIcon _ce_measure_widget _ce_measure_link\"\n\t\t\t\t\t\t\t  data-ce-measure-widget=\"thumbnails-btn\"\n\t\t\t\t\t\t\t  data-ce-measure-widget=\"gallery-thumbnails\"><i class=\" fa fa-th-large\"><\/i><\/span>\n\t\t\t\t\t\t<span class=\"m-cegCaption__pagination a-cegPagination\">\n\t\t\t\t\t\t\t<span class=\"a-cegPagination__current\">2<\/span>\/6\t\t\t\t\t\t<\/span>\n\t\t\t\t\t\t<span class=\"m-cegCaption__caption\">host-sziget-adria<\/span>\n\t\t\t\t\t<\/div>\n\n\t\t\t\t\t<!-- Image description -->\n\t\t\t\t\t<div class=\"m-cegCarousel__desc a-cegDesc\">Host szigete a horv\u00e1torsz\u00e1gi Vis k\u00f6zel\u00e9ben. Fot\u00f3: Getty Images<\/div>\n\n\t\t\t\t\t<!-- Image social share icons -->\n\t\t\t\t\t<div class=\"m-cegCarousel__socialCnt m-cegSocial\">\n\t\t\t\t\t\t<span class=\"m-cegSocial__text\">Fot\u00f3 megoszt\u00e1sa:<\/span><span class=\"m-cegSocial__iconWrap\"><span class=\"m-cegSocial__icon -facebook _ce_measure_link _ce_measure_widget\" data-ce-measure-widget=\"facebookGallery-btn\"><i class=\"fab fa-facebook-f\"><\/i><\/span><span class=\"m-cegSocial__icon -pinterest _ce_measure_link _ce_measure_widget\" data-ce-measure-widget=\"printeresGallery-btn\"><i class=\"fab fa-pinterest-p\"><\/i><\/span><span class=\"m-cegSocial__icon -email _ce_measure_link _ce_measure_widget\" data-ce-measure-widget=\"emailGallery-btn\"><i class=\"far fa-envelope\"><\/i><\/span><span class=\"m-cegSocial__icon -clipboard _ce_measure_link _ce_measure_widget\" data-ce-measure-widget=\"clipboardGallery-btn\"><i class=\"fa fa-link\"><\/i><\/span><\/span>\t\t\t\t\t<\/div>\n\t\t\t\t<\/div>\n\t\t\t\t\t\t\t\n\t\t\t\t<div\n\t\t\t\t\tclass=\"m-cegCarousel__item\"\n\t\t\t\t\tdata-type=\"image\"\n\t\t\t\t\tdata-id=\"1\/3\/host-sziget-adria2\"\n\t\t\t\t\tdata-image-url=\"https:\/\/www.startlap.hu\/utazas\/uploads\/sites\/3\/2026\/03\/host-sziget-adria2.jpg\"\n\t\t\t\t\tdata-title=\"host-sziget-adria2\"\n\t\t\t\t\tdata-desc=\"Host szigete a horv\u00e1torsz\u00e1gi Vis k\u00f6zel\u00e9ben. Fot\u00f3: Tomasz Dutkiewicz\/Getty Images\">\n\n\t\t\t\t\t<!-- image -->\n\t\t\t\t\t<div class=\"m-cegCarousel__floatingCnt\">\n\t\t\t\t\t\t<img decoding=\"async\" src=\"https:\/\/www.startlap.hu\/utazas\/uploads\/sites\/3\/2026\/03\/host-sziget-adria2.jpg\" class=\"m-cegCarousel__image\" alt=\"Host szigete a horv\u00e1torsz\u00e1gi Vis k\u00f6zel\u00e9ben.\" \/>\t\t\t\t\t\t<span class=\"fa m-cegCarousel__zoom _ce_measure_link _ce_measure_widget\" data-ce-measure-widget=\"gallery-zoom-btn\"><\/span>\n\t\t\t\t\t<\/div>\n\n\t\t\t\t\t<!-- thumb icon \/ counter, caption  -->\n\t\t\t\t\t<div class=\"m-cegCarousel__captionCnt m-cegCaption\">\n\t\t\t\t\t\t<span class=\"m-cegCaption__thumbIcon a-cegThumbIcon _ce_measure_widget _ce_measure_link\"\n\t\t\t\t\t\t\t  data-ce-measure-widget=\"thumbnails-btn\"\n\t\t\t\t\t\t\t  data-ce-measure-widget=\"gallery-thumbnails\"><i class=\" fa fa-th-large\"><\/i><\/span>\n\t\t\t\t\t\t<span class=\"m-cegCaption__pagination a-cegPagination\">\n\t\t\t\t\t\t\t<span class=\"a-cegPagination__current\">3<\/span>\/6\t\t\t\t\t\t<\/span>\n\t\t\t\t\t\t<span class=\"m-cegCaption__caption\">host-sziget-adria2<\/span>\n\t\t\t\t\t<\/div>\n\n\t\t\t\t\t<!-- Image description -->\n\t\t\t\t\t<div class=\"m-cegCarousel__desc a-cegDesc\">Host szigete a horv\u00e1torsz\u00e1gi Vis k\u00f6zel\u00e9ben. Fot\u00f3: Tomasz Dutkiewicz\/Getty Images<\/div>\n\n\t\t\t\t\t<!-- Image social share icons -->\n\t\t\t\t\t<div class=\"m-cegCarousel__socialCnt m-cegSocial\">\n\t\t\t\t\t\t<span class=\"m-cegSocial__text\">Fot\u00f3 megoszt\u00e1sa:<\/span><span class=\"m-cegSocial__iconWrap\"><span class=\"m-cegSocial__icon -facebook _ce_measure_link _ce_measure_widget\" data-ce-measure-widget=\"facebookGallery-btn\"><i class=\"fab fa-facebook-f\"><\/i><\/span><span class=\"m-cegSocial__icon -pinterest _ce_measure_link _ce_measure_widget\" data-ce-measure-widget=\"printeresGallery-btn\"><i class=\"fab fa-pinterest-p\"><\/i><\/span><span class=\"m-cegSocial__icon -email _ce_measure_link _ce_measure_widget\" data-ce-measure-widget=\"emailGallery-btn\"><i class=\"far fa-envelope\"><\/i><\/span><span class=\"m-cegSocial__icon -clipboard _ce_measure_link _ce_measure_widget\" data-ce-measure-widget=\"clipboardGallery-btn\"><i class=\"fa fa-link\"><\/i><\/span><\/span>\t\t\t\t\t<\/div>\n\t\t\t\t<\/div>\n\t\t\t\t\t\t\t\t\t\t\t\t<div\n\t\t\t\t\t\tclass=\"m-cegCarousel__item -banner\"\n\t\t\t\t\t\tdata-type=\"banner\"\n\t\t\t\t\t\tdata-id=\"1\/4\/banner\"\n\t\t\t\t\t\tdata-image-url=\"\"\n\t\t\t\t\t\tdata-title=\"\"\n\t\t\t\t\t\tdata-desc=\"\">\n\n\t\t\t\t\t\t<div class=\"m-cegCarousel__floatingCnt banner-container gallery-content010\"><\/div>\n\n\t\t\t\t\t<\/div>\n\t\t\t\t\t\t\t\t\t\n\t\t\t\t<div\n\t\t\t\t\tclass=\"m-cegCarousel__item\"\n\t\t\t\t\tdata-type=\"image\"\n\t\t\t\t\tdata-id=\"1\/5\/host-sziget-adria3\"\n\t\t\t\t\tdata-image-url=\"https:\/\/www.startlap.hu\/utazas\/uploads\/sites\/3\/2026\/03\/host-sziget-adria3.jpg\"\n\t\t\t\t\tdata-title=\"host-sziget-adria3\"\n\t\t\t\t\tdata-desc=\"Host szigete a horv\u00e1torsz\u00e1gi Vis k\u00f6zel\u00e9ben. Fot\u00f3: Tomasz Dutkiewicz\/Getty Images\">\n\n\t\t\t\t\t<!-- image -->\n\t\t\t\t\t<div class=\"m-cegCarousel__floatingCnt\">\n\t\t\t\t\t\t<img decoding=\"async\" src=\"https:\/\/www.startlap.hu\/utazas\/uploads\/sites\/3\/2026\/03\/host-sziget-adria3.jpg\" class=\"m-cegCarousel__image\" alt=\"Host szigete a horv\u00e1torsz\u00e1gi Vis k\u00f6zel\u00e9ben.\" \/>\t\t\t\t\t\t<span class=\"fa m-cegCarousel__zoom _ce_measure_link _ce_measure_widget\" data-ce-measure-widget=\"gallery-zoom-btn\"><\/span>\n\t\t\t\t\t<\/div>\n\n\t\t\t\t\t<!-- thumb icon \/ counter, caption  -->\n\t\t\t\t\t<div class=\"m-cegCarousel__captionCnt m-cegCaption\">\n\t\t\t\t\t\t<span class=\"m-cegCaption__thumbIcon a-cegThumbIcon _ce_measure_widget _ce_measure_link\"\n\t\t\t\t\t\t\t  data-ce-measure-widget=\"thumbnails-btn\"\n\t\t\t\t\t\t\t  data-ce-measure-widget=\"gallery-thumbnails\"><i class=\" fa fa-th-large\"><\/i><\/span>\n\t\t\t\t\t\t<span class=\"m-cegCaption__pagination a-cegPagination\">\n\t\t\t\t\t\t\t<span class=\"a-cegPagination__current\">5<\/span>\/6\t\t\t\t\t\t<\/span>\n\t\t\t\t\t\t<span class=\"m-cegCaption__caption\">host-sziget-adria3<\/span>\n\t\t\t\t\t<\/div>\n\n\t\t\t\t\t<!-- Image description -->\n\t\t\t\t\t<div class=\"m-cegCarousel__desc a-cegDesc\">Host szigete a horv\u00e1torsz\u00e1gi Vis k\u00f6zel\u00e9ben. Fot\u00f3: Tomasz Dutkiewicz\/Getty Images<\/div>\n\n\t\t\t\t\t<!-- Image social share icons -->\n\t\t\t\t\t<div class=\"m-cegCarousel__socialCnt m-cegSocial\">\n\t\t\t\t\t\t<span class=\"m-cegSocial__text\">Fot\u00f3 megoszt\u00e1sa:<\/span><span class=\"m-cegSocial__iconWrap\"><span class=\"m-cegSocial__icon -facebook _ce_measure_link _ce_measure_widget\" data-ce-measure-widget=\"facebookGallery-btn\"><i class=\"fab fa-facebook-f\"><\/i><\/span><span class=\"m-cegSocial__icon -pinterest _ce_measure_link _ce_measure_widget\" data-ce-measure-widget=\"printeresGallery-btn\"><i class=\"fab fa-pinterest-p\"><\/i><\/span><span class=\"m-cegSocial__icon -email _ce_measure_link _ce_measure_widget\" data-ce-measure-widget=\"emailGallery-btn\"><i class=\"far fa-envelope\"><\/i><\/span><span class=\"m-cegSocial__icon -clipboard _ce_measure_link _ce_measure_widget\" data-ce-measure-widget=\"clipboardGallery-btn\"><i class=\"fa fa-link\"><\/i><\/span><\/span>\t\t\t\t\t<\/div>\n\t\t\t\t<\/div>\n\t\t\t\t\t\t\t\n\t\t\t\t<div\n\t\t\t\t\tclass=\"m-cegCarousel__item\"\n\t\t\t\t\tdata-type=\"image\"\n\t\t\t\t\tdata-id=\"1\/6\/host-sziget-adria4-scaled\"\n\t\t\t\t\tdata-image-url=\"https:\/\/www.startlap.hu\/utazas\/uploads\/sites\/3\/2026\/03\/host-sziget-adria4-scaled.jpg\"\n\t\t\t\t\tdata-title=\"host-sziget-adria4\"\n\t\t\t\t\tdata-desc=\"Host szigete a horv\u00e1torsz\u00e1gi Vis k\u00f6zel\u00e9ben. Fot\u00f3: Getty Images\">\n\n\t\t\t\t\t<!-- image -->\n\t\t\t\t\t<div class=\"m-cegCarousel__floatingCnt\">\n\t\t\t\t\t\t<img decoding=\"async\" src=\"https:\/\/www.startlap.hu\/utazas\/uploads\/sites\/3\/2026\/03\/host-sziget-adria4-scaled.jpg\" class=\"m-cegCarousel__image\" alt=\"Host szigete a horv\u00e1torsz\u00e1gi Vis k\u00f6zel\u00e9ben.\" \/>\t\t\t\t\t\t<span class=\"fa m-cegCarousel__zoom _ce_measure_link _ce_measure_widget\" data-ce-measure-widget=\"gallery-zoom-btn\"><\/span>\n\t\t\t\t\t<\/div>\n\n\t\t\t\t\t<!-- thumb icon \/ counter, caption  -->\n\t\t\t\t\t<div class=\"m-cegCarousel__captionCnt m-cegCaption\">\n\t\t\t\t\t\t<span class=\"m-cegCaption__thumbIcon a-cegThumbIcon _ce_measure_widget _ce_measure_link\"\n\t\t\t\t\t\t\t  data-ce-measure-widget=\"thumbnails-btn\"\n\t\t\t\t\t\t\t  data-ce-measure-widget=\"gallery-thumbnails\"><i class=\" fa fa-th-large\"><\/i><\/span>\n\t\t\t\t\t\t<span class=\"m-cegCaption__pagination a-cegPagination\">\n\t\t\t\t\t\t\t<span class=\"a-cegPagination__current\">6<\/span>\/6\t\t\t\t\t\t<\/span>\n\t\t\t\t\t\t<span class=\"m-cegCaption__caption\">host-sziget-adria4<\/span>\n\t\t\t\t\t<\/div>\n\n\t\t\t\t\t<!-- Image description -->\n\t\t\t\t\t<div class=\"m-cegCarousel__desc a-cegDesc\">Host szigete a horv\u00e1torsz\u00e1gi Vis k\u00f6zel\u00e9ben. Fot\u00f3: Getty Images<\/div>\n\n\t\t\t\t\t<!-- Image social share icons -->\n\t\t\t\t\t<div class=\"m-cegCarousel__socialCnt m-cegSocial\">\n\t\t\t\t\t\t<span class=\"m-cegSocial__text\">Fot\u00f3 megoszt\u00e1sa:<\/span><span class=\"m-cegSocial__iconWrap\"><span class=\"m-cegSocial__icon -facebook _ce_measure_link _ce_measure_widget\" data-ce-measure-widget=\"facebookGallery-btn\"><i class=\"fab fa-facebook-f\"><\/i><\/span><span class=\"m-cegSocial__icon -pinterest _ce_measure_link _ce_measure_widget\" data-ce-measure-widget=\"printeresGallery-btn\"><i class=\"fab fa-pinterest-p\"><\/i><\/span><span class=\"m-cegSocial__icon -email _ce_measure_link _ce_measure_widget\" data-ce-measure-widget=\"emailGallery-btn\"><i class=\"far fa-envelope\"><\/i><\/span><span class=\"m-cegSocial__icon -clipboard _ce_measure_link _ce_measure_widget\" data-ce-measure-widget=\"clipboardGallery-btn\"><i class=\"fa fa-link\"><\/i><\/span><\/span>\t\t\t\t\t<\/div>\n\t\t\t\t<\/div>\n\t\t\t\t\t\t\t\t<\/div>\n\t\t<div class=\"m-cegLayer__thumbnails m-cegThumbList _ce_measure_widget\" data-ce-measure-widget=\"gallery-thumb-list\">\n\t\t\t\t\t\t\t\t\t\t\t<div class=\"m-cegThumbList__item\"\n\t\t\t\t\tdata-id=\"1\/1\/host-sziget-adria5-scaled\"\n\t\t\t\t\tdata-index=\"0\">\n\t\t\t\t\t<img decoding=\"async\" src=\"https:\/\/www.startlap.hu\/utazas\/uploads\/sites\/3\/2026\/03\/host-sziget-adria5-scaled.jpg\" class=\"m-cegThumbList__image _ce_measure_link\" alt=\"Host szigete a horv\u00e1torsz\u00e1gi Vis k\u00f6zel\u00e9ben.\" \/>\t\t\t\t<\/div>\n\t\t\t\t\t\t\t\t\t\t\t<div class=\"m-cegThumbList__item\"\n\t\t\t\t\tdata-id=\"1\/2\/host-sziget-adria-scaled\"\n\t\t\t\t\tdata-index=\"1\">\n\t\t\t\t\t<img decoding=\"async\" src=\"https:\/\/www.startlap.hu\/utazas\/uploads\/sites\/3\/2026\/03\/host-sziget-adria-scaled.jpg\" class=\"m-cegThumbList__image _ce_measure_link\" alt=\"Host szigete a horv\u00e1torsz\u00e1gi Vis k\u00f6zel\u00e9ben.\" \/>\t\t\t\t<\/div>\n\t\t\t\t\t\t\t\t\t\t\t<div class=\"m-cegThumbList__item\"\n\t\t\t\t\tdata-id=\"1\/3\/host-sziget-adria2\"\n\t\t\t\t\tdata-index=\"2\">\n\t\t\t\t\t<img decoding=\"async\" src=\"https:\/\/www.startlap.hu\/utazas\/uploads\/sites\/3\/2026\/03\/host-sziget-adria2.jpg\" class=\"m-cegThumbList__image _ce_measure_link\" alt=\"Host szigete a horv\u00e1torsz\u00e1gi Vis k\u00f6zel\u00e9ben.\" \/>\t\t\t\t<\/div>\n\t\t\t\t\t\t\t\t\t\t\t\t\t\t\t<div class=\"m-cegThumbList__item\"\n\t\t\t\t\tdata-id=\"1\/5\/host-sziget-adria3\"\n\t\t\t\t\tdata-index=\"4\">\n\t\t\t\t\t<img decoding=\"async\" src=\"https:\/\/www.startlap.hu\/utazas\/uploads\/sites\/3\/2026\/03\/host-sziget-adria3.jpg\" class=\"m-cegThumbList__image _ce_measure_link\" alt=\"Host szigete a horv\u00e1torsz\u00e1gi Vis k\u00f6zel\u00e9ben.\" \/>\t\t\t\t<\/div>\n\t\t\t\t\t\t\t\t\t\t\t<div class=\"m-cegThumbList__item\"\n\t\t\t\t\tdata-id=\"1\/6\/host-sziget-adria4-scaled\"\n\t\t\t\t\tdata-index=\"5\">\n\t\t\t\t\t<img decoding=\"async\" src=\"https:\/\/www.startlap.hu\/utazas\/uploads\/sites\/3\/2026\/03\/host-sziget-adria4-scaled.jpg\" class=\"m-cegThumbList__image _ce_measure_link\" alt=\"Host szigete a horv\u00e1torsz\u00e1gi Vis k\u00f6zel\u00e9ben.\" \/>\t\t\t\t<\/div>\n\t\t\t\t\t<\/div>\n\t<\/div>\n\t<div class=\"m-cegLayer__sidebar m-cegSidebar _ce_measure_widget\" data-ce-measure-widget=\"gallery-sidebar\">\n\n\t\t<div class=\"m-cegSidebar__desc a-cegDesc _ce_measure_widget\" data-ce-measure-widget=\"gallery-desc\"><\/div>\n\n\t\t<div class=\"m-cegSidebar__socialCnt m-cegSocial -sidebar _ce_measure_widget\" data-ce-measure-widget=\"gallery-social\">\n\t\t\t<span class=\"m-cegSocial__text\">Fot\u00f3 megoszt\u00e1sa:<\/span><span class=\"m-cegSocial__iconWrap\"><span class=\"m-cegSocial__icon -facebook _ce_measure_link _ce_measure_widget\" data-ce-measure-widget=\"facebookGallery-btn\"><i class=\"fab fa-facebook-f\"><\/i><\/span><span class=\"m-cegSocial__icon -pinterest _ce_measure_link _ce_measure_widget\" data-ce-measure-widget=\"printeresGallery-btn\"><i class=\"fab fa-pinterest-p\"><\/i><\/span><span class=\"m-cegSocial__icon -email _ce_measure_link _ce_measure_widget\" data-ce-measure-widget=\"emailGallery-btn\"><i class=\"far fa-envelope\"><\/i><\/span><span class=\"m-cegSocial__icon -clipboard _ce_measure_link _ce_measure_widget\" data-ce-measure-widget=\"clipboardGallery-btn\"><i class=\"fa fa-link\"><\/i><\/span><\/span>\t\t<\/div>\n\n\t\t<div class=\"gallery-right010 banner-container\"><\/div>\n\t\t<div class=\"gallery-right020 banner-container\"><\/div>\n\n\t<\/div>\n<\/div>\n\t<\/div>\n\n\t<script>\n\t\tjQuery(function () {\n\t\t\tvar id = '#cegPostCnt_1';\n\t\t\tjQuery( id ).articleGallery({\n\t\t\t\tonChanged: function (event) {\n\t\t\t\t\t\tthis.renderSidebarCTS( 'gallery-right010' );\n\t\t\t\t\t\tthis.renderSidebarCTS( 'gallery-right020' );\n\t\t\t\t\t\tthis.renderBannerSlideCTS(  event,\n\t\t\t\t\t\t\t\t\t\t\t\t\t[\n\t\t\t\t\t\t\t\t\t\t\t\t\t\t'gallery-content010',\n\t\t\t\t\t\t\t\t\t\t\t\t\t\t'gallery-content020',\n\t\t\t\t\t\t\t\t\t\t\t\t\t\t'gallery-content030'\n\t\t\t\t\t\t\t\t\t\t\t\t\t]);\n\t\t\t\t}\n\t\t\t});\n\t\t});\n\t<\/script>\t\n<p>A Dno kampa-fokkal szemben fekv\u0151, hossz\u00fak\u00e1s alak\u00fa sziget az els\u0151 l\u00e1tv\u00e1ny, amely azok el\u00e9 t\u00e1rul, akik <strong>Vis<\/strong> v\u00e1rosa fel\u00e9 haj\u00f3znak. Krist\u00e1lytiszta, t\u00fcrkizk\u00e9k v\u00edz veszi k\u00f6r\u00fcl, szikl\u00e1s partj\u00e1n feny\u0151k n\u0151nek, keleti oldal\u00e1n pedig a vele azonos nev\u0171 vil\u00e1g\u00edt\u00f3torony \u00e1ll. Az \u00e9p\u00fclethez egy illatos erd\u0151n kereszt\u00fcl vezet\u0151 \u00f6sv\u00e9ny visz fel.<\/p>\n<h2>Egy apr\u00f3 sziget a visi kik\u00f6t\u0151 bej\u00e1rat\u00e1n\u00e1l<\/h2>\n<p>Host szigete k\u00f6r\u00fclbel\u00fcl 360 m\u00e9ter hossz\u00fa \u00e9s nagyj\u00e1b\u00f3l 120 m\u00e9ter sz\u00e9les. Ter\u00fclete mind\u00f6ssze 0,041 n\u00e9gyzetkilom\u00e9ter, partvonala pedig 0,91 kilom\u00e9ter hossz\u00fa. <strong>Vis v\u00e1ros k\u00f6zpontj\u00e1t\u00f3l k\u00f6r\u00fclbel\u00fcl k\u00e9t kilom\u00e9terre fekszik, \u00edgy haj\u00f3val n\u00e9h\u00e1ny perc alatt el\u00e9rhet\u0151<\/strong>.<\/p>\n<p>Elhelyezked\u00e9se miatt ma is fontos szerepet t\u00f6lt be a tengeri k\u00f6zleked\u00e9sben. A visi kik\u00f6t\u0151 bej\u00e1rat\u00e1nak nyugati oldal\u00e1n tal\u00e1lhat\u00f3, azon az \u00fatvonalon, amelyen nap mint nap haj\u00f3k \u00e9s kompok haladnak \u00e1t, ez\u00e9rt a szigeten \u00e1ll\u00f3 vil\u00e1g\u00edt\u00f3torony ma is jelent\u0151s navig\u00e1ci\u00f3s pont.<\/p>\n<div class=\"o-widget m-readMoreWidget -readMore u-shortDecorLineAfter row widget-container _ce_measure_widget bigdata-widget read-more\" data-ce-measure-widget=\"olvass tov\u00e1bb\">\n\t<div class=\"m-readMoreWidget__imgWrapper image-wrapper col-12 col-md-4 no-p\">\n\t\t<a class=\"m-readMoreWidget__imgLink\" href=\"https:\/\/www.startlap.hu\/utazas\/strand-kincsesbanya-megszunik\/\" >\n\t\t\t<img decoding=\"async\" src=\"https:\/\/www.startlap.hu\/utazas\/uploads\/sites\/3\/2026\/02\/GettyImages-914641336_11zon-350x285.jpg\" class=\"m-readMoreWidget__img\">\n\t\t<\/a>\n\t<\/div>\n\t<div class=\"m-readMoreWidget__titleWrapper title-wrapper col-12 col-md-8\">\n\t\t<span class=\"m-readMoreWidget__titleLabel u-shortDecorLineBefore label hidden-sm-up\">Ez is \u00e9rdekelhet:<\/span>\n\t\t<h3 class=\"m-readMoreWidget__title title\">\n\t\t\t<a class=\"m-readMoreWidget__titleLink -secondFont u-bold u-upperCase\" href=\"https:\/\/www.startlap.hu\/utazas\/strand-kincsesbanya-megszunik\/\" >Nyoma sem marad a strandnak az egyik legszebb nev\u0171 magyar telep\u00fcl\u00e9sen &#8211; egyszer\u0171en bet\u00f6mik a medenc\u00e9t!<\/a>\n\t\t<\/h3>\n\t\t<a class=\"m-readMoreWidget__btn -coloredBack u-tC link\" href=\"https:\/\/www.startlap.hu\/utazas\/strand-kincsesbanya-megszunik\/\" >Elolvasom<\/a>\n\t<\/div>\n<\/div>\n<h2>A sziget, ami egy brit kapit\u00e1nyr\u00f3l kapta a nev\u00e9t<\/h2>\n<p>A Host nevet Sir William Hoste brit kapit\u00e1ny ut\u00e1n kapta. A tiszt 1811. m\u00e1rcius 13-\u00e1n Vis k\u00f6zel\u00e9ben gy\u0151zelmet aratott a l\u00e9tsz\u00e1mf\u00f6l\u00e9nyben l\u00e9v\u0151 francia flotta felett. A t\u00f6rt\u00e9nelmi \u00f6sszecsap\u00e1s a visi csata n\u00e9ven v\u00e1lt ismertt\u00e9, \u00e9s a nap\u00f3leoni h\u00e1bor\u00fak egyik fontos tengeri \u00fctk\u00f6zet\u00e9nek sz\u00e1m\u00edt az Adri\u00e1n.<\/p>\n<p>A gy\u0151zelem ut\u00e1n a britek katonai er\u0151d\u00edtm\u00e9nyt \u00e9p\u00edtettek a szigeten, amelyet Hoste-nak neveztek el. Ma m\u00e1r csak romok maradtak fenn bel\u0151le, amelyek azokra az id\u0151kre eml\u00e9keztetnek, amikor Vis sziget\u00e9nek ellen\u0151rz\u00e9se komoly strat\u00e9giai el\u0151nyt jelentett a k\u00f6z\u00e9ps\u0151 Adri\u00e1n.<\/p>\n<h2>A vil\u00e1g\u00edt\u00f3torony, ami v\u00e9dett kultur\u00e1lis \u00f6r\u00f6ks\u00e9g<\/h2>\n<p>A szigeten \u00e1ll\u00f3 vil\u00e1g\u00edt\u00f3torony 1873-ban \u00e9p\u00fclt. Az \u00e9p\u00fclet egy k\u0151b\u0151l k\u00e9sz\u00fclt f\u00f6ldszintes h\u00e1zb\u00f3l \u00e9s egy 11 m\u00e9ter magas, nyolcsz\u00f6glet\u0171 toronyb\u00f3l \u00e1ll, amelyhez l\u00e1mpah\u00e1z is tartozik.<\/p>\n<p>A vil\u00e1g\u00edt\u00f3torony ma m\u00e1r teljesen automatiz\u00e1lt, \u00e9s t\u00e1vvez\u00e9rl\u00e9si rendszerbe kapcsolt\u00e1k, ez\u00e9rt nincs \u00e1lland\u00f3 szem\u00e9lyzet a helysz\u00ednen. <strong>T\u00f6rt\u00e9neti \u00e9s \u00e9p\u00edt\u00e9szeti jelent\u0151s\u00e9ge miatt a Host vil\u00e1g\u00edt\u00f3torony v\u00e9dett kultur\u00e1lis \u00f6r\u00f6ks\u00e9gnek sz\u00e1m\u00edt<\/strong>, a vil\u00e1gi \u00e9p\u00edtett \u00f6r\u00f6ks\u00e9g r\u00e9szek\u00e9nt tartj\u00e1k sz\u00e1mon.<\/p>\n<h2>Luxusapartman m\u0171k\u00f6dik a fel\u00faj\u00edtott vil\u00e1g\u00edt\u00f3toronyban<\/h2>\n<p>Az \u00e9p\u00fcletet az\u00f3ta fel\u00faj\u00edtott\u00e1k, \u00e9s ma m\u00e1r vend\u00e9gek fogad\u00e1s\u00e1ra is alkalmas. A vil\u00e1g\u00edt\u00f3toronyban egy luxusapartman tal\u00e1lhat\u00f3, amely legfeljebb hat vend\u00e9g sz\u00e1m\u00e1ra biztos\u00edt sz\u00e1ll\u00e1st.<\/p>\n<p><strong>A sz\u00e1ll\u00e1s h\u00e1rom h\u00e1l\u00f3szob\u00e1val, k\u00e9t f\u00fcrd\u0151szob\u00e1val, nappalival \u00e9s konyh\u00e1val rendelkezik<\/strong>. A h\u00e1z udvar\u00e1n fedett terasz, napoz\u00f3\u00e1gyak \u00e9s jacuzzi tal\u00e1lhat\u00f3. Az \u00e9p\u00fclet energetikailag \u00f6nell\u00e1t\u00f3: napelemes rendszer \u00e9s v\u00edztart\u00e1lyok biztos\u00edtj\u00e1k az energia- \u00e9s v\u00edzell\u00e1t\u00e1st, a sz\u00e1razf\u00f6ldi h\u00e1l\u00f3zatt\u00f3l f\u00fcggetlen\u00fcl.<\/p>\n<p>Az apartman eg\u00e9sz \u00e9vben foglalhat\u00f3, \u00e9s h\u00e1zi\u00e1llatokat is fogadnak. A Booking.com <a href=\"https:\/\/www.booking.com\/hotel\/hr\/luxury-seafront-villa-lighthouse-ligero-on-host-island-vis-island.hu.html?label=gen173nr-10CAsoZUJBbHV4dXJ5LXNlYWZyb250LXZpbGxhLWxpZ2h0aG91c2UtbGlnZXJvLW9uLWhvc3QtaXNsYW5kLXZpcy1pc2xhbmRIEFgEaGeIAQGYATO4ARfIAQzYAQPoAQH4AQGIAgGoAgG4Avam2s0GwAIB0gIkYjcxNDM2ZWMtMGVjZC00MmM4LWFlMjQtZTJhZDJlZDUwZmE42AIB4AIB&amp;sid=5a2a740ebc4e2264485614e43d6a9286&amp;dist=0&amp;keep_landing=1&amp;sb_price_type=total&amp;type=total&amp;\" target=\"_blank\" target=\"_blank\" rel=\"noopener\">adatai<\/a> szerint egy \u00e9jszaka \u00e1ra 770 \u00e9s 880 eur\u00f3 k\u00f6z\u00f6tt alakul. A k\u0151b\u0151l \u00e9p\u00fclt vil\u00e1g\u00edt\u00f3torony harmonikusan illeszkedik a k\u00f6rnyezet\u00e9be, t\u00e1gas terasz\u00e1r\u00f3l pedig panor\u00e1m\u00e1s kil\u00e1t\u00e1s ny\u00edlik a ny\u00edlt tengerre \u00e9s Vis v\u00e1ros\u00e1ra.<\/p>\n<h2>R\u00e9g\u00e9szeti lel\u0151helyek \u00e9s b\u00fav\u00e1rparadicsom a sziget k\u00f6r\u00fcl<\/h2>\n<p>A Host k\u00f6r\u00fcli tengerfen\u00e9k k\u00fcl\u00f6n\u00f6sen gazdag r\u00e9g\u00e9szeti eml\u00e9kekben, f\u0151k\u00e9nt a sziget \u00e9szaki oldal\u00e1n. Itt t\u00f6bb \u00f3kori haj\u00f3t\u00f6r\u00e9s nyomait is megtal\u00e1lt\u00e1k, k\u00f6zt\u00fck Dressel \u00e9s Lamboglia t\u00edpus\u00fa amfor\u00e1kat. Ezek azt bizony\u00edtj\u00e1k, hogy m\u00e1r az \u00f3korban is fontos kereskedelmi \u00fatvonalak vezettek ezen a tengeri ter\u00fcleten.<\/p>\n<blockquote class=\"article__extraTxt\"><p>A sziget k\u00f6r\u00fcli v\u00edz rendk\u00edv\u00fcl tiszta, ez\u00e9rt a b\u00fav\u00e1rok k\u00f6r\u00e9ben is n\u00e9pszer\u0171 helynek sz\u00e1m\u00edt.<\/p><\/blockquote>\n<p>A szikl\u00e1s part t\u00f6bb kisebb f\u00fcrd\u0151helyet is rejt: egy kis strand k\u00f6zvetlen\u00fcl a vil\u00e1g\u00edt\u00f3torony alatt tal\u00e1lhat\u00f3, egy m\u00e1sik pedig a nyugati kik\u00f6t\u0151 melletti szikl\u00e1s partszakaszon.<\/p>\n<p>Host szigetecske a horv\u00e1t Adria egyik kev\u00e9ss\u00e9 ismert helye, ahol a t\u00f6rt\u00e9nelem, a term\u00e9szet, a r\u00e9g\u00e9szeti eml\u00e9kek \u00e9s a tenger tal\u00e1lkoznak, mik\u00f6zben a vil\u00e1g\u00edt\u00f3torony f\u00e9nye m\u00e1r t\u00f6bb mint egy \u00e9vsz\u00e1zada mutatja az utat a Vis kik\u00f6t\u0151je fel\u00e9 tart\u00f3 haj\u00f3knak.<\/p>\n<h2>\u00cdgy juthatsz el Host szigethez Magyarorsz\u00e1gr\u00f3l<\/h2>\n<p>A sziget megk\u00f6zel\u00edt\u00e9se t\u00f6bb l\u00e9p\u00e9sb\u0151l \u00e1ll.<\/p>\n<ul>\n<li>Magyarorsz\u00e1gr\u00f3l el\u0151sz\u00f6r a horv\u00e1torsz\u00e1gi <strong><a href=\"https:\/\/www.startlap.hu\/utazas\/split-dalmacia-horvatorszag-latnivalok-strandok\/\" target=\"_blank\" rel=\"noopener\">Split<\/a><\/strong> v\u00e1ros\u00e1ba kell eljutni, ami aut\u00f3val Budapestr\u0151l k\u00f6r\u00fclbel\u00fcl 7-8 \u00f3r\u00e1s \u00fat, de rep\u00fcl\u0151vel \u00e9s nemzetk\u00f6zi buszj\u00e1ratokkal is el\u00e9rhet\u0151.<\/li>\n<li>Splitb\u0151l rendszeres kompj\u00e1ratok indulnak Vis sziget\u00e9re. A haj\u00f3\u00fat nagyj\u00e1b\u00f3l 2 \u00f3ra 20 percet vesz ig\u00e9nybe, \u00e9s a j\u00e1ratokat a Jadrolinija \u00fczemelteti.<\/li>\n<li>Vis v\u00e1ros\u00e1b\u00f3l m\u00e1r csak egy r\u00f6vid haj\u00f3\u00fat v\u00e1laszt el Host szigetecsk\u00e9t\u0151l, ami a kik\u00f6t\u0151 bej\u00e1rat\u00e1n\u00e1l fekszik, nagyj\u00e1b\u00f3l k\u00e9t kilom\u00e9terre a v\u00e1rost\u00f3l.<\/li>\n<li>A szigetet \u00e1ltal\u00e1ban kis cs\u00f3nakkal, v\u00edzitaxival vagy b\u00e9relt haj\u00f3val lehet megk\u00f6zel\u00edteni, a vil\u00e1g\u00edt\u00f3torony apartmanj\u00e1nak vend\u00e9gei sz\u00e1m\u00e1ra pedig rendszerint k\u00fcl\u00f6n haj\u00f3s transzfert szerveznek.<\/li>\n<\/ul>\n<div class=\"o-widget m-readMoreWidget -readMore u-shortDecorLineAfter row widget-container _ce_measure_widget bigdata-widget read-more\" data-ce-measure-widget=\"olvass tov\u00e1bb\">\n\t<div class=\"m-readMoreWidget__imgWrapper image-wrapper col-12 col-md-4 no-p\">\n\t\t<a class=\"m-readMoreWidget__imgLink\" href=\"https:\/\/www.startlap.hu\/utazas\/etterem-fizetes-baratok-pincer\/\" >\n\t\t\t<img decoding=\"async\" src=\"https:\/\/www.startlap.hu\/utazas\/uploads\/sites\/3\/2026\/02\/etterem-baratok-350x285.jpg\" class=\"m-readMoreWidget__img\">\n\t\t<\/a>\n\t<\/div>\n\t<div class=\"m-readMoreWidget__titleWrapper title-wrapper col-12 col-md-8\">\n\t\t<span class=\"m-readMoreWidget__titleLabel u-shortDecorLineBefore label hidden-sm-up\">Ez is \u00e9rdekelhet:<\/span>\n\t\t<h3 class=\"m-readMoreWidget__title title\">\n\t\t\t<a class=\"m-readMoreWidget__titleLink -secondFont u-bold u-upperCase\" href=\"https:\/\/www.startlap.hu\/utazas\/etterem-fizetes-baratok-pincer\/\" >Kifizettem az eg\u00e9sz asztal sz\u00e1ml\u00e1j\u00e1t &#8211; a pinc\u00e9r t\u00e1voz\u00e1skor meg\u00e1ll\u00edtott<\/a>\n\t\t<\/h3>\n\t\t<a class=\"m-readMoreWidget__btn -coloredBack u-tC link\" href=\"https:\/\/www.startlap.hu\/utazas\/etterem-fizetes-baratok-pincer\/\" >Elolvasom<\/a>\n\t<\/div>\n<\/div>\n<p><strong><a href=\"https:\/\/putnikofer.hr\/mjesta\/otocic-host\/\" target=\"_blank\" target=\"_blank\" rel=\"noopener\">Forr\u00e1sunk volt<\/a><\/strong>.<\/p>\n","protected":false},"excerpt":{"rendered":"<p>A horv\u00e1t Adria t\u00f6bb mint ezer szigete k\u00f6z\u00f6tt akadnak olyanok is, amikr\u0151l a legt\u00f6bb utaz\u00f3 m\u00e9g sosem hallott. Vis kik\u00f6t\u0151j\u00e9nek bej\u00e1rat\u00e1n\u00e1l fekv\u0151, apr\u00f3 Host szigetecske ilyen hely: egy 19. sz\u00e1zadi vil\u00e1g\u00edt\u00f3torony \u00e9s krist\u00e1lytiszta tengerv\u00edz teszi k\u00fcl\u00f6nlegess\u00e9.<\/p>\n","protected":false},"author":45,"featured_media":104504,"comment_status":"closed","ping_status":"closed","sticky":false,"template":"","format":"standard","meta":{"footnotes":""},"categories":[70],"tags":[183,112,745],"class_list":["post-104497","post","type-post","status-publish","format-standard","has-post-thumbnail","hentry","category-vilag","tag-adria","tag-horvatorszag","tag-vilagitotorony"],"aioseo_notices":[],"_links":{"self":[{"href":"https:\/\/www.startlap.hu\/utazas\/wp-json\/wp\/v2\/posts\/104497","targetHints":{"allow":["GET"]}}],"collection":[{"href":"https:\/\/www.startlap.hu\/utazas\/wp-json\/wp\/v2\/posts"}],"about":[{"href":"https:\/\/www.startlap.hu\/utazas\/wp-json\/wp\/v2\/types\/post"}],"author":[{"embeddable":true,"href":"https:\/\/www.startlap.hu\/utazas\/wp-json\/wp\/v2\/users\/45"}],"replies":[{"embeddable":true,"href":"https:\/\/www.startlap.hu\/utazas\/wp-json\/wp\/v2\/comments?post=104497"}],"version-history":[{"count":4,"href":"https:\/\/www.startlap.hu\/utazas\/wp-json\/wp\/v2\/posts\/104497\/revisions"}],"predecessor-version":[{"id":104506,"href":"https:\/\/www.startlap.hu\/utazas\/wp-json\/wp\/v2\/posts\/104497\/revisions\/104506"}],"wp:featuredmedia":[{"embeddable":true,"href":"https:\/\/www.startlap.hu\/utazas\/wp-json\/wp\/v2\/media\/104504"}],"wp:attachment":[{"href":"https:\/\/www.startlap.hu\/utazas\/wp-json\/wp\/v2\/media?parent=104497"}],"wp:term":[{"taxonomy":"category","embeddable":true,"href":"https:\/\/www.startlap.hu\/utazas\/wp-json\/wp\/v2\/categories?post=104497"},{"taxonomy":"post_tag","embeddable":true,"href":"https:\/\/www.startlap.hu\/utazas\/wp-json\/wp\/v2\/tags?post=104497"}],"curies":[{"name":"wp","href":"https:\/\/api.w.org\/{rel}","templated":true}]}}