{"id":104431,"date":"2026-03-15T10:03:36","date_gmt":"2026-03-15T09:03:36","guid":{"rendered":"https:\/\/www.startlap.hu\/utazas\/?p=104431"},"modified":"2026-03-23T14:25:46","modified_gmt":"2026-03-23T13:25:46","slug":"kincsem-gazdaja-budapesti-palota","status":"publish","type":"post","link":"https:\/\/www.startlap.hu\/utazas\/kincsem-gazdaja-budapesti-palota\/","title":{"rendered":"Less be vel\u00fcnk Kincsem gazd\u00e1j\u00e1nak budapesti palot\u00e1j\u00e1ba! Egy legenda \u00e9s titkos szerelem nyom\u00e1ban"},"content":{"rendered":"<div class=\"m-card -authorCard m-authorCard\">\n\t<div class=\"m-card__role\">Vend\u00e9gszerz\u0151<\/div>\n\t<img decoding=\"async\" class=\"m-card__img\" src=\"https:\/\/www.startlap.hu\/utazas\/uploads\/sites\/3\/2026\/03\/erre-arra-szerzo-profilkep.png\" alt=\"ERRE-ARRA fot\u00f3s aj\u00e1nl\u00f3\">\n\t<div class=\"m-card__wrapCnt\">\n\t\t<h3 class=\"m-card__authorName\">ERRE-ARRA fot\u00f3s aj\u00e1nl\u00f3<\/h3>\n\t\t<div class=\"m-card__txt\">Fazekas Krisztina, az ERRE-ARRA fot\u00f3s aj\u00e1nl\u00f3 alap\u00edt\u00f3ja olyan \u00e9p\u00edtett \u00e9s term\u00e9szeti \u00f6r\u00f6ks\u00e9geket mutat meg, amelyek mellett gyakran csak els\u00e9t\u00e1lunk, viszont sokkal t\u00f6bbet mondanak ann\u00e1l, mint gondoln\u00e1nk. Honlapj\u00e1r\u00f3l elismer\u0151en nyilatkoznak olyan szem\u00e9lyek, mint Balogh L\u00e1szl\u00f3 Pulitzer-d\u00edjas fot\u00f3riporter, vagy Dr. Medvigy Endre J\u00f3zsef Attila-d\u00edjas irodalomkutat\u00f3.<\/div>\n\t\t<a class=\"m-card__linkBtn\" href=\"https:\/\/www.startlap.hu\/utazas\/author\/errearrablog\/\">Cikkei<\/a>\n\t<\/div>\n<\/div>\n\n<p>&nbsp;<\/p>\n<p>T\u00f6rt\u00e9nelm\u00fcnk tele van \u00e9rdekess\u00e9gekkel, \u00e1m kev\u00e9s olyan izgalmas t\u00f6rt\u00e9net akad, amelyet eddig ilyen r\u00e9szletess\u00e9ggel dolgoztak volna fel, mint gr\u00f3f Blaskovich Ern\u0151\u00e9t, a legend\u00e1s \u201ecsodakanca\u201d, Kincsem gazd\u00e1j\u00e1\u00e9t.<\/p>\n\n\t<div id=\"cegPostCnt_1\" class=\"o-cegPostCnt -inContent\" data-title=\"Less be vel\u00fcnk Kincsem gazd\u00e1j\u00e1nak budapesti palot\u00e1j\u00e1ba! Egy legenda \u00e9s titkos szerelem nyom\u00e1ban\">\n\t\t<a class=\"o-cegPostCnt__opener m-cegOpener _ce_measure_widget _ce_measure_link\" data-ce-measure-widget=\"gallery-open\"\n   href=\"?gallery=1\/1\/kincsem-palota11-scaled\">\n\t<img decoding=\"async\" src=\"https:\/\/www.startlap.hu\/utazas\/uploads\/sites\/3\/2026\/03\/kincsem-palota11-scaled.jpg\" class=\"m-cegOpener__image\" alt=\"Kincsem gazd\u00e1j\u00e1nak budapesti palot\u00e1ja.\" sizes=\"(max-width: 991px) 100vw, (max-width: 1039px) 66vw, 684px\" srcset=\"https:\/\/www.startlap.hu\/utazas\/uploads\/sites\/3\/2026\/03\/kincsem-palota11-scaled.jpg 1707w, https:\/\/www.startlap.hu\/utazas\/uploads\/sites\/3\/2026\/03\/kincsem-palota11-1024x1536.jpg 1024w, https:\/\/www.startlap.hu\/utazas\/uploads\/sites\/3\/2026\/03\/kincsem-palota11-1365x2048.jpg 1365w, https:\/\/www.startlap.hu\/utazas\/uploads\/sites\/3\/2026\/03\/kincsem-palota11-755x1133.jpg 755w, https:\/\/www.startlap.hu\/utazas\/uploads\/sites\/3\/2026\/03\/kincsem-palota11-233x350.jpg 233w\" \/>\t<div class=\"m-cegOpener__btn\"><i class=\"far fa-clone\"><\/i><\/div>\n<\/a>\n<div class=\"o-cegPostCnt__layer m-cegLayer _ce_measure_widget\" data-ce-measure-widget=\"gallery-layer\" style=\"display: none\">\n\t<div class=\"m-cegLayer__top m-cegHeader _ce_measure_widget\" data-ce-measure-widget=\"gallery-header\">\n\t\t\t\t\t<span class=\"m-cegHeader__logo\"><span class=\"a-cegLogo\"><\/span><\/span>\n\t\t\t\t<div class=\"m-cegHeader__imgCnt\">\n\t\t\t<img decoding=\"async\" src=\"https:\/\/www.startlap.hu\/utazas\/uploads\/sites\/3\/2026\/03\/kincsem-palota11-scaled.jpg\" class=\"m-cegHeader__imgOpener\" alt=\"Kincsem gazd\u00e1j\u00e1nak budapesti palot\u00e1ja.\" \/>\t\t<\/div>\n\t\t<h2 class=\"m-cegHeader__title a-cegGalleryTitle\"><i class=\"fa fa-angle-left\"><\/i>Less be vel\u00fcnk Kincsem gazd\u00e1j\u00e1nak budapesti palot\u00e1j\u00e1ba! Egy legenda \u00e9s titkos szerelem nyom\u00e1ban<\/h2>\n\t\t<div class=\"m-cegHeader__pagination a-cegPagination\"><\/div>\n\t\t<div class=\"m-cegHeader__closeBtn close-button nlc-icon-close _ce_measure_link _ce_measure_widget\" data-ce-measure-widget=\"gallery-close-btn\"><i class=\"fa fa-times\" aria-hidden=\"true\"><\/i><\/div>\n\t<\/div>\n\t<div class=\"m-cegLayer__screen\">\n\t\t<div class=\"m-cegLayer__carousel m-cegCarousel\">\n\t\t\t\t\t\t\t\n\t\t\t\t<div\n\t\t\t\t\tclass=\"m-cegCarousel__item\"\n\t\t\t\t\tdata-type=\"image\"\n\t\t\t\t\tdata-id=\"1\/1\/kincsem-palota11-scaled\"\n\t\t\t\t\tdata-image-url=\"https:\/\/www.startlap.hu\/utazas\/uploads\/sites\/3\/2026\/03\/kincsem-palota11-scaled.jpg\"\n\t\t\t\t\tdata-title=\"kincsem-palota11\"\n\t\t\t\t\tdata-desc=\"Ez a t\u00f6rt\u00e9net nem nagy dr\u00e1m\u00e1kr\u00f3l sz\u00f3l, hanem az emberi kapcsolatok finom \u00e1rnyalatair\u00f3l. A belv\u00e1rosi urbex jelleget \u00f6lt\u0151 Kincsem-palota ma is \u0151rzi ezeket a r\u00e9tegeket: a fot\u00f3k n\u00e9zeget\u00e9se k\u00f6zben szinte hallani lehet a m\u00falt visszhangj\u00e1t. Az els\u0151 fot\u00f3n a Kincsem-palota kapube\u00e1ll\u00f3ja l\u00e1that\u00f3. Balra a d\u00edszl\u00e9pcs\u0151h\u00e1z bej\u00e1rata, el\u0151re a sz\u0171k\u00f6s telek kis bels\u0151 udvara, melynek v\u00e9g\u00e9ben m\u00e1ig l\u00e1that\u00f3 Kincsem &quot;f\u0151\u00fari&quot; lakoszt\u00e1lya.\">\n\n\t\t\t\t\t<!-- image -->\n\t\t\t\t\t<div class=\"m-cegCarousel__floatingCnt\">\n\t\t\t\t\t\t<img decoding=\"async\" src=\"https:\/\/www.startlap.hu\/utazas\/uploads\/sites\/3\/2026\/03\/kincsem-palota11-scaled.jpg\" class=\"m-cegCarousel__image\" alt=\"Kincsem gazd\u00e1j\u00e1nak budapesti palot\u00e1ja.\" \/>\t\t\t\t\t\t<span class=\"fa m-cegCarousel__zoom _ce_measure_link _ce_measure_widget\" data-ce-measure-widget=\"gallery-zoom-btn\"><\/span>\n\t\t\t\t\t<\/div>\n\n\t\t\t\t\t<!-- thumb icon \/ counter, caption  -->\n\t\t\t\t\t<div class=\"m-cegCarousel__captionCnt m-cegCaption\">\n\t\t\t\t\t\t<span class=\"m-cegCaption__thumbIcon a-cegThumbIcon _ce_measure_widget _ce_measure_link\"\n\t\t\t\t\t\t\t  data-ce-measure-widget=\"thumbnails-btn\"\n\t\t\t\t\t\t\t  data-ce-measure-widget=\"gallery-thumbnails\"><i class=\" fa fa-th-large\"><\/i><\/span>\n\t\t\t\t\t\t<span class=\"m-cegCaption__pagination a-cegPagination\">\n\t\t\t\t\t\t\t<span class=\"a-cegPagination__current\">1<\/span>\/10\t\t\t\t\t\t<\/span>\n\t\t\t\t\t\t<span class=\"m-cegCaption__caption\">kincsem-palota11<\/span>\n\t\t\t\t\t<\/div>\n\n\t\t\t\t\t<!-- Image description -->\n\t\t\t\t\t<div class=\"m-cegCarousel__desc a-cegDesc\">Ez a t\u00f6rt\u00e9net nem nagy dr\u00e1m\u00e1kr\u00f3l sz\u00f3l, hanem az emberi kapcsolatok finom \u00e1rnyalatair\u00f3l. A belv\u00e1rosi urbex jelleget \u00f6lt\u0151 Kincsem-palota ma is \u0151rzi ezeket a r\u00e9tegeket: a fot\u00f3k n\u00e9zeget\u00e9se k\u00f6zben szinte hallani lehet a m\u00falt visszhangj\u00e1t. Az els\u0151 fot\u00f3n a Kincsem-palota kapube\u00e1ll\u00f3ja l\u00e1that\u00f3. Balra a d\u00edszl\u00e9pcs\u0151h\u00e1z bej\u00e1rata, el\u0151re a sz\u0171k\u00f6s telek kis bels\u0151 udvara, melynek v\u00e9g\u00e9ben m\u00e1ig l\u00e1that\u00f3 Kincsem &quot;f\u0151\u00fari&quot; lakoszt\u00e1lya.<\/div>\n\n\t\t\t\t\t<!-- Image social share icons -->\n\t\t\t\t\t<div class=\"m-cegCarousel__socialCnt m-cegSocial\">\n\t\t\t\t\t\t<span class=\"m-cegSocial__text\">Fot\u00f3 megoszt\u00e1sa:<\/span><span class=\"m-cegSocial__iconWrap\"><span class=\"m-cegSocial__icon -facebook _ce_measure_link _ce_measure_widget\" data-ce-measure-widget=\"facebookGallery-btn\"><i class=\"fab fa-facebook-f\"><\/i><\/span><span class=\"m-cegSocial__icon -pinterest _ce_measure_link _ce_measure_widget\" data-ce-measure-widget=\"printeresGallery-btn\"><i class=\"fab fa-pinterest-p\"><\/i><\/span><span class=\"m-cegSocial__icon -email _ce_measure_link _ce_measure_widget\" data-ce-measure-widget=\"emailGallery-btn\"><i class=\"far fa-envelope\"><\/i><\/span><span class=\"m-cegSocial__icon -clipboard _ce_measure_link _ce_measure_widget\" data-ce-measure-widget=\"clipboardGallery-btn\"><i class=\"fa fa-link\"><\/i><\/span><\/span>\t\t\t\t\t<\/div>\n\t\t\t\t<\/div>\n\t\t\t\t\t\t\t\n\t\t\t\t<div\n\t\t\t\t\tclass=\"m-cegCarousel__item\"\n\t\t\t\t\tdata-type=\"image\"\n\t\t\t\t\tdata-id=\"1\/2\/kincsem-palota10\"\n\t\t\t\t\tdata-image-url=\"https:\/\/www.startlap.hu\/utazas\/uploads\/sites\/3\/2026\/03\/kincsem-palota10.JPG\"\n\t\t\t\t\tdata-title=\"kincsem-palota10\"\n\t\t\t\t\tdata-desc=\"A Kincsem-palota kapube\u00e1ll\u00f3j\u00e1nak k\u00f6vezete. Ezen kopogott Kincsem pat\u00e1ja, \u00e9s Szab\u00f3 Karolina lovaskocsija is itt v\u00e1rta a d\u00edszl\u00e9pcs\u0151h\u00e1zb\u00f3l \u00e9rkez\u0151 h\u00f6lgyet.\">\n\n\t\t\t\t\t<!-- image -->\n\t\t\t\t\t<div class=\"m-cegCarousel__floatingCnt\">\n\t\t\t\t\t\t<img decoding=\"async\" src=\"https:\/\/www.startlap.hu\/utazas\/uploads\/sites\/3\/2026\/03\/kincsem-palota10.JPG\" class=\"m-cegCarousel__image\" alt=\"Kincsem gazd\u00e1j\u00e1nak budapesti palot\u00e1ja.\" \/>\t\t\t\t\t\t<span class=\"fa m-cegCarousel__zoom _ce_measure_link _ce_measure_widget\" data-ce-measure-widget=\"gallery-zoom-btn\"><\/span>\n\t\t\t\t\t<\/div>\n\n\t\t\t\t\t<!-- thumb icon \/ counter, caption  -->\n\t\t\t\t\t<div class=\"m-cegCarousel__captionCnt m-cegCaption\">\n\t\t\t\t\t\t<span class=\"m-cegCaption__thumbIcon a-cegThumbIcon _ce_measure_widget _ce_measure_link\"\n\t\t\t\t\t\t\t  data-ce-measure-widget=\"thumbnails-btn\"\n\t\t\t\t\t\t\t  data-ce-measure-widget=\"gallery-thumbnails\"><i class=\" fa fa-th-large\"><\/i><\/span>\n\t\t\t\t\t\t<span class=\"m-cegCaption__pagination a-cegPagination\">\n\t\t\t\t\t\t\t<span class=\"a-cegPagination__current\">2<\/span>\/10\t\t\t\t\t\t<\/span>\n\t\t\t\t\t\t<span class=\"m-cegCaption__caption\">kincsem-palota10<\/span>\n\t\t\t\t\t<\/div>\n\n\t\t\t\t\t<!-- Image description -->\n\t\t\t\t\t<div class=\"m-cegCarousel__desc a-cegDesc\">A Kincsem-palota kapube\u00e1ll\u00f3j\u00e1nak k\u00f6vezete. Ezen kopogott Kincsem pat\u00e1ja, \u00e9s Szab\u00f3 Karolina lovaskocsija is itt v\u00e1rta a d\u00edszl\u00e9pcs\u0151h\u00e1zb\u00f3l \u00e9rkez\u0151 h\u00f6lgyet.<\/div>\n\n\t\t\t\t\t<!-- Image social share icons -->\n\t\t\t\t\t<div class=\"m-cegCarousel__socialCnt m-cegSocial\">\n\t\t\t\t\t\t<span class=\"m-cegSocial__text\">Fot\u00f3 megoszt\u00e1sa:<\/span><span class=\"m-cegSocial__iconWrap\"><span class=\"m-cegSocial__icon -facebook _ce_measure_link _ce_measure_widget\" data-ce-measure-widget=\"facebookGallery-btn\"><i class=\"fab fa-facebook-f\"><\/i><\/span><span class=\"m-cegSocial__icon -pinterest _ce_measure_link _ce_measure_widget\" data-ce-measure-widget=\"printeresGallery-btn\"><i class=\"fab fa-pinterest-p\"><\/i><\/span><span class=\"m-cegSocial__icon -email _ce_measure_link _ce_measure_widget\" data-ce-measure-widget=\"emailGallery-btn\"><i class=\"far fa-envelope\"><\/i><\/span><span class=\"m-cegSocial__icon -clipboard _ce_measure_link _ce_measure_widget\" data-ce-measure-widget=\"clipboardGallery-btn\"><i class=\"fa fa-link\"><\/i><\/span><\/span>\t\t\t\t\t<\/div>\n\t\t\t\t<\/div>\n\t\t\t\t\t\t\t\n\t\t\t\t<div\n\t\t\t\t\tclass=\"m-cegCarousel__item\"\n\t\t\t\t\tdata-type=\"image\"\n\t\t\t\t\tdata-id=\"1\/3\/kincsem-palota13\"\n\t\t\t\t\tdata-image-url=\"https:\/\/www.startlap.hu\/utazas\/uploads\/sites\/3\/2026\/03\/kincsem-palota13.JPG\"\n\t\t\t\t\tdata-title=\"kincsem-palota13\"\n\t\t\t\t\tdata-desc=\"A Kincsem-palota d\u00edszl\u00e9pcs\u0151h\u00e1za. Csod\u00e1latos, apr\u00f3 r\u00e9szletekkel teli, vil\u00e1gos, t\u00e1gas ter\u0171, amib\u0151l l\u00e1tszik: m\u00e1r a vend\u00e9gek fogad\u00e1s\u00e1nak megadt\u00e1k a m\u00f3dj\u00e1t. \u00c9p\u00edt\u00e9szetileg is meglep\u0151 kivitelez\u00e9s, hiszen ugye egy sz\u0171k telekre kellett terveznie a palot\u00e1t Bukovics Gyul\u00e1nak, a felt\u00f6rekv\u0151 \u00e9p\u00edt\u00e9sznek.\">\n\n\t\t\t\t\t<!-- image -->\n\t\t\t\t\t<div class=\"m-cegCarousel__floatingCnt\">\n\t\t\t\t\t\t<img decoding=\"async\" src=\"https:\/\/www.startlap.hu\/utazas\/uploads\/sites\/3\/2026\/03\/kincsem-palota13.JPG\" class=\"m-cegCarousel__image\" alt=\"Kincsem gazd\u00e1j\u00e1nak budapesti palot\u00e1ja.\" \/>\t\t\t\t\t\t<span class=\"fa m-cegCarousel__zoom _ce_measure_link _ce_measure_widget\" data-ce-measure-widget=\"gallery-zoom-btn\"><\/span>\n\t\t\t\t\t<\/div>\n\n\t\t\t\t\t<!-- thumb icon \/ counter, caption  -->\n\t\t\t\t\t<div class=\"m-cegCarousel__captionCnt m-cegCaption\">\n\t\t\t\t\t\t<span class=\"m-cegCaption__thumbIcon a-cegThumbIcon _ce_measure_widget _ce_measure_link\"\n\t\t\t\t\t\t\t  data-ce-measure-widget=\"thumbnails-btn\"\n\t\t\t\t\t\t\t  data-ce-measure-widget=\"gallery-thumbnails\"><i class=\" fa fa-th-large\"><\/i><\/span>\n\t\t\t\t\t\t<span class=\"m-cegCaption__pagination a-cegPagination\">\n\t\t\t\t\t\t\t<span class=\"a-cegPagination__current\">3<\/span>\/10\t\t\t\t\t\t<\/span>\n\t\t\t\t\t\t<span class=\"m-cegCaption__caption\">kincsem-palota13<\/span>\n\t\t\t\t\t<\/div>\n\n\t\t\t\t\t<!-- Image description -->\n\t\t\t\t\t<div class=\"m-cegCarousel__desc a-cegDesc\">A Kincsem-palota d\u00edszl\u00e9pcs\u0151h\u00e1za. Csod\u00e1latos, apr\u00f3 r\u00e9szletekkel teli, vil\u00e1gos, t\u00e1gas ter\u0171, amib\u0151l l\u00e1tszik: m\u00e1r a vend\u00e9gek fogad\u00e1s\u00e1nak megadt\u00e1k a m\u00f3dj\u00e1t. \u00c9p\u00edt\u00e9szetileg is meglep\u0151 kivitelez\u00e9s, hiszen ugye egy sz\u0171k telekre kellett terveznie a palot\u00e1t Bukovics Gyul\u00e1nak, a felt\u00f6rekv\u0151 \u00e9p\u00edt\u00e9sznek.<\/div>\n\n\t\t\t\t\t<!-- Image social share icons -->\n\t\t\t\t\t<div class=\"m-cegCarousel__socialCnt m-cegSocial\">\n\t\t\t\t\t\t<span class=\"m-cegSocial__text\">Fot\u00f3 megoszt\u00e1sa:<\/span><span class=\"m-cegSocial__iconWrap\"><span class=\"m-cegSocial__icon -facebook _ce_measure_link _ce_measure_widget\" data-ce-measure-widget=\"facebookGallery-btn\"><i class=\"fab fa-facebook-f\"><\/i><\/span><span class=\"m-cegSocial__icon -pinterest _ce_measure_link _ce_measure_widget\" data-ce-measure-widget=\"printeresGallery-btn\"><i class=\"fab fa-pinterest-p\"><\/i><\/span><span class=\"m-cegSocial__icon -email _ce_measure_link _ce_measure_widget\" data-ce-measure-widget=\"emailGallery-btn\"><i class=\"far fa-envelope\"><\/i><\/span><span class=\"m-cegSocial__icon -clipboard _ce_measure_link _ce_measure_widget\" data-ce-measure-widget=\"clipboardGallery-btn\"><i class=\"fa fa-link\"><\/i><\/span><\/span>\t\t\t\t\t<\/div>\n\t\t\t\t<\/div>\n\t\t\t\t\t\t\t\t\t\t\t\t<div\n\t\t\t\t\t\tclass=\"m-cegCarousel__item -banner\"\n\t\t\t\t\t\tdata-type=\"banner\"\n\t\t\t\t\t\tdata-id=\"1\/4\/banner\"\n\t\t\t\t\t\tdata-image-url=\"\"\n\t\t\t\t\t\tdata-title=\"\"\n\t\t\t\t\t\tdata-desc=\"\">\n\n\t\t\t\t\t\t<div class=\"m-cegCarousel__floatingCnt banner-container gallery-content010\"><\/div>\n\n\t\t\t\t\t<\/div>\n\t\t\t\t\t\t\t\t\t\n\t\t\t\t<div\n\t\t\t\t\tclass=\"m-cegCarousel__item\"\n\t\t\t\t\tdata-type=\"image\"\n\t\t\t\t\tdata-id=\"1\/5\/kincsem-palota15\"\n\t\t\t\t\tdata-image-url=\"https:\/\/www.startlap.hu\/utazas\/uploads\/sites\/3\/2026\/03\/kincsem-palota15.JPG\"\n\t\t\t\t\tdata-title=\"kincsem-palota15\"\n\t\t\t\t\tdata-desc=\"A Kincsem-palota leg\u00e9rdekesebb pontja: az utcai fel\u0151li szob\u00e1k \u00e9s az udvar fel\u0151li szoba \u00f6sszek\u00f6t\u0151 helyis\u00e9ge, titkos ajt\u00f3val. B\u00e1r \u00fagy olvastuk, a f\u00f6ldszint volt Karolin\u00e1\u00e9, nem lehet, hogy ez az ajt\u00f3 vezetett Karolina vil\u00e1gos, nagy ablakos, udvari szob\u00e1ja fel\u00e9 (ahol m\u00e9g egy d\u00edszes toalett is helyet kapott)?\">\n\n\t\t\t\t\t<!-- image -->\n\t\t\t\t\t<div class=\"m-cegCarousel__floatingCnt\">\n\t\t\t\t\t\t<img decoding=\"async\" src=\"https:\/\/www.startlap.hu\/utazas\/uploads\/sites\/3\/2026\/03\/kincsem-palota15.JPG\" class=\"m-cegCarousel__image\" alt=\"Kincsem gazd\u00e1j\u00e1nak budapesti palot\u00e1ja.\" \/>\t\t\t\t\t\t<span class=\"fa m-cegCarousel__zoom _ce_measure_link _ce_measure_widget\" data-ce-measure-widget=\"gallery-zoom-btn\"><\/span>\n\t\t\t\t\t<\/div>\n\n\t\t\t\t\t<!-- thumb icon \/ counter, caption  -->\n\t\t\t\t\t<div class=\"m-cegCarousel__captionCnt m-cegCaption\">\n\t\t\t\t\t\t<span class=\"m-cegCaption__thumbIcon a-cegThumbIcon _ce_measure_widget _ce_measure_link\"\n\t\t\t\t\t\t\t  data-ce-measure-widget=\"thumbnails-btn\"\n\t\t\t\t\t\t\t  data-ce-measure-widget=\"gallery-thumbnails\"><i class=\" fa fa-th-large\"><\/i><\/span>\n\t\t\t\t\t\t<span class=\"m-cegCaption__pagination a-cegPagination\">\n\t\t\t\t\t\t\t<span class=\"a-cegPagination__current\">5<\/span>\/10\t\t\t\t\t\t<\/span>\n\t\t\t\t\t\t<span class=\"m-cegCaption__caption\">kincsem-palota15<\/span>\n\t\t\t\t\t<\/div>\n\n\t\t\t\t\t<!-- Image description -->\n\t\t\t\t\t<div class=\"m-cegCarousel__desc a-cegDesc\">A Kincsem-palota leg\u00e9rdekesebb pontja: az utcai fel\u0151li szob\u00e1k \u00e9s az udvar fel\u0151li szoba \u00f6sszek\u00f6t\u0151 helyis\u00e9ge, titkos ajt\u00f3val. B\u00e1r \u00fagy olvastuk, a f\u00f6ldszint volt Karolin\u00e1\u00e9, nem lehet, hogy ez az ajt\u00f3 vezetett Karolina vil\u00e1gos, nagy ablakos, udvari szob\u00e1ja fel\u00e9 (ahol m\u00e9g egy d\u00edszes toalett is helyet kapott)?<\/div>\n\n\t\t\t\t\t<!-- Image social share icons -->\n\t\t\t\t\t<div class=\"m-cegCarousel__socialCnt m-cegSocial\">\n\t\t\t\t\t\t<span class=\"m-cegSocial__text\">Fot\u00f3 megoszt\u00e1sa:<\/span><span class=\"m-cegSocial__iconWrap\"><span class=\"m-cegSocial__icon -facebook _ce_measure_link _ce_measure_widget\" data-ce-measure-widget=\"facebookGallery-btn\"><i class=\"fab fa-facebook-f\"><\/i><\/span><span class=\"m-cegSocial__icon -pinterest _ce_measure_link _ce_measure_widget\" data-ce-measure-widget=\"printeresGallery-btn\"><i class=\"fab fa-pinterest-p\"><\/i><\/span><span class=\"m-cegSocial__icon -email _ce_measure_link _ce_measure_widget\" data-ce-measure-widget=\"emailGallery-btn\"><i class=\"far fa-envelope\"><\/i><\/span><span class=\"m-cegSocial__icon -clipboard _ce_measure_link _ce_measure_widget\" data-ce-measure-widget=\"clipboardGallery-btn\"><i class=\"fa fa-link\"><\/i><\/span><\/span>\t\t\t\t\t<\/div>\n\t\t\t\t<\/div>\n\t\t\t\t\t\t\t\n\t\t\t\t<div\n\t\t\t\t\tclass=\"m-cegCarousel__item\"\n\t\t\t\t\tdata-type=\"image\"\n\t\t\t\t\tdata-id=\"1\/6\/kincsem-palota16\"\n\t\t\t\t\tdata-image-url=\"https:\/\/www.startlap.hu\/utazas\/uploads\/sites\/3\/2026\/03\/kincsem-palota16.JPG\"\n\t\t\t\t\tdata-title=\"kincsem-palota16\"\n\t\t\t\t\tdata-desc=\"\u00c9rdemes megn\u00e9zni a fennmaradt, gy\u00f6ny\u00f6r\u0171en kivitelezett szobar\u00e9szletet: ha ez a helyis\u00e9g volt az eb\u00e9dl\u0151, akkor a d\u00edsz \u00e9tk\u00e9szletet tudjuk elk\u00e9pzelni a polcokon, ha ez a szoba volt az olvas\u00f3szoba, akkor a k\u00f6nyveket. Mivel a szoba \u00f6sszek\u00f6t\u0151-szoba a sz\u0171k ter\u00fcletre tervezett hossz\u00fak\u00e1s \u00e9p\u00fclet frontja \u00e9s h\u00e1ts\u00f3 udvara k\u00f6z\u00f6tt, ez\u00e9rt s\u00f6t\u00e9t, \u00edgy a helyis\u00e9g term\u00e9szetes f\u00e9nyt fel\u00fclr\u0151l kapott, \u00fcvegablakok \u00e1ltal.\">\n\n\t\t\t\t\t<!-- image -->\n\t\t\t\t\t<div class=\"m-cegCarousel__floatingCnt\">\n\t\t\t\t\t\t<img decoding=\"async\" src=\"https:\/\/www.startlap.hu\/utazas\/uploads\/sites\/3\/2026\/03\/kincsem-palota16.JPG\" class=\"m-cegCarousel__image\" alt=\"Kincsem gazd\u00e1j\u00e1nak budapesti palot\u00e1ja.\" \/>\t\t\t\t\t\t<span class=\"fa m-cegCarousel__zoom _ce_measure_link _ce_measure_widget\" data-ce-measure-widget=\"gallery-zoom-btn\"><\/span>\n\t\t\t\t\t<\/div>\n\n\t\t\t\t\t<!-- thumb icon \/ counter, caption  -->\n\t\t\t\t\t<div class=\"m-cegCarousel__captionCnt m-cegCaption\">\n\t\t\t\t\t\t<span class=\"m-cegCaption__thumbIcon a-cegThumbIcon _ce_measure_widget _ce_measure_link\"\n\t\t\t\t\t\t\t  data-ce-measure-widget=\"thumbnails-btn\"\n\t\t\t\t\t\t\t  data-ce-measure-widget=\"gallery-thumbnails\"><i class=\" fa fa-th-large\"><\/i><\/span>\n\t\t\t\t\t\t<span class=\"m-cegCaption__pagination a-cegPagination\">\n\t\t\t\t\t\t\t<span class=\"a-cegPagination__current\">6<\/span>\/10\t\t\t\t\t\t<\/span>\n\t\t\t\t\t\t<span class=\"m-cegCaption__caption\">kincsem-palota16<\/span>\n\t\t\t\t\t<\/div>\n\n\t\t\t\t\t<!-- Image description -->\n\t\t\t\t\t<div class=\"m-cegCarousel__desc a-cegDesc\">\u00c9rdemes megn\u00e9zni a fennmaradt, gy\u00f6ny\u00f6r\u0171en kivitelezett szobar\u00e9szletet: ha ez a helyis\u00e9g volt az eb\u00e9dl\u0151, akkor a d\u00edsz \u00e9tk\u00e9szletet tudjuk elk\u00e9pzelni a polcokon, ha ez a szoba volt az olvas\u00f3szoba, akkor a k\u00f6nyveket. Mivel a szoba \u00f6sszek\u00f6t\u0151-szoba a sz\u0171k ter\u00fcletre tervezett hossz\u00fak\u00e1s \u00e9p\u00fclet frontja \u00e9s h\u00e1ts\u00f3 udvara k\u00f6z\u00f6tt, ez\u00e9rt s\u00f6t\u00e9t, \u00edgy a helyis\u00e9g term\u00e9szetes f\u00e9nyt fel\u00fclr\u0151l kapott, \u00fcvegablakok \u00e1ltal.<\/div>\n\n\t\t\t\t\t<!-- Image social share icons -->\n\t\t\t\t\t<div class=\"m-cegCarousel__socialCnt m-cegSocial\">\n\t\t\t\t\t\t<span class=\"m-cegSocial__text\">Fot\u00f3 megoszt\u00e1sa:<\/span><span class=\"m-cegSocial__iconWrap\"><span class=\"m-cegSocial__icon -facebook _ce_measure_link _ce_measure_widget\" data-ce-measure-widget=\"facebookGallery-btn\"><i class=\"fab fa-facebook-f\"><\/i><\/span><span class=\"m-cegSocial__icon -pinterest _ce_measure_link _ce_measure_widget\" data-ce-measure-widget=\"printeresGallery-btn\"><i class=\"fab fa-pinterest-p\"><\/i><\/span><span class=\"m-cegSocial__icon -email _ce_measure_link _ce_measure_widget\" data-ce-measure-widget=\"emailGallery-btn\"><i class=\"far fa-envelope\"><\/i><\/span><span class=\"m-cegSocial__icon -clipboard _ce_measure_link _ce_measure_widget\" data-ce-measure-widget=\"clipboardGallery-btn\"><i class=\"fa fa-link\"><\/i><\/span><\/span>\t\t\t\t\t<\/div>\n\t\t\t\t<\/div>\n\t\t\t\t\t\t\t\n\t\t\t\t<div\n\t\t\t\t\tclass=\"m-cegCarousel__item\"\n\t\t\t\t\tdata-type=\"image\"\n\t\t\t\t\tdata-id=\"1\/7\/kincsem-palota17-scaled\"\n\t\t\t\t\tdata-image-url=\"https:\/\/www.startlap.hu\/utazas\/uploads\/sites\/3\/2026\/03\/kincsem-palota17-scaled.jpg\"\n\t\t\t\t\tdata-title=\"kincsem-palota17\"\n\t\t\t\t\tdata-desc=\"A Kincsem-palota el\u0151bbiekben eml\u00edtett \u00f6sszek\u00f6t\u0151 helyis\u00e9ge titkos ajtaja m\u00f6g\u00f6tti, udvarra n\u00e9z\u0151 t\u00e1gas, vil\u00e1gos helyis\u00e9ge. B\u00e1r \u00fagy olvastuk, a f\u00f6ldszint volt Karolin\u00e1\u00e9, nem lehetetlen, hogy ez a helyis\u00e9g is Karolin\u00e1\u00e9 lehetett, vagy esetleg ez volt kettej\u00fck intim szf\u00e9r\u00e1ja. Az ablakb\u00f3l kin\u00e9zve a z\u00e1rt udvar m\u00f6g\u00f6tti Kincsem ist\u00e1ll\u00f3 bej\u00e1rata l\u00e1that\u00f3. Ilyen k\u00f6zels\u00e9gben tudta Ern\u0151 Kincsemet.\">\n\n\t\t\t\t\t<!-- image -->\n\t\t\t\t\t<div class=\"m-cegCarousel__floatingCnt\">\n\t\t\t\t\t\t<img decoding=\"async\" src=\"https:\/\/www.startlap.hu\/utazas\/uploads\/sites\/3\/2026\/03\/kincsem-palota17-scaled.jpg\" class=\"m-cegCarousel__image\" alt=\"Kincsem gazd\u00e1j\u00e1nak budapesti palot\u00e1ja.\" \/>\t\t\t\t\t\t<span class=\"fa m-cegCarousel__zoom _ce_measure_link _ce_measure_widget\" data-ce-measure-widget=\"gallery-zoom-btn\"><\/span>\n\t\t\t\t\t<\/div>\n\n\t\t\t\t\t<!-- thumb icon \/ counter, caption  -->\n\t\t\t\t\t<div class=\"m-cegCarousel__captionCnt m-cegCaption\">\n\t\t\t\t\t\t<span class=\"m-cegCaption__thumbIcon a-cegThumbIcon _ce_measure_widget _ce_measure_link\"\n\t\t\t\t\t\t\t  data-ce-measure-widget=\"thumbnails-btn\"\n\t\t\t\t\t\t\t  data-ce-measure-widget=\"gallery-thumbnails\"><i class=\" fa fa-th-large\"><\/i><\/span>\n\t\t\t\t\t\t<span class=\"m-cegCaption__pagination a-cegPagination\">\n\t\t\t\t\t\t\t<span class=\"a-cegPagination__current\">7<\/span>\/10\t\t\t\t\t\t<\/span>\n\t\t\t\t\t\t<span class=\"m-cegCaption__caption\">kincsem-palota17<\/span>\n\t\t\t\t\t<\/div>\n\n\t\t\t\t\t<!-- Image description -->\n\t\t\t\t\t<div class=\"m-cegCarousel__desc a-cegDesc\">A Kincsem-palota el\u0151bbiekben eml\u00edtett \u00f6sszek\u00f6t\u0151 helyis\u00e9ge titkos ajtaja m\u00f6g\u00f6tti, udvarra n\u00e9z\u0151 t\u00e1gas, vil\u00e1gos helyis\u00e9ge. B\u00e1r \u00fagy olvastuk, a f\u00f6ldszint volt Karolin\u00e1\u00e9, nem lehetetlen, hogy ez a helyis\u00e9g is Karolin\u00e1\u00e9 lehetett, vagy esetleg ez volt kettej\u00fck intim szf\u00e9r\u00e1ja. Az ablakb\u00f3l kin\u00e9zve a z\u00e1rt udvar m\u00f6g\u00f6tti Kincsem ist\u00e1ll\u00f3 bej\u00e1rata l\u00e1that\u00f3. Ilyen k\u00f6zels\u00e9gben tudta Ern\u0151 Kincsemet.<\/div>\n\n\t\t\t\t\t<!-- Image social share icons -->\n\t\t\t\t\t<div class=\"m-cegCarousel__socialCnt m-cegSocial\">\n\t\t\t\t\t\t<span class=\"m-cegSocial__text\">Fot\u00f3 megoszt\u00e1sa:<\/span><span class=\"m-cegSocial__iconWrap\"><span class=\"m-cegSocial__icon -facebook _ce_measure_link _ce_measure_widget\" data-ce-measure-widget=\"facebookGallery-btn\"><i class=\"fab fa-facebook-f\"><\/i><\/span><span class=\"m-cegSocial__icon -pinterest _ce_measure_link _ce_measure_widget\" data-ce-measure-widget=\"printeresGallery-btn\"><i class=\"fab fa-pinterest-p\"><\/i><\/span><span class=\"m-cegSocial__icon -email _ce_measure_link _ce_measure_widget\" data-ce-measure-widget=\"emailGallery-btn\"><i class=\"far fa-envelope\"><\/i><\/span><span class=\"m-cegSocial__icon -clipboard _ce_measure_link _ce_measure_widget\" data-ce-measure-widget=\"clipboardGallery-btn\"><i class=\"fa fa-link\"><\/i><\/span><\/span>\t\t\t\t\t<\/div>\n\t\t\t\t<\/div>\n\t\t\t\t\t\t\t\t\t\t\t\t<div\n\t\t\t\t\t\tclass=\"m-cegCarousel__item -banner\"\n\t\t\t\t\t\tdata-type=\"banner\"\n\t\t\t\t\t\tdata-id=\"1\/8\/banner\"\n\t\t\t\t\t\tdata-image-url=\"\"\n\t\t\t\t\t\tdata-title=\"\"\n\t\t\t\t\t\tdata-desc=\"\">\n\n\t\t\t\t\t\t<div class=\"m-cegCarousel__floatingCnt banner-container gallery-content020\"><\/div>\n\n\t\t\t\t\t<\/div>\n\t\t\t\t\t\t\t\t\t\n\t\t\t\t<div\n\t\t\t\t\tclass=\"m-cegCarousel__item\"\n\t\t\t\t\tdata-type=\"image\"\n\t\t\t\t\tdata-id=\"1\/9\/kincsem-palota14\"\n\t\t\t\t\tdata-image-url=\"https:\/\/www.startlap.hu\/utazas\/uploads\/sites\/3\/2026\/03\/kincsem-palota14.JPG\"\n\t\t\t\t\tdata-title=\"kincsem-palota14\"\n\t\t\t\t\tdata-desc=\"Blaskovich Ern\u0151 budapesti Kincsem-palot\u00e1ja egyik szob\u00e1j\u00e1nak mennyezet-r\u00e9szlete. A m\u00falt csod\u00e1latos maradv\u00e1nya.\">\n\n\t\t\t\t\t<!-- image -->\n\t\t\t\t\t<div class=\"m-cegCarousel__floatingCnt\">\n\t\t\t\t\t\t<img decoding=\"async\" src=\"https:\/\/www.startlap.hu\/utazas\/uploads\/sites\/3\/2026\/03\/kincsem-palota14.JPG\" class=\"m-cegCarousel__image\" alt=\"Blaskovich Ern\u0151 budapesti Kincsem-palot\u00e1ja egyik szob\u00e1j\u00e1nak mennyezet-r\u00e9szlete\" \/>\t\t\t\t\t\t<span class=\"fa m-cegCarousel__zoom _ce_measure_link _ce_measure_widget\" data-ce-measure-widget=\"gallery-zoom-btn\"><\/span>\n\t\t\t\t\t<\/div>\n\n\t\t\t\t\t<!-- thumb icon \/ counter, caption  -->\n\t\t\t\t\t<div class=\"m-cegCarousel__captionCnt m-cegCaption\">\n\t\t\t\t\t\t<span class=\"m-cegCaption__thumbIcon a-cegThumbIcon _ce_measure_widget _ce_measure_link\"\n\t\t\t\t\t\t\t  data-ce-measure-widget=\"thumbnails-btn\"\n\t\t\t\t\t\t\t  data-ce-measure-widget=\"gallery-thumbnails\"><i class=\" fa fa-th-large\"><\/i><\/span>\n\t\t\t\t\t\t<span class=\"m-cegCaption__pagination a-cegPagination\">\n\t\t\t\t\t\t\t<span class=\"a-cegPagination__current\">9<\/span>\/10\t\t\t\t\t\t<\/span>\n\t\t\t\t\t\t<span class=\"m-cegCaption__caption\">kincsem-palota14<\/span>\n\t\t\t\t\t<\/div>\n\n\t\t\t\t\t<!-- Image description -->\n\t\t\t\t\t<div class=\"m-cegCarousel__desc a-cegDesc\">Blaskovich Ern\u0151 budapesti Kincsem-palot\u00e1ja egyik szob\u00e1j\u00e1nak mennyezet-r\u00e9szlete. A m\u00falt csod\u00e1latos maradv\u00e1nya.<\/div>\n\n\t\t\t\t\t<!-- Image social share icons -->\n\t\t\t\t\t<div class=\"m-cegCarousel__socialCnt m-cegSocial\">\n\t\t\t\t\t\t<span class=\"m-cegSocial__text\">Fot\u00f3 megoszt\u00e1sa:<\/span><span class=\"m-cegSocial__iconWrap\"><span class=\"m-cegSocial__icon -facebook _ce_measure_link _ce_measure_widget\" data-ce-measure-widget=\"facebookGallery-btn\"><i class=\"fab fa-facebook-f\"><\/i><\/span><span class=\"m-cegSocial__icon -pinterest _ce_measure_link _ce_measure_widget\" data-ce-measure-widget=\"printeresGallery-btn\"><i class=\"fab fa-pinterest-p\"><\/i><\/span><span class=\"m-cegSocial__icon -email _ce_measure_link _ce_measure_widget\" data-ce-measure-widget=\"emailGallery-btn\"><i class=\"far fa-envelope\"><\/i><\/span><span class=\"m-cegSocial__icon -clipboard _ce_measure_link _ce_measure_widget\" data-ce-measure-widget=\"clipboardGallery-btn\"><i class=\"fa fa-link\"><\/i><\/span><\/span>\t\t\t\t\t<\/div>\n\t\t\t\t<\/div>\n\t\t\t\t\t\t\t\n\t\t\t\t<div\n\t\t\t\t\tclass=\"m-cegCarousel__item\"\n\t\t\t\t\tdata-type=\"image\"\n\t\t\t\t\tdata-id=\"1\/10\/kincsem-palota18\"\n\t\t\t\t\tdata-image-url=\"https:\/\/www.startlap.hu\/utazas\/uploads\/sites\/3\/2026\/03\/kincsem-palota18.JPG\"\n\t\t\t\t\tdata-title=\"kincsem-palota18\"\n\t\t\t\t\tdata-desc=\"A Kincsem-palota fennmaradt eredeti kapuzata \u00e9s kilincse. Vajon h\u00e1ny h\u00edres ember nyomhatta le a d\u00edszkilincset az elm\u00falt t\u00f6bb mint 150 \u00e9vben?\">\n\n\t\t\t\t\t<!-- image -->\n\t\t\t\t\t<div class=\"m-cegCarousel__floatingCnt\">\n\t\t\t\t\t\t<img decoding=\"async\" src=\"https:\/\/www.startlap.hu\/utazas\/uploads\/sites\/3\/2026\/03\/kincsem-palota18.JPG\" class=\"m-cegCarousel__image\" alt=\"Kincsem gazd\u00e1j\u00e1nak budapesti palot\u00e1ja.\" \/>\t\t\t\t\t\t<span class=\"fa m-cegCarousel__zoom _ce_measure_link _ce_measure_widget\" data-ce-measure-widget=\"gallery-zoom-btn\"><\/span>\n\t\t\t\t\t<\/div>\n\n\t\t\t\t\t<!-- thumb icon \/ counter, caption  -->\n\t\t\t\t\t<div class=\"m-cegCarousel__captionCnt m-cegCaption\">\n\t\t\t\t\t\t<span class=\"m-cegCaption__thumbIcon a-cegThumbIcon _ce_measure_widget _ce_measure_link\"\n\t\t\t\t\t\t\t  data-ce-measure-widget=\"thumbnails-btn\"\n\t\t\t\t\t\t\t  data-ce-measure-widget=\"gallery-thumbnails\"><i class=\" fa fa-th-large\"><\/i><\/span>\n\t\t\t\t\t\t<span class=\"m-cegCaption__pagination a-cegPagination\">\n\t\t\t\t\t\t\t<span class=\"a-cegPagination__current\">10<\/span>\/10\t\t\t\t\t\t<\/span>\n\t\t\t\t\t\t<span class=\"m-cegCaption__caption\">kincsem-palota18<\/span>\n\t\t\t\t\t<\/div>\n\n\t\t\t\t\t<!-- Image description -->\n\t\t\t\t\t<div class=\"m-cegCarousel__desc a-cegDesc\">A Kincsem-palota fennmaradt eredeti kapuzata \u00e9s kilincse. Vajon h\u00e1ny h\u00edres ember nyomhatta le a d\u00edszkilincset az elm\u00falt t\u00f6bb mint 150 \u00e9vben?<\/div>\n\n\t\t\t\t\t<!-- Image social share icons -->\n\t\t\t\t\t<div class=\"m-cegCarousel__socialCnt m-cegSocial\">\n\t\t\t\t\t\t<span class=\"m-cegSocial__text\">Fot\u00f3 megoszt\u00e1sa:<\/span><span class=\"m-cegSocial__iconWrap\"><span class=\"m-cegSocial__icon -facebook _ce_measure_link _ce_measure_widget\" data-ce-measure-widget=\"facebookGallery-btn\"><i class=\"fab fa-facebook-f\"><\/i><\/span><span class=\"m-cegSocial__icon -pinterest _ce_measure_link _ce_measure_widget\" data-ce-measure-widget=\"printeresGallery-btn\"><i class=\"fab fa-pinterest-p\"><\/i><\/span><span class=\"m-cegSocial__icon -email _ce_measure_link _ce_measure_widget\" data-ce-measure-widget=\"emailGallery-btn\"><i class=\"far fa-envelope\"><\/i><\/span><span class=\"m-cegSocial__icon -clipboard _ce_measure_link _ce_measure_widget\" data-ce-measure-widget=\"clipboardGallery-btn\"><i class=\"fa fa-link\"><\/i><\/span><\/span>\t\t\t\t\t<\/div>\n\t\t\t\t<\/div>\n\t\t\t\t\t\t\t\t<\/div>\n\t\t<div class=\"m-cegLayer__thumbnails m-cegThumbList _ce_measure_widget\" data-ce-measure-widget=\"gallery-thumb-list\">\n\t\t\t\t\t\t\t\t\t\t\t<div class=\"m-cegThumbList__item\"\n\t\t\t\t\tdata-id=\"1\/1\/kincsem-palota11-scaled\"\n\t\t\t\t\tdata-index=\"0\">\n\t\t\t\t\t<img decoding=\"async\" src=\"https:\/\/www.startlap.hu\/utazas\/uploads\/sites\/3\/2026\/03\/kincsem-palota11-scaled.jpg\" class=\"m-cegThumbList__image _ce_measure_link\" alt=\"Kincsem gazd\u00e1j\u00e1nak budapesti palot\u00e1ja.\" \/>\t\t\t\t<\/div>\n\t\t\t\t\t\t\t\t\t\t\t<div class=\"m-cegThumbList__item\"\n\t\t\t\t\tdata-id=\"1\/2\/kincsem-palota10\"\n\t\t\t\t\tdata-index=\"1\">\n\t\t\t\t\t<img decoding=\"async\" src=\"https:\/\/www.startlap.hu\/utazas\/uploads\/sites\/3\/2026\/03\/kincsem-palota10.JPG\" class=\"m-cegThumbList__image _ce_measure_link\" alt=\"Kincsem gazd\u00e1j\u00e1nak budapesti palot\u00e1ja.\" \/>\t\t\t\t<\/div>\n\t\t\t\t\t\t\t\t\t\t\t<div class=\"m-cegThumbList__item\"\n\t\t\t\t\tdata-id=\"1\/3\/kincsem-palota13\"\n\t\t\t\t\tdata-index=\"2\">\n\t\t\t\t\t<img decoding=\"async\" src=\"https:\/\/www.startlap.hu\/utazas\/uploads\/sites\/3\/2026\/03\/kincsem-palota13.JPG\" class=\"m-cegThumbList__image _ce_measure_link\" alt=\"Kincsem gazd\u00e1j\u00e1nak budapesti palot\u00e1ja.\" \/>\t\t\t\t<\/div>\n\t\t\t\t\t\t\t\t\t\t\t\t\t\t\t<div class=\"m-cegThumbList__item\"\n\t\t\t\t\tdata-id=\"1\/5\/kincsem-palota15\"\n\t\t\t\t\tdata-index=\"4\">\n\t\t\t\t\t<img decoding=\"async\" src=\"https:\/\/www.startlap.hu\/utazas\/uploads\/sites\/3\/2026\/03\/kincsem-palota15.JPG\" class=\"m-cegThumbList__image _ce_measure_link\" alt=\"Kincsem gazd\u00e1j\u00e1nak budapesti palot\u00e1ja.\" \/>\t\t\t\t<\/div>\n\t\t\t\t\t\t\t\t\t\t\t<div class=\"m-cegThumbList__item\"\n\t\t\t\t\tdata-id=\"1\/6\/kincsem-palota16\"\n\t\t\t\t\tdata-index=\"5\">\n\t\t\t\t\t<img decoding=\"async\" src=\"https:\/\/www.startlap.hu\/utazas\/uploads\/sites\/3\/2026\/03\/kincsem-palota16.JPG\" class=\"m-cegThumbList__image _ce_measure_link\" alt=\"Kincsem gazd\u00e1j\u00e1nak budapesti palot\u00e1ja.\" \/>\t\t\t\t<\/div>\n\t\t\t\t\t\t\t\t\t\t\t<div class=\"m-cegThumbList__item\"\n\t\t\t\t\tdata-id=\"1\/7\/kincsem-palota17-scaled\"\n\t\t\t\t\tdata-index=\"6\">\n\t\t\t\t\t<img decoding=\"async\" src=\"https:\/\/www.startlap.hu\/utazas\/uploads\/sites\/3\/2026\/03\/kincsem-palota17-scaled.jpg\" class=\"m-cegThumbList__image _ce_measure_link\" alt=\"Kincsem gazd\u00e1j\u00e1nak budapesti palot\u00e1ja.\" \/>\t\t\t\t<\/div>\n\t\t\t\t\t\t\t\t\t\t\t\t\t\t\t<div class=\"m-cegThumbList__item\"\n\t\t\t\t\tdata-id=\"1\/9\/kincsem-palota14\"\n\t\t\t\t\tdata-index=\"8\">\n\t\t\t\t\t<img decoding=\"async\" src=\"https:\/\/www.startlap.hu\/utazas\/uploads\/sites\/3\/2026\/03\/kincsem-palota14.JPG\" class=\"m-cegThumbList__image _ce_measure_link\" alt=\"Blaskovich Ern\u0151 budapesti Kincsem-palot\u00e1ja egyik szob\u00e1j\u00e1nak mennyezet-r\u00e9szlete\" \/>\t\t\t\t<\/div>\n\t\t\t\t\t\t\t\t\t\t\t<div class=\"m-cegThumbList__item\"\n\t\t\t\t\tdata-id=\"1\/10\/kincsem-palota18\"\n\t\t\t\t\tdata-index=\"9\">\n\t\t\t\t\t<img decoding=\"async\" src=\"https:\/\/www.startlap.hu\/utazas\/uploads\/sites\/3\/2026\/03\/kincsem-palota18.JPG\" class=\"m-cegThumbList__image _ce_measure_link\" alt=\"Kincsem gazd\u00e1j\u00e1nak budapesti palot\u00e1ja.\" \/>\t\t\t\t<\/div>\n\t\t\t\t\t<\/div>\n\t<\/div>\n\t<div class=\"m-cegLayer__sidebar m-cegSidebar _ce_measure_widget\" data-ce-measure-widget=\"gallery-sidebar\">\n\n\t\t<div class=\"m-cegSidebar__desc a-cegDesc _ce_measure_widget\" data-ce-measure-widget=\"gallery-desc\"><\/div>\n\n\t\t<div class=\"m-cegSidebar__socialCnt m-cegSocial -sidebar _ce_measure_widget\" data-ce-measure-widget=\"gallery-social\">\n\t\t\t<span class=\"m-cegSocial__text\">Fot\u00f3 megoszt\u00e1sa:<\/span><span class=\"m-cegSocial__iconWrap\"><span class=\"m-cegSocial__icon -facebook _ce_measure_link _ce_measure_widget\" data-ce-measure-widget=\"facebookGallery-btn\"><i class=\"fab fa-facebook-f\"><\/i><\/span><span class=\"m-cegSocial__icon -pinterest _ce_measure_link _ce_measure_widget\" data-ce-measure-widget=\"printeresGallery-btn\"><i class=\"fab fa-pinterest-p\"><\/i><\/span><span class=\"m-cegSocial__icon -email _ce_measure_link _ce_measure_widget\" data-ce-measure-widget=\"emailGallery-btn\"><i class=\"far fa-envelope\"><\/i><\/span><span class=\"m-cegSocial__icon -clipboard _ce_measure_link _ce_measure_widget\" data-ce-measure-widget=\"clipboardGallery-btn\"><i class=\"fa fa-link\"><\/i><\/span><\/span>\t\t<\/div>\n\n\t\t<div class=\"gallery-right010 banner-container\"><\/div>\n\t\t<div class=\"gallery-right020 banner-container\"><\/div>\n\n\t<\/div>\n<\/div>\n\t<\/div>\n\n\t<script>\n\t\tjQuery(function () {\n\t\t\tvar id = '#cegPostCnt_1';\n\t\t\tjQuery( id ).articleGallery({\n\t\t\t\tonChanged: function (event) {\n\t\t\t\t\t\tthis.renderSidebarCTS( 'gallery-right010' );\n\t\t\t\t\t\tthis.renderSidebarCTS( 'gallery-right020' );\n\t\t\t\t\t\tthis.renderBannerSlideCTS(  event,\n\t\t\t\t\t\t\t\t\t\t\t\t\t[\n\t\t\t\t\t\t\t\t\t\t\t\t\t\t'gallery-content010',\n\t\t\t\t\t\t\t\t\t\t\t\t\t\t'gallery-content020',\n\t\t\t\t\t\t\t\t\t\t\t\t\t\t'gallery-content030'\n\t\t\t\t\t\t\t\t\t\t\t\t\t]);\n\t\t\t\t}\n\t\t\t});\n\t\t});\n\t<\/script>\t\n<h2>Kincsem \u00e9s gazd\u00e1ja: egy k\u00fcl\u00f6nleges k\u00f6tel\u00e9k<\/h2>\n<p>Ki ne hallott volna Kincsemr\u0151l, a Magyarorsz\u00e1gon \u201elegy\u0151zhetetlen csodakanc\u00e1nak\u201d, <strong><a href=\"https:\/\/www.startlap.hu\/utazas\/legkevesbe-felkapott-uti-celok-europa\/\" target=\"_blank\" rel=\"noopener\">Eur\u00f3p\u00e1ban<\/a><\/strong> kora legh\u00edresebb lov\u00e1nak titul\u00e1lt, \u201eHungarian miracle-nek\u201d nevezett lovunkr\u00f3l? Kincsemr\u0151l m\u00e9g Kr\u00fady Gyula is \u00edrt: \u201eKincsem volt az, aki fellelkes\u00edtette a magyar urakat, hogy a csodakanc\u00e1hoz hasonl\u00f3 parip\u00e1kat teny\u00e9sszenek, amelyekkel majd \u00f6regb\u00edts\u00e9k a magyar l\u00f3nevel\u00e9s h\u00edrnev\u00e9t, v\u00e9gig az eg\u00e9sz vil\u00e1gon. A (\u2026), Zichy B\u00e9la gr\u00f3fok, Dreher Antalok, (\u2026), Teleki L\u00e1szl\u00f3 gr\u00f3fok, Apponyi Antalok, (\u2026), a Rothschildok, (\u2026), Wenckheimek, Esterh\u00e1zyak, (\u2026), voltak\u00e9ppen az\u00e9rt neveltek csik\u00f3kat az utols\u00f3 \u00f6tven esztend\u0151ben, hogy utol\u00e9rj\u00e9k ama legend\u00e1s Blaskovich Ern\u0151t.\u201d<\/p>\n<p>No de ki ez a legend\u00e1s Blaskovich Ern\u0151?<\/p>\n<blockquote class=\"article__extraTxt\"><p>Blaskovich Ern\u0151 az \u00e1lmodoz\u00f3 nemes, aki a csal\u00e1di hagyom\u00e1nyokb\u00f3l mer\u00edtve a gazd\u00e1lkod\u00e1st \u00e9s a l\u00f3teny\u00e9szt\u00e9st v\u00e1lasztotta \u00e9let\u00fatj\u00e1ul.<\/p><\/blockquote>\n<p>\u00c9desapja t\u00e1blab\u00edr\u00f3, \u00e9s a kecskem\u00e9ti j\u00e1r\u00e1s szolgab\u00edr\u00e1ja, \u00e9desanyja az Alm\u00e1sy csal\u00e1d k\u00f6znemesi \u00e1g\u00e1r\u00f3l sz\u00e1rmazott. Az 1834-ben sz\u00fcletett Ern\u0151 nem csak kor\u00e1t tekintve volt a legkisebb fi\u00fatestv\u00e9r az \u00f6tb\u0151l, hanem fot\u00f3k \u00e1ltal igazoltan a m\u00e9ret\u00e9t tekintve is egy fejjel volt alacsonyabb a t\u00f6bbiekn\u00e9l, ez azonban nem akad\u00e1lyozta meg abban, hogy a legnagyobb Blaskovich v\u00e1ljon bel\u0151le.<\/p>\n<h2>Az apai szigor \u00e9s a munka vil\u00e1ga<\/h2>\n<p>A nagy preszt\u00edzs\u0171 \u00e9desapa nem k\u00edm\u00e9lte fiait: m\u00e1r fiatal korukt\u00f3l bevonta \u0151ket a gazdas\u00e1g munk\u00e1iba, hogy az alapokt\u00f3l saj\u00e1t\u00edts\u00e1k el a feladatokat. Nem egyszer el\u0151fordult, hogy az \u00f6t fi\u00fa arat\u00e1s vagy cs\u00e9pl\u00e9s idej\u00e9n a betakar\u00edt\u00e1sn\u00e1l dolgoz\u00f3kkal egy\u00fctt, a szabadban fel\u00e1ll\u00edtott ideiglenes h\u00e1l\u00f3helyen t\u00f6lt\u00f6tte az \u00e9jszak\u00e1t. <strong>Ern\u0151 szerencs\u00e9j\u00e9re im\u00e1dta ezt a vil\u00e1got, s\u0151t, im\u00e1dta a lovakat, \u00edgy nem k\u00f6teless\u00e9gnek \u00e9lte meg azt a t\u00e9nyt, hogy a val\u00f3di nemess\u00e9g nem csup\u00e1n d\u00edszp\u00e1rn\u00e1kon ringat\u00f3z\u00f3 l\u00e9tez\u00e9st jelent, hanem bizony kem\u00e9ny munk\u00e1t is<\/strong>. Ekkor m\u00e9g senki sem sejtette, hogy Blaskovich Ern\u0151 neve egyszer Eur\u00f3pa-szerte ismert lesz.<\/p>\n<h2>A budapesti palota t\u00f6rt\u00e9nete: nem csak otthon, hanem szimb\u00f3lum<\/h2>\n<p>Blaskovich Ern\u0151 40 \u00e9ves, amikor megsz\u00fcletik a m\u00e9nes\u00e9ben Kincsem, \u00e9s nem sokra r\u00e1 m\u00e1r sz\u00e1rnyalnak is egy\u00fctt a siker fel\u00e9. Ern\u0151 44 \u00e9ves, amikor hat\u00e1roz egy budapesti palota \u00e9p\u00edt\u00e9se mellett. Egy felt\u00f6rekv\u0151 \u00e9p\u00edt\u00e9szt, Bukovics Gyul\u00e1t b\u00edzza meg, ezekkel a mondatokkal: \u201e\u00c9p\u00edttess\u00e9k egy igen sz\u0171k telken egy mag\u00e1nyos f\u0151\u00far \u00e9s sportsmann sz\u00e1m\u00e1ra egy minden megfelel\u0151 k\u00e9nyelemben berendezett lak\u00e1s. Emellett az ist\u00e1ll\u00f3ra k\u00fcl\u00f6n\u00f6s figyelem ford\u00edtand\u00f3: ez ut\u00f3bbi m\u00e1rv\u00e1nnyal, t\u00f6lgyf\u00e1val \u00e9s asfart burkolattal felszerelend\u0151.\u201d Igen, ilyen fels\u0151oszt\u00e1lyb\u00e9li figyelmet ford\u00edtott Blaskovich Ern\u0151 Kincsemre, megjegyzend\u0151, nem v\u00e9letlen, Kincsem akkor m\u00e1r tarolt: 1876 \u00e9s 1879 k\u00f6z\u00f6tt mind az 54 verseny\u00e9t megnyerte.<\/p>\n<blockquote class=\"article__extraTxt\"><p>Az els\u0151 gal\u00e9ri\u00e1nkban bemutatott h\u00e1z nem csup\u00e1n egy \u00e9p\u00fclet: \u00e9rdekes t\u00f6rt\u00e9netek sz\u00edntere volt.<\/p><\/blockquote>\n<p>Vend\u00e9gei arisztokrat\u00e1k \u00e9s uralkod\u00f3k voltak, mik\u00f6zben a palota falai k\u00f6z\u00f6tt egy diszkr\u00e9t, mag\u00e1n\u00e9leti t\u00f6rt\u00e9net is kibontakozott.<\/p>\n<h2>Egy titkos szerelem a palota falai k\u00f6z\u00f6tt<\/h2>\n<p>Hogy mi is ez a mag\u00e1n\u00e9leti t\u00f6rt\u00e9net? A palota f\u00f6ldszintj\u00e9n \u00e9lt m\u00e9g valaki, akir\u0151l kevesen besz\u00e9ltek ny\u00edltan, m\u00e9gis sokan tisztelt\u00e9k. <strong>Valaki, aki 35 \u00e9ven \u00e1t Sz\u00edvkir\u00e1lyn\u0151 volt, \u00e9s a f\u00f6ldszinti lakoszt\u00e1ly a sz\u00e1m\u00e1ra k\u00e9sz\u00fclt<\/strong>. A k\u00e9kszem\u0171, b\u00e1jos h\u00f6lgy a Nemzeti Sz\u00ednh\u00e1z kezd\u0151 m\u0171v\u00e9szn\u0151je volt, \u00e9s Szab\u00f3 Karolin\u00e1nak h\u00edvt\u00e1k. <strong>Blaskovich Ern\u0151 \u00e9s Szab\u00f3 Karolina szerelme nem volt h\u00e9tk\u00f6znapi<\/strong>. Karolina sok nagyszer\u0171 tulajdons\u00e1ga mellett &#8211; amelyek k\u00f6z\u00f6tt k\u00fcl\u00f6n\u00f6sk\u00e9ppen a j\u00f3 modor \u00e9s a diszkr\u00e9t viselked\u00e9s volt Ern\u0151 \u00far sz\u00e1m\u00e1ra a legfontosabb &#8211; egy valamit nem tudott kiegyenl\u00edteni: a Sz\u00edvkir\u00e1lyn\u0151 fejjel magasabb volt Erneszt \u00farn\u00e1l.<\/p>\n<p>Le\u00edr\u00e1sok alapj\u00e1n az Eur\u00f3pa-szerte ismertt\u00e9 v\u00e1lt Blaskovich Ern\u0151 a nevets\u00e9gess\u00e9gt\u0151l rettegett, \u00edgy nem vette feles\u00e9g\u00fcl, \u00e9s nem is mutatkozott nagy nyilv\u00e1noss\u00e1g el\u0151tt a sud\u00e1r termet\u0171 sz\u00e9ps\u00e9ggel. B\u00e1r mindenki tudott Karolina l\u00e9tez\u00e9s\u00e9r\u0151l \u00e9s szerett\u00e9k is \u0151t, hovatov\u00e1bb, a nemesi k\u00f6zeg egyenrang\u00fanak kezelte Karolin\u00e1t, publikusan felv\u00e1llalni \u0151t Ern\u0151 sosem merte, \u00edgy Karolina a h\u00e1zban rendezett reprezentat\u00edv mulats\u00e1gok alkalm\u00e1val is diszkr\u00e9ten visszavonult f\u00f6ldszinti aranykalitk\u00e1j\u00e1ba.<\/p>\n<p><strong>Karolina Blaskovichhoz val\u00f3 ragaszkod\u00e1sa 35 \u00e9vig tartott<\/strong>. Blaskovich 70 k\u00f6r\u00fcli m\u00e1r, amikor Karolina Mez\u0151szilasra k\u00f6lt\u00f6zik, <a href=\"https:\/\/www.errearra.org\/droppa-kastely\" target=\"_blank\" target=\"_blank\" target=\"_blank\" rel=\"noopener\">Blaskovich Ern\u0151 \u00e1ltal Karolin\u00e1nak v\u00e1s\u00e1rolt kast\u00e9lyba<\/a>. B\u00e1r Blaskovich Ern\u0151 egyed\u00fcl hal meg 1911-ben, \u00e9lete v\u00e9g\u00e9ig h\u00e1l\u00e1s volt Karolin\u00e1nak, hogy a 35 elszigetelt \u00e9vet mellette t\u00f6lt\u00f6tte.<\/p>\n<p>A t\u00f6rt\u00e9net teljes eg\u00e9sz\u00e9ben (hogyan ismerkedett meg a szerelmesp\u00e1r, hogyan sz\u00f6k\u00f6tt sz\u00e1rba a szerelm\u00fck; kik voltak a Kincsem-palot\u00e1ba \u00e9rkezett magas rang\u00fa vend\u00e9gek) a mai is \u00e1ll\u00f3 Kincsem-palota tov\u00e1bbi fot\u00f3ival egy\u00fctt <strong><a href=\"https:\/\/www.errearra.org\/kincsem-palota\" target=\"_blank\" target=\"_blank\" rel=\"noopener\">itt<\/a><\/strong> \u00e9rhet\u0151 el.<\/p>\n<h2>Szab\u00f3 Karolina \u00faj \u00e9lete: mi\u00e9rt hagyta el Blaskovich Ern\u0151t?<\/h2>\n<p>Gr\u00f3f Blaskovich Ern\u0151 emberk\u00f6zeli t\u00f6rt\u00e9net\u00e9be annyira beleszerett\u00fcnk, hogy tov\u00e1bbment\u00fcnk Budapest belv\u00e1ros\u00e1b\u00f3l. Els\u0151 l\u00e9p\u00e9sk\u00e9nt arra voltunk k\u00edv\u00e1ncsiak, Szab\u00f3 Karolina mi\u00e9rt k\u00f6lt\u00f6z\u00f6tt el Blaskovich Ern\u0151t\u0151l, mi\u00e9rt hagyta ott az aranykalitk\u00e1t, hova k\u00f6lt\u00f6z\u00f6tt, \u00e9s Blaskovich Ern\u0151 hogyan reag\u00e1lt a v\u00e1ltoz\u00e1sokra. Karolina &#8211; ahogy eml\u00edtett\u00fck -, annak ellen\u00e9re, hogy a sz\u00e1zadel\u0151n oly fontos h\u00e1zass\u00e1g int\u00e9zm\u00e9nye nem adatott meg neki, 35 \u00e9ven kereszt\u00fcl, eg\u00e9szen 1908-ig kitartott Ern\u0151 \u00far mellett. Amire viszont \u0151 maga sem sz\u00e1m\u00edtott: <strong>50 \u00e9vesen beleszerelmesedett a t\u00e1pi\u00f3szentm\u00e1rtoni lelk\u00e9szbe<\/strong>, \u00e9s elk\u00f6lt\u00f6z\u00f6tt a hetvenn\u00e9gy \u00e9ves, m\u00e1r nagybeteg Blaskovich Ern\u0151 mell\u0151l.<\/p>\n<h2>A mez\u0151szilasi Droppa-kast\u00e9ly t\u00f6rt\u00e9nete &#8211; Blaskovich Ern\u0151 \u00f6nzetlen aj\u00e1nd\u00e9ka<\/h2>\n<p>Droppa K\u00e1roly, a t\u00e1pi\u00f3szentm\u00e1rtoni lelk\u00e9sz is f\u00fclig szerelmes lett Karolin\u00e1ba, \u00edgy 1910 m\u00e1jus\u00e1ban a t\u00e1pi\u00f3szentm\u00e1rtoni par\u00f3ki\u00e1t p\u00fcsp\u00f6ki enged\u00e9ly n\u00e9lk\u00fcl K\u00e1roly elhagyta, \u00e9s \u00e1tt\u00e9rt a reform\u00e1tus vall\u00e1sra, hogy elvehesse Karolin\u00e1t. <strong>1910 t\u00e1j\u00e1n az ifj\u00fanak m\u00e1r nem mondhat\u00f3 szerelmesek \u00f6sszeh\u00e1zasodtak, \u00e9s a Blaskovich Ern\u0151t\u0151l b\u00facs\u00faaj\u00e1nd\u00e9kba kapott <a href=\"https:\/\/www.errearra.org\/droppa-kastely\" target=\"_blank\" target=\"_blank\" target=\"_blank\" rel=\"noopener\">mez\u0151szilasi kast\u00e9lyba<\/a> k\u00f6lt\u00f6ztek<\/strong>. \u00c9rdekess\u00e9g, hogy b\u00e1r a kast\u00e9ly Szab\u00f3 Karolina tulajdon\u00e1ban volt, m\u00e9gis Droppa-kast\u00e9lynak nevezt\u00e9k el. A mai vil\u00e1gban valljuk be ez m\u00e1r eg\u00e9szen \u00e9rdekes szitu\u00e1ci\u00f3 lenne.<\/p>\n<p>Summa-summ\u00e1rum, gyertek vel\u00fcnk megtekinteni Szab\u00f3 Karolina Droppa-kast\u00e9ly\u00e1t. M\u00e1ra m\u00e1r urbex jelleg\u0171v\u00e9 v\u00e1lt ez az \u00e9p\u00fclet is, de a k\u00fclcs\u00ednje m\u00e9g alkalmas az elmereng\u00e9sre: a tavaszi mad\u00e1rcsicserg\u00e9s k\u00e9sztethette-e a szerelmesp\u00e1rt arra p\u00e9ld\u00e1ul, hogy ki\u00fclj\u00f6n a teraszra reggeli k\u00e1v\u00e9t fogyasztani?<\/p>\n\n\t<div id=\"cegPostCnt_2\" class=\"o-cegPostCnt -inContent\" data-title=\"Less be vel\u00fcnk Kincsem gazd\u00e1j\u00e1nak budapesti palot\u00e1j\u00e1ba! Egy legenda \u00e9s titkos szerelem nyom\u00e1ban\">\n\t\t<a class=\"o-cegPostCnt__opener m-cegOpener _ce_measure_widget _ce_measure_link\" data-ce-measure-widget=\"gallery-open\"\n   href=\"?gallery=2\/1\/kincsem-palota\">\n\t<img decoding=\"async\" src=\"https:\/\/www.startlap.hu\/utazas\/uploads\/sites\/3\/2026\/03\/kincsem-palota.JPG\" class=\"m-cegOpener__image\" alt=\"Az 1800 k\u00f6r\u00fcl \u00e9p\u00fclt mez\u0151szilasi Droppa-kast\u00e9ly\" sizes=\"(max-width: 991px) 100vw, (max-width: 1039px) 66vw, 684px\" srcset=\"https:\/\/www.startlap.hu\/utazas\/uploads\/sites\/3\/2026\/03\/kincsem-palota.JPG 2500w, https:\/\/www.startlap.hu\/utazas\/uploads\/sites\/3\/2026\/03\/kincsem-palota-1536x1024.jpg 1536w, https:\/\/www.startlap.hu\/utazas\/uploads\/sites\/3\/2026\/03\/kincsem-palota-2048x1366.jpg 2048w, https:\/\/www.startlap.hu\/utazas\/uploads\/sites\/3\/2026\/03\/kincsem-palota-755x503.jpg 755w, https:\/\/www.startlap.hu\/utazas\/uploads\/sites\/3\/2026\/03\/kincsem-palota-525x350.jpg 525w\" \/>\t<div class=\"m-cegOpener__btn\"><i class=\"far fa-clone\"><\/i><\/div>\n<\/a>\n<div class=\"o-cegPostCnt__layer m-cegLayer _ce_measure_widget\" data-ce-measure-widget=\"gallery-layer\" style=\"display: none\">\n\t<div class=\"m-cegLayer__top m-cegHeader _ce_measure_widget\" data-ce-measure-widget=\"gallery-header\">\n\t\t\t\t\t<span class=\"m-cegHeader__logo\"><span class=\"a-cegLogo\"><\/span><\/span>\n\t\t\t\t<div class=\"m-cegHeader__imgCnt\">\n\t\t\t<img decoding=\"async\" src=\"https:\/\/www.startlap.hu\/utazas\/uploads\/sites\/3\/2026\/03\/kincsem-palota.JPG\" class=\"m-cegHeader__imgOpener\" alt=\"Az 1800 k\u00f6r\u00fcl \u00e9p\u00fclt mez\u0151szilasi Droppa-kast\u00e9ly\" \/>\t\t<\/div>\n\t\t<h2 class=\"m-cegHeader__title a-cegGalleryTitle\"><i class=\"fa fa-angle-left\"><\/i>Less be vel\u00fcnk Kincsem gazd\u00e1j\u00e1nak budapesti palot\u00e1j\u00e1ba! Egy legenda \u00e9s titkos szerelem nyom\u00e1ban<\/h2>\n\t\t<div class=\"m-cegHeader__pagination a-cegPagination\"><\/div>\n\t\t<div class=\"m-cegHeader__closeBtn close-button nlc-icon-close _ce_measure_link _ce_measure_widget\" data-ce-measure-widget=\"gallery-close-btn\"><i class=\"fa fa-times\" aria-hidden=\"true\"><\/i><\/div>\n\t<\/div>\n\t<div class=\"m-cegLayer__screen\">\n\t\t<div class=\"m-cegLayer__carousel m-cegCarousel\">\n\t\t\t\t\t\t\t\n\t\t\t\t<div\n\t\t\t\t\tclass=\"m-cegCarousel__item\"\n\t\t\t\t\tdata-type=\"image\"\n\t\t\t\t\tdata-id=\"2\/1\/kincsem-palota\"\n\t\t\t\t\tdata-image-url=\"https:\/\/www.startlap.hu\/utazas\/uploads\/sites\/3\/2026\/03\/kincsem-palota.JPG\"\n\t\t\t\t\tdata-title=\"kincsem-palota\"\n\t\t\t\t\tdata-desc=\"Az 1800 k\u00f6r\u00fcl \u00e9p\u00fclt mez\u0151szilasi Droppa-kast\u00e9ly el\u0151sz\u00f6r a Husz\u00e1r csal\u00e1d\u00e9, majd a B\u00e1r\u00e1ndyak\u00e9, ezt k\u00f6vet\u0151en a Sz\u00e9csy-Ill\u00e9s csal\u00e1d\u00e9 lett. 1911-t\u0151l Szab\u00f3 Karolina \u00e9s Droppa K\u00e1roly lettek a kast\u00e9ly tulajdonosai. Nekik Blaskovics Ern\u0151, a h\u00edres Kincsem versenyl\u00f3 tulajdonosa v\u00e1s\u00e1rolta meg a kast\u00e9lyt.\">\n\n\t\t\t\t\t<!-- image -->\n\t\t\t\t\t<div class=\"m-cegCarousel__floatingCnt\">\n\t\t\t\t\t\t<img decoding=\"async\" src=\"https:\/\/www.startlap.hu\/utazas\/uploads\/sites\/3\/2026\/03\/kincsem-palota.JPG\" class=\"m-cegCarousel__image\" alt=\"Az 1800 k\u00f6r\u00fcl \u00e9p\u00fclt mez\u0151szilasi Droppa-kast\u00e9ly\" \/>\t\t\t\t\t\t<span class=\"fa m-cegCarousel__zoom _ce_measure_link _ce_measure_widget\" data-ce-measure-widget=\"gallery-zoom-btn\"><\/span>\n\t\t\t\t\t<\/div>\n\n\t\t\t\t\t<!-- thumb icon \/ counter, caption  -->\n\t\t\t\t\t<div class=\"m-cegCarousel__captionCnt m-cegCaption\">\n\t\t\t\t\t\t<span class=\"m-cegCaption__thumbIcon a-cegThumbIcon _ce_measure_widget _ce_measure_link\"\n\t\t\t\t\t\t\t  data-ce-measure-widget=\"thumbnails-btn\"\n\t\t\t\t\t\t\t  data-ce-measure-widget=\"gallery-thumbnails\"><i class=\" fa fa-th-large\"><\/i><\/span>\n\t\t\t\t\t\t<span class=\"m-cegCaption__pagination a-cegPagination\">\n\t\t\t\t\t\t\t<span class=\"a-cegPagination__current\">1<\/span>\/6\t\t\t\t\t\t<\/span>\n\t\t\t\t\t\t<span class=\"m-cegCaption__caption\">kincsem-palota<\/span>\n\t\t\t\t\t<\/div>\n\n\t\t\t\t\t<!-- Image description -->\n\t\t\t\t\t<div class=\"m-cegCarousel__desc a-cegDesc\">Az 1800 k\u00f6r\u00fcl \u00e9p\u00fclt mez\u0151szilasi Droppa-kast\u00e9ly el\u0151sz\u00f6r a Husz\u00e1r csal\u00e1d\u00e9, majd a B\u00e1r\u00e1ndyak\u00e9, ezt k\u00f6vet\u0151en a Sz\u00e9csy-Ill\u00e9s csal\u00e1d\u00e9 lett. 1911-t\u0151l Szab\u00f3 Karolina \u00e9s Droppa K\u00e1roly lettek a kast\u00e9ly tulajdonosai. Nekik Blaskovics Ern\u0151, a h\u00edres Kincsem versenyl\u00f3 tulajdonosa v\u00e1s\u00e1rolta meg a kast\u00e9lyt.<\/div>\n\n\t\t\t\t\t<!-- Image social share icons -->\n\t\t\t\t\t<div class=\"m-cegCarousel__socialCnt m-cegSocial\">\n\t\t\t\t\t\t<span class=\"m-cegSocial__text\">Fot\u00f3 megoszt\u00e1sa:<\/span><span class=\"m-cegSocial__iconWrap\"><span class=\"m-cegSocial__icon -facebook _ce_measure_link _ce_measure_widget\" data-ce-measure-widget=\"facebookGallery-btn\"><i class=\"fab fa-facebook-f\"><\/i><\/span><span class=\"m-cegSocial__icon -pinterest _ce_measure_link _ce_measure_widget\" data-ce-measure-widget=\"printeresGallery-btn\"><i class=\"fab fa-pinterest-p\"><\/i><\/span><span class=\"m-cegSocial__icon -email _ce_measure_link _ce_measure_widget\" data-ce-measure-widget=\"emailGallery-btn\"><i class=\"far fa-envelope\"><\/i><\/span><span class=\"m-cegSocial__icon -clipboard _ce_measure_link _ce_measure_widget\" data-ce-measure-widget=\"clipboardGallery-btn\"><i class=\"fa fa-link\"><\/i><\/span><\/span>\t\t\t\t\t<\/div>\n\t\t\t\t<\/div>\n\t\t\t\t\t\t\t\n\t\t\t\t<div\n\t\t\t\t\tclass=\"m-cegCarousel__item\"\n\t\t\t\t\tdata-type=\"image\"\n\t\t\t\t\tdata-id=\"2\/2\/kincsem-palota5\"\n\t\t\t\t\tdata-image-url=\"https:\/\/www.startlap.hu\/utazas\/uploads\/sites\/3\/2026\/03\/kincsem-palota5.JPG\"\n\t\t\t\t\tdata-title=\"kincsem-palota5\"\n\t\t\t\t\tdata-desc=\"Blaskovich Ern\u0151 utols\u00f3 \u00e9veiben Karolina szerelm\u00e9t \u00e9s kitart\u00e1s\u00e1t (35 \u00e9vig voltak egy\u00fctt \u00fagy, hogy Blaskovich Ern\u0151 nem vette feles\u00e9g\u00fcl Karolin\u00e1t, a mendemond\u00e1k szerint az\u00e9rt, mert a h\u00f6lgy egy fejjel magasabb volt n\u00e1la) h\u00e1l\u00e1lta meg a v\u00e1s\u00e1rolt kast\u00e9llyal, melynek fel\u00faj\u00edt\u00e1s\u00e1t Blaskovich Ern\u0151 m\u00e9g levez\u00e9nyelte. A fel\u00faj\u00edt\u00e1s sor\u00e1n ker\u00fclt fel a kast\u00e9lyra k\u00e9t kupola.\">\n\n\t\t\t\t\t<!-- image -->\n\t\t\t\t\t<div class=\"m-cegCarousel__floatingCnt\">\n\t\t\t\t\t\t<img decoding=\"async\" src=\"https:\/\/www.startlap.hu\/utazas\/uploads\/sites\/3\/2026\/03\/kincsem-palota5.JPG\" class=\"m-cegCarousel__image\" alt=\"A mez\u0151szilasi Droppa-kast\u00e9ly\" \/>\t\t\t\t\t\t<span class=\"fa m-cegCarousel__zoom _ce_measure_link _ce_measure_widget\" data-ce-measure-widget=\"gallery-zoom-btn\"><\/span>\n\t\t\t\t\t<\/div>\n\n\t\t\t\t\t<!-- thumb icon \/ counter, caption  -->\n\t\t\t\t\t<div class=\"m-cegCarousel__captionCnt m-cegCaption\">\n\t\t\t\t\t\t<span class=\"m-cegCaption__thumbIcon a-cegThumbIcon _ce_measure_widget _ce_measure_link\"\n\t\t\t\t\t\t\t  data-ce-measure-widget=\"thumbnails-btn\"\n\t\t\t\t\t\t\t  data-ce-measure-widget=\"gallery-thumbnails\"><i class=\" fa fa-th-large\"><\/i><\/span>\n\t\t\t\t\t\t<span class=\"m-cegCaption__pagination a-cegPagination\">\n\t\t\t\t\t\t\t<span class=\"a-cegPagination__current\">2<\/span>\/6\t\t\t\t\t\t<\/span>\n\t\t\t\t\t\t<span class=\"m-cegCaption__caption\">kincsem-palota5<\/span>\n\t\t\t\t\t<\/div>\n\n\t\t\t\t\t<!-- Image description -->\n\t\t\t\t\t<div class=\"m-cegCarousel__desc a-cegDesc\">Blaskovich Ern\u0151 utols\u00f3 \u00e9veiben Karolina szerelm\u00e9t \u00e9s kitart\u00e1s\u00e1t (35 \u00e9vig voltak egy\u00fctt \u00fagy, hogy Blaskovich Ern\u0151 nem vette feles\u00e9g\u00fcl Karolin\u00e1t, a mendemond\u00e1k szerint az\u00e9rt, mert a h\u00f6lgy egy fejjel magasabb volt n\u00e1la) h\u00e1l\u00e1lta meg a v\u00e1s\u00e1rolt kast\u00e9llyal, melynek fel\u00faj\u00edt\u00e1s\u00e1t Blaskovich Ern\u0151 m\u00e9g levez\u00e9nyelte. A fel\u00faj\u00edt\u00e1s sor\u00e1n ker\u00fclt fel a kast\u00e9lyra k\u00e9t kupola.<\/div>\n\n\t\t\t\t\t<!-- Image social share icons -->\n\t\t\t\t\t<div class=\"m-cegCarousel__socialCnt m-cegSocial\">\n\t\t\t\t\t\t<span class=\"m-cegSocial__text\">Fot\u00f3 megoszt\u00e1sa:<\/span><span class=\"m-cegSocial__iconWrap\"><span class=\"m-cegSocial__icon -facebook _ce_measure_link _ce_measure_widget\" data-ce-measure-widget=\"facebookGallery-btn\"><i class=\"fab fa-facebook-f\"><\/i><\/span><span class=\"m-cegSocial__icon -pinterest _ce_measure_link _ce_measure_widget\" data-ce-measure-widget=\"printeresGallery-btn\"><i class=\"fab fa-pinterest-p\"><\/i><\/span><span class=\"m-cegSocial__icon -email _ce_measure_link _ce_measure_widget\" data-ce-measure-widget=\"emailGallery-btn\"><i class=\"far fa-envelope\"><\/i><\/span><span class=\"m-cegSocial__icon -clipboard _ce_measure_link _ce_measure_widget\" data-ce-measure-widget=\"clipboardGallery-btn\"><i class=\"fa fa-link\"><\/i><\/span><\/span>\t\t\t\t\t<\/div>\n\t\t\t\t<\/div>\n\t\t\t\t\t\t\t\n\t\t\t\t<div\n\t\t\t\t\tclass=\"m-cegCarousel__item\"\n\t\t\t\t\tdata-type=\"image\"\n\t\t\t\t\tdata-id=\"2\/3\/kincsem-palota2\"\n\t\t\t\t\tdata-image-url=\"https:\/\/www.startlap.hu\/utazas\/uploads\/sites\/3\/2026\/03\/kincsem-palota2.JPG\"\n\t\t\t\t\tdata-title=\"\"\n\t\t\t\t\tdata-desc=\"A kast\u00e9ly k\u00e9t sz\u00e1rnya t\u00fckrei egym\u00e1snak, a k\u00f6z\u00e9ps\u0151 (v\u00e9lhet\u0151en a d\u00edszterem) r\u00e9sz ablaka l\u00e1that\u00f3 a fot\u00f3n, a terasz korinthoszi jelleg\u0171 oszlopd\u00edsz\u00e9vel.\">\n\n\t\t\t\t\t<!-- image -->\n\t\t\t\t\t<div class=\"m-cegCarousel__floatingCnt\">\n\t\t\t\t\t\t<img decoding=\"async\" src=\"https:\/\/www.startlap.hu\/utazas\/uploads\/sites\/3\/2026\/03\/kincsem-palota2.JPG\" class=\"m-cegCarousel__image\" alt=\"A mez\u0151szilasi Droppa-kast\u00e9ly\" \/>\t\t\t\t\t\t<span class=\"fa m-cegCarousel__zoom _ce_measure_link _ce_measure_widget\" data-ce-measure-widget=\"gallery-zoom-btn\"><\/span>\n\t\t\t\t\t<\/div>\n\n\t\t\t\t\t<!-- thumb icon \/ counter, caption  -->\n\t\t\t\t\t<div class=\"m-cegCarousel__captionCnt m-cegCaption\">\n\t\t\t\t\t\t<span class=\"m-cegCaption__thumbIcon a-cegThumbIcon _ce_measure_widget _ce_measure_link\"\n\t\t\t\t\t\t\t  data-ce-measure-widget=\"thumbnails-btn\"\n\t\t\t\t\t\t\t  data-ce-measure-widget=\"gallery-thumbnails\"><i class=\" fa fa-th-large\"><\/i><\/span>\n\t\t\t\t\t\t<span class=\"m-cegCaption__pagination a-cegPagination\">\n\t\t\t\t\t\t\t<span class=\"a-cegPagination__current\">3<\/span>\/6\t\t\t\t\t\t<\/span>\n\t\t\t\t\t\t<span class=\"m-cegCaption__caption\"><\/span>\n\t\t\t\t\t<\/div>\n\n\t\t\t\t\t<!-- Image description -->\n\t\t\t\t\t<div class=\"m-cegCarousel__desc a-cegDesc\">A kast\u00e9ly k\u00e9t sz\u00e1rnya t\u00fckrei egym\u00e1snak, a k\u00f6z\u00e9ps\u0151 (v\u00e9lhet\u0151en a d\u00edszterem) r\u00e9sz ablaka l\u00e1that\u00f3 a fot\u00f3n, a terasz korinthoszi jelleg\u0171 oszlopd\u00edsz\u00e9vel.<\/div>\n\n\t\t\t\t\t<!-- Image social share icons -->\n\t\t\t\t\t<div class=\"m-cegCarousel__socialCnt m-cegSocial\">\n\t\t\t\t\t\t<span class=\"m-cegSocial__text\">Fot\u00f3 megoszt\u00e1sa:<\/span><span class=\"m-cegSocial__iconWrap\"><span class=\"m-cegSocial__icon -facebook _ce_measure_link _ce_measure_widget\" data-ce-measure-widget=\"facebookGallery-btn\"><i class=\"fab fa-facebook-f\"><\/i><\/span><span class=\"m-cegSocial__icon -pinterest _ce_measure_link _ce_measure_widget\" data-ce-measure-widget=\"printeresGallery-btn\"><i class=\"fab fa-pinterest-p\"><\/i><\/span><span class=\"m-cegSocial__icon -email _ce_measure_link _ce_measure_widget\" data-ce-measure-widget=\"emailGallery-btn\"><i class=\"far fa-envelope\"><\/i><\/span><span class=\"m-cegSocial__icon -clipboard _ce_measure_link _ce_measure_widget\" data-ce-measure-widget=\"clipboardGallery-btn\"><i class=\"fa fa-link\"><\/i><\/span><\/span>\t\t\t\t\t<\/div>\n\t\t\t\t<\/div>\n\t\t\t\t\t\t\t\t\t\t\t\t<div\n\t\t\t\t\t\tclass=\"m-cegCarousel__item -banner\"\n\t\t\t\t\t\tdata-type=\"banner\"\n\t\t\t\t\t\tdata-id=\"2\/4\/banner\"\n\t\t\t\t\t\tdata-image-url=\"\"\n\t\t\t\t\t\tdata-title=\"\"\n\t\t\t\t\t\tdata-desc=\"\">\n\n\t\t\t\t\t\t<div class=\"m-cegCarousel__floatingCnt banner-container gallery-content010\"><\/div>\n\n\t\t\t\t\t<\/div>\n\t\t\t\t\t\t\t\t\t\n\t\t\t\t<div\n\t\t\t\t\tclass=\"m-cegCarousel__item\"\n\t\t\t\t\tdata-type=\"image\"\n\t\t\t\t\tdata-id=\"2\/5\/kincsem-palota3\"\n\t\t\t\t\tdata-image-url=\"https:\/\/www.startlap.hu\/utazas\/uploads\/sites\/3\/2026\/03\/kincsem-palota3.JPG\"\n\t\t\t\t\tdata-title=\"kincsem-palota3\"\n\t\t\t\t\tdata-desc=\"V\u00e9lhet\u0151en a kast\u00e9ly egyik sz\u00e1rnya a n\u0151i r\u00e9szleg, a m\u00e1sik sz\u00e1rnya a f\u00e9rfi r\u00e9szleg, a k\u00f6z\u00e9ps\u0151 r\u00e9sz a d\u00edszterem\/k\u00f6z\u00f6s \u00e9tkez\u0151 lehetett. A fot\u00f3n a d\u00edszterem\/k\u00f6z\u00f6s \u00e9tkez\u0151 \u00f3ri\u00e1si ablaka l\u00e1that\u00f3.\">\n\n\t\t\t\t\t<!-- image -->\n\t\t\t\t\t<div class=\"m-cegCarousel__floatingCnt\">\n\t\t\t\t\t\t<img decoding=\"async\" src=\"https:\/\/www.startlap.hu\/utazas\/uploads\/sites\/3\/2026\/03\/kincsem-palota3.JPG\" class=\"m-cegCarousel__image\" alt=\"A mez\u0151szilasi Droppa-kast\u00e9ly\" \/>\t\t\t\t\t\t<span class=\"fa m-cegCarousel__zoom _ce_measure_link _ce_measure_widget\" data-ce-measure-widget=\"gallery-zoom-btn\"><\/span>\n\t\t\t\t\t<\/div>\n\n\t\t\t\t\t<!-- thumb icon \/ counter, caption  -->\n\t\t\t\t\t<div class=\"m-cegCarousel__captionCnt m-cegCaption\">\n\t\t\t\t\t\t<span class=\"m-cegCaption__thumbIcon a-cegThumbIcon _ce_measure_widget _ce_measure_link\"\n\t\t\t\t\t\t\t  data-ce-measure-widget=\"thumbnails-btn\"\n\t\t\t\t\t\t\t  data-ce-measure-widget=\"gallery-thumbnails\"><i class=\" fa fa-th-large\"><\/i><\/span>\n\t\t\t\t\t\t<span class=\"m-cegCaption__pagination a-cegPagination\">\n\t\t\t\t\t\t\t<span class=\"a-cegPagination__current\">5<\/span>\/6\t\t\t\t\t\t<\/span>\n\t\t\t\t\t\t<span class=\"m-cegCaption__caption\">kincsem-palota3<\/span>\n\t\t\t\t\t<\/div>\n\n\t\t\t\t\t<!-- Image description -->\n\t\t\t\t\t<div class=\"m-cegCarousel__desc a-cegDesc\">V\u00e9lhet\u0151en a kast\u00e9ly egyik sz\u00e1rnya a n\u0151i r\u00e9szleg, a m\u00e1sik sz\u00e1rnya a f\u00e9rfi r\u00e9szleg, a k\u00f6z\u00e9ps\u0151 r\u00e9sz a d\u00edszterem\/k\u00f6z\u00f6s \u00e9tkez\u0151 lehetett. A fot\u00f3n a d\u00edszterem\/k\u00f6z\u00f6s \u00e9tkez\u0151 \u00f3ri\u00e1si ablaka l\u00e1that\u00f3.<\/div>\n\n\t\t\t\t\t<!-- Image social share icons -->\n\t\t\t\t\t<div class=\"m-cegCarousel__socialCnt m-cegSocial\">\n\t\t\t\t\t\t<span class=\"m-cegSocial__text\">Fot\u00f3 megoszt\u00e1sa:<\/span><span class=\"m-cegSocial__iconWrap\"><span class=\"m-cegSocial__icon -facebook _ce_measure_link _ce_measure_widget\" data-ce-measure-widget=\"facebookGallery-btn\"><i class=\"fab fa-facebook-f\"><\/i><\/span><span class=\"m-cegSocial__icon -pinterest _ce_measure_link _ce_measure_widget\" data-ce-measure-widget=\"printeresGallery-btn\"><i class=\"fab fa-pinterest-p\"><\/i><\/span><span class=\"m-cegSocial__icon -email _ce_measure_link _ce_measure_widget\" data-ce-measure-widget=\"emailGallery-btn\"><i class=\"far fa-envelope\"><\/i><\/span><span class=\"m-cegSocial__icon -clipboard _ce_measure_link _ce_measure_widget\" data-ce-measure-widget=\"clipboardGallery-btn\"><i class=\"fa fa-link\"><\/i><\/span><\/span>\t\t\t\t\t<\/div>\n\t\t\t\t<\/div>\n\t\t\t\t\t\t\t\n\t\t\t\t<div\n\t\t\t\t\tclass=\"m-cegCarousel__item\"\n\t\t\t\t\tdata-type=\"image\"\n\t\t\t\t\tdata-id=\"2\/6\/kincsem-palota4\"\n\t\t\t\t\tdata-image-url=\"https:\/\/www.startlap.hu\/utazas\/uploads\/sites\/3\/2026\/03\/kincsem-palota4.JPG\"\n\t\t\t\t\tdata-title=\"kincsem-palota4\"\n\t\t\t\t\tdata-desc=\"A kast\u00e9ly cir\u00e1d\u00e1s r\u00e9sze a terasz, csod\u00e1latos oszlopf\u0151kkel \u00e9s szecesszi\u00f3s ker\u00edt\u00e9ssel. Ma m\u00e1r az eny\u00e9szet\u00e9 az egykor hangulatos terasz, ahol anno a reggeli k\u00e1v\u00e9j\u00e1t vagy a d\u00e9lut\u00e1ni te\u00e1j\u00e1t fogyaszthatta a szerelmesp\u00e1r.\">\n\n\t\t\t\t\t<!-- image -->\n\t\t\t\t\t<div class=\"m-cegCarousel__floatingCnt\">\n\t\t\t\t\t\t<img decoding=\"async\" src=\"https:\/\/www.startlap.hu\/utazas\/uploads\/sites\/3\/2026\/03\/kincsem-palota4.JPG\" class=\"m-cegCarousel__image\" alt=\"A mez\u0151szilasi Droppa-kast\u00e9ly\" \/>\t\t\t\t\t\t<span class=\"fa m-cegCarousel__zoom _ce_measure_link _ce_measure_widget\" data-ce-measure-widget=\"gallery-zoom-btn\"><\/span>\n\t\t\t\t\t<\/div>\n\n\t\t\t\t\t<!-- thumb icon \/ counter, caption  -->\n\t\t\t\t\t<div class=\"m-cegCarousel__captionCnt m-cegCaption\">\n\t\t\t\t\t\t<span class=\"m-cegCaption__thumbIcon a-cegThumbIcon _ce_measure_widget _ce_measure_link\"\n\t\t\t\t\t\t\t  data-ce-measure-widget=\"thumbnails-btn\"\n\t\t\t\t\t\t\t  data-ce-measure-widget=\"gallery-thumbnails\"><i class=\" fa fa-th-large\"><\/i><\/span>\n\t\t\t\t\t\t<span class=\"m-cegCaption__pagination a-cegPagination\">\n\t\t\t\t\t\t\t<span class=\"a-cegPagination__current\">6<\/span>\/6\t\t\t\t\t\t<\/span>\n\t\t\t\t\t\t<span class=\"m-cegCaption__caption\">kincsem-palota4<\/span>\n\t\t\t\t\t<\/div>\n\n\t\t\t\t\t<!-- Image description -->\n\t\t\t\t\t<div class=\"m-cegCarousel__desc a-cegDesc\">A kast\u00e9ly cir\u00e1d\u00e1s r\u00e9sze a terasz, csod\u00e1latos oszlopf\u0151kkel \u00e9s szecesszi\u00f3s ker\u00edt\u00e9ssel. Ma m\u00e1r az eny\u00e9szet\u00e9 az egykor hangulatos terasz, ahol anno a reggeli k\u00e1v\u00e9j\u00e1t vagy a d\u00e9lut\u00e1ni te\u00e1j\u00e1t fogyaszthatta a szerelmesp\u00e1r.<\/div>\n\n\t\t\t\t\t<!-- Image social share icons -->\n\t\t\t\t\t<div class=\"m-cegCarousel__socialCnt m-cegSocial\">\n\t\t\t\t\t\t<span class=\"m-cegSocial__text\">Fot\u00f3 megoszt\u00e1sa:<\/span><span class=\"m-cegSocial__iconWrap\"><span class=\"m-cegSocial__icon -facebook _ce_measure_link _ce_measure_widget\" data-ce-measure-widget=\"facebookGallery-btn\"><i class=\"fab fa-facebook-f\"><\/i><\/span><span class=\"m-cegSocial__icon -pinterest _ce_measure_link _ce_measure_widget\" data-ce-measure-widget=\"printeresGallery-btn\"><i class=\"fab fa-pinterest-p\"><\/i><\/span><span class=\"m-cegSocial__icon -email _ce_measure_link _ce_measure_widget\" data-ce-measure-widget=\"emailGallery-btn\"><i class=\"far fa-envelope\"><\/i><\/span><span class=\"m-cegSocial__icon -clipboard _ce_measure_link _ce_measure_widget\" data-ce-measure-widget=\"clipboardGallery-btn\"><i class=\"fa fa-link\"><\/i><\/span><\/span>\t\t\t\t\t<\/div>\n\t\t\t\t<\/div>\n\t\t\t\t\t\t\t\t<\/div>\n\t\t<div class=\"m-cegLayer__thumbnails m-cegThumbList _ce_measure_widget\" data-ce-measure-widget=\"gallery-thumb-list\">\n\t\t\t\t\t\t\t\t\t\t\t<div class=\"m-cegThumbList__item\"\n\t\t\t\t\tdata-id=\"2\/1\/kincsem-palota\"\n\t\t\t\t\tdata-index=\"0\">\n\t\t\t\t\t<img decoding=\"async\" src=\"https:\/\/www.startlap.hu\/utazas\/uploads\/sites\/3\/2026\/03\/kincsem-palota.JPG\" class=\"m-cegThumbList__image _ce_measure_link\" alt=\"Az 1800 k\u00f6r\u00fcl \u00e9p\u00fclt mez\u0151szilasi Droppa-kast\u00e9ly\" \/>\t\t\t\t<\/div>\n\t\t\t\t\t\t\t\t\t\t\t<div class=\"m-cegThumbList__item\"\n\t\t\t\t\tdata-id=\"2\/2\/kincsem-palota5\"\n\t\t\t\t\tdata-index=\"1\">\n\t\t\t\t\t<img decoding=\"async\" src=\"https:\/\/www.startlap.hu\/utazas\/uploads\/sites\/3\/2026\/03\/kincsem-palota5.JPG\" class=\"m-cegThumbList__image _ce_measure_link\" alt=\"A mez\u0151szilasi Droppa-kast\u00e9ly\" \/>\t\t\t\t<\/div>\n\t\t\t\t\t\t\t\t\t\t\t<div class=\"m-cegThumbList__item\"\n\t\t\t\t\tdata-id=\"2\/3\/kincsem-palota2\"\n\t\t\t\t\tdata-index=\"2\">\n\t\t\t\t\t<img decoding=\"async\" src=\"https:\/\/www.startlap.hu\/utazas\/uploads\/sites\/3\/2026\/03\/kincsem-palota2.JPG\" class=\"m-cegThumbList__image _ce_measure_link\" alt=\"A mez\u0151szilasi Droppa-kast\u00e9ly\" \/>\t\t\t\t<\/div>\n\t\t\t\t\t\t\t\t\t\t\t\t\t\t\t<div class=\"m-cegThumbList__item\"\n\t\t\t\t\tdata-id=\"2\/5\/kincsem-palota3\"\n\t\t\t\t\tdata-index=\"4\">\n\t\t\t\t\t<img decoding=\"async\" src=\"https:\/\/www.startlap.hu\/utazas\/uploads\/sites\/3\/2026\/03\/kincsem-palota3.JPG\" class=\"m-cegThumbList__image _ce_measure_link\" alt=\"A mez\u0151szilasi Droppa-kast\u00e9ly\" \/>\t\t\t\t<\/div>\n\t\t\t\t\t\t\t\t\t\t\t<div class=\"m-cegThumbList__item\"\n\t\t\t\t\tdata-id=\"2\/6\/kincsem-palota4\"\n\t\t\t\t\tdata-index=\"5\">\n\t\t\t\t\t<img decoding=\"async\" src=\"https:\/\/www.startlap.hu\/utazas\/uploads\/sites\/3\/2026\/03\/kincsem-palota4.JPG\" class=\"m-cegThumbList__image _ce_measure_link\" alt=\"A mez\u0151szilasi Droppa-kast\u00e9ly\" \/>\t\t\t\t<\/div>\n\t\t\t\t\t<\/div>\n\t<\/div>\n\t<div class=\"m-cegLayer__sidebar m-cegSidebar _ce_measure_widget\" data-ce-measure-widget=\"gallery-sidebar\">\n\n\t\t<div class=\"m-cegSidebar__desc a-cegDesc _ce_measure_widget\" data-ce-measure-widget=\"gallery-desc\"><\/div>\n\n\t\t<div class=\"m-cegSidebar__socialCnt m-cegSocial -sidebar _ce_measure_widget\" data-ce-measure-widget=\"gallery-social\">\n\t\t\t<span class=\"m-cegSocial__text\">Fot\u00f3 megoszt\u00e1sa:<\/span><span class=\"m-cegSocial__iconWrap\"><span class=\"m-cegSocial__icon -facebook _ce_measure_link _ce_measure_widget\" data-ce-measure-widget=\"facebookGallery-btn\"><i class=\"fab fa-facebook-f\"><\/i><\/span><span class=\"m-cegSocial__icon -pinterest _ce_measure_link _ce_measure_widget\" data-ce-measure-widget=\"printeresGallery-btn\"><i class=\"fab fa-pinterest-p\"><\/i><\/span><span class=\"m-cegSocial__icon -email _ce_measure_link _ce_measure_widget\" data-ce-measure-widget=\"emailGallery-btn\"><i class=\"far fa-envelope\"><\/i><\/span><span class=\"m-cegSocial__icon -clipboard _ce_measure_link _ce_measure_widget\" data-ce-measure-widget=\"clipboardGallery-btn\"><i class=\"fa fa-link\"><\/i><\/span><\/span>\t\t<\/div>\n\n\t\t<div class=\"gallery-right010 banner-container\"><\/div>\n\t\t<div class=\"gallery-right020 banner-container\"><\/div>\n\n\t<\/div>\n<\/div>\n\t<\/div>\n\n\t<script>\n\t\tjQuery(function () {\n\t\t\tvar id = '#cegPostCnt_2';\n\t\t\tjQuery( id ).articleGallery({\n\t\t\t\tonChanged: function (event) {\n\t\t\t\t\t\tthis.renderSidebarCTS( 'gallery-right010' );\n\t\t\t\t\t\tthis.renderSidebarCTS( 'gallery-right020' );\n\t\t\t\t\t\tthis.renderBannerSlideCTS(  event,\n\t\t\t\t\t\t\t\t\t\t\t\t\t[\n\t\t\t\t\t\t\t\t\t\t\t\t\t\t'gallery-content010',\n\t\t\t\t\t\t\t\t\t\t\t\t\t\t'gallery-content020',\n\t\t\t\t\t\t\t\t\t\t\t\t\t\t'gallery-content030'\n\t\t\t\t\t\t\t\t\t\t\t\t\t]);\n\t\t\t\t}\n\t\t\t});\n\t\t});\n\t<\/script>\t\n<h2>Blaskovich Ern\u0151 utols\u00f3 \u00e9vei a Kincsem-palot\u00e1ban<\/h2>\n<p>Ahogy lenni szokott, a cs\u00facsok ut\u00e1n j\u00f6n a lejtmenet. Blaskovich Ern\u0151 74 \u00e9ves, amikor a k\u00f6zel 20 \u00e9vvel fiatalabb, csod\u00e1latos k\u00e9k szem\u0171 h\u00f6lgy, Szab\u00f3 Karolina elk\u00f6lt\u00f6zik a m\u00e1r nagybeteg Blaskovich Ern\u0151 mell\u0151l. Blaskovich Ern\u0151 utols\u00f3 \u00e9veiben Karolina szerelm\u00e9t \u00e9s kitart\u00e1s\u00e1t \u00fagy h\u00e1l\u00e1lta meg, hogy megvette az eml\u00edtett mez\u0151szilasi kast\u00e9lyt, melynek a fel\u00faj\u00edt\u00e1s\u00e1t m\u00e9g levez\u00e9nyelte.<\/p>\n<p>Blaskovich Ern\u0151 feladatait befejezv\u00e9n, m\u00e1r nagy betegen, 1910 \u0151sz\u00e9n Budapestre vitette mag\u00e1t a Kincsem-palot\u00e1ba, a Kincsem lov\u00e1val nyert d\u00edjak k\u00f6zels\u00e9g\u00e9be. <strong>Itt l\u00e1togatt\u00e1k bar\u00e1tai, t\u00f6bbek k\u00f6z\u00f6tt Batthy\u00e1ny Elem\u00e9r, Szap\u00e1ry Iv\u00e1n, \u00e9s itt aludt el Ern\u0151 1911. m\u00e1jus 18-\u00e1n, 77 \u00e9vet meg\u00e9lve<\/strong>.<\/p>\n<h2>A Blaskovich csal\u00e1d k\u00e1poln\u00e1ja \u00e9s s\u00edrhelye T\u00e1pi\u00f3szentm\u00e1rtonban<\/h2>\n<p>\u00c9s amikor m\u00e1r azt gondoln\u00e1nk, hogy nincs t\u00f6bb, a t\u00e9m\u00e1hoz kapcsol\u00f3d\u00f3, fennmaradt \u00e9p\u00edtett \u00f6r\u00f6ks\u00e9g amelyet a t\u00f6rt\u00e9netek mell\u00e9 vizu\u00e1lisan is hozz\u00e1kapcsolhatunk, \u00fajra \u00e1mulatba es\u00fcnk. Nemcsak Blaskovich Ern\u0151 s\u00edrhelye \u00e1ll, hanem a Blaskovich csal\u00e1d k\u00e1poln\u00e1ja is! Mikor \u00e9s hogyan \u00e9p\u00fclt fel Blaskovics csal\u00e1d k\u00e1poln\u00e1ja T\u00e1pi\u00f3szentm\u00e1rtonban? Igaz-e, hogy a k\u00e1polna \u00e9p\u00edt\u00e9s\u00e9t egy n\u0151 vez\u00e9nyelte le? Hogy n\u00e9z ki a csal\u00e1di s\u00edrbolt, ahol Erneszt \u00far s\u00edrja el\u0151tt a fent eml\u00edtett szigor\u00fa \u00e9desapa \u00e9s az Alm\u00e1sy csal\u00e1d k\u00f6znemesi \u00e1g\u00e1r\u00f3l sz\u00e1rmaz\u00f3 \u00e9desanya s\u00edrja is megtal\u00e1lhat\u00f3? A t\u00f6rt\u00e9net ezen r\u00e9sze <a href=\"https:\/\/www.errearra.org\/blaskovich-erno-sirhelye\" target=\"_blank\" target=\"_blank\" rel=\"noopener\">itt<\/a> tal\u00e1lhat\u00f3.<\/p>\n\n\t<div id=\"cegPostCnt_3\" class=\"o-cegPostCnt -inContent\" data-title=\"Less be vel\u00fcnk Kincsem gazd\u00e1j\u00e1nak budapesti palot\u00e1j\u00e1ba! Egy legenda \u00e9s titkos szerelem nyom\u00e1ban\">\n\t\t<a class=\"o-cegPostCnt__opener m-cegOpener _ce_measure_widget _ce_measure_link\" data-ce-measure-widget=\"gallery-open\"\n   href=\"?gallery=3\/1\/kincsem-palota7\">\n\t<img decoding=\"async\" src=\"https:\/\/www.startlap.hu\/utazas\/uploads\/sites\/3\/2026\/03\/kincsem-palota7.JPG\" class=\"m-cegOpener__image\" alt=\"\" sizes=\"(max-width: 991px) 100vw, (max-width: 1039px) 66vw, 684px\" srcset=\"https:\/\/www.startlap.hu\/utazas\/uploads\/sites\/3\/2026\/03\/kincsem-palota7.JPG 1334w, https:\/\/www.startlap.hu\/utazas\/uploads\/sites\/3\/2026\/03\/kincsem-palota7-1025x1536.jpg 1025w, https:\/\/www.startlap.hu\/utazas\/uploads\/sites\/3\/2026\/03\/kincsem-palota7-755x1132.jpg 755w, https:\/\/www.startlap.hu\/utazas\/uploads\/sites\/3\/2026\/03\/kincsem-palota7-233x350.jpg 233w\" \/>\t<div class=\"m-cegOpener__btn\"><i class=\"far fa-clone\"><\/i><\/div>\n<\/a>\n<div class=\"o-cegPostCnt__layer m-cegLayer _ce_measure_widget\" data-ce-measure-widget=\"gallery-layer\" style=\"display: none\">\n\t<div class=\"m-cegLayer__top m-cegHeader _ce_measure_widget\" data-ce-measure-widget=\"gallery-header\">\n\t\t\t\t\t<span class=\"m-cegHeader__logo\"><span class=\"a-cegLogo\"><\/span><\/span>\n\t\t\t\t<div class=\"m-cegHeader__imgCnt\">\n\t\t\t<img decoding=\"async\" src=\"https:\/\/www.startlap.hu\/utazas\/uploads\/sites\/3\/2026\/03\/kincsem-palota7.JPG\" class=\"m-cegHeader__imgOpener\" alt=\"\" \/>\t\t<\/div>\n\t\t<h2 class=\"m-cegHeader__title a-cegGalleryTitle\"><i class=\"fa fa-angle-left\"><\/i>Less be vel\u00fcnk Kincsem gazd\u00e1j\u00e1nak budapesti palot\u00e1j\u00e1ba! Egy legenda \u00e9s titkos szerelem nyom\u00e1ban<\/h2>\n\t\t<div class=\"m-cegHeader__pagination a-cegPagination\"><\/div>\n\t\t<div class=\"m-cegHeader__closeBtn close-button nlc-icon-close _ce_measure_link _ce_measure_widget\" data-ce-measure-widget=\"gallery-close-btn\"><i class=\"fa fa-times\" aria-hidden=\"true\"><\/i><\/div>\n\t<\/div>\n\t<div class=\"m-cegLayer__screen\">\n\t\t<div class=\"m-cegLayer__carousel m-cegCarousel\">\n\t\t\t\t\t\t\t\n\t\t\t\t<div\n\t\t\t\t\tclass=\"m-cegCarousel__item\"\n\t\t\t\t\tdata-type=\"image\"\n\t\t\t\t\tdata-id=\"3\/1\/kincsem-palota7\"\n\t\t\t\t\tdata-image-url=\"https:\/\/www.startlap.hu\/utazas\/uploads\/sites\/3\/2026\/03\/kincsem-palota7.JPG\"\n\t\t\t\t\tdata-title=\"kincsem-palota7\"\n\t\t\t\t\tdata-desc=\"A k\u00e1polna \u00e9p\u00edt\u00e9s\u00e9t egy n\u0151 vez\u00e9nyelte le, Blaskovich Ern\u0151 nagymam\u00e1ja, 1768-ban. A hangulatos, dombra \u00e9p\u00edttetett barokk st\u00edlus\u00fa k\u00e1polna T\u00e1pi\u00f3szentm\u00e1rton legr\u00e9gebbi \u00e9p\u00edtett \u00f6r\u00f6ks\u00e9ge.\">\n\n\t\t\t\t\t<!-- image -->\n\t\t\t\t\t<div class=\"m-cegCarousel__floatingCnt\">\n\t\t\t\t\t\t<img decoding=\"async\" src=\"https:\/\/www.startlap.hu\/utazas\/uploads\/sites\/3\/2026\/03\/kincsem-palota7.JPG\" class=\"m-cegCarousel__image\" alt=\"\" \/>\t\t\t\t\t\t<span class=\"fa m-cegCarousel__zoom _ce_measure_link _ce_measure_widget\" data-ce-measure-widget=\"gallery-zoom-btn\"><\/span>\n\t\t\t\t\t<\/div>\n\n\t\t\t\t\t<!-- thumb icon \/ counter, caption  -->\n\t\t\t\t\t<div class=\"m-cegCarousel__captionCnt m-cegCaption\">\n\t\t\t\t\t\t<span class=\"m-cegCaption__thumbIcon a-cegThumbIcon _ce_measure_widget _ce_measure_link\"\n\t\t\t\t\t\t\t  data-ce-measure-widget=\"thumbnails-btn\"\n\t\t\t\t\t\t\t  data-ce-measure-widget=\"gallery-thumbnails\"><i class=\" fa fa-th-large\"><\/i><\/span>\n\t\t\t\t\t\t<span class=\"m-cegCaption__pagination a-cegPagination\">\n\t\t\t\t\t\t\t<span class=\"a-cegPagination__current\">1<\/span>\/5\t\t\t\t\t\t<\/span>\n\t\t\t\t\t\t<span class=\"m-cegCaption__caption\">kincsem-palota7<\/span>\n\t\t\t\t\t<\/div>\n\n\t\t\t\t\t<!-- Image description -->\n\t\t\t\t\t<div class=\"m-cegCarousel__desc a-cegDesc\">A k\u00e1polna \u00e9p\u00edt\u00e9s\u00e9t egy n\u0151 vez\u00e9nyelte le, Blaskovich Ern\u0151 nagymam\u00e1ja, 1768-ban. A hangulatos, dombra \u00e9p\u00edttetett barokk st\u00edlus\u00fa k\u00e1polna T\u00e1pi\u00f3szentm\u00e1rton legr\u00e9gebbi \u00e9p\u00edtett \u00f6r\u00f6ks\u00e9ge.<\/div>\n\n\t\t\t\t\t<!-- Image social share icons -->\n\t\t\t\t\t<div class=\"m-cegCarousel__socialCnt m-cegSocial\">\n\t\t\t\t\t\t<span class=\"m-cegSocial__text\">Fot\u00f3 megoszt\u00e1sa:<\/span><span class=\"m-cegSocial__iconWrap\"><span class=\"m-cegSocial__icon -facebook _ce_measure_link _ce_measure_widget\" data-ce-measure-widget=\"facebookGallery-btn\"><i class=\"fab fa-facebook-f\"><\/i><\/span><span class=\"m-cegSocial__icon -pinterest _ce_measure_link _ce_measure_widget\" data-ce-measure-widget=\"printeresGallery-btn\"><i class=\"fab fa-pinterest-p\"><\/i><\/span><span class=\"m-cegSocial__icon -email _ce_measure_link _ce_measure_widget\" data-ce-measure-widget=\"emailGallery-btn\"><i class=\"far fa-envelope\"><\/i><\/span><span class=\"m-cegSocial__icon -clipboard _ce_measure_link _ce_measure_widget\" data-ce-measure-widget=\"clipboardGallery-btn\"><i class=\"fa fa-link\"><\/i><\/span><\/span>\t\t\t\t\t<\/div>\n\t\t\t\t<\/div>\n\t\t\t\t\t\t\t\n\t\t\t\t<div\n\t\t\t\t\tclass=\"m-cegCarousel__item\"\n\t\t\t\t\tdata-type=\"image\"\n\t\t\t\t\tdata-id=\"3\/2\/kincsem-palota6\"\n\t\t\t\t\tdata-image-url=\"https:\/\/www.startlap.hu\/utazas\/uploads\/sites\/3\/2026\/03\/kincsem-palota6.JPG\"\n\t\t\t\t\tdata-title=\"kincsem-palota6\"\n\t\t\t\t\tdata-desc=\"Blaskovich Ern\u0151nek, a Kincsem csodal\u00f3 gazd\u00e1j\u00e1nak v\u00e9gs\u0151 nyughelye T\u00e1pi\u00f3szentm\u00e1rtonban, a Blaskovich csal\u00e1d k\u00e1poln\u00e1j\u00e1nak kertj\u00e9ben. (Erneszt = Ern\u0151.)\">\n\n\t\t\t\t\t<!-- image -->\n\t\t\t\t\t<div class=\"m-cegCarousel__floatingCnt\">\n\t\t\t\t\t\t<img decoding=\"async\" src=\"https:\/\/www.startlap.hu\/utazas\/uploads\/sites\/3\/2026\/03\/kincsem-palota6.JPG\" class=\"m-cegCarousel__image\" alt=\"Blaskovich Ern\u0151nek, a Kincsem csodal\u00f3 gazd\u00e1j\u00e1nak v\u00e9gs\u0151 nyughelye T\u00e1pi\u00f3szentm\u00e1rtonban, a Blaskovich csal\u00e1d k\u00e1poln\u00e1j\u00e1nak kertj\u00e9ben.\" \/>\t\t\t\t\t\t<span class=\"fa m-cegCarousel__zoom _ce_measure_link _ce_measure_widget\" data-ce-measure-widget=\"gallery-zoom-btn\"><\/span>\n\t\t\t\t\t<\/div>\n\n\t\t\t\t\t<!-- thumb icon \/ counter, caption  -->\n\t\t\t\t\t<div class=\"m-cegCarousel__captionCnt m-cegCaption\">\n\t\t\t\t\t\t<span class=\"m-cegCaption__thumbIcon a-cegThumbIcon _ce_measure_widget _ce_measure_link\"\n\t\t\t\t\t\t\t  data-ce-measure-widget=\"thumbnails-btn\"\n\t\t\t\t\t\t\t  data-ce-measure-widget=\"gallery-thumbnails\"><i class=\" fa fa-th-large\"><\/i><\/span>\n\t\t\t\t\t\t<span class=\"m-cegCaption__pagination a-cegPagination\">\n\t\t\t\t\t\t\t<span class=\"a-cegPagination__current\">2<\/span>\/5\t\t\t\t\t\t<\/span>\n\t\t\t\t\t\t<span class=\"m-cegCaption__caption\">kincsem-palota6<\/span>\n\t\t\t\t\t<\/div>\n\n\t\t\t\t\t<!-- Image description -->\n\t\t\t\t\t<div class=\"m-cegCarousel__desc a-cegDesc\">Blaskovich Ern\u0151nek, a Kincsem csodal\u00f3 gazd\u00e1j\u00e1nak v\u00e9gs\u0151 nyughelye T\u00e1pi\u00f3szentm\u00e1rtonban, a Blaskovich csal\u00e1d k\u00e1poln\u00e1j\u00e1nak kertj\u00e9ben. (Erneszt = Ern\u0151.)<\/div>\n\n\t\t\t\t\t<!-- Image social share icons -->\n\t\t\t\t\t<div class=\"m-cegCarousel__socialCnt m-cegSocial\">\n\t\t\t\t\t\t<span class=\"m-cegSocial__text\">Fot\u00f3 megoszt\u00e1sa:<\/span><span class=\"m-cegSocial__iconWrap\"><span class=\"m-cegSocial__icon -facebook _ce_measure_link _ce_measure_widget\" data-ce-measure-widget=\"facebookGallery-btn\"><i class=\"fab fa-facebook-f\"><\/i><\/span><span class=\"m-cegSocial__icon -pinterest _ce_measure_link _ce_measure_widget\" data-ce-measure-widget=\"printeresGallery-btn\"><i class=\"fab fa-pinterest-p\"><\/i><\/span><span class=\"m-cegSocial__icon -email _ce_measure_link _ce_measure_widget\" data-ce-measure-widget=\"emailGallery-btn\"><i class=\"far fa-envelope\"><\/i><\/span><span class=\"m-cegSocial__icon -clipboard _ce_measure_link _ce_measure_widget\" data-ce-measure-widget=\"clipboardGallery-btn\"><i class=\"fa fa-link\"><\/i><\/span><\/span>\t\t\t\t\t<\/div>\n\t\t\t\t<\/div>\n\t\t\t\t\t\t\t\n\t\t\t\t<div\n\t\t\t\t\tclass=\"m-cegCarousel__item\"\n\t\t\t\t\tdata-type=\"image\"\n\t\t\t\t\tdata-id=\"3\/3\/kincsem-palota8\"\n\t\t\t\t\tdata-image-url=\"https:\/\/www.startlap.hu\/utazas\/uploads\/sites\/3\/2026\/03\/kincsem-palota8.JPG\"\n\t\t\t\t\tdata-title=\"kincsem-palota8\"\n\t\t\t\t\tdata-desc=\"Hogy val\u00f3ban Blaskovich\u00e9k k\u00fcl\u00f6n\u00edtettek el bev\u00e9teleikb\u0151l egy \u00f6sszeget a k\u00f6z\u00f6ss\u00e9gi t\u00e9r, a k\u00e1polna \u00e9p\u00edt\u00e9s\u00e9re, mi sem bizony\u00edtja jobban, mint a bej\u00e1rat f\u00f6l\u00f6tti Blaskovich c\u00edmer.\">\n\n\t\t\t\t\t<!-- image -->\n\t\t\t\t\t<div class=\"m-cegCarousel__floatingCnt\">\n\t\t\t\t\t\t<img decoding=\"async\" src=\"https:\/\/www.startlap.hu\/utazas\/uploads\/sites\/3\/2026\/03\/kincsem-palota8.JPG\" class=\"m-cegCarousel__image\" alt=\"Blaskovich c\u00edmer\" \/>\t\t\t\t\t\t<span class=\"fa m-cegCarousel__zoom _ce_measure_link _ce_measure_widget\" data-ce-measure-widget=\"gallery-zoom-btn\"><\/span>\n\t\t\t\t\t<\/div>\n\n\t\t\t\t\t<!-- thumb icon \/ counter, caption  -->\n\t\t\t\t\t<div class=\"m-cegCarousel__captionCnt m-cegCaption\">\n\t\t\t\t\t\t<span class=\"m-cegCaption__thumbIcon a-cegThumbIcon _ce_measure_widget _ce_measure_link\"\n\t\t\t\t\t\t\t  data-ce-measure-widget=\"thumbnails-btn\"\n\t\t\t\t\t\t\t  data-ce-measure-widget=\"gallery-thumbnails\"><i class=\" fa fa-th-large\"><\/i><\/span>\n\t\t\t\t\t\t<span class=\"m-cegCaption__pagination a-cegPagination\">\n\t\t\t\t\t\t\t<span class=\"a-cegPagination__current\">3<\/span>\/5\t\t\t\t\t\t<\/span>\n\t\t\t\t\t\t<span class=\"m-cegCaption__caption\">kincsem-palota8<\/span>\n\t\t\t\t\t<\/div>\n\n\t\t\t\t\t<!-- Image description -->\n\t\t\t\t\t<div class=\"m-cegCarousel__desc a-cegDesc\">Hogy val\u00f3ban Blaskovich\u00e9k k\u00fcl\u00f6n\u00edtettek el bev\u00e9teleikb\u0151l egy \u00f6sszeget a k\u00f6z\u00f6ss\u00e9gi t\u00e9r, a k\u00e1polna \u00e9p\u00edt\u00e9s\u00e9re, mi sem bizony\u00edtja jobban, mint a bej\u00e1rat f\u00f6l\u00f6tti Blaskovich c\u00edmer.<\/div>\n\n\t\t\t\t\t<!-- Image social share icons -->\n\t\t\t\t\t<div class=\"m-cegCarousel__socialCnt m-cegSocial\">\n\t\t\t\t\t\t<span class=\"m-cegSocial__text\">Fot\u00f3 megoszt\u00e1sa:<\/span><span class=\"m-cegSocial__iconWrap\"><span class=\"m-cegSocial__icon -facebook _ce_measure_link _ce_measure_widget\" data-ce-measure-widget=\"facebookGallery-btn\"><i class=\"fab fa-facebook-f\"><\/i><\/span><span class=\"m-cegSocial__icon -pinterest _ce_measure_link _ce_measure_widget\" data-ce-measure-widget=\"printeresGallery-btn\"><i class=\"fab fa-pinterest-p\"><\/i><\/span><span class=\"m-cegSocial__icon -email _ce_measure_link _ce_measure_widget\" data-ce-measure-widget=\"emailGallery-btn\"><i class=\"far fa-envelope\"><\/i><\/span><span class=\"m-cegSocial__icon -clipboard _ce_measure_link _ce_measure_widget\" data-ce-measure-widget=\"clipboardGallery-btn\"><i class=\"fa fa-link\"><\/i><\/span><\/span>\t\t\t\t\t<\/div>\n\t\t\t\t<\/div>\n\t\t\t\t\t\t\t\t\t\t\t\t<div\n\t\t\t\t\t\tclass=\"m-cegCarousel__item -banner\"\n\t\t\t\t\t\tdata-type=\"banner\"\n\t\t\t\t\t\tdata-id=\"3\/4\/banner\"\n\t\t\t\t\t\tdata-image-url=\"\"\n\t\t\t\t\t\tdata-title=\"\"\n\t\t\t\t\t\tdata-desc=\"\">\n\n\t\t\t\t\t\t<div class=\"m-cegCarousel__floatingCnt banner-container gallery-content010\"><\/div>\n\n\t\t\t\t\t<\/div>\n\t\t\t\t\t\t\t\t\t\n\t\t\t\t<div\n\t\t\t\t\tclass=\"m-cegCarousel__item\"\n\t\t\t\t\tdata-type=\"image\"\n\t\t\t\t\tdata-id=\"3\/5\/kincsem-palota9\"\n\t\t\t\t\tdata-image-url=\"https:\/\/www.startlap.hu\/utazas\/uploads\/sites\/3\/2026\/03\/kincsem-palota9.JPG\"\n\t\t\t\t\tdata-title=\"kincsem-palota9\"\n\t\t\t\t\tdata-desc=\"Blaskovich k\u00e1polna f\u0151olt\u00e1rk\u00e9p\u00e9n M\u00e1ria mennybev\u00e9tele l\u00e1that\u00f3. A k\u00e1poln\u00e1t eredetileg a Sz\u0171z M\u00e1ria mennybev\u00e9tele tisztelet\u00e9re szentelt\u00e9k fel.\">\n\n\t\t\t\t\t<!-- image -->\n\t\t\t\t\t<div class=\"m-cegCarousel__floatingCnt\">\n\t\t\t\t\t\t<img decoding=\"async\" src=\"https:\/\/www.startlap.hu\/utazas\/uploads\/sites\/3\/2026\/03\/kincsem-palota9.JPG\" class=\"m-cegCarousel__image\" alt=\"Blaskovich k\u00e1polna f\u0151olt\u00e1rk\u00e9p\u00e9n M\u00e1ria mennybev\u00e9tele l\u00e1that\u00f3. A k\u00e1poln\u00e1t eredetileg a Sz\u0171z M\u00e1ria mennybev\u00e9tele tisztelet\u00e9re szentelt\u00e9k fel.\" \/>\t\t\t\t\t\t<span class=\"fa m-cegCarousel__zoom _ce_measure_link _ce_measure_widget\" data-ce-measure-widget=\"gallery-zoom-btn\"><\/span>\n\t\t\t\t\t<\/div>\n\n\t\t\t\t\t<!-- thumb icon \/ counter, caption  -->\n\t\t\t\t\t<div class=\"m-cegCarousel__captionCnt m-cegCaption\">\n\t\t\t\t\t\t<span class=\"m-cegCaption__thumbIcon a-cegThumbIcon _ce_measure_widget _ce_measure_link\"\n\t\t\t\t\t\t\t  data-ce-measure-widget=\"thumbnails-btn\"\n\t\t\t\t\t\t\t  data-ce-measure-widget=\"gallery-thumbnails\"><i class=\" fa fa-th-large\"><\/i><\/span>\n\t\t\t\t\t\t<span class=\"m-cegCaption__pagination a-cegPagination\">\n\t\t\t\t\t\t\t<span class=\"a-cegPagination__current\">5<\/span>\/5\t\t\t\t\t\t<\/span>\n\t\t\t\t\t\t<span class=\"m-cegCaption__caption\">kincsem-palota9<\/span>\n\t\t\t\t\t<\/div>\n\n\t\t\t\t\t<!-- Image description -->\n\t\t\t\t\t<div class=\"m-cegCarousel__desc a-cegDesc\">Blaskovich k\u00e1polna f\u0151olt\u00e1rk\u00e9p\u00e9n M\u00e1ria mennybev\u00e9tele l\u00e1that\u00f3. A k\u00e1poln\u00e1t eredetileg a Sz\u0171z M\u00e1ria mennybev\u00e9tele tisztelet\u00e9re szentelt\u00e9k fel.<\/div>\n\n\t\t\t\t\t<!-- Image social share icons -->\n\t\t\t\t\t<div class=\"m-cegCarousel__socialCnt m-cegSocial\">\n\t\t\t\t\t\t<span class=\"m-cegSocial__text\">Fot\u00f3 megoszt\u00e1sa:<\/span><span class=\"m-cegSocial__iconWrap\"><span class=\"m-cegSocial__icon -facebook _ce_measure_link _ce_measure_widget\" data-ce-measure-widget=\"facebookGallery-btn\"><i class=\"fab fa-facebook-f\"><\/i><\/span><span class=\"m-cegSocial__icon -pinterest _ce_measure_link _ce_measure_widget\" data-ce-measure-widget=\"printeresGallery-btn\"><i class=\"fab fa-pinterest-p\"><\/i><\/span><span class=\"m-cegSocial__icon -email _ce_measure_link _ce_measure_widget\" data-ce-measure-widget=\"emailGallery-btn\"><i class=\"far fa-envelope\"><\/i><\/span><span class=\"m-cegSocial__icon -clipboard _ce_measure_link _ce_measure_widget\" data-ce-measure-widget=\"clipboardGallery-btn\"><i class=\"fa fa-link\"><\/i><\/span><\/span>\t\t\t\t\t<\/div>\n\t\t\t\t<\/div>\n\t\t\t\t\t\t\t\t<\/div>\n\t\t<div class=\"m-cegLayer__thumbnails m-cegThumbList _ce_measure_widget\" data-ce-measure-widget=\"gallery-thumb-list\">\n\t\t\t\t\t\t\t\t\t\t\t<div class=\"m-cegThumbList__item\"\n\t\t\t\t\tdata-id=\"3\/1\/kincsem-palota7\"\n\t\t\t\t\tdata-index=\"0\">\n\t\t\t\t\t<img decoding=\"async\" src=\"https:\/\/www.startlap.hu\/utazas\/uploads\/sites\/3\/2026\/03\/kincsem-palota7.JPG\" class=\"m-cegThumbList__image _ce_measure_link\" alt=\"\" \/>\t\t\t\t<\/div>\n\t\t\t\t\t\t\t\t\t\t\t<div class=\"m-cegThumbList__item\"\n\t\t\t\t\tdata-id=\"3\/2\/kincsem-palota6\"\n\t\t\t\t\tdata-index=\"1\">\n\t\t\t\t\t<img decoding=\"async\" src=\"https:\/\/www.startlap.hu\/utazas\/uploads\/sites\/3\/2026\/03\/kincsem-palota6.JPG\" class=\"m-cegThumbList__image _ce_measure_link\" alt=\"Blaskovich Ern\u0151nek, a Kincsem csodal\u00f3 gazd\u00e1j\u00e1nak v\u00e9gs\u0151 nyughelye T\u00e1pi\u00f3szentm\u00e1rtonban, a Blaskovich csal\u00e1d k\u00e1poln\u00e1j\u00e1nak kertj\u00e9ben.\" \/>\t\t\t\t<\/div>\n\t\t\t\t\t\t\t\t\t\t\t<div class=\"m-cegThumbList__item\"\n\t\t\t\t\tdata-id=\"3\/3\/kincsem-palota8\"\n\t\t\t\t\tdata-index=\"2\">\n\t\t\t\t\t<img decoding=\"async\" src=\"https:\/\/www.startlap.hu\/utazas\/uploads\/sites\/3\/2026\/03\/kincsem-palota8.JPG\" class=\"m-cegThumbList__image _ce_measure_link\" alt=\"Blaskovich c\u00edmer\" \/>\t\t\t\t<\/div>\n\t\t\t\t\t\t\t\t\t\t\t\t\t\t\t<div class=\"m-cegThumbList__item\"\n\t\t\t\t\tdata-id=\"3\/5\/kincsem-palota9\"\n\t\t\t\t\tdata-index=\"4\">\n\t\t\t\t\t<img decoding=\"async\" src=\"https:\/\/www.startlap.hu\/utazas\/uploads\/sites\/3\/2026\/03\/kincsem-palota9.JPG\" class=\"m-cegThumbList__image _ce_measure_link\" alt=\"Blaskovich k\u00e1polna f\u0151olt\u00e1rk\u00e9p\u00e9n M\u00e1ria mennybev\u00e9tele l\u00e1that\u00f3. A k\u00e1poln\u00e1t eredetileg a Sz\u0171z M\u00e1ria mennybev\u00e9tele tisztelet\u00e9re szentelt\u00e9k fel.\" \/>\t\t\t\t<\/div>\n\t\t\t\t\t<\/div>\n\t<\/div>\n\t<div class=\"m-cegLayer__sidebar m-cegSidebar _ce_measure_widget\" data-ce-measure-widget=\"gallery-sidebar\">\n\n\t\t<div class=\"m-cegSidebar__desc a-cegDesc _ce_measure_widget\" data-ce-measure-widget=\"gallery-desc\"><\/div>\n\n\t\t<div class=\"m-cegSidebar__socialCnt m-cegSocial -sidebar _ce_measure_widget\" data-ce-measure-widget=\"gallery-social\">\n\t\t\t<span class=\"m-cegSocial__text\">Fot\u00f3 megoszt\u00e1sa:<\/span><span class=\"m-cegSocial__iconWrap\"><span class=\"m-cegSocial__icon -facebook _ce_measure_link _ce_measure_widget\" data-ce-measure-widget=\"facebookGallery-btn\"><i class=\"fab fa-facebook-f\"><\/i><\/span><span class=\"m-cegSocial__icon -pinterest _ce_measure_link _ce_measure_widget\" data-ce-measure-widget=\"printeresGallery-btn\"><i class=\"fab fa-pinterest-p\"><\/i><\/span><span class=\"m-cegSocial__icon -email _ce_measure_link _ce_measure_widget\" data-ce-measure-widget=\"emailGallery-btn\"><i class=\"far fa-envelope\"><\/i><\/span><span class=\"m-cegSocial__icon -clipboard _ce_measure_link _ce_measure_widget\" data-ce-measure-widget=\"clipboardGallery-btn\"><i class=\"fa fa-link\"><\/i><\/span><\/span>\t\t<\/div>\n\n\t\t<div class=\"gallery-right010 banner-container\"><\/div>\n\t\t<div class=\"gallery-right020 banner-container\"><\/div>\n\n\t<\/div>\n<\/div>\n\t<\/div>\n\n\t<script>\n\t\tjQuery(function () {\n\t\t\tvar id = '#cegPostCnt_3';\n\t\t\tjQuery( id ).articleGallery({\n\t\t\t\tonChanged: function (event) {\n\t\t\t\t\t\tthis.renderSidebarCTS( 'gallery-right010' );\n\t\t\t\t\t\tthis.renderSidebarCTS( 'gallery-right020' );\n\t\t\t\t\t\tthis.renderBannerSlideCTS(  event,\n\t\t\t\t\t\t\t\t\t\t\t\t\t[\n\t\t\t\t\t\t\t\t\t\t\t\t\t\t'gallery-content010',\n\t\t\t\t\t\t\t\t\t\t\t\t\t\t'gallery-content020',\n\t\t\t\t\t\t\t\t\t\t\t\t\t\t'gallery-content030'\n\t\t\t\t\t\t\t\t\t\t\t\t\t]);\n\t\t\t\t}\n\t\t\t});\n\t\t});\n\t<\/script>\t\n<p>Blaskovich Ern\u0151 \u00e9let\u00fatj\u00e1nak egyes \u00e1llom\u00e1sai tov\u00e1bbi fot\u00f3kkal \u00e9s t\u00f6rt\u00e9netekkel <a href=\"https:\/\/www.errearra.org\/blaskovich-erno-kincsem\" target=\"_blank\" target=\"_blank\" rel=\"noopener\">itt<\/a> \u00e9rhet\u0151k el.<\/p>\n<div class=\"o-widget m-readMoreWidget -readMore u-shortDecorLineAfter row widget-container _ce_measure_widget bigdata-widget read-more\" data-ce-measure-widget=\"olvass tov\u00e1bb\">\n\t<div class=\"m-readMoreWidget__imgWrapper image-wrapper col-12 col-md-4 no-p\">\n\t\t<a class=\"m-readMoreWidget__imgLink\" href=\"https:\/\/www.startlap.hu\/utazas\/egyedi-palota-stern-csalad-tortenete-fotok\/\" >\n\t\t\t<img decoding=\"async\" src=\"https:\/\/www.startlap.hu\/utazas\/uploads\/sites\/3\/2026\/02\/egyedi-palota20-350x285.jpg\" class=\"m-readMoreWidget__img\">\n\t\t<\/a>\n\t<\/div>\n\t<div class=\"m-readMoreWidget__titleWrapper title-wrapper col-12 col-md-8\">\n\t\t<span class=\"m-readMoreWidget__titleLabel u-shortDecorLineBefore label hidden-sm-up\">Ez is \u00e9rdekelhet:<\/span>\n\t\t<h3 class=\"m-readMoreWidget__title title\">\n\t\t\t<a class=\"m-readMoreWidget__titleLink -secondFont u-bold u-upperCase\" href=\"https:\/\/www.startlap.hu\/utazas\/egyedi-palota-stern-csalad-tortenete-fotok\/\" >F\u00e9ny\u0171z\u0151 palota \u00e1ll a V\u00e1rosliget k\u00f6zel\u00e9ben: egy magyar m\u00e1gn\u00e1scsal\u00e1d tragikus titkait rejti<\/a>\n\t\t<\/h3>\n\t\t<a class=\"m-readMoreWidget__btn -coloredBack u-tC link\" href=\"https:\/\/www.startlap.hu\/utazas\/egyedi-palota-stern-csalad-tortenete-fotok\/\" >Elolvasom<\/a>\n\t<\/div>\n<\/div>\n","protected":false},"excerpt":{"rendered":"<p>Kincsem neve vil\u00e1gszerte ismert a l\u00f3versenyz\u00e9s t\u00f6rt\u00e9net\u00e9ben, de gazd\u00e1j\u00e1nak \u00e9lete legal\u00e1bb ennyire izgalmas. Blaskovich Ern\u0151 t\u00f6rt\u00e9nete a csodakanca sikerein t\u00fal egy budapesti palota, arisztokrata vend\u00e9gek \u00e9s egy titokban meg\u00e9lt szerelem t\u00f6rt\u00e9net\u00e9t is felid\u00e9zi.<\/p>\n","protected":false},"author":45,"featured_media":104455,"comment_status":"closed","ping_status":"closed","sticky":false,"template":"","format":"standard","meta":{"footnotes":""},"categories":[8],"tags":[23,5990,1017],"class_list":["post-104431","post","type-post","status-publish","format-standard","has-post-thumbnail","hentry","category-elmeny","tag-budapest","tag-erre-arra","tag-palota"],"aioseo_notices":[],"_links":{"self":[{"href":"https:\/\/www.startlap.hu\/utazas\/wp-json\/wp\/v2\/posts\/104431","targetHints":{"allow":["GET"]}}],"collection":[{"href":"https:\/\/www.startlap.hu\/utazas\/wp-json\/wp\/v2\/posts"}],"about":[{"href":"https:\/\/www.startlap.hu\/utazas\/wp-json\/wp\/v2\/types\/post"}],"author":[{"embeddable":true,"href":"https:\/\/www.startlap.hu\/utazas\/wp-json\/wp\/v2\/users\/45"}],"replies":[{"embeddable":true,"href":"https:\/\/www.startlap.hu\/utazas\/wp-json\/wp\/v2\/comments?post=104431"}],"version-history":[{"count":6,"href":"https:\/\/www.startlap.hu\/utazas\/wp-json\/wp\/v2\/posts\/104431\/revisions"}],"predecessor-version":[{"id":104905,"href":"https:\/\/www.startlap.hu\/utazas\/wp-json\/wp\/v2\/posts\/104431\/revisions\/104905"}],"wp:featuredmedia":[{"embeddable":true,"href":"https:\/\/www.startlap.hu\/utazas\/wp-json\/wp\/v2\/media\/104455"}],"wp:attachment":[{"href":"https:\/\/www.startlap.hu\/utazas\/wp-json\/wp\/v2\/media?parent=104431"}],"wp:term":[{"taxonomy":"category","embeddable":true,"href":"https:\/\/www.startlap.hu\/utazas\/wp-json\/wp\/v2\/categories?post=104431"},{"taxonomy":"post_tag","embeddable":true,"href":"https:\/\/www.startlap.hu\/utazas\/wp-json\/wp\/v2\/tags?post=104431"}],"curies":[{"name":"wp","href":"https:\/\/api.w.org\/{rel}","templated":true}]}}