{"id":104392,"date":"2026-03-13T19:33:34","date_gmt":"2026-03-13T18:33:34","guid":{"rendered":"https:\/\/www.startlap.hu\/utazas\/?p=104392"},"modified":"2026-03-13T13:08:49","modified_gmt":"2026-03-13T12:08:49","slug":"tenerife-tenger-strandolas-aprilis","status":"publish","type":"post","link":"https:\/\/www.startlap.hu\/utazas\/tenerife-tenger-strandolas-aprilis\/","title":{"rendered":"Ezen az \u00e1lomsz\u00e9p eur\u00f3pai szigeten m\u00e1r \u00e1prilisban is 19-20 fokos a tenger"},"content":{"rendered":"<p><strong>Tenerife<\/strong> m\u00e1r \u00e1prilisban is vonz\u00f3 \u00fati c\u00e9l lehet azoknak, akik korai tengerparti nyaral\u00e1sra v\u00e1gynak: a <strong>Kan\u00e1ri-szigeteken<\/strong> sok turista m\u00e1r <a href=\"https:\/\/www.startlap.hu\/utazas\/hosszu-hetvegek-2026-tavasz-szabadsag\/\" target=\"_blank\" rel=\"noopener\">tavasszal<\/a> megm\u00e1rt\u00f3zik az <strong>Atlanti-\u00f3ce\u00e1nban<\/strong>. Tenerif\u00e9n enyhe \u00e9ghajlata, a sok naps\u00fct\u00e9s \u00e9s a v\u00e9dett \u00f6bl\u00f6k miatt a tengerv\u00edz h\u0151m\u00e9rs\u00e9klete j\u00f3val magasabbnak \u00e9rz\u0151dik, mint a szelesebb \u00e9szaki partszakaszokon.<\/p>\n<div class=\"o-widget m-readMoreWidget -readMore u-shortDecorLineAfter row widget-container _ce_measure_widget bigdata-widget read-more\" data-ce-measure-widget=\"olvass tov\u00e1bb\">\n\t<div class=\"m-readMoreWidget__imgWrapper image-wrapper col-12 col-md-4 no-p\">\n\t\t<a class=\"m-readMoreWidget__imgLink\" href=\"https:\/\/www.startlap.hu\/utazas\/gili-trawangan-31-fok-sziget-tengerpart-fotok\/\" >\n\t\t\t<img decoding=\"async\" src=\"https:\/\/www.startlap.hu\/utazas\/uploads\/sites\/3\/2026\/02\/gili2-350x285.jpg\" class=\"m-readMoreWidget__img\">\n\t\t<\/a>\n\t<\/div>\n\t<div class=\"m-readMoreWidget__titleWrapper title-wrapper col-12 col-md-8\">\n\t\t<span class=\"m-readMoreWidget__titleLabel u-shortDecorLineBefore label hidden-sm-up\">Ez is \u00e9rdekelhet:<\/span>\n\t\t<h3 class=\"m-readMoreWidget__title title\">\n\t\t\t<a class=\"m-readMoreWidget__titleLink -secondFont u-bold u-upperCase\" href=\"https:\/\/www.startlap.hu\/utazas\/gili-trawangan-31-fok-sziget-tengerpart-fotok\/\" >Eg\u00e9sz \u00e9vben 31 fok, nincsenek aut\u00f3k az \u00e1lomszigeten: a &#8222;vil\u00e1g legjobban \u00faszhat\u00f3 tengere&#8221; veszi k\u00f6r\u00fcl<\/a>\n\t\t<\/h3>\n\t\t<a class=\"m-readMoreWidget__btn -coloredBack u-tC link\" href=\"https:\/\/www.startlap.hu\/utazas\/gili-trawangan-31-fok-sziget-tengerpart-fotok\/\" >Elolvasom<\/a>\n\t<\/div>\n<\/div>\n<h2>Tavasszal is megm\u00e1rt\u00f3zhatunk az \u00f3ce\u00e1nban<\/h2>\n<p>\u00c1prilisban Tenerife d\u00e9li r\u00e9sz\u00e9n \u00e1ltal\u00e1ban 21\u201325 Celsius-fok k\u00f6z\u00f6tt alakul a nappali h\u0151m\u00e9rs\u00e9klet, <strong>a tenger pedig 19\u201320 fokos.<\/strong> A sok <a href=\"https:\/\/www.startlap.hu\/utazas\/legnaposabb-varosok-europa-februar-marcius-budapest\/\" target=\"_blank\" rel=\"noopener\">naps\u00fct\u00e9ssel<\/a> egy\u00fctt ez sok utaz\u00f3 sz\u00e1m\u00e1ra kifejezetten kellemesnek hat: emiatt sokan m\u00e1r ilyenkor is b\u00e1tran bemennek a v\u00edzbe.<\/p>\n<figure id=\"attachment_101654\" aria-describedby=\"caption-attachment-101654\" style=\"width: 755px\" class=\"wp-caption alignnone\"><a href=\"https:\/\/www.startlap.hu\/utazas\/uploads\/sites\/3\/2026\/01\/GettyImages-601162583_11zon.jpg\"><img loading=\"lazy\" decoding=\"async\" class=\"wp-image-101654 size-article-size-large-image\" src=\"https:\/\/www.startlap.hu\/utazas\/uploads\/sites\/3\/2026\/01\/GettyImages-601162583_11zon-755x503.jpg\" alt=\"Tenerife tengerpart\" width=\"755\" height=\"503\" srcset=\"https:\/\/www.startlap.hu\/utazas\/uploads\/sites\/3\/2026\/01\/GettyImages-601162583_11zon-755x503.jpg 755w, https:\/\/www.startlap.hu\/utazas\/uploads\/sites\/3\/2026\/01\/GettyImages-601162583_11zon-1536x1024.jpg 1536w, https:\/\/www.startlap.hu\/utazas\/uploads\/sites\/3\/2026\/01\/GettyImages-601162583_11zon-525x350.jpg 525w, https:\/\/www.startlap.hu\/utazas\/uploads\/sites\/3\/2026\/01\/GettyImages-601162583_11zon.jpg 1696w\" sizes=\"auto, (max-width: 755px) 100vw, 755px\" \/><\/a><figcaption id=\"caption-attachment-101654\" class=\"wp-caption-text\">Fot\u00f3: Tim E White \/ Getty Images<\/figcaption><\/figure>\n<p>A legjobb f\u00fcrd\u0151z\u00e9si felt\u00e9telek a sziget d\u00e9li partj\u00e1n tal\u00e1lhat\u00f3k. <strong>Los Cristianos<\/strong>, <strong>Playa de las Am\u00e9ricas<\/strong> \u00e9s <strong>Costa Adeje<\/strong> k\u00f6rny\u00e9k\u00e9n<\/p>\n<blockquote class=\"article__extraTxt\"><p>hull\u00e1mt\u00f6r\u0151k, sek\u00e9ly \u00f6bl\u00f6k \u00e9s sz\u00e9lv\u00e9dett partszakaszok seg\u00edtik, hogy a v\u00edz fels\u0151 r\u00e9tege gyorsabban felmelegedjen.<\/p><\/blockquote>\n<p>Ezek a helyek k\u00fcl\u00f6n\u00f6sen n\u00e9pszer\u0171ek a tavaszi strandol\u00f3k k\u00f6r\u00e9ben.<\/p>\n<h2>Ezek a legjobb strandok<\/h2>\n<p>J\u00f3 p\u00e9lda a los cristianosi <strong>Playa de las Vistas<\/strong>, amely mesters\u00e9gesen felt\u00f6lt\u00f6tt, finom homokos strand, enyh\u00e9n m\u00e9ly\u00fcl\u0151 v\u00edzzel. A hull\u00e1mt\u00f6r\u0151k m\u00e9rs\u00e9klik az Atlanti-\u00f3ce\u00e1n hull\u00e1mainak erej\u00e9t, a vil\u00e1gos homok pedig visszaveri a napf\u00e9nyt. A part menti s\u00e9t\u00e1ny k\u00e1v\u00e9z\u00f3ival \u00e9s \u00e9ttermeivel k\u00e9nyelmes pihen\u00e9si lehet\u0151s\u00e9get k\u00edn\u00e1l a f\u00fcrd\u0151z\u0151knek.<\/p>\n<p>Hasonl\u00f3an kedvez\u0151 felt\u00e9teleket k\u00edn\u00e1l a <strong>Playa del Camis\u00f3n<\/strong> \u00e9s a <strong>Playa de Troya<\/strong> Playa de las Am\u00e9ricasben, valamint a <strong>Playa Fa\u00f1ab\u00e9<\/strong> \u00e9s a <strong>Playa del Duque<\/strong> Costa Adej\u00e9ben. Ezek a strandok kiv\u00e1l\u00f3an alkalmasak arra, hogy m\u00e1r tavasszal is \u00e9lvezni lehessen az \u00f3ce\u00e1ni f\u00fcrd\u0151z\u00e9st.<\/p>\n<p>Aki \u00e1prilisban szeretne f\u00fcrdeni Tenerif\u00e9n, annak \u00e9rdemes <strong>a d\u00e9li strandokat v\u00e1lasztani, \u00e9s a legmelegebb napszakban, d\u00e9l k\u00f6r\u00fcl bemenni a v\u00edzbe.<\/strong> A v\u00e9dett \u00f6bl\u00f6kben a 19 fokos v\u00edz is kellemesebbnek \u00e9rz\u0151dik, a f\u00e1z\u00f3sabb utaz\u00f3k pedig a sz\u00e1llod\u00e1k f\u0171t\u00f6tt medenc\u00e9iben is megm\u00e1rt\u00f3zhatnak.<\/p>\n<p><a href=\"https:\/\/www.baden24.de\/reise-freizeit\/reise\/kanareninsel-teneriffa-april-badetemperatur-badesaison-94211994.html\" target=\"_blank\" target=\"_blank\" rel=\"noopener\">via<\/a><\/p>\n<div class=\"o-widget m-readMoreWidget -readMore u-shortDecorLineAfter row widget-container _ce_measure_widget bigdata-widget read-more\" data-ce-measure-widget=\"olvass tov\u00e1bb\">\n\t<div class=\"m-readMoreWidget__imgWrapper image-wrapper col-12 col-md-4 no-p\">\n\t\t<a class=\"m-readMoreWidget__imgLink\" href=\"https:\/\/www.startlap.hu\/utazas\/kozel-kelet-legterzar-adossag-turistak\/\" >\n\t\t\t<img decoding=\"async\" src=\"https:\/\/www.startlap.hu\/utazas\/uploads\/sites\/3\/2026\/03\/dubaj-turista-350x285.jpg\" class=\"m-readMoreWidget__img\">\n\t\t<\/a>\n\t<\/div>\n\t<div class=\"m-readMoreWidget__titleWrapper title-wrapper col-12 col-md-8\">\n\t\t<span class=\"m-readMoreWidget__titleLabel u-shortDecorLineBefore label hidden-sm-up\">Ez is \u00e9rdekelhet:<\/span>\n\t\t<h3 class=\"m-readMoreWidget__title title\">\n\t\t\t<a class=\"m-readMoreWidget__titleLink -secondFont u-bold u-upperCase\" href=\"https:\/\/www.startlap.hu\/utazas\/kozel-kelet-legterzar-adossag-turistak\/\" >Milli\u00f3s ad\u00f3ss\u00e1gokat halmoztak fel a Dubajban rekedt turist\u00e1k &#8211; \u201eTer\u00e1pi\u00e1ra fogok j\u00e1rni ezut\u00e1n\u201d<\/a>\n\t\t<\/h3>\n\t\t<a class=\"m-readMoreWidget__btn -coloredBack u-tC link\" href=\"https:\/\/www.startlap.hu\/utazas\/kozel-kelet-legterzar-adossag-turistak\/\" >Elolvasom<\/a>\n\t<\/div>\n<\/div>\n","protected":false},"excerpt":{"rendered":"<p>Ezen a kedvelt eur\u00f3pai szigeten m\u00e1r \u00e1prilisban 19-20 fokos tengerv\u00edz v\u00e1r: a majdnem 30 fokos melegben friss\u00edt\u0151 \u00e9rz\u00e9s a f\u00fcrd\u0151z\u00e9s!<\/p>\n","protected":false},"author":63,"featured_media":101654,"comment_status":"closed","ping_status":"closed","sticky":false,"template":"","format":"standard","meta":{"footnotes":""},"categories":[70],"tags":[394,1589,393,255],"class_list":["post-104392","post","type-post","status-publish","format-standard","has-post-thumbnail","hentry","category-vilag","tag-kanari-szigetek","tag-tavasz","tag-tenerife","tag-tenger"],"aioseo_notices":[],"_links":{"self":[{"href":"https:\/\/www.startlap.hu\/utazas\/wp-json\/wp\/v2\/posts\/104392","targetHints":{"allow":["GET"]}}],"collection":[{"href":"https:\/\/www.startlap.hu\/utazas\/wp-json\/wp\/v2\/posts"}],"about":[{"href":"https:\/\/www.startlap.hu\/utazas\/wp-json\/wp\/v2\/types\/post"}],"author":[{"embeddable":true,"href":"https:\/\/www.startlap.hu\/utazas\/wp-json\/wp\/v2\/users\/63"}],"replies":[{"embeddable":true,"href":"https:\/\/www.startlap.hu\/utazas\/wp-json\/wp\/v2\/comments?post=104392"}],"version-history":[{"count":2,"href":"https:\/\/www.startlap.hu\/utazas\/wp-json\/wp\/v2\/posts\/104392\/revisions"}],"predecessor-version":[{"id":104429,"href":"https:\/\/www.startlap.hu\/utazas\/wp-json\/wp\/v2\/posts\/104392\/revisions\/104429"}],"wp:featuredmedia":[{"embeddable":true,"href":"https:\/\/www.startlap.hu\/utazas\/wp-json\/wp\/v2\/media\/101654"}],"wp:attachment":[{"href":"https:\/\/www.startlap.hu\/utazas\/wp-json\/wp\/v2\/media?parent=104392"}],"wp:term":[{"taxonomy":"category","embeddable":true,"href":"https:\/\/www.startlap.hu\/utazas\/wp-json\/wp\/v2\/categories?post=104392"},{"taxonomy":"post_tag","embeddable":true,"href":"https:\/\/www.startlap.hu\/utazas\/wp-json\/wp\/v2\/tags?post=104392"}],"curies":[{"name":"wp","href":"https:\/\/api.w.org\/{rel}","templated":true}]}}