{"id":104355,"date":"2026-03-13T10:33:38","date_gmt":"2026-03-13T09:33:38","guid":{"rendered":"https:\/\/www.startlap.hu\/utazas\/?p=104355"},"modified":"2026-03-12T14:07:55","modified_gmt":"2026-03-12T13:07:55","slug":"costa-de-prata-portugalia-fotok","status":"publish","type":"post","link":"https:\/\/www.startlap.hu\/utazas\/costa-de-prata-portugalia-fotok\/","title":{"rendered":"A portug\u00e1l Ez\u00fcstpart mindenkit elvar\u00e1zsol &#8211; k\u00e9peken az alig ismert, csod\u00e1s partvid\u00e9k"},"content":{"rendered":"<p>Minden \u00e9vben turist\u00e1k milli\u00f3i utaznak <strong>Portug\u00e1lia<\/strong> legismertebb \u00fcd\u00fcl\u0151ter\u00fclet\u00e9re, az <strong>Algarve<\/strong> r\u00e9gi\u00f3ba, \u00edrja a <a href=\"https:\/\/www.thesun.co.uk\/travel\/38481027\/portugal-silver-coast-cheaper-algarve-beers\/\" target=\"_blank\" target=\"_blank\" rel=\"noopener\">Sun<\/a>. Az orsz\u00e1gban azonban l\u00e9tezik egy kev\u00e9sb\u00e9 zs\u00fafolt \u00e9s gyakran olcs\u00f3bb alternat\u00edva is: a portug\u00e1l <strong>Ez\u00fcstpart<\/strong>, m\u00e1s n\u00e9ven <strong>Costa de Prata<\/strong>. A partvid\u00e9k <a href=\"https:\/\/www.startlap.hu\/utazas\/lisszabon-latnivalok-szallas-kozelekdes-etkezes-arak-muzeumok\/\" target=\"_blank\" rel=\"noopener\"><strong>Lisszabont\u00f3l<\/strong><\/a> \u00e9szakra, eg\u00e9szen <strong>Porto<\/strong> k\u00f6zel\u00e9ig h\u00faz\u00f3dik, \u00e9s v\u00e1ltozatos nyaral\u00e1si lehet\u0151s\u00e9geket k\u00edn\u00e1l, a l\u00e1tv\u00e1nyos term\u00e9szeti t\u00e1jakt\u00f3l a t\u00f6rt\u00e9nelmi v\u00e1rosokig.<\/p>\n\n\t<div id=\"cegPostCnt_1\" class=\"o-cegPostCnt -inContent\" data-title=\"A portug\u00e1l Ez\u00fcstpart mindenkit elvar\u00e1zsol &#8211; k\u00e9peken az alig ismert, csod\u00e1s partvid\u00e9k\">\n\t\t<a class=\"o-cegPostCnt__opener m-cegOpener _ce_measure_widget _ce_measure_link\" data-ce-measure-widget=\"gallery-open\"\n   href=\"?gallery=1\/1\/portgualia1\">\n\t<img decoding=\"async\" src=\"https:\/\/www.startlap.hu\/utazas\/uploads\/sites\/3\/2026\/03\/portgualia1.jpg\" class=\"m-cegOpener__image\" alt=\"Costa de Prata.\" sizes=\"(max-width: 991px) 100vw, (max-width: 1039px) 66vw, 684px\" srcset=\"https:\/\/www.startlap.hu\/utazas\/uploads\/sites\/3\/2026\/03\/portgualia1.jpg 2500w, https:\/\/www.startlap.hu\/utazas\/uploads\/sites\/3\/2026\/03\/portgualia1-1536x1024.jpg 1536w, https:\/\/www.startlap.hu\/utazas\/uploads\/sites\/3\/2026\/03\/portgualia1-2048x1366.jpg 2048w, https:\/\/www.startlap.hu\/utazas\/uploads\/sites\/3\/2026\/03\/portgualia1-755x503.jpg 755w, https:\/\/www.startlap.hu\/utazas\/uploads\/sites\/3\/2026\/03\/portgualia1-525x350.jpg 525w\" \/>\t<div class=\"m-cegOpener__btn\"><i class=\"far fa-clone\"><\/i><\/div>\n<\/a>\n<div class=\"o-cegPostCnt__layer m-cegLayer _ce_measure_widget\" data-ce-measure-widget=\"gallery-layer\" style=\"display: none\">\n\t<div class=\"m-cegLayer__top m-cegHeader _ce_measure_widget\" data-ce-measure-widget=\"gallery-header\">\n\t\t\t\t\t<span class=\"m-cegHeader__logo\"><span class=\"a-cegLogo\"><\/span><\/span>\n\t\t\t\t<div class=\"m-cegHeader__imgCnt\">\n\t\t\t<img decoding=\"async\" src=\"https:\/\/www.startlap.hu\/utazas\/uploads\/sites\/3\/2026\/03\/portgualia1.jpg\" class=\"m-cegHeader__imgOpener\" alt=\"Costa de Prata.\" \/>\t\t<\/div>\n\t\t<h2 class=\"m-cegHeader__title a-cegGalleryTitle\"><i class=\"fa fa-angle-left\"><\/i>A portug\u00e1l Ez\u00fcstpart mindenkit elvar\u00e1zsol &#8211; k\u00e9peken az alig ismert, csod\u00e1s partvid\u00e9k<\/h2>\n\t\t<div class=\"m-cegHeader__pagination a-cegPagination\"><\/div>\n\t\t<div class=\"m-cegHeader__closeBtn close-button nlc-icon-close _ce_measure_link _ce_measure_widget\" data-ce-measure-widget=\"gallery-close-btn\"><i class=\"fa fa-times\" aria-hidden=\"true\"><\/i><\/div>\n\t<\/div>\n\t<div class=\"m-cegLayer__screen\">\n\t\t<div class=\"m-cegLayer__carousel m-cegCarousel\">\n\t\t\t\t\t\t\t\n\t\t\t\t<div\n\t\t\t\t\tclass=\"m-cegCarousel__item\"\n\t\t\t\t\tdata-type=\"image\"\n\t\t\t\t\tdata-id=\"1\/1\/portgualia1\"\n\t\t\t\t\tdata-image-url=\"https:\/\/www.startlap.hu\/utazas\/uploads\/sites\/3\/2026\/03\/portgualia1.jpg\"\n\t\t\t\t\tdata-title=\"portgualia1\"\n\t\t\t\t\tdata-desc=\"Costa de Prata. Fot\u00f3: Getty Images\">\n\n\t\t\t\t\t<!-- image -->\n\t\t\t\t\t<div class=\"m-cegCarousel__floatingCnt\">\n\t\t\t\t\t\t<img decoding=\"async\" src=\"https:\/\/www.startlap.hu\/utazas\/uploads\/sites\/3\/2026\/03\/portgualia1.jpg\" class=\"m-cegCarousel__image\" alt=\"Costa de Prata.\" \/>\t\t\t\t\t\t<span class=\"fa m-cegCarousel__zoom _ce_measure_link _ce_measure_widget\" data-ce-measure-widget=\"gallery-zoom-btn\"><\/span>\n\t\t\t\t\t<\/div>\n\n\t\t\t\t\t<!-- thumb icon \/ counter, caption  -->\n\t\t\t\t\t<div class=\"m-cegCarousel__captionCnt m-cegCaption\">\n\t\t\t\t\t\t<span class=\"m-cegCaption__thumbIcon a-cegThumbIcon _ce_measure_widget _ce_measure_link\"\n\t\t\t\t\t\t\t  data-ce-measure-widget=\"thumbnails-btn\"\n\t\t\t\t\t\t\t  data-ce-measure-widget=\"gallery-thumbnails\"><i class=\" fa fa-th-large\"><\/i><\/span>\n\t\t\t\t\t\t<span class=\"m-cegCaption__pagination a-cegPagination\">\n\t\t\t\t\t\t\t<span class=\"a-cegPagination__current\">1<\/span>\/13\t\t\t\t\t\t<\/span>\n\t\t\t\t\t\t<span class=\"m-cegCaption__caption\">portgualia1<\/span>\n\t\t\t\t\t<\/div>\n\n\t\t\t\t\t<!-- Image description -->\n\t\t\t\t\t<div class=\"m-cegCarousel__desc a-cegDesc\">Costa de Prata. Fot\u00f3: Getty Images<\/div>\n\n\t\t\t\t\t<!-- Image social share icons -->\n\t\t\t\t\t<div class=\"m-cegCarousel__socialCnt m-cegSocial\">\n\t\t\t\t\t\t<span class=\"m-cegSocial__text\">Fot\u00f3 megoszt\u00e1sa:<\/span><span class=\"m-cegSocial__iconWrap\"><span class=\"m-cegSocial__icon -facebook _ce_measure_link _ce_measure_widget\" data-ce-measure-widget=\"facebookGallery-btn\"><i class=\"fab fa-facebook-f\"><\/i><\/span><span class=\"m-cegSocial__icon -pinterest _ce_measure_link _ce_measure_widget\" data-ce-measure-widget=\"printeresGallery-btn\"><i class=\"fab fa-pinterest-p\"><\/i><\/span><span class=\"m-cegSocial__icon -email _ce_measure_link _ce_measure_widget\" data-ce-measure-widget=\"emailGallery-btn\"><i class=\"far fa-envelope\"><\/i><\/span><span class=\"m-cegSocial__icon -clipboard _ce_measure_link _ce_measure_widget\" data-ce-measure-widget=\"clipboardGallery-btn\"><i class=\"fa fa-link\"><\/i><\/span><\/span>\t\t\t\t\t<\/div>\n\t\t\t\t<\/div>\n\t\t\t\t\t\t\t\n\t\t\t\t<div\n\t\t\t\t\tclass=\"m-cegCarousel__item\"\n\t\t\t\t\tdata-type=\"image\"\n\t\t\t\t\tdata-id=\"1\/2\/portugalia2-scaled\"\n\t\t\t\t\tdata-image-url=\"https:\/\/www.startlap.hu\/utazas\/uploads\/sites\/3\/2026\/03\/portugalia2-scaled.jpg\"\n\t\t\t\t\tdata-title=\"portugalia2\"\n\t\t\t\t\tdata-desc=\"Costa de Prata. Fot\u00f3: Getty Images\">\n\n\t\t\t\t\t<!-- image -->\n\t\t\t\t\t<div class=\"m-cegCarousel__floatingCnt\">\n\t\t\t\t\t\t<img decoding=\"async\" src=\"https:\/\/www.startlap.hu\/utazas\/uploads\/sites\/3\/2026\/03\/portugalia2-scaled.jpg\" class=\"m-cegCarousel__image\" alt=\"Costa de Prata.\" \/>\t\t\t\t\t\t<span class=\"fa m-cegCarousel__zoom _ce_measure_link _ce_measure_widget\" data-ce-measure-widget=\"gallery-zoom-btn\"><\/span>\n\t\t\t\t\t<\/div>\n\n\t\t\t\t\t<!-- thumb icon \/ counter, caption  -->\n\t\t\t\t\t<div class=\"m-cegCarousel__captionCnt m-cegCaption\">\n\t\t\t\t\t\t<span class=\"m-cegCaption__thumbIcon a-cegThumbIcon _ce_measure_widget _ce_measure_link\"\n\t\t\t\t\t\t\t  data-ce-measure-widget=\"thumbnails-btn\"\n\t\t\t\t\t\t\t  data-ce-measure-widget=\"gallery-thumbnails\"><i class=\" fa fa-th-large\"><\/i><\/span>\n\t\t\t\t\t\t<span class=\"m-cegCaption__pagination a-cegPagination\">\n\t\t\t\t\t\t\t<span class=\"a-cegPagination__current\">2<\/span>\/13\t\t\t\t\t\t<\/span>\n\t\t\t\t\t\t<span class=\"m-cegCaption__caption\">portugalia2<\/span>\n\t\t\t\t\t<\/div>\n\n\t\t\t\t\t<!-- Image description -->\n\t\t\t\t\t<div class=\"m-cegCarousel__desc a-cegDesc\">Costa de Prata. Fot\u00f3: Getty Images<\/div>\n\n\t\t\t\t\t<!-- Image social share icons -->\n\t\t\t\t\t<div class=\"m-cegCarousel__socialCnt m-cegSocial\">\n\t\t\t\t\t\t<span class=\"m-cegSocial__text\">Fot\u00f3 megoszt\u00e1sa:<\/span><span class=\"m-cegSocial__iconWrap\"><span class=\"m-cegSocial__icon -facebook _ce_measure_link _ce_measure_widget\" data-ce-measure-widget=\"facebookGallery-btn\"><i class=\"fab fa-facebook-f\"><\/i><\/span><span class=\"m-cegSocial__icon -pinterest _ce_measure_link _ce_measure_widget\" data-ce-measure-widget=\"printeresGallery-btn\"><i class=\"fab fa-pinterest-p\"><\/i><\/span><span class=\"m-cegSocial__icon -email _ce_measure_link _ce_measure_widget\" data-ce-measure-widget=\"emailGallery-btn\"><i class=\"far fa-envelope\"><\/i><\/span><span class=\"m-cegSocial__icon -clipboard _ce_measure_link _ce_measure_widget\" data-ce-measure-widget=\"clipboardGallery-btn\"><i class=\"fa fa-link\"><\/i><\/span><\/span>\t\t\t\t\t<\/div>\n\t\t\t\t<\/div>\n\t\t\t\t\t\t\t\n\t\t\t\t<div\n\t\t\t\t\tclass=\"m-cegCarousel__item\"\n\t\t\t\t\tdata-type=\"image\"\n\t\t\t\t\tdata-id=\"1\/3\/portugalia3-scaled\"\n\t\t\t\t\tdata-image-url=\"https:\/\/www.startlap.hu\/utazas\/uploads\/sites\/3\/2026\/03\/portugalia3-scaled.jpg\"\n\t\t\t\t\tdata-title=\"portugalia3\"\n\t\t\t\t\tdata-desc=\"Costa de Prata. Fot\u00f3: Getty Images\">\n\n\t\t\t\t\t<!-- image -->\n\t\t\t\t\t<div class=\"m-cegCarousel__floatingCnt\">\n\t\t\t\t\t\t<img decoding=\"async\" src=\"https:\/\/www.startlap.hu\/utazas\/uploads\/sites\/3\/2026\/03\/portugalia3-scaled.jpg\" class=\"m-cegCarousel__image\" alt=\"Costa de Prata.\" \/>\t\t\t\t\t\t<span class=\"fa m-cegCarousel__zoom _ce_measure_link _ce_measure_widget\" data-ce-measure-widget=\"gallery-zoom-btn\"><\/span>\n\t\t\t\t\t<\/div>\n\n\t\t\t\t\t<!-- thumb icon \/ counter, caption  -->\n\t\t\t\t\t<div class=\"m-cegCarousel__captionCnt m-cegCaption\">\n\t\t\t\t\t\t<span class=\"m-cegCaption__thumbIcon a-cegThumbIcon _ce_measure_widget _ce_measure_link\"\n\t\t\t\t\t\t\t  data-ce-measure-widget=\"thumbnails-btn\"\n\t\t\t\t\t\t\t  data-ce-measure-widget=\"gallery-thumbnails\"><i class=\" fa fa-th-large\"><\/i><\/span>\n\t\t\t\t\t\t<span class=\"m-cegCaption__pagination a-cegPagination\">\n\t\t\t\t\t\t\t<span class=\"a-cegPagination__current\">3<\/span>\/13\t\t\t\t\t\t<\/span>\n\t\t\t\t\t\t<span class=\"m-cegCaption__caption\">portugalia3<\/span>\n\t\t\t\t\t<\/div>\n\n\t\t\t\t\t<!-- Image description -->\n\t\t\t\t\t<div class=\"m-cegCarousel__desc a-cegDesc\">Costa de Prata. Fot\u00f3: Getty Images<\/div>\n\n\t\t\t\t\t<!-- Image social share icons -->\n\t\t\t\t\t<div class=\"m-cegCarousel__socialCnt m-cegSocial\">\n\t\t\t\t\t\t<span class=\"m-cegSocial__text\">Fot\u00f3 megoszt\u00e1sa:<\/span><span class=\"m-cegSocial__iconWrap\"><span class=\"m-cegSocial__icon -facebook _ce_measure_link _ce_measure_widget\" data-ce-measure-widget=\"facebookGallery-btn\"><i class=\"fab fa-facebook-f\"><\/i><\/span><span class=\"m-cegSocial__icon -pinterest _ce_measure_link _ce_measure_widget\" data-ce-measure-widget=\"printeresGallery-btn\"><i class=\"fab fa-pinterest-p\"><\/i><\/span><span class=\"m-cegSocial__icon -email _ce_measure_link _ce_measure_widget\" data-ce-measure-widget=\"emailGallery-btn\"><i class=\"far fa-envelope\"><\/i><\/span><span class=\"m-cegSocial__icon -clipboard _ce_measure_link _ce_measure_widget\" data-ce-measure-widget=\"clipboardGallery-btn\"><i class=\"fa fa-link\"><\/i><\/span><\/span>\t\t\t\t\t<\/div>\n\t\t\t\t<\/div>\n\t\t\t\t\t\t\t\t\t\t\t\t<div\n\t\t\t\t\t\tclass=\"m-cegCarousel__item -banner\"\n\t\t\t\t\t\tdata-type=\"banner\"\n\t\t\t\t\t\tdata-id=\"1\/4\/banner\"\n\t\t\t\t\t\tdata-image-url=\"\"\n\t\t\t\t\t\tdata-title=\"\"\n\t\t\t\t\t\tdata-desc=\"\">\n\n\t\t\t\t\t\t<div class=\"m-cegCarousel__floatingCnt banner-container gallery-content010\"><\/div>\n\n\t\t\t\t\t<\/div>\n\t\t\t\t\t\t\t\t\t\n\t\t\t\t<div\n\t\t\t\t\tclass=\"m-cegCarousel__item\"\n\t\t\t\t\tdata-type=\"image\"\n\t\t\t\t\tdata-id=\"1\/5\/portugalia4-scaled\"\n\t\t\t\t\tdata-image-url=\"https:\/\/www.startlap.hu\/utazas\/uploads\/sites\/3\/2026\/03\/portugalia4-scaled.jpg\"\n\t\t\t\t\tdata-title=\"portugalia4\"\n\t\t\t\t\tdata-desc=\"Costa de Prata. Fot\u00f3: Getty Images\">\n\n\t\t\t\t\t<!-- image -->\n\t\t\t\t\t<div class=\"m-cegCarousel__floatingCnt\">\n\t\t\t\t\t\t<img decoding=\"async\" src=\"https:\/\/www.startlap.hu\/utazas\/uploads\/sites\/3\/2026\/03\/portugalia4-scaled.jpg\" class=\"m-cegCarousel__image\" alt=\"Costa de Prata.\" \/>\t\t\t\t\t\t<span class=\"fa m-cegCarousel__zoom _ce_measure_link _ce_measure_widget\" data-ce-measure-widget=\"gallery-zoom-btn\"><\/span>\n\t\t\t\t\t<\/div>\n\n\t\t\t\t\t<!-- thumb icon \/ counter, caption  -->\n\t\t\t\t\t<div class=\"m-cegCarousel__captionCnt m-cegCaption\">\n\t\t\t\t\t\t<span class=\"m-cegCaption__thumbIcon a-cegThumbIcon _ce_measure_widget _ce_measure_link\"\n\t\t\t\t\t\t\t  data-ce-measure-widget=\"thumbnails-btn\"\n\t\t\t\t\t\t\t  data-ce-measure-widget=\"gallery-thumbnails\"><i class=\" fa fa-th-large\"><\/i><\/span>\n\t\t\t\t\t\t<span class=\"m-cegCaption__pagination a-cegPagination\">\n\t\t\t\t\t\t\t<span class=\"a-cegPagination__current\">5<\/span>\/13\t\t\t\t\t\t<\/span>\n\t\t\t\t\t\t<span class=\"m-cegCaption__caption\">portugalia4<\/span>\n\t\t\t\t\t<\/div>\n\n\t\t\t\t\t<!-- Image description -->\n\t\t\t\t\t<div class=\"m-cegCarousel__desc a-cegDesc\">Costa de Prata. Fot\u00f3: Getty Images<\/div>\n\n\t\t\t\t\t<!-- Image social share icons -->\n\t\t\t\t\t<div class=\"m-cegCarousel__socialCnt m-cegSocial\">\n\t\t\t\t\t\t<span class=\"m-cegSocial__text\">Fot\u00f3 megoszt\u00e1sa:<\/span><span class=\"m-cegSocial__iconWrap\"><span class=\"m-cegSocial__icon -facebook _ce_measure_link _ce_measure_widget\" data-ce-measure-widget=\"facebookGallery-btn\"><i class=\"fab fa-facebook-f\"><\/i><\/span><span class=\"m-cegSocial__icon -pinterest _ce_measure_link _ce_measure_widget\" data-ce-measure-widget=\"printeresGallery-btn\"><i class=\"fab fa-pinterest-p\"><\/i><\/span><span class=\"m-cegSocial__icon -email _ce_measure_link _ce_measure_widget\" data-ce-measure-widget=\"emailGallery-btn\"><i class=\"far fa-envelope\"><\/i><\/span><span class=\"m-cegSocial__icon -clipboard _ce_measure_link _ce_measure_widget\" data-ce-measure-widget=\"clipboardGallery-btn\"><i class=\"fa fa-link\"><\/i><\/span><\/span>\t\t\t\t\t<\/div>\n\t\t\t\t<\/div>\n\t\t\t\t\t\t\t\n\t\t\t\t<div\n\t\t\t\t\tclass=\"m-cegCarousel__item\"\n\t\t\t\t\tdata-type=\"image\"\n\t\t\t\t\tdata-id=\"1\/6\/portugalia5-scaled\"\n\t\t\t\t\tdata-image-url=\"https:\/\/www.startlap.hu\/utazas\/uploads\/sites\/3\/2026\/03\/portugalia5-scaled.jpg\"\n\t\t\t\t\tdata-title=\"portugalia5\"\n\t\t\t\t\tdata-desc=\"Costa de Prata. Fot\u00f3: Getty Images\">\n\n\t\t\t\t\t<!-- image -->\n\t\t\t\t\t<div class=\"m-cegCarousel__floatingCnt\">\n\t\t\t\t\t\t<img decoding=\"async\" src=\"https:\/\/www.startlap.hu\/utazas\/uploads\/sites\/3\/2026\/03\/portugalia5-scaled.jpg\" class=\"m-cegCarousel__image\" alt=\"Costa de Prata.\" \/>\t\t\t\t\t\t<span class=\"fa m-cegCarousel__zoom _ce_measure_link _ce_measure_widget\" data-ce-measure-widget=\"gallery-zoom-btn\"><\/span>\n\t\t\t\t\t<\/div>\n\n\t\t\t\t\t<!-- thumb icon \/ counter, caption  -->\n\t\t\t\t\t<div class=\"m-cegCarousel__captionCnt m-cegCaption\">\n\t\t\t\t\t\t<span class=\"m-cegCaption__thumbIcon a-cegThumbIcon _ce_measure_widget _ce_measure_link\"\n\t\t\t\t\t\t\t  data-ce-measure-widget=\"thumbnails-btn\"\n\t\t\t\t\t\t\t  data-ce-measure-widget=\"gallery-thumbnails\"><i class=\" fa fa-th-large\"><\/i><\/span>\n\t\t\t\t\t\t<span class=\"m-cegCaption__pagination a-cegPagination\">\n\t\t\t\t\t\t\t<span class=\"a-cegPagination__current\">6<\/span>\/13\t\t\t\t\t\t<\/span>\n\t\t\t\t\t\t<span class=\"m-cegCaption__caption\">portugalia5<\/span>\n\t\t\t\t\t<\/div>\n\n\t\t\t\t\t<!-- Image description -->\n\t\t\t\t\t<div class=\"m-cegCarousel__desc a-cegDesc\">Costa de Prata. Fot\u00f3: Getty Images<\/div>\n\n\t\t\t\t\t<!-- Image social share icons -->\n\t\t\t\t\t<div class=\"m-cegCarousel__socialCnt m-cegSocial\">\n\t\t\t\t\t\t<span class=\"m-cegSocial__text\">Fot\u00f3 megoszt\u00e1sa:<\/span><span class=\"m-cegSocial__iconWrap\"><span class=\"m-cegSocial__icon -facebook _ce_measure_link _ce_measure_widget\" data-ce-measure-widget=\"facebookGallery-btn\"><i class=\"fab fa-facebook-f\"><\/i><\/span><span class=\"m-cegSocial__icon -pinterest _ce_measure_link _ce_measure_widget\" data-ce-measure-widget=\"printeresGallery-btn\"><i class=\"fab fa-pinterest-p\"><\/i><\/span><span class=\"m-cegSocial__icon -email _ce_measure_link _ce_measure_widget\" data-ce-measure-widget=\"emailGallery-btn\"><i class=\"far fa-envelope\"><\/i><\/span><span class=\"m-cegSocial__icon -clipboard _ce_measure_link _ce_measure_widget\" data-ce-measure-widget=\"clipboardGallery-btn\"><i class=\"fa fa-link\"><\/i><\/span><\/span>\t\t\t\t\t<\/div>\n\t\t\t\t<\/div>\n\t\t\t\t\t\t\t\n\t\t\t\t<div\n\t\t\t\t\tclass=\"m-cegCarousel__item\"\n\t\t\t\t\tdata-type=\"image\"\n\t\t\t\t\tdata-id=\"1\/7\/portugalia6-scaled\"\n\t\t\t\t\tdata-image-url=\"https:\/\/www.startlap.hu\/utazas\/uploads\/sites\/3\/2026\/03\/portugalia6-scaled.jpg\"\n\t\t\t\t\tdata-title=\"portugalia6\"\n\t\t\t\t\tdata-desc=\"Costa de Prata. Fot\u00f3: Getty Images\">\n\n\t\t\t\t\t<!-- image -->\n\t\t\t\t\t<div class=\"m-cegCarousel__floatingCnt\">\n\t\t\t\t\t\t<img decoding=\"async\" src=\"https:\/\/www.startlap.hu\/utazas\/uploads\/sites\/3\/2026\/03\/portugalia6-scaled.jpg\" class=\"m-cegCarousel__image\" alt=\"Costa de Prata.\" \/>\t\t\t\t\t\t<span class=\"fa m-cegCarousel__zoom _ce_measure_link _ce_measure_widget\" data-ce-measure-widget=\"gallery-zoom-btn\"><\/span>\n\t\t\t\t\t<\/div>\n\n\t\t\t\t\t<!-- thumb icon \/ counter, caption  -->\n\t\t\t\t\t<div class=\"m-cegCarousel__captionCnt m-cegCaption\">\n\t\t\t\t\t\t<span class=\"m-cegCaption__thumbIcon a-cegThumbIcon _ce_measure_widget _ce_measure_link\"\n\t\t\t\t\t\t\t  data-ce-measure-widget=\"thumbnails-btn\"\n\t\t\t\t\t\t\t  data-ce-measure-widget=\"gallery-thumbnails\"><i class=\" fa fa-th-large\"><\/i><\/span>\n\t\t\t\t\t\t<span class=\"m-cegCaption__pagination a-cegPagination\">\n\t\t\t\t\t\t\t<span class=\"a-cegPagination__current\">7<\/span>\/13\t\t\t\t\t\t<\/span>\n\t\t\t\t\t\t<span class=\"m-cegCaption__caption\">portugalia6<\/span>\n\t\t\t\t\t<\/div>\n\n\t\t\t\t\t<!-- Image description -->\n\t\t\t\t\t<div class=\"m-cegCarousel__desc a-cegDesc\">Costa de Prata. Fot\u00f3: Getty Images<\/div>\n\n\t\t\t\t\t<!-- Image social share icons -->\n\t\t\t\t\t<div class=\"m-cegCarousel__socialCnt m-cegSocial\">\n\t\t\t\t\t\t<span class=\"m-cegSocial__text\">Fot\u00f3 megoszt\u00e1sa:<\/span><span class=\"m-cegSocial__iconWrap\"><span class=\"m-cegSocial__icon -facebook _ce_measure_link _ce_measure_widget\" data-ce-measure-widget=\"facebookGallery-btn\"><i class=\"fab fa-facebook-f\"><\/i><\/span><span class=\"m-cegSocial__icon -pinterest _ce_measure_link _ce_measure_widget\" data-ce-measure-widget=\"printeresGallery-btn\"><i class=\"fab fa-pinterest-p\"><\/i><\/span><span class=\"m-cegSocial__icon -email _ce_measure_link _ce_measure_widget\" data-ce-measure-widget=\"emailGallery-btn\"><i class=\"far fa-envelope\"><\/i><\/span><span class=\"m-cegSocial__icon -clipboard _ce_measure_link _ce_measure_widget\" data-ce-measure-widget=\"clipboardGallery-btn\"><i class=\"fa fa-link\"><\/i><\/span><\/span>\t\t\t\t\t<\/div>\n\t\t\t\t<\/div>\n\t\t\t\t\t\t\t\t\t\t\t\t<div\n\t\t\t\t\t\tclass=\"m-cegCarousel__item -banner\"\n\t\t\t\t\t\tdata-type=\"banner\"\n\t\t\t\t\t\tdata-id=\"1\/8\/banner\"\n\t\t\t\t\t\tdata-image-url=\"\"\n\t\t\t\t\t\tdata-title=\"\"\n\t\t\t\t\t\tdata-desc=\"\">\n\n\t\t\t\t\t\t<div class=\"m-cegCarousel__floatingCnt banner-container gallery-content020\"><\/div>\n\n\t\t\t\t\t<\/div>\n\t\t\t\t\t\t\t\t\t\n\t\t\t\t<div\n\t\t\t\t\tclass=\"m-cegCarousel__item\"\n\t\t\t\t\tdata-type=\"image\"\n\t\t\t\t\tdata-id=\"1\/9\/portugalia7-scaled\"\n\t\t\t\t\tdata-image-url=\"https:\/\/www.startlap.hu\/utazas\/uploads\/sites\/3\/2026\/03\/portugalia7-scaled.jpg\"\n\t\t\t\t\tdata-title=\"portugalia7\"\n\t\t\t\t\tdata-desc=\"Costa de Prata. Fot\u00f3: Getty Images\">\n\n\t\t\t\t\t<!-- image -->\n\t\t\t\t\t<div class=\"m-cegCarousel__floatingCnt\">\n\t\t\t\t\t\t<img decoding=\"async\" src=\"https:\/\/www.startlap.hu\/utazas\/uploads\/sites\/3\/2026\/03\/portugalia7-scaled.jpg\" class=\"m-cegCarousel__image\" alt=\"Costa de Prata.\" \/>\t\t\t\t\t\t<span class=\"fa m-cegCarousel__zoom _ce_measure_link _ce_measure_widget\" data-ce-measure-widget=\"gallery-zoom-btn\"><\/span>\n\t\t\t\t\t<\/div>\n\n\t\t\t\t\t<!-- thumb icon \/ counter, caption  -->\n\t\t\t\t\t<div class=\"m-cegCarousel__captionCnt m-cegCaption\">\n\t\t\t\t\t\t<span class=\"m-cegCaption__thumbIcon a-cegThumbIcon _ce_measure_widget _ce_measure_link\"\n\t\t\t\t\t\t\t  data-ce-measure-widget=\"thumbnails-btn\"\n\t\t\t\t\t\t\t  data-ce-measure-widget=\"gallery-thumbnails\"><i class=\" fa fa-th-large\"><\/i><\/span>\n\t\t\t\t\t\t<span class=\"m-cegCaption__pagination a-cegPagination\">\n\t\t\t\t\t\t\t<span class=\"a-cegPagination__current\">9<\/span>\/13\t\t\t\t\t\t<\/span>\n\t\t\t\t\t\t<span class=\"m-cegCaption__caption\">portugalia7<\/span>\n\t\t\t\t\t<\/div>\n\n\t\t\t\t\t<!-- Image description -->\n\t\t\t\t\t<div class=\"m-cegCarousel__desc a-cegDesc\">Costa de Prata. Fot\u00f3: Getty Images<\/div>\n\n\t\t\t\t\t<!-- Image social share icons -->\n\t\t\t\t\t<div class=\"m-cegCarousel__socialCnt m-cegSocial\">\n\t\t\t\t\t\t<span class=\"m-cegSocial__text\">Fot\u00f3 megoszt\u00e1sa:<\/span><span class=\"m-cegSocial__iconWrap\"><span class=\"m-cegSocial__icon -facebook _ce_measure_link _ce_measure_widget\" data-ce-measure-widget=\"facebookGallery-btn\"><i class=\"fab fa-facebook-f\"><\/i><\/span><span class=\"m-cegSocial__icon -pinterest _ce_measure_link _ce_measure_widget\" data-ce-measure-widget=\"printeresGallery-btn\"><i class=\"fab fa-pinterest-p\"><\/i><\/span><span class=\"m-cegSocial__icon -email _ce_measure_link _ce_measure_widget\" data-ce-measure-widget=\"emailGallery-btn\"><i class=\"far fa-envelope\"><\/i><\/span><span class=\"m-cegSocial__icon -clipboard _ce_measure_link _ce_measure_widget\" data-ce-measure-widget=\"clipboardGallery-btn\"><i class=\"fa fa-link\"><\/i><\/span><\/span>\t\t\t\t\t<\/div>\n\t\t\t\t<\/div>\n\t\t\t\t\t\t\t\n\t\t\t\t<div\n\t\t\t\t\tclass=\"m-cegCarousel__item\"\n\t\t\t\t\tdata-type=\"image\"\n\t\t\t\t\tdata-id=\"1\/10\/portugalia8-scaled\"\n\t\t\t\t\tdata-image-url=\"https:\/\/www.startlap.hu\/utazas\/uploads\/sites\/3\/2026\/03\/portugalia8-scaled.jpg\"\n\t\t\t\t\tdata-title=\"portugalia8\"\n\t\t\t\t\tdata-desc=\"Costa de Prata. Fot\u00f3: Getty Images\">\n\n\t\t\t\t\t<!-- image -->\n\t\t\t\t\t<div class=\"m-cegCarousel__floatingCnt\">\n\t\t\t\t\t\t<img decoding=\"async\" src=\"https:\/\/www.startlap.hu\/utazas\/uploads\/sites\/3\/2026\/03\/portugalia8-scaled.jpg\" class=\"m-cegCarousel__image\" alt=\"Costa de Prata.\" \/>\t\t\t\t\t\t<span class=\"fa m-cegCarousel__zoom _ce_measure_link _ce_measure_widget\" data-ce-measure-widget=\"gallery-zoom-btn\"><\/span>\n\t\t\t\t\t<\/div>\n\n\t\t\t\t\t<!-- thumb icon \/ counter, caption  -->\n\t\t\t\t\t<div class=\"m-cegCarousel__captionCnt m-cegCaption\">\n\t\t\t\t\t\t<span class=\"m-cegCaption__thumbIcon a-cegThumbIcon _ce_measure_widget _ce_measure_link\"\n\t\t\t\t\t\t\t  data-ce-measure-widget=\"thumbnails-btn\"\n\t\t\t\t\t\t\t  data-ce-measure-widget=\"gallery-thumbnails\"><i class=\" fa fa-th-large\"><\/i><\/span>\n\t\t\t\t\t\t<span class=\"m-cegCaption__pagination a-cegPagination\">\n\t\t\t\t\t\t\t<span class=\"a-cegPagination__current\">10<\/span>\/13\t\t\t\t\t\t<\/span>\n\t\t\t\t\t\t<span class=\"m-cegCaption__caption\">portugalia8<\/span>\n\t\t\t\t\t<\/div>\n\n\t\t\t\t\t<!-- Image description -->\n\t\t\t\t\t<div class=\"m-cegCarousel__desc a-cegDesc\">Costa de Prata. Fot\u00f3: Getty Images<\/div>\n\n\t\t\t\t\t<!-- Image social share icons -->\n\t\t\t\t\t<div class=\"m-cegCarousel__socialCnt m-cegSocial\">\n\t\t\t\t\t\t<span class=\"m-cegSocial__text\">Fot\u00f3 megoszt\u00e1sa:<\/span><span class=\"m-cegSocial__iconWrap\"><span class=\"m-cegSocial__icon -facebook _ce_measure_link _ce_measure_widget\" data-ce-measure-widget=\"facebookGallery-btn\"><i class=\"fab fa-facebook-f\"><\/i><\/span><span class=\"m-cegSocial__icon -pinterest _ce_measure_link _ce_measure_widget\" data-ce-measure-widget=\"printeresGallery-btn\"><i class=\"fab fa-pinterest-p\"><\/i><\/span><span class=\"m-cegSocial__icon -email _ce_measure_link _ce_measure_widget\" data-ce-measure-widget=\"emailGallery-btn\"><i class=\"far fa-envelope\"><\/i><\/span><span class=\"m-cegSocial__icon -clipboard _ce_measure_link _ce_measure_widget\" data-ce-measure-widget=\"clipboardGallery-btn\"><i class=\"fa fa-link\"><\/i><\/span><\/span>\t\t\t\t\t<\/div>\n\t\t\t\t<\/div>\n\t\t\t\t\t\t\t\n\t\t\t\t<div\n\t\t\t\t\tclass=\"m-cegCarousel__item\"\n\t\t\t\t\tdata-type=\"image\"\n\t\t\t\t\tdata-id=\"1\/11\/portugalia9-scaled\"\n\t\t\t\t\tdata-image-url=\"https:\/\/www.startlap.hu\/utazas\/uploads\/sites\/3\/2026\/03\/portugalia9-scaled.jpg\"\n\t\t\t\t\tdata-title=\"portugalia9\"\n\t\t\t\t\tdata-desc=\"Costa de Prata. Fot\u00f3: Getty Images\">\n\n\t\t\t\t\t<!-- image -->\n\t\t\t\t\t<div class=\"m-cegCarousel__floatingCnt\">\n\t\t\t\t\t\t<img decoding=\"async\" src=\"https:\/\/www.startlap.hu\/utazas\/uploads\/sites\/3\/2026\/03\/portugalia9-scaled.jpg\" class=\"m-cegCarousel__image\" alt=\"Costa de Prata.\" \/>\t\t\t\t\t\t<span class=\"fa m-cegCarousel__zoom _ce_measure_link _ce_measure_widget\" data-ce-measure-widget=\"gallery-zoom-btn\"><\/span>\n\t\t\t\t\t<\/div>\n\n\t\t\t\t\t<!-- thumb icon \/ counter, caption  -->\n\t\t\t\t\t<div class=\"m-cegCarousel__captionCnt m-cegCaption\">\n\t\t\t\t\t\t<span class=\"m-cegCaption__thumbIcon a-cegThumbIcon _ce_measure_widget _ce_measure_link\"\n\t\t\t\t\t\t\t  data-ce-measure-widget=\"thumbnails-btn\"\n\t\t\t\t\t\t\t  data-ce-measure-widget=\"gallery-thumbnails\"><i class=\" fa fa-th-large\"><\/i><\/span>\n\t\t\t\t\t\t<span class=\"m-cegCaption__pagination a-cegPagination\">\n\t\t\t\t\t\t\t<span class=\"a-cegPagination__current\">11<\/span>\/13\t\t\t\t\t\t<\/span>\n\t\t\t\t\t\t<span class=\"m-cegCaption__caption\">portugalia9<\/span>\n\t\t\t\t\t<\/div>\n\n\t\t\t\t\t<!-- Image description -->\n\t\t\t\t\t<div class=\"m-cegCarousel__desc a-cegDesc\">Costa de Prata. Fot\u00f3: Getty Images<\/div>\n\n\t\t\t\t\t<!-- Image social share icons -->\n\t\t\t\t\t<div class=\"m-cegCarousel__socialCnt m-cegSocial\">\n\t\t\t\t\t\t<span class=\"m-cegSocial__text\">Fot\u00f3 megoszt\u00e1sa:<\/span><span class=\"m-cegSocial__iconWrap\"><span class=\"m-cegSocial__icon -facebook _ce_measure_link _ce_measure_widget\" data-ce-measure-widget=\"facebookGallery-btn\"><i class=\"fab fa-facebook-f\"><\/i><\/span><span class=\"m-cegSocial__icon -pinterest _ce_measure_link _ce_measure_widget\" data-ce-measure-widget=\"printeresGallery-btn\"><i class=\"fab fa-pinterest-p\"><\/i><\/span><span class=\"m-cegSocial__icon -email _ce_measure_link _ce_measure_widget\" data-ce-measure-widget=\"emailGallery-btn\"><i class=\"far fa-envelope\"><\/i><\/span><span class=\"m-cegSocial__icon -clipboard _ce_measure_link _ce_measure_widget\" data-ce-measure-widget=\"clipboardGallery-btn\"><i class=\"fa fa-link\"><\/i><\/span><\/span>\t\t\t\t\t<\/div>\n\t\t\t\t<\/div>\n\t\t\t\t\t\t\t\t\t\t\t\t<div\n\t\t\t\t\t\tclass=\"m-cegCarousel__item -banner\"\n\t\t\t\t\t\tdata-type=\"banner\"\n\t\t\t\t\t\tdata-id=\"1\/12\/banner\"\n\t\t\t\t\t\tdata-image-url=\"\"\n\t\t\t\t\t\tdata-title=\"\"\n\t\t\t\t\t\tdata-desc=\"\">\n\n\t\t\t\t\t\t<div class=\"m-cegCarousel__floatingCnt banner-container gallery-content030\"><\/div>\n\n\t\t\t\t\t<\/div>\n\t\t\t\t\t\t\t\t\t\n\t\t\t\t<div\n\t\t\t\t\tclass=\"m-cegCarousel__item\"\n\t\t\t\t\tdata-type=\"image\"\n\t\t\t\t\tdata-id=\"1\/13\/portugalia10\"\n\t\t\t\t\tdata-image-url=\"https:\/\/www.startlap.hu\/utazas\/uploads\/sites\/3\/2026\/03\/portugalia10.jpg\"\n\t\t\t\t\tdata-title=\"portugalia10\"\n\t\t\t\t\tdata-desc=\"Costa de Prata. Fot\u00f3: Getty Images\">\n\n\t\t\t\t\t<!-- image -->\n\t\t\t\t\t<div class=\"m-cegCarousel__floatingCnt\">\n\t\t\t\t\t\t<img decoding=\"async\" src=\"https:\/\/www.startlap.hu\/utazas\/uploads\/sites\/3\/2026\/03\/portugalia10.jpg\" class=\"m-cegCarousel__image\" alt=\"Costa de Prata.\" \/>\t\t\t\t\t\t<span class=\"fa m-cegCarousel__zoom _ce_measure_link _ce_measure_widget\" data-ce-measure-widget=\"gallery-zoom-btn\"><\/span>\n\t\t\t\t\t<\/div>\n\n\t\t\t\t\t<!-- thumb icon \/ counter, caption  -->\n\t\t\t\t\t<div class=\"m-cegCarousel__captionCnt m-cegCaption\">\n\t\t\t\t\t\t<span class=\"m-cegCaption__thumbIcon a-cegThumbIcon _ce_measure_widget _ce_measure_link\"\n\t\t\t\t\t\t\t  data-ce-measure-widget=\"thumbnails-btn\"\n\t\t\t\t\t\t\t  data-ce-measure-widget=\"gallery-thumbnails\"><i class=\" fa fa-th-large\"><\/i><\/span>\n\t\t\t\t\t\t<span class=\"m-cegCaption__pagination a-cegPagination\">\n\t\t\t\t\t\t\t<span class=\"a-cegPagination__current\">13<\/span>\/13\t\t\t\t\t\t<\/span>\n\t\t\t\t\t\t<span class=\"m-cegCaption__caption\">portugalia10<\/span>\n\t\t\t\t\t<\/div>\n\n\t\t\t\t\t<!-- Image description -->\n\t\t\t\t\t<div class=\"m-cegCarousel__desc a-cegDesc\">Costa de Prata. Fot\u00f3: Getty Images<\/div>\n\n\t\t\t\t\t<!-- Image social share icons -->\n\t\t\t\t\t<div class=\"m-cegCarousel__socialCnt m-cegSocial\">\n\t\t\t\t\t\t<span class=\"m-cegSocial__text\">Fot\u00f3 megoszt\u00e1sa:<\/span><span class=\"m-cegSocial__iconWrap\"><span class=\"m-cegSocial__icon -facebook _ce_measure_link _ce_measure_widget\" data-ce-measure-widget=\"facebookGallery-btn\"><i class=\"fab fa-facebook-f\"><\/i><\/span><span class=\"m-cegSocial__icon -pinterest _ce_measure_link _ce_measure_widget\" data-ce-measure-widget=\"printeresGallery-btn\"><i class=\"fab fa-pinterest-p\"><\/i><\/span><span class=\"m-cegSocial__icon -email _ce_measure_link _ce_measure_widget\" data-ce-measure-widget=\"emailGallery-btn\"><i class=\"far fa-envelope\"><\/i><\/span><span class=\"m-cegSocial__icon -clipboard _ce_measure_link _ce_measure_widget\" data-ce-measure-widget=\"clipboardGallery-btn\"><i class=\"fa fa-link\"><\/i><\/span><\/span>\t\t\t\t\t<\/div>\n\t\t\t\t<\/div>\n\t\t\t\t\t\t\t\t<\/div>\n\t\t<div class=\"m-cegLayer__thumbnails m-cegThumbList _ce_measure_widget\" data-ce-measure-widget=\"gallery-thumb-list\">\n\t\t\t\t\t\t\t\t\t\t\t<div class=\"m-cegThumbList__item\"\n\t\t\t\t\tdata-id=\"1\/1\/portgualia1\"\n\t\t\t\t\tdata-index=\"0\">\n\t\t\t\t\t<img decoding=\"async\" src=\"https:\/\/www.startlap.hu\/utazas\/uploads\/sites\/3\/2026\/03\/portgualia1.jpg\" class=\"m-cegThumbList__image _ce_measure_link\" alt=\"Costa de Prata.\" \/>\t\t\t\t<\/div>\n\t\t\t\t\t\t\t\t\t\t\t<div class=\"m-cegThumbList__item\"\n\t\t\t\t\tdata-id=\"1\/2\/portugalia2-scaled\"\n\t\t\t\t\tdata-index=\"1\">\n\t\t\t\t\t<img decoding=\"async\" src=\"https:\/\/www.startlap.hu\/utazas\/uploads\/sites\/3\/2026\/03\/portugalia2-scaled.jpg\" class=\"m-cegThumbList__image _ce_measure_link\" alt=\"Costa de Prata.\" \/>\t\t\t\t<\/div>\n\t\t\t\t\t\t\t\t\t\t\t<div class=\"m-cegThumbList__item\"\n\t\t\t\t\tdata-id=\"1\/3\/portugalia3-scaled\"\n\t\t\t\t\tdata-index=\"2\">\n\t\t\t\t\t<img decoding=\"async\" src=\"https:\/\/www.startlap.hu\/utazas\/uploads\/sites\/3\/2026\/03\/portugalia3-scaled.jpg\" class=\"m-cegThumbList__image _ce_measure_link\" alt=\"Costa de Prata.\" \/>\t\t\t\t<\/div>\n\t\t\t\t\t\t\t\t\t\t\t\t\t\t\t<div class=\"m-cegThumbList__item\"\n\t\t\t\t\tdata-id=\"1\/5\/portugalia4-scaled\"\n\t\t\t\t\tdata-index=\"4\">\n\t\t\t\t\t<img decoding=\"async\" src=\"https:\/\/www.startlap.hu\/utazas\/uploads\/sites\/3\/2026\/03\/portugalia4-scaled.jpg\" class=\"m-cegThumbList__image _ce_measure_link\" alt=\"Costa de Prata.\" \/>\t\t\t\t<\/div>\n\t\t\t\t\t\t\t\t\t\t\t<div class=\"m-cegThumbList__item\"\n\t\t\t\t\tdata-id=\"1\/6\/portugalia5-scaled\"\n\t\t\t\t\tdata-index=\"5\">\n\t\t\t\t\t<img decoding=\"async\" src=\"https:\/\/www.startlap.hu\/utazas\/uploads\/sites\/3\/2026\/03\/portugalia5-scaled.jpg\" class=\"m-cegThumbList__image _ce_measure_link\" alt=\"Costa de Prata.\" \/>\t\t\t\t<\/div>\n\t\t\t\t\t\t\t\t\t\t\t<div class=\"m-cegThumbList__item\"\n\t\t\t\t\tdata-id=\"1\/7\/portugalia6-scaled\"\n\t\t\t\t\tdata-index=\"6\">\n\t\t\t\t\t<img decoding=\"async\" src=\"https:\/\/www.startlap.hu\/utazas\/uploads\/sites\/3\/2026\/03\/portugalia6-scaled.jpg\" class=\"m-cegThumbList__image _ce_measure_link\" alt=\"Costa de Prata.\" \/>\t\t\t\t<\/div>\n\t\t\t\t\t\t\t\t\t\t\t\t\t\t\t<div class=\"m-cegThumbList__item\"\n\t\t\t\t\tdata-id=\"1\/9\/portugalia7-scaled\"\n\t\t\t\t\tdata-index=\"8\">\n\t\t\t\t\t<img decoding=\"async\" src=\"https:\/\/www.startlap.hu\/utazas\/uploads\/sites\/3\/2026\/03\/portugalia7-scaled.jpg\" class=\"m-cegThumbList__image _ce_measure_link\" alt=\"Costa de Prata.\" \/>\t\t\t\t<\/div>\n\t\t\t\t\t\t\t\t\t\t\t<div class=\"m-cegThumbList__item\"\n\t\t\t\t\tdata-id=\"1\/10\/portugalia8-scaled\"\n\t\t\t\t\tdata-index=\"9\">\n\t\t\t\t\t<img decoding=\"async\" src=\"https:\/\/www.startlap.hu\/utazas\/uploads\/sites\/3\/2026\/03\/portugalia8-scaled.jpg\" class=\"m-cegThumbList__image _ce_measure_link\" alt=\"Costa de Prata.\" \/>\t\t\t\t<\/div>\n\t\t\t\t\t\t\t\t\t\t\t<div class=\"m-cegThumbList__item\"\n\t\t\t\t\tdata-id=\"1\/11\/portugalia9-scaled\"\n\t\t\t\t\tdata-index=\"10\">\n\t\t\t\t\t<img decoding=\"async\" src=\"https:\/\/www.startlap.hu\/utazas\/uploads\/sites\/3\/2026\/03\/portugalia9-scaled.jpg\" class=\"m-cegThumbList__image _ce_measure_link\" alt=\"Costa de Prata.\" \/>\t\t\t\t<\/div>\n\t\t\t\t\t\t\t\t\t\t\t\t\t\t\t<div class=\"m-cegThumbList__item\"\n\t\t\t\t\tdata-id=\"1\/13\/portugalia10\"\n\t\t\t\t\tdata-index=\"12\">\n\t\t\t\t\t<img decoding=\"async\" src=\"https:\/\/www.startlap.hu\/utazas\/uploads\/sites\/3\/2026\/03\/portugalia10.jpg\" class=\"m-cegThumbList__image _ce_measure_link\" alt=\"Costa de Prata.\" \/>\t\t\t\t<\/div>\n\t\t\t\t\t<\/div>\n\t<\/div>\n\t<div class=\"m-cegLayer__sidebar m-cegSidebar _ce_measure_widget\" data-ce-measure-widget=\"gallery-sidebar\">\n\n\t\t<div class=\"m-cegSidebar__desc a-cegDesc _ce_measure_widget\" data-ce-measure-widget=\"gallery-desc\"><\/div>\n\n\t\t<div class=\"m-cegSidebar__socialCnt m-cegSocial -sidebar _ce_measure_widget\" data-ce-measure-widget=\"gallery-social\">\n\t\t\t<span class=\"m-cegSocial__text\">Fot\u00f3 megoszt\u00e1sa:<\/span><span class=\"m-cegSocial__iconWrap\"><span class=\"m-cegSocial__icon -facebook _ce_measure_link _ce_measure_widget\" data-ce-measure-widget=\"facebookGallery-btn\"><i class=\"fab fa-facebook-f\"><\/i><\/span><span class=\"m-cegSocial__icon -pinterest _ce_measure_link _ce_measure_widget\" data-ce-measure-widget=\"printeresGallery-btn\"><i class=\"fab fa-pinterest-p\"><\/i><\/span><span class=\"m-cegSocial__icon -email _ce_measure_link _ce_measure_widget\" data-ce-measure-widget=\"emailGallery-btn\"><i class=\"far fa-envelope\"><\/i><\/span><span class=\"m-cegSocial__icon -clipboard _ce_measure_link _ce_measure_widget\" data-ce-measure-widget=\"clipboardGallery-btn\"><i class=\"fa fa-link\"><\/i><\/span><\/span>\t\t<\/div>\n\n\t\t<div class=\"gallery-right010 banner-container\"><\/div>\n\t\t<div class=\"gallery-right020 banner-container\"><\/div>\n\n\t<\/div>\n<\/div>\n\t<\/div>\n\n\t<script>\n\t\tjQuery(function () {\n\t\t\tvar id = '#cegPostCnt_1';\n\t\t\tjQuery( id ).articleGallery({\n\t\t\t\tonChanged: function (event) {\n\t\t\t\t\t\tthis.renderSidebarCTS( 'gallery-right010' );\n\t\t\t\t\t\tthis.renderSidebarCTS( 'gallery-right020' );\n\t\t\t\t\t\tthis.renderBannerSlideCTS(  event,\n\t\t\t\t\t\t\t\t\t\t\t\t\t[\n\t\t\t\t\t\t\t\t\t\t\t\t\t\t'gallery-content010',\n\t\t\t\t\t\t\t\t\t\t\t\t\t\t'gallery-content020',\n\t\t\t\t\t\t\t\t\t\t\t\t\t\t'gallery-content030'\n\t\t\t\t\t\t\t\t\t\t\t\t\t]);\n\t\t\t\t}\n\t\t\t});\n\t\t});\n\t<\/script>\t\n<h2>A sz\u00f6rf\u00f6s\u00f6k paradicsoma<\/h2>\n<p>Az egyik legismertebb telep\u00fcl\u00e9s a parton <strong>Nazar\u00e9<\/strong>, amely a vil\u00e1g legnagyobb sz\u00f6rf\u00f6zhet\u0151 hull\u00e1mair\u00f3l h\u00edres: a jelens\u00e9get a <strong>Nazar\u00e9-kanyon,<\/strong> Eur\u00f3pa legnagyobb v\u00edz alatti kanyonja okozza. A r\u00e9gi hal\u00e1szv\u00e1ros hossz\u00fa, f\u00e9lk\u00f6r alak\u00fa homokos stranddal \u00e9s hangulatos utc\u00e1kkal v\u00e1rja a l\u00e1togat\u00f3kat, ahol sz\u00e1mos \u00e9tteremben friss tengeri \u00e9teleket k\u00f3stolhatunk.<\/p>\n<div class=\"o-widget m-readMoreWidget -readMore u-shortDecorLineAfter row widget-container _ce_measure_widget bigdata-widget read-more\" data-ce-measure-widget=\"olvass tov\u00e1bb\">\n\t<div class=\"m-readMoreWidget__imgWrapper image-wrapper col-12 col-md-4 no-p\">\n\t\t<a class=\"m-readMoreWidget__imgLink\" href=\"https:\/\/www.startlap.hu\/utazas\/ryanair-tiltas-forro-ital\/\" >\n\t\t\t<img decoding=\"async\" src=\"https:\/\/www.startlap.hu\/utazas\/uploads\/sites\/3\/2026\/02\/ryanair-felszallo-utasok-350x285.jpg\" class=\"m-readMoreWidget__img\">\n\t\t<\/a>\n\t<\/div>\n\t<div class=\"m-readMoreWidget__titleWrapper title-wrapper col-12 col-md-8\">\n\t\t<span class=\"m-readMoreWidget__titleLabel u-shortDecorLineBefore label hidden-sm-up\">Ez is \u00e9rdekelhet:<\/span>\n\t\t<h3 class=\"m-readMoreWidget__title title\">\n\t\t\t<a class=\"m-readMoreWidget__titleLink -secondFont u-bold u-upperCase\" href=\"https:\/\/www.startlap.hu\/utazas\/ryanair-tiltas-forro-ital\/\" >Mostant\u00f3l nem engednek fel a Ryanair-g\u00e9pekre, ha ez van n\u00e1lad &#8211; sokakn\u00e1l kicsaphatja a biztos\u00edt\u00e9kot az \u00fajabb korl\u00e1toz\u00e1s<\/a>\n\t\t<\/h3>\n\t\t<a class=\"m-readMoreWidget__btn -coloredBack u-tC link\" href=\"https:\/\/www.startlap.hu\/utazas\/ryanair-tiltas-forro-ital\/\" >Elolvasom<\/a>\n\t<\/div>\n<\/div>\n<p>A sz\u00f6rf\u00f6s\u00f6k m\u00e1sik kedvelt helye <strong>Ericeira<\/strong>, amelyet gyakran <strong>Eur\u00f3pa sz\u00f6rff\u0151v\u00e1ros\u00e1nak<\/strong> is neveznek. A v\u00e1ros a kontinens k\u00e9t hivatalos sz\u00f6rfrezerv\u00e1tuma k\u00f6z\u00fcl az egyiknek ad otthont. Azok sz\u00e1m\u00e1ra is vonz\u00f3 \u00fati c\u00e9l, akik ink\u00e1bb pihenni szeretn\u00e9nek, hiszen t\u00f6bb <a href=\"https:\/\/www.startlap.hu\/utazas\/franciaorszag-riviera-homokos-strand\/\" target=\"_blank\" rel=\"noopener\">gy\u00f6ny\u00f6r\u0171 strand<\/a> \u2013 p\u00e9ld\u00e1ul a <strong>Praia dos Pescadores<\/strong> \u2013 is tal\u00e1lhat\u00f3 a k\u00f6rny\u00e9ken.<\/p>\n<h2>Rejtett l\u00e1tnival\u00f3k v\u00e1rnak<\/h2>\n<p>A r\u00e9gi\u00f3 t\u00f6rt\u00e9nelmi l\u00e1tnival\u00f3kban is gazdag. A k\u00f6z\u00e9pkori falakkal k\u00f6r\u00fclvett <strong>\u00d3bidos<\/strong> sz\u0171k utc\u00e1ival \u00e9s vir\u00e1gokkal bor\u00edtott h\u00e1zaival k\u00fcl\u00f6n\u00f6sen hangulatos. Nem messze innen tal\u00e1lhat\u00f3 <strong>Aveiro<\/strong> is, amelyet csatorn\u00e1i \u00e9s sz\u00ednes cs\u00f3nakjai miatt gyakran <strong>Portug\u00e1lia Velenc\u00e9j\u00e9nek<\/strong> neveznek.<\/p>\n<p>Az Ez\u00fcstpart m\u00e1s telep\u00fcl\u00e9sei is felfedez\u00e9sre v\u00e1rnak. A <strong>Costa Nova<\/strong> p\u00e9ld\u00e1ul a sz\u00ednes cs\u00edkos strandh\u00e1zair\u00f3l ismert, m\u00edg <strong>Foz do Arelho<\/strong> a lag\u00fan\u00e1k \u00e9s homokos strandok miatt n\u00e9pszer\u0171. A t\u00e9rs\u00e9gbe k\u00f6nnyen el lehet jutni a Lisszabon vagy Porto rep\u00fcl\u0151ter\u00e9re \u00e9rkezve, \u00e9s a sz\u00e1ll\u00e1s\u00e1rak is kedvez\u0151ek: egy n\u00e9gycsillagos hotel \u00e9jszak\u00e1nk\u00e9nt \u00e1tlagosan 30-38 ezer forint k\u00f6r\u00fcl mozog.<\/p>\n<div class=\"o-widget m-readMoreWidget -readMore u-shortDecorLineAfter row widget-container _ce_measure_widget bigdata-widget read-more\" data-ce-measure-widget=\"olvass tov\u00e1bb\">\n\t<div class=\"m-readMoreWidget__imgWrapper image-wrapper col-12 col-md-4 no-p\">\n\t\t<a class=\"m-readMoreWidget__imgLink\" href=\"https:\/\/www.startlap.hu\/utazas\/gili-trawangan-31-fok-sziget-tengerpart-fotok\/\" >\n\t\t\t<img decoding=\"async\" src=\"https:\/\/www.startlap.hu\/utazas\/uploads\/sites\/3\/2026\/02\/gili2-350x285.jpg\" class=\"m-readMoreWidget__img\">\n\t\t<\/a>\n\t<\/div>\n\t<div class=\"m-readMoreWidget__titleWrapper title-wrapper col-12 col-md-8\">\n\t\t<span class=\"m-readMoreWidget__titleLabel u-shortDecorLineBefore label hidden-sm-up\">Ez is \u00e9rdekelhet:<\/span>\n\t\t<h3 class=\"m-readMoreWidget__title title\">\n\t\t\t<a class=\"m-readMoreWidget__titleLink -secondFont u-bold u-upperCase\" href=\"https:\/\/www.startlap.hu\/utazas\/gili-trawangan-31-fok-sziget-tengerpart-fotok\/\" >Eg\u00e9sz \u00e9vben 31 fok, nincsenek aut\u00f3k az \u00e1lomszigeten: a &#8222;vil\u00e1g legjobban \u00faszhat\u00f3 tengere&#8221; veszi k\u00f6r\u00fcl<\/a>\n\t\t<\/h3>\n\t\t<a class=\"m-readMoreWidget__btn -coloredBack u-tC link\" href=\"https:\/\/www.startlap.hu\/utazas\/gili-trawangan-31-fok-sziget-tengerpart-fotok\/\" >Elolvasom<\/a>\n\t<\/div>\n<\/div>\n","protected":false},"excerpt":{"rendered":"<p>Portug\u00e1li\u00e1ban k\u00fcl\u00f6n\u00f6sen hossz\u00fa az a partszakasz, amit m\u00e9g kevesen ismernek: fot\u00f3kon mutatjuk a csod\u00e1latos t\u00e1jat, ami a sz\u00f6rf\u00f6s\u00f6k paradicsoma!<\/p>\n","protected":false},"author":63,"featured_media":104358,"comment_status":"closed","ping_status":"closed","sticky":false,"template":"","format":"standard","meta":{"footnotes":""},"categories":[70],"tags":[707,335,18],"class_list":["post-104355","post","type-post","status-publish","format-standard","has-post-thumbnail","hentry","category-vilag","tag-fotok","tag-portugalia","tag-tengerpart"],"aioseo_notices":[],"_links":{"self":[{"href":"https:\/\/www.startlap.hu\/utazas\/wp-json\/wp\/v2\/posts\/104355","targetHints":{"allow":["GET"]}}],"collection":[{"href":"https:\/\/www.startlap.hu\/utazas\/wp-json\/wp\/v2\/posts"}],"about":[{"href":"https:\/\/www.startlap.hu\/utazas\/wp-json\/wp\/v2\/types\/post"}],"author":[{"embeddable":true,"href":"https:\/\/www.startlap.hu\/utazas\/wp-json\/wp\/v2\/users\/63"}],"replies":[{"embeddable":true,"href":"https:\/\/www.startlap.hu\/utazas\/wp-json\/wp\/v2\/comments?post=104355"}],"version-history":[{"count":3,"href":"https:\/\/www.startlap.hu\/utazas\/wp-json\/wp\/v2\/posts\/104355\/revisions"}],"predecessor-version":[{"id":104373,"href":"https:\/\/www.startlap.hu\/utazas\/wp-json\/wp\/v2\/posts\/104355\/revisions\/104373"}],"wp:featuredmedia":[{"embeddable":true,"href":"https:\/\/www.startlap.hu\/utazas\/wp-json\/wp\/v2\/media\/104358"}],"wp:attachment":[{"href":"https:\/\/www.startlap.hu\/utazas\/wp-json\/wp\/v2\/media?parent=104355"}],"wp:term":[{"taxonomy":"category","embeddable":true,"href":"https:\/\/www.startlap.hu\/utazas\/wp-json\/wp\/v2\/categories?post=104355"},{"taxonomy":"post_tag","embeddable":true,"href":"https:\/\/www.startlap.hu\/utazas\/wp-json\/wp\/v2\/tags?post=104355"}],"curies":[{"name":"wp","href":"https:\/\/api.w.org\/{rel}","templated":true}]}}