{"id":104352,"date":"2026-03-12T19:03:30","date_gmt":"2026-03-12T18:03:30","guid":{"rendered":"https:\/\/www.startlap.hu\/utazas\/?p=104352"},"modified":"2026-03-12T14:00:03","modified_gmt":"2026-03-12T13:00:03","slug":"finnair-zene-szerzo-repules-alafestes","status":"publish","type":"post","link":"https:\/\/www.startlap.hu\/utazas\/finnair-zene-szerzo-repules-alafestes\/","title":{"rendered":"Saj\u00e1t zen\u00e9t kompon\u00e1ltatott a rep\u00fcl\u0151utakra a skandin\u00e1v l\u00e9git\u00e1rsas\u00e1g"},"content":{"rendered":"<p>A <strong>Finnair<\/strong> \u00faj kezdem\u00e9nyez\u00e9ssel tenn\u00e9 k\u00fcl\u00f6nlegesebb\u00e9 az utaz\u00e1si \u00e9lm\u00e9nyt: saj\u00e1t, kifejezetten rep\u00fcl\u00e9shez kompon\u00e1lt zen\u00e9t mutatnak be a <a href=\"https:\/\/www.startlap.hu\/utazas\/emirates-repules-kezipoggyasz-telefon-power-bank\/\" target=\"_blank\" rel=\"noopener\">fed\u00e9lzeten<\/a>. A zen\u00e9t a finn zeneszerz\u0151, <strong>Lauri Porra<\/strong> \u00edrta, \u00e9s szimfonikus zenekarral vett\u00e9k fel. A m\u0171 c\u00e9lja, hogy a rep\u00fcl\u0151\u00fat k\u00fcl\u00f6nb\u00f6z\u0151 szakaszaihoz igazodva k\u00eds\u00e9rje az utasokat.<\/p>\n<div class=\"o-widget m-readMoreWidget -readMore u-shortDecorLineAfter row widget-container _ce_measure_widget bigdata-widget read-more\" data-ce-measure-widget=\"olvass tov\u00e1bb\">\n\t<div class=\"m-readMoreWidget__imgWrapper image-wrapper col-12 col-md-4 no-p\">\n\t\t<a class=\"m-readMoreWidget__imgLink\" href=\"https:\/\/www.startlap.hu\/utazas\/strand-kincsesbanya-megszunik\/\" >\n\t\t\t<img decoding=\"async\" src=\"https:\/\/www.startlap.hu\/utazas\/uploads\/sites\/3\/2026\/02\/GettyImages-914641336_11zon-350x285.jpg\" class=\"m-readMoreWidget__img\">\n\t\t<\/a>\n\t<\/div>\n\t<div class=\"m-readMoreWidget__titleWrapper title-wrapper col-12 col-md-8\">\n\t\t<span class=\"m-readMoreWidget__titleLabel u-shortDecorLineBefore label hidden-sm-up\">Ez is \u00e9rdekelhet:<\/span>\n\t\t<h3 class=\"m-readMoreWidget__title title\">\n\t\t\t<a class=\"m-readMoreWidget__titleLink -secondFont u-bold u-upperCase\" href=\"https:\/\/www.startlap.hu\/utazas\/strand-kincsesbanya-megszunik\/\" >Nyoma sem marad a strandnak az egyik legszebb nev\u0171 magyar telep\u00fcl\u00e9sen &#8211; egyszer\u0171en bet\u00f6mik a medenc\u00e9t!<\/a>\n\t\t<\/h3>\n\t\t<a class=\"m-readMoreWidget__btn -coloredBack u-tC link\" href=\"https:\/\/www.startlap.hu\/utazas\/strand-kincsesbanya-megszunik\/\" >Elolvasom<\/a>\n\t<\/div>\n<\/div>\n<h2>Zen\u00e9vel a jobb utaz\u00e1si \u00e9lm\u00e9ny\u00e9rt<\/h2>\n<p>A l\u00e9git\u00e1rsas\u00e1g szerint a hangz\u00e1s eddig alul\u00e9rt\u00e9kelt r\u00e9sze volt az utaz\u00e1snak, mik\u00f6zben sok m\u00e1s v\u00e1llalat ink\u00e1bb a l\u00e1tv\u00e1nyra, a kabinvil\u00e1g\u00edt\u00e1sra vagy az illatokra koncentr\u00e1lt. A Finnair \u00fagy v\u00e9li, hogy <strong>a zene jelent\u0151sen befoly\u00e1solhatja az utasok hangulat\u00e1t<\/strong>, ez\u00e9rt tudatosan \u00e9p\u00edtetik be az utaz\u00e1si \u00e9lm\u00e9nybe. A v\u00e1llalat szerint a megfelel\u0151 hangal\u00e1fest\u00e9s seg\u00edthet abban is, hogy az utasok pozit\u00edvabban eml\u00e9kezzenek a rep\u00fcl\u00e9sre.<\/p>\n<blockquote class=\"article__extraTxt\"><p>Kutat\u00e1sok szerint a zene k\u00e9pes hatni a stresszre, a pulzusra \u00e9s arra is, hogyan \u00e9rz\u00e9kelj\u00fck az id\u0151 m\u00fal\u00e1s\u00e1t vagy a teret.<\/p><\/blockquote>\n<p>Lassabb temp\u00f3j\u00fa dallamok p\u00e9ld\u00e1ul <strong>cs\u00f6kkenthetik a szorong\u00e1st<\/strong> \u00e9s nyugodtabb l\u00e9gz\u00e9st eredm\u00e9nyezhetnek. Egy rep\u00fcl\u0151g\u00e9pen, ahol az utasoknak kev\u00e9s kontrolljuk van a helyzet felett, ezek a pszichol\u00f3giai hat\u00e1sok k\u00fcl\u00f6n\u00f6sen fontosak lehetnek, p\u00e9ld\u00e1ul hosszas v\u00e1rakoz\u00e1s vagy <a href=\"https:\/\/www.startlap.hu\/utazas\/svajc-repules-turbulencia-lista\/\" target=\"_blank\" rel=\"noopener\">turbulencia<\/a> eset\u00e9n.<\/p>\n<figure id=\"attachment_104353\" aria-describedby=\"caption-attachment-104353\" style=\"width: 755px\" class=\"wp-caption alignnone\"><a href=\"https:\/\/www.startlap.hu\/utazas\/uploads\/sites\/3\/2026\/03\/repules-fejhallgato-scaled.jpg\"><img loading=\"lazy\" decoding=\"async\" class=\"size-article-size-large-image wp-image-104353\" src=\"https:\/\/www.startlap.hu\/utazas\/uploads\/sites\/3\/2026\/03\/repules-fejhallgato-755x503.jpg\" alt=\"N\u0151 zen\u00e9t hallgat rep\u00fcl\u00e9s k\u00f6zben.\" width=\"755\" height=\"503\" srcset=\"https:\/\/www.startlap.hu\/utazas\/uploads\/sites\/3\/2026\/03\/repules-fejhallgato-755x503.jpg 755w, https:\/\/www.startlap.hu\/utazas\/uploads\/sites\/3\/2026\/03\/repules-fejhallgato-1536x1024.jpg 1536w, https:\/\/www.startlap.hu\/utazas\/uploads\/sites\/3\/2026\/03\/repules-fejhallgato-2048x1366.jpg 2048w, https:\/\/www.startlap.hu\/utazas\/uploads\/sites\/3\/2026\/03\/repules-fejhallgato-525x350.jpg 525w\" sizes=\"auto, (max-width: 755px) 100vw, 755px\" \/><\/a><figcaption id=\"caption-attachment-104353\" class=\"wp-caption-text\">Fot\u00f3: Getty Images<\/figcaption><\/figure>\n<p>A Porra \u00e1ltal kompon\u00e1lt hanganyag \u00f6sszesen 12 zenesz\u00e1mb\u00f3l \u00e1ll, mintegy 45 perc hossz\u00fas\u00e1gban, \u00e9s a rep\u00fcl\u00e9s k\u00fcl\u00f6nb\u00f6z\u0151 szakaszaihoz igazodik.<\/p>\n<blockquote class=\"article__extraTxt\"><p>A besz\u00e1ll\u00e1skor a zene az utaz\u00e1s el\u0151tti v\u00e1rakoz\u00e1s hangulat\u00e1t id\u00e9zi, felsz\u00e1ll\u00e1skor intenz\u00edvebb\u00e9 v\u00e1lik, m\u00edg az \u00e9rkez\u00e9sn\u00e9l nyugodtabb, lez\u00e1r\u00f3 hangulatot teremt.<\/p><\/blockquote>\n<p>A zen\u00e9ben hagyom\u00e1nyos finn hangszerek \u2013 p\u00e9ld\u00e1ul a <em>kantele<\/em> \u00e9s a <em>jouhikko<\/em> \u2013 is megsz\u00f3lalnak.<\/p>\n<p>A teljes zenei anyagot <strong>streaming platformokon is k\u00f6zz\u00e9tett\u00e9k<\/strong>, \u00edgy az utasok ak\u00e1r a rep\u00fcl\u00e9s ut\u00e1n is <a href=\"https:\/\/www.youtube.com\/watch?v=KCDseqbwHrs&amp;list=OLAK5uy_nsGoPfqIenBYALPFanm9Mj6Te1DJu65vY\" target=\"_blank\" target=\"_blank\" rel=\"noopener\">meghallgathatj\u00e1k<\/a>. A Finnair szerint \u00edgy az utaz\u00e1s hangulat\u00e1t is magukkal vihetik az utasok. A kezdem\u00e9nyez\u00e9s azt mutatja, hogy a rep\u00fcl\u00e9si \u00e9lm\u00e9nyben a hangz\u00e1s is fontos szerepet j\u00e1tszhat, m\u00e9g ha az utasok nem is mindig tudatosan figyelnek r\u00e1.<\/p>\n<p><a href=\"https:\/\/monocle.com\/business\/aviation\/finnair-flight-music-lauri-porra\/\" target=\"_blank\" target=\"_blank\" rel=\"noopener\">via<\/a><\/p>\n<div class=\"o-widget m-readMoreWidget -readMore u-shortDecorLineAfter row widget-container _ce_measure_widget bigdata-widget read-more\" data-ce-measure-widget=\"olvass tov\u00e1bb\">\n\t<div class=\"m-readMoreWidget__imgWrapper image-wrapper col-12 col-md-4 no-p\">\n\t\t<a class=\"m-readMoreWidget__imgLink\" href=\"https:\/\/www.startlap.hu\/utazas\/kozel-kelet-legterzar-adossag-turistak\/\" >\n\t\t\t<img decoding=\"async\" src=\"https:\/\/www.startlap.hu\/utazas\/uploads\/sites\/3\/2026\/03\/dubaj-turista-350x285.jpg\" class=\"m-readMoreWidget__img\">\n\t\t<\/a>\n\t<\/div>\n\t<div class=\"m-readMoreWidget__titleWrapper title-wrapper col-12 col-md-8\">\n\t\t<span class=\"m-readMoreWidget__titleLabel u-shortDecorLineBefore label hidden-sm-up\">Ez is \u00e9rdekelhet:<\/span>\n\t\t<h3 class=\"m-readMoreWidget__title title\">\n\t\t\t<a class=\"m-readMoreWidget__titleLink -secondFont u-bold u-upperCase\" href=\"https:\/\/www.startlap.hu\/utazas\/kozel-kelet-legterzar-adossag-turistak\/\" >Milli\u00f3s ad\u00f3ss\u00e1gokat halmoztak fel a Dubajban rekedt turist\u00e1k &#8211; \u201eTer\u00e1pi\u00e1ra fogok j\u00e1rni ezut\u00e1n\u201d<\/a>\n\t\t<\/h3>\n\t\t<a class=\"m-readMoreWidget__btn -coloredBack u-tC link\" href=\"https:\/\/www.startlap.hu\/utazas\/kozel-kelet-legterzar-adossag-turistak\/\" >Elolvasom<\/a>\n\t<\/div>\n<\/div>\n","protected":false},"excerpt":{"rendered":"<p>A finn l\u00e9git\u00e1rsas\u00e1g k\u00fcl\u00f6nleges \u00fajdons\u00e1ggal n\u00f6veli az utasok fed\u00e9lzeti k\u00e9nyelm\u00e9t: a rep\u00fcl\u00e9s \u00e9lm\u00e9ny\u00e9hez ill\u0151, 45 perces zen\u00e9t \u00edratott egy ismert zeneszerz\u0151vel.<\/p>\n","protected":false},"author":63,"featured_media":104353,"comment_status":"closed","ping_status":"closed","sticky":false,"template":"","format":"standard","meta":{"footnotes":""},"categories":[70],"tags":[1948,173,204,2242],"class_list":["post-104352","post","type-post","status-publish","format-standard","has-post-thumbnail","hentry","category-vilag","tag-finnair","tag-legitarsasag","tag-repules","tag-zene"],"aioseo_notices":[],"_links":{"self":[{"href":"https:\/\/www.startlap.hu\/utazas\/wp-json\/wp\/v2\/posts\/104352","targetHints":{"allow":["GET"]}}],"collection":[{"href":"https:\/\/www.startlap.hu\/utazas\/wp-json\/wp\/v2\/posts"}],"about":[{"href":"https:\/\/www.startlap.hu\/utazas\/wp-json\/wp\/v2\/types\/post"}],"author":[{"embeddable":true,"href":"https:\/\/www.startlap.hu\/utazas\/wp-json\/wp\/v2\/users\/63"}],"replies":[{"embeddable":true,"href":"https:\/\/www.startlap.hu\/utazas\/wp-json\/wp\/v2\/comments?post=104352"}],"version-history":[{"count":3,"href":"https:\/\/www.startlap.hu\/utazas\/wp-json\/wp\/v2\/posts\/104352\/revisions"}],"predecessor-version":[{"id":104369,"href":"https:\/\/www.startlap.hu\/utazas\/wp-json\/wp\/v2\/posts\/104352\/revisions\/104369"}],"wp:featuredmedia":[{"embeddable":true,"href":"https:\/\/www.startlap.hu\/utazas\/wp-json\/wp\/v2\/media\/104353"}],"wp:attachment":[{"href":"https:\/\/www.startlap.hu\/utazas\/wp-json\/wp\/v2\/media?parent=104352"}],"wp:term":[{"taxonomy":"category","embeddable":true,"href":"https:\/\/www.startlap.hu\/utazas\/wp-json\/wp\/v2\/categories?post=104352"},{"taxonomy":"post_tag","embeddable":true,"href":"https:\/\/www.startlap.hu\/utazas\/wp-json\/wp\/v2\/tags?post=104352"}],"curies":[{"name":"wp","href":"https:\/\/api.w.org\/{rel}","templated":true}]}}