{"id":104327,"date":"2026-03-13T07:03:00","date_gmt":"2026-03-13T06:03:00","guid":{"rendered":"https:\/\/www.startlap.hu\/utazas\/?p=104327"},"modified":"2026-03-12T15:16:08","modified_gmt":"2026-03-12T14:16:08","slug":"marcius-15-legjobb-programok-2026","status":"publish","type":"post","link":"https:\/\/www.startlap.hu\/utazas\/marcius-15-legjobb-programok-2026\/","title":{"rendered":"M\u00e1rcius 15.: list\u00e1n a legjobb programok orsz\u00e1gszerte 2026-ban"},"content":{"rendered":"<p>A m\u00e1rcius 15-i nemzeti \u00fcnnep orsz\u00e1gszerte megeml\u00e9kez\u00e9sekkel, hagyom\u00e1ny\u0151rz\u0151 programokkal \u00e9s csal\u00e1di rendezv\u00e9nyekkel telik: <a href=\"https:\/\/www.startlap.hu\/utazas\/palatinus-margit-sziget-nyitvatartas\/\" target=\"_blank\" rel=\"noopener\">Budapesten<\/a> sokszor <strong>az eredeti t\u00f6rt\u00e9nelmi helysz\u00edneken<\/strong> zajlanak a k\u00f6zponti \u00fcnneps\u00e9gek, vid\u00e9ken pedig hasonl\u00f3an sz\u00ednvonalas felvonul\u00e1sok, k\u00e9zm\u0171ves foglalkoz\u00e1sok \u00e9s ingyenes m\u00fazeuml\u00e1togat\u00e1sok v\u00e1rj\u00e1k az \u00e9rdekl\u0151d\u0151ket. \u00d6sszegy\u0171jt\u00f6tt\u00fcnk 14 programot orsz\u00e1gszerte, amikkel tartalmasan t\u00f6ltheted az \u00fcnnepi h\u00e9tv\u00e9g\u00e9t!<\/p>\n<div class=\"o-widget m-readMoreWidget -readMore u-shortDecorLineAfter row widget-container _ce_measure_widget bigdata-widget read-more\" data-ce-measure-widget=\"olvass tov\u00e1bb\">\n\t<div class=\"m-readMoreWidget__imgWrapper image-wrapper col-12 col-md-4 no-p\">\n\t\t<a class=\"m-readMoreWidget__imgLink\" href=\"https:\/\/www.startlap.hu\/utazas\/kozel-kelet-legterzar-adossag-turistak\/\" >\n\t\t\t<img decoding=\"async\" src=\"https:\/\/www.startlap.hu\/utazas\/uploads\/sites\/3\/2026\/03\/dubaj-turista-350x285.jpg\" class=\"m-readMoreWidget__img\">\n\t\t<\/a>\n\t<\/div>\n\t<div class=\"m-readMoreWidget__titleWrapper title-wrapper col-12 col-md-8\">\n\t\t<span class=\"m-readMoreWidget__titleLabel u-shortDecorLineBefore label hidden-sm-up\">Ez is \u00e9rdekelhet:<\/span>\n\t\t<h3 class=\"m-readMoreWidget__title title\">\n\t\t\t<a class=\"m-readMoreWidget__titleLink -secondFont u-bold u-upperCase\" href=\"https:\/\/www.startlap.hu\/utazas\/kozel-kelet-legterzar-adossag-turistak\/\" >Milli\u00f3s ad\u00f3ss\u00e1gokat halmoztak fel a Dubajban rekedt turist\u00e1k &#8211; \u201eTer\u00e1pi\u00e1ra fogok j\u00e1rni ezut\u00e1n\u201d<\/a>\n\t\t<\/h3>\n\t\t<a class=\"m-readMoreWidget__btn -coloredBack u-tC link\" href=\"https:\/\/www.startlap.hu\/utazas\/kozel-kelet-legterzar-adossag-turistak\/\" >Elolvasom<\/a>\n\t<\/div>\n<\/div>\n<h2>Programok a Nemzeti M\u00fazeumban kicsiknek \u00e9s nagyoknak<\/h2>\n<p>A <strong>M\u00fazeumkert<\/strong> a m\u00e1rcius 15-i esem\u00e9nyek egyik legfontosabb t\u00f6rt\u00e9nelmi helysz\u00edne: a legend\u00e1k szerint itt hangzott el <strong>Pet\u0151fi S\u00e1ndor<\/strong> <em>Nemzeti dala<\/em> 1848-ban, a val\u00f3s\u00e1gban ez azonban nagy val\u00f3sz\u00edn\u0171s\u00e9ggel <a href=\"https:\/\/mnm.hu\/hirek\/rolunk-irtak\/tancsics-bealudt-petofi-pedig-nemzeti-muzeum-lepcsojen-nem-szavalta-el-nemzeti-dalt\" target=\"_blank\" target=\"_blank\" rel=\"noopener\">nem \u00edgy t\u00f6rt\u00e9nt<\/a>. A m\u00fazeum \u00edgy is <strong>soksz\u00edn\u0171 programsorozattal<\/strong> k\u00e9sz\u00fcl m\u00e1rcius 14-\u00e9n \u00e9s 15-\u00e9n egyar\u00e1nt: a gyerekek sz\u00e1mos j\u00e1t\u00e9kos \u00e9s k\u00e9zm\u0171ves programon vehetnek r\u00e9szt, a t\u00f6rt\u00e9nelem ir\u00e1nt \u00e9rdekl\u0151d\u0151 feln\u0151tteket pedig tematikus vezet\u00e9sekkel \u00e9s el\u0151ad\u00e1sokkal v\u00e1rj\u00e1k, melyek list\u00e1ja <a href=\"https:\/\/mnm.hu\/muzeum\/hirek\/marcius-15-magyar-nemzeti-muzeumban-0\" target=\"_blank\" target=\"_blank\" rel=\"noopener\">a m\u00fazeum honlapj\u00e1n<\/a> el\u00e9rhet\u0151. Egyes programok<strong> el\u0151zetes regisztr\u00e1ci\u00f3hoz<\/strong> k\u00f6t\u00f6ttek.<\/p>\n<div class='iframe-wrapper youtube'><iframe loading=\"lazy\" title=\"A m\u00e1rcius 15-ei \u00fcnnepi h\u00e9tv\u00e9g\u00e9n ingyenes programokkal k\u00e9sz\u00fcl\u00fcnk nektek a Magyar Nemzeti M\u00fazeumban!\" width=\"500\" height=\"281\" src=\"https:\/\/www.youtube.com\/embed\/4WX2i98omM4?feature=oembed\" frameborder=\"0\" allow=\"accelerometer; autoplay; clipboard-write; encrypted-media; gyroscope; picture-in-picture; web-share\" referrerpolicy=\"strict-origin-when-cross-origin\" allowfullscreen><\/iframe><\/div>\n<p>A m\u00e1rcius 14-i programok ingyenesek, azonban aznap a ki\u00e1ll\u00edt\u00e1sok megtekint\u00e9s\u00e9hez bel\u00e9p\u0151jegyet kell v\u00e1s\u00e1rolnunk. M\u00e1rcius 15-\u00e9n azonban a programok \u00e9s a ki\u00e1ll\u00edt\u00e1sok is ingyenesek. A helysz\u00edn a <strong>K\u00e1lvin t\u00e9rt\u0151l<\/strong> vagy az <strong>Astori\u00e1t\u00f3l<\/strong> n\u00e9h\u00e1ny perc s\u00e9t\u00e1val el\u00e9rhet\u0151.<\/p>\n<h2>Nyitott Parlament<\/h2>\n<p>M\u00e1rcius 15-\u00e9n az <strong>Orsz\u00e1gh\u00e1z<\/strong> is v\u00e1rja a l\u00e1togat\u00f3kat. Az \u00e9rdekl\u0151d\u0151k ritka lehet\u0151s\u00e9get kapnak arra, hogy <a href=\"https:\/\/www.parlament.hu\/web\/orszaghaz\/latogatas\/-\/asset_publisher\/vB1L1rJiz2Ip\/content\/m%C3%A1rcius-15.-szent-korona-l%C3%A1togat%C3%A1s-az-orsz%C3%A1gh%C3%A1zban-1?p_r_p_assetEntryId=69853353&amp;_com_liferay_asset_publisher_web_portlet_AssetPublisherPortlet_INSTANCE_vB1L1rJiz2Ip_type=content&amp;_com_liferay_asset_publisher_web_portlet_AssetPublisherPortlet_INSTANCE_vB1L1rJiz2Ip_urlTitle=m%25C3%25A1rcius-15.-szent-korona-l%25C3%25A1togat%25C3%25A1s-az-orsz%25C3%25A1gh%25C3%25A1zban-1&amp;_com_liferay_asset_publisher_web_portlet_AssetPublisherPortlet_INSTANCE_vB1L1rJiz2Ip_redirect=https%3A%2F%2Fwww.parlament.hu%2Fweb%2Forszaghaz%2Flatogatas%3Fp_p_id%3Dcom_liferay_asset_publisher_web_portlet_AssetPublisherPortlet_INSTANCE_vB1L1rJiz2Ip%26p_p_lifecycle%3D0%26p_p_state%3Dnormal%26p_p_mode%3Dview%26p_r_p_assetEntryId%3D69853353%26_com_liferay_asset_publisher_web_portlet_AssetPublisherPortlet_INSTANCE_vB1L1rJiz2Ip_cur%3D0%26p_r_p_resetCur%3Dfalse\" target=\"_blank\" target=\"_blank\" rel=\"noopener\">ingyenesen bej\u00e1rj\u00e1k<\/a> az \u00e9p\u00fclet n\u00e9h\u00e1ny legimpoz\u00e1nsabb r\u00e9sz\u00e9t:<\/p>\n<blockquote class=\"article__extraTxt\"><p>a d\u00edszes f\u0151l\u00e9pcs\u0151h\u00e1zat, a Kupolacsarnokot, valamint megtekinthetik a magyar \u00e1llamis\u00e1g egyik legfontosabb jelk\u00e9pek\u00e9nt \u0151rz\u00f6tt Szent Koron\u00e1t is.<\/p><\/blockquote>\n<p>Az \u00fcnnepi alkalom miatt nagy \u00e9rdekl\u0151d\u00e9sre sz\u00e1m\u00edtanak, ez\u00e9rt sorban \u00e1ll\u00e1s el\u0151fordulhat.<\/p>\n<figure id=\"attachment_104329\" aria-describedby=\"caption-attachment-104329\" style=\"width: 755px\" class=\"wp-caption alignnone\"><a href=\"https:\/\/www.startlap.hu\/utazas\/uploads\/sites\/3\/2026\/03\/parlament-lepcso.jpg\"><img loading=\"lazy\" decoding=\"async\" class=\"size-article-size-large-image wp-image-104329\" src=\"https:\/\/www.startlap.hu\/utazas\/uploads\/sites\/3\/2026\/03\/parlament-lepcso-755x508.jpg\" alt=\"\" width=\"755\" height=\"508\" srcset=\"https:\/\/www.startlap.hu\/utazas\/uploads\/sites\/3\/2026\/03\/parlament-lepcso-755x508.jpg 755w, https:\/\/www.startlap.hu\/utazas\/uploads\/sites\/3\/2026\/03\/parlament-lepcso-1536x1034.jpg 1536w, https:\/\/www.startlap.hu\/utazas\/uploads\/sites\/3\/2026\/03\/parlament-lepcso-520x350.jpg 520w, https:\/\/www.startlap.hu\/utazas\/uploads\/sites\/3\/2026\/03\/parlament-lepcso.jpg 2000w\" sizes=\"auto, (max-width: 755px) 100vw, 755px\" \/><\/a><figcaption id=\"caption-attachment-104329\" class=\"wp-caption-text\">Fot\u00f3: Getty Images<\/figcaption><\/figure>\n<p>A ny\u00edlt naphoz kapcsol\u00f3dva t\u00f6bb k\u00fcl\u00f6nleges ki\u00e1ll\u00edt\u00e1s is l\u00e1togathat\u00f3. \u00dajra megny\u00edlnak az Orsz\u00e1gh\u00e1z egykori szell\u0151z\u0151alag\u00fatjaiban kialak\u00edtott t\u00e1rlatok: az <em>In memoriam 1956. okt\u00f3ber 25. eml\u00e9khely \u00e9s ki\u00e1ll\u00edt\u00e1s<\/em>, valamint az <strong>Orsz\u00e1gh\u00e1z K\u0151t\u00e1ra<\/strong>, ahol a <em>Szent Korona az Orsz\u00e1gh\u00e1zban<\/em> c\u00edm\u0171 k\u00e9pki\u00e1ll\u00edt\u00e1s is megtekinthet\u0151.<\/p>\n<p><strong>A vezet\u00e9sek \u00e9s l\u00e1togat\u00e1sok 15 \u00e9s 18 \u00f3ra k\u00f6z\u00f6tt indulnak, a bel\u00e9p\u00e9s mindenki sz\u00e1m\u00e1ra ingyenes, el\u0151zetes regisztr\u00e1ci\u00f3 nem sz\u00fcks\u00e9ges.<\/strong> T\u00f6megk\u00f6zleked\u00e9st haszn\u00e1lva az M2-es metr\u00f3val vagy a 2-es villamossal \u00e9rkezhet\u00fcnk.<\/p>\n<h2>A Pet\u0151fi Irodalmi M\u00fazeum \u00fcnnepi programjai<\/h2>\n<p>A <strong>Pet\u0151fi Irodalmi M\u00fazeum<\/strong> m\u00e1rcius 15-\u00e9n<a href=\"https:\/\/pim.hu\/esemenyek\/marcius15\" target=\"_blank\" target=\"_blank\" rel=\"noopener\"> eg\u00e9sz napos, ingyenesen l\u00e1togathat\u00f3 programsorozattal<\/a> k\u00e9sz\u00fcl, amely <strong>Pet\u0151fi S\u00e1ndor<\/strong>, <strong>J\u00f3kai M\u00f3r<\/strong> \u00e9s az 1848-49-es forradalom eml\u00e9k\u00e9t id\u00e9zi meg. A programok a t\u00f6rt\u00e9nelmi megeml\u00e9kez\u00e9st j\u00e1t\u00e9kos \u00e9s interakt\u00edv elemekkel \u00f6tv\u00f6zik: a l\u00e1togat\u00f3k p\u00e9ld\u00e1ul kipr\u00f3b\u00e1lhatj\u00e1k az eredeti <strong>Landerer-nyomdag\u00e9pet<\/strong>, amellyel a 12 pontot is kinyomtathatj\u00e1k, illetve r\u00e9szt vehetnek egy kreat\u00edv, v\u00e1ros\u00e9p\u00edt\u0151 t\u00e1rsasj\u00e1t\u00e9kban, ahol az 1848-as <strong>Pest-Buda<\/strong> fontos helysz\u00edneit lehet \u00fajraalkotni \u00e9s k\u00f6z\u00f6sen megtervezni. A m\u00fazeum kertj\u00e9ben k\u00f6zben \u00fcnnepi megeml\u00e9kez\u00e9st \u00e9s koszor\u00faz\u00e1st tartanak a Pet\u0151fi-szoborn\u00e1l, ahol besz\u00e9dek \u00e9s zenei el\u0151ad\u00e1s id\u00e9zi fel a forradalom hangulat\u00e1t.<\/p>\n<p>A l\u00e1togat\u00f3k sz\u00e1mos folyamatos programhoz csatlakozhatnak, \u00e9s este egy k\u00fcl\u00f6nleges <strong>felolvas\u00f3sz\u00ednh\u00e1zi est<\/strong> is v\u00e1rja az \u00e9rdekl\u0151d\u0151ket. Az el\u0151ad\u00e1s korabeli \u00fajs\u00e1gcikkek, besz\u00e9dek \u00e9s publicisztik\u00e1k seg\u00edts\u00e9g\u00e9vel mutatja be a forradalom l\u00e9gk\u00f6r\u00e9t: a pesti \u00e9s pozsonyi sajt\u00f3 tud\u00f3s\u00edt\u00e1sai mellett <strong>Kossuth<\/strong>, Pet\u0151fi \u00e9s J\u00f3kai sz\u00f6vegei is elhangzanak.<\/p>\n<p><strong>A programok el\u0151zetes online regisztr\u00e1ci\u00f3val ingyenesen l\u00e1togathat\u00f3k, 10:00 \u00e9s 19:00 \u00f3ra k\u00f6z\u00f6tt.<\/strong><\/p>\n<h2>A Palotanegyed programjai<\/h2>\n<p>A <strong>Budav\u00e1ri Palotanegyedben<\/strong> m\u00e1rcius 15-\u00e9n eg\u00e9sz napos, <a href=\"https:\/\/www.budavaripalotanegyed.hu\/marcius-15\" target=\"_blank\" target=\"_blank\" rel=\"noopener\">ingyenes programsorozattal<\/a> eml\u00e9keznek az 1848\u201349-es forradalomra. A t\u00f6rt\u00e9nelmi k\u00f6rnyezetben megrendezett esem\u00e9nyek t\u00f6bb helysz\u00ednen \u2013 p\u00e9ld\u00e1ul a <strong>Csik\u00f3s udvarban<\/strong>, a <strong>Lovard\u00e1ban<\/strong> \u00e9s a <strong>V\u00e1rkert Baz\u00e1r<\/strong> k\u00f6rny\u00e9k\u00e9n \u2013 zajlanak, \u00e9s a l\u00e1togat\u00f3k zenei el\u0151ad\u00e1sok, n\u00e9pt\u00e1ncm\u0171sor, hagyom\u00e1ny\u0151rz\u0151 bemutat\u00f3k, valamint csal\u00e1di programok k\u00f6z\u00fcl v\u00e1logathatnak.<\/p>\n<blockquote class=\"article__extraTxt\"><p>A husz\u00e1rok felvonul\u00e1sa, a katonai bemutat\u00f3k \u00e9s t\u00f6rt\u00e9nelmi s\u00e9t\u00e1k seg\u00edtenek eleven\u00edtik meg a forradalom kor\u00e1t.<\/p><\/blockquote>\n<p>A Csik\u00f3s udvarban eg\u00e9sz nap honv\u00e9d \u00e9s cs\u00e1sz\u00e1ri gyalogs\u00e1gi \u0151rj\u00e1ratok, dobperg\u00e9ssel \u00e9s zen\u00e9vel k\u00eds\u00e9rt felvonul\u00e1sok, valamint l\u00e1tv\u00e1nyos t\u00fcz\u00e9rs\u00e9gi \u00e9s fegyverbemutat\u00f3k v\u00e1rj\u00e1k a l\u00e1togat\u00f3kat. A gyerekek k\u00fcl\u00f6nb\u00f6z\u0151 interakt\u00edv j\u00e1t\u00e9kokban pr\u00f3b\u00e1lhatj\u00e1k ki magukat: r\u00e9szt vehetnek \u201ehusz\u00e1rkik\u00e9pz\u00e9sen\u201d, toborz\u00f3 j\u00e1t\u00e9kokon, vagy megismerhetik a korabeli katonai felszerel\u00e9seket. A Lovard\u00e1ban ink\u00e1bb a csal\u00e1di \u00e9s k\u00e9zm\u0171ves programok domin\u00e1lnak: kok\u00e1rd\u00e1t, lovacskab\u00e1bot vagy m\u00e1s d\u00edszeket k\u00e9sz\u00edthetnek a gyerekek, mik\u00f6zben n\u00e9pzenei t\u00e1nch\u00e1z, citer\u00e1s mes\u00e9k \u00e9s n\u00e9pt\u00e1ncbemutat\u00f3k id\u00e9zik meg a szabads\u00e1gharc kor\u00e1nak hangulat\u00e1t.<\/p>\n<p>A legt\u00f6bb esem\u00e9ny ingyenesen l\u00e1togathat\u00f3, b\u00e1r egyes programokra el\u0151zetes regisztr\u00e1ci\u00f3 sz\u00fcks\u00e9ges.<\/p>\n<h2>Magyar Nemzeti Gal\u00e9ria: ingyenes ki\u00e1ll\u00edt\u00e1sok<\/h2>\n<p>A budai <strong>V\u00e1rban<\/strong> tal\u00e1lhat\u00f3 <strong>Magyar Nemzeti Gal\u00e9ria<\/strong> m\u00e1rcius 15-\u00e9n <a href=\"https:\/\/mng.hu\/latogatas-marcius-15-en\/\" target=\"_blank\" target=\"_blank\" rel=\"noopener\">ingyenesen l\u00e1togathat\u00f3<\/a>: ez a magyar k\u00e9pz\u0151m\u0171v\u00e9szet legnagyobb k\u00f6zgy\u0171jtem\u00e9nye, ahol a k\u00f6z\u00e9pkort\u00f3l eg\u00e9szen a modern m\u0171v\u00e9szetig k\u00f6vethetj\u00fck nyomon a hazai alkot\u00f3k munk\u00e1ss\u00e1g\u00e1t. A m\u00fazeum \u00e1lland\u00f3 ki\u00e1ll\u00edt\u00e1sai \u00e1tfog\u00f3 k\u00e9pet adnak a magyar m\u0171v\u00e9szet fejl\u0151d\u00e9s\u00e9r\u0151l t\u00f6bb \u00e9vsz\u00e1zadon kereszt\u00fcl. A gy\u0171jtem\u00e9ny k\u00fcl\u00f6nlegess\u00e9ge, hogy a l\u00e1togat\u00f3k olyan ikonikus mesterek m\u0171veit is l\u00e1thatj\u00e1k, akik a 19\u201320. sz\u00e1zadban nemzetk\u00f6zi m\u0171v\u00e9szeti k\u00f6zpontokban is dolgoztak.<\/p>\n<div class=\"fb-post\" data-href=\"https:\/\/www.facebook.com\/nemzetigaleria\/posts\/pfbid034vfiRgT8gjB8rxKpzGDzAqFQQ4UiQEWcqHVb8XEAdKRMvasEK9kTnXfg7xS9y2jpl\" data-width=\"750\" data-show-text=\"true\"><blockquote cite=\"https:\/\/www.facebook.com\/nemzetigaleria\/posts\/1291802249661802\" class=\"fb-xfbml-parse-ignore\"><p>\u201eVannak fest\u0151k, akik tan\u00edtanak, \u00e9s vannak, akik megaj\u00e1nd\u00e9koznak. F\u00e9nyes Adolf az ut\u00f3bbiak k\u00f6z\u00e9 tartozik: a sz\u00ednei \u00fagy...<\/p>K\u00f6zz\u00e9tette: <a href=\"https:\/\/www.facebook.com\/nemzetigaleria\">Magyar Nemzeti Gal\u00e9ria, Hungarian National Gallery<\/a> \u2013&nbsp;<a href=\"https:\/\/www.facebook.com\/nemzetigaleria\/posts\/1291802249661802\">2026. febru\u00e1r 21., szombat<\/a><\/blockquote><\/div>\n<p>A jelenlegi id\u0151szaki ki\u00e1ll\u00edt\u00e1sok k\u00f6z\u00fcl kiemelkedik az <em>A csend k\u00e9pei \u2013 F\u00e9nyes Adolf m\u0171v\u00e9szet\u00e9nek eml\u00e9kezete<\/em>, mely a fest\u0151 \u00e9letm\u0171v\u00e9n kereszt\u00fcl a vid\u00e9ki \u00e9s kisv\u00e1rosi \u00e9let idillikus jeleneteit id\u00e9zi meg. EZ a ki\u00e1ll\u00edt\u00e1s <strong>m\u00e1rcius 15-\u00e9n l\u00e1that\u00f3 utolj\u00e1ra.<\/strong><\/p>\n<p>A Nemzeti Gal\u00e9ri\u00e1ba a legegyszer\u0171bben a <strong>16-os vagy 16A jelz\u00e9s\u0171 busszal<\/strong> lehet feljutni a De\u00e1k Ferenc t\u00e9r vagy a Sz\u00e9ll K\u00e1lm\u00e1n t\u00e9r fel\u0151l a D\u00edsz t\u00e9r meg\u00e1ll\u00f3ig, ahonnan n\u00e9h\u00e1ny perc s\u00e9t\u00e1val \u00e9rhet\u0151 el az \u00e9p\u00fclet: a ki\u00e1ll\u00edt\u00e1sok 10 \u00e9s 18 \u00f3ra k\u00f6z\u00f6tt l\u00e1that\u00f3k. A m\u00fazeum a Budai V\u00e1r egyik legszebb pontj\u00e1n \u00e1ll, \u00edgy a ki\u00e1ll\u00edt\u00e1sok mellett a palota \u00e9p\u00fclete \u00e9s a kil\u00e1t\u00e1s is k\u00fcl\u00f6n \u00e9lm\u00e9nyt jelent a l\u00e1togat\u00f3knak.&nbsp;<\/p>\n<h2>Sz\u00e9pm\u0171v\u00e9szeti M\u00fazeum: ingyenes l\u00e1togat\u00e1s<\/h2>\n<p>A <strong>Sz\u00e9pm\u0171v\u00e9szeti M\u00fazeum<\/strong> Budapest egyik legjelent\u0151sebb kultur\u00e1lis int\u00e9zm\u00e9nye, amely m\u00e1rcius 15-\u00e9n szint\u00e9n ingyenesen l\u00e1togathat\u00f3. A m\u00fazeum gy\u0171jtem\u00e9nye t\u00f6bb mint sz\u00e1zezer m\u0171t\u00e1rgyat foglal mag\u00e1ban, \u00e9s<strong> az \u00f3kori civiliz\u00e1ci\u00f3kt\u00f3l eg\u00e9szen a 18. sz\u00e1zad v\u00e9g\u00e9ig mutatja be az eur\u00f3pai \u00e9s a mediterr\u00e1n m\u0171v\u00e9szet t\u00f6rt\u00e9net\u00e9t.<\/strong> A l\u00e1togat\u00f3k az egyiptomi r\u00e9gis\u00e9gekt\u0151l \u00e9s g\u00f6r\u00f6g\u2013r\u00f3mai szobrokt\u00f3l kezdve az it\u00e1liai renesz\u00e1nsz, a flamand fest\u00e9szet vagy a francia barokk mestereinek alkot\u00e1saiig sz\u00e1mos korszak m\u0171v\u00e9szet\u00e9vel tal\u00e1lkozhatnak.<\/p>\n<figure id=\"attachment_104330\" aria-describedby=\"caption-attachment-104330\" style=\"width: 755px\" class=\"wp-caption alignnone\"><a href=\"https:\/\/www.startlap.hu\/utazas\/uploads\/sites\/3\/2026\/03\/szepmuveszeti-scaled.jpg\"><img loading=\"lazy\" decoding=\"async\" class=\"size-article-size-large-image wp-image-104330\" src=\"https:\/\/www.startlap.hu\/utazas\/uploads\/sites\/3\/2026\/03\/szepmuveszeti-755x502.jpg\" alt=\"\" width=\"755\" height=\"502\" srcset=\"https:\/\/www.startlap.hu\/utazas\/uploads\/sites\/3\/2026\/03\/szepmuveszeti-755x502.jpg 755w, https:\/\/www.startlap.hu\/utazas\/uploads\/sites\/3\/2026\/03\/szepmuveszeti-1536x1022.jpg 1536w, https:\/\/www.startlap.hu\/utazas\/uploads\/sites\/3\/2026\/03\/szepmuveszeti-2048x1363.jpg 2048w, https:\/\/www.startlap.hu\/utazas\/uploads\/sites\/3\/2026\/03\/szepmuveszeti-250x165.jpg 250w, https:\/\/www.startlap.hu\/utazas\/uploads\/sites\/3\/2026\/03\/szepmuveszeti-526x350.jpg 526w\" sizes=\"auto, (max-width: 755px) 100vw, 755px\" \/><\/a><figcaption id=\"caption-attachment-104330\" class=\"wp-caption-text\">Az els\u0151 k\u00ednai cs\u00e1sz\u00e1r agyagkaton\u00e1i c\u00edm\u0171 ki\u00e1ll\u00edt\u00e1s a Sz\u00e9pm\u0171v\u00e9szeti M\u00fazeumban. Fot\u00f3: Balogh Zolt\u00e1n \/ MTI<\/figcaption><\/figure>\n<p>Az aktu\u00e1lis id\u0151szaki ki\u00e1ll\u00edt\u00e1sok k\u00f6z\u00fcl kiemelkedik <em>Az \u00f6r\u00f6kl\u00e9t \u0151rei \u2013 Az els\u0151 k\u00ednai cs\u00e1sz\u00e1r agyagkaton\u00e1i<\/em> c\u00edm\u0171 nagyszab\u00e1s\u00fa t\u00e1rlat, amely a vil\u00e1gh\u00edr\u0171 terrakotta hadsereg t\u00f6rt\u00e9net\u00e9t \u00e9s az els\u0151 k\u00ednai cs\u00e1sz\u00e1r kor\u00e1t mutatja be r\u00e9g\u00e9szeti leleteken \u00e9s m\u0171t\u00e1rgyakon kereszt\u00fcl.<\/p>\n<p>A Sz\u00e9pm\u0171v\u00e9szeti M\u00fazeumhoz sz\u00e1mos t\u00f6megk\u00f6zleked\u00e9si eszk\u00f6zzel \u00e9rkezhet\u00fcnk meg: a t\u00e1rlatok 10 \u00e9s 18 \u00f3ra k\u00f6z\u00f6tt megtekinthet\u0151k.<\/p>\n<h2>Honv\u00e9delmi nap a B\u00e1ln\u00e1ban<\/h2>\n<p>A <strong>HM Hadt\u00f6rt\u00e9neti Int\u00e9zet \u00e9s M\u00fazeum<\/strong>, valamint a <strong>B\u00e1lna Honv\u00e9delmi K\u00f6zpont<\/strong> m\u00e1rcius 15-\u00e9n eg\u00e9sz napos \u00fcnnepi programsorozattal v\u00e1rja az \u00e9rdekl\u0151d\u0151ket, amely az 1848\u201349-es forradalom \u00e9s szabads\u00e1gharc h\u0151seinek \u00e1ll\u00edt eml\u00e9ket. A rendezv\u00e9nyen hagyom\u00e1ny\u0151rz\u0151 csoportok l\u00e1tv\u00e1nyos bemutat\u00f3i, zen\u00e9s \u00e9s mes\u00e9s el\u0151ad\u00e1sok, valamint csal\u00e1di programok id\u00e9zik fel a korszak hangulat\u00e1t. A nap sor\u00e1n fell\u00e9p a <strong>Honv\u00e9dt\u00fcz\u00e9r Hagyom\u00e1ny\u0151rz\u0151 Csapat<\/strong>, mesemond\u00e1ssal \u00e9rkezik <strong>Fuchs P\u00e9ter<\/strong>, a gyerekeket pedig a <strong>K\u00e1kics Egy\u00fcttes<\/strong> zen\u00e9s m\u0171sora sz\u00f3rakoztatja. A program egyik l\u00e1tv\u00e1nyos eleme a <strong>Mogyor\u00f3di S\u00e1ndor-husz\u00e1rok<\/strong> \u00e9s a <strong>T\u00f6rt\u00e9nelmi Lovas Hagyom\u00e1ny\u0151rz\u0151k<\/strong> lovas bemutat\u00f3ja, de a <strong>Pesti Csat\u00e1rok<\/strong> n\u00e9ven ismert 14. honv\u00e9dz\u00e1szl\u00f3alj bemutatkoz\u00e1sa \u00e9s a k\u00fcl\u00f6nleges <strong>Hadt\u00f6rt\u00e9neti Bajuszmustra<\/strong> is szerepel a m\u0171sorban.<\/p>\n<div class=\"fb-post\" data-href=\"https:\/\/www.facebook.com\/balnabudapest\/posts\/pfbid02rLvf6DfyUuD3AfQd1b8bPEaEd6qQtEL34Mjdx5t3yTFgPoUmVi2HyggYhadhdNFwl\" data-width=\"750\" data-show-text=\"true\"><blockquote cite=\"https:\/\/www.facebook.com\/balnabudapest\/posts\/1346258780866342\" class=\"fb-xfbml-parse-ignore\"><p>Kipr\u00f3b\u00e1ln\u00e1d a kardforgat\u00e1st \ud83d\udde1\ufe0f vagy k\u00edv\u00e1ncsi vagy, mik\u00e9nt haszn\u00e1lt\u00e1k a sz\u00far\u00f3-, v\u00e1g\u00f3- \u00e9s z\u00faz\u00f3fegyvereket? \ud83d\udee1\ufe0f\u2694\ufe0f\nIsmerkedj...<\/p>K\u00f6zz\u00e9tette: <a href=\"https:\/\/www.facebook.com\/balnabudapest\">B\u00e1lna Honv\u00e9delmi K\u00f6zpont<\/a> \u2013&nbsp;<a href=\"https:\/\/www.facebook.com\/balnabudapest\/posts\/1346258780866342\">2026. m\u00e1rcius 11., szerda<\/a><\/blockquote><\/div>\n<p>Az \u00e9p\u00fcletben eg\u00e9sz nap k\u00e9zm\u0171ves foglalkoz\u00e1sok \u00e9s v\u00e1s\u00e1r v\u00e1rja a l\u00e1togat\u00f3kat. A k\u00e9zm\u0171ves workshopon kok\u00e1rd\u00e1t lehet k\u00e9sz\u00edteni hagyom\u00e1nyos vagy kreat\u00edv form\u00e1ban, a v\u00e1s\u00e1rt\u00e9rben pedig hadt\u00f6rt\u00e9neti k\u00f6nyvek, egyedi kok\u00e1rd\u00e1k, t\u00f6lt\u00e9ny\u00e9kszerek, ker\u00e1mi\u00e1k \u00e9s katonai jelleg\u0171 aj\u00e1nd\u00e9kt\u00e1rgyak k\u00f6z\u00fcl v\u00e1logathatnak az \u00e9rdekl\u0151d\u0151k. A hagyom\u00e1ny\u0151rz\u0151 egyes\u00fcletek korh\u0171 viseletben mutatj\u00e1k be az 1840-es \u00e9vek mindennapjait, mik\u00f6zben a gyerekeket arcfest\u00e9s, hajfon\u00e1s \u00e9s j\u00e1t\u00e9kos programok v\u00e1rj\u00e1k.<\/p>\n<p>A szabadt\u00e9ri <strong>Ar\u00e9na t\u00e9ren<\/strong> kalandos, katonai tematik\u00e1j\u00fa programok eg\u00e9sz\u00edtik ki a rendezv\u00e9nyt: l\u00e9zeres l\u00f6v\u00e9szet, airsoft-l\u0151t\u00e9r, akad\u00e1lyp\u00e1lya, m\u00e1sz\u00f3fal, ejt\u0151g\u00e9p \u00e9s hadt\u00f6rt\u00e9neti szabadul\u00f3szob\u00e1k is kipr\u00f3b\u00e1lhat\u00f3k, s\u0151t harcj\u00e1rm\u0171veket id\u00e9z\u0151 elektromos gokartok is v\u00e1rj\u00e1k a v\u00e1llalkoz\u00f3 kedv\u0171eket. <strong>A programsorozat 10 \u00e9s 17 \u00f3ra k\u00f6z\u00f6tt zajlik<\/strong> a B\u00e1lna Honv\u00e9delmi K\u00f6zpontban, amely k\u00f6nnyen megk\u00f6zel\u00edthet\u0151 a 4-es metr\u00f3 F\u0151v\u00e1m t\u00e9r meg\u00e1ll\u00f3j\u00e1t\u00f3l n\u00e9h\u00e1ny perc s\u00e9t\u00e1val, illetve a 2-es, 23-as \u00e9s 24-es villamosokkal is.&nbsp;<\/p>\n<h2>Csal\u00e1di nap a Lev\u00e9lt\u00e1rban<\/h2>\n<p>A <strong>Magyar Nemzeti Lev\u00e9lt\u00e1r Orsz\u00e1gos Lev\u00e9lt\u00e1ra<\/strong> m\u00e1rcius 15-\u00e9n <a href=\"https:\/\/mnl.gov.hu\/mnl\/ol\/hirek\/nyilt_napra_varja_az_erdeklodoket_marcius_15_en_a_leveltar\" target=\"_blank\" target=\"_blank\" rel=\"noopener\">ny\u00edlt napot<\/a> rendez a <strong>B\u00e9csi kapu t\u00e9ri palot\u00e1ban.<\/strong> A l\u00e1togat\u00f3k j\u00e1t\u00e9kos \u00e9s ismeretterjeszt\u0151 programokon kereszt\u00fcl fedezhetik fel az \u00e9p\u00fcletet \u00e9s az 1848\u201349-es forradalom t\u00f6rt\u00e9net\u00e9t. A bel\u00e9p\u00e9skor \u00e1tvehet\u0151 s\u00e9t\u00e1l\u00f3lap seg\u00edts\u00e9g\u00e9vel a vend\u00e9gek k\u00fcl\u00f6nb\u00f6z\u0151 feladatok megold\u00e1s\u00e1val ismerhetik meg a korszak fontos szerepl\u0151it \u00e9s esem\u00e9nyeit, mik\u00f6zben a lev\u00e9lt\u00e1ri dokumentumok vil\u00e1g\u00e1ba is betekint\u00e9st nyerhetnek.<\/p>\n<p>A nap folyam\u00e1n t\u00f6bb ki\u00e1ll\u00edt\u00e1s is megtekinthet\u0151 lesz: az <em>1945 \u2013 Keresztt\u0171zben<\/em> c\u00edm\u0171 t\u00e1rlat a m\u00e1sodik vil\u00e1gh\u00e1bor\u00fa v\u00e9g\u00e9nek magyarorsz\u00e1gi esem\u00e9nyeit \u00e9s szem\u00e9lyes t\u00f6rt\u00e9neteit mutatja be, emellett a l\u00e1togat\u00f3k megtekinthetik a <em>V\u00e1rak \u2013 K\u0151nig Frigyes rajzai a K\u00e1rp\u00e1t-medence er\u0151d\u00edtm\u00e9nyeir\u0151l<\/em> c\u00edm\u0171 ki\u00e1ll\u00edt\u00e1st, valamint a <em>N\u0151i szerepek \u00e9s t\u00e1ncvigadalmak a forradalom \u00e9s szabads\u00e1gharc idej\u00e9n<\/em> c\u00edm\u0171 kamaraki\u00e1ll\u00edt\u00e1st is.<\/p>\n<blockquote class=\"article__extraTxt\"><p>A programokat t\u00f6rt\u00e9nelmi kv\u00edz, fegyverbemutat\u00f3, valamint restaur\u00e1torok \u00e1ltal vezetett k\u00e9zm\u0171ves foglalkoz\u00e1sok eg\u00e9sz\u00edtik ki.<\/p><\/blockquote>\n<p>A B\u00e9csi kapu t\u00e9ri lev\u00e9lt\u00e1ri palota<strong> 10.00 \u00e9s 18.00 \u00f3ra k\u00f6z\u00f6tt l\u00e1togathat\u00f3<\/strong>, \u00e9s a vend\u00e9gek szervezett \u00e9p\u00fclets\u00e9t\u00e1kon is r\u00e9szt vehetnek a nap folyam\u00e1n. A helysz\u00edn a budai V\u00e1rban, a B\u00e9csi kapu t\u00e9ren tal\u00e1lhat\u00f3, amely legegyszer\u0171bben a 16-os vagy 16A busszal a Sz\u00e9ll K\u00e1lm\u00e1n t\u00e9r vagy a De\u00e1k Ferenc t\u00e9r fel\u0151l k\u00f6zel\u00edthet\u0151 meg.&nbsp;<\/p>\n<h2>Debreceni \u00fcnnepi megeml\u00e9kez\u00e9sek<\/h2>\n<p><strong>Debrecenben<\/strong> m\u00e1rcius 15-\u00e9n eg\u00e9sz napos <a href=\"https:\/\/www.programturizmus.hu\/ajanlat-marcius-15-programok-debrecen.html\" target=\"_blank\" target=\"_blank\" rel=\"noopener\">\u00fcnnepi programsorozattal<\/a> eml\u00e9keznek meg az 1848\u201349-es forradalom \u00e9s szabads\u00e1gharc esem\u00e9nyeir\u0151l. A v\u00e1rosi \u00fcnneps\u00e9g reggel kezd\u0151dik a Kossuth t\u00e9ren katonai tiszteletad\u00e1s mellett. Ezt k\u00f6vet\u0151en a Pet\u0151fi t\u00e9ren <em>Esk\u00fcsz\u00fcnk\u2026<\/em> c\u00edmmel tartanak \u00fcnnepi m\u0171sort \u00e9s koszor\u00faz\u00e1st, majd l\u00e1tv\u00e1nyos felvonul\u00e1s indul vissza a Kossuth t\u00e9rre a hely\u0151rs\u00e9gi zenekar, sz\u00ednj\u00e1tsz\u00f3k, n\u00e9pt\u00e1ncosok \u00e9s hagyom\u00e1ny\u0151rz\u0151k r\u00e9szv\u00e9tel\u00e9vel. A f\u0151t\u00e9ren k\u00e9s\u0151bb <em>Lelkem istene a szabads\u00e1g<\/em> c\u00edmmel rendeznek megeml\u00e9kez\u00e9st \u00e9s koszor\u00faz\u00e1st.<\/p>\n<figure id=\"attachment_104331\" aria-describedby=\"caption-attachment-104331\" style=\"width: 755px\" class=\"wp-caption alignnone\"><a href=\"https:\/\/www.startlap.hu\/utazas\/uploads\/sites\/3\/2026\/03\/debrecen-scaled.jpg\"><img loading=\"lazy\" decoding=\"async\" class=\"size-article-size-large-image wp-image-104331\" src=\"https:\/\/www.startlap.hu\/utazas\/uploads\/sites\/3\/2026\/03\/debrecen-755x495.jpg\" alt=\"\" width=\"755\" height=\"495\" srcset=\"https:\/\/www.startlap.hu\/utazas\/uploads\/sites\/3\/2026\/03\/debrecen-755x495.jpg 755w, https:\/\/www.startlap.hu\/utazas\/uploads\/sites\/3\/2026\/03\/debrecen-1536x1008.jpg 1536w, https:\/\/www.startlap.hu\/utazas\/uploads\/sites\/3\/2026\/03\/debrecen-2048x1343.jpg 2048w, https:\/\/www.startlap.hu\/utazas\/uploads\/sites\/3\/2026\/03\/debrecen-250x165.jpg 250w, https:\/\/www.startlap.hu\/utazas\/uploads\/sites\/3\/2026\/03\/debrecen-534x350.jpg 534w\" sizes=\"auto, (max-width: 755px) 100vw, 755px\" \/><\/a><figcaption id=\"caption-attachment-104331\" class=\"wp-caption-text\">Fot\u00f3: Getty Images<\/figcaption><\/figure>\n<p>A nap sor\u00e1n a csal\u00e1dok sz\u00e1m\u00e1ra is sz\u00e1mos programot szerveznek. A <strong>R\u00e9gi V\u00e1rosh\u00e1z\u00e1n<\/strong> k\u00e9zm\u0171ves foglalkoz\u00e1sok, honv\u00e9d egyenruh\u00e1kat \u00e9s fegyvereket bemutat\u00f3 ki\u00e1ll\u00edt\u00e1s, valamint vezetett v\u00e1rosh\u00e1zi s\u00e9t\u00e1k v\u00e1rj\u00e1k a l\u00e1togat\u00f3kat. A <strong>Reform\u00e1tus Nagytemplomban<\/strong> \u00e9lm\u00e9nypedag\u00f3giai foglalkoz\u00e1s id\u00e9zi fel a szabads\u00e1gharc debreceni esem\u00e9nyeit, k\u00e9s\u0151bb pedig irodalmi besz\u00e9lget\u00e9ssel \u00e9s zen\u00e9s m\u0171sorral folytat\u00f3dik a program. A d\u00e9lut\u00e1nt a Kossuth t\u00e9ren n\u00e9pt\u00e1ncegy\u00fcttesek \u00e9s a <strong>B\u00fcrk\u00f6s Zenekar<\/strong> \u00fcnnepi m\u0171sora z\u00e1rja.<\/p>\n<p>A v\u00e1rosi rendezv\u00e9nyek mellett t\u00f6bb k\u00eds\u00e9r\u0151program is kapcsol\u00f3dik az \u00fcnnephez: a <strong>Csokonai Te\u00e1trumban<\/strong> a <em>J\u00e1nos vit\u00e9z<\/em>&nbsp;dalj\u00e1t\u00e9k el\u0151ad\u00e1sa, a <strong>Nagyerdei Kult\u00farparkban<\/strong> pedig gyerekeknek sz\u00f3l\u00f3 j\u00e1t\u00e9kos foglalkoz\u00e1sok v\u00e1rj\u00e1k az \u00e9rdekl\u0151d\u0151ket. A hivatalos \u00fcnneps\u00e9gek <strong>8.30-t\u00f3l 17.00 \u00f3r\u00e1ig tartanak<\/strong> Debrecen belv\u00e1ros\u00e1ban, els\u0151sorban a Kossuth t\u00e9ren, a Pet\u0151fi t\u00e9ren \u00e9s a Reform\u00e1tus Nagytemplomban, amelyek k\u00f6nnyen el\u00e9rhet\u0151k a helyi villamos- \u00e9s buszj\u00e1ratokkal.&nbsp;<\/p>\n<h2>Gy\u0151ri m\u00e1rcius 15-i \u00fcnneps\u00e9g<\/h2>\n<p><strong>Gy\u0151rben<\/strong> id\u00e9n is <a href=\"https:\/\/gyor.hu\/a-szechenyi-teren-unnepel-iden-gyor-egesz-napos-programok-marcius-15-en\/\" target=\"_blank\" target=\"_blank\" rel=\"noopener\">gazdag programk\u00edn\u00e1lattal<\/a> eml\u00e9keznek meg az 1848-49-es forradalom \u00e9s szabads\u00e1gharc \u00e9vfordul\u00f3j\u00e1r\u00f3l: m\u00e1rcius 15-\u00e9n a belv\u00e1ros t\u00f6bb helysz\u00edn\u00e9n \u2013 els\u0151sorban a Sz\u00e9chenyi t\u00e9ren \u2013 \u00fcnnepi megeml\u00e9kez\u00e9sek, csal\u00e1di programok, t\u00f6rt\u00e9nelmi el\u0151ad\u00e1sok \u00e9s kultur\u00e1lis esem\u00e9nyek v\u00e1rj\u00e1k az \u00e9rdekl\u0151d\u0151ket.<\/p>\n<p>A hivatalos \u00fcnneps\u00e9g 10 \u00f3rakor kezd\u0151dik koszor\u00faz\u00e1ssal \u00e9s \u00fcnnepi m\u0171sorral a <strong>R\u00e9gi V\u00e1rosh\u00e1z\u00e1n\u00e1l<\/strong> a <strong>Gy\u0151ri Nemzeti Sz\u00ednh\u00e1z<\/strong> k\u00f6zrem\u0171k\u00f6d\u00e9s\u00e9vel. A Sz\u00e9chenyi t\u00e9ren ezut\u00e1n csal\u00e1di forgatag v\u00e1rja a l\u00e1togat\u00f3kat: a <strong>Karzat Sz\u00ednh\u00e1z<\/strong> j\u00e1t\u00e9kos programjai k\u00f6z\u00f6tt toborz\u00f3 j\u00e1t\u00e9kok, husz\u00e1rv\u00e1gta-\u00fcgyess\u00e9gi feladatok, c\u00e9ll\u00f6v\u00f6lde, leng\u0151teke \u00e9s hintalovak szerepelnek, s\u0151t a gyerekek korabeli jelmezeket is felpr\u00f3b\u00e1lhatnak. Az <strong>Ap\u00e1t\u00far-h\u00e1zban<\/strong> k\u00f6zben k\u00e9zm\u0171ves foglalkoz\u00e1sok zajlanak, ahol kok\u00e1rd\u00e1t, filcvir\u00e1got vagy kok\u00e1rdatart\u00f3 mad\u00e1rk\u00e1t k\u00e9sz\u00edthetnek a r\u00e9sztvev\u0151k, m\u00edg a <strong>Pannonhalmi Borteraszon<\/strong> r\u00f6vid t\u00f6rt\u00e9nelmi el\u0151ad\u00e1sok mutatj\u00e1k be Gy\u0151r szerep\u00e9t az 1848-as esem\u00e9nyekben.<\/p>\n<p>A d\u00e9lut\u00e1ni programok k\u00f6z\u00f6tt filmvet\u00edt\u00e9sek szerepelnek a <strong>R\u00f3mer H\u00e1zban<\/strong>. Emellett 15 \u00f3rakor <em>N\u00e9pek tavasza Gy\u0151rben<\/em> c\u00edmmel v\u00e1rosi s\u00e9ta indul az <strong>Esterh\u00e1zy-palota<\/strong> el\u0151l, amely sor\u00e1n a r\u00e9sztvev\u0151k felkereshetik a forradalomhoz k\u00f6t\u0151d\u0151 belv\u00e1rosi helysz\u00edneket. A gy\u0151ri \u00fcnnepi programsorozat <strong>10.00 \u00e9s 16.00 \u00f3ra k\u00f6z\u00f6tt<\/strong> zajlik a belv\u00e1ros t\u00f6bb pontj\u00e1n: a helyi buszj\u00e1ratokkal vagy a gy\u0151ri vas\u00fat\u00e1llom\u00e1st\u00f3l r\u00f6vid s\u00e9t\u00e1val \u00e9rkezhet\u00fcnk meg.&nbsp;<\/p>\n<h2>\u00dcnnepi programok P\u00e9csett<\/h2>\n<p><strong>P\u00e9csen<\/strong> m\u00e1rcius 15-\u00e9n <a href=\"https:\/\/pecsimami.hu\/helyi-hirek\/melto-unneples-pecsett-marcius-15-en-varosi-megemlekezes-es-unnepi-hangverseny\" target=\"_blank\" target=\"_blank\" rel=\"noopener\">\u00fcnnepi programokkal<\/a> eml\u00e9keznek meg az 1848\u201349-es forradalom \u00e9s szabads\u00e1gharc h\u0151seir\u0151l: a v\u00e1rosi rendezv\u00e9ny a 48-as t\u00e9ren, a Pet\u0151fi-szoborn\u00e1l kezd\u0151dik, ahol a gy\u00fclekez\u0151 k\u00f6z\u00f6ns\u00e9get a <strong>Hanga Banda<\/strong> zen\u00e9je \u00e9s lovashusz\u00e1rok fogadj\u00e1k, megid\u00e9zve a forradalom hangulat\u00e1t, majd a r\u00e9sztvev\u0151k \u00fcnnepi menetben vonulnak \u00e1t a Kossuth t\u00e9rre.<\/p>\n<div class='iframe-wrapper youtube'><iframe loading=\"lazy\" title=\"David Guetta: Titanium - Pannon Filharmonikusok - Vass Andr\u00e1s \u00e1lland\u00f3 karmester\" width=\"500\" height=\"281\" src=\"https:\/\/www.youtube.com\/embed\/mMOyH5pUeNg?feature=oembed\" frameborder=\"0\" allow=\"accelerometer; autoplay; clipboard-write; encrypted-media; gyroscope; picture-in-picture; web-share\" referrerpolicy=\"strict-origin-when-cross-origin\" allowfullscreen><\/iframe><\/div>\n<p>Az programsorozat este 19 \u00f3rakor folytat\u00f3dik a <strong>Kod\u00e1ly K\u00f6zpont<\/strong> hangversenyterm\u00e9ben, ahol<\/p>\n<blockquote class=\"article__extraTxt\"><p>a Pannon Filharmonikusok \u00fcnnepi koncertet adnak magyar zeneszerz\u0151k m\u0171veib\u0151l v\u00e1logatva.<\/p><\/blockquote>\n<p>A hangverseny ingyenes, de regisztr\u00e1ci\u00f3hoz k\u00f6t\u00f6tt. A programok <strong>16.30-t\u00f3l k\u00e9s\u0151 estig tartanak<\/strong> P\u00e9cs belv\u00e1ros\u00e1ban.&nbsp;<\/p>\n<h2>Husz\u00e1ros h\u00e9tv\u00e9ge a Szentendrei Skanzenben<\/h2>\n<p>A szentendrei <strong>Szabadt\u00e9ri N\u00e9prajzi M\u00fazeum<\/strong> (Skanzen) m\u00e1rcius 14\u201315-\u00e9n <a href=\"https:\/\/gotravel.hu\/program-marcius-15-skanzen\" target=\"_blank\" target=\"_blank\" rel=\"noopener\">\u00fcnnepi programokkal<\/a> v\u00e1rja a l\u00e1togat\u00f3kat, ahol korabeli viseletbe \u00f6lt\u00f6z\u00f6tt hagyom\u00e1ny\u0151rz\u0151k id\u00e9zik fel az 1848\u201349-es forradalom \u00e9s szabads\u00e1gharc hangulat\u00e1t. A rendezv\u00e9nyen <strong>lovas husz\u00e1rbemutat\u00f3k, katonadalok, t\u00f6rt\u00e9nelmi mes\u00e9k \u00e9s tematikus t\u00e1rlatvezet\u00e9sek seg\u00edtenek k\u00f6zelebb hozni a korszak vil\u00e1g\u00e1t.<\/strong> A l\u00e1togat\u00f3k t\u00f6bbek k\u00f6z\u00f6tt husz\u00e1ros t\u00f6rt\u00e9neteket hallgathatnak, megismerhetik az erd\u00e9lyi \u00f6rm\u00e9nyek vagy <strong>G\u00e1bor \u00c1ron<\/strong> szerep\u00e9t a szabads\u00e1gharcban, valamint a verbunk \u00e9s katonadalok tanul\u00e1s\u00e1ba is bekapcsol\u00f3dhatnak. A programokat \u00e9l\u0151 zene, k\u00f6nyvbemutat\u00f3 \u00e9s \u00fcnnepi koszor\u00faz\u00e1s is sz\u00ednes\u00edti.<\/p>\n<div class=\"fb-video\" data-href=\"https:\/\/www.facebook.com\/reel\/1650282973092110\/\" data-width=\"750\" data-show-text=\"false\"><\/div>\n<p>A csal\u00e1dokat \u00e9s a gyerekeket sz\u00e1mos j\u00e1t\u00e9kos \u00e9s k\u00e9zm\u0171ves program v\u00e1rja a m\u00fazeum k\u00fcl\u00f6nb\u00f6z\u0151 t\u00e1jegys\u00e9geiben: a l\u00e1togat\u00f3k husz\u00e1rt\u00e1borokat \u00e9s katonai eszk\u00f6zbemutat\u00f3kat n\u00e9zhetnek meg, \u00fcgyess\u00e9gi j\u00e1t\u00e9kokban vehetnek r\u00e9szt, kok\u00e1rd\u00e1t vagy husz\u00e1rcs\u00e1k\u00f3t k\u00e9sz\u00edthetnek, de ak\u00e1r korabeli k\u00e1v\u00e9h\u00e1zi hangulatba is belecs\u00f6ppenhetnek a <strong>Pilvaxot<\/strong> id\u00e9z\u0151 k\u00e1v\u00e9h\u00e1zban. A programok k\u00f6z\u00f6tt menetleveles barangol\u00f3 j\u00e1t\u00e9k, husz\u00e1rpr\u00f3ba, t\u00f6rt\u00e9nelmi activity \u00e9s a J\u00e1nos vit\u00e9z mesevil\u00e1g\u00e1t megid\u00e9z\u0151 foglalkoz\u00e1sok is szerepelnek, mik\u00f6zben a vend\u00e9gek a korszak ihlette \u00e9teleket \u2013 p\u00e9ld\u00e1ul a <strong>J\u00f3kai bablevest<\/strong> vagy t\u00far\u00f3s csusz\u00e1t \u2013 is megk\u00f3stolhatj\u00e1k.<\/p>\n<p>A Husz\u00e1ros h\u00e9tv\u00e9ge <strong>m\u00e1rcius 14\u201315-\u00e9n 9.00 \u00e9s 17.00 k\u00f6z\u00f6tt zajlik<\/strong>: m\u00e1rcius 14-\u00e9n a norm\u00e1l f\u0151szezoni jegy\u00e1rak \u00e9rv\u00e9nyesek, m\u00edg m\u00e1rcius 15-\u00e9n a bel\u00e9p\u00e9s ingyenes. A v\u00e1ros k\u00f6nnyen el\u00e9rhet\u0151 Budapestr\u0151l a H\u00c9V-vel, az utaz\u00e1si id\u0151 k\u00f6r\u00fclbel\u00fcl 40 perc: innen busszal mehet\u00fcnk tov\u00e1bb.<\/p>\n<h2>Eger \u00fcnnepi programjai<\/h2>\n<p><strong>Egerben<\/strong> m\u00e1rcius 15-\u00e9n d\u00e9lel\u0151tt <a href=\"https:\/\/egerhirek.hu\/2026\/03\/09\/unnepi-programokra-varjak-az-egrieket-marcius-15-en\/varos\/egerhirek\" target=\"_blank\" target=\"_blank\" rel=\"noopener\">\u00fcnnepi programokkal<\/a> eml\u00e9keznek meg az 1848\u201349-es forradalom \u00e9s szabads\u00e1gharc h\u0151seir\u0151l. A v\u00e1rosi rendezv\u00e9ny az egri <strong>Bazilik\u00e1ban<\/strong> kezd\u0151dik, ahol \u00fcnnepi szentmis\u00e9t tartanak. A megeml\u00e9kez\u00e9s ezt k\u00f6vet\u0151en a belv\u00e1rosban folytat\u00f3dik: a r\u00e9sztvev\u0151k a Pet\u0151fi-szoborn\u00e1l gy\u0171lnek \u00f6ssze, ahol koszor\u00faz\u00e1ssal tisztelegnek a forradalom eml\u00e9ke el\u0151tt.<\/p>\n<p>Az \u00fcnnepi m\u0171sorban a <strong>G\u00e1rdonyi G\u00e9za Ciszterci Gimn\u00e1zium \u00e9s Koll\u00e9gium<\/strong> di\u00e1kjai l\u00e9pnek fel, akik zen\u00e9vel \u00e9s irodalmi el\u0151ad\u00e1sokkal id\u00e9zik fel a szabads\u00e1gharc hangulat\u00e1t. A program a hagyom\u00e1nyoknak megfelel\u0151en koszor\u00faz\u00e1ssal z\u00e1rul.<\/p>\n<p>A v\u00e1rosi megeml\u00e9kez\u00e9s <strong>10.00 \u00f3rakor kezd\u0151dik az egri Bazilik\u00e1ban, majd 11.20-kor a Pet\u0151fi-szoborn\u00e1l folytat\u00f3dik.<\/strong> A helysz\u00ednek Eger t\u00f6rt\u00e9nelmi belv\u00e1ros\u00e1ban tal\u00e1lhat\u00f3k, \u00edgy <strong>a programok gyalogosan k\u00f6nnyen megk\u00f6zel\u00edthet\u0151k<\/strong>, a v\u00e1rosba pedig aut\u00f3val vagy vonattal is egyszer\u0171en el lehet jutni.<\/p>\n<div class=\"o-widget m-readMoreWidget -readMore u-shortDecorLineAfter row widget-container _ce_measure_widget bigdata-widget read-more\" data-ce-measure-widget=\"olvass tov\u00e1bb\">\n\t<div class=\"m-readMoreWidget__imgWrapper image-wrapper col-12 col-md-4 no-p\">\n\t\t<a class=\"m-readMoreWidget__imgLink\" href=\"https:\/\/www.startlap.hu\/utazas\/gili-trawangan-31-fok-sziget-tengerpart-fotok\/\" >\n\t\t\t<img decoding=\"async\" src=\"https:\/\/www.startlap.hu\/utazas\/uploads\/sites\/3\/2026\/02\/gili2-350x285.jpg\" class=\"m-readMoreWidget__img\">\n\t\t<\/a>\n\t<\/div>\n\t<div class=\"m-readMoreWidget__titleWrapper title-wrapper col-12 col-md-8\">\n\t\t<span class=\"m-readMoreWidget__titleLabel u-shortDecorLineBefore label hidden-sm-up\">Ez is \u00e9rdekelhet:<\/span>\n\t\t<h3 class=\"m-readMoreWidget__title title\">\n\t\t\t<a class=\"m-readMoreWidget__titleLink -secondFont u-bold u-upperCase\" href=\"https:\/\/www.startlap.hu\/utazas\/gili-trawangan-31-fok-sziget-tengerpart-fotok\/\" >Eg\u00e9sz \u00e9vben 31 fok, nincsenek aut\u00f3k az \u00e1lomszigeten: a &#8222;vil\u00e1g legjobban \u00faszhat\u00f3 tengere&#8221; veszi k\u00f6r\u00fcl<\/a>\n\t\t<\/h3>\n\t\t<a class=\"m-readMoreWidget__btn -coloredBack u-tC link\" href=\"https:\/\/www.startlap.hu\/utazas\/gili-trawangan-31-fok-sziget-tengerpart-fotok\/\" >Elolvasom<\/a>\n\t<\/div>\n<\/div>\n","protected":false},"excerpt":{"rendered":"<p>M\u00e1rcius 15-e id\u00e9n vas\u00e1rnapra esik: n\u00e9zz\u00fck, milyen izgalmas programok v\u00e1rj\u00e1k a kicsiket \u00e9s nagyokat Budapesten \u00e9s orsz\u00e1gszerte egyar\u00e1nt!<\/p>\n","protected":false},"author":63,"featured_media":104329,"comment_status":"closed","ping_status":"closed","sticky":false,"template":"","format":"standard","meta":{"footnotes":""},"categories":[6],"tags":[23,1943,914,1193,1281,1194,964,1479,1002,3033,911],"class_list":["post-104327","post","type-post","status-publish","format-standard","has-post-thumbnail","hentry","category-tippek","tag-budapest","tag-csalad","tag-debrecen","tag-eger","tag-gyerek","tag-gyor","tag-holloko","tag-marcius-15","tag-pecs","tag-programok","tag-szentendre"],"aioseo_notices":[],"_links":{"self":[{"href":"https:\/\/www.startlap.hu\/utazas\/wp-json\/wp\/v2\/posts\/104327","targetHints":{"allow":["GET"]}}],"collection":[{"href":"https:\/\/www.startlap.hu\/utazas\/wp-json\/wp\/v2\/posts"}],"about":[{"href":"https:\/\/www.startlap.hu\/utazas\/wp-json\/wp\/v2\/types\/post"}],"author":[{"embeddable":true,"href":"https:\/\/www.startlap.hu\/utazas\/wp-json\/wp\/v2\/users\/63"}],"replies":[{"embeddable":true,"href":"https:\/\/www.startlap.hu\/utazas\/wp-json\/wp\/v2\/comments?post=104327"}],"version-history":[{"count":4,"href":"https:\/\/www.startlap.hu\/utazas\/wp-json\/wp\/v2\/posts\/104327\/revisions"}],"predecessor-version":[{"id":104380,"href":"https:\/\/www.startlap.hu\/utazas\/wp-json\/wp\/v2\/posts\/104327\/revisions\/104380"}],"wp:featuredmedia":[{"embeddable":true,"href":"https:\/\/www.startlap.hu\/utazas\/wp-json\/wp\/v2\/media\/104329"}],"wp:attachment":[{"href":"https:\/\/www.startlap.hu\/utazas\/wp-json\/wp\/v2\/media?parent=104327"}],"wp:term":[{"taxonomy":"category","embeddable":true,"href":"https:\/\/www.startlap.hu\/utazas\/wp-json\/wp\/v2\/categories?post=104327"},{"taxonomy":"post_tag","embeddable":true,"href":"https:\/\/www.startlap.hu\/utazas\/wp-json\/wp\/v2\/tags?post=104327"}],"curies":[{"name":"wp","href":"https:\/\/api.w.org\/{rel}","templated":true}]}}