{"id":104311,"date":"2026-03-16T07:03:02","date_gmt":"2026-03-16T06:03:02","guid":{"rendered":"https:\/\/www.startlap.hu\/utazas\/?p=104311"},"modified":"2026-03-15T11:19:29","modified_gmt":"2026-03-15T10:19:29","slug":"nemetorszag-sziget-tudosok-baltitenger","status":"publish","type":"post","link":"https:\/\/www.startlap.hu\/utazas\/nemetorszag-sziget-tudosok-baltitenger\/","title":{"rendered":"A szigor\u00faan \u0151rz\u00f6tt n\u00e9met sziget, ahov\u00e1 senki sem l\u00e9phet be &#8211; j\u00f3 oka van a tilt\u00e1snak"},"content":{"rendered":"<p>A Balti-tengeren, N\u00e9metorsz\u00e1g \u00e9szakkeleti partjain\u00e1l b\u00fajik meg egy apr\u00f3, els\u0151 pillant\u00e1sra b\u00e9k\u00e9s<a href=\"https:\/\/www.startlap.hu\/utazas\/nemetorszag-sziget-steinhuder-to\/\" target=\"_blank\" rel=\"noopener\"> sziget<\/a>. A t\u00e1volb\u00f3l n\u00e9zve idilli helynek t\u0171nik: keskeny f\u00f6ldcs\u00edk, amelyet egy t\u00f6lt\u00e9s k\u00f6t \u00f6ssze a sz\u00e1razf\u00f6lddel. A val\u00f3s\u00e1g azonban eg\u00e9szen m\u00e1s. A Riems-sziget N\u00e9metorsz\u00e1g egyik legz\u00e1rtabb ter\u00fclete, ahov\u00e1 a k\u00edv\u00e1ncsi turist\u00e1k egy\u00e1ltal\u00e1n nem l\u00e9phetnek be.<\/p>\n<div class=\"o-widget m-readMoreWidget -readMore u-shortDecorLineAfter row widget-container _ce_measure_widget bigdata-widget read-more\" data-ce-measure-widget=\"olvass tov\u00e1bb\">\n\t<div class=\"m-readMoreWidget__imgWrapper image-wrapper col-12 col-md-4 no-p\">\n\t\t<a class=\"m-readMoreWidget__imgLink\" href=\"https:\/\/www.startlap.hu\/utazas\/svajc-olcso-munkasnegyed-szolgaltatas-gazdagsag\/\" >\n\t\t\t<img decoding=\"async\" src=\"https:\/\/www.startlap.hu\/utazas\/uploads\/sites\/3\/2025\/12\/bazel_11zon-350x285.jpg\" class=\"m-readMoreWidget__img\">\n\t\t<\/a>\n\t<\/div>\n\t<div class=\"m-readMoreWidget__titleWrapper title-wrapper col-12 col-md-8\">\n\t\t<span class=\"m-readMoreWidget__titleLabel u-shortDecorLineBefore label hidden-sm-up\">Ez is \u00e9rdekelhet:<\/span>\n\t\t<h3 class=\"m-readMoreWidget__title title\">\n\t\t\t<a class=\"m-readMoreWidget__titleLink -secondFont u-bold u-upperCase\" href=\"https:\/\/www.startlap.hu\/utazas\/svajc-olcso-munkasnegyed-szolgaltatas-gazdagsag\/\" >Ilyen egy sv\u00e1jci &#8222;nyomornegyed&#8221; &#8211; olyan magas az \u00e9letsz\u00ednvonal, hogy a szer\u00e9nyebb v\u00e1rosr\u00e9szekben is sz\u00edvesen \u00e9ln\u00e9nk<\/a>\n\t\t<\/h3>\n\t\t<a class=\"m-readMoreWidget__btn -coloredBack u-tC link\" href=\"https:\/\/www.startlap.hu\/utazas\/svajc-olcso-munkasnegyed-szolgaltatas-gazdagsag\/\" >Elolvasom<\/a>\n\t<\/div>\n<\/div>\n<p>Mik\u00f6zben a k\u00f6rny\u00e9k strandjain nyaral\u00f3k pihennek \u00e9s kir\u00e1ndul\u00f3k fedezik fel a Balti-tenger partvid\u00e9k\u00e9t, a kis sziget teljesen el van z\u00e1rva a k\u00fclvil\u00e1gt\u00f3l. Nem v\u00e9letlen\u00fcl emlegetik sokan \u201eN\u00e9metorsz\u00e1g tiltott szigetek\u00e9nt\u201d.<\/p>\n<h2>Egy k\u00fcl\u00f6nleges kutat\u00f3k\u00f6zpont m\u0171k\u00f6dik itt<\/h2>\n<p>A sziget k\u00f6zep\u00e9n tal\u00e1lhat\u00f3 a Friedrich-Loeffler Int\u00e9zet, amely <a href=\"https:\/\/www.startlap.hu\/utazas\/nemetorszag-ovaros-travelbook-badenwurttemberg\/\" target=\"_blank\" rel=\"noopener\">N\u00e9metorsz\u00e1g<\/a> sz\u00f6vets\u00e9gi \u00e1llateg\u00e9szs\u00e9g\u00fcgyi kutat\u00f3int\u00e9zete. A l\u00e9tes\u00edtm\u00e9ny a vil\u00e1g egyik legfontosabb k\u00f6zpontja az \u00e1llatokat \u00e9rint\u0151 vesz\u00e9lyes v\u00edrusok kutat\u00e1s\u00e1ban.<\/p>\n<blockquote class=\"article__extraTxt\"><p>A tud\u00f3sok itt olyan k\u00f3rokoz\u00f3kat vizsg\u00e1lnak, mint a mad\u00e1rinfluenza vagy az afrikai sert\u00e9spestis.<\/p><\/blockquote>\n<p>Az itt vizsg\u00e1lt betegs\u00e9gek s\u00falyos gazdas\u00e1gi k\u00e1rokat okozhatnak, \u00e9s bizonyos esetekben az emberekre is vesz\u00e9lyt jelenthetnek. A kutat\u00e1sok c\u00e9lja, hogy a j\u00e1rv\u00e1nyokat min\u00e9l gyorsabban felismerj\u00e9k, \u00e9s megakad\u00e1lyozz\u00e1k a terjed\u00e9s\u00fcket.<\/p>\n<h2>Mi\u00e9rt nem lehet bel\u00e9pni a szigetre?<\/h2>\n<p>A kutat\u00e1sok egy r\u00e9sze a legmagasabb biztons\u00e1gi szint\u0171 laborokban zajlik. Az \u00fagynevezett BSL4 laborat\u00f3riumokban olyan v\u00edrusokat vizsg\u00e1lnak, amelyek ellen sokszor m\u00e9g nincs hat\u00e9kony kezel\u00e9s vagy vakcina.<\/p>\n<figure id=\"attachment_104312\" aria-describedby=\"caption-attachment-104312\" style=\"width: 755px\" class=\"wp-caption alignnone\"><img loading=\"lazy\" decoding=\"async\" class=\"size-article-size-large-image wp-image-104312\" src=\"https:\/\/www.startlap.hu\/utazas\/uploads\/sites\/3\/2026\/03\/nemetsziget_11zon-755x504.jpg\" alt=\"N\u00e9met sziget fel\u00fclr\u0151l\" width=\"755\" height=\"504\" srcset=\"https:\/\/www.startlap.hu\/utazas\/uploads\/sites\/3\/2026\/03\/nemetsziget_11zon-755x504.jpg 755w, https:\/\/www.startlap.hu\/utazas\/uploads\/sites\/3\/2026\/03\/nemetsziget_11zon-1536x1025.jpg 1536w, https:\/\/www.startlap.hu\/utazas\/uploads\/sites\/3\/2026\/03\/nemetsziget_11zon-524x350.jpg 524w, https:\/\/www.startlap.hu\/utazas\/uploads\/sites\/3\/2026\/03\/nemetsziget_11zon.jpg 1696w\" sizes=\"auto, (max-width: 755px) 100vw, 755px\" \/><figcaption id=\"caption-attachment-104312\" class=\"wp-caption-text\">Fot\u00f3: Getty Images<\/figcaption><\/figure>\n<p>A szigor\u00fa biztons\u00e1gi rendszer r\u00e9szei t\u00f6bbek k\u00f6z\u00f6tt:<\/p>\n<ul>\n<li>zsiliprendszerek \u00e9s fert\u0151tlen\u00edt\u0151 z\u00f3n\u00e1k<\/li>\n<li>speci\u00e1lis sz\u0171r\u0151berendez\u00e9sek<\/li>\n<li>folyamatosan ellen\u0151rz\u00f6tt l\u00e9gnyom\u00e1s<\/li>\n<li>teljes bel\u00e9ptet\u00e9si kontroll<\/li>\n<\/ul>\n<p>Ezek a szab\u00e1lyok garant\u00e1lj\u00e1k, hogy semmilyen vesz\u00e9lyes k\u00f3rokoz\u00f3 ne ker\u00fclhessen ki a laborokb\u00f3l. \u00c9ppen ez\u00e9rt a szigetre csak azok l\u00e9phetnek be, akiknek munk\u00e1juk miatt felt\u00e9tlen\u00fcl sz\u00fcks\u00e9ges.<\/p>\n<blockquote class=\"article__extraTxt\"><p>B\u00e1r a nagyk\u00f6z\u00f6ns\u00e9g nem l\u00e1togathatja a Riems-szigetet, az itt dolgoz\u00f3k munk\u00e1ja mindenkinek fontos.<\/p><\/blockquote>\n<p>A szigeten v\u00e9gzett kutat\u00e1sok seg\u00edtenek gyorsabban felismerni a j\u00e1rv\u00e1nyokat, fejleszteni a diagnosztikai m\u00f3dszereket \u00e9s megv\u00e9deni az \u00e1llat\u00e1llom\u00e1nyt. A kis, elz\u00e1rt sziget \u00edgy val\u00f3j\u00e1ban csendes v\u00e9d\u0151pajzsk\u00e9nt m\u0171k\u00f6dik, amely kulcsszerepet j\u00e1tszik a j\u00e1rv\u00e1nyok elleni k\u00fczdelemben.<\/p>\n<p><a href=\"https:\/\/www.baden24.de\/reise-freizeit\/freizeit\/verbotene-insel-deutschland-entdecken-riems-ostsee-94206390.html\" target=\"_blank\" target=\"_blank\" rel=\"noopener\">via<\/a><\/p>\n<div class=\"o-widget m-readMoreWidget -readMore u-shortDecorLineAfter row widget-container _ce_measure_widget bigdata-widget read-more\" data-ce-measure-widget=\"olvass tov\u00e1bb\">\n\t<div class=\"m-readMoreWidget__imgWrapper image-wrapper col-12 col-md-4 no-p\">\n\t\t<a class=\"m-readMoreWidget__imgLink\" href=\"https:\/\/www.startlap.hu\/utazas\/kolni-dom-turistak-belepodij\/\" >\n\t\t\t<img decoding=\"async\" src=\"https:\/\/www.startlap.hu\/utazas\/uploads\/sites\/3\/2026\/03\/koln_11zon-350x285.jpg\" class=\"m-readMoreWidget__img\">\n\t\t<\/a>\n\t<\/div>\n\t<div class=\"m-readMoreWidget__titleWrapper title-wrapper col-12 col-md-8\">\n\t\t<span class=\"m-readMoreWidget__titleLabel u-shortDecorLineBefore label hidden-sm-up\">Ez is \u00e9rdekelhet:<\/span>\n\t\t<h3 class=\"m-readMoreWidget__title title\">\n\t\t\t<a class=\"m-readMoreWidget__titleLink -secondFont u-bold u-upperCase\" href=\"https:\/\/www.startlap.hu\/utazas\/kolni-dom-turistak-belepodij\/\" >Bel\u00e9p\u0151d\u00edjas lesz a k\u00f6lni d\u00f3m: a turist\u00e1knak hamarosan fizetni\u00fck kell a l\u00e1togat\u00e1s\u00e9rt<\/a>\n\t\t<\/h3>\n\t\t<a class=\"m-readMoreWidget__btn -coloredBack u-tC link\" href=\"https:\/\/www.startlap.hu\/utazas\/kolni-dom-turistak-belepodij\/\" >Elolvasom<\/a>\n\t<\/div>\n<\/div>\n","protected":false},"excerpt":{"rendered":"<p>A Balti-tengeren van egy apr\u00f3 n\u00e9met sziget, ahov\u00e1 turist\u00e1k nem tehetik be a l\u00e1bukat. A hely annyira szigor\u00faan \u0151rz\u00f6tt, hogy csak n\u00e9h\u00e1ny kiv\u00e9tel l\u00e9tezik.<\/p>\n","protected":false},"author":64,"featured_media":104312,"comment_status":"closed","ping_status":"closed","sticky":false,"template":"","format":"standard","meta":{"footnotes":""},"categories":[70],"tags":[193,1403,2998],"class_list":["post-104311","post","type-post","status-publish","format-standard","has-post-thumbnail","hentry","category-vilag","tag-nemetorszag","tag-tudomany","tag-vakcina"],"aioseo_notices":[],"_links":{"self":[{"href":"https:\/\/www.startlap.hu\/utazas\/wp-json\/wp\/v2\/posts\/104311","targetHints":{"allow":["GET"]}}],"collection":[{"href":"https:\/\/www.startlap.hu\/utazas\/wp-json\/wp\/v2\/posts"}],"about":[{"href":"https:\/\/www.startlap.hu\/utazas\/wp-json\/wp\/v2\/types\/post"}],"author":[{"embeddable":true,"href":"https:\/\/www.startlap.hu\/utazas\/wp-json\/wp\/v2\/users\/64"}],"replies":[{"embeddable":true,"href":"https:\/\/www.startlap.hu\/utazas\/wp-json\/wp\/v2\/comments?post=104311"}],"version-history":[{"count":4,"href":"https:\/\/www.startlap.hu\/utazas\/wp-json\/wp\/v2\/posts\/104311\/revisions"}],"predecessor-version":[{"id":104335,"href":"https:\/\/www.startlap.hu\/utazas\/wp-json\/wp\/v2\/posts\/104311\/revisions\/104335"}],"wp:featuredmedia":[{"embeddable":true,"href":"https:\/\/www.startlap.hu\/utazas\/wp-json\/wp\/v2\/media\/104312"}],"wp:attachment":[{"href":"https:\/\/www.startlap.hu\/utazas\/wp-json\/wp\/v2\/media?parent=104311"}],"wp:term":[{"taxonomy":"category","embeddable":true,"href":"https:\/\/www.startlap.hu\/utazas\/wp-json\/wp\/v2\/categories?post=104311"},{"taxonomy":"post_tag","embeddable":true,"href":"https:\/\/www.startlap.hu\/utazas\/wp-json\/wp\/v2\/tags?post=104311"}],"curies":[{"name":"wp","href":"https:\/\/api.w.org\/{rel}","templated":true}]}}