{"id":104290,"date":"2026-03-14T08:03:00","date_gmt":"2026-03-14T07:03:00","guid":{"rendered":"https:\/\/www.startlap.hu\/utazas\/?p=104290"},"modified":"2026-03-11T14:02:04","modified_gmt":"2026-03-11T13:02:04","slug":"tulertekelt-latvanyossagok-koppenhaga-parizs-izland","status":"publish","type":"post","link":"https:\/\/www.startlap.hu\/utazas\/tulertekelt-latvanyossagok-koppenhaga-parizs-izland\/","title":{"rendered":"Bakancslist\u00e1s csal\u00f3d\u00e1sok: k\u00e9peken a vil\u00e1g 9 legink\u00e1bb t\u00fal\u00e9rt\u00e9kelt l\u00e1tv\u00e1nyoss\u00e1ga"},"content":{"rendered":"<p>Az <a href=\"https:\/\/www.startlap.hu\/utazas\/franciaorszag-parizs-eiffel-torony-lebontas-alhir\/\" target=\"_blank\" rel=\"noopener\">Eiffel-torony<\/a>, a K\u00e9k Lag\u00fana vagy a Times Square: ezek milli\u00f3k \u00e1lom \u00fatic\u00e9ljai. Egy friss rangsor szerint azonban t\u00f6bb ink\u00e1bb csal\u00f3d\u00e1st okoz, mutatjuk, melyikek ezek.<\/p>\n\n\t<div id=\"cegPostCnt_1\" class=\"o-cegPostCnt -inContent\" data-title=\"Bakancslist\u00e1s csal\u00f3d\u00e1sok: k\u00e9peken a vil\u00e1g 9 legink\u00e1bb t\u00fal\u00e9rt\u00e9kelt l\u00e1tv\u00e1nyoss\u00e1ga\">\n\t\t<a class=\"o-cegPostCnt__opener m-cegOpener _ce_measure_widget _ce_measure_link\" data-ce-measure-widget=\"gallery-open\"\n   href=\"?gallery=1\/1\/london-eye_11zon\">\n\t<img decoding=\"async\" src=\"https:\/\/www.startlap.hu\/utazas\/uploads\/sites\/3\/2026\/03\/london-eye_11zon.jpg\" class=\"m-cegOpener__image\" alt=\"London Eye\" sizes=\"(max-width: 991px) 100vw, (max-width: 1039px) 66vw, 684px\" srcset=\"https:\/\/www.startlap.hu\/utazas\/uploads\/sites\/3\/2026\/03\/london-eye_11zon.jpg 1696w, https:\/\/www.startlap.hu\/utazas\/uploads\/sites\/3\/2026\/03\/london-eye_11zon-1536x1024.jpg 1536w, https:\/\/www.startlap.hu\/utazas\/uploads\/sites\/3\/2026\/03\/london-eye_11zon-755x503.jpg 755w, https:\/\/www.startlap.hu\/utazas\/uploads\/sites\/3\/2026\/03\/london-eye_11zon-525x350.jpg 525w\" \/>\t<div class=\"m-cegOpener__btn\"><i class=\"far fa-clone\"><\/i><\/div>\n<\/a>\n<div class=\"o-cegPostCnt__layer m-cegLayer _ce_measure_widget\" data-ce-measure-widget=\"gallery-layer\" style=\"display: none\">\n\t<div class=\"m-cegLayer__top m-cegHeader _ce_measure_widget\" data-ce-measure-widget=\"gallery-header\">\n\t\t\t\t\t<span class=\"m-cegHeader__logo\"><span class=\"a-cegLogo\"><\/span><\/span>\n\t\t\t\t<div class=\"m-cegHeader__imgCnt\">\n\t\t\t<img decoding=\"async\" src=\"https:\/\/www.startlap.hu\/utazas\/uploads\/sites\/3\/2026\/03\/london-eye_11zon.jpg\" class=\"m-cegHeader__imgOpener\" alt=\"London Eye\" \/>\t\t<\/div>\n\t\t<h2 class=\"m-cegHeader__title a-cegGalleryTitle\"><i class=\"fa fa-angle-left\"><\/i>Bakancslist\u00e1s csal\u00f3d\u00e1sok: k\u00e9peken a vil\u00e1g 9 legink\u00e1bb t\u00fal\u00e9rt\u00e9kelt l\u00e1tv\u00e1nyoss\u00e1ga<\/h2>\n\t\t<div class=\"m-cegHeader__pagination a-cegPagination\"><\/div>\n\t\t<div class=\"m-cegHeader__closeBtn close-button nlc-icon-close _ce_measure_link _ce_measure_widget\" data-ce-measure-widget=\"gallery-close-btn\"><i class=\"fa fa-times\" aria-hidden=\"true\"><\/i><\/div>\n\t<\/div>\n\t<div class=\"m-cegLayer__screen\">\n\t\t<div class=\"m-cegLayer__carousel m-cegCarousel\">\n\t\t\t\t\t\t\t\n\t\t\t\t<div\n\t\t\t\t\tclass=\"m-cegCarousel__item\"\n\t\t\t\t\tdata-type=\"image\"\n\t\t\t\t\tdata-id=\"1\/1\/london-eye_11zon\"\n\t\t\t\t\tdata-image-url=\"https:\/\/www.startlap.hu\/utazas\/uploads\/sites\/3\/2026\/03\/london-eye_11zon.jpg\"\n\t\t\t\t\tdata-title=\"london eye_11zon\"\n\t\t\t\t\tdata-desc=\"9. hely: London Eye, London, Egyes\u00fclt Kir\u00e1lys\u00e1g\nEur\u00f3pa m\u00e1sodik legmagasabb \u00f3ri\u00e1skereke az angol f\u0151v\u00e1rosban, Londonban tal\u00e1lhat\u00f3. A London Eye 135 m\u00e9ter magas, \u00e9s modern kapszul\u00e1ib\u00f3l p\u00e1ratlan kil\u00e1t\u00e1s ny\u00edlik a brit f\u0151v\u00e1rosra. Elm\u00e9letben ez egy olyan \u00e9lm\u00e9ny, amelyet egy londoni utaz\u00e1s sor\u00e1n v\u00e9tek lenne kihagyni. A gyakorlat azonban sok l\u00e1togat\u00f3t kij\u00f3zan\u00edt: a k\u00f6r v\u00e9g\u00e9re sokan legink\u00e1bb csal\u00f3dottak \u2013 \u00e9s nagyj\u00e1b\u00f3l 40 eur\u00f3val szeg\u00e9nyebbek.\n\">\n\n\t\t\t\t\t<!-- image -->\n\t\t\t\t\t<div class=\"m-cegCarousel__floatingCnt\">\n\t\t\t\t\t\t<img decoding=\"async\" src=\"https:\/\/www.startlap.hu\/utazas\/uploads\/sites\/3\/2026\/03\/london-eye_11zon.jpg\" class=\"m-cegCarousel__image\" alt=\"London Eye\" \/>\t\t\t\t\t\t<span class=\"fa m-cegCarousel__zoom _ce_measure_link _ce_measure_widget\" data-ce-measure-widget=\"gallery-zoom-btn\"><\/span>\n\t\t\t\t\t<\/div>\n\n\t\t\t\t\t<!-- thumb icon \/ counter, caption  -->\n\t\t\t\t\t<div class=\"m-cegCarousel__captionCnt m-cegCaption\">\n\t\t\t\t\t\t<span class=\"m-cegCaption__thumbIcon a-cegThumbIcon _ce_measure_widget _ce_measure_link\"\n\t\t\t\t\t\t\t  data-ce-measure-widget=\"thumbnails-btn\"\n\t\t\t\t\t\t\t  data-ce-measure-widget=\"gallery-thumbnails\"><i class=\" fa fa-th-large\"><\/i><\/span>\n\t\t\t\t\t\t<span class=\"m-cegCaption__pagination a-cegPagination\">\n\t\t\t\t\t\t\t<span class=\"a-cegPagination__current\">1<\/span>\/12\t\t\t\t\t\t<\/span>\n\t\t\t\t\t\t<span class=\"m-cegCaption__caption\">london eye_11zon<\/span>\n\t\t\t\t\t<\/div>\n\n\t\t\t\t\t<!-- Image description -->\n\t\t\t\t\t<div class=\"m-cegCarousel__desc a-cegDesc\">9. hely: London Eye, London, Egyes\u00fclt Kir\u00e1lys\u00e1g\nEur\u00f3pa m\u00e1sodik legmagasabb \u00f3ri\u00e1skereke az angol f\u0151v\u00e1rosban, Londonban tal\u00e1lhat\u00f3. A London Eye 135 m\u00e9ter magas, \u00e9s modern kapszul\u00e1ib\u00f3l p\u00e1ratlan kil\u00e1t\u00e1s ny\u00edlik a brit f\u0151v\u00e1rosra. Elm\u00e9letben ez egy olyan \u00e9lm\u00e9ny, amelyet egy londoni utaz\u00e1s sor\u00e1n v\u00e9tek lenne kihagyni. A gyakorlat azonban sok l\u00e1togat\u00f3t kij\u00f3zan\u00edt: a k\u00f6r v\u00e9g\u00e9re sokan legink\u00e1bb csal\u00f3dottak \u2013 \u00e9s nagyj\u00e1b\u00f3l 40 eur\u00f3val szeg\u00e9nyebbek.\n<\/div>\n\n\t\t\t\t\t<!-- Image social share icons -->\n\t\t\t\t\t<div class=\"m-cegCarousel__socialCnt m-cegSocial\">\n\t\t\t\t\t\t<span class=\"m-cegSocial__text\">Fot\u00f3 megoszt\u00e1sa:<\/span><span class=\"m-cegSocial__iconWrap\"><span class=\"m-cegSocial__icon -facebook _ce_measure_link _ce_measure_widget\" data-ce-measure-widget=\"facebookGallery-btn\"><i class=\"fab fa-facebook-f\"><\/i><\/span><span class=\"m-cegSocial__icon -pinterest _ce_measure_link _ce_measure_widget\" data-ce-measure-widget=\"printeresGallery-btn\"><i class=\"fab fa-pinterest-p\"><\/i><\/span><span class=\"m-cegSocial__icon -email _ce_measure_link _ce_measure_widget\" data-ce-measure-widget=\"emailGallery-btn\"><i class=\"far fa-envelope\"><\/i><\/span><span class=\"m-cegSocial__icon -clipboard _ce_measure_link _ce_measure_widget\" data-ce-measure-widget=\"clipboardGallery-btn\"><i class=\"fa fa-link\"><\/i><\/span><\/span>\t\t\t\t\t<\/div>\n\t\t\t\t<\/div>\n\t\t\t\t\t\t\t\n\t\t\t\t<div\n\t\t\t\t\tclass=\"m-cegCarousel__item\"\n\t\t\t\t\tdata-type=\"image\"\n\t\t\t\t\tdata-id=\"1\/2\/hollywood_11zon\"\n\t\t\t\t\tdata-image-url=\"https:\/\/www.startlap.hu\/utazas\/uploads\/sites\/3\/2026\/03\/hollywood_11zon.jpg\"\n\t\t\t\t\tdata-title=\"hollywood_11zon\"\n\t\t\t\t\tdata-desc=\"8. hely: Hollywood Walk of Fame, Los Angeles, Egyes\u00fclt \u00c1llamok\nHollywood csillog\u00f3 vil\u00e1ga igazi turistam\u00e1gnes. Aki Los Angelesbe l\u00e1togat, szinte biztosan felveszi az \u00fatiterv\u00e9be a h\u00edres Walk of Fame-et is. A helysz\u00ednen azt\u00e1n a l\u00e1togat\u00f3k csillagr\u00f3l csillagra s\u00e9t\u00e1lnak \u2013 \u00e9s sokan r\u00e1\u00e9brednek, hogy valahogy izgalmasabbnak k\u00e9pzelt\u00e9k el a helyet. Legal\u00e1bbis erre utalnak a l\u00e1togat\u00f3i \u00e9rt\u00e9kel\u00e9sek: t\u00f6bben t\u00fal\u00e9rt\u00e9keltnek tartj\u00e1k a l\u00e1tv\u00e1nyoss\u00e1got.\n\">\n\n\t\t\t\t\t<!-- image -->\n\t\t\t\t\t<div class=\"m-cegCarousel__floatingCnt\">\n\t\t\t\t\t\t<img decoding=\"async\" src=\"https:\/\/www.startlap.hu\/utazas\/uploads\/sites\/3\/2026\/03\/hollywood_11zon.jpg\" class=\"m-cegCarousel__image\" alt=\"T\u00f6meg a walk of flamen\u00e9l\" \/>\t\t\t\t\t\t<span class=\"fa m-cegCarousel__zoom _ce_measure_link _ce_measure_widget\" data-ce-measure-widget=\"gallery-zoom-btn\"><\/span>\n\t\t\t\t\t<\/div>\n\n\t\t\t\t\t<!-- thumb icon \/ counter, caption  -->\n\t\t\t\t\t<div class=\"m-cegCarousel__captionCnt m-cegCaption\">\n\t\t\t\t\t\t<span class=\"m-cegCaption__thumbIcon a-cegThumbIcon _ce_measure_widget _ce_measure_link\"\n\t\t\t\t\t\t\t  data-ce-measure-widget=\"thumbnails-btn\"\n\t\t\t\t\t\t\t  data-ce-measure-widget=\"gallery-thumbnails\"><i class=\" fa fa-th-large\"><\/i><\/span>\n\t\t\t\t\t\t<span class=\"m-cegCaption__pagination a-cegPagination\">\n\t\t\t\t\t\t\t<span class=\"a-cegPagination__current\">2<\/span>\/12\t\t\t\t\t\t<\/span>\n\t\t\t\t\t\t<span class=\"m-cegCaption__caption\">hollywood_11zon<\/span>\n\t\t\t\t\t<\/div>\n\n\t\t\t\t\t<!-- Image description -->\n\t\t\t\t\t<div class=\"m-cegCarousel__desc a-cegDesc\">8. hely: Hollywood Walk of Fame, Los Angeles, Egyes\u00fclt \u00c1llamok\nHollywood csillog\u00f3 vil\u00e1ga igazi turistam\u00e1gnes. Aki Los Angelesbe l\u00e1togat, szinte biztosan felveszi az \u00fatiterv\u00e9be a h\u00edres Walk of Fame-et is. A helysz\u00ednen azt\u00e1n a l\u00e1togat\u00f3k csillagr\u00f3l csillagra s\u00e9t\u00e1lnak \u2013 \u00e9s sokan r\u00e1\u00e9brednek, hogy valahogy izgalmasabbnak k\u00e9pzelt\u00e9k el a helyet. Legal\u00e1bbis erre utalnak a l\u00e1togat\u00f3i \u00e9rt\u00e9kel\u00e9sek: t\u00f6bben t\u00fal\u00e9rt\u00e9keltnek tartj\u00e1k a l\u00e1tv\u00e1nyoss\u00e1got.\n<\/div>\n\n\t\t\t\t\t<!-- Image social share icons -->\n\t\t\t\t\t<div class=\"m-cegCarousel__socialCnt m-cegSocial\">\n\t\t\t\t\t\t<span class=\"m-cegSocial__text\">Fot\u00f3 megoszt\u00e1sa:<\/span><span class=\"m-cegSocial__iconWrap\"><span class=\"m-cegSocial__icon -facebook _ce_measure_link _ce_measure_widget\" data-ce-measure-widget=\"facebookGallery-btn\"><i class=\"fab fa-facebook-f\"><\/i><\/span><span class=\"m-cegSocial__icon -pinterest _ce_measure_link _ce_measure_widget\" data-ce-measure-widget=\"printeresGallery-btn\"><i class=\"fab fa-pinterest-p\"><\/i><\/span><span class=\"m-cegSocial__icon -email _ce_measure_link _ce_measure_widget\" data-ce-measure-widget=\"emailGallery-btn\"><i class=\"far fa-envelope\"><\/i><\/span><span class=\"m-cegSocial__icon -clipboard _ce_measure_link _ce_measure_widget\" data-ce-measure-widget=\"clipboardGallery-btn\"><i class=\"fa fa-link\"><\/i><\/span><\/span>\t\t\t\t\t<\/div>\n\t\t\t\t<\/div>\n\t\t\t\t\t\t\t\n\t\t\t\t<div\n\t\t\t\t\tclass=\"m-cegCarousel__item\"\n\t\t\t\t\tdata-type=\"image\"\n\t\t\t\t\tdata-id=\"1\/3\/keklaguna_11zon\"\n\t\t\t\t\tdata-image-url=\"https:\/\/www.startlap.hu\/utazas\/uploads\/sites\/3\/2026\/03\/keklaguna_11zon.jpg\"\n\t\t\t\t\tdata-title=\"keklaguna_11zon\"\n\t\t\t\t\tdata-desc=\"7. hely: K\u00e9k Lag\u00fana , Reykjav\u00edk, Izland\nA helyet gyakran a wellness \u00e9s a t\u00f6k\u00e9letes kikapcsol\u00f3d\u00e1s szinonim\u00e1jak\u00e9nt mutatj\u00e1k be. A val\u00f3s\u00e1gban azonban sokak szerint nem t\u00f6bb, mint \u00e9l\u00e9nk k\u00e9k sz\u00ednben vil\u00e1g\u00edt\u00f3 v\u00edz, \u00e9s sok turista.\">\n\n\t\t\t\t\t<!-- image -->\n\t\t\t\t\t<div class=\"m-cegCarousel__floatingCnt\">\n\t\t\t\t\t\t<img decoding=\"async\" src=\"https:\/\/www.startlap.hu\/utazas\/uploads\/sites\/3\/2026\/03\/keklaguna_11zon.jpg\" class=\"m-cegCarousel__image\" alt=\"k\u00e9k lag\u00fana a magasb\u00f3l\" \/>\t\t\t\t\t\t<span class=\"fa m-cegCarousel__zoom _ce_measure_link _ce_measure_widget\" data-ce-measure-widget=\"gallery-zoom-btn\"><\/span>\n\t\t\t\t\t<\/div>\n\n\t\t\t\t\t<!-- thumb icon \/ counter, caption  -->\n\t\t\t\t\t<div class=\"m-cegCarousel__captionCnt m-cegCaption\">\n\t\t\t\t\t\t<span class=\"m-cegCaption__thumbIcon a-cegThumbIcon _ce_measure_widget _ce_measure_link\"\n\t\t\t\t\t\t\t  data-ce-measure-widget=\"thumbnails-btn\"\n\t\t\t\t\t\t\t  data-ce-measure-widget=\"gallery-thumbnails\"><i class=\" fa fa-th-large\"><\/i><\/span>\n\t\t\t\t\t\t<span class=\"m-cegCaption__pagination a-cegPagination\">\n\t\t\t\t\t\t\t<span class=\"a-cegPagination__current\">3<\/span>\/12\t\t\t\t\t\t<\/span>\n\t\t\t\t\t\t<span class=\"m-cegCaption__caption\">keklaguna_11zon<\/span>\n\t\t\t\t\t<\/div>\n\n\t\t\t\t\t<!-- Image description -->\n\t\t\t\t\t<div class=\"m-cegCarousel__desc a-cegDesc\">7. hely: K\u00e9k Lag\u00fana , Reykjav\u00edk, Izland\nA helyet gyakran a wellness \u00e9s a t\u00f6k\u00e9letes kikapcsol\u00f3d\u00e1s szinonim\u00e1jak\u00e9nt mutatj\u00e1k be. A val\u00f3s\u00e1gban azonban sokak szerint nem t\u00f6bb, mint \u00e9l\u00e9nk k\u00e9k sz\u00ednben vil\u00e1g\u00edt\u00f3 v\u00edz, \u00e9s sok turista.<\/div>\n\n\t\t\t\t\t<!-- Image social share icons -->\n\t\t\t\t\t<div class=\"m-cegCarousel__socialCnt m-cegSocial\">\n\t\t\t\t\t\t<span class=\"m-cegSocial__text\">Fot\u00f3 megoszt\u00e1sa:<\/span><span class=\"m-cegSocial__iconWrap\"><span class=\"m-cegSocial__icon -facebook _ce_measure_link _ce_measure_widget\" data-ce-measure-widget=\"facebookGallery-btn\"><i class=\"fab fa-facebook-f\"><\/i><\/span><span class=\"m-cegSocial__icon -pinterest _ce_measure_link _ce_measure_widget\" data-ce-measure-widget=\"printeresGallery-btn\"><i class=\"fab fa-pinterest-p\"><\/i><\/span><span class=\"m-cegSocial__icon -email _ce_measure_link _ce_measure_widget\" data-ce-measure-widget=\"emailGallery-btn\"><i class=\"far fa-envelope\"><\/i><\/span><span class=\"m-cegSocial__icon -clipboard _ce_measure_link _ce_measure_widget\" data-ce-measure-widget=\"clipboardGallery-btn\"><i class=\"fa fa-link\"><\/i><\/span><\/span>\t\t\t\t\t<\/div>\n\t\t\t\t<\/div>\n\t\t\t\t\t\t\t\t\t\t\t\t<div\n\t\t\t\t\t\tclass=\"m-cegCarousel__item -banner\"\n\t\t\t\t\t\tdata-type=\"banner\"\n\t\t\t\t\t\tdata-id=\"1\/4\/banner\"\n\t\t\t\t\t\tdata-image-url=\"\"\n\t\t\t\t\t\tdata-title=\"\"\n\t\t\t\t\t\tdata-desc=\"\">\n\n\t\t\t\t\t\t<div class=\"m-cegCarousel__floatingCnt banner-container gallery-content010\"><\/div>\n\n\t\t\t\t\t<\/div>\n\t\t\t\t\t\t\t\t\t\n\t\t\t\t<div\n\t\t\t\t\tclass=\"m-cegCarousel__item\"\n\t\t\t\t\tdata-type=\"image\"\n\t\t\t\t\tdata-id=\"1\/5\/manneken_11zon\"\n\t\t\t\t\tdata-image-url=\"https:\/\/www.startlap.hu\/utazas\/uploads\/sites\/3\/2026\/03\/manneken_11zon.jpg\"\n\t\t\t\t\tdata-title=\"manneken_11zon\"\n\t\t\t\t\tdata-desc=\"6. hely: Manneken Pis, Br\u00fcsszel, Belgium\nEgy meztelen kisfi\u00fa, aki egy sz\u00f6k\u0151k\u00fatba pisil \u2013 els\u0151 hall\u00e1sra nem t\u0171nik k\u00fcl\u00f6n\u00f6sebben l\u00e1tv\u00e1nyosnak. Ennek ellen\u00e9re a br\u00fcsszeli Manneken Pis Belgium f\u0151v\u00e1ros\u00e1nak egyik legismertebb jelk\u00e9pe. A szobor ma m\u00e1r a sz\u00f3l\u00e1sszabads\u00e1g, az ellen\u00e1ll\u00e1s \u00e9s a demokratikus \u00e9rt\u00e9kek szimb\u00f3lum\u00e1nak sz\u00e1m\u00edt. Mindez azonban nem akad\u00e1lyozza meg, hogy sok turista csal\u00f3dottan t\u00e1vozzon \u2013 hiszen v\u00e9gs\u0151 soron m\u00e9giscsak egy apr\u00f3, pisil\u0151 kisfi\u00fat l\u00e1tnak.\n\">\n\n\t\t\t\t\t<!-- image -->\n\t\t\t\t\t<div class=\"m-cegCarousel__floatingCnt\">\n\t\t\t\t\t\t<img decoding=\"async\" src=\"https:\/\/www.startlap.hu\/utazas\/uploads\/sites\/3\/2026\/03\/manneken_11zon.jpg\" class=\"m-cegCarousel__image\" alt=\"Pisil\u0151 kisfi\u00fa szobrot fot\u00f3z\u00f3 sapk\u00e1s n\u0151\" \/>\t\t\t\t\t\t<span class=\"fa m-cegCarousel__zoom _ce_measure_link _ce_measure_widget\" data-ce-measure-widget=\"gallery-zoom-btn\"><\/span>\n\t\t\t\t\t<\/div>\n\n\t\t\t\t\t<!-- thumb icon \/ counter, caption  -->\n\t\t\t\t\t<div class=\"m-cegCarousel__captionCnt m-cegCaption\">\n\t\t\t\t\t\t<span class=\"m-cegCaption__thumbIcon a-cegThumbIcon _ce_measure_widget _ce_measure_link\"\n\t\t\t\t\t\t\t  data-ce-measure-widget=\"thumbnails-btn\"\n\t\t\t\t\t\t\t  data-ce-measure-widget=\"gallery-thumbnails\"><i class=\" fa fa-th-large\"><\/i><\/span>\n\t\t\t\t\t\t<span class=\"m-cegCaption__pagination a-cegPagination\">\n\t\t\t\t\t\t\t<span class=\"a-cegPagination__current\">5<\/span>\/12\t\t\t\t\t\t<\/span>\n\t\t\t\t\t\t<span class=\"m-cegCaption__caption\">manneken_11zon<\/span>\n\t\t\t\t\t<\/div>\n\n\t\t\t\t\t<!-- Image description -->\n\t\t\t\t\t<div class=\"m-cegCarousel__desc a-cegDesc\">6. hely: Manneken Pis, Br\u00fcsszel, Belgium\nEgy meztelen kisfi\u00fa, aki egy sz\u00f6k\u0151k\u00fatba pisil \u2013 els\u0151 hall\u00e1sra nem t\u0171nik k\u00fcl\u00f6n\u00f6sebben l\u00e1tv\u00e1nyosnak. Ennek ellen\u00e9re a br\u00fcsszeli Manneken Pis Belgium f\u0151v\u00e1ros\u00e1nak egyik legismertebb jelk\u00e9pe. A szobor ma m\u00e1r a sz\u00f3l\u00e1sszabads\u00e1g, az ellen\u00e1ll\u00e1s \u00e9s a demokratikus \u00e9rt\u00e9kek szimb\u00f3lum\u00e1nak sz\u00e1m\u00edt. Mindez azonban nem akad\u00e1lyozza meg, hogy sok turista csal\u00f3dottan t\u00e1vozzon \u2013 hiszen v\u00e9gs\u0151 soron m\u00e9giscsak egy apr\u00f3, pisil\u0151 kisfi\u00fat l\u00e1tnak.\n<\/div>\n\n\t\t\t\t\t<!-- Image social share icons -->\n\t\t\t\t\t<div class=\"m-cegCarousel__socialCnt m-cegSocial\">\n\t\t\t\t\t\t<span class=\"m-cegSocial__text\">Fot\u00f3 megoszt\u00e1sa:<\/span><span class=\"m-cegSocial__iconWrap\"><span class=\"m-cegSocial__icon -facebook _ce_measure_link _ce_measure_widget\" data-ce-measure-widget=\"facebookGallery-btn\"><i class=\"fab fa-facebook-f\"><\/i><\/span><span class=\"m-cegSocial__icon -pinterest _ce_measure_link _ce_measure_widget\" data-ce-measure-widget=\"printeresGallery-btn\"><i class=\"fab fa-pinterest-p\"><\/i><\/span><span class=\"m-cegSocial__icon -email _ce_measure_link _ce_measure_widget\" data-ce-measure-widget=\"emailGallery-btn\"><i class=\"far fa-envelope\"><\/i><\/span><span class=\"m-cegSocial__icon -clipboard _ce_measure_link _ce_measure_widget\" data-ce-measure-widget=\"clipboardGallery-btn\"><i class=\"fa fa-link\"><\/i><\/span><\/span>\t\t\t\t\t<\/div>\n\t\t\t\t<\/div>\n\t\t\t\t\t\t\t\n\t\t\t\t<div\n\t\t\t\t\tclass=\"m-cegCarousel__item\"\n\t\t\t\t\tdata-type=\"image\"\n\t\t\t\t\tdata-id=\"1\/6\/lasramblas_11zon\"\n\t\t\t\t\tdata-image-url=\"https:\/\/www.startlap.hu\/utazas\/uploads\/sites\/3\/2026\/03\/lasramblas_11zon.jpg\"\n\t\t\t\t\tdata-title=\"lasramblas_11zon\"\n\t\t\t\t\tdata-desc=\"5. hely: Las Ramblas, Barcelona, Spanyolorsz\u00e1g\nBarcelona h\u00edres \u00e9s h\u00edrhedt s\u00e9t\u00e1l\u00f3utc\u00e1ja, a Las Ramblas rendszeresen turist\u00e1k \u00e9s helyiek t\u00f6megeit vonzza. Az emberek az utc\u00e1kon s\u00e9t\u00e1lnak, \u00e9ttermekben k\u00f3stolj\u00e1k a helyi fog\u00e1sokat, \u00e9s \u00e9lvezik a pezsg\u0151 nagyv\u00e1rosi hangulatot. Nem minden l\u00e1togat\u00f3 sz\u00e1m\u00e1ra ennyire vonz\u00f3 a hely: n\u00e9h\u00e1ny turista szerint a l\u00e1togat\u00e1s ink\u00e1bb \u201enyomaszt\u00f3 \u00e9s f\u00e1raszt\u00f3\u201d \u00e9lm\u00e9ny, mert t\u00f6bbet v\u00e1rtak t\u0151le.\n\">\n\n\t\t\t\t\t<!-- image -->\n\t\t\t\t\t<div class=\"m-cegCarousel__floatingCnt\">\n\t\t\t\t\t\t<img decoding=\"async\" src=\"https:\/\/www.startlap.hu\/utazas\/uploads\/sites\/3\/2026\/03\/lasramblas_11zon.jpg\" class=\"m-cegCarousel__image\" alt=\"Barcelona h\u00edres s\u00e9t\u00e1l\u00f3utc\u00e1ja j\u00f3 sok emberrel\" \/>\t\t\t\t\t\t<span class=\"fa m-cegCarousel__zoom _ce_measure_link _ce_measure_widget\" data-ce-measure-widget=\"gallery-zoom-btn\"><\/span>\n\t\t\t\t\t<\/div>\n\n\t\t\t\t\t<!-- thumb icon \/ counter, caption  -->\n\t\t\t\t\t<div class=\"m-cegCarousel__captionCnt m-cegCaption\">\n\t\t\t\t\t\t<span class=\"m-cegCaption__thumbIcon a-cegThumbIcon _ce_measure_widget _ce_measure_link\"\n\t\t\t\t\t\t\t  data-ce-measure-widget=\"thumbnails-btn\"\n\t\t\t\t\t\t\t  data-ce-measure-widget=\"gallery-thumbnails\"><i class=\" fa fa-th-large\"><\/i><\/span>\n\t\t\t\t\t\t<span class=\"m-cegCaption__pagination a-cegPagination\">\n\t\t\t\t\t\t\t<span class=\"a-cegPagination__current\">6<\/span>\/12\t\t\t\t\t\t<\/span>\n\t\t\t\t\t\t<span class=\"m-cegCaption__caption\">lasramblas_11zon<\/span>\n\t\t\t\t\t<\/div>\n\n\t\t\t\t\t<!-- Image description -->\n\t\t\t\t\t<div class=\"m-cegCarousel__desc a-cegDesc\">5. hely: Las Ramblas, Barcelona, Spanyolorsz\u00e1g\nBarcelona h\u00edres \u00e9s h\u00edrhedt s\u00e9t\u00e1l\u00f3utc\u00e1ja, a Las Ramblas rendszeresen turist\u00e1k \u00e9s helyiek t\u00f6megeit vonzza. Az emberek az utc\u00e1kon s\u00e9t\u00e1lnak, \u00e9ttermekben k\u00f3stolj\u00e1k a helyi fog\u00e1sokat, \u00e9s \u00e9lvezik a pezsg\u0151 nagyv\u00e1rosi hangulatot. Nem minden l\u00e1togat\u00f3 sz\u00e1m\u00e1ra ennyire vonz\u00f3 a hely: n\u00e9h\u00e1ny turista szerint a l\u00e1togat\u00e1s ink\u00e1bb \u201enyomaszt\u00f3 \u00e9s f\u00e1raszt\u00f3\u201d \u00e9lm\u00e9ny, mert t\u00f6bbet v\u00e1rtak t\u0151le.\n<\/div>\n\n\t\t\t\t\t<!-- Image social share icons -->\n\t\t\t\t\t<div class=\"m-cegCarousel__socialCnt m-cegSocial\">\n\t\t\t\t\t\t<span class=\"m-cegSocial__text\">Fot\u00f3 megoszt\u00e1sa:<\/span><span class=\"m-cegSocial__iconWrap\"><span class=\"m-cegSocial__icon -facebook _ce_measure_link _ce_measure_widget\" data-ce-measure-widget=\"facebookGallery-btn\"><i class=\"fab fa-facebook-f\"><\/i><\/span><span class=\"m-cegSocial__icon -pinterest _ce_measure_link _ce_measure_widget\" data-ce-measure-widget=\"printeresGallery-btn\"><i class=\"fab fa-pinterest-p\"><\/i><\/span><span class=\"m-cegSocial__icon -email _ce_measure_link _ce_measure_widget\" data-ce-measure-widget=\"emailGallery-btn\"><i class=\"far fa-envelope\"><\/i><\/span><span class=\"m-cegSocial__icon -clipboard _ce_measure_link _ce_measure_widget\" data-ce-measure-widget=\"clipboardGallery-btn\"><i class=\"fa fa-link\"><\/i><\/span><\/span>\t\t\t\t\t<\/div>\n\t\t\t\t<\/div>\n\t\t\t\t\t\t\t\n\t\t\t\t<div\n\t\t\t\t\tclass=\"m-cegCarousel__item\"\n\t\t\t\t\tdata-type=\"image\"\n\t\t\t\t\tdata-id=\"1\/7\/hableany_11zon\"\n\t\t\t\t\tdata-image-url=\"https:\/\/www.startlap.hu\/utazas\/uploads\/sites\/3\/2026\/03\/hableany_11zon.jpg\"\n\t\t\t\t\tdata-title=\"hableany_11zon\"\n\t\t\t\t\tdata-desc=\"4. hely: A kis hable\u00e1ny, Koppenh\u00e1ga, D\u00e1nia\nA kis hable\u00e1ny t\u00f6rt\u00e9nete nemcsak a moziv\u00e1sznon var\u00e1zsolja el a n\u00e9z\u0151ket, hanem a r\u00f3la k\u00e9sz\u00fclt szobor is rengeteg l\u00e1togat\u00f3t vonz a d\u00e1n f\u0151v\u00e1rosba. A szobor m\u00e1r t\u00f6bb mint sz\u00e1z \u00e9ve \u00e1ll a kik\u00f6t\u0151 partj\u00e1n, m\u00e9gsem v\u00e1lt ki mindenkin\u00e9l lelkesed\u00e9st. A l\u00e1togat\u00f3i \u00e9rt\u00e9kel\u00e9sek k\u00f6z\u00f6tt sz\u00e1mos csal\u00f3dott v\u00e9lem\u00e9ny is olvashat\u00f3: sokan t\u00fal kicsinek tartj\u00e1k, \u00e9s a k\u00f6rnyezet\u00e9t is t\u00fal\u00e9rt\u00e9keltnek gondolj\u00e1k. Kis vigasz viszont, hogy a szoborhoz vezet\u0151 s\u00e9ta sokak szerint kifejezetten kellemes.\n\">\n\n\t\t\t\t\t<!-- image -->\n\t\t\t\t\t<div class=\"m-cegCarousel__floatingCnt\">\n\t\t\t\t\t\t<img decoding=\"async\" src=\"https:\/\/www.startlap.hu\/utazas\/uploads\/sites\/3\/2026\/03\/hableany_11zon.jpg\" class=\"m-cegCarousel__image\" alt=\"Kis hable\u00e1ny szobor egy szikl\u00e1n Koppenh\u00e1g\u00e1ban\" \/>\t\t\t\t\t\t<span class=\"fa m-cegCarousel__zoom _ce_measure_link _ce_measure_widget\" data-ce-measure-widget=\"gallery-zoom-btn\"><\/span>\n\t\t\t\t\t<\/div>\n\n\t\t\t\t\t<!-- thumb icon \/ counter, caption  -->\n\t\t\t\t\t<div class=\"m-cegCarousel__captionCnt m-cegCaption\">\n\t\t\t\t\t\t<span class=\"m-cegCaption__thumbIcon a-cegThumbIcon _ce_measure_widget _ce_measure_link\"\n\t\t\t\t\t\t\t  data-ce-measure-widget=\"thumbnails-btn\"\n\t\t\t\t\t\t\t  data-ce-measure-widget=\"gallery-thumbnails\"><i class=\" fa fa-th-large\"><\/i><\/span>\n\t\t\t\t\t\t<span class=\"m-cegCaption__pagination a-cegPagination\">\n\t\t\t\t\t\t\t<span class=\"a-cegPagination__current\">7<\/span>\/12\t\t\t\t\t\t<\/span>\n\t\t\t\t\t\t<span class=\"m-cegCaption__caption\">hableany_11zon<\/span>\n\t\t\t\t\t<\/div>\n\n\t\t\t\t\t<!-- Image description -->\n\t\t\t\t\t<div class=\"m-cegCarousel__desc a-cegDesc\">4. hely: A kis hable\u00e1ny, Koppenh\u00e1ga, D\u00e1nia\nA kis hable\u00e1ny t\u00f6rt\u00e9nete nemcsak a moziv\u00e1sznon var\u00e1zsolja el a n\u00e9z\u0151ket, hanem a r\u00f3la k\u00e9sz\u00fclt szobor is rengeteg l\u00e1togat\u00f3t vonz a d\u00e1n f\u0151v\u00e1rosba. A szobor m\u00e1r t\u00f6bb mint sz\u00e1z \u00e9ve \u00e1ll a kik\u00f6t\u0151 partj\u00e1n, m\u00e9gsem v\u00e1lt ki mindenkin\u00e9l lelkesed\u00e9st. A l\u00e1togat\u00f3i \u00e9rt\u00e9kel\u00e9sek k\u00f6z\u00f6tt sz\u00e1mos csal\u00f3dott v\u00e9lem\u00e9ny is olvashat\u00f3: sokan t\u00fal kicsinek tartj\u00e1k, \u00e9s a k\u00f6rnyezet\u00e9t is t\u00fal\u00e9rt\u00e9keltnek gondolj\u00e1k. Kis vigasz viszont, hogy a szoborhoz vezet\u0151 s\u00e9ta sokak szerint kifejezetten kellemes.\n<\/div>\n\n\t\t\t\t\t<!-- Image social share icons -->\n\t\t\t\t\t<div class=\"m-cegCarousel__socialCnt m-cegSocial\">\n\t\t\t\t\t\t<span class=\"m-cegSocial__text\">Fot\u00f3 megoszt\u00e1sa:<\/span><span class=\"m-cegSocial__iconWrap\"><span class=\"m-cegSocial__icon -facebook _ce_measure_link _ce_measure_widget\" data-ce-measure-widget=\"facebookGallery-btn\"><i class=\"fab fa-facebook-f\"><\/i><\/span><span class=\"m-cegSocial__icon -pinterest _ce_measure_link _ce_measure_widget\" data-ce-measure-widget=\"printeresGallery-btn\"><i class=\"fab fa-pinterest-p\"><\/i><\/span><span class=\"m-cegSocial__icon -email _ce_measure_link _ce_measure_widget\" data-ce-measure-widget=\"emailGallery-btn\"><i class=\"far fa-envelope\"><\/i><\/span><span class=\"m-cegSocial__icon -clipboard _ce_measure_link _ce_measure_widget\" data-ce-measure-widget=\"clipboardGallery-btn\"><i class=\"fa fa-link\"><\/i><\/span><\/span>\t\t\t\t\t<\/div>\n\t\t\t\t<\/div>\n\t\t\t\t\t\t\t\t\t\t\t\t<div\n\t\t\t\t\t\tclass=\"m-cegCarousel__item -banner\"\n\t\t\t\t\t\tdata-type=\"banner\"\n\t\t\t\t\t\tdata-id=\"1\/8\/banner\"\n\t\t\t\t\t\tdata-image-url=\"\"\n\t\t\t\t\t\tdata-title=\"\"\n\t\t\t\t\t\tdata-desc=\"\">\n\n\t\t\t\t\t\t<div class=\"m-cegCarousel__floatingCnt banner-container gallery-content020\"><\/div>\n\n\t\t\t\t\t<\/div>\n\t\t\t\t\t\t\t\t\t\n\t\t\t\t<div\n\t\t\t\t\tclass=\"m-cegCarousel__item\"\n\t\t\t\t\tdata-type=\"image\"\n\t\t\t\t\tdata-id=\"1\/9\/eiffel-3_11zon\"\n\t\t\t\t\tdata-image-url=\"https:\/\/www.startlap.hu\/utazas\/uploads\/sites\/3\/2026\/03\/eiffel-3_11zon.jpg\"\n\t\t\t\t\tdata-title=\"eiffel 3_11zon\"\n\t\t\t\t\tdata-desc=\"3. hely: Eiffel-torony , P\u00e1rizs, Franciaorsz\u00e1g\n\u201eNem \u00e9ri meg az id\u0151t \u00e9s a f\u00e1rads\u00e1got.\u201d \u2013 \u00edgy fogalmazott egy l\u00e1togat\u00f3 az \u00e9rt\u00e9kel\u00e9sek k\u00f6z\u00f6tt az Eiffel-torony kapcs\u00e1n. \u00dagy t\u0171nik, a szerelem v\u00e1ros\u00e1nak vil\u00e1gh\u00edr\u0171 jelk\u00e9pe sem minden turist\u00e1t ny\u0171g\u00f6z le. S\u0151t, az internetes v\u00e9lem\u00e9nyek szerint sokan kifejezetten csal\u00f3dottan t\u00e1voznak. A leggyakoribb kritika a hossz\u00fa sorban \u00e1ll\u00e1s, mik\u00f6zben a torony l\u00e1tv\u00e1ny\u00e1t a v\u00e1ros sz\u00e1mos m\u00e1s pontj\u00e1r\u00f3l is meg lehet csod\u00e1lni.\n\">\n\n\t\t\t\t\t<!-- image -->\n\t\t\t\t\t<div class=\"m-cegCarousel__floatingCnt\">\n\t\t\t\t\t\t<img decoding=\"async\" src=\"https:\/\/www.startlap.hu\/utazas\/uploads\/sites\/3\/2026\/03\/eiffel-3_11zon.jpg\" class=\"m-cegCarousel__image\" alt=\"Eiffel torony\" \/>\t\t\t\t\t\t<span class=\"fa m-cegCarousel__zoom _ce_measure_link _ce_measure_widget\" data-ce-measure-widget=\"gallery-zoom-btn\"><\/span>\n\t\t\t\t\t<\/div>\n\n\t\t\t\t\t<!-- thumb icon \/ counter, caption  -->\n\t\t\t\t\t<div class=\"m-cegCarousel__captionCnt m-cegCaption\">\n\t\t\t\t\t\t<span class=\"m-cegCaption__thumbIcon a-cegThumbIcon _ce_measure_widget _ce_measure_link\"\n\t\t\t\t\t\t\t  data-ce-measure-widget=\"thumbnails-btn\"\n\t\t\t\t\t\t\t  data-ce-measure-widget=\"gallery-thumbnails\"><i class=\" fa fa-th-large\"><\/i><\/span>\n\t\t\t\t\t\t<span class=\"m-cegCaption__pagination a-cegPagination\">\n\t\t\t\t\t\t\t<span class=\"a-cegPagination__current\">9<\/span>\/12\t\t\t\t\t\t<\/span>\n\t\t\t\t\t\t<span class=\"m-cegCaption__caption\">eiffel 3_11zon<\/span>\n\t\t\t\t\t<\/div>\n\n\t\t\t\t\t<!-- Image description -->\n\t\t\t\t\t<div class=\"m-cegCarousel__desc a-cegDesc\">3. hely: Eiffel-torony , P\u00e1rizs, Franciaorsz\u00e1g\n\u201eNem \u00e9ri meg az id\u0151t \u00e9s a f\u00e1rads\u00e1got.\u201d \u2013 \u00edgy fogalmazott egy l\u00e1togat\u00f3 az \u00e9rt\u00e9kel\u00e9sek k\u00f6z\u00f6tt az Eiffel-torony kapcs\u00e1n. \u00dagy t\u0171nik, a szerelem v\u00e1ros\u00e1nak vil\u00e1gh\u00edr\u0171 jelk\u00e9pe sem minden turist\u00e1t ny\u0171g\u00f6z le. S\u0151t, az internetes v\u00e9lem\u00e9nyek szerint sokan kifejezetten csal\u00f3dottan t\u00e1voznak. A leggyakoribb kritika a hossz\u00fa sorban \u00e1ll\u00e1s, mik\u00f6zben a torony l\u00e1tv\u00e1ny\u00e1t a v\u00e1ros sz\u00e1mos m\u00e1s pontj\u00e1r\u00f3l is meg lehet csod\u00e1lni.\n<\/div>\n\n\t\t\t\t\t<!-- Image social share icons -->\n\t\t\t\t\t<div class=\"m-cegCarousel__socialCnt m-cegSocial\">\n\t\t\t\t\t\t<span class=\"m-cegSocial__text\">Fot\u00f3 megoszt\u00e1sa:<\/span><span class=\"m-cegSocial__iconWrap\"><span class=\"m-cegSocial__icon -facebook _ce_measure_link _ce_measure_widget\" data-ce-measure-widget=\"facebookGallery-btn\"><i class=\"fab fa-facebook-f\"><\/i><\/span><span class=\"m-cegSocial__icon -pinterest _ce_measure_link _ce_measure_widget\" data-ce-measure-widget=\"printeresGallery-btn\"><i class=\"fab fa-pinterest-p\"><\/i><\/span><span class=\"m-cegSocial__icon -email _ce_measure_link _ce_measure_widget\" data-ce-measure-widget=\"emailGallery-btn\"><i class=\"far fa-envelope\"><\/i><\/span><span class=\"m-cegSocial__icon -clipboard _ce_measure_link _ce_measure_widget\" data-ce-measure-widget=\"clipboardGallery-btn\"><i class=\"fa fa-link\"><\/i><\/span><\/span>\t\t\t\t\t<\/div>\n\t\t\t\t<\/div>\n\t\t\t\t\t\t\t\n\t\t\t\t<div\n\t\t\t\t\tclass=\"m-cegCarousel__item\"\n\t\t\t\t\tdata-type=\"image\"\n\t\t\t\t\tdata-id=\"1\/10\/checkpontcharlie_11zon\"\n\t\t\t\t\tdata-image-url=\"https:\/\/www.startlap.hu\/utazas\/uploads\/sites\/3\/2026\/03\/checkpontcharlie_11zon.jpg\"\n\t\t\t\t\tdata-title=\"checkpontcharlie_11zon\"\n\t\t\t\t\tdata-desc=\"2. hely: Checkpoint Charlie, Berlin, N\u00e9metorsz\u00e1g\nA berlini Checkpoint Charlie egy let\u0171nt korszak eml\u00e9ke: a hidegh\u00e1bor\u00fa idej\u00e9n ez volt az egyik legismertebb \u00e1tkel\u0151hely Kelet- \u00e9s Nyugat-Berlin k\u00f6z\u00f6tt. Nem meglep\u0151 teh\u00e1t, hogy nap mint nap turist\u00e1k t\u00f6megei keresik fel a t\u00f6rt\u00e9nelmi eml\u00e9khelyet. A probl\u00e9ma csak az, hogy sokan t\u00fal nagy elv\u00e1r\u00e1sokkal \u00e9rkeznek, \u00e9s v\u00e9g\u00fcl csal\u00f3dottan t\u00e1voznak. T\u00f6bb l\u00e1togat\u00f3t p\u00e9ld\u00e1ul meglep a helysz\u00edn m\u00e9rete: sokkal nagyobbnak k\u00e9pzelt\u00e9k.\n\">\n\n\t\t\t\t\t<!-- image -->\n\t\t\t\t\t<div class=\"m-cegCarousel__floatingCnt\">\n\t\t\t\t\t\t<img decoding=\"async\" src=\"https:\/\/www.startlap.hu\/utazas\/uploads\/sites\/3\/2026\/03\/checkpontcharlie_11zon.jpg\" class=\"m-cegCarousel__image\" alt=\"H\u00e1bor\u00fas eml\u00e9km\u0171 Berlinben\" \/>\t\t\t\t\t\t<span class=\"fa m-cegCarousel__zoom _ce_measure_link _ce_measure_widget\" data-ce-measure-widget=\"gallery-zoom-btn\"><\/span>\n\t\t\t\t\t<\/div>\n\n\t\t\t\t\t<!-- thumb icon \/ counter, caption  -->\n\t\t\t\t\t<div class=\"m-cegCarousel__captionCnt m-cegCaption\">\n\t\t\t\t\t\t<span class=\"m-cegCaption__thumbIcon a-cegThumbIcon _ce_measure_widget _ce_measure_link\"\n\t\t\t\t\t\t\t  data-ce-measure-widget=\"thumbnails-btn\"\n\t\t\t\t\t\t\t  data-ce-measure-widget=\"gallery-thumbnails\"><i class=\" fa fa-th-large\"><\/i><\/span>\n\t\t\t\t\t\t<span class=\"m-cegCaption__pagination a-cegPagination\">\n\t\t\t\t\t\t\t<span class=\"a-cegPagination__current\">10<\/span>\/12\t\t\t\t\t\t<\/span>\n\t\t\t\t\t\t<span class=\"m-cegCaption__caption\">checkpontcharlie_11zon<\/span>\n\t\t\t\t\t<\/div>\n\n\t\t\t\t\t<!-- Image description -->\n\t\t\t\t\t<div class=\"m-cegCarousel__desc a-cegDesc\">2. hely: Checkpoint Charlie, Berlin, N\u00e9metorsz\u00e1g\nA berlini Checkpoint Charlie egy let\u0171nt korszak eml\u00e9ke: a hidegh\u00e1bor\u00fa idej\u00e9n ez volt az egyik legismertebb \u00e1tkel\u0151hely Kelet- \u00e9s Nyugat-Berlin k\u00f6z\u00f6tt. Nem meglep\u0151 teh\u00e1t, hogy nap mint nap turist\u00e1k t\u00f6megei keresik fel a t\u00f6rt\u00e9nelmi eml\u00e9khelyet. A probl\u00e9ma csak az, hogy sokan t\u00fal nagy elv\u00e1r\u00e1sokkal \u00e9rkeznek, \u00e9s v\u00e9g\u00fcl csal\u00f3dottan t\u00e1voznak. T\u00f6bb l\u00e1togat\u00f3t p\u00e9ld\u00e1ul meglep a helysz\u00edn m\u00e9rete: sokkal nagyobbnak k\u00e9pzelt\u00e9k.\n<\/div>\n\n\t\t\t\t\t<!-- Image social share icons -->\n\t\t\t\t\t<div class=\"m-cegCarousel__socialCnt m-cegSocial\">\n\t\t\t\t\t\t<span class=\"m-cegSocial__text\">Fot\u00f3 megoszt\u00e1sa:<\/span><span class=\"m-cegSocial__iconWrap\"><span class=\"m-cegSocial__icon -facebook _ce_measure_link _ce_measure_widget\" data-ce-measure-widget=\"facebookGallery-btn\"><i class=\"fab fa-facebook-f\"><\/i><\/span><span class=\"m-cegSocial__icon -pinterest _ce_measure_link _ce_measure_widget\" data-ce-measure-widget=\"printeresGallery-btn\"><i class=\"fab fa-pinterest-p\"><\/i><\/span><span class=\"m-cegSocial__icon -email _ce_measure_link _ce_measure_widget\" data-ce-measure-widget=\"emailGallery-btn\"><i class=\"far fa-envelope\"><\/i><\/span><span class=\"m-cegSocial__icon -clipboard _ce_measure_link _ce_measure_widget\" data-ce-measure-widget=\"clipboardGallery-btn\"><i class=\"fa fa-link\"><\/i><\/span><\/span>\t\t\t\t\t<\/div>\n\t\t\t\t<\/div>\n\t\t\t\t\t\t\t\n\t\t\t\t<div\n\t\t\t\t\tclass=\"m-cegCarousel__item\"\n\t\t\t\t\tdata-type=\"image\"\n\t\t\t\t\tdata-id=\"1\/11\/timesquare_11zon\"\n\t\t\t\t\tdata-image-url=\"https:\/\/www.startlap.hu\/utazas\/uploads\/sites\/3\/2026\/03\/timesquare_11zon.jpg\"\n\t\t\t\t\tdata-title=\"timesquare_11zon\"\n\t\t\t\t\tdata-desc=\"1. hely: Times Square, New York, Egyes\u00fclt \u00c1llamok\nSokan \u00e1lmodnak arr\u00f3l, hogy egyszer v\u00e9gigs\u00e9t\u00e1lnak a New York-i Times Square-en, \u00e9s \u00e1t\u00e9lhetik a metropolisz ny\u00fczsg\u0151 hangulat\u00e1t. A helysz\u00ednen azonban gyakran csal\u00f3d\u00e1s v\u00e1rja a turist\u00e1kat. A k\u00fcl\u00f6nleges \u00e9lm\u00e9ny helyett sokan ink\u00e1bb a v\u00e1ros kaotikus forgalm\u00e1ban tal\u00e1lj\u00e1k magukat. Nem v\u00e9letlen, hogy a l\u00e1tv\u00e1nyoss\u00e1g k\u00fcl\u00f6n\u00f6sen sok negat\u00edv \u00e9rt\u00e9kel\u00e9st kapott: egyes l\u00e1togat\u00f3k \u201eunalmasnak\u201d, \u201episzkosnak\u201d \u00e9s er\u0151sen \u201et\u00fal\u00e9rt\u00e9keltnek\u201d nevezt\u00e9k.\n\">\n\n\t\t\t\t\t<!-- image -->\n\t\t\t\t\t<div class=\"m-cegCarousel__floatingCnt\">\n\t\t\t\t\t\t<img decoding=\"async\" src=\"https:\/\/www.startlap.hu\/utazas\/uploads\/sites\/3\/2026\/03\/timesquare_11zon.jpg\" class=\"m-cegCarousel__image\" alt=\"Times Square New Yorkban\" \/>\t\t\t\t\t\t<span class=\"fa m-cegCarousel__zoom _ce_measure_link _ce_measure_widget\" data-ce-measure-widget=\"gallery-zoom-btn\"><\/span>\n\t\t\t\t\t<\/div>\n\n\t\t\t\t\t<!-- thumb icon \/ counter, caption  -->\n\t\t\t\t\t<div class=\"m-cegCarousel__captionCnt m-cegCaption\">\n\t\t\t\t\t\t<span class=\"m-cegCaption__thumbIcon a-cegThumbIcon _ce_measure_widget _ce_measure_link\"\n\t\t\t\t\t\t\t  data-ce-measure-widget=\"thumbnails-btn\"\n\t\t\t\t\t\t\t  data-ce-measure-widget=\"gallery-thumbnails\"><i class=\" fa fa-th-large\"><\/i><\/span>\n\t\t\t\t\t\t<span class=\"m-cegCaption__pagination a-cegPagination\">\n\t\t\t\t\t\t\t<span class=\"a-cegPagination__current\">11<\/span>\/12\t\t\t\t\t\t<\/span>\n\t\t\t\t\t\t<span class=\"m-cegCaption__caption\">timesquare_11zon<\/span>\n\t\t\t\t\t<\/div>\n\n\t\t\t\t\t<!-- Image description -->\n\t\t\t\t\t<div class=\"m-cegCarousel__desc a-cegDesc\">1. hely: Times Square, New York, Egyes\u00fclt \u00c1llamok\nSokan \u00e1lmodnak arr\u00f3l, hogy egyszer v\u00e9gigs\u00e9t\u00e1lnak a New York-i Times Square-en, \u00e9s \u00e1t\u00e9lhetik a metropolisz ny\u00fczsg\u0151 hangulat\u00e1t. A helysz\u00ednen azonban gyakran csal\u00f3d\u00e1s v\u00e1rja a turist\u00e1kat. A k\u00fcl\u00f6nleges \u00e9lm\u00e9ny helyett sokan ink\u00e1bb a v\u00e1ros kaotikus forgalm\u00e1ban tal\u00e1lj\u00e1k magukat. Nem v\u00e9letlen, hogy a l\u00e1tv\u00e1nyoss\u00e1g k\u00fcl\u00f6n\u00f6sen sok negat\u00edv \u00e9rt\u00e9kel\u00e9st kapott: egyes l\u00e1togat\u00f3k \u201eunalmasnak\u201d, \u201episzkosnak\u201d \u00e9s er\u0151sen \u201et\u00fal\u00e9rt\u00e9keltnek\u201d nevezt\u00e9k.\n<\/div>\n\n\t\t\t\t\t<!-- Image social share icons -->\n\t\t\t\t\t<div class=\"m-cegCarousel__socialCnt m-cegSocial\">\n\t\t\t\t\t\t<span class=\"m-cegSocial__text\">Fot\u00f3 megoszt\u00e1sa:<\/span><span class=\"m-cegSocial__iconWrap\"><span class=\"m-cegSocial__icon -facebook _ce_measure_link _ce_measure_widget\" data-ce-measure-widget=\"facebookGallery-btn\"><i class=\"fab fa-facebook-f\"><\/i><\/span><span class=\"m-cegSocial__icon -pinterest _ce_measure_link _ce_measure_widget\" data-ce-measure-widget=\"printeresGallery-btn\"><i class=\"fab fa-pinterest-p\"><\/i><\/span><span class=\"m-cegSocial__icon -email _ce_measure_link _ce_measure_widget\" data-ce-measure-widget=\"emailGallery-btn\"><i class=\"far fa-envelope\"><\/i><\/span><span class=\"m-cegSocial__icon -clipboard _ce_measure_link _ce_measure_widget\" data-ce-measure-widget=\"clipboardGallery-btn\"><i class=\"fa fa-link\"><\/i><\/span><\/span>\t\t\t\t\t<\/div>\n\t\t\t\t<\/div>\n\t\t\t\t\t\t\t\t\t\t\t\t<div\n\t\t\t\t\t\tclass=\"m-cegCarousel__item -banner\"\n\t\t\t\t\t\tdata-type=\"banner\"\n\t\t\t\t\t\tdata-id=\"1\/12\/banner\"\n\t\t\t\t\t\tdata-image-url=\"\"\n\t\t\t\t\t\tdata-title=\"\"\n\t\t\t\t\t\tdata-desc=\"\">\n\n\t\t\t\t\t\t<div class=\"m-cegCarousel__floatingCnt banner-container gallery-content030\"><\/div>\n\n\t\t\t\t\t<\/div>\n\t\t\t\t\t\t\t\t\t\t<\/div>\n\t\t<div class=\"m-cegLayer__thumbnails m-cegThumbList _ce_measure_widget\" data-ce-measure-widget=\"gallery-thumb-list\">\n\t\t\t\t\t\t\t\t\t\t\t<div class=\"m-cegThumbList__item\"\n\t\t\t\t\tdata-id=\"1\/1\/london-eye_11zon\"\n\t\t\t\t\tdata-index=\"0\">\n\t\t\t\t\t<img decoding=\"async\" src=\"https:\/\/www.startlap.hu\/utazas\/uploads\/sites\/3\/2026\/03\/london-eye_11zon.jpg\" class=\"m-cegThumbList__image _ce_measure_link\" alt=\"London Eye\" \/>\t\t\t\t<\/div>\n\t\t\t\t\t\t\t\t\t\t\t<div class=\"m-cegThumbList__item\"\n\t\t\t\t\tdata-id=\"1\/2\/hollywood_11zon\"\n\t\t\t\t\tdata-index=\"1\">\n\t\t\t\t\t<img decoding=\"async\" src=\"https:\/\/www.startlap.hu\/utazas\/uploads\/sites\/3\/2026\/03\/hollywood_11zon.jpg\" class=\"m-cegThumbList__image _ce_measure_link\" alt=\"T\u00f6meg a walk of flamen\u00e9l\" \/>\t\t\t\t<\/div>\n\t\t\t\t\t\t\t\t\t\t\t<div class=\"m-cegThumbList__item\"\n\t\t\t\t\tdata-id=\"1\/3\/keklaguna_11zon\"\n\t\t\t\t\tdata-index=\"2\">\n\t\t\t\t\t<img decoding=\"async\" src=\"https:\/\/www.startlap.hu\/utazas\/uploads\/sites\/3\/2026\/03\/keklaguna_11zon.jpg\" class=\"m-cegThumbList__image _ce_measure_link\" alt=\"k\u00e9k lag\u00fana a magasb\u00f3l\" \/>\t\t\t\t<\/div>\n\t\t\t\t\t\t\t\t\t\t\t\t\t\t\t<div class=\"m-cegThumbList__item\"\n\t\t\t\t\tdata-id=\"1\/5\/manneken_11zon\"\n\t\t\t\t\tdata-index=\"4\">\n\t\t\t\t\t<img decoding=\"async\" src=\"https:\/\/www.startlap.hu\/utazas\/uploads\/sites\/3\/2026\/03\/manneken_11zon.jpg\" class=\"m-cegThumbList__image _ce_measure_link\" alt=\"Pisil\u0151 kisfi\u00fa szobrot fot\u00f3z\u00f3 sapk\u00e1s n\u0151\" \/>\t\t\t\t<\/div>\n\t\t\t\t\t\t\t\t\t\t\t<div class=\"m-cegThumbList__item\"\n\t\t\t\t\tdata-id=\"1\/6\/lasramblas_11zon\"\n\t\t\t\t\tdata-index=\"5\">\n\t\t\t\t\t<img decoding=\"async\" src=\"https:\/\/www.startlap.hu\/utazas\/uploads\/sites\/3\/2026\/03\/lasramblas_11zon.jpg\" class=\"m-cegThumbList__image _ce_measure_link\" alt=\"Barcelona h\u00edres s\u00e9t\u00e1l\u00f3utc\u00e1ja j\u00f3 sok emberrel\" \/>\t\t\t\t<\/div>\n\t\t\t\t\t\t\t\t\t\t\t<div class=\"m-cegThumbList__item\"\n\t\t\t\t\tdata-id=\"1\/7\/hableany_11zon\"\n\t\t\t\t\tdata-index=\"6\">\n\t\t\t\t\t<img decoding=\"async\" src=\"https:\/\/www.startlap.hu\/utazas\/uploads\/sites\/3\/2026\/03\/hableany_11zon.jpg\" class=\"m-cegThumbList__image _ce_measure_link\" alt=\"Kis hable\u00e1ny szobor egy szikl\u00e1n Koppenh\u00e1g\u00e1ban\" \/>\t\t\t\t<\/div>\n\t\t\t\t\t\t\t\t\t\t\t\t\t\t\t<div class=\"m-cegThumbList__item\"\n\t\t\t\t\tdata-id=\"1\/9\/eiffel-3_11zon\"\n\t\t\t\t\tdata-index=\"8\">\n\t\t\t\t\t<img decoding=\"async\" src=\"https:\/\/www.startlap.hu\/utazas\/uploads\/sites\/3\/2026\/03\/eiffel-3_11zon.jpg\" class=\"m-cegThumbList__image _ce_measure_link\" alt=\"Eiffel torony\" \/>\t\t\t\t<\/div>\n\t\t\t\t\t\t\t\t\t\t\t<div class=\"m-cegThumbList__item\"\n\t\t\t\t\tdata-id=\"1\/10\/checkpontcharlie_11zon\"\n\t\t\t\t\tdata-index=\"9\">\n\t\t\t\t\t<img decoding=\"async\" src=\"https:\/\/www.startlap.hu\/utazas\/uploads\/sites\/3\/2026\/03\/checkpontcharlie_11zon.jpg\" class=\"m-cegThumbList__image _ce_measure_link\" alt=\"H\u00e1bor\u00fas eml\u00e9km\u0171 Berlinben\" \/>\t\t\t\t<\/div>\n\t\t\t\t\t\t\t\t\t\t\t<div class=\"m-cegThumbList__item\"\n\t\t\t\t\tdata-id=\"1\/11\/timesquare_11zon\"\n\t\t\t\t\tdata-index=\"10\">\n\t\t\t\t\t<img decoding=\"async\" src=\"https:\/\/www.startlap.hu\/utazas\/uploads\/sites\/3\/2026\/03\/timesquare_11zon.jpg\" class=\"m-cegThumbList__image _ce_measure_link\" alt=\"Times Square New Yorkban\" \/>\t\t\t\t<\/div>\n\t\t\t\t\t\t\t\t\t<\/div>\n\t<\/div>\n\t<div class=\"m-cegLayer__sidebar m-cegSidebar _ce_measure_widget\" data-ce-measure-widget=\"gallery-sidebar\">\n\n\t\t<div class=\"m-cegSidebar__desc a-cegDesc _ce_measure_widget\" data-ce-measure-widget=\"gallery-desc\"><\/div>\n\n\t\t<div class=\"m-cegSidebar__socialCnt m-cegSocial -sidebar _ce_measure_widget\" data-ce-measure-widget=\"gallery-social\">\n\t\t\t<span class=\"m-cegSocial__text\">Fot\u00f3 megoszt\u00e1sa:<\/span><span class=\"m-cegSocial__iconWrap\"><span class=\"m-cegSocial__icon -facebook _ce_measure_link _ce_measure_widget\" data-ce-measure-widget=\"facebookGallery-btn\"><i class=\"fab fa-facebook-f\"><\/i><\/span><span class=\"m-cegSocial__icon -pinterest _ce_measure_link _ce_measure_widget\" data-ce-measure-widget=\"printeresGallery-btn\"><i class=\"fab fa-pinterest-p\"><\/i><\/span><span class=\"m-cegSocial__icon -email _ce_measure_link _ce_measure_widget\" data-ce-measure-widget=\"emailGallery-btn\"><i class=\"far fa-envelope\"><\/i><\/span><span class=\"m-cegSocial__icon -clipboard _ce_measure_link _ce_measure_widget\" data-ce-measure-widget=\"clipboardGallery-btn\"><i class=\"fa fa-link\"><\/i><\/span><\/span>\t\t<\/div>\n\n\t\t<div class=\"gallery-right010 banner-container\"><\/div>\n\t\t<div class=\"gallery-right020 banner-container\"><\/div>\n\n\t<\/div>\n<\/div>\n\t<\/div>\n\n\t<script>\n\t\tjQuery(function () {\n\t\t\tvar id = '#cegPostCnt_1';\n\t\t\tjQuery( id ).articleGallery({\n\t\t\t\tonChanged: function (event) {\n\t\t\t\t\t\tthis.renderSidebarCTS( 'gallery-right010' );\n\t\t\t\t\t\tthis.renderSidebarCTS( 'gallery-right020' );\n\t\t\t\t\t\tthis.renderBannerSlideCTS(  event,\n\t\t\t\t\t\t\t\t\t\t\t\t\t[\n\t\t\t\t\t\t\t\t\t\t\t\t\t\t'gallery-content010',\n\t\t\t\t\t\t\t\t\t\t\t\t\t\t'gallery-content020',\n\t\t\t\t\t\t\t\t\t\t\t\t\t\t'gallery-content030'\n\t\t\t\t\t\t\t\t\t\t\t\t\t]);\n\t\t\t\t}\n\t\t\t});\n\t\t});\n\t<\/script>\t\n<p>Sok utaz\u00f3 bakancslist\u00e1j\u00e1n szerepelnek ikonikus helyek: megcsod\u00e1lni az <a href=\"https:\/\/www.startlap.hu\/utazas\/izland-grimsey-sziget-sarkkor-madar-turizmus\/\" target=\"_blank\" rel=\"noopener\">izlandi<\/a> K\u00e9k Lag\u00fan\u00e1t, egy s\u00e9ta a p\u00e1rizsi Eiffel-torony alatt, vagy egy k\u00f6r a londoni \u00f3ri\u00e1sker\u00e9ken. A val\u00f3s\u00e1g azonban n\u00e9ha messze elmarad az elv\u00e1r\u00e1sokt\u00f3l. <strong>Egy friss rangsor most megmutatja, melyek a vil\u00e1g legink\u00e1bb t\u00fal\u00e9rt\u00e9kelt l\u00e1tv\u00e1nyoss\u00e1gai.<\/strong><\/p>\n<div class=\"o-widget m-readMoreWidget -readMore u-shortDecorLineAfter row widget-container _ce_measure_widget bigdata-widget read-more\" data-ce-measure-widget=\"olvass tov\u00e1bb\">\n\t<div class=\"m-readMoreWidget__imgWrapper image-wrapper col-12 col-md-4 no-p\">\n\t\t<a class=\"m-readMoreWidget__imgLink\" href=\"https:\/\/www.startlap.hu\/utazas\/svajc-olcso-munkasnegyed-szolgaltatas-gazdagsag\/\" >\n\t\t\t<img decoding=\"async\" src=\"https:\/\/www.startlap.hu\/utazas\/uploads\/sites\/3\/2025\/12\/bazel_11zon-350x285.jpg\" class=\"m-readMoreWidget__img\">\n\t\t<\/a>\n\t<\/div>\n\t<div class=\"m-readMoreWidget__titleWrapper title-wrapper col-12 col-md-8\">\n\t\t<span class=\"m-readMoreWidget__titleLabel u-shortDecorLineBefore label hidden-sm-up\">Ez is \u00e9rdekelhet:<\/span>\n\t\t<h3 class=\"m-readMoreWidget__title title\">\n\t\t\t<a class=\"m-readMoreWidget__titleLink -secondFont u-bold u-upperCase\" href=\"https:\/\/www.startlap.hu\/utazas\/svajc-olcso-munkasnegyed-szolgaltatas-gazdagsag\/\" >Ilyen egy sv\u00e1jci &#8222;nyomornegyed&#8221; &#8211; olyan magas az \u00e9letsz\u00ednvonal, hogy a szer\u00e9nyebb v\u00e1rosr\u00e9szekben is sz\u00edvesen \u00e9ln\u00e9nk<\/a>\n\t\t<\/h3>\n\t\t<a class=\"m-readMoreWidget__btn -coloredBack u-tC link\" href=\"https:\/\/www.startlap.hu\/utazas\/svajc-olcso-munkasnegyed-szolgaltatas-gazdagsag\/\" >Elolvasom<\/a>\n\t<\/div>\n<\/div>\n<p>Amikor \u00faj v\u00e1rosba \u00e9rkez\u00fcnk, term\u00e9szetes, hogy felkeress\u00fck azokat a helyeket, amelyek minden \u00fatik\u00f6nyvben \u00e9s k\u00f6z\u00f6ss\u00e9gi m\u00e9di\u00e1s posztban szerepelnek. Turist\u00e1k t\u00f6megei zar\u00e1ndokolnak el az Eiffel-toronyhoz, \u00fclnek fel a London Eye kabinj\u00e1ba, vagy m\u00e1rt\u00f3znak meg a K\u00e9k Lag\u00fan\u00e1ban. Min\u00e9l k\u00f6zelebb ker\u00fcl azonban az utaz\u00e1s id\u0151pontja, ann\u00e1l magasabbra sz\u00f6knek az elv\u00e1r\u00e1sok is.<\/p>\n<blockquote class=\"article__extraTxt\"><p>A gond csak az, hogy a val\u00f3s\u00e1g gyakran kev\u00e9sb\u00e9 l\u00e1tv\u00e1nyos, mint a gondosan megszerkesztett Instagram-fot\u00f3k vagy a turisztikai kamp\u00e1nyok \u00edg\u00e9retei.<\/p><\/blockquote>\n<p>Sok utaz\u00f3 csak a helysz\u00ednen szembes\u00fcl azzal, hogy <strong>az \u00e1h\u00edtott l\u00e1tv\u00e1nyoss\u00e1g val\u00f3j\u00e1ban zs\u00fafolt, zajos vagy sim\u00e1n csak unalmas. <\/strong>Nem ritka p\u00e9ld\u00e1ul, hogy az \u00e1lomszer\u0171nek hitt panor\u00e1ma helyett egy \u00e9p\u00edtkez\u00e9s, egy forgalmas \u00fat vagy egy meglep\u0151en apr\u00f3 eml\u00e9km\u0171 fogadja a l\u00e1togat\u00f3kat A turist\u00e1k pedig gyakran az interneten adj\u00e1k ki a d\u00fch\u00fcket, \u00e9s \u00e9rt\u00e9kel\u00e9sekben figyelmeztetik a t\u00f6bbi utaz\u00f3t arra, hogy <strong>szerint\u00fck az adott hely ink\u00e1bb turistacsapda, mint kihagyhatatlan l\u00e1tnival\u00f3.<\/strong><\/p>\n<h2>Vil\u00e1gszerte sok l\u00e1tv\u00e1nyoss\u00e1g okoz csal\u00f3d\u00e1st<\/h2>\n<p>Az online nyelvtanul\u00e1si platform, a Preply.com szak\u00e9rt\u0151i ezekb\u0151l az \u00e9rt\u00e9kel\u00e9sekb\u0151l k\u00e9sz\u00edtettek \u00e1tfog\u00f3 elemz\u00e9st. A kutat\u00e1s sor\u00e1n <strong>\u00f6sszesen 83 vil\u00e1gszerte ismert turistal\u00e1tv\u00e1nyoss\u00e1got vizsg\u00e1ltak meg, \u00e9s k\u00e9t nagy \u00e9rt\u00e9kel\u0151oldalon elemezt\u00e9k a l\u00e1togat\u00f3k v\u00e9lem\u00e9nyeit.<\/strong> A szak\u00e9rt\u0151k olyan kulcsszavakat kerestek, mint a \u201ecsal\u00f3dott vagyok\u201d, \u201eturistacsapda\u201d vagy \u201et\u00fal\u00e9rt\u00e9kelt\u201d, majd ezek alapj\u00e1n \u00e1ll\u00edtott\u00e1k \u00f6ssze a vil\u00e1g legki\u00e1br\u00e1nd\u00edt\u00f3bb l\u00e1tnival\u00f3inak rangsor\u00e1t:<\/p>\n<p>Az eredm\u00e9nyek azt mutatj\u00e1k, hogy sokszor \u00e9ppen a legismertebb nevezetess\u00e9gek okozz\u00e1k a legt\u00f6bb csal\u00f3d\u00e1st. Az ikonikus p\u00e1rizsi Eiffel-torony p\u00e9ld\u00e1ul a lista \u00e9lmez\u0151ny\u00e9be ker\u00fclt, \u00e9s a h\u00e1rom legink\u00e1bb t\u00fal\u00e9rt\u00e9kelt l\u00e1tv\u00e1nyoss\u00e1g k\u00f6z\u00f6tt szerepel. Az els\u0151 hely azonban az Egyes\u00fclt \u00c1llamokb\u00f3l ker\u00fclt ki: a <a href=\"https:\/\/www.startlap.hu\/utazas\/times-square-szilveszter-kristalygomb\/\" target=\"_blank\" rel=\"noopener\">New York-i Times Square<\/a> lett a negat\u00edv rangsor gy\u0151ztese. A turist\u00e1k besz\u00e1mol\u00f3i szerint a hatalmas rekl\u00e1mkivet\u00edt\u0151k \u00e9s a ny\u00fczsg\u0151 t\u00f6meg sokak sz\u00e1m\u00e1ra ink\u00e1bb stresszes, mint leny\u0171g\u00f6z\u0151.<\/p>\n<h2>Eur\u00f3pai l\u00e1tv\u00e1nyoss\u00e1gok is a list\u00e1n<\/h2>\n<p>A rangsorban t\u00f6bb eur\u00f3pai l\u00e1tv\u00e1nyoss\u00e1g is szerepel. A turist\u00e1k k\u00f6z\u00fcl sokan csal\u00f3dottan sz\u00e1molnak be p\u00e9ld\u00e1ul a <a href=\"https:\/\/www.startlap.hu\/utazas\/koppenhaga-copenpay-szemetszedes-ingyen-ebed-fenntarthato-turizmus\/\" target=\"_blank\" rel=\"noopener\">koppenh\u00e1gai<\/a> Kis hable\u00e1ny szoborr\u00f3l, amely j\u00f3val kisebb, mint ahogyan azt sokan k\u00e9pzelik. Hasonl\u00f3 reakci\u00f3kat v\u00e1lt ki a br\u00fcsszeli Manneken Pis szobor is, amelynek m\u00e9rete sok l\u00e1togat\u00f3t meglep. A list\u00e1ra felker\u00fclt a barcelonai Las Ramblas s\u00e9t\u00e1ny, a berlini Checkpoint Charlie eml\u00e9khely, valamint Izland egyik legismertebb turisztikai attrakci\u00f3ja, a K\u00e9k Lag\u00fana is. Ut\u00f3bbi sokak szerint l\u00e1tv\u00e1nyos, de t\u00falzs\u00fafolt \u00e9s dr\u00e1ga.<\/p>\n<h2>A London Eye is sokakat ki\u00e1br\u00e1nd\u00edt<\/h2>\n<p>A rangsor kilencedik hely\u00e9re a londoni London Eye ker\u00fclt. Eur\u00f3pa m\u00e1sodik legmagasabb \u00f3ri\u00e1skereke 135 m\u00e9ter magas, \u00e9s modern kapszul\u00e1ib\u00f3l leny\u0171g\u00f6z\u0151 kil\u00e1t\u00e1s ny\u00edlik a brit f\u0151v\u00e1rosra. Elm\u00e9letben ez egy kihagyhatatlan program Londonban<strong>. A gyakorlatban azonban sok l\u00e1togat\u00f3 szerint az \u00e9lm\u00e9ny nem felt\u00e9tlen\u00fcl \u00e9ri meg az \u00e1r\u00e1t.<\/strong> A hossz\u00fa sorban \u00e1ll\u00e1s \u00e9s a nagyj\u00e1b\u00f3l 40 eur\u00f3s ( 15.500 forintos) jegy\u00e1r miatt t\u00f6bben \u00fagy \u00e9rzik, hogy ez a program t\u00fal van h\u00e1jpolva.<\/p>\n<blockquote class=\"article__extraTxt\"><p>A kutat\u00e1s eredm\u00e9nyei j\u00f3l mutatj\u00e1k, hogy m\u00e9g a vil\u00e1g legismertebb l\u00e1tv\u00e1nyoss\u00e1gai sem mindig felelnek meg a turist\u00e1k elv\u00e1r\u00e1sainak.<\/p><\/blockquote>\n<p>A k\u00f6z\u00f6ss\u00e9gi m\u00e9dia \u00e9s a marketing gyakran olyan k\u00e9pet fest ezekr\u0151l a helyekr\u0151l, amely a val\u00f3s\u00e1gban nehezen teljes\u00edthet\u0151. Ez azonban nem felt\u00e9tlen\u00fcl jelenti azt, hogy ki kell hagyni \u0151ket. Ink\u00e1bb arra figyelmeztet, hogy utaz\u00e1skor \u00e9rdemes nyitottan \u00e9s re\u00e1lis elv\u00e1r\u00e1sokkal \u00e9rkezni.<\/p>\n<p><a href=\"https:\/\/www.stern.de\/reise\/fernreisen\/welche-sehenswuerdigkeiten-fuer-touristen-haeufig-eher-enttaeuschend-sind_34737922-34737920.html\" target=\"_blank\" target=\"_blank\" rel=\"noopener\">via<\/a><\/p>\n<div class=\"o-widget m-readMoreWidget -readMore u-shortDecorLineAfter row widget-container _ce_measure_widget bigdata-widget read-more\" data-ce-measure-widget=\"olvass tov\u00e1bb\">\n\t<div class=\"m-readMoreWidget__imgWrapper image-wrapper col-12 col-md-4 no-p\">\n\t\t<a class=\"m-readMoreWidget__imgLink\" href=\"https:\/\/www.startlap.hu\/utazas\/budapest-szallodaipar-fellendules\/\" >\n\t\t\t<img decoding=\"async\" src=\"https:\/\/www.startlap.hu\/utazas\/uploads\/sites\/3\/2026\/03\/bor_duna_budapest_-350x285.jpg\" class=\"m-readMoreWidget__img\">\n\t\t<\/a>\n\t<\/div>\n\t<div class=\"m-readMoreWidget__titleWrapper title-wrapper col-12 col-md-8\">\n\t\t<span class=\"m-readMoreWidget__titleLabel u-shortDecorLineBefore label hidden-sm-up\">Ez is \u00e9rdekelhet:<\/span>\n\t\t<h3 class=\"m-readMoreWidget__title title\">\n\t\t\t<a class=\"m-readMoreWidget__titleLink -secondFont u-bold u-upperCase\" href=\"https:\/\/www.startlap.hu\/utazas\/budapest-szallodaipar-fellendules\/\" >Budapesten sz\u00e1llodai szob\u00e1k ezrei ny\u00edlhatnak<\/a>\n\t\t<\/h3>\n\t\t<a class=\"m-readMoreWidget__btn -coloredBack u-tC link\" href=\"https:\/\/www.startlap.hu\/utazas\/budapest-szallodaipar-fellendules\/\" >Elolvasom<\/a>\n\t<\/div>\n<\/div>\n","protected":false},"excerpt":{"rendered":"<p>Nem minden bakancslist\u00e1s hely v\u00e1ltja be a hozz\u00e1 f\u0171z\u00f6tt rem\u00e9nyeket: egy friss rangsor szerint ezek a vil\u00e1gh\u00edr\u0171 l\u00e1tv\u00e1nyoss\u00e1gok sok turist\u00e1t ki\u00e1br\u00e1nd\u00edtanak.<\/p>\n","protected":false},"author":64,"featured_media":104301,"comment_status":"closed","ping_status":"closed","sticky":false,"template":"","format":"standard","meta":{"footnotes":""},"categories":[70],"tags":[7763,306,3575,115,445,587],"class_list":["post-104290","post","type-post","status-publish","format-standard","has-post-thumbnail","hentry","category-vilag","tag-bakancslista","tag-izland","tag-latvanyossag","tag-london","tag-new-york","tag-parizs"],"aioseo_notices":[],"_links":{"self":[{"href":"https:\/\/www.startlap.hu\/utazas\/wp-json\/wp\/v2\/posts\/104290","targetHints":{"allow":["GET"]}}],"collection":[{"href":"https:\/\/www.startlap.hu\/utazas\/wp-json\/wp\/v2\/posts"}],"about":[{"href":"https:\/\/www.startlap.hu\/utazas\/wp-json\/wp\/v2\/types\/post"}],"author":[{"embeddable":true,"href":"https:\/\/www.startlap.hu\/utazas\/wp-json\/wp\/v2\/users\/64"}],"replies":[{"embeddable":true,"href":"https:\/\/www.startlap.hu\/utazas\/wp-json\/wp\/v2\/comments?post=104290"}],"version-history":[{"count":6,"href":"https:\/\/www.startlap.hu\/utazas\/wp-json\/wp\/v2\/posts\/104290\/revisions"}],"predecessor-version":[{"id":104310,"href":"https:\/\/www.startlap.hu\/utazas\/wp-json\/wp\/v2\/posts\/104290\/revisions\/104310"}],"wp:featuredmedia":[{"embeddable":true,"href":"https:\/\/www.startlap.hu\/utazas\/wp-json\/wp\/v2\/media\/104301"}],"wp:attachment":[{"href":"https:\/\/www.startlap.hu\/utazas\/wp-json\/wp\/v2\/media?parent=104290"}],"wp:term":[{"taxonomy":"category","embeddable":true,"href":"https:\/\/www.startlap.hu\/utazas\/wp-json\/wp\/v2\/categories?post=104290"},{"taxonomy":"post_tag","embeddable":true,"href":"https:\/\/www.startlap.hu\/utazas\/wp-json\/wp\/v2\/tags?post=104290"}],"curies":[{"name":"wp","href":"https:\/\/api.w.org\/{rel}","templated":true}]}}