{"id":104278,"date":"2026-03-12T07:03:10","date_gmt":"2026-03-12T06:03:10","guid":{"rendered":"https:\/\/www.startlap.hu\/utazas\/?p=104278"},"modified":"2026-03-11T13:35:17","modified_gmt":"2026-03-11T12:35:17","slug":"olaszorszag-palmanova-reneszansz-bunozok","status":"publish","type":"post","link":"https:\/\/www.startlap.hu\/utazas\/olaszorszag-palmanova-reneszansz-bunozok\/","title":{"rendered":"Ilyen alak\u00fa v\u00e1ros nem sok l\u00e9tezik! K\u00e9peken a telep\u00fcl\u00e9s, ahol sok\u00e1ig csak b\u0171n\u00f6z\u0151k \u00e9ltek"},"content":{"rendered":"<p>Az <a href=\"https:\/\/www.startlap.hu\/utazas\/olaszorszag-borravalo-szabalyok-tippek\/\" target=\"_blank\" rel=\"noopener\">olaszorsz\u00e1gi<\/a> Palmanova k\u00fcl\u00f6nleges telep\u00fcl\u00e9s, \u00e9vsz\u00e1zadok \u00f3ta leny\u0171g\u00f6zi a t\u00f6rt\u00e9n\u00e9szeket \u00e9s az utaz\u00f3kat. A kisv\u00e1ros&nbsp;az olaszorsz\u00e1gi Udine tartom\u00e1nyban tal\u00e1lhat\u00f3. A v\u00e1rost 1593-ban alap\u00edtotta a Velencei K\u00f6zt\u00e1rsas\u00e1g mint \u201eide\u00e1lis v\u00e1ros-er\u0151d\u00f6t\u201d. Alaprajza kilenc\u00e1g\u00fa csillagot form\u00e1z, amelyet kifejezetten a v\u00e9delmi szempontok \u00e9s a harmonikus v\u00e1rosszerkezet figyelembev\u00e9tel\u00e9vel terveztek. Ennek k\u00f6sz\u00f6nhet\u0151en Palmanova a renesz\u00e1nsz katonai gondolkod\u00e1s \u00e9s v\u00e1rostervez\u00e9s egyik legk\u00fcl\u00f6nlegesebb p\u00e9ld\u00e1ja.<\/p>\n\n\t<div id=\"cegPostCnt_1\" class=\"o-cegPostCnt -inContent\" data-title=\"Ilyen alak\u00fa v\u00e1ros nem sok l\u00e9tezik! K\u00e9peken a telep\u00fcl\u00e9s, ahol sok\u00e1ig csak b\u0171n\u00f6z\u0151k \u00e9ltek\">\n\t\t<a class=\"o-cegPostCnt__opener m-cegOpener _ce_measure_widget _ce_measure_link\" data-ce-measure-widget=\"gallery-open\"\n   href=\"?gallery=1\/1\/palmanova-5_11zon\">\n\t<img decoding=\"async\" src=\"https:\/\/www.startlap.hu\/utazas\/uploads\/sites\/3\/2026\/03\/palmanova-5_11zon.jpg\" class=\"m-cegOpener__image\" alt=\"Mad\u00e1rt\u00e1vlatb\u00f3l Palmanova k\u00f6zpontja\" sizes=\"(max-width: 991px) 100vw, (max-width: 1039px) 66vw, 684px\" srcset=\"https:\/\/www.startlap.hu\/utazas\/uploads\/sites\/3\/2026\/03\/palmanova-5_11zon.jpg 1696w, https:\/\/www.startlap.hu\/utazas\/uploads\/sites\/3\/2026\/03\/palmanova-5_11zon-1536x1023.jpg 1536w, https:\/\/www.startlap.hu\/utazas\/uploads\/sites\/3\/2026\/03\/palmanova-5_11zon-755x503.jpg 755w, https:\/\/www.startlap.hu\/utazas\/uploads\/sites\/3\/2026\/03\/palmanova-5_11zon-525x350.jpg 525w\" \/>\t<div class=\"m-cegOpener__btn\"><i class=\"far fa-clone\"><\/i><\/div>\n<\/a>\n<div class=\"o-cegPostCnt__layer m-cegLayer _ce_measure_widget\" data-ce-measure-widget=\"gallery-layer\" style=\"display: none\">\n\t<div class=\"m-cegLayer__top m-cegHeader _ce_measure_widget\" data-ce-measure-widget=\"gallery-header\">\n\t\t\t\t\t<span class=\"m-cegHeader__logo\"><span class=\"a-cegLogo\"><\/span><\/span>\n\t\t\t\t<div class=\"m-cegHeader__imgCnt\">\n\t\t\t<img decoding=\"async\" src=\"https:\/\/www.startlap.hu\/utazas\/uploads\/sites\/3\/2026\/03\/palmanova-5_11zon.jpg\" class=\"m-cegHeader__imgOpener\" alt=\"Mad\u00e1rt\u00e1vlatb\u00f3l Palmanova k\u00f6zpontja\" \/>\t\t<\/div>\n\t\t<h2 class=\"m-cegHeader__title a-cegGalleryTitle\"><i class=\"fa fa-angle-left\"><\/i>Ilyen alak\u00fa v\u00e1ros nem sok l\u00e9tezik! K\u00e9peken a telep\u00fcl\u00e9s, ahol sok\u00e1ig csak b\u0171n\u00f6z\u0151k \u00e9ltek<\/h2>\n\t\t<div class=\"m-cegHeader__pagination a-cegPagination\"><\/div>\n\t\t<div class=\"m-cegHeader__closeBtn close-button nlc-icon-close _ce_measure_link _ce_measure_widget\" data-ce-measure-widget=\"gallery-close-btn\"><i class=\"fa fa-times\" aria-hidden=\"true\"><\/i><\/div>\n\t<\/div>\n\t<div class=\"m-cegLayer__screen\">\n\t\t<div class=\"m-cegLayer__carousel m-cegCarousel\">\n\t\t\t\t\t\t\t\n\t\t\t\t<div\n\t\t\t\t\tclass=\"m-cegCarousel__item\"\n\t\t\t\t\tdata-type=\"image\"\n\t\t\t\t\tdata-id=\"1\/1\/palmanova-5_11zon\"\n\t\t\t\t\tdata-image-url=\"https:\/\/www.startlap.hu\/utazas\/uploads\/sites\/3\/2026\/03\/palmanova-5_11zon.jpg\"\n\t\t\t\t\tdata-title=\"palmanova 5_11zon\"\n\t\t\t\t\tdata-desc=\"Mad\u00e1rt\u00e1vlati felv\u00e9tel a Piazza Grand\u00e9r\u0151l \u00e9s a sug\u00e1rir\u00e1nyban fut\u00f3 utc\u00e1kr\u00f3l Palmanova t\u00f6rt\u00e9nelmi k\u00f6zpontj\u00e1ban. Fot\u00f3: Getty Images\">\n\n\t\t\t\t\t<!-- image -->\n\t\t\t\t\t<div class=\"m-cegCarousel__floatingCnt\">\n\t\t\t\t\t\t<img decoding=\"async\" src=\"https:\/\/www.startlap.hu\/utazas\/uploads\/sites\/3\/2026\/03\/palmanova-5_11zon.jpg\" class=\"m-cegCarousel__image\" alt=\"Mad\u00e1rt\u00e1vlatb\u00f3l Palmanova k\u00f6zpontja\" \/>\t\t\t\t\t\t<span class=\"fa m-cegCarousel__zoom _ce_measure_link _ce_measure_widget\" data-ce-measure-widget=\"gallery-zoom-btn\"><\/span>\n\t\t\t\t\t<\/div>\n\n\t\t\t\t\t<!-- thumb icon \/ counter, caption  -->\n\t\t\t\t\t<div class=\"m-cegCarousel__captionCnt m-cegCaption\">\n\t\t\t\t\t\t<span class=\"m-cegCaption__thumbIcon a-cegThumbIcon _ce_measure_widget _ce_measure_link\"\n\t\t\t\t\t\t\t  data-ce-measure-widget=\"thumbnails-btn\"\n\t\t\t\t\t\t\t  data-ce-measure-widget=\"gallery-thumbnails\"><i class=\" fa fa-th-large\"><\/i><\/span>\n\t\t\t\t\t\t<span class=\"m-cegCaption__pagination a-cegPagination\">\n\t\t\t\t\t\t\t<span class=\"a-cegPagination__current\">1<\/span>\/6\t\t\t\t\t\t<\/span>\n\t\t\t\t\t\t<span class=\"m-cegCaption__caption\">palmanova 5_11zon<\/span>\n\t\t\t\t\t<\/div>\n\n\t\t\t\t\t<!-- Image description -->\n\t\t\t\t\t<div class=\"m-cegCarousel__desc a-cegDesc\">Mad\u00e1rt\u00e1vlati felv\u00e9tel a Piazza Grand\u00e9r\u0151l \u00e9s a sug\u00e1rir\u00e1nyban fut\u00f3 utc\u00e1kr\u00f3l Palmanova t\u00f6rt\u00e9nelmi k\u00f6zpontj\u00e1ban. Fot\u00f3: Getty Images<\/div>\n\n\t\t\t\t\t<!-- Image social share icons -->\n\t\t\t\t\t<div class=\"m-cegCarousel__socialCnt m-cegSocial\">\n\t\t\t\t\t\t<span class=\"m-cegSocial__text\">Fot\u00f3 megoszt\u00e1sa:<\/span><span class=\"m-cegSocial__iconWrap\"><span class=\"m-cegSocial__icon -facebook _ce_measure_link _ce_measure_widget\" data-ce-measure-widget=\"facebookGallery-btn\"><i class=\"fab fa-facebook-f\"><\/i><\/span><span class=\"m-cegSocial__icon -pinterest _ce_measure_link _ce_measure_widget\" data-ce-measure-widget=\"printeresGallery-btn\"><i class=\"fab fa-pinterest-p\"><\/i><\/span><span class=\"m-cegSocial__icon -email _ce_measure_link _ce_measure_widget\" data-ce-measure-widget=\"emailGallery-btn\"><i class=\"far fa-envelope\"><\/i><\/span><span class=\"m-cegSocial__icon -clipboard _ce_measure_link _ce_measure_widget\" data-ce-measure-widget=\"clipboardGallery-btn\"><i class=\"fa fa-link\"><\/i><\/span><\/span>\t\t\t\t\t<\/div>\n\t\t\t\t<\/div>\n\t\t\t\t\t\t\t\n\t\t\t\t<div\n\t\t\t\t\tclass=\"m-cegCarousel__item\"\n\t\t\t\t\tdata-type=\"image\"\n\t\t\t\t\tdata-id=\"1\/2\/palmanova_11zon\"\n\t\t\t\t\tdata-image-url=\"https:\/\/www.startlap.hu\/utazas\/uploads\/sites\/3\/2026\/03\/palmanova_11zon.jpg\"\n\t\t\t\t\tdata-title=\"palmanova_11zon\"\n\t\t\t\t\tdata-desc=\"\u00d3ri\u00e1s sakk a Piazza Grand\u00e9n, Palmanova k\u00f6zponti ter\u00e9n, amely a v\u00e1ros t\u00e1rsas\u00e1gi \u00e9let\u00e9nek fontos helysz\u00edne. Fot\u00f3: Getty Images\">\n\n\t\t\t\t\t<!-- image -->\n\t\t\t\t\t<div class=\"m-cegCarousel__floatingCnt\">\n\t\t\t\t\t\t<img decoding=\"async\" src=\"https:\/\/www.startlap.hu\/utazas\/uploads\/sites\/3\/2026\/03\/palmanova_11zon.jpg\" class=\"m-cegCarousel__image\" alt=\"\u00d3ri\u00e1si sakk t\u00e1bla Palmanov\u00e1ban\" \/>\t\t\t\t\t\t<span class=\"fa m-cegCarousel__zoom _ce_measure_link _ce_measure_widget\" data-ce-measure-widget=\"gallery-zoom-btn\"><\/span>\n\t\t\t\t\t<\/div>\n\n\t\t\t\t\t<!-- thumb icon \/ counter, caption  -->\n\t\t\t\t\t<div class=\"m-cegCarousel__captionCnt m-cegCaption\">\n\t\t\t\t\t\t<span class=\"m-cegCaption__thumbIcon a-cegThumbIcon _ce_measure_widget _ce_measure_link\"\n\t\t\t\t\t\t\t  data-ce-measure-widget=\"thumbnails-btn\"\n\t\t\t\t\t\t\t  data-ce-measure-widget=\"gallery-thumbnails\"><i class=\" fa fa-th-large\"><\/i><\/span>\n\t\t\t\t\t\t<span class=\"m-cegCaption__pagination a-cegPagination\">\n\t\t\t\t\t\t\t<span class=\"a-cegPagination__current\">2<\/span>\/6\t\t\t\t\t\t<\/span>\n\t\t\t\t\t\t<span class=\"m-cegCaption__caption\">palmanova_11zon<\/span>\n\t\t\t\t\t<\/div>\n\n\t\t\t\t\t<!-- Image description -->\n\t\t\t\t\t<div class=\"m-cegCarousel__desc a-cegDesc\">\u00d3ri\u00e1s sakk a Piazza Grand\u00e9n, Palmanova k\u00f6zponti ter\u00e9n, amely a v\u00e1ros t\u00e1rsas\u00e1gi \u00e9let\u00e9nek fontos helysz\u00edne. Fot\u00f3: Getty Images<\/div>\n\n\t\t\t\t\t<!-- Image social share icons -->\n\t\t\t\t\t<div class=\"m-cegCarousel__socialCnt m-cegSocial\">\n\t\t\t\t\t\t<span class=\"m-cegSocial__text\">Fot\u00f3 megoszt\u00e1sa:<\/span><span class=\"m-cegSocial__iconWrap\"><span class=\"m-cegSocial__icon -facebook _ce_measure_link _ce_measure_widget\" data-ce-measure-widget=\"facebookGallery-btn\"><i class=\"fab fa-facebook-f\"><\/i><\/span><span class=\"m-cegSocial__icon -pinterest _ce_measure_link _ce_measure_widget\" data-ce-measure-widget=\"printeresGallery-btn\"><i class=\"fab fa-pinterest-p\"><\/i><\/span><span class=\"m-cegSocial__icon -email _ce_measure_link _ce_measure_widget\" data-ce-measure-widget=\"emailGallery-btn\"><i class=\"far fa-envelope\"><\/i><\/span><span class=\"m-cegSocial__icon -clipboard _ce_measure_link _ce_measure_widget\" data-ce-measure-widget=\"clipboardGallery-btn\"><i class=\"fa fa-link\"><\/i><\/span><\/span>\t\t\t\t\t<\/div>\n\t\t\t\t<\/div>\n\t\t\t\t\t\t\t\n\t\t\t\t<div\n\t\t\t\t\tclass=\"m-cegCarousel__item\"\n\t\t\t\t\tdata-type=\"image\"\n\t\t\t\t\tdata-id=\"1\/3\/palmanova-3_11zon-scaled\"\n\t\t\t\t\tdata-image-url=\"https:\/\/www.startlap.hu\/utazas\/uploads\/sites\/3\/2026\/03\/palmanova-3_11zon-scaled.jpg\"\n\t\t\t\t\tdata-title=\"palmanova 3_11zon\"\n\t\t\t\t\tdata-desc=\"L\u00e9gi felv\u00e9tel Palmanov\u00e1r\u00f3l, amely j\u00f3l megmutatja a h\u00edres kilenc\u00e1g\u00fa csillag alak\u00fa er\u0151dv\u00e1ros szerkezet\u00e9t. Fot\u00f3: Getty Images\">\n\n\t\t\t\t\t<!-- image -->\n\t\t\t\t\t<div class=\"m-cegCarousel__floatingCnt\">\n\t\t\t\t\t\t<img decoding=\"async\" src=\"https:\/\/www.startlap.hu\/utazas\/uploads\/sites\/3\/2026\/03\/palmanova-3_11zon-scaled.jpg\" class=\"m-cegCarousel__image\" alt=\"Palmanova a magasb\u00f3l\" \/>\t\t\t\t\t\t<span class=\"fa m-cegCarousel__zoom _ce_measure_link _ce_measure_widget\" data-ce-measure-widget=\"gallery-zoom-btn\"><\/span>\n\t\t\t\t\t<\/div>\n\n\t\t\t\t\t<!-- thumb icon \/ counter, caption  -->\n\t\t\t\t\t<div class=\"m-cegCarousel__captionCnt m-cegCaption\">\n\t\t\t\t\t\t<span class=\"m-cegCaption__thumbIcon a-cegThumbIcon _ce_measure_widget _ce_measure_link\"\n\t\t\t\t\t\t\t  data-ce-measure-widget=\"thumbnails-btn\"\n\t\t\t\t\t\t\t  data-ce-measure-widget=\"gallery-thumbnails\"><i class=\" fa fa-th-large\"><\/i><\/span>\n\t\t\t\t\t\t<span class=\"m-cegCaption__pagination a-cegPagination\">\n\t\t\t\t\t\t\t<span class=\"a-cegPagination__current\">3<\/span>\/6\t\t\t\t\t\t<\/span>\n\t\t\t\t\t\t<span class=\"m-cegCaption__caption\">palmanova 3_11zon<\/span>\n\t\t\t\t\t<\/div>\n\n\t\t\t\t\t<!-- Image description -->\n\t\t\t\t\t<div class=\"m-cegCarousel__desc a-cegDesc\">L\u00e9gi felv\u00e9tel Palmanov\u00e1r\u00f3l, amely j\u00f3l megmutatja a h\u00edres kilenc\u00e1g\u00fa csillag alak\u00fa er\u0151dv\u00e1ros szerkezet\u00e9t. Fot\u00f3: Getty Images<\/div>\n\n\t\t\t\t\t<!-- Image social share icons -->\n\t\t\t\t\t<div class=\"m-cegCarousel__socialCnt m-cegSocial\">\n\t\t\t\t\t\t<span class=\"m-cegSocial__text\">Fot\u00f3 megoszt\u00e1sa:<\/span><span class=\"m-cegSocial__iconWrap\"><span class=\"m-cegSocial__icon -facebook _ce_measure_link _ce_measure_widget\" data-ce-measure-widget=\"facebookGallery-btn\"><i class=\"fab fa-facebook-f\"><\/i><\/span><span class=\"m-cegSocial__icon -pinterest _ce_measure_link _ce_measure_widget\" data-ce-measure-widget=\"printeresGallery-btn\"><i class=\"fab fa-pinterest-p\"><\/i><\/span><span class=\"m-cegSocial__icon -email _ce_measure_link _ce_measure_widget\" data-ce-measure-widget=\"emailGallery-btn\"><i class=\"far fa-envelope\"><\/i><\/span><span class=\"m-cegSocial__icon -clipboard _ce_measure_link _ce_measure_widget\" data-ce-measure-widget=\"clipboardGallery-btn\"><i class=\"fa fa-link\"><\/i><\/span><\/span>\t\t\t\t\t<\/div>\n\t\t\t\t<\/div>\n\t\t\t\t\t\t\t\t\t\t\t\t<div\n\t\t\t\t\t\tclass=\"m-cegCarousel__item -banner\"\n\t\t\t\t\t\tdata-type=\"banner\"\n\t\t\t\t\t\tdata-id=\"1\/4\/banner\"\n\t\t\t\t\t\tdata-image-url=\"\"\n\t\t\t\t\t\tdata-title=\"\"\n\t\t\t\t\t\tdata-desc=\"\">\n\n\t\t\t\t\t\t<div class=\"m-cegCarousel__floatingCnt banner-container gallery-content010\"><\/div>\n\n\t\t\t\t\t<\/div>\n\t\t\t\t\t\t\t\t\t\n\t\t\t\t<div\n\t\t\t\t\tclass=\"m-cegCarousel__item\"\n\t\t\t\t\tdata-type=\"image\"\n\t\t\t\t\tdata-id=\"1\/5\/palmanova-4_11zon\"\n\t\t\t\t\tdata-image-url=\"https:\/\/www.startlap.hu\/utazas\/uploads\/sites\/3\/2026\/03\/palmanova-4_11zon.jpg\"\n\t\t\t\t\tdata-title=\"palmanova 4_11zon\"\n\t\t\t\t\tdata-desc=\"Sz\u00ednes homlokzat\u00fa h\u00e1zak \u00e9s teraszos k\u00e1v\u00e9z\u00f3 Palmanova egyik hangulatos utc\u00e1j\u00e1ban. Fot\u00f3: Getty Images\">\n\n\t\t\t\t\t<!-- image -->\n\t\t\t\t\t<div class=\"m-cegCarousel__floatingCnt\">\n\t\t\t\t\t\t<img decoding=\"async\" src=\"https:\/\/www.startlap.hu\/utazas\/uploads\/sites\/3\/2026\/03\/palmanova-4_11zon.jpg\" class=\"m-cegCarousel__image\" alt=\"K\u00e1v\u00e9z\u00f3k palmanov\u00e1ban z\u00f6ld sz\u00e9kekkel\" \/>\t\t\t\t\t\t<span class=\"fa m-cegCarousel__zoom _ce_measure_link _ce_measure_widget\" data-ce-measure-widget=\"gallery-zoom-btn\"><\/span>\n\t\t\t\t\t<\/div>\n\n\t\t\t\t\t<!-- thumb icon \/ counter, caption  -->\n\t\t\t\t\t<div class=\"m-cegCarousel__captionCnt m-cegCaption\">\n\t\t\t\t\t\t<span class=\"m-cegCaption__thumbIcon a-cegThumbIcon _ce_measure_widget _ce_measure_link\"\n\t\t\t\t\t\t\t  data-ce-measure-widget=\"thumbnails-btn\"\n\t\t\t\t\t\t\t  data-ce-measure-widget=\"gallery-thumbnails\"><i class=\" fa fa-th-large\"><\/i><\/span>\n\t\t\t\t\t\t<span class=\"m-cegCaption__pagination a-cegPagination\">\n\t\t\t\t\t\t\t<span class=\"a-cegPagination__current\">5<\/span>\/6\t\t\t\t\t\t<\/span>\n\t\t\t\t\t\t<span class=\"m-cegCaption__caption\">palmanova 4_11zon<\/span>\n\t\t\t\t\t<\/div>\n\n\t\t\t\t\t<!-- Image description -->\n\t\t\t\t\t<div class=\"m-cegCarousel__desc a-cegDesc\">Sz\u00ednes homlokzat\u00fa h\u00e1zak \u00e9s teraszos k\u00e1v\u00e9z\u00f3 Palmanova egyik hangulatos utc\u00e1j\u00e1ban. Fot\u00f3: Getty Images<\/div>\n\n\t\t\t\t\t<!-- Image social share icons -->\n\t\t\t\t\t<div class=\"m-cegCarousel__socialCnt m-cegSocial\">\n\t\t\t\t\t\t<span class=\"m-cegSocial__text\">Fot\u00f3 megoszt\u00e1sa:<\/span><span class=\"m-cegSocial__iconWrap\"><span class=\"m-cegSocial__icon -facebook _ce_measure_link _ce_measure_widget\" data-ce-measure-widget=\"facebookGallery-btn\"><i class=\"fab fa-facebook-f\"><\/i><\/span><span class=\"m-cegSocial__icon -pinterest _ce_measure_link _ce_measure_widget\" data-ce-measure-widget=\"printeresGallery-btn\"><i class=\"fab fa-pinterest-p\"><\/i><\/span><span class=\"m-cegSocial__icon -email _ce_measure_link _ce_measure_widget\" data-ce-measure-widget=\"emailGallery-btn\"><i class=\"far fa-envelope\"><\/i><\/span><span class=\"m-cegSocial__icon -clipboard _ce_measure_link _ce_measure_widget\" data-ce-measure-widget=\"clipboardGallery-btn\"><i class=\"fa fa-link\"><\/i><\/span><\/span>\t\t\t\t\t<\/div>\n\t\t\t\t<\/div>\n\t\t\t\t\t\t\t\n\t\t\t\t<div\n\t\t\t\t\tclass=\"m-cegCarousel__item\"\n\t\t\t\t\tdata-type=\"image\"\n\t\t\t\t\tdata-id=\"1\/6\/palmanova-2_11zon\"\n\t\t\t\t\tdata-image-url=\"https:\/\/www.startlap.hu\/utazas\/uploads\/sites\/3\/2026\/03\/palmanova-2_11zon.jpg\"\n\t\t\t\t\tdata-title=\"palmanova 2_11zon\"\n\t\t\t\t\tdata-desc=\"A Piazza Grande \u00e9s a palmanovai katedr\u00e1lis l\u00e1tk\u00e9pe, a v\u00e1ros hatsz\u00f6g alak\u00fa f\u0151ter\u00e9nek k\u00f6zpontj\u00e1ban. Fot\u00f3: Getty Images\">\n\n\t\t\t\t\t<!-- image -->\n\t\t\t\t\t<div class=\"m-cegCarousel__floatingCnt\">\n\t\t\t\t\t\t<img decoding=\"async\" src=\"https:\/\/www.startlap.hu\/utazas\/uploads\/sites\/3\/2026\/03\/palmanova-2_11zon.jpg\" class=\"m-cegCarousel__image\" alt=\"Palmanova k\u00f6zpontja\" \/>\t\t\t\t\t\t<span class=\"fa m-cegCarousel__zoom _ce_measure_link _ce_measure_widget\" data-ce-measure-widget=\"gallery-zoom-btn\"><\/span>\n\t\t\t\t\t<\/div>\n\n\t\t\t\t\t<!-- thumb icon \/ counter, caption  -->\n\t\t\t\t\t<div class=\"m-cegCarousel__captionCnt m-cegCaption\">\n\t\t\t\t\t\t<span class=\"m-cegCaption__thumbIcon a-cegThumbIcon _ce_measure_widget _ce_measure_link\"\n\t\t\t\t\t\t\t  data-ce-measure-widget=\"thumbnails-btn\"\n\t\t\t\t\t\t\t  data-ce-measure-widget=\"gallery-thumbnails\"><i class=\" fa fa-th-large\"><\/i><\/span>\n\t\t\t\t\t\t<span class=\"m-cegCaption__pagination a-cegPagination\">\n\t\t\t\t\t\t\t<span class=\"a-cegPagination__current\">6<\/span>\/6\t\t\t\t\t\t<\/span>\n\t\t\t\t\t\t<span class=\"m-cegCaption__caption\">palmanova 2_11zon<\/span>\n\t\t\t\t\t<\/div>\n\n\t\t\t\t\t<!-- Image description -->\n\t\t\t\t\t<div class=\"m-cegCarousel__desc a-cegDesc\">A Piazza Grande \u00e9s a palmanovai katedr\u00e1lis l\u00e1tk\u00e9pe, a v\u00e1ros hatsz\u00f6g alak\u00fa f\u0151ter\u00e9nek k\u00f6zpontj\u00e1ban. Fot\u00f3: Getty Images<\/div>\n\n\t\t\t\t\t<!-- Image social share icons -->\n\t\t\t\t\t<div class=\"m-cegCarousel__socialCnt m-cegSocial\">\n\t\t\t\t\t\t<span class=\"m-cegSocial__text\">Fot\u00f3 megoszt\u00e1sa:<\/span><span class=\"m-cegSocial__iconWrap\"><span class=\"m-cegSocial__icon -facebook _ce_measure_link _ce_measure_widget\" data-ce-measure-widget=\"facebookGallery-btn\"><i class=\"fab fa-facebook-f\"><\/i><\/span><span class=\"m-cegSocial__icon -pinterest _ce_measure_link _ce_measure_widget\" data-ce-measure-widget=\"printeresGallery-btn\"><i class=\"fab fa-pinterest-p\"><\/i><\/span><span class=\"m-cegSocial__icon -email _ce_measure_link _ce_measure_widget\" data-ce-measure-widget=\"emailGallery-btn\"><i class=\"far fa-envelope\"><\/i><\/span><span class=\"m-cegSocial__icon -clipboard _ce_measure_link _ce_measure_widget\" data-ce-measure-widget=\"clipboardGallery-btn\"><i class=\"fa fa-link\"><\/i><\/span><\/span>\t\t\t\t\t<\/div>\n\t\t\t\t<\/div>\n\t\t\t\t\t\t\t\t<\/div>\n\t\t<div class=\"m-cegLayer__thumbnails m-cegThumbList _ce_measure_widget\" data-ce-measure-widget=\"gallery-thumb-list\">\n\t\t\t\t\t\t\t\t\t\t\t<div class=\"m-cegThumbList__item\"\n\t\t\t\t\tdata-id=\"1\/1\/palmanova-5_11zon\"\n\t\t\t\t\tdata-index=\"0\">\n\t\t\t\t\t<img decoding=\"async\" src=\"https:\/\/www.startlap.hu\/utazas\/uploads\/sites\/3\/2026\/03\/palmanova-5_11zon.jpg\" class=\"m-cegThumbList__image _ce_measure_link\" alt=\"Mad\u00e1rt\u00e1vlatb\u00f3l Palmanova k\u00f6zpontja\" \/>\t\t\t\t<\/div>\n\t\t\t\t\t\t\t\t\t\t\t<div class=\"m-cegThumbList__item\"\n\t\t\t\t\tdata-id=\"1\/2\/palmanova_11zon\"\n\t\t\t\t\tdata-index=\"1\">\n\t\t\t\t\t<img decoding=\"async\" src=\"https:\/\/www.startlap.hu\/utazas\/uploads\/sites\/3\/2026\/03\/palmanova_11zon.jpg\" class=\"m-cegThumbList__image _ce_measure_link\" alt=\"\u00d3ri\u00e1si sakk t\u00e1bla Palmanov\u00e1ban\" \/>\t\t\t\t<\/div>\n\t\t\t\t\t\t\t\t\t\t\t<div class=\"m-cegThumbList__item\"\n\t\t\t\t\tdata-id=\"1\/3\/palmanova-3_11zon-scaled\"\n\t\t\t\t\tdata-index=\"2\">\n\t\t\t\t\t<img decoding=\"async\" src=\"https:\/\/www.startlap.hu\/utazas\/uploads\/sites\/3\/2026\/03\/palmanova-3_11zon-scaled.jpg\" class=\"m-cegThumbList__image _ce_measure_link\" alt=\"Palmanova a magasb\u00f3l\" \/>\t\t\t\t<\/div>\n\t\t\t\t\t\t\t\t\t\t\t\t\t\t\t<div class=\"m-cegThumbList__item\"\n\t\t\t\t\tdata-id=\"1\/5\/palmanova-4_11zon\"\n\t\t\t\t\tdata-index=\"4\">\n\t\t\t\t\t<img decoding=\"async\" src=\"https:\/\/www.startlap.hu\/utazas\/uploads\/sites\/3\/2026\/03\/palmanova-4_11zon.jpg\" class=\"m-cegThumbList__image _ce_measure_link\" alt=\"K\u00e1v\u00e9z\u00f3k palmanov\u00e1ban z\u00f6ld sz\u00e9kekkel\" \/>\t\t\t\t<\/div>\n\t\t\t\t\t\t\t\t\t\t\t<div class=\"m-cegThumbList__item\"\n\t\t\t\t\tdata-id=\"1\/6\/palmanova-2_11zon\"\n\t\t\t\t\tdata-index=\"5\">\n\t\t\t\t\t<img decoding=\"async\" src=\"https:\/\/www.startlap.hu\/utazas\/uploads\/sites\/3\/2026\/03\/palmanova-2_11zon.jpg\" class=\"m-cegThumbList__image _ce_measure_link\" alt=\"Palmanova k\u00f6zpontja\" \/>\t\t\t\t<\/div>\n\t\t\t\t\t<\/div>\n\t<\/div>\n\t<div class=\"m-cegLayer__sidebar m-cegSidebar _ce_measure_widget\" data-ce-measure-widget=\"gallery-sidebar\">\n\n\t\t<div class=\"m-cegSidebar__desc a-cegDesc _ce_measure_widget\" data-ce-measure-widget=\"gallery-desc\"><\/div>\n\n\t\t<div class=\"m-cegSidebar__socialCnt m-cegSocial -sidebar _ce_measure_widget\" data-ce-measure-widget=\"gallery-social\">\n\t\t\t<span class=\"m-cegSocial__text\">Fot\u00f3 megoszt\u00e1sa:<\/span><span class=\"m-cegSocial__iconWrap\"><span class=\"m-cegSocial__icon -facebook _ce_measure_link _ce_measure_widget\" data-ce-measure-widget=\"facebookGallery-btn\"><i class=\"fab fa-facebook-f\"><\/i><\/span><span class=\"m-cegSocial__icon -pinterest _ce_measure_link _ce_measure_widget\" data-ce-measure-widget=\"printeresGallery-btn\"><i class=\"fab fa-pinterest-p\"><\/i><\/span><span class=\"m-cegSocial__icon -email _ce_measure_link _ce_measure_widget\" data-ce-measure-widget=\"emailGallery-btn\"><i class=\"far fa-envelope\"><\/i><\/span><span class=\"m-cegSocial__icon -clipboard _ce_measure_link _ce_measure_widget\" data-ce-measure-widget=\"clipboardGallery-btn\"><i class=\"fa fa-link\"><\/i><\/span><\/span>\t\t<\/div>\n\n\t\t<div class=\"gallery-right010 banner-container\"><\/div>\n\t\t<div class=\"gallery-right020 banner-container\"><\/div>\n\n\t<\/div>\n<\/div>\n\t<\/div>\n\n\t<script>\n\t\tjQuery(function () {\n\t\t\tvar id = '#cegPostCnt_1';\n\t\t\tjQuery( id ).articleGallery({\n\t\t\t\tonChanged: function (event) {\n\t\t\t\t\t\tthis.renderSidebarCTS( 'gallery-right010' );\n\t\t\t\t\t\tthis.renderSidebarCTS( 'gallery-right020' );\n\t\t\t\t\t\tthis.renderBannerSlideCTS(  event,\n\t\t\t\t\t\t\t\t\t\t\t\t\t[\n\t\t\t\t\t\t\t\t\t\t\t\t\t\t'gallery-content010',\n\t\t\t\t\t\t\t\t\t\t\t\t\t\t'gallery-content020',\n\t\t\t\t\t\t\t\t\t\t\t\t\t\t'gallery-content030'\n\t\t\t\t\t\t\t\t\t\t\t\t\t]);\n\t\t\t\t}\n\t\t\t});\n\t\t});\n\t<\/script>\t\n<p>Ma m\u00e1r lakott telep\u00fcl\u00e9s, \u00e9s a renesz\u00e1nsz v\u00e1rostervez\u00e9s egyik gy\u00f6ngyszem\u00e9nek sz\u00e1m\u00edt. Kezdetben azonban elhagyatott volt, az els\u0151 lakosokat csak ingyen telkekkel siker\u00fclt odacs\u00e1b\u00edtani.<\/p>\n<div class=\"o-widget m-readMoreWidget -readMore u-shortDecorLineAfter row widget-container _ce_measure_widget bigdata-widget read-more\" data-ce-measure-widget=\"olvass tov\u00e1bb\">\n\t<div class=\"m-readMoreWidget__imgWrapper image-wrapper col-12 col-md-4 no-p\">\n\t\t<a class=\"m-readMoreWidget__imgLink\" href=\"https:\/\/www.startlap.hu\/utazas\/svajc-olcso-munkasnegyed-szolgaltatas-gazdagsag\/\" >\n\t\t\t<img decoding=\"async\" src=\"https:\/\/www.startlap.hu\/utazas\/uploads\/sites\/3\/2025\/12\/bazel_11zon-350x285.jpg\" class=\"m-readMoreWidget__img\">\n\t\t<\/a>\n\t<\/div>\n\t<div class=\"m-readMoreWidget__titleWrapper title-wrapper col-12 col-md-8\">\n\t\t<span class=\"m-readMoreWidget__titleLabel u-shortDecorLineBefore label hidden-sm-up\">Ez is \u00e9rdekelhet:<\/span>\n\t\t<h3 class=\"m-readMoreWidget__title title\">\n\t\t\t<a class=\"m-readMoreWidget__titleLink -secondFont u-bold u-upperCase\" href=\"https:\/\/www.startlap.hu\/utazas\/svajc-olcso-munkasnegyed-szolgaltatas-gazdagsag\/\" >Ilyen egy sv\u00e1jci &#8222;nyomornegyed&#8221; &#8211; olyan magas az \u00e9letsz\u00ednvonal, hogy a szer\u00e9nyebb v\u00e1rosr\u00e9szekben is sz\u00edvesen \u00e9ln\u00e9nk<\/a>\n\t\t<\/h3>\n\t\t<a class=\"m-readMoreWidget__btn -coloredBack u-tC link\" href=\"https:\/\/www.startlap.hu\/utazas\/svajc-olcso-munkasnegyed-szolgaltatas-gazdagsag\/\" >Elolvasom<\/a>\n\t<\/div>\n<\/div>\n<h2>B\u0171n\u00f6z\u0151kkel n\u00e9pes\u00edtett\u00e9k be<\/h2>\n<p>B\u00e1r a v\u00e1ros teljesen \u00faj volt, eleg\u00e1ns szerkezettel \u00e9s rendezett utcah\u00e1l\u00f3zattal, kezdetben senki sem akart ide k\u00f6lt\u00f6zni. 1622-ben Velence k\u00e9nytelen volt k\u00fcl\u00f6nleges int\u00e9zked\u00e9st hozni: kegyelmet adott bizonyos b\u0171n\u00f6z\u0151knek, \u00e9s ingyenes \u00e9p\u00edt\u00e9si telkeket aj\u00e1nlott fel nekik, ha v\u00e1llalj\u00e1k, hogy Palmanov\u00e1ban telepednek le. A<strong> v\u00e1ros alap\u00edt\u00f3i emellett k\u00e9zm\u0171veseket \u00e9s keresked\u0151ket is ide akartak cs\u00e1b\u00edtani, abban b\u00edzva, hogy jelenl\u00e9t\u00fck fellend\u00edti a gazdas\u00e1got, \u00e9s Palmanova fontos kereskedelmi \u00e9s termel\u00e9si k\u00f6zpontt\u00e1 v\u00e1lhat.<\/strong><\/p>\n<p>Ma m\u00e1r h\u00e9tk\u00f6znapi lakosok \u00e9lnek itt, \u00e9s a telep\u00fcl\u00e9s sok tekintetben egy \u00e1tlagos kisv\u00e1rosk\u00e9nt m\u0171k\u00f6dik. Ennek ellen\u00e9re a v\u00e1ros szerkezet\u00e9ben ma is j\u00f3l felismerhet\u0151 az eredeti, szigor\u00faan megtervezett koncepci\u00f3.<\/p>\n<h2>Szimmetrikus v\u00e1rostervez\u00e9s<\/h2>\n<p>Az er\u0151d\u00edtm\u00e9nyt rendk\u00edv\u00fcl prec\u00edzen tervezt\u00e9k meg. M\u00e1r a kezdetekt\u0151l egy szimmetrikus alaprajzra \u00e9p\u00fclt, amelyet az \u00e9p\u00edtkez\u00e9s k\u00e9s\u0151bbi szakaszaiban is k\u00f6vetkezetesen betartottak. Az utc\u00e1k \u00e9s h\u00e1zak elrendez\u00e9se egyszer\u0171 geometriai szab\u00e1lyok szerint t\u00f6rt\u00e9nt, \u00edgy az eg\u00e9sz v\u00e1ros \u00e1ttekinthet\u0151 \u00e9s rendezett maradt. A f\u0151utc\u00e1k 14 m\u00e9ter sz\u00e9lesek, ami a korszakban kifejezetten nagynak sz\u00e1m\u00edtott. Ez megk\u00f6nny\u00edtette a lakosok k\u00f6zleked\u00e9s\u00e9t, de a katonai egys\u00e9gek mozg\u00e1s\u00e1t \u00e9s az \u00e1rusz\u00e1ll\u00edt\u00e1st is.<\/p>\n<p><iframe loading=\"lazy\" width=\"750\" height=\"734\" frameborder=\"0\" src=\"https:\/\/www.facebook.com\/plugins\/video.php?href=https%3A%2F%2Fwww.facebook.com%2Freel%2F4109044162691727%2F&amp;width=750&amp;show_text=false&amp;height=734&amp;appId\"><\/iframe>&nbsp;<\/p>\n<h2>A f\u0151t\u00e9r hatsz\u00f6g alak\u00fa<\/h2>\n<p>Palmanova k\u00f6zpontj\u00e1ban tal\u00e1lhat\u00f3 <strong>a Piazza Grande, a v\u00e1ros f\u0151tere, amely szab\u00e1lyos hatsz\u00f6g alak\u00fa.<\/strong> Innen indulnak ki a legfontosabb utc\u00e1k, jellegzetes sug\u00e1rir\u00e1ny\u00fa h\u00e1l\u00f3zatot alkotva. A teret tizenegy szobor veszi k\u00f6r\u00fcl, amelyek az egykori er\u0151d \u0151reit \u00e9s parancsnokait \u00e1br\u00e1zolj\u00e1k. Az eg\u00e9sz v\u00e1rost rendk\u00edv\u00fcl szimmetrikusan tervezt\u00e9k: <strong>kilenc b\u00e1stya, kilenc ravellin \u00e9s kilenc lunetta alkotja az er\u0151d\u00edtm\u00e9nyrendszert,<\/strong> a k\u00f6zponti t\u00e9rb\u0151l pedig tizennyolc utca indul ki. Ez az elrendez\u00e9s nemcsak eszt\u00e9tikai szerepet t\u00f6lt\u00f6tt be, hanem a v\u00e9dekez\u00e9st is seg\u00edtette, valamint megk\u00f6nny\u00edtette a t\u00e1j\u00e9koz\u00f3d\u00e1st a v\u00e1rosban.<\/p>\n<blockquote class=\"article__extraTxt\"><p>A telep\u00fcl\u00e9sre h\u00e1rom kapun kereszt\u00fcl lehet bejutni, amelyek a k\u00f6zeli v\u00e1rosok fel\u00e9 vezet\u0151 utakr\u00f3l kapt\u00e1k a nev\u00fcket: Porta Udine, Porta Cividale \u00e9s Porta Aquileia.<\/p><\/blockquote>\n<p>Ezek a kapuk az er\u0151d\u00edtm\u00e9ny fontos elemei, \u00e9s p\u00e1rhuzamos elhelyezked\u00e9s\u00fcknek k\u00f6sz\u00f6nhet\u0151en k\u00f6nnyen tudt\u00e1k egym\u00e1st v\u00e9deni. Mindh\u00e1rom kapu szinte \u00e9rintetlen\u00fcl meg\u0151rizte eredeti szerkezet\u00e9t, \u00e9s ma is ezek jelentik az egyetlen bej\u00e1ratot a v\u00e1rosk\u00f6zpontba. Az \u00e9p\u00edt\u0151k azonban nem sz\u00e1moltak a 20. sz\u00e1zad intenz\u00edv forgalm\u00e1val \u00e9s a j\u00e1rm\u0171vek megn\u00f6vekedett m\u00e9ret\u00e9vel. Az egykor gyalogosok, lovasok \u00e9s szekerek sz\u00e1m\u00e1ra b\u0151ven elegend\u0151 \u00e1tj\u00e1r\u00f3k ma m\u00e1r t\u00fal sz\u0171kek a modern aut\u00f3k sz\u00e1m\u00e1ra, ez\u00e9rt a forgalom itt v\u00e1ltakoz\u00f3 ir\u00e1nyban halad, \u00e9s jelz\u0151l\u00e1mp\u00e1k szab\u00e1lyozz\u00e1k.<\/p>\n<p>Napjainkban valamivel t\u00f6bb mint \u00f6tezren \u00e9lnek Palmanov\u00e1ban. A v\u00e1ros nem nagy, egy nap alatt k\u00e9nyelmesen bej\u00e1rhat\u00f3. A telep\u00fcl\u00e9s szerepel az UNESCO vil\u00e1g\u00f6r\u00f6ks\u00e9gi list\u00e1j\u00e1n, csillag alak\u00fa utcah\u00e1l\u00f3zata pedig turist\u00e1kat \u00e9s \u00e9p\u00edt\u00e9szeti kutat\u00f3kat vonz a vil\u00e1g minden t\u00e1j\u00e1r\u00f3l.<\/p>\n<p><a href=\"https:\/\/www.onet.pl\/turystyka\/szaryburekpl\/miasto-idealne-naprawde-istnieje-nikt-nie-chcial-tu-mieszkac\/hf2rmh2,30bc1058\" target=\"_blank\" target=\"_blank\" rel=\"noopener\">via<\/a><\/p>\n<div class=\"o-widget m-readMoreWidget -readMore u-shortDecorLineAfter row widget-container _ce_measure_widget bigdata-widget read-more\" data-ce-measure-widget=\"olvass tov\u00e1bb\">\n\t<div class=\"m-readMoreWidget__imgWrapper image-wrapper col-12 col-md-4 no-p\">\n\t\t<a class=\"m-readMoreWidget__imgLink\" href=\"https:\/\/www.startlap.hu\/utazas\/ellyps-setany-lezaras-budapest\/\" >\n\t\t\t<img decoding=\"async\" src=\"https:\/\/www.startlap.hu\/utazas\/uploads\/sites\/3\/2026\/03\/setany_11zon-350x285.jpg\" class=\"m-readMoreWidget__img\">\n\t\t<\/a>\n\t<\/div>\n\t<div class=\"m-readMoreWidget__titleWrapper title-wrapper col-12 col-md-8\">\n\t\t<span class=\"m-readMoreWidget__titleLabel u-shortDecorLineBefore label hidden-sm-up\">Ez is \u00e9rdekelhet:<\/span>\n\t\t<h3 class=\"m-readMoreWidget__title title\">\n\t\t\t<a class=\"m-readMoreWidget__titleLink -secondFont u-bold u-upperCase\" href=\"https:\/\/www.startlap.hu\/utazas\/ellyps-setany-lezaras-budapest\/\" >Lez\u00e1rt\u00e1k az orsz\u00e1g legszebb s\u00e9t\u00e1ny\u00e1t, mag\u00e1nkert lett bel\u0151le<\/a>\n\t\t<\/h3>\n\t\t<a class=\"m-readMoreWidget__btn -coloredBack u-tC link\" href=\"https:\/\/www.startlap.hu\/utazas\/ellyps-setany-lezaras-budapest\/\" >Elolvasom<\/a>\n\t<\/div>\n<\/div>\n","protected":false},"excerpt":{"rendered":"<p>Az olasz Palmanova egy t\u00f6k\u00e9letes renesz\u00e1nsz v\u00e1roska, m\u00e9gis \u00e9vekig \u00fcresen \u00e1llt, am\u00edg azt\u00e1n v\u00e9g\u00fcl b\u0171n\u00f6z\u0151kkel t\u00f6lt\u00f6tt\u00e9k meg.<\/p>\n","protected":false},"author":64,"featured_media":104283,"comment_status":"closed","ping_status":"closed","sticky":false,"template":"","format":"standard","meta":{"footnotes":""},"categories":[70],"tags":[5146,15,210],"class_list":["post-104278","post","type-post","status-publish","format-standard","has-post-thumbnail","hentry","category-vilag","tag-kisvarosok","tag-olaszorszag","tag-tippek"],"aioseo_notices":[],"_links":{"self":[{"href":"https:\/\/www.startlap.hu\/utazas\/wp-json\/wp\/v2\/posts\/104278","targetHints":{"allow":["GET"]}}],"collection":[{"href":"https:\/\/www.startlap.hu\/utazas\/wp-json\/wp\/v2\/posts"}],"about":[{"href":"https:\/\/www.startlap.hu\/utazas\/wp-json\/wp\/v2\/types\/post"}],"author":[{"embeddable":true,"href":"https:\/\/www.startlap.hu\/utazas\/wp-json\/wp\/v2\/users\/64"}],"replies":[{"embeddable":true,"href":"https:\/\/www.startlap.hu\/utazas\/wp-json\/wp\/v2\/comments?post=104278"}],"version-history":[{"count":8,"href":"https:\/\/www.startlap.hu\/utazas\/wp-json\/wp\/v2\/posts\/104278\/revisions"}],"predecessor-version":[{"id":104302,"href":"https:\/\/www.startlap.hu\/utazas\/wp-json\/wp\/v2\/posts\/104278\/revisions\/104302"}],"wp:featuredmedia":[{"embeddable":true,"href":"https:\/\/www.startlap.hu\/utazas\/wp-json\/wp\/v2\/media\/104283"}],"wp:attachment":[{"href":"https:\/\/www.startlap.hu\/utazas\/wp-json\/wp\/v2\/media?parent=104278"}],"wp:term":[{"taxonomy":"category","embeddable":true,"href":"https:\/\/www.startlap.hu\/utazas\/wp-json\/wp\/v2\/categories?post=104278"},{"taxonomy":"post_tag","embeddable":true,"href":"https:\/\/www.startlap.hu\/utazas\/wp-json\/wp\/v2\/tags?post=104278"}],"curies":[{"name":"wp","href":"https:\/\/api.w.org\/{rel}","templated":true}]}}