{"id":104262,"date":"2026-03-10T19:14:28","date_gmt":"2026-03-10T18:14:28","guid":{"rendered":"https:\/\/www.startlap.hu\/utazas\/?p=104262"},"modified":"2026-03-10T19:15:12","modified_gmt":"2026-03-10T18:15:12","slug":"budapest-szallodaipar-fellendules","status":"publish","type":"post","link":"https:\/\/www.startlap.hu\/utazas\/budapest-szallodaipar-fellendules\/","title":{"rendered":"Budapesten sz\u00e1llodai szob\u00e1k ezrei ny\u00edlhatnak"},"content":{"rendered":"<p>V\u00e9gleg mag\u00e1ra tal\u00e1lt a budapesti turizmus: tavaly m\u00e1r t\u00f6bben aludtak a f\u0151v\u00e1rosi hotelekben, mint a vil\u00e1gj\u00e1rv\u00e1ny el\u0151tti cs\u00facs\u00e9vben &#8211; \u00edrja a <strong><a href=\"https:\/\/www.hirstart.hu\/site\/relocate.php?rssid=34&amp;rsspid=3&amp;ctype=rss&amp;id=44354303&amp;chk=4e7520a7abe96c0691a0cc29d246f88a&amp;url=https%3A%2F%2Fwww.portfolio.hu%2Fingatlan%2F20260309%2Felkepeszto-ami-a-magyar-fovarosban-zajlik-szallodai-szobak-ezrei-araszthatjak-el-a-piacot-823236%3Futm_source%3Dhirstart%26utm_medium%3Dportfolio_linkek%26utm_campaign%3Dhiraggregator\" target=\"_blank\" target=\"_blank\" rel=\"noopener\">Portfolio<\/a><\/strong>.<\/p>\n<div class=\"o-widget m-readMoreWidget -readMore u-shortDecorLineAfter row widget-container _ce_measure_widget bigdata-widget read-more\" data-ce-measure-widget=\"olvass tov\u00e1bb\">\n\t<div class=\"m-readMoreWidget__imgWrapper image-wrapper col-12 col-md-4 no-p\">\n\t\t<a class=\"m-readMoreWidget__imgLink\" href=\"https:\/\/www.startlap.hu\/utazas\/strand-kincsesbanya-megszunik\/\" >\n\t\t\t<img decoding=\"async\" src=\"https:\/\/www.startlap.hu\/utazas\/uploads\/sites\/3\/2026\/02\/GettyImages-914641336_11zon-350x285.jpg\" class=\"m-readMoreWidget__img\">\n\t\t<\/a>\n\t<\/div>\n\t<div class=\"m-readMoreWidget__titleWrapper title-wrapper col-12 col-md-8\">\n\t\t<span class=\"m-readMoreWidget__titleLabel u-shortDecorLineBefore label hidden-sm-up\">Ez is \u00e9rdekelhet:<\/span>\n\t\t<h3 class=\"m-readMoreWidget__title title\">\n\t\t\t<a class=\"m-readMoreWidget__titleLink -secondFont u-bold u-upperCase\" href=\"https:\/\/www.startlap.hu\/utazas\/strand-kincsesbanya-megszunik\/\" >Nyoma sem marad a strandnak az egyik legszebb nev\u0171 magyar telep\u00fcl\u00e9sen &#8211; egyszer\u0171en bet\u00f6mik a medenc\u00e9t!<\/a>\n\t\t<\/h3>\n\t\t<a class=\"m-readMoreWidget__btn -coloredBack u-tC link\" href=\"https:\/\/www.startlap.hu\/utazas\/strand-kincsesbanya-megszunik\/\" >Elolvasom<\/a>\n\t<\/div>\n<\/div>\n<p>A CBRE, a vil\u00e1g legnagyobb kereskedelmi ingatlanokkal foglalkoz\u00f3 v\u00e1llalat\u00e1nak adatai szerint k\u00f6zel <strong>10 milli\u00f3 vend\u00e9g\u00e9jszak\u00e1t regisztr\u00e1ltak<\/strong>, aminek a d\u00f6nt\u0151 t\u00f6bbs\u00e9g\u00e9t a k\u00fclf\u00f6ldi l\u00e1togat\u00f3k hozt\u00e1k \u00f6ssze.<\/p>\n<p><strong>Budapest ezzel az egyik leggyorsabban fejl\u0151d\u0151<\/strong> <strong><a href=\"https:\/\/www.startlap.hu\/utazas\/norvegia-sommaroy-sziget-ido\/\" target=\"_blank\" rel=\"noopener\">eur\u00f3pai<\/a><\/strong> \u00fatic\u00e9ll\u00e1 v\u00e1lt, megel\u0151zve olyan n\u00e9pszer\u0171 v\u00e1rosokat is, mint Firenze.&nbsp;<\/p>\n<h2>Irod\u00e1b\u00f3l hotel, vil\u00e1gm\u00e1rk\u00e1k a l\u00e1that\u00e1ron<\/h2>\n<p>A sz\u00e1llodaipar hatalmas \u00e9rdekl\u0151d\u00e9se \u00e9rezhet\u0151 az \u00e9p\u00edt\u0151iparon is. \u00c9rdekes trend, hogy egyre <strong>t\u00f6bb r\u00e9gi irodah\u00e1zat alak\u00edtanak<\/strong> \u00e1t modern hotelekk\u00e9.<\/p>\n<p><strong>Jelenleg is 15 nagy projekt van folyamatban<\/strong>, \u00edgy hamarosan t\u00f6bb ezer \u00faj szoba v\u00e1rja a turist\u00e1kat. Id\u00e9n \u00e9rkezik p\u00e9ld\u00e1ul a Kazinczy utc\u00e1ba a fiatalos Moxy, a Blaha Lujza t\u00e9rn\u00e9l pedig a patin\u00e1s <strong>Corvin Palace falai k\u00f6z\u00f6tt ny\u00edlik meg a Ruby Hotel<\/strong>.<\/p>\n<figure id=\"attachment_104264\" aria-describedby=\"caption-attachment-104264\" style=\"width: 755px\" class=\"wp-caption alignnone\"><img loading=\"lazy\" decoding=\"async\" class=\"size-article-size-large-image wp-image-104264\" src=\"https:\/\/www.startlap.hu\/utazas\/uploads\/sites\/3\/2026\/03\/bor_duna_budapest_-755x503.jpg\" alt=\"Egy poh\u00e1r bor, a Duna \u00e9s Budapest\" width=\"755\" height=\"503\" srcset=\"https:\/\/www.startlap.hu\/utazas\/uploads\/sites\/3\/2026\/03\/bor_duna_budapest_-755x503.jpg 755w, https:\/\/www.startlap.hu\/utazas\/uploads\/sites\/3\/2026\/03\/bor_duna_budapest_-525x350.jpg 525w, https:\/\/www.startlap.hu\/utazas\/uploads\/sites\/3\/2026\/03\/bor_duna_budapest_.jpg 1200w\" sizes=\"auto, (max-width: 755px) 100vw, 755px\" \/><figcaption id=\"caption-attachment-104264\" class=\"wp-caption-text\">Fel\u00edvel\u0151ben a budapesti sz\u00e1llodaipar &#8211; Fot\u00f3: Getty Images<\/figcaption><\/figure>\n<p>A j\u00f6v\u0151ben olyan luxusm\u00e1rk\u00e1k is visszat\u00e9rnek a v\u00e1rosba, mint a St. Regis vagy az SO\/.<\/p>\n<h2>\u00c1tmenetileg cs\u00f6kkenhetnek a szoba\u00e1rak Budapesten<\/h2>\n<p>Egy\u00e9rtelm\u0171en l\u00e1tszik, hogy a fel\u00faj\u00edt\u00e1sra szorul\u00f3, majd korszer\u0171s\u00edt\u00e9s vagy m\u00e1rkafriss\u00edt\u00e9s ut\u00e1n \u00fajrapozicion\u00e1lhat\u00f3 \u00e9p\u00fcletek ir\u00e1nt nagy a kereslet.<\/p>\n<p>Noha az \u00e1raz\u00e1si elk\u00e9pzel\u00e9sek m\u00e9g t\u00e1vol \u00e1llnak egym\u00e1st\u00f3l, hamarosan t\u00f6bb jelent\u0151s sz\u00e1lloda-ad\u00e1sv\u00e9tel realiz\u00e1l\u00f3dhat. Az \u00faj kapacit\u00e1sok bel\u00e9p\u00e9se <strong>\u00e1tmenetileg ugyan leszor\u00edthatja az \u00e1rakat<\/strong> \u00e9s a tel\u00edtetts\u00e9get, hosszabb t\u00e1von azonban a kereslet b\u0151v\u00fcl\u00e9se t\u00falmutat majd a k\u00edn\u00e1lati oldalon.<\/p>\n<p>A magyar f\u0151v\u00e1ros Eur\u00f3pa egyik legdinamikusabb turisztikai k\u00f6zpontja, ami komoly j\u00f6v\u0151beni lehet\u0151s\u00e9geket vet\u00edt el\u0151re.<\/p>\n<h2>V\u00e1ltoz\u00f3 szab\u00e1lyok: mi lesz az Airbnb-vel?<\/h2>\n<p>A VI. ker\u00fcleti tilt\u00e1s fenekest\u00fcl felforgatta a piacot: a kor\u00e1bbi 1800 mag\u00e1nsz\u00e1ll\u00e1shelyb\u0151l alig maradt \u00f6tsz\u00e1z a ker\u00fcletben.<\/p>\n<p>Ez a v\u00e1ltoz\u00e1s a \u00fajfajta sz\u00e1ll\u00e1shelyeknek kedvez, <strong>k\u00fcl\u00f6n\u00f6sen az \u00fagynevezett aparthoteleknek<\/strong>.<\/p>\n<p>Ezekben a vend\u00e9gek megkapj\u00e1k a lak\u00e1sok szabads\u00e1g\u00e1t (saj\u00e1t konyh\u00e1val), de a hotelek biztons\u00e1g\u00e1t \u00e9s digit\u00e1lis k\u00e9nyelm\u00e9t \u00e9lvezhetik.<\/p>\n<div class=\"o-widget m-readMoreWidget -readMore u-shortDecorLineAfter row widget-container _ce_measure_widget bigdata-widget read-more\" data-ce-measure-widget=\"olvass tov\u00e1bb\">\n\t<div class=\"m-readMoreWidget__imgWrapper image-wrapper col-12 col-md-4 no-p\">\n\t\t<a class=\"m-readMoreWidget__imgLink\" href=\"https:\/\/www.startlap.hu\/utazas\/iran-haboru-repulojegy-arak\/\" >\n\t\t\t<img decoding=\"async\" src=\"https:\/\/www.startlap.hu\/utazas\/uploads\/sites\/3\/2026\/03\/repulo_felho_-350x285.jpg\" class=\"m-readMoreWidget__img\">\n\t\t<\/a>\n\t<\/div>\n\t<div class=\"m-readMoreWidget__titleWrapper title-wrapper col-12 col-md-8\">\n\t\t<span class=\"m-readMoreWidget__titleLabel u-shortDecorLineBefore label hidden-sm-up\">Ez is \u00e9rdekelhet:<\/span>\n\t\t<h3 class=\"m-readMoreWidget__title title\">\n\t\t\t<a class=\"m-readMoreWidget__titleLink -secondFont u-bold u-upperCase\" href=\"https:\/\/www.startlap.hu\/utazas\/iran-haboru-repulojegy-arak\/\" >Elsz\u00e1lltak a rep\u00fcl\u0151jegy\u00e1rak: az olajv\u00e1ls\u00e1g miatt ak\u00e1r h\u00e9tszeres dr\u00e1gul\u00e1s sem kiz\u00e1rt<\/a>\n\t\t<\/h3>\n\t\t<a class=\"m-readMoreWidget__btn -coloredBack u-tC link\" href=\"https:\/\/www.startlap.hu\/utazas\/iran-haboru-repulojegy-arak\/\" >Elolvasom<\/a>\n\t<\/div>\n<\/div>\n","protected":false},"excerpt":{"rendered":"<p>Budapesten megd\u0151lt a turisztikai rekord, mik\u00f6zben szak\u00e9rt\u0151k szerint sorra alak\u00edtj\u00e1k \u00e1t az irodah\u00e1zakat hotelekk\u00e9, \u00e9s \u00e9rezhet\u0151v\u00e9 v\u00e1lt az Airbnb-tilt\u00e1s is.<\/p>\n","protected":false},"author":8,"featured_media":104264,"comment_status":"closed","ping_status":"closed","sticky":false,"template":"","format":"standard","meta":{"footnotes":""},"categories":[7],"tags":[23,1108,2778],"class_list":["post-104262","post","type-post","status-publish","format-standard","has-post-thumbnail","hentry","category-belfold-utazas","tag-budapest","tag-hotel","tag-szallodaipar"],"aioseo_notices":[],"_links":{"self":[{"href":"https:\/\/www.startlap.hu\/utazas\/wp-json\/wp\/v2\/posts\/104262","targetHints":{"allow":["GET"]}}],"collection":[{"href":"https:\/\/www.startlap.hu\/utazas\/wp-json\/wp\/v2\/posts"}],"about":[{"href":"https:\/\/www.startlap.hu\/utazas\/wp-json\/wp\/v2\/types\/post"}],"author":[{"embeddable":true,"href":"https:\/\/www.startlap.hu\/utazas\/wp-json\/wp\/v2\/users\/8"}],"replies":[{"embeddable":true,"href":"https:\/\/www.startlap.hu\/utazas\/wp-json\/wp\/v2\/comments?post=104262"}],"version-history":[{"count":6,"href":"https:\/\/www.startlap.hu\/utazas\/wp-json\/wp\/v2\/posts\/104262\/revisions"}],"predecessor-version":[{"id":104269,"href":"https:\/\/www.startlap.hu\/utazas\/wp-json\/wp\/v2\/posts\/104262\/revisions\/104269"}],"wp:featuredmedia":[{"embeddable":true,"href":"https:\/\/www.startlap.hu\/utazas\/wp-json\/wp\/v2\/media\/104264"}],"wp:attachment":[{"href":"https:\/\/www.startlap.hu\/utazas\/wp-json\/wp\/v2\/media?parent=104262"}],"wp:term":[{"taxonomy":"category","embeddable":true,"href":"https:\/\/www.startlap.hu\/utazas\/wp-json\/wp\/v2\/categories?post=104262"},{"taxonomy":"post_tag","embeddable":true,"href":"https:\/\/www.startlap.hu\/utazas\/wp-json\/wp\/v2\/tags?post=104262"}],"curies":[{"name":"wp","href":"https:\/\/api.w.org\/{rel}","templated":true}]}}